{"id":217743,"date":"2024-05-01T04:58:13","date_gmt":"2024-05-01T08:58:13","guid":{"rendered":"https:\/\/www.eldiario.net\/portal\/?p=217743"},"modified":"2024-05-01T04:58:13","modified_gmt":"2024-05-01T08:58:13","slug":"potosi-registra-48-fallecidos-en-trabajo-de-mina-este-ano","status":"publish","type":"post","link":"https:\/\/www.eldiario.net\/portal\/2024\/05\/01\/potosi-registra-48-fallecidos-en-trabajo-de-mina-este-ano\/","title":{"rendered":"Potos\u00ed registra 48 fallecidos en trabajo de mina este a\u00f1o"},"content":{"rendered":"<p>Con la muerte de un trabajador minero de 39 a\u00f1os de edad en un yacimiento de Tupiza, el departamento de Potos\u00ed ya suma 48 personas fallecidas en trabajo de mina durante este a\u00f1o 2024, inform\u00f3 el director de la fuerza anticrimen, Jos\u00e9 Luis Morales.<br \/>\nEn el \u00faltimo caso registrado el lunes, el minero de 39 a\u00f1os fue sorprendido por un planch\u00f3n, despu\u00e9s de tareas de perforaci\u00f3n en una mina del distrito 3 de Tupiza, report\u00f3 radio L\u00edder para la Red Erbol.<br \/>\nEl hombre fue llevado a un nosocomio cercano, pero ya no ten\u00eda signos vitales.<br \/>\nA la fecha, de los 48 fallecidos en trabajos de mina, 45 eran varones y tres eran mujeres, seg\u00fan el jefe policial. Tambi\u00e9n dentro de esta cifra se lamenta el deceso de un menor de edad.<br \/>\nEn hechos anteriores, el director de la Fuerza Especial de Lucha Contra el Crimen (Felcc), coronel Jos\u00e9 Luis Morales, inform\u00f3 que el s\u00e1bado 6 de abril, en la mina San Miguel, se ha procedido al levantamiento legal de tres fallecidos, todos varones. Aparentemente los trabajadores estaban realizando su ofrenda a la Pachamama con una qoa, en el interior del socav\u00f3n. En otro de los casos, en la mina Santa B\u00e1rbara, en Tupiza, otras tres personas murieron por intoxicaci\u00f3n por gases propios de la mina.<\/p>\n","protected":false},"excerpt":{"rendered":"<p>Con la muerte de un trabajador minero de 39 a\u00f1os de edad en un yacimiento de Tupiza, el departamento de Potos\u00ed ya suma 48 personas fallecidas en trabajo de mina durante este a\u00f1o 2024, inform\u00f3 el director de la fuerza anticrimen, Jos\u00e9 Luis Morales. En el \u00faltimo caso registrado el lunes, el minero de 39 [&hellip;]<\/p>\n","protected":false},"author":1,"featured_media":217744,"comment_status":"open","ping_status":"open","sticky":false,"template":"","format":"standard","meta":{"_acf_changed":false,"footnotes":""},"categories":[15],"tags":[],"class_list":["post-217743","post","type-post","status-publish","format-standard","has-post-thumbnail","category-portada"],"acf":{"antetitulo":"Seg\u00fan datos de la Polic\u00eda"},"yoast_head":"<!-- This site is optimized with the Yoast SEO plugin v28.4 - https:\/\/yoast.com\/product\/yoast-seo-wordpress\/ -->\n<title>Potos\u00ed registra 48 fallecidos en trabajo de mina este a\u00f1o - El Diario - Bolivia<\/title>\n<meta name=\"robots\" content=\"index, follow, max-snippet:-1, max-image-preview:large, max-video-preview:-1\" \/>\n<link rel=\"canonical\" href=\"https:\/\/www.eldiario.net\/portal\/2024\/05\/01\/potosi-registra-48-fallecidos-en-trabajo-de-mina-este-ano\/\" \/>\n<meta property=\"og:locale\" content=\"es_ES\" \/>\n<meta property=\"og:type\" content=\"article\" \/>\n<meta property=\"og:title\" content=\"Potos\u00ed registra 48 fallecidos en trabajo de mina este a\u00f1o - El Diario - Bolivia\" \/>\n<meta property=\"og:description\" content=\"Con la muerte de un trabajador minero de 39 a\u00f1os de edad en un yacimiento de Tupiza, el departamento de Potos\u00ed ya suma 48 personas fallecidas en trabajo de mina durante este a\u00f1o 2024, inform\u00f3 el director de la fuerza anticrimen, Jos\u00e9 Luis Morales. En el \u00faltimo caso registrado el lunes, el minero de 39 [&hellip;]\" \/>\n<meta property=\"og:url\" content=\"https:\/\/www.eldiario.net\/portal\/2024\/05\/01\/potosi-registra-48-fallecidos-en-trabajo-de-mina-este-ano\/\" \/>\n<meta property=\"og:site_name\" content=\"El Diario - Bolivia\" \/>\n<meta property=\"article:publisher\" content=\"https:\/\/www.facebook.com\/eldiario.bolivia\/\" \/>\n<meta property=\"article:published_time\" content=\"2024-05-01T08:58:13+00:00\" \/>\n<meta property=\"og:image\" content=\"https:\/\/www.eldiario.net\/portal\/wp-content\/uploads\/2024\/05\/WhatsApp-Image-2024-05-01-at-4.43.04-AM-1.jpeg\" \/>\n\t<meta property=\"og:image:width\" content=\"980\" \/>\n\t<meta property=\"og:image:height\" content=\"586\" \/>\n\t<meta property=\"og:image:type\" content=\"image\/jpeg\" \/>\n<meta name=\"author\" content=\"Jeanette\" \/>\n<meta name=\"twitter:card\" content=\"summary_large_image\" \/>\n<meta name=\"twitter:creator\" content=\"@eldiario_net\" \/>\n<meta name=\"twitter:site\" content=\"@eldiario_net\" \/>\n<meta name=\"twitter:label1\" content=\"Escrito por\" \/>\n\t<meta name=\"twitter:data1\" content=\"Jeanette\" \/>\n\t<meta name=\"twitter:label2\" content=\"Tiempo de lectura\" \/>\n\t<meta name=\"twitter:data2\" content=\"2 minutos\" \/>\n<script type=\"application\/ld+json\" class=\"yoast-schema-graph\">{\"@context\":\"https:\\\/\\\/schema.org\",\"@graph\":[{\"@type\":\"Article\",\"@id\":\"https:\\\/\\\/www.eldiario.net\\\/portal\\\/2024\\\/05\\\/01\\\/potosi-registra-48-fallecidos-en-trabajo-de-mina-este-ano\\\/#article\",\"isPartOf\":{\"@id\":\"https:\\\/\\\/www.eldiario.net\\\/portal\\\/2024\\\/05\\\/01\\\/potosi-registra-48-fallecidos-en-trabajo-de-mina-este-ano\\\/\"},\"author\":{\"name\":\"Jeanette\",\"@id\":\"https:\\\/\\\/www.eldiario.net\\\/portal\\\/#\\\/schema\\\/person\\\/2c57cf2b7a7ae032e449e4c9b1019eac\"},\"headline\":\"Potos\u00ed registra 48 fallecidos en trabajo de mina este a\u00f1o\",\"datePublished\":\"2024-05-01T08:58:13+00:00\",\"mainEntityOfPage\":{\"@id\":\"https:\\\/\\\/www.eldiario.net\\\/portal\\\/2024\\\/05\\\/01\\\/potosi-registra-48-fallecidos-en-trabajo-de-mina-este-ano\\\/\"},\"wordCount\":231,\"commentCount\":0,\"publisher\":{\"@id\":\"https:\\\/\\\/www.eldiario.net\\\/portal\\\/#organization\"},\"image\":{\"@id\":\"https:\\\/\\\/www.eldiario.net\\\/portal\\\/2024\\\/05\\\/01\\\/potosi-registra-48-fallecidos-en-trabajo-de-mina-este-ano\\\/#primaryimage\"},\"thumbnailUrl\":\"https:\\\/\\\/www.eldiario.net\\\/portal\\\/wp-content\\\/uploads\\\/2024\\\/05\\\/WhatsApp-Image-2024-05-01-at-4.43.04-AM-1.jpeg\",\"articleSection\":[\"Portada\"],\"inLanguage\":\"es\",\"potentialAction\":[{\"@type\":\"CommentAction\",\"name\":\"Comment\",\"target\":[\"https:\\\/\\\/www.eldiario.net\\\/portal\\\/2024\\\/05\\\/01\\\/potosi-registra-48-fallecidos-en-trabajo-de-mina-este-ano\\\/#respond\"]}]},{\"@type\":\"WebPage\",\"@id\":\"https:\\\/\\\/www.eldiario.net\\\/portal\\\/2024\\\/05\\\/01\\\/potosi-registra-48-fallecidos-en-trabajo-de-mina-este-ano\\\/\",\"url\":\"https:\\\/\\\/www.eldiario.net\\\/portal\\\/2024\\\/05\\\/01\\\/potosi-registra-48-fallecidos-en-trabajo-de-mina-este-ano\\\/\",\"name\":\"Potos\u00ed registra 48 fallecidos en trabajo de mina este a\u00f1o - El Diario - Bolivia\",\"isPartOf\":{\"@id\":\"https:\\\/\\\/www.eldiario.net\\\/portal\\\/#website\"},\"primaryImageOfPage\":{\"@id\":\"https:\\\/\\\/www.eldiario.net\\\/portal\\\/2024\\\/05\\\/01\\\/potosi-registra-48-fallecidos-en-trabajo-de-mina-este-ano\\\/#primaryimage\"},\"image\":{\"@id\":\"https:\\\/\\\/www.eldiario.net\\\/portal\\\/2024\\\/05\\\/01\\\/potosi-registra-48-fallecidos-en-trabajo-de-mina-este-ano\\\/#primaryimage\"},\"thumbnailUrl\":\"https:\\\/\\\/www.eldiario.net\\\/portal\\\/wp-content\\\/uploads\\\/2024\\\/05\\\/WhatsApp-Image-2024-05-01-at-4.43.04-AM-1.jpeg\",\"datePublished\":\"2024-05-01T08:58:13+00:00\",\"breadcrumb\":{\"@id\":\"https:\\\/\\\/www.eldiario.net\\\/portal\\\/2024\\\/05\\\/01\\\/potosi-registra-48-fallecidos-en-trabajo-de-mina-este-ano\\\/#breadcrumb\"},\"inLanguage\":\"es\",\"potentialAction\":[{\"@type\":\"ReadAction\",\"target\":[\"https:\\\/\\\/www.eldiario.net\\\/portal\\\/2024\\\/05\\\/01\\\/potosi-registra-48-fallecidos-en-trabajo-de-mina-este-ano\\\/\"]}]},{\"@type\":\"ImageObject\",\"inLanguage\":\"es\",\"@id\":\"https:\\\/\\\/www.eldiario.net\\\/portal\\\/2024\\\/05\\\/01\\\/potosi-registra-48-fallecidos-en-trabajo-de-mina-este-ano\\\/#primaryimage\",\"url\":\"https:\\\/\\\/www.eldiario.net\\\/portal\\\/wp-content\\\/uploads\\\/2024\\\/05\\\/WhatsApp-Image-2024-05-01-at-4.43.04-AM-1.jpeg\",\"contentUrl\":\"https:\\\/\\\/www.eldiario.net\\\/portal\\\/wp-content\\\/uploads\\\/2024\\\/05\\\/WhatsApp-Image-2024-05-01-at-4.43.04-AM-1.jpeg\",\"width\":980,\"height\":586,\"caption\":\"Trabajadores mineros en jornada laboral. CREDITO: El Potos\u00ed.\"},{\"@type\":\"BreadcrumbList\",\"@id\":\"https:\\\/\\\/www.eldiario.net\\\/portal\\\/2024\\\/05\\\/01\\\/potosi-registra-48-fallecidos-en-trabajo-de-mina-este-ano\\\/#breadcrumb\",\"itemListElement\":[{\"@type\":\"ListItem\",\"position\":1,\"name\":\"Portada\",\"item\":\"https:\\\/\\\/www.eldiario.net\\\/portal\\\/\"},{\"@type\":\"ListItem\",\"position\":2,\"name\":\"Potos\u00ed registra 48 fallecidos en trabajo de mina este a\u00f1o\"}]},{\"@type\":\"WebSite\",\"@id\":\"https:\\\/\\\/www.eldiario.net\\\/portal\\\/#website\",\"url\":\"https:\\\/\\\/www.eldiario.net\\\/portal\\\/\",\"name\":\"El Diario - Decano de la prensa nacional\",\"description\":\"El Diario - Decano de la prensa nacional\",\"publisher\":{\"@id\":\"https:\\\/\\\/www.eldiario.net\\\/portal\\\/#organization\"},\"potentialAction\":[{\"@type\":\"SearchAction\",\"target\":{\"@type\":\"EntryPoint\",\"urlTemplate\":\"https:\\\/\\\/www.eldiario.net\\\/portal\\\/?s={search_term_string}\"},\"query-input\":{\"@type\":\"PropertyValueSpecification\",\"valueRequired\":true,\"valueName\":\"search_term_string\"}}],\"inLanguage\":\"es\"},{\"@type\":\"Organization\",\"@id\":\"https:\\\/\\\/www.eldiario.net\\\/portal\\\/#organization\",\"name\":\"El Diario - Decano de la prensa nacional\",\"url\":\"https:\\\/\\\/www.eldiario.net\\\/portal\\\/\",\"logo\":{\"@type\":\"ImageObject\",\"inLanguage\":\"es\",\"@id\":\"https:\\\/\\\/www.eldiario.net\\\/portal\\\/#\\\/schema\\\/logo\\\/image\\\/\",\"url\":\"https:\\\/\\\/www.eldiario.net\\\/portal\\\/wp-content\\\/uploads\\\/2023\\\/07\\\/logo_ED.jpg\",\"contentUrl\":\"https:\\\/\\\/www.eldiario.net\\\/portal\\\/wp-content\\\/uploads\\\/2023\\\/07\\\/logo_ED.jpg\",\"width\":272,\"height\":52,\"caption\":\"El Diario - Decano de la prensa nacional\"},\"image\":{\"@id\":\"https:\\\/\\\/www.eldiario.net\\\/portal\\\/#\\\/schema\\\/logo\\\/image\\\/\"},\"sameAs\":[\"https:\\\/\\\/www.facebook.com\\\/eldiario.bolivia\\\/\",\"https:\\\/\\\/x.com\\\/eldiario_net\"]},{\"@type\":\"Person\",\"@id\":\"https:\\\/\\\/www.eldiario.net\\\/portal\\\/#\\\/schema\\\/person\\\/2c57cf2b7a7ae032e449e4c9b1019eac\",\"name\":\"Jeanette\",\"image\":{\"@type\":\"ImageObject\",\"inLanguage\":\"es\",\"@id\":\"https:\\\/\\\/secure.gravatar.com\\\/avatar\\\/3ea2118a5f7dad2b7138b1187a6b7ee55f160b9968b66013c3a3ef39dd7e5798?s=96&d=mm&r=g\",\"url\":\"https:\\\/\\\/secure.gravatar.com\\\/avatar\\\/3ea2118a5f7dad2b7138b1187a6b7ee55f160b9968b66013c3a3ef39dd7e5798?s=96&d=mm&r=g\",\"contentUrl\":\"https:\\\/\\\/secure.gravatar.com\\\/avatar\\\/3ea2118a5f7dad2b7138b1187a6b7ee55f160b9968b66013c3a3ef39dd7e5798?s=96&d=mm&r=g\",\"caption\":\"Jeanette\"},\"sameAs\":[\"https:\\\/\\\/www.eldiario.net\\\/portal\"],\"url\":\"https:\\\/\\\/www.eldiario.net\\\/portal\\\/author\\\/jeanette\\\/\"}]}<\/script>\n<!-- \/ Yoast SEO plugin. -->","yoast_head_json":{"title":"Potos\u00ed registra 48 fallecidos en trabajo de mina este a\u00f1o - El Diario - Bolivia","robots":{"index":"index","follow":"follow","max-snippet":"max-snippet:-1","max-image-preview":"max-image-preview:large","max-video-preview":"max-video-preview:-1"},"canonical":"https:\/\/www.eldiario.net\/portal\/2024\/05\/01\/potosi-registra-48-fallecidos-en-trabajo-de-mina-este-ano\/","og_locale":"es_ES","og_type":"article","og_title":"Potos\u00ed registra 48 fallecidos en trabajo de mina este a\u00f1o - El Diario - Bolivia","og_description":"Con la muerte de un trabajador minero de 39 a\u00f1os de edad en un yacimiento de Tupiza, el departamento de Potos\u00ed ya suma 48 personas fallecidas en trabajo de mina durante este a\u00f1o 2024, inform\u00f3 el director de la fuerza anticrimen, Jos\u00e9 Luis Morales. En el \u00faltimo caso registrado el lunes, el minero de 39 [&hellip;]","og_url":"https:\/\/www.eldiario.net\/portal\/2024\/05\/01\/potosi-registra-48-fallecidos-en-trabajo-de-mina-este-ano\/","og_site_name":"El Diario - Bolivia","article_publisher":"https:\/\/www.facebook.com\/eldiario.bolivia\/","article_published_time":"2024-05-01T08:58:13+00:00","og_image":[{"width":980,"height":586,"url":"https:\/\/www.eldiario.net\/portal\/wp-content\/uploads\/2024\/05\/WhatsApp-Image-2024-05-01-at-4.43.04-AM-1.jpeg","type":"image\/jpeg"}],"author":"Jeanette","twitter_card":"summary_large_image","twitter_creator":"@eldiario_net","twitter_site":"@eldiario_net","twitter_misc":{"Escrito por":"Jeanette","Tiempo de lectura":"2 minutos"},"schema":{"@context":"https:\/\/schema.org","@graph":[{"@type":"Article","@id":"https:\/\/www.eldiario.net\/portal\/2024\/05\/01\/potosi-registra-48-fallecidos-en-trabajo-de-mina-este-ano\/#article","isPartOf":{"@id":"https:\/\/www.eldiario.net\/portal\/2024\/05\/01\/potosi-registra-48-fallecidos-en-trabajo-de-mina-este-ano\/"},"author":{"name":"Jeanette","@id":"https:\/\/www.eldiario.net\/portal\/#\/schema\/person\/2c57cf2b7a7ae032e449e4c9b1019eac"},"headline":"Potos\u00ed registra 48 fallecidos en trabajo de mina este a\u00f1o","datePublished":"2024-05-01T08:58:13+00:00","mainEntityOfPage":{"@id":"https:\/\/www.eldiario.net\/portal\/2024\/05\/01\/potosi-registra-48-fallecidos-en-trabajo-de-mina-este-ano\/"},"wordCount":231,"commentCount":0,"publisher":{"@id":"https:\/\/www.eldiario.net\/portal\/#organization"},"image":{"@id":"https:\/\/www.eldiario.net\/portal\/2024\/05\/01\/potosi-registra-48-fallecidos-en-trabajo-de-mina-este-ano\/#primaryimage"},"thumbnailUrl":"https:\/\/www.eldiario.net\/portal\/wp-content\/uploads\/2024\/05\/WhatsApp-Image-2024-05-01-at-4.43.04-AM-1.jpeg","articleSection":["Portada"],"inLanguage":"es","potentialAction":[{"@type":"CommentAction","name":"Comment","target":["https:\/\/www.eldiario.net\/portal\/2024\/05\/01\/potosi-registra-48-fallecidos-en-trabajo-de-mina-este-ano\/#respond"]}]},{"@type":"WebPage","@id":"https:\/\/www.eldiario.net\/portal\/2024\/05\/01\/potosi-registra-48-fallecidos-en-trabajo-de-mina-este-ano\/","url":"https:\/\/www.eldiario.net\/portal\/2024\/05\/01\/potosi-registra-48-fallecidos-en-trabajo-de-mina-este-ano\/","name":"Potos\u00ed registra 48 fallecidos en trabajo de mina este a\u00f1o - El Diario - Bolivia","isPartOf":{"@id":"https:\/\/www.eldiario.net\/portal\/#website"},"primaryImageOfPage":{"@id":"https:\/\/www.eldiario.net\/portal\/2024\/05\/01\/potosi-registra-48-fallecidos-en-trabajo-de-mina-este-ano\/#primaryimage"},"image":{"@id":"https:\/\/www.eldiario.net\/portal\/2024\/05\/01\/potosi-registra-48-fallecidos-en-trabajo-de-mina-este-ano\/#primaryimage"},"thumbnailUrl":"https:\/\/www.eldiario.net\/portal\/wp-content\/uploads\/2024\/05\/WhatsApp-Image-2024-05-01-at-4.43.04-AM-1.jpeg","datePublished":"2024-05-01T08:58:13+00:00","breadcrumb":{"@id":"https:\/\/www.eldiario.net\/portal\/2024\/05\/01\/potosi-registra-48-fallecidos-en-trabajo-de-mina-este-ano\/#breadcrumb"},"inLanguage":"es","potentialAction":[{"@type":"ReadAction","target":["https:\/\/www.eldiario.net\/portal\/2024\/05\/01\/potosi-registra-48-fallecidos-en-trabajo-de-mina-este-ano\/"]}]},{"@type":"ImageObject","inLanguage":"es","@id":"https:\/\/www.eldiario.net\/portal\/2024\/05\/01\/potosi-registra-48-fallecidos-en-trabajo-de-mina-este-ano\/#primaryimage","url":"https:\/\/www.eldiario.net\/portal\/wp-content\/uploads\/2024\/05\/WhatsApp-Image-2024-05-01-at-4.43.04-AM-1.jpeg","contentUrl":"https:\/\/www.eldiario.net\/portal\/wp-content\/uploads\/2024\/05\/WhatsApp-Image-2024-05-01-at-4.43.04-AM-1.jpeg","width":980,"height":586,"caption":"Trabajadores mineros en jornada laboral. CREDITO: El Potos\u00ed."},{"@type":"BreadcrumbList","@id":"https:\/\/www.eldiario.net\/portal\/2024\/05\/01\/potosi-registra-48-fallecidos-en-trabajo-de-mina-este-ano\/#breadcrumb","itemListElement":[{"@type":"ListItem","position":1,"name":"Portada","item":"https:\/\/www.eldiario.net\/portal\/"},{"@type":"ListItem","position":2,"name":"Potos\u00ed registra 48 fallecidos en trabajo de mina este a\u00f1o"}]},{"@type":"WebSite","@id":"https:\/\/www.eldiario.net\/portal\/#website","url":"https:\/\/www.eldiario.net\/portal\/","name":"El Diario - Decano de la prensa nacional","description":"El Diario - Decano de la prensa nacional","publisher":{"@id":"https:\/\/www.eldiario.net\/portal\/#organization"},"potentialAction":[{"@type":"SearchAction","target":{"@type":"EntryPoint","urlTemplate":"https:\/\/www.eldiario.net\/portal\/?s={search_term_string}"},"query-input":{"@type":"PropertyValueSpecification","valueRequired":true,"valueName":"search_term_string"}}],"inLanguage":"es"},{"@type":"Organization","@id":"https:\/\/www.eldiario.net\/portal\/#organization","name":"El Diario - Decano de la prensa nacional","url":"https:\/\/www.eldiario.net\/portal\/","logo":{"@type":"ImageObject","inLanguage":"es","@id":"https:\/\/www.eldiario.net\/portal\/#\/schema\/logo\/image\/","url":"https:\/\/www.eldiario.net\/portal\/wp-content\/uploads\/2023\/07\/logo_ED.jpg","contentUrl":"https:\/\/www.eldiario.net\/portal\/wp-content\/uploads\/2023\/07\/logo_ED.jpg","width":272,"height":52,"caption":"El Diario - Decano de la prensa nacional"},"image":{"@id":"https:\/\/www.eldiario.net\/portal\/#\/schema\/logo\/image\/"},"sameAs":["https:\/\/www.facebook.com\/eldiario.bolivia\/","https:\/\/x.com\/eldiario_net"]},{"@type":"Person","@id":"https:\/\/www.eldiario.net\/portal\/#\/schema\/person\/2c57cf2b7a7ae032e449e4c9b1019eac","name":"Jeanette","image":{"@type":"ImageObject","inLanguage":"es","@id":"https:\/\/secure.gravatar.com\/avatar\/3ea2118a5f7dad2b7138b1187a6b7ee55f160b9968b66013c3a3ef39dd7e5798?s=96&d=mm&r=g","url":"https:\/\/secure.gravatar.com\/avatar\/3ea2118a5f7dad2b7138b1187a6b7ee55f160b9968b66013c3a3ef39dd7e5798?s=96&d=mm&r=g","contentUrl":"https:\/\/secure.gravatar.com\/avatar\/3ea2118a5f7dad2b7138b1187a6b7ee55f160b9968b66013c3a3ef39dd7e5798?s=96&d=mm&r=g","caption":"Jeanette"},"sameAs":["https:\/\/www.eldiario.net\/portal"],"url":"https:\/\/www.eldiario.net\/portal\/author\/jeanette\/"}]}},"_links":{"self":[{"href":"https:\/\/www.eldiario.net\/portal\/wp-json\/wp\/v2\/posts\/217743","targetHints":{"allow":["GET"]}}],"collection":[{"href":"https:\/\/www.eldiario.net\/portal\/wp-json\/wp\/v2\/posts"}],"about":[{"href":"https:\/\/www.eldiario.net\/portal\/wp-json\/wp\/v2\/types\/post"}],"author":[{"embeddable":true,"href":"https:\/\/www.eldiario.net\/portal\/wp-json\/wp\/v2\/users\/1"}],"replies":[{"embeddable":true,"href":"https:\/\/www.eldiario.net\/portal\/wp-json\/wp\/v2\/comments?post=217743"}],"version-history":[{"count":1,"href":"https:\/\/www.eldiario.net\/portal\/wp-json\/wp\/v2\/posts\/217743\/revisions"}],"predecessor-version":[{"id":217745,"href":"https:\/\/www.eldiario.net\/portal\/wp-json\/wp\/v2\/posts\/217743\/revisions\/217745"}],"wp:featuredmedia":[{"embeddable":true,"href":"https:\/\/www.eldiario.net\/portal\/wp-json\/wp\/v2\/media\/217744"}],"wp:attachment":[{"href":"https:\/\/www.eldiario.net\/portal\/wp-json\/wp\/v2\/media?parent=217743"}],"wp:term":[{"taxonomy":"category","embeddable":true,"href":"https:\/\/www.eldiario.net\/portal\/wp-json\/wp\/v2\/categories?post=217743"},{"taxonomy":"post_tag","embeddable":true,"href":"https:\/\/www.eldiario.net\/portal\/wp-json\/wp\/v2\/tags?post=217743"}],"curies":[{"name":"wp","href":"https:\/\/api.w.org\/{rel}","templated":true}]}}