{"id":217740,"date":"2024-05-01T04:56:55","date_gmt":"2024-05-01T08:56:55","guid":{"rendered":"https:\/\/www.eldiario.net\/portal\/?p=217740"},"modified":"2024-05-01T04:56:55","modified_gmt":"2024-05-01T08:56:55","slug":"mas-de-60-millones-de-personas-se-quedaran-sin-internet","status":"publish","type":"post","link":"https:\/\/www.eldiario.net\/portal\/2024\/05\/01\/mas-de-60-millones-de-personas-se-quedaran-sin-internet\/","title":{"rendered":"M\u00e1s de 60 millones  de personas se quedar\u00e1n sin internet"},"content":{"rendered":"<p>El internet se ha vuelto una herramienta imprescindible en la vida cotidiana, vital para la educaci\u00f3n, el trabajo, y el acceso a servicios como la atenci\u00f3n m\u00e9dica. La falta de acci\u00f3n legislativa pone en riesgo a casi uno de cada cinco hogares en el pa\u00eds, seg\u00fan datos del Censo de Estados Unidos.<br \/>\nEl fin del Programa de Conectividad Asequible (ACP) el 30 de abril, representa una amenaza inminente para el acceso a internet de millones de estadounidenses, especialmente para aquellos en situaciones econ\u00f3micas precarias.<br \/>\nEste programa, iniciado bajo la Ley de Inversi\u00f3n en Infraestructura y Empleo de 2021 con un fondo de 14.2 mil millones de d\u00f3lares, ofrec\u00eda cr\u00e9ditos mensuales de hasta 30 d\u00f3lares para hogares de bajos ingresos y hasta 75 d\u00f3lares para residentes en zonas rurales, facilitando el acceso a redes de alta velocidad.<br \/>\nEl fin del Programa de Conectividad Asequible afectar\u00e1 desproporcionadamente a grupos demogr\u00e1ficos vulnerables. Familias militares, habitantes de \u00e1reas rurales, y personas mayores ser\u00e1n algunos de los m\u00e1s perjudicados.<br \/>\nWired inform\u00f3 que la raz\u00f3n detr\u00e1s de la expiraci\u00f3n del ACP radic\u00f3 en la falta de financiamiento continuo por parte del Congreso, a pesar de los m\u00faltiples llamados de la administraci\u00f3n Biden y de grupos de defensa por renovar el programa.<br \/>\nEl fin del Programa de Conectividad Asequible (ACP) el 30 de abril, representa una amenaza inminente para el acceso a internet de millones de estadounidenses, especialmente para aquellos en situaciones econ\u00f3micas precarias. Este programa, iniciado bajo la Ley de Inversi\u00f3n en Infraestructura y Empleo de 2021 con un fondo de 14.2 mil millones de d\u00f3lares, ofrec\u00eda cr\u00e9ditos mensuales de hasta 30 d\u00f3lares para hogares de bajos ingresos y hasta 75 d\u00f3lares para residentes en zonas rurales, facilitando el acceso a redes de alta velocidad.<br \/>\nWired inform\u00f3 que la raz\u00f3n detr\u00e1s de la expiraci\u00f3n del ACP radic\u00f3 en la falta de financiamiento continuo por parte del Congreso, a pesar de los m\u00faltiples llamados de la administraci\u00f3n Biden y de grupos de defensa por renovar el programa.<br \/>\nCon m\u00e1s de 23 millones de hogares benefici\u00e1ndose desde su implementaci\u00f3n, el cese de este programa no solamente incrementar\u00e1 las facturas de internet, sino que tambi\u00e9n obligar\u00e1 a muchos a tomar decisiones dif\u00edciles entre pagar por el acceso a internet o cubrir otras necesidades b\u00e1sicas.<br \/>\n\u201cTendr\u00e9 que prescindir de Wi-Fi o tendr\u00e9 que idear otros medios para pagar por internet\u201d, dijo a CNN Walter Durham, un veterinario que reside en San Diego y que usaba el ahorro que le proporcionaba ACP para poder comer saludable.<br \/>\nCNN se\u00f1al\u00f3 que, en estados como Illinois, ciudadanos como Cindy Westman, quien depende del internet para gestionar los cuidados m\u00e9dicos de su hija con par\u00e1lisis cerebral y autismo, enfrentar\u00e1n dificultades a\u00fan mayores para mantenerse conectados. La situaci\u00f3n es similar para Cynthia George, una jubilada de 71 a\u00f1os en Florida, quien teme tener que elegir entre comprar alimentos o pagar por el servicio de internet.<br \/>\nAmbas representan solo dos de los cerca de 60 millones de estadounidenses que ser\u00e1n afectados por el fin de este programa, destacando el impacto particular en mayores de 50 a\u00f1os, militares en retiro y familias trabajadoras de bajos ingresos a lo largo del pa\u00eds.<br \/>\nLa conclusi\u00f3n del ACP tambi\u00e9n plantea serios cuestionamientos sobre el futuro de la brecha digital en Estados Unidos y las alternativas disponibles para aquellos afectados. Aunque programas como Lifeline de la Universal Service Administrative Company ofrecen ciertos subsidios, estos son considerablemente menores comparados con los beneficios del ACP.<br \/>\nLas declaraciones del secretario de prensa de la Casa Blanca y de varios legisladores demostraron la frustraci\u00f3n y el desacuerdo pol\u00edtico que rodea la extensi\u00f3n del programa, al mismo tiempo que resaltan la integralidad del ACP para mantener conectados a sectores vulnerables de la sociedad americana.<br \/>\n\u201cLa mayor\u00eda de las personas que se han inscrito en esto son de zonas rurales de Estados Unidos. La gente piensa que esto es algo que ayuda a la gente en distritos como el m\u00edo, que se encuentran en centros urbanos muy poblados y muy densos, pero el hecho es que [muchos] distritos electorales republicanos se est\u00e1n beneficiando de esto\u201d, dijo a CNN el representante dem\u00f3crata de Texas, Marc Veasey.<br \/>\n\u201cY entonces uno pensar\u00eda que realmente querr\u00edan dar un paso al frente por su propia gente. No lo est\u00e1n haciendo y es frustrante porque, como resultado, todos los distritos est\u00e1n sufriendo por ello\u201d, agreg\u00f3 el legislador.<\/p>\n","protected":false},"excerpt":{"rendered":"<p>El internet se ha vuelto una herramienta imprescindible en la vida cotidiana, vital para la educaci\u00f3n, el trabajo, y el acceso a servicios como la atenci\u00f3n m\u00e9dica. La falta de acci\u00f3n legislativa pone en riesgo a casi uno de cada cinco hogares en el pa\u00eds, seg\u00fan datos del Censo de Estados Unidos. El fin del [&hellip;]<\/p>\n","protected":false},"author":1,"featured_media":217741,"comment_status":"open","ping_status":"open","sticky":false,"template":"","format":"standard","meta":{"_acf_changed":false,"footnotes":""},"categories":[15],"tags":[],"class_list":["post-217740","post","type-post","status-publish","format-standard","has-post-thumbnail","category-portada"],"acf":{"antetitulo":"Crisis econ\u00f3mica"},"yoast_head":"<!-- This site is optimized with the Yoast SEO plugin v28.4 - https:\/\/yoast.com\/product\/yoast-seo-wordpress\/ -->\n<title>M\u00e1s de 60 millones de personas se quedar\u00e1n sin internet - El Diario - Bolivia<\/title>\n<meta name=\"robots\" content=\"index, follow, max-snippet:-1, max-image-preview:large, max-video-preview:-1\" \/>\n<link rel=\"canonical\" href=\"https:\/\/www.eldiario.net\/portal\/2024\/05\/01\/mas-de-60-millones-de-personas-se-quedaran-sin-internet\/\" \/>\n<meta property=\"og:locale\" content=\"es_ES\" \/>\n<meta property=\"og:type\" content=\"article\" \/>\n<meta property=\"og:title\" content=\"M\u00e1s de 60 millones de personas se quedar\u00e1n sin internet - El Diario - Bolivia\" \/>\n<meta property=\"og:description\" content=\"El internet se ha vuelto una herramienta imprescindible en la vida cotidiana, vital para la educaci\u00f3n, el trabajo, y el acceso a servicios como la atenci\u00f3n m\u00e9dica. La falta de acci\u00f3n legislativa pone en riesgo a casi uno de cada cinco hogares en el pa\u00eds, seg\u00fan datos del Censo de Estados Unidos. El fin del [&hellip;]\" \/>\n<meta property=\"og:url\" content=\"https:\/\/www.eldiario.net\/portal\/2024\/05\/01\/mas-de-60-millones-de-personas-se-quedaran-sin-internet\/\" \/>\n<meta property=\"og:site_name\" content=\"El Diario - Bolivia\" \/>\n<meta property=\"article:publisher\" content=\"https:\/\/www.facebook.com\/eldiario.bolivia\/\" \/>\n<meta property=\"article:published_time\" content=\"2024-05-01T08:56:55+00:00\" \/>\n<meta property=\"og:image\" content=\"https:\/\/www.eldiario.net\/portal\/wp-content\/uploads\/2024\/05\/WhatsApp-Image-2024-05-01-at-4.43.05-AM.jpeg\" \/>\n\t<meta property=\"og:image:width\" content=\"768\" \/>\n\t<meta property=\"og:image:height\" content=\"432\" \/>\n\t<meta property=\"og:image:type\" content=\"image\/jpeg\" \/>\n<meta name=\"author\" content=\"Jeanette\" \/>\n<meta name=\"twitter:card\" content=\"summary_large_image\" \/>\n<meta name=\"twitter:creator\" content=\"@eldiario_net\" \/>\n<meta name=\"twitter:site\" content=\"@eldiario_net\" \/>\n<meta name=\"twitter:label1\" content=\"Escrito por\" \/>\n\t<meta name=\"twitter:data1\" content=\"Jeanette\" \/>\n\t<meta name=\"twitter:label2\" content=\"Tiempo de lectura\" \/>\n\t<meta name=\"twitter:data2\" content=\"4 minutos\" \/>\n<script type=\"application\/ld+json\" class=\"yoast-schema-graph\">{\"@context\":\"https:\\\/\\\/schema.org\",\"@graph\":[{\"@type\":\"Article\",\"@id\":\"https:\\\/\\\/www.eldiario.net\\\/portal\\\/2024\\\/05\\\/01\\\/mas-de-60-millones-de-personas-se-quedaran-sin-internet\\\/#article\",\"isPartOf\":{\"@id\":\"https:\\\/\\\/www.eldiario.net\\\/portal\\\/2024\\\/05\\\/01\\\/mas-de-60-millones-de-personas-se-quedaran-sin-internet\\\/\"},\"author\":{\"name\":\"Jeanette\",\"@id\":\"https:\\\/\\\/www.eldiario.net\\\/portal\\\/#\\\/schema\\\/person\\\/2c57cf2b7a7ae032e449e4c9b1019eac\"},\"headline\":\"M\u00e1s de 60 millones de personas se quedar\u00e1n sin internet\",\"datePublished\":\"2024-05-01T08:56:55+00:00\",\"mainEntityOfPage\":{\"@id\":\"https:\\\/\\\/www.eldiario.net\\\/portal\\\/2024\\\/05\\\/01\\\/mas-de-60-millones-de-personas-se-quedaran-sin-internet\\\/\"},\"wordCount\":782,\"commentCount\":0,\"publisher\":{\"@id\":\"https:\\\/\\\/www.eldiario.net\\\/portal\\\/#organization\"},\"image\":{\"@id\":\"https:\\\/\\\/www.eldiario.net\\\/portal\\\/2024\\\/05\\\/01\\\/mas-de-60-millones-de-personas-se-quedaran-sin-internet\\\/#primaryimage\"},\"thumbnailUrl\":\"https:\\\/\\\/www.eldiario.net\\\/portal\\\/wp-content\\\/uploads\\\/2024\\\/05\\\/WhatsApp-Image-2024-05-01-at-4.43.05-AM.jpeg\",\"articleSection\":[\"Portada\"],\"inLanguage\":\"es\",\"potentialAction\":[{\"@type\":\"CommentAction\",\"name\":\"Comment\",\"target\":[\"https:\\\/\\\/www.eldiario.net\\\/portal\\\/2024\\\/05\\\/01\\\/mas-de-60-millones-de-personas-se-quedaran-sin-internet\\\/#respond\"]}]},{\"@type\":\"WebPage\",\"@id\":\"https:\\\/\\\/www.eldiario.net\\\/portal\\\/2024\\\/05\\\/01\\\/mas-de-60-millones-de-personas-se-quedaran-sin-internet\\\/\",\"url\":\"https:\\\/\\\/www.eldiario.net\\\/portal\\\/2024\\\/05\\\/01\\\/mas-de-60-millones-de-personas-se-quedaran-sin-internet\\\/\",\"name\":\"M\u00e1s de 60 millones de personas se quedar\u00e1n sin internet - El Diario - Bolivia\",\"isPartOf\":{\"@id\":\"https:\\\/\\\/www.eldiario.net\\\/portal\\\/#website\"},\"primaryImageOfPage\":{\"@id\":\"https:\\\/\\\/www.eldiario.net\\\/portal\\\/2024\\\/05\\\/01\\\/mas-de-60-millones-de-personas-se-quedaran-sin-internet\\\/#primaryimage\"},\"image\":{\"@id\":\"https:\\\/\\\/www.eldiario.net\\\/portal\\\/2024\\\/05\\\/01\\\/mas-de-60-millones-de-personas-se-quedaran-sin-internet\\\/#primaryimage\"},\"thumbnailUrl\":\"https:\\\/\\\/www.eldiario.net\\\/portal\\\/wp-content\\\/uploads\\\/2024\\\/05\\\/WhatsApp-Image-2024-05-01-at-4.43.05-AM.jpeg\",\"datePublished\":\"2024-05-01T08:56:55+00:00\",\"breadcrumb\":{\"@id\":\"https:\\\/\\\/www.eldiario.net\\\/portal\\\/2024\\\/05\\\/01\\\/mas-de-60-millones-de-personas-se-quedaran-sin-internet\\\/#breadcrumb\"},\"inLanguage\":\"es\",\"potentialAction\":[{\"@type\":\"ReadAction\",\"target\":[\"https:\\\/\\\/www.eldiario.net\\\/portal\\\/2024\\\/05\\\/01\\\/mas-de-60-millones-de-personas-se-quedaran-sin-internet\\\/\"]}]},{\"@type\":\"ImageObject\",\"inLanguage\":\"es\",\"@id\":\"https:\\\/\\\/www.eldiario.net\\\/portal\\\/2024\\\/05\\\/01\\\/mas-de-60-millones-de-personas-se-quedaran-sin-internet\\\/#primaryimage\",\"url\":\"https:\\\/\\\/www.eldiario.net\\\/portal\\\/wp-content\\\/uploads\\\/2024\\\/05\\\/WhatsApp-Image-2024-05-01-at-4.43.05-AM.jpeg\",\"contentUrl\":\"https:\\\/\\\/www.eldiario.net\\\/portal\\\/wp-content\\\/uploads\\\/2024\\\/05\\\/WhatsApp-Image-2024-05-01-at-4.43.05-AM.jpeg\",\"width\":768,\"height\":432,\"caption\":\"Ante el fin del financiamiento federal para el ACP, la urgencia por encontrar medidas de apoyo para el acceso a internet se hace cr\u00edtica en todo el pa\u00eds. CREDITO: Imagen Illustrativa Infobae\"},{\"@type\":\"BreadcrumbList\",\"@id\":\"https:\\\/\\\/www.eldiario.net\\\/portal\\\/2024\\\/05\\\/01\\\/mas-de-60-millones-de-personas-se-quedaran-sin-internet\\\/#breadcrumb\",\"itemListElement\":[{\"@type\":\"ListItem\",\"position\":1,\"name\":\"Portada\",\"item\":\"https:\\\/\\\/www.eldiario.net\\\/portal\\\/\"},{\"@type\":\"ListItem\",\"position\":2,\"name\":\"M\u00e1s de 60 millones de personas se quedar\u00e1n sin internet\"}]},{\"@type\":\"WebSite\",\"@id\":\"https:\\\/\\\/www.eldiario.net\\\/portal\\\/#website\",\"url\":\"https:\\\/\\\/www.eldiario.net\\\/portal\\\/\",\"name\":\"El Diario - Decano de la prensa nacional\",\"description\":\"El Diario - Decano de la prensa nacional\",\"publisher\":{\"@id\":\"https:\\\/\\\/www.eldiario.net\\\/portal\\\/#organization\"},\"potentialAction\":[{\"@type\":\"SearchAction\",\"target\":{\"@type\":\"EntryPoint\",\"urlTemplate\":\"https:\\\/\\\/www.eldiario.net\\\/portal\\\/?s={search_term_string}\"},\"query-input\":{\"@type\":\"PropertyValueSpecification\",\"valueRequired\":true,\"valueName\":\"search_term_string\"}}],\"inLanguage\":\"es\"},{\"@type\":\"Organization\",\"@id\":\"https:\\\/\\\/www.eldiario.net\\\/portal\\\/#organization\",\"name\":\"El Diario - Decano de la prensa nacional\",\"url\":\"https:\\\/\\\/www.eldiario.net\\\/portal\\\/\",\"logo\":{\"@type\":\"ImageObject\",\"inLanguage\":\"es\",\"@id\":\"https:\\\/\\\/www.eldiario.net\\\/portal\\\/#\\\/schema\\\/logo\\\/image\\\/\",\"url\":\"https:\\\/\\\/www.eldiario.net\\\/portal\\\/wp-content\\\/uploads\\\/2023\\\/07\\\/logo_ED.jpg\",\"contentUrl\":\"https:\\\/\\\/www.eldiario.net\\\/portal\\\/wp-content\\\/uploads\\\/2023\\\/07\\\/logo_ED.jpg\",\"width\":272,\"height\":52,\"caption\":\"El Diario - Decano de la prensa nacional\"},\"image\":{\"@id\":\"https:\\\/\\\/www.eldiario.net\\\/portal\\\/#\\\/schema\\\/logo\\\/image\\\/\"},\"sameAs\":[\"https:\\\/\\\/www.facebook.com\\\/eldiario.bolivia\\\/\",\"https:\\\/\\\/x.com\\\/eldiario_net\"]},{\"@type\":\"Person\",\"@id\":\"https:\\\/\\\/www.eldiario.net\\\/portal\\\/#\\\/schema\\\/person\\\/2c57cf2b7a7ae032e449e4c9b1019eac\",\"name\":\"Jeanette\",\"image\":{\"@type\":\"ImageObject\",\"inLanguage\":\"es\",\"@id\":\"https:\\\/\\\/secure.gravatar.com\\\/avatar\\\/3ea2118a5f7dad2b7138b1187a6b7ee55f160b9968b66013c3a3ef39dd7e5798?s=96&d=mm&r=g\",\"url\":\"https:\\\/\\\/secure.gravatar.com\\\/avatar\\\/3ea2118a5f7dad2b7138b1187a6b7ee55f160b9968b66013c3a3ef39dd7e5798?s=96&d=mm&r=g\",\"contentUrl\":\"https:\\\/\\\/secure.gravatar.com\\\/avatar\\\/3ea2118a5f7dad2b7138b1187a6b7ee55f160b9968b66013c3a3ef39dd7e5798?s=96&d=mm&r=g\",\"caption\":\"Jeanette\"},\"sameAs\":[\"https:\\\/\\\/www.eldiario.net\\\/portal\"],\"url\":\"https:\\\/\\\/www.eldiario.net\\\/portal\\\/author\\\/jeanette\\\/\"}]}<\/script>\n<!-- \/ Yoast SEO plugin. -->","yoast_head_json":{"title":"M\u00e1s de 60 millones de personas se quedar\u00e1n sin internet - El Diario - Bolivia","robots":{"index":"index","follow":"follow","max-snippet":"max-snippet:-1","max-image-preview":"max-image-preview:large","max-video-preview":"max-video-preview:-1"},"canonical":"https:\/\/www.eldiario.net\/portal\/2024\/05\/01\/mas-de-60-millones-de-personas-se-quedaran-sin-internet\/","og_locale":"es_ES","og_type":"article","og_title":"M\u00e1s de 60 millones de personas se quedar\u00e1n sin internet - El Diario - Bolivia","og_description":"El internet se ha vuelto una herramienta imprescindible en la vida cotidiana, vital para la educaci\u00f3n, el trabajo, y el acceso a servicios como la atenci\u00f3n m\u00e9dica. La falta de acci\u00f3n legislativa pone en riesgo a casi uno de cada cinco hogares en el pa\u00eds, seg\u00fan datos del Censo de Estados Unidos. El fin del [&hellip;]","og_url":"https:\/\/www.eldiario.net\/portal\/2024\/05\/01\/mas-de-60-millones-de-personas-se-quedaran-sin-internet\/","og_site_name":"El Diario - Bolivia","article_publisher":"https:\/\/www.facebook.com\/eldiario.bolivia\/","article_published_time":"2024-05-01T08:56:55+00:00","og_image":[{"width":768,"height":432,"url":"https:\/\/www.eldiario.net\/portal\/wp-content\/uploads\/2024\/05\/WhatsApp-Image-2024-05-01-at-4.43.05-AM.jpeg","type":"image\/jpeg"}],"author":"Jeanette","twitter_card":"summary_large_image","twitter_creator":"@eldiario_net","twitter_site":"@eldiario_net","twitter_misc":{"Escrito por":"Jeanette","Tiempo de lectura":"4 minutos"},"schema":{"@context":"https:\/\/schema.org","@graph":[{"@type":"Article","@id":"https:\/\/www.eldiario.net\/portal\/2024\/05\/01\/mas-de-60-millones-de-personas-se-quedaran-sin-internet\/#article","isPartOf":{"@id":"https:\/\/www.eldiario.net\/portal\/2024\/05\/01\/mas-de-60-millones-de-personas-se-quedaran-sin-internet\/"},"author":{"name":"Jeanette","@id":"https:\/\/www.eldiario.net\/portal\/#\/schema\/person\/2c57cf2b7a7ae032e449e4c9b1019eac"},"headline":"M\u00e1s de 60 millones de personas se quedar\u00e1n sin internet","datePublished":"2024-05-01T08:56:55+00:00","mainEntityOfPage":{"@id":"https:\/\/www.eldiario.net\/portal\/2024\/05\/01\/mas-de-60-millones-de-personas-se-quedaran-sin-internet\/"},"wordCount":782,"commentCount":0,"publisher":{"@id":"https:\/\/www.eldiario.net\/portal\/#organization"},"image":{"@id":"https:\/\/www.eldiario.net\/portal\/2024\/05\/01\/mas-de-60-millones-de-personas-se-quedaran-sin-internet\/#primaryimage"},"thumbnailUrl":"https:\/\/www.eldiario.net\/portal\/wp-content\/uploads\/2024\/05\/WhatsApp-Image-2024-05-01-at-4.43.05-AM.jpeg","articleSection":["Portada"],"inLanguage":"es","potentialAction":[{"@type":"CommentAction","name":"Comment","target":["https:\/\/www.eldiario.net\/portal\/2024\/05\/01\/mas-de-60-millones-de-personas-se-quedaran-sin-internet\/#respond"]}]},{"@type":"WebPage","@id":"https:\/\/www.eldiario.net\/portal\/2024\/05\/01\/mas-de-60-millones-de-personas-se-quedaran-sin-internet\/","url":"https:\/\/www.eldiario.net\/portal\/2024\/05\/01\/mas-de-60-millones-de-personas-se-quedaran-sin-internet\/","name":"M\u00e1s de 60 millones de personas se quedar\u00e1n sin internet - El Diario - Bolivia","isPartOf":{"@id":"https:\/\/www.eldiario.net\/portal\/#website"},"primaryImageOfPage":{"@id":"https:\/\/www.eldiario.net\/portal\/2024\/05\/01\/mas-de-60-millones-de-personas-se-quedaran-sin-internet\/#primaryimage"},"image":{"@id":"https:\/\/www.eldiario.net\/portal\/2024\/05\/01\/mas-de-60-millones-de-personas-se-quedaran-sin-internet\/#primaryimage"},"thumbnailUrl":"https:\/\/www.eldiario.net\/portal\/wp-content\/uploads\/2024\/05\/WhatsApp-Image-2024-05-01-at-4.43.05-AM.jpeg","datePublished":"2024-05-01T08:56:55+00:00","breadcrumb":{"@id":"https:\/\/www.eldiario.net\/portal\/2024\/05\/01\/mas-de-60-millones-de-personas-se-quedaran-sin-internet\/#breadcrumb"},"inLanguage":"es","potentialAction":[{"@type":"ReadAction","target":["https:\/\/www.eldiario.net\/portal\/2024\/05\/01\/mas-de-60-millones-de-personas-se-quedaran-sin-internet\/"]}]},{"@type":"ImageObject","inLanguage":"es","@id":"https:\/\/www.eldiario.net\/portal\/2024\/05\/01\/mas-de-60-millones-de-personas-se-quedaran-sin-internet\/#primaryimage","url":"https:\/\/www.eldiario.net\/portal\/wp-content\/uploads\/2024\/05\/WhatsApp-Image-2024-05-01-at-4.43.05-AM.jpeg","contentUrl":"https:\/\/www.eldiario.net\/portal\/wp-content\/uploads\/2024\/05\/WhatsApp-Image-2024-05-01-at-4.43.05-AM.jpeg","width":768,"height":432,"caption":"Ante el fin del financiamiento federal para el ACP, la urgencia por encontrar medidas de apoyo para el acceso a internet se hace cr\u00edtica en todo el pa\u00eds. CREDITO: Imagen Illustrativa Infobae"},{"@type":"BreadcrumbList","@id":"https:\/\/www.eldiario.net\/portal\/2024\/05\/01\/mas-de-60-millones-de-personas-se-quedaran-sin-internet\/#breadcrumb","itemListElement":[{"@type":"ListItem","position":1,"name":"Portada","item":"https:\/\/www.eldiario.net\/portal\/"},{"@type":"ListItem","position":2,"name":"M\u00e1s de 60 millones de personas se quedar\u00e1n sin internet"}]},{"@type":"WebSite","@id":"https:\/\/www.eldiario.net\/portal\/#website","url":"https:\/\/www.eldiario.net\/portal\/","name":"El Diario - Decano de la prensa nacional","description":"El Diario - Decano de la prensa nacional","publisher":{"@id":"https:\/\/www.eldiario.net\/portal\/#organization"},"potentialAction":[{"@type":"SearchAction","target":{"@type":"EntryPoint","urlTemplate":"https:\/\/www.eldiario.net\/portal\/?s={search_term_string}"},"query-input":{"@type":"PropertyValueSpecification","valueRequired":true,"valueName":"search_term_string"}}],"inLanguage":"es"},{"@type":"Organization","@id":"https:\/\/www.eldiario.net\/portal\/#organization","name":"El Diario - Decano de la prensa nacional","url":"https:\/\/www.eldiario.net\/portal\/","logo":{"@type":"ImageObject","inLanguage":"es","@id":"https:\/\/www.eldiario.net\/portal\/#\/schema\/logo\/image\/","url":"https:\/\/www.eldiario.net\/portal\/wp-content\/uploads\/2023\/07\/logo_ED.jpg","contentUrl":"https:\/\/www.eldiario.net\/portal\/wp-content\/uploads\/2023\/07\/logo_ED.jpg","width":272,"height":52,"caption":"El Diario - Decano de la prensa nacional"},"image":{"@id":"https:\/\/www.eldiario.net\/portal\/#\/schema\/logo\/image\/"},"sameAs":["https:\/\/www.facebook.com\/eldiario.bolivia\/","https:\/\/x.com\/eldiario_net"]},{"@type":"Person","@id":"https:\/\/www.eldiario.net\/portal\/#\/schema\/person\/2c57cf2b7a7ae032e449e4c9b1019eac","name":"Jeanette","image":{"@type":"ImageObject","inLanguage":"es","@id":"https:\/\/secure.gravatar.com\/avatar\/3ea2118a5f7dad2b7138b1187a6b7ee55f160b9968b66013c3a3ef39dd7e5798?s=96&d=mm&r=g","url":"https:\/\/secure.gravatar.com\/avatar\/3ea2118a5f7dad2b7138b1187a6b7ee55f160b9968b66013c3a3ef39dd7e5798?s=96&d=mm&r=g","contentUrl":"https:\/\/secure.gravatar.com\/avatar\/3ea2118a5f7dad2b7138b1187a6b7ee55f160b9968b66013c3a3ef39dd7e5798?s=96&d=mm&r=g","caption":"Jeanette"},"sameAs":["https:\/\/www.eldiario.net\/portal"],"url":"https:\/\/www.eldiario.net\/portal\/author\/jeanette\/"}]}},"_links":{"self":[{"href":"https:\/\/www.eldiario.net\/portal\/wp-json\/wp\/v2\/posts\/217740","targetHints":{"allow":["GET"]}}],"collection":[{"href":"https:\/\/www.eldiario.net\/portal\/wp-json\/wp\/v2\/posts"}],"about":[{"href":"https:\/\/www.eldiario.net\/portal\/wp-json\/wp\/v2\/types\/post"}],"author":[{"embeddable":true,"href":"https:\/\/www.eldiario.net\/portal\/wp-json\/wp\/v2\/users\/1"}],"replies":[{"embeddable":true,"href":"https:\/\/www.eldiario.net\/portal\/wp-json\/wp\/v2\/comments?post=217740"}],"version-history":[{"count":1,"href":"https:\/\/www.eldiario.net\/portal\/wp-json\/wp\/v2\/posts\/217740\/revisions"}],"predecessor-version":[{"id":217742,"href":"https:\/\/www.eldiario.net\/portal\/wp-json\/wp\/v2\/posts\/217740\/revisions\/217742"}],"wp:featuredmedia":[{"embeddable":true,"href":"https:\/\/www.eldiario.net\/portal\/wp-json\/wp\/v2\/media\/217741"}],"wp:attachment":[{"href":"https:\/\/www.eldiario.net\/portal\/wp-json\/wp\/v2\/media?parent=217740"}],"wp:term":[{"taxonomy":"category","embeddable":true,"href":"https:\/\/www.eldiario.net\/portal\/wp-json\/wp\/v2\/categories?post=217740"},{"taxonomy":"post_tag","embeddable":true,"href":"https:\/\/www.eldiario.net\/portal\/wp-json\/wp\/v2\/tags?post=217740"}],"curies":[{"name":"wp","href":"https:\/\/api.w.org\/{rel}","templated":true}]}}