{"id":217238,"date":"2024-04-28T07:21:28","date_gmt":"2024-04-28T11:21:28","guid":{"rendered":"https:\/\/www.eldiario.net\/portal\/?p=217238"},"modified":"2024-04-28T07:21:28","modified_gmt":"2024-04-28T11:21:28","slug":"garfield-fuera-de-casa-la-sinopsis-la-produccion-y-fecha-de-estreno","status":"publish","type":"post","link":"https:\/\/www.eldiario.net\/portal\/2024\/04\/28\/garfield-fuera-de-casa-la-sinopsis-la-produccion-y-fecha-de-estreno\/","title":{"rendered":"\u201cGarfield: Fuera de Casa\u201d, la sinopsis, la producci\u00f3n y fecha de estreno"},"content":{"rendered":"<p>La comedia animada Garfield: Fuera de casa es basada en la tira c\u00f3mica de Jim Davis del mismo nombre, producida por Columbia Pictures en asociaci\u00f3n con Alcon Entertainment (en su primera pel\u00edcula animada), animada por DNEG Animation y distribuida por Sony Pictures Releasing. La pel\u00edcula est\u00e1 dirigida por Mark Dindal, a partir de un guion de Paul A. Kaplan, Mark Torgove y David Reynolds, y protagonizada por Chris Pratt como la voz del personaje principal, junto con las voces de Samuel L. Jackson, Nicholas Hoult, entre otros.<br \/>\nLa historia<br \/>\nEl mundialmente famoso Garfield, el gato casero que odia los lunes y que adora la lasa\u00f1a, est\u00e1 a punto de vivir una aventura \u00a1en el salvaje mundo exterior! Tras una inesperada reuni\u00f3n con su largamente perdido padre \u2013 el desali\u00f1ado gato callejero Vic \u2013 Garfield y su amigo canino Odie se ven forzados a abandonar sus perfectas y consentidas vidas al unirse a Vic en un hilarante y muy arriesgado atraco.<br \/>\nLa producci\u00f3n<br \/>\nSiete a\u00f1os despu\u00e9s de que expirara la licencia de 20th Century Fox en 2009, en mayo de 2016, comenz\u00f3 el desarrollo de una nueva pel\u00edcula animada por computadora de Garfield. Se anunci\u00f3 que Dindal dirigir\u00eda la pel\u00edcula en noviembre de 2018 y la producci\u00f3n comenzar\u00eda el mes siguiente. A pesar de que Viacom adquiri\u00f3 los derechos de Garfield en agosto de 2019, el proyecto a\u00fan estaba en producci\u00f3n, seg\u00fan Dindal en diciembre de 2020. En noviembre de 2021, Sony Pictures compr\u00f3 los derechos de distribuci\u00f3n de la pel\u00edcula, fuera de China, y Pratt fue elegido como Garfield, mientras que DNEG proporcionar\u00eda la animaci\u00f3n. El resto del elenco se uni\u00f3 en 2022, y se revel\u00f3 el t\u00edtulo oficial en septiembre de 2023. John Debney, colaborador frecuente de Dindal, compuso la partitura.<br \/>\nGarfield: Fuera de casa se estrenar\u00e1 el 2 de mayo de 2024 en los cines de Bolivia <\/p>\n","protected":false},"excerpt":{"rendered":"<p>La comedia animada Garfield: Fuera de casa es basada en la tira c\u00f3mica de Jim Davis del mismo nombre, producida por Columbia Pictures en asociaci\u00f3n con Alcon Entertainment (en su primera pel\u00edcula animada), animada por DNEG Animation y distribuida por Sony Pictures Releasing. La pel\u00edcula est\u00e1 dirigida por Mark Dindal, a partir de un guion [&hellip;]<\/p>\n","protected":false},"author":1,"featured_media":217239,"comment_status":"open","ping_status":"open","sticky":false,"template":"","format":"standard","meta":{"_acf_changed":false,"footnotes":""},"categories":[45],"tags":[],"class_list":["post-217238","post","type-post","status-publish","format-standard","has-post-thumbnail","category-cine-mundo"],"acf":{"antetitulo":""},"yoast_head":"<!-- This site is optimized with the Yoast SEO plugin v28.4 - https:\/\/yoast.com\/product\/yoast-seo-wordpress\/ -->\n<title>\u201cGarfield: Fuera de Casa\u201d, la sinopsis, la producci\u00f3n y fecha de estreno - El Diario - Bolivia<\/title>\n<meta name=\"robots\" content=\"index, follow, max-snippet:-1, max-image-preview:large, max-video-preview:-1\" \/>\n<link rel=\"canonical\" href=\"https:\/\/www.eldiario.net\/portal\/2024\/04\/28\/garfield-fuera-de-casa-la-sinopsis-la-produccion-y-fecha-de-estreno\/\" \/>\n<meta property=\"og:locale\" content=\"es_ES\" \/>\n<meta property=\"og:type\" content=\"article\" \/>\n<meta property=\"og:title\" content=\"\u201cGarfield: Fuera de Casa\u201d, la sinopsis, la producci\u00f3n y fecha de estreno - El Diario - Bolivia\" \/>\n<meta property=\"og:description\" content=\"La comedia animada Garfield: Fuera de casa es basada en la tira c\u00f3mica de Jim Davis del mismo nombre, producida por Columbia Pictures en asociaci\u00f3n con Alcon Entertainment (en su primera pel\u00edcula animada), animada por DNEG Animation y distribuida por Sony Pictures Releasing. La pel\u00edcula est\u00e1 dirigida por Mark Dindal, a partir de un guion [&hellip;]\" \/>\n<meta property=\"og:url\" content=\"https:\/\/www.eldiario.net\/portal\/2024\/04\/28\/garfield-fuera-de-casa-la-sinopsis-la-produccion-y-fecha-de-estreno\/\" \/>\n<meta property=\"og:site_name\" content=\"El Diario - Bolivia\" \/>\n<meta property=\"article:publisher\" content=\"https:\/\/www.facebook.com\/eldiario.bolivia\/\" \/>\n<meta property=\"article:published_time\" content=\"2024-04-28T11:21:28+00:00\" \/>\n<meta property=\"og:image\" content=\"https:\/\/www.eldiario.net\/portal\/wp-content\/uploads\/2024\/04\/Garfield-Fuera-de-Casa-la-sinopsis-la-produccion-y-fecha-de-estreno.jpg\" \/>\n\t<meta property=\"og:image:width\" content=\"1750\" \/>\n\t<meta property=\"og:image:height\" content=\"946\" \/>\n\t<meta property=\"og:image:type\" content=\"image\/jpeg\" \/>\n<meta name=\"author\" content=\"Jeanette\" \/>\n<meta name=\"twitter:card\" content=\"summary_large_image\" \/>\n<meta name=\"twitter:creator\" content=\"@eldiario_net\" \/>\n<meta name=\"twitter:site\" content=\"@eldiario_net\" \/>\n<meta name=\"twitter:label1\" content=\"Escrito por\" \/>\n\t<meta name=\"twitter:data1\" content=\"Jeanette\" \/>\n\t<meta name=\"twitter:label2\" content=\"Tiempo de lectura\" \/>\n\t<meta name=\"twitter:data2\" content=\"1 minuto\" \/>\n<script type=\"application\/ld+json\" class=\"yoast-schema-graph\">{\"@context\":\"https:\\\/\\\/schema.org\",\"@graph\":[{\"@type\":\"Article\",\"@id\":\"https:\\\/\\\/www.eldiario.net\\\/portal\\\/2024\\\/04\\\/28\\\/garfield-fuera-de-casa-la-sinopsis-la-produccion-y-fecha-de-estreno\\\/#article\",\"isPartOf\":{\"@id\":\"https:\\\/\\\/www.eldiario.net\\\/portal\\\/2024\\\/04\\\/28\\\/garfield-fuera-de-casa-la-sinopsis-la-produccion-y-fecha-de-estreno\\\/\"},\"author\":{\"name\":\"Jeanette\",\"@id\":\"https:\\\/\\\/www.eldiario.net\\\/portal\\\/#\\\/schema\\\/person\\\/2c57cf2b7a7ae032e449e4c9b1019eac\"},\"headline\":\"\u201cGarfield: Fuera de Casa\u201d, la sinopsis, la producci\u00f3n y fecha de estreno\",\"datePublished\":\"2024-04-28T11:21:28+00:00\",\"mainEntityOfPage\":{\"@id\":\"https:\\\/\\\/www.eldiario.net\\\/portal\\\/2024\\\/04\\\/28\\\/garfield-fuera-de-casa-la-sinopsis-la-produccion-y-fecha-de-estreno\\\/\"},\"wordCount\":333,\"commentCount\":0,\"publisher\":{\"@id\":\"https:\\\/\\\/www.eldiario.net\\\/portal\\\/#organization\"},\"image\":{\"@id\":\"https:\\\/\\\/www.eldiario.net\\\/portal\\\/2024\\\/04\\\/28\\\/garfield-fuera-de-casa-la-sinopsis-la-produccion-y-fecha-de-estreno\\\/#primaryimage\"},\"thumbnailUrl\":\"https:\\\/\\\/www.eldiario.net\\\/portal\\\/wp-content\\\/uploads\\\/2024\\\/04\\\/Garfield-Fuera-de-Casa-la-sinopsis-la-produccion-y-fecha-de-estreno.jpg\",\"articleSection\":[\"Cine Mundo\"],\"inLanguage\":\"es\",\"potentialAction\":[{\"@type\":\"CommentAction\",\"name\":\"Comment\",\"target\":[\"https:\\\/\\\/www.eldiario.net\\\/portal\\\/2024\\\/04\\\/28\\\/garfield-fuera-de-casa-la-sinopsis-la-produccion-y-fecha-de-estreno\\\/#respond\"]}]},{\"@type\":\"WebPage\",\"@id\":\"https:\\\/\\\/www.eldiario.net\\\/portal\\\/2024\\\/04\\\/28\\\/garfield-fuera-de-casa-la-sinopsis-la-produccion-y-fecha-de-estreno\\\/\",\"url\":\"https:\\\/\\\/www.eldiario.net\\\/portal\\\/2024\\\/04\\\/28\\\/garfield-fuera-de-casa-la-sinopsis-la-produccion-y-fecha-de-estreno\\\/\",\"name\":\"\u201cGarfield: Fuera de Casa\u201d, la sinopsis, la producci\u00f3n y fecha de estreno - El Diario - Bolivia\",\"isPartOf\":{\"@id\":\"https:\\\/\\\/www.eldiario.net\\\/portal\\\/#website\"},\"primaryImageOfPage\":{\"@id\":\"https:\\\/\\\/www.eldiario.net\\\/portal\\\/2024\\\/04\\\/28\\\/garfield-fuera-de-casa-la-sinopsis-la-produccion-y-fecha-de-estreno\\\/#primaryimage\"},\"image\":{\"@id\":\"https:\\\/\\\/www.eldiario.net\\\/portal\\\/2024\\\/04\\\/28\\\/garfield-fuera-de-casa-la-sinopsis-la-produccion-y-fecha-de-estreno\\\/#primaryimage\"},\"thumbnailUrl\":\"https:\\\/\\\/www.eldiario.net\\\/portal\\\/wp-content\\\/uploads\\\/2024\\\/04\\\/Garfield-Fuera-de-Casa-la-sinopsis-la-produccion-y-fecha-de-estreno.jpg\",\"datePublished\":\"2024-04-28T11:21:28+00:00\",\"breadcrumb\":{\"@id\":\"https:\\\/\\\/www.eldiario.net\\\/portal\\\/2024\\\/04\\\/28\\\/garfield-fuera-de-casa-la-sinopsis-la-produccion-y-fecha-de-estreno\\\/#breadcrumb\"},\"inLanguage\":\"es\",\"potentialAction\":[{\"@type\":\"ReadAction\",\"target\":[\"https:\\\/\\\/www.eldiario.net\\\/portal\\\/2024\\\/04\\\/28\\\/garfield-fuera-de-casa-la-sinopsis-la-produccion-y-fecha-de-estreno\\\/\"]}]},{\"@type\":\"ImageObject\",\"inLanguage\":\"es\",\"@id\":\"https:\\\/\\\/www.eldiario.net\\\/portal\\\/2024\\\/04\\\/28\\\/garfield-fuera-de-casa-la-sinopsis-la-produccion-y-fecha-de-estreno\\\/#primaryimage\",\"url\":\"https:\\\/\\\/www.eldiario.net\\\/portal\\\/wp-content\\\/uploads\\\/2024\\\/04\\\/Garfield-Fuera-de-Casa-la-sinopsis-la-produccion-y-fecha-de-estreno.jpg\",\"contentUrl\":\"https:\\\/\\\/www.eldiario.net\\\/portal\\\/wp-content\\\/uploads\\\/2024\\\/04\\\/Garfield-Fuera-de-Casa-la-sinopsis-la-produccion-y-fecha-de-estreno.jpg\",\"width\":1750,\"height\":946},{\"@type\":\"BreadcrumbList\",\"@id\":\"https:\\\/\\\/www.eldiario.net\\\/portal\\\/2024\\\/04\\\/28\\\/garfield-fuera-de-casa-la-sinopsis-la-produccion-y-fecha-de-estreno\\\/#breadcrumb\",\"itemListElement\":[{\"@type\":\"ListItem\",\"position\":1,\"name\":\"Portada\",\"item\":\"https:\\\/\\\/www.eldiario.net\\\/portal\\\/\"},{\"@type\":\"ListItem\",\"position\":2,\"name\":\"\u201cGarfield: Fuera de Casa\u201d, la sinopsis, la producci\u00f3n y fecha de estreno\"}]},{\"@type\":\"WebSite\",\"@id\":\"https:\\\/\\\/www.eldiario.net\\\/portal\\\/#website\",\"url\":\"https:\\\/\\\/www.eldiario.net\\\/portal\\\/\",\"name\":\"El Diario - Decano de la prensa nacional\",\"description\":\"El Diario - Decano de la prensa nacional\",\"publisher\":{\"@id\":\"https:\\\/\\\/www.eldiario.net\\\/portal\\\/#organization\"},\"potentialAction\":[{\"@type\":\"SearchAction\",\"target\":{\"@type\":\"EntryPoint\",\"urlTemplate\":\"https:\\\/\\\/www.eldiario.net\\\/portal\\\/?s={search_term_string}\"},\"query-input\":{\"@type\":\"PropertyValueSpecification\",\"valueRequired\":true,\"valueName\":\"search_term_string\"}}],\"inLanguage\":\"es\"},{\"@type\":\"Organization\",\"@id\":\"https:\\\/\\\/www.eldiario.net\\\/portal\\\/#organization\",\"name\":\"El Diario - Decano de la prensa nacional\",\"url\":\"https:\\\/\\\/www.eldiario.net\\\/portal\\\/\",\"logo\":{\"@type\":\"ImageObject\",\"inLanguage\":\"es\",\"@id\":\"https:\\\/\\\/www.eldiario.net\\\/portal\\\/#\\\/schema\\\/logo\\\/image\\\/\",\"url\":\"https:\\\/\\\/www.eldiario.net\\\/portal\\\/wp-content\\\/uploads\\\/2023\\\/07\\\/logo_ED.jpg\",\"contentUrl\":\"https:\\\/\\\/www.eldiario.net\\\/portal\\\/wp-content\\\/uploads\\\/2023\\\/07\\\/logo_ED.jpg\",\"width\":272,\"height\":52,\"caption\":\"El Diario - Decano de la prensa nacional\"},\"image\":{\"@id\":\"https:\\\/\\\/www.eldiario.net\\\/portal\\\/#\\\/schema\\\/logo\\\/image\\\/\"},\"sameAs\":[\"https:\\\/\\\/www.facebook.com\\\/eldiario.bolivia\\\/\",\"https:\\\/\\\/x.com\\\/eldiario_net\"]},{\"@type\":\"Person\",\"@id\":\"https:\\\/\\\/www.eldiario.net\\\/portal\\\/#\\\/schema\\\/person\\\/2c57cf2b7a7ae032e449e4c9b1019eac\",\"name\":\"Jeanette\",\"image\":{\"@type\":\"ImageObject\",\"inLanguage\":\"es\",\"@id\":\"https:\\\/\\\/secure.gravatar.com\\\/avatar\\\/3ea2118a5f7dad2b7138b1187a6b7ee55f160b9968b66013c3a3ef39dd7e5798?s=96&d=mm&r=g\",\"url\":\"https:\\\/\\\/secure.gravatar.com\\\/avatar\\\/3ea2118a5f7dad2b7138b1187a6b7ee55f160b9968b66013c3a3ef39dd7e5798?s=96&d=mm&r=g\",\"contentUrl\":\"https:\\\/\\\/secure.gravatar.com\\\/avatar\\\/3ea2118a5f7dad2b7138b1187a6b7ee55f160b9968b66013c3a3ef39dd7e5798?s=96&d=mm&r=g\",\"caption\":\"Jeanette\"},\"sameAs\":[\"https:\\\/\\\/www.eldiario.net\\\/portal\"],\"url\":\"https:\\\/\\\/www.eldiario.net\\\/portal\\\/author\\\/jeanette\\\/\"}]}<\/script>\n<!-- \/ Yoast SEO plugin. -->","yoast_head_json":{"title":"\u201cGarfield: Fuera de Casa\u201d, la sinopsis, la producci\u00f3n y fecha de estreno - El Diario - Bolivia","robots":{"index":"index","follow":"follow","max-snippet":"max-snippet:-1","max-image-preview":"max-image-preview:large","max-video-preview":"max-video-preview:-1"},"canonical":"https:\/\/www.eldiario.net\/portal\/2024\/04\/28\/garfield-fuera-de-casa-la-sinopsis-la-produccion-y-fecha-de-estreno\/","og_locale":"es_ES","og_type":"article","og_title":"\u201cGarfield: Fuera de Casa\u201d, la sinopsis, la producci\u00f3n y fecha de estreno - El Diario - Bolivia","og_description":"La comedia animada Garfield: Fuera de casa es basada en la tira c\u00f3mica de Jim Davis del mismo nombre, producida por Columbia Pictures en asociaci\u00f3n con Alcon Entertainment (en su primera pel\u00edcula animada), animada por DNEG Animation y distribuida por Sony Pictures Releasing. La pel\u00edcula est\u00e1 dirigida por Mark Dindal, a partir de un guion [&hellip;]","og_url":"https:\/\/www.eldiario.net\/portal\/2024\/04\/28\/garfield-fuera-de-casa-la-sinopsis-la-produccion-y-fecha-de-estreno\/","og_site_name":"El Diario - Bolivia","article_publisher":"https:\/\/www.facebook.com\/eldiario.bolivia\/","article_published_time":"2024-04-28T11:21:28+00:00","og_image":[{"width":1750,"height":946,"url":"https:\/\/www.eldiario.net\/portal\/wp-content\/uploads\/2024\/04\/Garfield-Fuera-de-Casa-la-sinopsis-la-produccion-y-fecha-de-estreno.jpg","type":"image\/jpeg"}],"author":"Jeanette","twitter_card":"summary_large_image","twitter_creator":"@eldiario_net","twitter_site":"@eldiario_net","twitter_misc":{"Escrito por":"Jeanette","Tiempo de lectura":"1 minuto"},"schema":{"@context":"https:\/\/schema.org","@graph":[{"@type":"Article","@id":"https:\/\/www.eldiario.net\/portal\/2024\/04\/28\/garfield-fuera-de-casa-la-sinopsis-la-produccion-y-fecha-de-estreno\/#article","isPartOf":{"@id":"https:\/\/www.eldiario.net\/portal\/2024\/04\/28\/garfield-fuera-de-casa-la-sinopsis-la-produccion-y-fecha-de-estreno\/"},"author":{"name":"Jeanette","@id":"https:\/\/www.eldiario.net\/portal\/#\/schema\/person\/2c57cf2b7a7ae032e449e4c9b1019eac"},"headline":"\u201cGarfield: Fuera de Casa\u201d, la sinopsis, la producci\u00f3n y fecha de estreno","datePublished":"2024-04-28T11:21:28+00:00","mainEntityOfPage":{"@id":"https:\/\/www.eldiario.net\/portal\/2024\/04\/28\/garfield-fuera-de-casa-la-sinopsis-la-produccion-y-fecha-de-estreno\/"},"wordCount":333,"commentCount":0,"publisher":{"@id":"https:\/\/www.eldiario.net\/portal\/#organization"},"image":{"@id":"https:\/\/www.eldiario.net\/portal\/2024\/04\/28\/garfield-fuera-de-casa-la-sinopsis-la-produccion-y-fecha-de-estreno\/#primaryimage"},"thumbnailUrl":"https:\/\/www.eldiario.net\/portal\/wp-content\/uploads\/2024\/04\/Garfield-Fuera-de-Casa-la-sinopsis-la-produccion-y-fecha-de-estreno.jpg","articleSection":["Cine Mundo"],"inLanguage":"es","potentialAction":[{"@type":"CommentAction","name":"Comment","target":["https:\/\/www.eldiario.net\/portal\/2024\/04\/28\/garfield-fuera-de-casa-la-sinopsis-la-produccion-y-fecha-de-estreno\/#respond"]}]},{"@type":"WebPage","@id":"https:\/\/www.eldiario.net\/portal\/2024\/04\/28\/garfield-fuera-de-casa-la-sinopsis-la-produccion-y-fecha-de-estreno\/","url":"https:\/\/www.eldiario.net\/portal\/2024\/04\/28\/garfield-fuera-de-casa-la-sinopsis-la-produccion-y-fecha-de-estreno\/","name":"\u201cGarfield: Fuera de Casa\u201d, la sinopsis, la producci\u00f3n y fecha de estreno - El Diario - Bolivia","isPartOf":{"@id":"https:\/\/www.eldiario.net\/portal\/#website"},"primaryImageOfPage":{"@id":"https:\/\/www.eldiario.net\/portal\/2024\/04\/28\/garfield-fuera-de-casa-la-sinopsis-la-produccion-y-fecha-de-estreno\/#primaryimage"},"image":{"@id":"https:\/\/www.eldiario.net\/portal\/2024\/04\/28\/garfield-fuera-de-casa-la-sinopsis-la-produccion-y-fecha-de-estreno\/#primaryimage"},"thumbnailUrl":"https:\/\/www.eldiario.net\/portal\/wp-content\/uploads\/2024\/04\/Garfield-Fuera-de-Casa-la-sinopsis-la-produccion-y-fecha-de-estreno.jpg","datePublished":"2024-04-28T11:21:28+00:00","breadcrumb":{"@id":"https:\/\/www.eldiario.net\/portal\/2024\/04\/28\/garfield-fuera-de-casa-la-sinopsis-la-produccion-y-fecha-de-estreno\/#breadcrumb"},"inLanguage":"es","potentialAction":[{"@type":"ReadAction","target":["https:\/\/www.eldiario.net\/portal\/2024\/04\/28\/garfield-fuera-de-casa-la-sinopsis-la-produccion-y-fecha-de-estreno\/"]}]},{"@type":"ImageObject","inLanguage":"es","@id":"https:\/\/www.eldiario.net\/portal\/2024\/04\/28\/garfield-fuera-de-casa-la-sinopsis-la-produccion-y-fecha-de-estreno\/#primaryimage","url":"https:\/\/www.eldiario.net\/portal\/wp-content\/uploads\/2024\/04\/Garfield-Fuera-de-Casa-la-sinopsis-la-produccion-y-fecha-de-estreno.jpg","contentUrl":"https:\/\/www.eldiario.net\/portal\/wp-content\/uploads\/2024\/04\/Garfield-Fuera-de-Casa-la-sinopsis-la-produccion-y-fecha-de-estreno.jpg","width":1750,"height":946},{"@type":"BreadcrumbList","@id":"https:\/\/www.eldiario.net\/portal\/2024\/04\/28\/garfield-fuera-de-casa-la-sinopsis-la-produccion-y-fecha-de-estreno\/#breadcrumb","itemListElement":[{"@type":"ListItem","position":1,"name":"Portada","item":"https:\/\/www.eldiario.net\/portal\/"},{"@type":"ListItem","position":2,"name":"\u201cGarfield: Fuera de Casa\u201d, la sinopsis, la producci\u00f3n y fecha de estreno"}]},{"@type":"WebSite","@id":"https:\/\/www.eldiario.net\/portal\/#website","url":"https:\/\/www.eldiario.net\/portal\/","name":"El Diario - Decano de la prensa nacional","description":"El Diario - Decano de la prensa nacional","publisher":{"@id":"https:\/\/www.eldiario.net\/portal\/#organization"},"potentialAction":[{"@type":"SearchAction","target":{"@type":"EntryPoint","urlTemplate":"https:\/\/www.eldiario.net\/portal\/?s={search_term_string}"},"query-input":{"@type":"PropertyValueSpecification","valueRequired":true,"valueName":"search_term_string"}}],"inLanguage":"es"},{"@type":"Organization","@id":"https:\/\/www.eldiario.net\/portal\/#organization","name":"El Diario - Decano de la prensa nacional","url":"https:\/\/www.eldiario.net\/portal\/","logo":{"@type":"ImageObject","inLanguage":"es","@id":"https:\/\/www.eldiario.net\/portal\/#\/schema\/logo\/image\/","url":"https:\/\/www.eldiario.net\/portal\/wp-content\/uploads\/2023\/07\/logo_ED.jpg","contentUrl":"https:\/\/www.eldiario.net\/portal\/wp-content\/uploads\/2023\/07\/logo_ED.jpg","width":272,"height":52,"caption":"El Diario - Decano de la prensa nacional"},"image":{"@id":"https:\/\/www.eldiario.net\/portal\/#\/schema\/logo\/image\/"},"sameAs":["https:\/\/www.facebook.com\/eldiario.bolivia\/","https:\/\/x.com\/eldiario_net"]},{"@type":"Person","@id":"https:\/\/www.eldiario.net\/portal\/#\/schema\/person\/2c57cf2b7a7ae032e449e4c9b1019eac","name":"Jeanette","image":{"@type":"ImageObject","inLanguage":"es","@id":"https:\/\/secure.gravatar.com\/avatar\/3ea2118a5f7dad2b7138b1187a6b7ee55f160b9968b66013c3a3ef39dd7e5798?s=96&d=mm&r=g","url":"https:\/\/secure.gravatar.com\/avatar\/3ea2118a5f7dad2b7138b1187a6b7ee55f160b9968b66013c3a3ef39dd7e5798?s=96&d=mm&r=g","contentUrl":"https:\/\/secure.gravatar.com\/avatar\/3ea2118a5f7dad2b7138b1187a6b7ee55f160b9968b66013c3a3ef39dd7e5798?s=96&d=mm&r=g","caption":"Jeanette"},"sameAs":["https:\/\/www.eldiario.net\/portal"],"url":"https:\/\/www.eldiario.net\/portal\/author\/jeanette\/"}]}},"_links":{"self":[{"href":"https:\/\/www.eldiario.net\/portal\/wp-json\/wp\/v2\/posts\/217238","targetHints":{"allow":["GET"]}}],"collection":[{"href":"https:\/\/www.eldiario.net\/portal\/wp-json\/wp\/v2\/posts"}],"about":[{"href":"https:\/\/www.eldiario.net\/portal\/wp-json\/wp\/v2\/types\/post"}],"author":[{"embeddable":true,"href":"https:\/\/www.eldiario.net\/portal\/wp-json\/wp\/v2\/users\/1"}],"replies":[{"embeddable":true,"href":"https:\/\/www.eldiario.net\/portal\/wp-json\/wp\/v2\/comments?post=217238"}],"version-history":[{"count":1,"href":"https:\/\/www.eldiario.net\/portal\/wp-json\/wp\/v2\/posts\/217238\/revisions"}],"predecessor-version":[{"id":217240,"href":"https:\/\/www.eldiario.net\/portal\/wp-json\/wp\/v2\/posts\/217238\/revisions\/217240"}],"wp:featuredmedia":[{"embeddable":true,"href":"https:\/\/www.eldiario.net\/portal\/wp-json\/wp\/v2\/media\/217239"}],"wp:attachment":[{"href":"https:\/\/www.eldiario.net\/portal\/wp-json\/wp\/v2\/media?parent=217238"}],"wp:term":[{"taxonomy":"category","embeddable":true,"href":"https:\/\/www.eldiario.net\/portal\/wp-json\/wp\/v2\/categories?post=217238"},{"taxonomy":"post_tag","embeddable":true,"href":"https:\/\/www.eldiario.net\/portal\/wp-json\/wp\/v2\/tags?post=217238"}],"curies":[{"name":"wp","href":"https:\/\/api.w.org\/{rel}","templated":true}]}}