{"id":217190,"date":"2024-04-28T07:10:56","date_gmt":"2024-04-28T11:10:56","guid":{"rendered":"https:\/\/www.eldiario.net\/portal\/?p=217190"},"modified":"2024-04-28T07:10:56","modified_gmt":"2024-04-28T11:10:56","slug":"gobierno-japones-entrega-obras-en-santa-cruz-para-prevenir-desastres","status":"publish","type":"post","link":"https:\/\/www.eldiario.net\/portal\/2024\/04\/28\/gobierno-japones-entrega-obras-en-santa-cruz-para-prevenir-desastres\/","title":{"rendered":"Gobierno japon\u00e9s entrega obras en Santa Cruz para prevenir desastres"},"content":{"rendered":"<p>En el departamento de Santa Cruz, el primer secretario de la Embajada del Jap\u00f3n, Takuma Momoi, junto a autoridades locales celebr\u00f3 la conclusi\u00f3n de la transferencia de tecnolog\u00eda para la prevenci\u00f3n de desastres y la construcci\u00f3n de diversos trabajos de refuerzos en las laderas de la carretera antigua.<br \/>\nLa donaci\u00f3n del Gobierno del Jap\u00f3n alcanza los 1.698.000.000 yenes japoneses, equivalentes a aproximadamente 12.4 millones de d\u00f3lares americanos.<br \/>\nEn la oportunidad, el diplom\u00e1tico japon\u00e9s afirm\u00f3 que la ruta nacional No. 7 es una v\u00eda fundamental dentro de Bolivia que une los departamentos de Santa Cruz y Cochabamba. \u00abForma parte de los corredores de exportaci\u00f3n y se conecta con otras v\u00edas importantes, como la ruta 5 \u2014que va hacia Chile\u2014 la ruta nacional 4 \u2014hacia el este, hacia Brasil\u2014 y las rutas departamentales hacia Sucre y Potos\u00ed\u00bb.<br \/>\nCon el objetivo de prevenir estos desastres, el gobierno japon\u00e9s, a trav\u00e9s de su programa de cooperaci\u00f3n no reembolsable, puso en pr\u00e1ctica diferentes t\u00e9cnicas japonesas armoniosas con el medioambiente en diferentes sectores.<br \/>\nLos diversos actores, quienes participaron en el desarrollo, como el personal de la Administradora Boliviana de Carreteras (ABC), miembros de la Universidad Gabriel Ren\u00e9 Moreno (UGRM) y los trabajadores de la obra son receptores de estas t\u00e9cnicas japonesas. Momoi dijo que el Gobierno japon\u00e9s espera que se repliquen estas t\u00e9cnicas y se logren prevenir desastres en otras v\u00edas.<\/p>\n\r\n                <style type=\"text\/css\">\r\n                    \r\n                    #tdi_1  .td-doubleSlider-2 .td-item1 {\r\n                        background: url(https:\/\/www.eldiario.net\/portal\/wp-content\/uploads\/2024\/04\/DSC_5937-80x60.jpg) 0 0 no-repeat;\r\n                    }\r\n                    #tdi_1  .td-doubleSlider-2 .td-item2 {\r\n                        background: url(https:\/\/www.eldiario.net\/portal\/wp-content\/uploads\/2024\/04\/DSC_5966-80x60.jpg) 0 0 no-repeat;\r\n                    }\r\n                    #tdi_1  .td-doubleSlider-2 .td-item3 {\r\n                        background: url(https:\/\/www.eldiario.net\/portal\/wp-content\/uploads\/2024\/04\/DSC_5970-80x60.jpg) 0 0 no-repeat;\r\n                    }\r\n                    #tdi_1  .td-doubleSlider-2 .td-item4 {\r\n                        background: url(https:\/\/www.eldiario.net\/portal\/wp-content\/uploads\/2024\/04\/DSC_5987-80x60.jpg) 0 0 no-repeat;\r\n                    }\r\n                    #tdi_1  .td-doubleSlider-2 .td-item5 {\r\n                        background: url(https:\/\/www.eldiario.net\/portal\/wp-content\/uploads\/2024\/04\/DSC_6011-80x60.jpg) 0 0 no-repeat;\r\n                    }\r\n                    #tdi_1  .td-doubleSlider-2 .td-item6 {\r\n                        background: url(https:\/\/www.eldiario.net\/portal\/wp-content\/uploads\/2024\/04\/DSC_6019-80x60.jpg) 0 0 no-repeat;\r\n                    }\r\n                    #tdi_1  .td-doubleSlider-2 .td-item7 {\r\n                        background: url(https:\/\/www.eldiario.net\/portal\/wp-content\/uploads\/2024\/04\/DSC_6021-80x60.jpg) 0 0 no-repeat;\r\n                    }\r\n                    #tdi_1  .td-doubleSlider-2 .td-item8 {\r\n                        background: url(https:\/\/www.eldiario.net\/portal\/wp-content\/uploads\/2024\/04\/DSC_6023-80x60.jpg) 0 0 no-repeat;\r\n                    }\r\n                    #tdi_1  .td-doubleSlider-2 .td-item9 {\r\n                        background: url(https:\/\/www.eldiario.net\/portal\/wp-content\/uploads\/2024\/04\/DSC_6037-80x60.jpg) 0 0 no-repeat;\r\n                    }\r\n                    #tdi_1  .td-doubleSlider-2 .td-item10 {\r\n                        background: url(https:\/\/www.eldiario.net\/portal\/wp-content\/uploads\/2024\/04\/DSC_6039-80x60.jpg) 0 0 no-repeat;\r\n                    }\r\n                <\/style>\r\n\r\n                <div id=\"tdi_1\" class=\"td-gallery td-slide-on-2-columns\">\r\n                    <div class=\"post_td_gallery\">\r\n                        <div class=\"td-gallery-slide-top\">\r\n                           <div class=\"td-gallery-title\"><\/div>\r\n\r\n                            <div class=\"td-gallery-controls-wrapper\">\r\n                                <div class=\"td-gallery-slide-count\"><span class=\"td-gallery-slide-item-focus\">1<\/span> de 10<\/div>\r\n                                <div class=\"td-gallery-slide-prev-next-but\">\r\n                                    <i class = \"td-icon-left doubleSliderPrevButton\"><\/i>\r\n                                    <i class = \"td-icon-right doubleSliderNextButton\"><\/i>\r\n                                <\/div>\r\n                            <\/div>\r\n                        <\/div>\r\n\r\n                        <div class = \"td-doubleSlider-1 \">\r\n                            <div class = \"td-slider\">\r\n                                \r\n                    <div class = \"td-slide-item td-item1\">\r\n                        <figure class=\"td-slide-galery-figure td-slide-popup-gallery\">\r\n                            <a class=\"slide-gallery-image-link\" href=\"https:\/\/www.eldiario.net\/portal\/wp-content\/uploads\/2024\/04\/DSC_5937-scaled.jpg\" title=\"DSC_5937\"  data-caption=\"KATO TOSHIHIRO, DE LA MISI\u00d3N JAPONESA (IZQUIERDA).\"  data-description=\"\">\r\n                                <img decoding=\"async\" src=\"https:\/\/www.eldiario.net\/portal\/wp-content\/uploads\/2024\/04\/DSC_5937-630x420.jpg\" srcset=\"https:\/\/www.eldiario.net\/portal\/wp-content\/uploads\/2024\/04\/DSC_5937-630x420.jpg 630w, https:\/\/www.eldiario.net\/portal\/wp-content\/uploads\/2024\/04\/DSC_5937-300x200.jpg 300w, https:\/\/www.eldiario.net\/portal\/wp-content\/uploads\/2024\/04\/DSC_5937-1024x683.jpg 1024w, https:\/\/www.eldiario.net\/portal\/wp-content\/uploads\/2024\/04\/DSC_5937-768x512.jpg 768w, https:\/\/www.eldiario.net\/portal\/wp-content\/uploads\/2024\/04\/DSC_5937-1536x1024.jpg 1536w, https:\/\/www.eldiario.net\/portal\/wp-content\/uploads\/2024\/04\/DSC_5937-2048x1365.jpg 2048w, https:\/\/www.eldiario.net\/portal\/wp-content\/uploads\/2024\/04\/DSC_5937-696x464.jpg 696w, https:\/\/www.eldiario.net\/portal\/wp-content\/uploads\/2024\/04\/DSC_5937-1068x712.jpg 1068w, https:\/\/www.eldiario.net\/portal\/wp-content\/uploads\/2024\/04\/DSC_5937-1920x1280.jpg 1920w\" sizes=\"(max-width: 630px) 100vw, 630px\" alt=\"\">\r\n                            <\/a>\r\n                            <figcaption class = \"td-slide-caption td-gallery-slide-content\"><div class = \"td-gallery-slide-copywrite\">KATO TOSHIHIRO, DE LA MISI\u00d3N JAPONESA (IZQUIERDA).<\/div><\/figcaption>\r\n                        <\/figure>\r\n                    <\/div>\r\n                    <div class = \"td-slide-item td-item2\">\r\n                        <figure class=\"td-slide-galery-figure td-slide-popup-gallery\">\r\n                            <a class=\"slide-gallery-image-link\" href=\"https:\/\/www.eldiario.net\/portal\/wp-content\/uploads\/2024\/04\/DSC_5966-scaled.jpg\" title=\"DSC_5966\"  data-caption=\"OTRA INSTANCIA DEL ACTO.\"  data-description=\"\">\r\n                                <img decoding=\"async\" src=\"https:\/\/www.eldiario.net\/portal\/wp-content\/uploads\/2024\/04\/DSC_5966-630x420.jpg\" srcset=\"https:\/\/www.eldiario.net\/portal\/wp-content\/uploads\/2024\/04\/DSC_5966-630x420.jpg 630w, https:\/\/www.eldiario.net\/portal\/wp-content\/uploads\/2024\/04\/DSC_5966-300x200.jpg 300w, https:\/\/www.eldiario.net\/portal\/wp-content\/uploads\/2024\/04\/DSC_5966-1024x683.jpg 1024w, https:\/\/www.eldiario.net\/portal\/wp-content\/uploads\/2024\/04\/DSC_5966-768x512.jpg 768w, https:\/\/www.eldiario.net\/portal\/wp-content\/uploads\/2024\/04\/DSC_5966-1536x1024.jpg 1536w, https:\/\/www.eldiario.net\/portal\/wp-content\/uploads\/2024\/04\/DSC_5966-2048x1365.jpg 2048w, https:\/\/www.eldiario.net\/portal\/wp-content\/uploads\/2024\/04\/DSC_5966-696x464.jpg 696w, https:\/\/www.eldiario.net\/portal\/wp-content\/uploads\/2024\/04\/DSC_5966-1068x712.jpg 1068w, https:\/\/www.eldiario.net\/portal\/wp-content\/uploads\/2024\/04\/DSC_5966-1920x1280.jpg 1920w\" sizes=\"(max-width: 630px) 100vw, 630px\" alt=\"\">\r\n                            <\/a>\r\n                            <figcaption class = \"td-slide-caption td-gallery-slide-content\"><div class = \"td-gallery-slide-copywrite\">OTRA INSTANCIA DEL ACTO.<\/div><\/figcaption>\r\n                        <\/figure>\r\n                    <\/div>\r\n                    <div class = \"td-slide-item td-item3\">\r\n                        <figure class=\"td-slide-galery-figure td-slide-popup-gallery\">\r\n                            <a class=\"slide-gallery-image-link\" href=\"https:\/\/www.eldiario.net\/portal\/wp-content\/uploads\/2024\/04\/DSC_5970-scaled.jpg\" title=\"DSC_5970\"  data-caption=\"TAKUMA MOMOI Y ANA MENDOZA.\"  data-description=\"\">\r\n                                <img decoding=\"async\" src=\"https:\/\/www.eldiario.net\/portal\/wp-content\/uploads\/2024\/04\/DSC_5970-630x420.jpg\" srcset=\"https:\/\/www.eldiario.net\/portal\/wp-content\/uploads\/2024\/04\/DSC_5970-630x420.jpg 630w, https:\/\/www.eldiario.net\/portal\/wp-content\/uploads\/2024\/04\/DSC_5970-300x200.jpg 300w, https:\/\/www.eldiario.net\/portal\/wp-content\/uploads\/2024\/04\/DSC_5970-1024x683.jpg 1024w, https:\/\/www.eldiario.net\/portal\/wp-content\/uploads\/2024\/04\/DSC_5970-768x512.jpg 768w, https:\/\/www.eldiario.net\/portal\/wp-content\/uploads\/2024\/04\/DSC_5970-1536x1024.jpg 1536w, https:\/\/www.eldiario.net\/portal\/wp-content\/uploads\/2024\/04\/DSC_5970-2048x1365.jpg 2048w, https:\/\/www.eldiario.net\/portal\/wp-content\/uploads\/2024\/04\/DSC_5970-696x464.jpg 696w, https:\/\/www.eldiario.net\/portal\/wp-content\/uploads\/2024\/04\/DSC_5970-1068x712.jpg 1068w, https:\/\/www.eldiario.net\/portal\/wp-content\/uploads\/2024\/04\/DSC_5970-1920x1280.jpg 1920w\" sizes=\"(max-width: 630px) 100vw, 630px\" alt=\"\">\r\n                            <\/a>\r\n                            <figcaption class = \"td-slide-caption td-gallery-slide-content\"><div class = \"td-gallery-slide-copywrite\">TAKUMA MOMOI Y ANA MENDOZA.<\/div><\/figcaption>\r\n                        <\/figure>\r\n                    <\/div>\r\n                    <div class = \"td-slide-item td-item4\">\r\n                        <figure class=\"td-slide-galery-figure td-slide-popup-gallery\">\r\n                            <a class=\"slide-gallery-image-link\" href=\"https:\/\/www.eldiario.net\/portal\/wp-content\/uploads\/2024\/04\/DSC_5987-scaled.jpg\" title=\"DSC_5987\"  data-caption=\"LA PRESENTACION DE LAS OBRAS.\"  data-description=\"\">\r\n                                <img decoding=\"async\" src=\"https:\/\/www.eldiario.net\/portal\/wp-content\/uploads\/2024\/04\/DSC_5987-630x420.jpg\" srcset=\"https:\/\/www.eldiario.net\/portal\/wp-content\/uploads\/2024\/04\/DSC_5987-630x420.jpg 630w, https:\/\/www.eldiario.net\/portal\/wp-content\/uploads\/2024\/04\/DSC_5987-300x200.jpg 300w, https:\/\/www.eldiario.net\/portal\/wp-content\/uploads\/2024\/04\/DSC_5987-1024x683.jpg 1024w, https:\/\/www.eldiario.net\/portal\/wp-content\/uploads\/2024\/04\/DSC_5987-768x512.jpg 768w, https:\/\/www.eldiario.net\/portal\/wp-content\/uploads\/2024\/04\/DSC_5987-1536x1024.jpg 1536w, https:\/\/www.eldiario.net\/portal\/wp-content\/uploads\/2024\/04\/DSC_5987-2048x1365.jpg 2048w, https:\/\/www.eldiario.net\/portal\/wp-content\/uploads\/2024\/04\/DSC_5987-696x464.jpg 696w, https:\/\/www.eldiario.net\/portal\/wp-content\/uploads\/2024\/04\/DSC_5987-1068x712.jpg 1068w, https:\/\/www.eldiario.net\/portal\/wp-content\/uploads\/2024\/04\/DSC_5987-1920x1280.jpg 1920w\" sizes=\"(max-width: 630px) 100vw, 630px\" alt=\"\">\r\n                            <\/a>\r\n                            <figcaption class = \"td-slide-caption td-gallery-slide-content\"><div class = \"td-gallery-slide-copywrite\">LA PRESENTACION DE LAS OBRAS.<\/div><\/figcaption>\r\n                        <\/figure>\r\n                    <\/div>\r\n                    <div class = \"td-slide-item td-item5\">\r\n                        <figure class=\"td-slide-galery-figure td-slide-popup-gallery\">\r\n                            <a class=\"slide-gallery-image-link\" href=\"https:\/\/www.eldiario.net\/portal\/wp-content\/uploads\/2024\/04\/DSC_6011-scaled.jpg\" title=\"DSC_6011\"  data-caption=\"MIEMBROS DE LA EMBAJADA, ALCALDES REGIONALES Y EL SUPERVISOR DE OBRAS, ROLANDO PADILLA.\"  data-description=\"\">\r\n                                <img decoding=\"async\" src=\"https:\/\/www.eldiario.net\/portal\/wp-content\/uploads\/2024\/04\/DSC_6011-630x420.jpg\" srcset=\"https:\/\/www.eldiario.net\/portal\/wp-content\/uploads\/2024\/04\/DSC_6011-630x420.jpg 630w, https:\/\/www.eldiario.net\/portal\/wp-content\/uploads\/2024\/04\/DSC_6011-300x200.jpg 300w, https:\/\/www.eldiario.net\/portal\/wp-content\/uploads\/2024\/04\/DSC_6011-1024x683.jpg 1024w, https:\/\/www.eldiario.net\/portal\/wp-content\/uploads\/2024\/04\/DSC_6011-768x512.jpg 768w, https:\/\/www.eldiario.net\/portal\/wp-content\/uploads\/2024\/04\/DSC_6011-1536x1024.jpg 1536w, https:\/\/www.eldiario.net\/portal\/wp-content\/uploads\/2024\/04\/DSC_6011-2048x1365.jpg 2048w, https:\/\/www.eldiario.net\/portal\/wp-content\/uploads\/2024\/04\/DSC_6011-696x464.jpg 696w, https:\/\/www.eldiario.net\/portal\/wp-content\/uploads\/2024\/04\/DSC_6011-1068x712.jpg 1068w, https:\/\/www.eldiario.net\/portal\/wp-content\/uploads\/2024\/04\/DSC_6011-1920x1280.jpg 1920w\" sizes=\"(max-width: 630px) 100vw, 630px\" alt=\"\">\r\n                            <\/a>\r\n                            <figcaption class = \"td-slide-caption td-gallery-slide-content\"><div class = \"td-gallery-slide-copywrite\">MIEMBROS DE LA EMBAJADA, ALCALDES REGIONALES Y EL SUPERVISOR DE OBRAS, ROLANDO PADILLA.<\/div><\/figcaption>\r\n                        <\/figure>\r\n                    <\/div>\r\n                    <div class = \"td-slide-item td-item6\">\r\n                        <figure class=\"td-slide-galery-figure td-slide-popup-gallery\">\r\n                            <a class=\"slide-gallery-image-link\" href=\"https:\/\/www.eldiario.net\/portal\/wp-content\/uploads\/2024\/04\/DSC_6019-scaled.jpg\" title=\"DSC_6019\"  data-caption=\"EN EL ACTO SE ENTREG\u00d3 EL MANUAL DE CULTIVOS.\"  data-description=\"\">\r\n                                <img decoding=\"async\" src=\"https:\/\/www.eldiario.net\/portal\/wp-content\/uploads\/2024\/04\/DSC_6019-630x420.jpg\" srcset=\"https:\/\/www.eldiario.net\/portal\/wp-content\/uploads\/2024\/04\/DSC_6019-630x420.jpg 630w, https:\/\/www.eldiario.net\/portal\/wp-content\/uploads\/2024\/04\/DSC_6019-300x200.jpg 300w, https:\/\/www.eldiario.net\/portal\/wp-content\/uploads\/2024\/04\/DSC_6019-1024x683.jpg 1024w, https:\/\/www.eldiario.net\/portal\/wp-content\/uploads\/2024\/04\/DSC_6019-768x512.jpg 768w, https:\/\/www.eldiario.net\/portal\/wp-content\/uploads\/2024\/04\/DSC_6019-1536x1024.jpg 1536w, https:\/\/www.eldiario.net\/portal\/wp-content\/uploads\/2024\/04\/DSC_6019-2048x1365.jpg 2048w, https:\/\/www.eldiario.net\/portal\/wp-content\/uploads\/2024\/04\/DSC_6019-696x464.jpg 696w, https:\/\/www.eldiario.net\/portal\/wp-content\/uploads\/2024\/04\/DSC_6019-1068x712.jpg 1068w, https:\/\/www.eldiario.net\/portal\/wp-content\/uploads\/2024\/04\/DSC_6019-1920x1280.jpg 1920w\" sizes=\"(max-width: 630px) 100vw, 630px\" alt=\"\">\r\n                            <\/a>\r\n                            <figcaption class = \"td-slide-caption td-gallery-slide-content\"><div class = \"td-gallery-slide-copywrite\">EN EL ACTO SE ENTREG\u00d3 EL MANUAL DE CULTIVOS.<\/div><\/figcaption>\r\n                        <\/figure>\r\n                    <\/div>\r\n                    <div class = \"td-slide-item td-item7\">\r\n                        <figure class=\"td-slide-galery-figure td-slide-popup-gallery\">\r\n                            <a class=\"slide-gallery-image-link\" href=\"https:\/\/www.eldiario.net\/portal\/wp-content\/uploads\/2024\/04\/DSC_6021-scaled.jpg\" title=\"DSC_6021\"  data-caption=\"TAKUMA MOMOI RECIBE PRESENTES.\"  data-description=\"\">\r\n                                <img decoding=\"async\" src=\"https:\/\/www.eldiario.net\/portal\/wp-content\/uploads\/2024\/04\/DSC_6021-630x420.jpg\" srcset=\"https:\/\/www.eldiario.net\/portal\/wp-content\/uploads\/2024\/04\/DSC_6021-630x420.jpg 630w, https:\/\/www.eldiario.net\/portal\/wp-content\/uploads\/2024\/04\/DSC_6021-300x200.jpg 300w, https:\/\/www.eldiario.net\/portal\/wp-content\/uploads\/2024\/04\/DSC_6021-1024x683.jpg 1024w, https:\/\/www.eldiario.net\/portal\/wp-content\/uploads\/2024\/04\/DSC_6021-768x512.jpg 768w, https:\/\/www.eldiario.net\/portal\/wp-content\/uploads\/2024\/04\/DSC_6021-1536x1024.jpg 1536w, https:\/\/www.eldiario.net\/portal\/wp-content\/uploads\/2024\/04\/DSC_6021-2048x1365.jpg 2048w, https:\/\/www.eldiario.net\/portal\/wp-content\/uploads\/2024\/04\/DSC_6021-696x464.jpg 696w, https:\/\/www.eldiario.net\/portal\/wp-content\/uploads\/2024\/04\/DSC_6021-1068x712.jpg 1068w, https:\/\/www.eldiario.net\/portal\/wp-content\/uploads\/2024\/04\/DSC_6021-1920x1280.jpg 1920w\" sizes=\"(max-width: 630px) 100vw, 630px\" alt=\"\">\r\n                            <\/a>\r\n                            <figcaption class = \"td-slide-caption td-gallery-slide-content\"><div class = \"td-gallery-slide-copywrite\">TAKUMA MOMOI RECIBE PRESENTES.<\/div><\/figcaption>\r\n                        <\/figure>\r\n                    <\/div>\r\n                    <div class = \"td-slide-item td-item8\">\r\n                        <figure class=\"td-slide-galery-figure td-slide-popup-gallery\">\r\n                            <a class=\"slide-gallery-image-link\" href=\"https:\/\/www.eldiario.net\/portal\/wp-content\/uploads\/2024\/04\/DSC_6023-scaled.jpg\" title=\"DSC_6023\"  data-caption=\"CULTIVADORES ENTREGAN PRESENTES A LOS FUNCIONARIOS DE LA EMBAJADA DEL JAP\u00d3N.\"  data-description=\"\">\r\n                                <img decoding=\"async\" src=\"https:\/\/www.eldiario.net\/portal\/wp-content\/uploads\/2024\/04\/DSC_6023-630x420.jpg\" srcset=\"https:\/\/www.eldiario.net\/portal\/wp-content\/uploads\/2024\/04\/DSC_6023-630x420.jpg 630w, https:\/\/www.eldiario.net\/portal\/wp-content\/uploads\/2024\/04\/DSC_6023-300x200.jpg 300w, https:\/\/www.eldiario.net\/portal\/wp-content\/uploads\/2024\/04\/DSC_6023-1024x683.jpg 1024w, https:\/\/www.eldiario.net\/portal\/wp-content\/uploads\/2024\/04\/DSC_6023-768x512.jpg 768w, https:\/\/www.eldiario.net\/portal\/wp-content\/uploads\/2024\/04\/DSC_6023-1536x1024.jpg 1536w, https:\/\/www.eldiario.net\/portal\/wp-content\/uploads\/2024\/04\/DSC_6023-2048x1365.jpg 2048w, https:\/\/www.eldiario.net\/portal\/wp-content\/uploads\/2024\/04\/DSC_6023-696x464.jpg 696w, https:\/\/www.eldiario.net\/portal\/wp-content\/uploads\/2024\/04\/DSC_6023-1068x712.jpg 1068w, https:\/\/www.eldiario.net\/portal\/wp-content\/uploads\/2024\/04\/DSC_6023-1920x1280.jpg 1920w\" sizes=\"(max-width: 630px) 100vw, 630px\" alt=\"\">\r\n                            <\/a>\r\n                            <figcaption class = \"td-slide-caption td-gallery-slide-content\"><div class = \"td-gallery-slide-copywrite\">CULTIVADORES ENTREGAN PRESENTES A LOS FUNCIONARIOS DE LA EMBAJADA DEL JAP\u00d3N.<\/div><\/figcaption>\r\n                        <\/figure>\r\n                    <\/div>\r\n                    <div class = \"td-slide-item td-item9\">\r\n                        <figure class=\"td-slide-galery-figure td-slide-popup-gallery\">\r\n                            <a class=\"slide-gallery-image-link\" href=\"https:\/\/www.eldiario.net\/portal\/wp-content\/uploads\/2024\/04\/DSC_6037-scaled.jpg\" title=\"DSC_6037\"  data-caption=\"FUNCIONARIOS DE LA EMBAJADA DEL JAP\u00d3N JUNTO A PRODUCTORES.\"  data-description=\"\">\r\n                                <img decoding=\"async\" src=\"https:\/\/www.eldiario.net\/portal\/wp-content\/uploads\/2024\/04\/DSC_6037-630x420.jpg\" srcset=\"https:\/\/www.eldiario.net\/portal\/wp-content\/uploads\/2024\/04\/DSC_6037-630x420.jpg 630w, https:\/\/www.eldiario.net\/portal\/wp-content\/uploads\/2024\/04\/DSC_6037-300x200.jpg 300w, https:\/\/www.eldiario.net\/portal\/wp-content\/uploads\/2024\/04\/DSC_6037-1024x683.jpg 1024w, https:\/\/www.eldiario.net\/portal\/wp-content\/uploads\/2024\/04\/DSC_6037-768x512.jpg 768w, https:\/\/www.eldiario.net\/portal\/wp-content\/uploads\/2024\/04\/DSC_6037-1536x1024.jpg 1536w, https:\/\/www.eldiario.net\/portal\/wp-content\/uploads\/2024\/04\/DSC_6037-2048x1365.jpg 2048w, https:\/\/www.eldiario.net\/portal\/wp-content\/uploads\/2024\/04\/DSC_6037-696x464.jpg 696w, https:\/\/www.eldiario.net\/portal\/wp-content\/uploads\/2024\/04\/DSC_6037-1068x712.jpg 1068w, https:\/\/www.eldiario.net\/portal\/wp-content\/uploads\/2024\/04\/DSC_6037-1920x1280.jpg 1920w\" sizes=\"(max-width: 630px) 100vw, 630px\" alt=\"\">\r\n                            <\/a>\r\n                            <figcaption class = \"td-slide-caption td-gallery-slide-content\"><div class = \"td-gallery-slide-copywrite\">FUNCIONARIOS DE LA EMBAJADA DEL JAP\u00d3N JUNTO A PRODUCTORES.<\/div><\/figcaption>\r\n                        <\/figure>\r\n                    <\/div>\r\n                    <div class = \"td-slide-item td-item10\">\r\n                        <figure class=\"td-slide-galery-figure td-slide-popup-gallery\">\r\n                            <a class=\"slide-gallery-image-link\" href=\"https:\/\/www.eldiario.net\/portal\/wp-content\/uploads\/2024\/04\/DSC_6039-scaled.jpg\" title=\"DSC_6039\"  data-caption=\"TAKUMA MOMOI ENTREGA CALENDARIOS A PROMOTORES DE LAS OBRAS.\"  data-description=\"\">\r\n                                <img decoding=\"async\" src=\"https:\/\/www.eldiario.net\/portal\/wp-content\/uploads\/2024\/04\/DSC_6039-630x420.jpg\" srcset=\"https:\/\/www.eldiario.net\/portal\/wp-content\/uploads\/2024\/04\/DSC_6039-630x420.jpg 630w, https:\/\/www.eldiario.net\/portal\/wp-content\/uploads\/2024\/04\/DSC_6039-300x200.jpg 300w, https:\/\/www.eldiario.net\/portal\/wp-content\/uploads\/2024\/04\/DSC_6039-1024x683.jpg 1024w, https:\/\/www.eldiario.net\/portal\/wp-content\/uploads\/2024\/04\/DSC_6039-768x512.jpg 768w, https:\/\/www.eldiario.net\/portal\/wp-content\/uploads\/2024\/04\/DSC_6039-1536x1024.jpg 1536w, https:\/\/www.eldiario.net\/portal\/wp-content\/uploads\/2024\/04\/DSC_6039-2048x1365.jpg 2048w, https:\/\/www.eldiario.net\/portal\/wp-content\/uploads\/2024\/04\/DSC_6039-696x464.jpg 696w, https:\/\/www.eldiario.net\/portal\/wp-content\/uploads\/2024\/04\/DSC_6039-1068x712.jpg 1068w, https:\/\/www.eldiario.net\/portal\/wp-content\/uploads\/2024\/04\/DSC_6039-1920x1280.jpg 1920w\" sizes=\"(max-width: 630px) 100vw, 630px\" alt=\"\">\r\n                            <\/a>\r\n                            <figcaption class = \"td-slide-caption td-gallery-slide-content\"><div class = \"td-gallery-slide-copywrite\">TAKUMA MOMOI ENTREGA CALENDARIOS A PROMOTORES DE LAS OBRAS.<\/div><\/figcaption>\r\n                        <\/figure>\r\n                    <\/div>\r\n                            <\/div>\r\n                        <\/div>\r\n\r\n                        <div class = \"td-doubleSlider-2\">\r\n                            <div class = \"td-slider\">\r\n                                \r\n                    <div class = \"td-button td-item1\">\r\n                        <div class = \"td-border\"><\/div>\r\n                    <\/div>\r\n                    <div class = \"td-button td-item2\">\r\n                        <div class = \"td-border\"><\/div>\r\n                    <\/div>\r\n                    <div class = \"td-button td-item3\">\r\n                        <div class = \"td-border\"><\/div>\r\n                    <\/div>\r\n                    <div class = \"td-button td-item4\">\r\n                        <div class = \"td-border\"><\/div>\r\n                    <\/div>\r\n                    <div class = \"td-button td-item5\">\r\n                        <div class = \"td-border\"><\/div>\r\n                    <\/div>\r\n                    <div class = \"td-button td-item6\">\r\n                        <div class = \"td-border\"><\/div>\r\n                    <\/div>\r\n                    <div class = \"td-button td-item7\">\r\n                        <div class = \"td-border\"><\/div>\r\n                    <\/div>\r\n                    <div class = \"td-button td-item8\">\r\n                        <div class = \"td-border\"><\/div>\r\n                    <\/div>\r\n                    <div class = \"td-button td-item9\">\r\n                        <div class = \"td-border\"><\/div>\r\n                    <\/div>\r\n                    <div class = \"td-button td-item10\">\r\n                        <div class = \"td-border\"><\/div>\r\n                    <\/div>\r\n                            <\/div>\r\n                        <\/div>\r\n\r\n                    <\/div>\r\n\r\n                <\/div>\r\n                \n<p>&nbsp;<\/p>\n","protected":false},"excerpt":{"rendered":"<p>En el departamento de Santa Cruz, el primer secretario de la Embajada del Jap\u00f3n, Takuma Momoi, junto a autoridades locales celebr\u00f3 la conclusi\u00f3n de la transferencia de tecnolog\u00eda para la prevenci\u00f3n de desastres y la construcci\u00f3n de diversos trabajos de refuerzos en las laderas de la carretera antigua. La donaci\u00f3n del Gobierno del Jap\u00f3n alcanza [&hellip;]<\/p>\n","protected":false},"author":1,"featured_media":217199,"comment_status":"open","ping_status":"open","sticky":false,"template":"","format":"standard","meta":{"_acf_changed":false,"footnotes":""},"categories":[40],"tags":[],"class_list":["post-217190","post","type-post","status-publish","format-standard","has-post-thumbnail","category-sociales"],"acf":{"antetitulo":""},"yoast_head":"<!-- This site is optimized with the Yoast SEO plugin v28.4 - https:\/\/yoast.com\/product\/yoast-seo-wordpress\/ -->\n<title>Gobierno japon\u00e9s entrega obras en Santa Cruz para prevenir desastres - El Diario - Bolivia<\/title>\n<meta name=\"robots\" content=\"index, follow, max-snippet:-1, max-image-preview:large, max-video-preview:-1\" \/>\n<link rel=\"canonical\" href=\"https:\/\/www.eldiario.net\/portal\/2024\/04\/28\/gobierno-japones-entrega-obras-en-santa-cruz-para-prevenir-desastres\/\" \/>\n<meta property=\"og:locale\" content=\"es_ES\" \/>\n<meta property=\"og:type\" content=\"article\" \/>\n<meta property=\"og:title\" content=\"Gobierno japon\u00e9s entrega obras en Santa Cruz para prevenir desastres - El Diario - Bolivia\" \/>\n<meta property=\"og:description\" content=\"En el departamento de Santa Cruz, el primer secretario de la Embajada del Jap\u00f3n, Takuma Momoi, junto a autoridades locales celebr\u00f3 la conclusi\u00f3n de la transferencia de tecnolog\u00eda para la prevenci\u00f3n de desastres y la construcci\u00f3n de diversos trabajos de refuerzos en las laderas de la carretera antigua. La donaci\u00f3n del Gobierno del Jap\u00f3n alcanza [&hellip;]\" \/>\n<meta property=\"og:url\" content=\"https:\/\/www.eldiario.net\/portal\/2024\/04\/28\/gobierno-japones-entrega-obras-en-santa-cruz-para-prevenir-desastres\/\" \/>\n<meta property=\"og:site_name\" content=\"El Diario - Bolivia\" \/>\n<meta property=\"article:publisher\" content=\"https:\/\/www.facebook.com\/eldiario.bolivia\/\" \/>\n<meta property=\"article:published_time\" content=\"2024-04-28T11:10:56+00:00\" \/>\n<meta property=\"og:image\" content=\"https:\/\/www.eldiario.net\/portal\/wp-content\/uploads\/2024\/04\/DSC_6037-scaled.jpg\" \/>\n\t<meta property=\"og:image:width\" content=\"2560\" \/>\n\t<meta property=\"og:image:height\" content=\"1707\" \/>\n\t<meta property=\"og:image:type\" content=\"image\/jpeg\" \/>\n<meta name=\"author\" content=\"Jeanette\" \/>\n<meta name=\"twitter:card\" content=\"summary_large_image\" \/>\n<meta name=\"twitter:creator\" content=\"@eldiario_net\" \/>\n<meta name=\"twitter:site\" content=\"@eldiario_net\" \/>\n<meta name=\"twitter:label1\" content=\"Escrito por\" \/>\n\t<meta name=\"twitter:data1\" content=\"Jeanette\" \/>\n\t<meta name=\"twitter:label2\" content=\"Tiempo de lectura\" \/>\n\t<meta name=\"twitter:data2\" content=\"2 minutos\" \/>\n<script type=\"application\/ld+json\" class=\"yoast-schema-graph\">{\"@context\":\"https:\\\/\\\/schema.org\",\"@graph\":[{\"@type\":\"Article\",\"@id\":\"https:\\\/\\\/www.eldiario.net\\\/portal\\\/2024\\\/04\\\/28\\\/gobierno-japones-entrega-obras-en-santa-cruz-para-prevenir-desastres\\\/#article\",\"isPartOf\":{\"@id\":\"https:\\\/\\\/www.eldiario.net\\\/portal\\\/2024\\\/04\\\/28\\\/gobierno-japones-entrega-obras-en-santa-cruz-para-prevenir-desastres\\\/\"},\"author\":{\"name\":\"Jeanette\",\"@id\":\"https:\\\/\\\/www.eldiario.net\\\/portal\\\/#\\\/schema\\\/person\\\/2c57cf2b7a7ae032e449e4c9b1019eac\"},\"headline\":\"Gobierno japon\u00e9s entrega obras en Santa Cruz para prevenir desastres\",\"datePublished\":\"2024-04-28T11:10:56+00:00\",\"mainEntityOfPage\":{\"@id\":\"https:\\\/\\\/www.eldiario.net\\\/portal\\\/2024\\\/04\\\/28\\\/gobierno-japones-entrega-obras-en-santa-cruz-para-prevenir-desastres\\\/\"},\"wordCount\":263,\"commentCount\":0,\"publisher\":{\"@id\":\"https:\\\/\\\/www.eldiario.net\\\/portal\\\/#organization\"},\"image\":{\"@id\":\"https:\\\/\\\/www.eldiario.net\\\/portal\\\/2024\\\/04\\\/28\\\/gobierno-japones-entrega-obras-en-santa-cruz-para-prevenir-desastres\\\/#primaryimage\"},\"thumbnailUrl\":\"https:\\\/\\\/www.eldiario.net\\\/portal\\\/wp-content\\\/uploads\\\/2024\\\/04\\\/DSC_6037-scaled.jpg\",\"articleSection\":[\"Sociales\"],\"inLanguage\":\"es\",\"potentialAction\":[{\"@type\":\"CommentAction\",\"name\":\"Comment\",\"target\":[\"https:\\\/\\\/www.eldiario.net\\\/portal\\\/2024\\\/04\\\/28\\\/gobierno-japones-entrega-obras-en-santa-cruz-para-prevenir-desastres\\\/#respond\"]}]},{\"@type\":\"WebPage\",\"@id\":\"https:\\\/\\\/www.eldiario.net\\\/portal\\\/2024\\\/04\\\/28\\\/gobierno-japones-entrega-obras-en-santa-cruz-para-prevenir-desastres\\\/\",\"url\":\"https:\\\/\\\/www.eldiario.net\\\/portal\\\/2024\\\/04\\\/28\\\/gobierno-japones-entrega-obras-en-santa-cruz-para-prevenir-desastres\\\/\",\"name\":\"Gobierno japon\u00e9s entrega obras en Santa Cruz para prevenir desastres - El Diario - Bolivia\",\"isPartOf\":{\"@id\":\"https:\\\/\\\/www.eldiario.net\\\/portal\\\/#website\"},\"primaryImageOfPage\":{\"@id\":\"https:\\\/\\\/www.eldiario.net\\\/portal\\\/2024\\\/04\\\/28\\\/gobierno-japones-entrega-obras-en-santa-cruz-para-prevenir-desastres\\\/#primaryimage\"},\"image\":{\"@id\":\"https:\\\/\\\/www.eldiario.net\\\/portal\\\/2024\\\/04\\\/28\\\/gobierno-japones-entrega-obras-en-santa-cruz-para-prevenir-desastres\\\/#primaryimage\"},\"thumbnailUrl\":\"https:\\\/\\\/www.eldiario.net\\\/portal\\\/wp-content\\\/uploads\\\/2024\\\/04\\\/DSC_6037-scaled.jpg\",\"datePublished\":\"2024-04-28T11:10:56+00:00\",\"breadcrumb\":{\"@id\":\"https:\\\/\\\/www.eldiario.net\\\/portal\\\/2024\\\/04\\\/28\\\/gobierno-japones-entrega-obras-en-santa-cruz-para-prevenir-desastres\\\/#breadcrumb\"},\"inLanguage\":\"es\",\"potentialAction\":[{\"@type\":\"ReadAction\",\"target\":[\"https:\\\/\\\/www.eldiario.net\\\/portal\\\/2024\\\/04\\\/28\\\/gobierno-japones-entrega-obras-en-santa-cruz-para-prevenir-desastres\\\/\"]}]},{\"@type\":\"ImageObject\",\"inLanguage\":\"es\",\"@id\":\"https:\\\/\\\/www.eldiario.net\\\/portal\\\/2024\\\/04\\\/28\\\/gobierno-japones-entrega-obras-en-santa-cruz-para-prevenir-desastres\\\/#primaryimage\",\"url\":\"https:\\\/\\\/www.eldiario.net\\\/portal\\\/wp-content\\\/uploads\\\/2024\\\/04\\\/DSC_6037-scaled.jpg\",\"contentUrl\":\"https:\\\/\\\/www.eldiario.net\\\/portal\\\/wp-content\\\/uploads\\\/2024\\\/04\\\/DSC_6037-scaled.jpg\",\"width\":2560,\"height\":1707,\"caption\":\"FUNCIONARIOS DE LA EMBAJADA DEL JAP\u00d3N JUNTO A PRODUCTORES.\"},{\"@type\":\"BreadcrumbList\",\"@id\":\"https:\\\/\\\/www.eldiario.net\\\/portal\\\/2024\\\/04\\\/28\\\/gobierno-japones-entrega-obras-en-santa-cruz-para-prevenir-desastres\\\/#breadcrumb\",\"itemListElement\":[{\"@type\":\"ListItem\",\"position\":1,\"name\":\"Portada\",\"item\":\"https:\\\/\\\/www.eldiario.net\\\/portal\\\/\"},{\"@type\":\"ListItem\",\"position\":2,\"name\":\"Gobierno japon\u00e9s entrega obras en Santa Cruz para prevenir desastres\"}]},{\"@type\":\"WebSite\",\"@id\":\"https:\\\/\\\/www.eldiario.net\\\/portal\\\/#website\",\"url\":\"https:\\\/\\\/www.eldiario.net\\\/portal\\\/\",\"name\":\"El Diario - Decano de la prensa nacional\",\"description\":\"El Diario - Decano de la prensa nacional\",\"publisher\":{\"@id\":\"https:\\\/\\\/www.eldiario.net\\\/portal\\\/#organization\"},\"potentialAction\":[{\"@type\":\"SearchAction\",\"target\":{\"@type\":\"EntryPoint\",\"urlTemplate\":\"https:\\\/\\\/www.eldiario.net\\\/portal\\\/?s={search_term_string}\"},\"query-input\":{\"@type\":\"PropertyValueSpecification\",\"valueRequired\":true,\"valueName\":\"search_term_string\"}}],\"inLanguage\":\"es\"},{\"@type\":\"Organization\",\"@id\":\"https:\\\/\\\/www.eldiario.net\\\/portal\\\/#organization\",\"name\":\"El Diario - Decano de la prensa nacional\",\"url\":\"https:\\\/\\\/www.eldiario.net\\\/portal\\\/\",\"logo\":{\"@type\":\"ImageObject\",\"inLanguage\":\"es\",\"@id\":\"https:\\\/\\\/www.eldiario.net\\\/portal\\\/#\\\/schema\\\/logo\\\/image\\\/\",\"url\":\"https:\\\/\\\/www.eldiario.net\\\/portal\\\/wp-content\\\/uploads\\\/2023\\\/07\\\/logo_ED.jpg\",\"contentUrl\":\"https:\\\/\\\/www.eldiario.net\\\/portal\\\/wp-content\\\/uploads\\\/2023\\\/07\\\/logo_ED.jpg\",\"width\":272,\"height\":52,\"caption\":\"El Diario - Decano de la prensa nacional\"},\"image\":{\"@id\":\"https:\\\/\\\/www.eldiario.net\\\/portal\\\/#\\\/schema\\\/logo\\\/image\\\/\"},\"sameAs\":[\"https:\\\/\\\/www.facebook.com\\\/eldiario.bolivia\\\/\",\"https:\\\/\\\/x.com\\\/eldiario_net\"]},{\"@type\":\"Person\",\"@id\":\"https:\\\/\\\/www.eldiario.net\\\/portal\\\/#\\\/schema\\\/person\\\/2c57cf2b7a7ae032e449e4c9b1019eac\",\"name\":\"Jeanette\",\"image\":{\"@type\":\"ImageObject\",\"inLanguage\":\"es\",\"@id\":\"https:\\\/\\\/secure.gravatar.com\\\/avatar\\\/3ea2118a5f7dad2b7138b1187a6b7ee55f160b9968b66013c3a3ef39dd7e5798?s=96&d=mm&r=g\",\"url\":\"https:\\\/\\\/secure.gravatar.com\\\/avatar\\\/3ea2118a5f7dad2b7138b1187a6b7ee55f160b9968b66013c3a3ef39dd7e5798?s=96&d=mm&r=g\",\"contentUrl\":\"https:\\\/\\\/secure.gravatar.com\\\/avatar\\\/3ea2118a5f7dad2b7138b1187a6b7ee55f160b9968b66013c3a3ef39dd7e5798?s=96&d=mm&r=g\",\"caption\":\"Jeanette\"},\"sameAs\":[\"https:\\\/\\\/www.eldiario.net\\\/portal\"],\"url\":\"https:\\\/\\\/www.eldiario.net\\\/portal\\\/author\\\/jeanette\\\/\"}]}<\/script>\n<!-- \/ Yoast SEO plugin. -->","yoast_head_json":{"title":"Gobierno japon\u00e9s entrega obras en Santa Cruz para prevenir desastres - El Diario - Bolivia","robots":{"index":"index","follow":"follow","max-snippet":"max-snippet:-1","max-image-preview":"max-image-preview:large","max-video-preview":"max-video-preview:-1"},"canonical":"https:\/\/www.eldiario.net\/portal\/2024\/04\/28\/gobierno-japones-entrega-obras-en-santa-cruz-para-prevenir-desastres\/","og_locale":"es_ES","og_type":"article","og_title":"Gobierno japon\u00e9s entrega obras en Santa Cruz para prevenir desastres - El Diario - Bolivia","og_description":"En el departamento de Santa Cruz, el primer secretario de la Embajada del Jap\u00f3n, Takuma Momoi, junto a autoridades locales celebr\u00f3 la conclusi\u00f3n de la transferencia de tecnolog\u00eda para la prevenci\u00f3n de desastres y la construcci\u00f3n de diversos trabajos de refuerzos en las laderas de la carretera antigua. La donaci\u00f3n del Gobierno del Jap\u00f3n alcanza [&hellip;]","og_url":"https:\/\/www.eldiario.net\/portal\/2024\/04\/28\/gobierno-japones-entrega-obras-en-santa-cruz-para-prevenir-desastres\/","og_site_name":"El Diario - Bolivia","article_publisher":"https:\/\/www.facebook.com\/eldiario.bolivia\/","article_published_time":"2024-04-28T11:10:56+00:00","og_image":[{"width":2560,"height":1707,"url":"https:\/\/www.eldiario.net\/portal\/wp-content\/uploads\/2024\/04\/DSC_6037-scaled.jpg","type":"image\/jpeg"}],"author":"Jeanette","twitter_card":"summary_large_image","twitter_creator":"@eldiario_net","twitter_site":"@eldiario_net","twitter_misc":{"Escrito por":"Jeanette","Tiempo de lectura":"2 minutos"},"schema":{"@context":"https:\/\/schema.org","@graph":[{"@type":"Article","@id":"https:\/\/www.eldiario.net\/portal\/2024\/04\/28\/gobierno-japones-entrega-obras-en-santa-cruz-para-prevenir-desastres\/#article","isPartOf":{"@id":"https:\/\/www.eldiario.net\/portal\/2024\/04\/28\/gobierno-japones-entrega-obras-en-santa-cruz-para-prevenir-desastres\/"},"author":{"name":"Jeanette","@id":"https:\/\/www.eldiario.net\/portal\/#\/schema\/person\/2c57cf2b7a7ae032e449e4c9b1019eac"},"headline":"Gobierno japon\u00e9s entrega obras en Santa Cruz para prevenir desastres","datePublished":"2024-04-28T11:10:56+00:00","mainEntityOfPage":{"@id":"https:\/\/www.eldiario.net\/portal\/2024\/04\/28\/gobierno-japones-entrega-obras-en-santa-cruz-para-prevenir-desastres\/"},"wordCount":263,"commentCount":0,"publisher":{"@id":"https:\/\/www.eldiario.net\/portal\/#organization"},"image":{"@id":"https:\/\/www.eldiario.net\/portal\/2024\/04\/28\/gobierno-japones-entrega-obras-en-santa-cruz-para-prevenir-desastres\/#primaryimage"},"thumbnailUrl":"https:\/\/www.eldiario.net\/portal\/wp-content\/uploads\/2024\/04\/DSC_6037-scaled.jpg","articleSection":["Sociales"],"inLanguage":"es","potentialAction":[{"@type":"CommentAction","name":"Comment","target":["https:\/\/www.eldiario.net\/portal\/2024\/04\/28\/gobierno-japones-entrega-obras-en-santa-cruz-para-prevenir-desastres\/#respond"]}]},{"@type":"WebPage","@id":"https:\/\/www.eldiario.net\/portal\/2024\/04\/28\/gobierno-japones-entrega-obras-en-santa-cruz-para-prevenir-desastres\/","url":"https:\/\/www.eldiario.net\/portal\/2024\/04\/28\/gobierno-japones-entrega-obras-en-santa-cruz-para-prevenir-desastres\/","name":"Gobierno japon\u00e9s entrega obras en Santa Cruz para prevenir desastres - El Diario - Bolivia","isPartOf":{"@id":"https:\/\/www.eldiario.net\/portal\/#website"},"primaryImageOfPage":{"@id":"https:\/\/www.eldiario.net\/portal\/2024\/04\/28\/gobierno-japones-entrega-obras-en-santa-cruz-para-prevenir-desastres\/#primaryimage"},"image":{"@id":"https:\/\/www.eldiario.net\/portal\/2024\/04\/28\/gobierno-japones-entrega-obras-en-santa-cruz-para-prevenir-desastres\/#primaryimage"},"thumbnailUrl":"https:\/\/www.eldiario.net\/portal\/wp-content\/uploads\/2024\/04\/DSC_6037-scaled.jpg","datePublished":"2024-04-28T11:10:56+00:00","breadcrumb":{"@id":"https:\/\/www.eldiario.net\/portal\/2024\/04\/28\/gobierno-japones-entrega-obras-en-santa-cruz-para-prevenir-desastres\/#breadcrumb"},"inLanguage":"es","potentialAction":[{"@type":"ReadAction","target":["https:\/\/www.eldiario.net\/portal\/2024\/04\/28\/gobierno-japones-entrega-obras-en-santa-cruz-para-prevenir-desastres\/"]}]},{"@type":"ImageObject","inLanguage":"es","@id":"https:\/\/www.eldiario.net\/portal\/2024\/04\/28\/gobierno-japones-entrega-obras-en-santa-cruz-para-prevenir-desastres\/#primaryimage","url":"https:\/\/www.eldiario.net\/portal\/wp-content\/uploads\/2024\/04\/DSC_6037-scaled.jpg","contentUrl":"https:\/\/www.eldiario.net\/portal\/wp-content\/uploads\/2024\/04\/DSC_6037-scaled.jpg","width":2560,"height":1707,"caption":"FUNCIONARIOS DE LA EMBAJADA DEL JAP\u00d3N JUNTO A PRODUCTORES."},{"@type":"BreadcrumbList","@id":"https:\/\/www.eldiario.net\/portal\/2024\/04\/28\/gobierno-japones-entrega-obras-en-santa-cruz-para-prevenir-desastres\/#breadcrumb","itemListElement":[{"@type":"ListItem","position":1,"name":"Portada","item":"https:\/\/www.eldiario.net\/portal\/"},{"@type":"ListItem","position":2,"name":"Gobierno japon\u00e9s entrega obras en Santa Cruz para prevenir desastres"}]},{"@type":"WebSite","@id":"https:\/\/www.eldiario.net\/portal\/#website","url":"https:\/\/www.eldiario.net\/portal\/","name":"El Diario - Decano de la prensa nacional","description":"El Diario - Decano de la prensa nacional","publisher":{"@id":"https:\/\/www.eldiario.net\/portal\/#organization"},"potentialAction":[{"@type":"SearchAction","target":{"@type":"EntryPoint","urlTemplate":"https:\/\/www.eldiario.net\/portal\/?s={search_term_string}"},"query-input":{"@type":"PropertyValueSpecification","valueRequired":true,"valueName":"search_term_string"}}],"inLanguage":"es"},{"@type":"Organization","@id":"https:\/\/www.eldiario.net\/portal\/#organization","name":"El Diario - Decano de la prensa nacional","url":"https:\/\/www.eldiario.net\/portal\/","logo":{"@type":"ImageObject","inLanguage":"es","@id":"https:\/\/www.eldiario.net\/portal\/#\/schema\/logo\/image\/","url":"https:\/\/www.eldiario.net\/portal\/wp-content\/uploads\/2023\/07\/logo_ED.jpg","contentUrl":"https:\/\/www.eldiario.net\/portal\/wp-content\/uploads\/2023\/07\/logo_ED.jpg","width":272,"height":52,"caption":"El Diario - Decano de la prensa nacional"},"image":{"@id":"https:\/\/www.eldiario.net\/portal\/#\/schema\/logo\/image\/"},"sameAs":["https:\/\/www.facebook.com\/eldiario.bolivia\/","https:\/\/x.com\/eldiario_net"]},{"@type":"Person","@id":"https:\/\/www.eldiario.net\/portal\/#\/schema\/person\/2c57cf2b7a7ae032e449e4c9b1019eac","name":"Jeanette","image":{"@type":"ImageObject","inLanguage":"es","@id":"https:\/\/secure.gravatar.com\/avatar\/3ea2118a5f7dad2b7138b1187a6b7ee55f160b9968b66013c3a3ef39dd7e5798?s=96&d=mm&r=g","url":"https:\/\/secure.gravatar.com\/avatar\/3ea2118a5f7dad2b7138b1187a6b7ee55f160b9968b66013c3a3ef39dd7e5798?s=96&d=mm&r=g","contentUrl":"https:\/\/secure.gravatar.com\/avatar\/3ea2118a5f7dad2b7138b1187a6b7ee55f160b9968b66013c3a3ef39dd7e5798?s=96&d=mm&r=g","caption":"Jeanette"},"sameAs":["https:\/\/www.eldiario.net\/portal"],"url":"https:\/\/www.eldiario.net\/portal\/author\/jeanette\/"}]}},"_links":{"self":[{"href":"https:\/\/www.eldiario.net\/portal\/wp-json\/wp\/v2\/posts\/217190","targetHints":{"allow":["GET"]}}],"collection":[{"href":"https:\/\/www.eldiario.net\/portal\/wp-json\/wp\/v2\/posts"}],"about":[{"href":"https:\/\/www.eldiario.net\/portal\/wp-json\/wp\/v2\/types\/post"}],"author":[{"embeddable":true,"href":"https:\/\/www.eldiario.net\/portal\/wp-json\/wp\/v2\/users\/1"}],"replies":[{"embeddable":true,"href":"https:\/\/www.eldiario.net\/portal\/wp-json\/wp\/v2\/comments?post=217190"}],"version-history":[{"count":1,"href":"https:\/\/www.eldiario.net\/portal\/wp-json\/wp\/v2\/posts\/217190\/revisions"}],"predecessor-version":[{"id":217201,"href":"https:\/\/www.eldiario.net\/portal\/wp-json\/wp\/v2\/posts\/217190\/revisions\/217201"}],"wp:featuredmedia":[{"embeddable":true,"href":"https:\/\/www.eldiario.net\/portal\/wp-json\/wp\/v2\/media\/217199"}],"wp:attachment":[{"href":"https:\/\/www.eldiario.net\/portal\/wp-json\/wp\/v2\/media?parent=217190"}],"wp:term":[{"taxonomy":"category","embeddable":true,"href":"https:\/\/www.eldiario.net\/portal\/wp-json\/wp\/v2\/categories?post=217190"},{"taxonomy":"post_tag","embeddable":true,"href":"https:\/\/www.eldiario.net\/portal\/wp-json\/wp\/v2\/tags?post=217190"}],"curies":[{"name":"wp","href":"https:\/\/api.w.org\/{rel}","templated":true}]}}