{"id":217187,"date":"2024-04-28T07:04:40","date_gmt":"2024-04-28T11:04:40","guid":{"rendered":"https:\/\/www.eldiario.net\/portal\/?p=217187"},"modified":"2024-04-28T07:04:40","modified_gmt":"2024-04-28T11:04:40","slug":"urge-crear-politicas-duraderas-en-beneficio-del-medio-ambiente","status":"publish","type":"post","link":"https:\/\/www.eldiario.net\/portal\/2024\/04\/28\/urge-crear-politicas-duraderas-en-beneficio-del-medio-ambiente\/","title":{"rendered":"Urge crear pol\u00edticas duraderas en beneficio del medio ambiente"},"content":{"rendered":"<p>La directora del Grupo de Trabajo de Gobernadores para el Clima y los Bosques (GCF), Coleen Scanlan-Lyons, dijo que existe la necesidad de crear pol\u00edticas p\u00fablicas duraderas que protejan el medio ambiente, para lo cual apunt\u00f3 a los gobiernos subnacionales como esenciales para realizar esta tarea, en un trabajo coordinado con otras instituciones.<br \/>\nIndic\u00f3 que es necesario que se apliquen pol\u00edticas p\u00fablicas duraderas en el tiempo, dando como ejemplo la gesti\u00f3n del gobernador en ejercicio, Mario Aguilera, que al terminar su mandato, se deber\u00e1 continuar con las gestiones en favor del medio ambiente.<br \/>\n\u201cEn Brasil tenemos cinco cargos de secretarios, que ven por los pueblos originarios. Esto es de manera permanente, es decir, cuando un gobernador acaba su gesti\u00f3n el cargo queda para que se siga promoviendo el desarrollo sostenible\u201d, finaliz\u00f3.<br \/>\nAcot\u00f3 que el trabajo coordinado entre los gobiernos subnacionales, los expertos y las personas que trabajan en ese entorno, como: secretarios de medio ambiente, secretarios econ\u00f3micos y secretarios de planeamiento, ofrezcan soluciones ante la realidad que ellos conocen por experiencia.<br \/>\nOtro de los aspectos que abord\u00f3 est\u00e1 relacionado con la pobreza, indicando que es necesaria la diversificaci\u00f3n econ\u00f3mica de las regiones, que se plasme en la realizaci\u00f3n de varias actividades para obtener ingresos.<br \/>\nEn ese marco, la directora del GCF indic\u00f3 que para tener modelos exitosos, no se puede depender de una sola cadena de valor, por ejemplo, si en una regi\u00f3n viven del turismo y esto cae, es importante tener otras alternativas para poder salvar la situaci\u00f3n.<br \/>\nDijo que en el \u00e1rea rural, si se vive de la agricultura y viene una plaga, acabar\u00e1 con todo, por eso la importancia de tener varios modelos diferenciados que ayuden a salvar la realidad.<br \/>\n\u201cEn las comunidades es bueno tener proyectos para trabajar con productos locales, por ejemplo, la casta\u00f1a, pero tambi\u00e9n necesitamos ver c\u00f3mo podemos escalar, es decir, tener modelos pilotos que puedan generar m\u00e1s impacto, porque en realidad no tenemos m\u00e1s tiempo, debido a que estamos enfrentando a diario el cambio clim\u00e1tico\u201d, destac\u00f3.<br \/>\nPor tal raz\u00f3n, el GCF tiene como objetivo estudiar los mejores modelos y replicarlo en regiones con situaci\u00f3n similar, por ejemplo lo que pasa en el Amazonas, que podr\u00eda ser reflejado en Pando, debido a que ambos estados tienen bastantes bosques intactos.<br \/>\n\u201cEn el Amazonas hay una bioeconom\u00eda que est\u00e1 funcionando muy bien, entonces a trav\u00e9s de esa experiencia, Pando podr\u00eda adaptar y replicar este modelo\u201d, manifest\u00f3.<br \/>\nCOMPROMISO<br \/>\nEntre los puntos acordados por las autoridades presentes en el GCF, se destac\u00f3 el compromiso para reducir la deforestaci\u00f3n. As\u00ed tambi\u00e9n, resaltar la importancia de implementar la tecnolog\u00eda para luchar contra la deforestaci\u00f3n y la promoci\u00f3n de la biodiversidad.<br \/>\nA ello se suma la iniciativa de monitoreo y alerta temprana, para la prevenci\u00f3n y control del fuego, reconociendo as\u00ed la importancia del uso de la tecnolog\u00eda satelital y datos en tiempo real para poder atender emergencias forestales relacionadas con la deforestaci\u00f3n, los incendios y efectos del cambio clim\u00e1tico.<br \/>\nEl gobernador de Santa Cruz, Mario Aguilera, destac\u00f3 que el encuentro del GCF permiti\u00f3 que los pueblos ind\u00edgenas busquen mecanismos de financiamientos m\u00e1s flexibles y r\u00e1pidos en estrecha colaboraci\u00f3n con los gobernantes y el sector privado, en pro de la concentraci\u00f3n de agendas ambiciosas de protecci\u00f3n forestal de las comunidades.<br \/>\nEn ese marco el gobernador en ejercicio, manifest\u00f3 que el encuentro fue muy productivo y sirvi\u00f3 de plataforma para que miembros del GCF reiteren su compromiso de colaborar activamente, e implementar acciones concretas para avanzar orientados en dar continuidad al trabajo que realizaron durante las jornadas.<br \/>\n\u201cJuntos nos embarcamos hacia un mundo verde y resiliente. Agradezco a todos su participaci\u00f3n, el compromiso y dedicaci\u00f3n\u2026 sigamos trabajando juntos para proteger nuestros bosques, para garantizar un futuro sostenible para generaciones venideras y el trabajo que dio un paso adelante continuar\u00e1 ma\u00f1ana\u201d, finaliz\u00f3.<br \/>\nVISITA<br \/>\nAutoridades y delegaciones que participaron en la reuni\u00f3n del GCF se despidieron de Santa Cruz despu\u00e9s de un recorrido en tres zonas tur\u00edsticas de la regi\u00f3n metropolitana: el centro hist\u00f3rico de la ciudad, El Torno y Porongo, y agradecieron al pueblo cruce\u00f1o por la hospitalidad y el cari\u00f1o recibido, manifestando al mismo tiempo con entusiasmo, sus deseos de volver pronto al \u201ccoraz\u00f3n de Sudam\u00e9rica\u201d.<br \/>\nLas jornadas del GCF se prolongaron por casi una semana de arduo trabajo, donde participaron alrededor de 300 personas de 11 pa\u00edses con quienes se trabaj\u00f3 en mesas t\u00e9cnicas abordando la realidad, necesidades y amenazas que sufre la poblaci\u00f3n por el impacto del cambio clim\u00e1tico, se dise\u00f1aron mecanismos para minimizar esos efectos y avanzar hacia el desarrollo sostenible, equilibrio ecol\u00f3gico y protecci\u00f3n del medio ambiente.<br \/>\nEl representante global de la organizaci\u00f3n del GCF, Jason Gray, calific\u00f3 la reuni\u00f3n de gobernadores como un \u00e9xito donde se realizaron debates e intercambios de experiencias y trabajo con los pueblos ind\u00edgenas y otros sectores de la sociedad, llegando a acuerdos para cuidar los bosques y enfrentar el cambio clim\u00e1tico juntos.<br \/>\n\u201cTuvimos intercambios de ideas para ver c\u00f3mo las gobernaciones pueden acceder a financiamientos internacionales, a fin de que las comunidades puedan tener m\u00e1s apoyo. No es f\u00e1cil, pero esta reuni\u00f3n nos ayuda a codise\u00f1ar una ruta para lograrlo\u201d, agreg\u00f3. (Santa Cruz, agencias)<\/p>\n","protected":false},"excerpt":{"rendered":"<p>La directora del Grupo de Trabajo de Gobernadores para el Clima y los Bosques (GCF), Coleen Scanlan-Lyons, dijo que existe la necesidad de crear pol\u00edticas p\u00fablicas duraderas que protejan el medio ambiente, para lo cual apunt\u00f3 a los gobiernos subnacionales como esenciales para realizar esta tarea, en un trabajo coordinado con otras instituciones. Indic\u00f3 que [&hellip;]<\/p>\n","protected":false},"author":1,"featured_media":217188,"comment_status":"open","ping_status":"open","sticky":false,"template":"","format":"standard","meta":{"_acf_changed":false,"footnotes":""},"categories":[12],"tags":[],"class_list":["post-217187","post","type-post","status-publish","format-standard","has-post-thumbnail","category-nacional"],"acf":{"antetitulo":"Afirma Directora del GCF"},"yoast_head":"<!-- This site is optimized with the Yoast SEO plugin v28.4 - https:\/\/yoast.com\/product\/yoast-seo-wordpress\/ -->\n<title>Urge crear pol\u00edticas duraderas en beneficio del medio ambiente - El Diario - Bolivia<\/title>\n<meta name=\"robots\" content=\"index, follow, max-snippet:-1, max-image-preview:large, max-video-preview:-1\" \/>\n<link rel=\"canonical\" href=\"https:\/\/www.eldiario.net\/portal\/2024\/04\/28\/urge-crear-politicas-duraderas-en-beneficio-del-medio-ambiente\/\" \/>\n<meta property=\"og:locale\" content=\"es_ES\" \/>\n<meta property=\"og:type\" content=\"article\" \/>\n<meta property=\"og:title\" content=\"Urge crear pol\u00edticas duraderas en beneficio del medio ambiente - El Diario - Bolivia\" \/>\n<meta property=\"og:description\" content=\"La directora del Grupo de Trabajo de Gobernadores para el Clima y los Bosques (GCF), Coleen Scanlan-Lyons, dijo que existe la necesidad de crear pol\u00edticas p\u00fablicas duraderas que protejan el medio ambiente, para lo cual apunt\u00f3 a los gobiernos subnacionales como esenciales para realizar esta tarea, en un trabajo coordinado con otras instituciones. Indic\u00f3 que [&hellip;]\" \/>\n<meta property=\"og:url\" content=\"https:\/\/www.eldiario.net\/portal\/2024\/04\/28\/urge-crear-politicas-duraderas-en-beneficio-del-medio-ambiente\/\" \/>\n<meta property=\"og:site_name\" content=\"El Diario - Bolivia\" \/>\n<meta property=\"article:publisher\" content=\"https:\/\/www.facebook.com\/eldiario.bolivia\/\" \/>\n<meta property=\"article:published_time\" content=\"2024-04-28T11:04:40+00:00\" \/>\n<meta property=\"og:image\" content=\"https:\/\/www.eldiario.net\/portal\/wp-content\/uploads\/2024\/04\/10-NAL-COLOR-.jpg\" \/>\n\t<meta property=\"og:image:width\" content=\"1486\" \/>\n\t<meta property=\"og:image:height\" content=\"1200\" \/>\n\t<meta property=\"og:image:type\" content=\"image\/jpeg\" \/>\n<meta name=\"author\" content=\"Jeanette\" \/>\n<meta name=\"twitter:card\" content=\"summary_large_image\" \/>\n<meta name=\"twitter:creator\" content=\"@eldiario_net\" \/>\n<meta name=\"twitter:site\" content=\"@eldiario_net\" \/>\n<meta name=\"twitter:label1\" content=\"Escrito por\" \/>\n\t<meta name=\"twitter:data1\" content=\"Jeanette\" \/>\n\t<meta name=\"twitter:label2\" content=\"Tiempo de lectura\" \/>\n\t<meta name=\"twitter:data2\" content=\"5 minutos\" \/>\n<script type=\"application\/ld+json\" class=\"yoast-schema-graph\">{\"@context\":\"https:\\\/\\\/schema.org\",\"@graph\":[{\"@type\":\"Article\",\"@id\":\"https:\\\/\\\/www.eldiario.net\\\/portal\\\/2024\\\/04\\\/28\\\/urge-crear-politicas-duraderas-en-beneficio-del-medio-ambiente\\\/#article\",\"isPartOf\":{\"@id\":\"https:\\\/\\\/www.eldiario.net\\\/portal\\\/2024\\\/04\\\/28\\\/urge-crear-politicas-duraderas-en-beneficio-del-medio-ambiente\\\/\"},\"author\":{\"name\":\"Jeanette\",\"@id\":\"https:\\\/\\\/www.eldiario.net\\\/portal\\\/#\\\/schema\\\/person\\\/f46445640444750d7d753ccd04ae01b7\"},\"headline\":\"Urge crear pol\u00edticas duraderas en beneficio del medio ambiente\",\"datePublished\":\"2024-04-28T11:04:40+00:00\",\"mainEntityOfPage\":{\"@id\":\"https:\\\/\\\/www.eldiario.net\\\/portal\\\/2024\\\/04\\\/28\\\/urge-crear-politicas-duraderas-en-beneficio-del-medio-ambiente\\\/\"},\"wordCount\":928,\"commentCount\":0,\"publisher\":{\"@id\":\"https:\\\/\\\/www.eldiario.net\\\/portal\\\/#organization\"},\"image\":{\"@id\":\"https:\\\/\\\/www.eldiario.net\\\/portal\\\/2024\\\/04\\\/28\\\/urge-crear-politicas-duraderas-en-beneficio-del-medio-ambiente\\\/#primaryimage\"},\"thumbnailUrl\":\"https:\\\/\\\/www.eldiario.net\\\/portal\\\/wp-content\\\/uploads\\\/2024\\\/04\\\/10-NAL-COLOR-.jpg\",\"articleSection\":[\"Nacional\"],\"inLanguage\":\"es\",\"potentialAction\":[{\"@type\":\"CommentAction\",\"name\":\"Comment\",\"target\":[\"https:\\\/\\\/www.eldiario.net\\\/portal\\\/2024\\\/04\\\/28\\\/urge-crear-politicas-duraderas-en-beneficio-del-medio-ambiente\\\/#respond\"]}]},{\"@type\":\"WebPage\",\"@id\":\"https:\\\/\\\/www.eldiario.net\\\/portal\\\/2024\\\/04\\\/28\\\/urge-crear-politicas-duraderas-en-beneficio-del-medio-ambiente\\\/\",\"url\":\"https:\\\/\\\/www.eldiario.net\\\/portal\\\/2024\\\/04\\\/28\\\/urge-crear-politicas-duraderas-en-beneficio-del-medio-ambiente\\\/\",\"name\":\"Urge crear pol\u00edticas duraderas en beneficio del medio ambiente - El Diario - Bolivia\",\"isPartOf\":{\"@id\":\"https:\\\/\\\/www.eldiario.net\\\/portal\\\/#website\"},\"primaryImageOfPage\":{\"@id\":\"https:\\\/\\\/www.eldiario.net\\\/portal\\\/2024\\\/04\\\/28\\\/urge-crear-politicas-duraderas-en-beneficio-del-medio-ambiente\\\/#primaryimage\"},\"image\":{\"@id\":\"https:\\\/\\\/www.eldiario.net\\\/portal\\\/2024\\\/04\\\/28\\\/urge-crear-politicas-duraderas-en-beneficio-del-medio-ambiente\\\/#primaryimage\"},\"thumbnailUrl\":\"https:\\\/\\\/www.eldiario.net\\\/portal\\\/wp-content\\\/uploads\\\/2024\\\/04\\\/10-NAL-COLOR-.jpg\",\"datePublished\":\"2024-04-28T11:04:40+00:00\",\"breadcrumb\":{\"@id\":\"https:\\\/\\\/www.eldiario.net\\\/portal\\\/2024\\\/04\\\/28\\\/urge-crear-politicas-duraderas-en-beneficio-del-medio-ambiente\\\/#breadcrumb\"},\"inLanguage\":\"es\",\"potentialAction\":[{\"@type\":\"ReadAction\",\"target\":[\"https:\\\/\\\/www.eldiario.net\\\/portal\\\/2024\\\/04\\\/28\\\/urge-crear-politicas-duraderas-en-beneficio-del-medio-ambiente\\\/\"]}]},{\"@type\":\"ImageObject\",\"inLanguage\":\"es\",\"@id\":\"https:\\\/\\\/www.eldiario.net\\\/portal\\\/2024\\\/04\\\/28\\\/urge-crear-politicas-duraderas-en-beneficio-del-medio-ambiente\\\/#primaryimage\",\"url\":\"https:\\\/\\\/www.eldiario.net\\\/portal\\\/wp-content\\\/uploads\\\/2024\\\/04\\\/10-NAL-COLOR-.jpg\",\"contentUrl\":\"https:\\\/\\\/www.eldiario.net\\\/portal\\\/wp-content\\\/uploads\\\/2024\\\/04\\\/10-NAL-COLOR-.jpg\",\"width\":1486,\"height\":1200,\"caption\":\"Gobernadores y delegaciones del GCF visitaron El Torno y Porongo.\"},{\"@type\":\"BreadcrumbList\",\"@id\":\"https:\\\/\\\/www.eldiario.net\\\/portal\\\/2024\\\/04\\\/28\\\/urge-crear-politicas-duraderas-en-beneficio-del-medio-ambiente\\\/#breadcrumb\",\"itemListElement\":[{\"@type\":\"ListItem\",\"position\":1,\"name\":\"Portada\",\"item\":\"https:\\\/\\\/www.eldiario.net\\\/portal\\\/\"},{\"@type\":\"ListItem\",\"position\":2,\"name\":\"Urge crear pol\u00edticas duraderas en beneficio del medio ambiente\"}]},{\"@type\":\"WebSite\",\"@id\":\"https:\\\/\\\/www.eldiario.net\\\/portal\\\/#website\",\"url\":\"https:\\\/\\\/www.eldiario.net\\\/portal\\\/\",\"name\":\"El Diario - Decano de la prensa nacional\",\"description\":\"El Diario - Decano de la prensa nacional\",\"publisher\":{\"@id\":\"https:\\\/\\\/www.eldiario.net\\\/portal\\\/#organization\"},\"potentialAction\":[{\"@type\":\"SearchAction\",\"target\":{\"@type\":\"EntryPoint\",\"urlTemplate\":\"https:\\\/\\\/www.eldiario.net\\\/portal\\\/?s={search_term_string}\"},\"query-input\":{\"@type\":\"PropertyValueSpecification\",\"valueRequired\":true,\"valueName\":\"search_term_string\"}}],\"inLanguage\":\"es\"},{\"@type\":\"Organization\",\"@id\":\"https:\\\/\\\/www.eldiario.net\\\/portal\\\/#organization\",\"name\":\"El Diario - Decano de la prensa nacional\",\"url\":\"https:\\\/\\\/www.eldiario.net\\\/portal\\\/\",\"logo\":{\"@type\":\"ImageObject\",\"inLanguage\":\"es\",\"@id\":\"https:\\\/\\\/www.eldiario.net\\\/portal\\\/#\\\/schema\\\/logo\\\/image\\\/\",\"url\":\"https:\\\/\\\/www.eldiario.net\\\/portal\\\/wp-content\\\/uploads\\\/2023\\\/07\\\/logo_ED.jpg\",\"contentUrl\":\"https:\\\/\\\/www.eldiario.net\\\/portal\\\/wp-content\\\/uploads\\\/2023\\\/07\\\/logo_ED.jpg\",\"width\":272,\"height\":52,\"caption\":\"El Diario - Decano de la prensa nacional\"},\"image\":{\"@id\":\"https:\\\/\\\/www.eldiario.net\\\/portal\\\/#\\\/schema\\\/logo\\\/image\\\/\"},\"sameAs\":[\"https:\\\/\\\/www.facebook.com\\\/eldiario.bolivia\\\/\",\"https:\\\/\\\/x.com\\\/eldiario_net\"]},{\"@type\":\"Person\",\"@id\":\"https:\\\/\\\/www.eldiario.net\\\/portal\\\/#\\\/schema\\\/person\\\/f46445640444750d7d753ccd04ae01b7\",\"name\":\"Jeanette\",\"image\":{\"@type\":\"ImageObject\",\"inLanguage\":\"es\",\"@id\":\"https:\\\/\\\/secure.gravatar.com\\\/avatar\\\/3ea2118a5f7dad2b7138b1187a6b7ee55f160b9968b66013c3a3ef39dd7e5798?s=96&d=mm&r=g\",\"url\":\"https:\\\/\\\/secure.gravatar.com\\\/avatar\\\/3ea2118a5f7dad2b7138b1187a6b7ee55f160b9968b66013c3a3ef39dd7e5798?s=96&d=mm&r=g\",\"contentUrl\":\"https:\\\/\\\/secure.gravatar.com\\\/avatar\\\/3ea2118a5f7dad2b7138b1187a6b7ee55f160b9968b66013c3a3ef39dd7e5798?s=96&d=mm&r=g\",\"caption\":\"Jeanette\"},\"sameAs\":[\"https:\\\/\\\/www.eldiario.net\\\/portal\"],\"url\":\"https:\\\/\\\/www.eldiario.net\\\/portal\\\/author\\\/jeanette\\\/\"}]}<\/script>\n<!-- \/ Yoast SEO plugin. -->","yoast_head_json":{"title":"Urge crear pol\u00edticas duraderas en beneficio del medio ambiente - El Diario - Bolivia","robots":{"index":"index","follow":"follow","max-snippet":"max-snippet:-1","max-image-preview":"max-image-preview:large","max-video-preview":"max-video-preview:-1"},"canonical":"https:\/\/www.eldiario.net\/portal\/2024\/04\/28\/urge-crear-politicas-duraderas-en-beneficio-del-medio-ambiente\/","og_locale":"es_ES","og_type":"article","og_title":"Urge crear pol\u00edticas duraderas en beneficio del medio ambiente - El Diario - Bolivia","og_description":"La directora del Grupo de Trabajo de Gobernadores para el Clima y los Bosques (GCF), Coleen Scanlan-Lyons, dijo que existe la necesidad de crear pol\u00edticas p\u00fablicas duraderas que protejan el medio ambiente, para lo cual apunt\u00f3 a los gobiernos subnacionales como esenciales para realizar esta tarea, en un trabajo coordinado con otras instituciones. Indic\u00f3 que [&hellip;]","og_url":"https:\/\/www.eldiario.net\/portal\/2024\/04\/28\/urge-crear-politicas-duraderas-en-beneficio-del-medio-ambiente\/","og_site_name":"El Diario - Bolivia","article_publisher":"https:\/\/www.facebook.com\/eldiario.bolivia\/","article_published_time":"2024-04-28T11:04:40+00:00","og_image":[{"width":1486,"height":1200,"url":"https:\/\/www.eldiario.net\/portal\/wp-content\/uploads\/2024\/04\/10-NAL-COLOR-.jpg","type":"image\/jpeg"}],"author":"Jeanette","twitter_card":"summary_large_image","twitter_creator":"@eldiario_net","twitter_site":"@eldiario_net","twitter_misc":{"Escrito por":"Jeanette","Tiempo de lectura":"5 minutos"},"schema":{"@context":"https:\/\/schema.org","@graph":[{"@type":"Article","@id":"https:\/\/www.eldiario.net\/portal\/2024\/04\/28\/urge-crear-politicas-duraderas-en-beneficio-del-medio-ambiente\/#article","isPartOf":{"@id":"https:\/\/www.eldiario.net\/portal\/2024\/04\/28\/urge-crear-politicas-duraderas-en-beneficio-del-medio-ambiente\/"},"author":{"name":"Jeanette","@id":"https:\/\/www.eldiario.net\/portal\/#\/schema\/person\/f46445640444750d7d753ccd04ae01b7"},"headline":"Urge crear pol\u00edticas duraderas en beneficio del medio ambiente","datePublished":"2024-04-28T11:04:40+00:00","mainEntityOfPage":{"@id":"https:\/\/www.eldiario.net\/portal\/2024\/04\/28\/urge-crear-politicas-duraderas-en-beneficio-del-medio-ambiente\/"},"wordCount":928,"commentCount":0,"publisher":{"@id":"https:\/\/www.eldiario.net\/portal\/#organization"},"image":{"@id":"https:\/\/www.eldiario.net\/portal\/2024\/04\/28\/urge-crear-politicas-duraderas-en-beneficio-del-medio-ambiente\/#primaryimage"},"thumbnailUrl":"https:\/\/www.eldiario.net\/portal\/wp-content\/uploads\/2024\/04\/10-NAL-COLOR-.jpg","articleSection":["Nacional"],"inLanguage":"es","potentialAction":[{"@type":"CommentAction","name":"Comment","target":["https:\/\/www.eldiario.net\/portal\/2024\/04\/28\/urge-crear-politicas-duraderas-en-beneficio-del-medio-ambiente\/#respond"]}]},{"@type":"WebPage","@id":"https:\/\/www.eldiario.net\/portal\/2024\/04\/28\/urge-crear-politicas-duraderas-en-beneficio-del-medio-ambiente\/","url":"https:\/\/www.eldiario.net\/portal\/2024\/04\/28\/urge-crear-politicas-duraderas-en-beneficio-del-medio-ambiente\/","name":"Urge crear pol\u00edticas duraderas en beneficio del medio ambiente - El Diario - Bolivia","isPartOf":{"@id":"https:\/\/www.eldiario.net\/portal\/#website"},"primaryImageOfPage":{"@id":"https:\/\/www.eldiario.net\/portal\/2024\/04\/28\/urge-crear-politicas-duraderas-en-beneficio-del-medio-ambiente\/#primaryimage"},"image":{"@id":"https:\/\/www.eldiario.net\/portal\/2024\/04\/28\/urge-crear-politicas-duraderas-en-beneficio-del-medio-ambiente\/#primaryimage"},"thumbnailUrl":"https:\/\/www.eldiario.net\/portal\/wp-content\/uploads\/2024\/04\/10-NAL-COLOR-.jpg","datePublished":"2024-04-28T11:04:40+00:00","breadcrumb":{"@id":"https:\/\/www.eldiario.net\/portal\/2024\/04\/28\/urge-crear-politicas-duraderas-en-beneficio-del-medio-ambiente\/#breadcrumb"},"inLanguage":"es","potentialAction":[{"@type":"ReadAction","target":["https:\/\/www.eldiario.net\/portal\/2024\/04\/28\/urge-crear-politicas-duraderas-en-beneficio-del-medio-ambiente\/"]}]},{"@type":"ImageObject","inLanguage":"es","@id":"https:\/\/www.eldiario.net\/portal\/2024\/04\/28\/urge-crear-politicas-duraderas-en-beneficio-del-medio-ambiente\/#primaryimage","url":"https:\/\/www.eldiario.net\/portal\/wp-content\/uploads\/2024\/04\/10-NAL-COLOR-.jpg","contentUrl":"https:\/\/www.eldiario.net\/portal\/wp-content\/uploads\/2024\/04\/10-NAL-COLOR-.jpg","width":1486,"height":1200,"caption":"Gobernadores y delegaciones del GCF visitaron El Torno y Porongo."},{"@type":"BreadcrumbList","@id":"https:\/\/www.eldiario.net\/portal\/2024\/04\/28\/urge-crear-politicas-duraderas-en-beneficio-del-medio-ambiente\/#breadcrumb","itemListElement":[{"@type":"ListItem","position":1,"name":"Portada","item":"https:\/\/www.eldiario.net\/portal\/"},{"@type":"ListItem","position":2,"name":"Urge crear pol\u00edticas duraderas en beneficio del medio ambiente"}]},{"@type":"WebSite","@id":"https:\/\/www.eldiario.net\/portal\/#website","url":"https:\/\/www.eldiario.net\/portal\/","name":"El Diario - Decano de la prensa nacional","description":"El Diario - Decano de la prensa nacional","publisher":{"@id":"https:\/\/www.eldiario.net\/portal\/#organization"},"potentialAction":[{"@type":"SearchAction","target":{"@type":"EntryPoint","urlTemplate":"https:\/\/www.eldiario.net\/portal\/?s={search_term_string}"},"query-input":{"@type":"PropertyValueSpecification","valueRequired":true,"valueName":"search_term_string"}}],"inLanguage":"es"},{"@type":"Organization","@id":"https:\/\/www.eldiario.net\/portal\/#organization","name":"El Diario - Decano de la prensa nacional","url":"https:\/\/www.eldiario.net\/portal\/","logo":{"@type":"ImageObject","inLanguage":"es","@id":"https:\/\/www.eldiario.net\/portal\/#\/schema\/logo\/image\/","url":"https:\/\/www.eldiario.net\/portal\/wp-content\/uploads\/2023\/07\/logo_ED.jpg","contentUrl":"https:\/\/www.eldiario.net\/portal\/wp-content\/uploads\/2023\/07\/logo_ED.jpg","width":272,"height":52,"caption":"El Diario - Decano de la prensa nacional"},"image":{"@id":"https:\/\/www.eldiario.net\/portal\/#\/schema\/logo\/image\/"},"sameAs":["https:\/\/www.facebook.com\/eldiario.bolivia\/","https:\/\/x.com\/eldiario_net"]},{"@type":"Person","@id":"https:\/\/www.eldiario.net\/portal\/#\/schema\/person\/f46445640444750d7d753ccd04ae01b7","name":"Jeanette","image":{"@type":"ImageObject","inLanguage":"es","@id":"https:\/\/secure.gravatar.com\/avatar\/3ea2118a5f7dad2b7138b1187a6b7ee55f160b9968b66013c3a3ef39dd7e5798?s=96&d=mm&r=g","url":"https:\/\/secure.gravatar.com\/avatar\/3ea2118a5f7dad2b7138b1187a6b7ee55f160b9968b66013c3a3ef39dd7e5798?s=96&d=mm&r=g","contentUrl":"https:\/\/secure.gravatar.com\/avatar\/3ea2118a5f7dad2b7138b1187a6b7ee55f160b9968b66013c3a3ef39dd7e5798?s=96&d=mm&r=g","caption":"Jeanette"},"sameAs":["https:\/\/www.eldiario.net\/portal"],"url":"https:\/\/www.eldiario.net\/portal\/author\/jeanette\/"}]}},"_links":{"self":[{"href":"https:\/\/www.eldiario.net\/portal\/wp-json\/wp\/v2\/posts\/217187","targetHints":{"allow":["GET"]}}],"collection":[{"href":"https:\/\/www.eldiario.net\/portal\/wp-json\/wp\/v2\/posts"}],"about":[{"href":"https:\/\/www.eldiario.net\/portal\/wp-json\/wp\/v2\/types\/post"}],"author":[{"embeddable":true,"href":"https:\/\/www.eldiario.net\/portal\/wp-json\/wp\/v2\/users\/1"}],"replies":[{"embeddable":true,"href":"https:\/\/www.eldiario.net\/portal\/wp-json\/wp\/v2\/comments?post=217187"}],"version-history":[{"count":1,"href":"https:\/\/www.eldiario.net\/portal\/wp-json\/wp\/v2\/posts\/217187\/revisions"}],"predecessor-version":[{"id":217189,"href":"https:\/\/www.eldiario.net\/portal\/wp-json\/wp\/v2\/posts\/217187\/revisions\/217189"}],"wp:featuredmedia":[{"embeddable":true,"href":"https:\/\/www.eldiario.net\/portal\/wp-json\/wp\/v2\/media\/217188"}],"wp:attachment":[{"href":"https:\/\/www.eldiario.net\/portal\/wp-json\/wp\/v2\/media?parent=217187"}],"wp:term":[{"taxonomy":"category","embeddable":true,"href":"https:\/\/www.eldiario.net\/portal\/wp-json\/wp\/v2\/categories?post=217187"},{"taxonomy":"post_tag","embeddable":true,"href":"https:\/\/www.eldiario.net\/portal\/wp-json\/wp\/v2\/tags?post=217187"}],"curies":[{"name":"wp","href":"https:\/\/api.w.org\/{rel}","templated":true}]}}