{"id":217174,"date":"2024-04-28T07:01:44","date_gmt":"2024-04-28T11:01:44","guid":{"rendered":"https:\/\/www.eldiario.net\/portal\/?p=217174"},"modified":"2024-04-28T07:01:44","modified_gmt":"2024-04-28T11:01:44","slug":"realizan-recepcion-provisional-del-tramo-santa-rosa-los-andes","status":"publish","type":"post","link":"https:\/\/www.eldiario.net\/portal\/2024\/04\/28\/realizan-recepcion-provisional-del-tramo-santa-rosa-los-andes\/","title":{"rendered":"Realizan recepci\u00f3n provisional  del tramo Santa Rosa-Los Andes"},"content":{"rendered":"<p>El tramo carretero Santa Rosa-Los Andes (Fase II), est\u00e1 casi en la recta final y pronto ser\u00e1 su recepci\u00f3n definitiva. As\u00ed lo hicieron conocer autoridades de la Gobernaci\u00f3n en la \u00faltima inspecci\u00f3n a esta obra.<br \/>\n\u201cTenemos la satisfacci\u00f3n de recibir un tramo m\u00e1s de las carreteras que fueron licitadas en la gesti\u00f3n 2023. Este tramo tiene 4.5 kil\u00f3metros que est\u00e1 en Santa Rosa del Sara y va hasta Los Andes. La inversi\u00f3n es bastante fuerte, se habla de unos 27 millones de bolivianos, y recalcar que es una carretera que est\u00e1 hecha dentro de los est\u00e1ndares internacionales\u201d, dijo el director de Obras P\u00fablicas de la Gobernaci\u00f3n, Luis Fernando Terceros.<br \/>\nDestac\u00f3 tambi\u00e9n que esta carretera ser\u00e1 beneficiosa para los agricultores y comunarios, ya que podr\u00e1n sacar mucha materia prima y alimentos para comercializarlos en el mercado. Esta obra tiene una plataforma de circulaci\u00f3n de 7 metros, con bermas de metro y medio, y est\u00e1 construido con pavimento r\u00edgido que tiene 23 cent\u00edmetros de espesor, as\u00ed tambi\u00e9n tiene todas las caracter\u00edsticas necesarias exigidas por norma.<br \/>\n\u201cEsta es una gesti\u00f3n m\u00e1s de la Gobernaci\u00f3n, cumpliendo con su compromiso con la poblaci\u00f3n y las autoridades municipales, para nosotros es una satisfacci\u00f3n recibir esta obra la cual va apoyar mucho al desarrollo productivo del departamento\u201d, finaliz\u00f3 Terceros. (Santa Cruz, agencias)<\/p>\n","protected":false},"excerpt":{"rendered":"<p>El tramo carretero Santa Rosa-Los Andes (Fase II), est\u00e1 casi en la recta final y pronto ser\u00e1 su recepci\u00f3n definitiva. As\u00ed lo hicieron conocer autoridades de la Gobernaci\u00f3n en la \u00faltima inspecci\u00f3n a esta obra. \u201cTenemos la satisfacci\u00f3n de recibir un tramo m\u00e1s de las carreteras que fueron licitadas en la gesti\u00f3n 2023. Este tramo [&hellip;]<\/p>\n","protected":false},"author":1,"featured_media":217175,"comment_status":"open","ping_status":"open","sticky":false,"template":"","format":"standard","meta":{"_acf_changed":false,"footnotes":""},"categories":[12],"tags":[],"class_list":["post-217174","post","type-post","status-publish","format-standard","has-post-thumbnail","category-nacional"],"acf":{"antetitulo":"Santa Cruz"},"yoast_head":"<!-- This site is optimized with the Yoast SEO plugin v28.4 - https:\/\/yoast.com\/product\/yoast-seo-wordpress\/ -->\n<title>Realizan recepci\u00f3n provisional del tramo Santa Rosa-Los Andes - El Diario - Bolivia<\/title>\n<meta name=\"robots\" content=\"index, follow, max-snippet:-1, max-image-preview:large, max-video-preview:-1\" \/>\n<link rel=\"canonical\" href=\"https:\/\/www.eldiario.net\/portal\/2024\/04\/28\/realizan-recepcion-provisional-del-tramo-santa-rosa-los-andes\/\" \/>\n<meta property=\"og:locale\" content=\"es_ES\" \/>\n<meta property=\"og:type\" content=\"article\" \/>\n<meta property=\"og:title\" content=\"Realizan recepci\u00f3n provisional del tramo Santa Rosa-Los Andes - El Diario - Bolivia\" \/>\n<meta property=\"og:description\" content=\"El tramo carretero Santa Rosa-Los Andes (Fase II), est\u00e1 casi en la recta final y pronto ser\u00e1 su recepci\u00f3n definitiva. As\u00ed lo hicieron conocer autoridades de la Gobernaci\u00f3n en la \u00faltima inspecci\u00f3n a esta obra. \u201cTenemos la satisfacci\u00f3n de recibir un tramo m\u00e1s de las carreteras que fueron licitadas en la gesti\u00f3n 2023. Este tramo [&hellip;]\" \/>\n<meta property=\"og:url\" content=\"https:\/\/www.eldiario.net\/portal\/2024\/04\/28\/realizan-recepcion-provisional-del-tramo-santa-rosa-los-andes\/\" \/>\n<meta property=\"og:site_name\" content=\"El Diario - Bolivia\" \/>\n<meta property=\"article:publisher\" content=\"https:\/\/www.facebook.com\/eldiario.bolivia\/\" \/>\n<meta property=\"article:published_time\" content=\"2024-04-28T11:01:44+00:00\" \/>\n<meta property=\"og:image\" content=\"https:\/\/www.eldiario.net\/portal\/wp-content\/uploads\/2024\/04\/13-NAL-COLOR-.jpg\" \/>\n\t<meta property=\"og:image:width\" content=\"1600\" \/>\n\t<meta property=\"og:image:height\" content=\"901\" \/>\n\t<meta property=\"og:image:type\" content=\"image\/jpeg\" \/>\n<meta name=\"author\" content=\"Jeanette\" \/>\n<meta name=\"twitter:card\" content=\"summary_large_image\" \/>\n<meta name=\"twitter:creator\" content=\"@eldiario_net\" \/>\n<meta name=\"twitter:site\" content=\"@eldiario_net\" \/>\n<meta name=\"twitter:label1\" content=\"Escrito por\" \/>\n\t<meta name=\"twitter:data1\" content=\"Jeanette\" \/>\n\t<meta name=\"twitter:label2\" content=\"Tiempo de lectura\" \/>\n\t<meta name=\"twitter:data2\" content=\"2 minutos\" \/>\n<script type=\"application\/ld+json\" class=\"yoast-schema-graph\">{\"@context\":\"https:\\\/\\\/schema.org\",\"@graph\":[{\"@type\":\"Article\",\"@id\":\"https:\\\/\\\/www.eldiario.net\\\/portal\\\/2024\\\/04\\\/28\\\/realizan-recepcion-provisional-del-tramo-santa-rosa-los-andes\\\/#article\",\"isPartOf\":{\"@id\":\"https:\\\/\\\/www.eldiario.net\\\/portal\\\/2024\\\/04\\\/28\\\/realizan-recepcion-provisional-del-tramo-santa-rosa-los-andes\\\/\"},\"author\":{\"name\":\"Jeanette\",\"@id\":\"https:\\\/\\\/www.eldiario.net\\\/portal\\\/#\\\/schema\\\/person\\\/f46445640444750d7d753ccd04ae01b7\"},\"headline\":\"Realizan recepci\u00f3n provisional del tramo Santa Rosa-Los Andes\",\"datePublished\":\"2024-04-28T11:01:44+00:00\",\"mainEntityOfPage\":{\"@id\":\"https:\\\/\\\/www.eldiario.net\\\/portal\\\/2024\\\/04\\\/28\\\/realizan-recepcion-provisional-del-tramo-santa-rosa-los-andes\\\/\"},\"wordCount\":242,\"commentCount\":0,\"publisher\":{\"@id\":\"https:\\\/\\\/www.eldiario.net\\\/portal\\\/#organization\"},\"image\":{\"@id\":\"https:\\\/\\\/www.eldiario.net\\\/portal\\\/2024\\\/04\\\/28\\\/realizan-recepcion-provisional-del-tramo-santa-rosa-los-andes\\\/#primaryimage\"},\"thumbnailUrl\":\"https:\\\/\\\/www.eldiario.net\\\/portal\\\/wp-content\\\/uploads\\\/2024\\\/04\\\/13-NAL-COLOR-.jpg\",\"articleSection\":[\"Nacional\"],\"inLanguage\":\"es\",\"potentialAction\":[{\"@type\":\"CommentAction\",\"name\":\"Comment\",\"target\":[\"https:\\\/\\\/www.eldiario.net\\\/portal\\\/2024\\\/04\\\/28\\\/realizan-recepcion-provisional-del-tramo-santa-rosa-los-andes\\\/#respond\"]}]},{\"@type\":\"WebPage\",\"@id\":\"https:\\\/\\\/www.eldiario.net\\\/portal\\\/2024\\\/04\\\/28\\\/realizan-recepcion-provisional-del-tramo-santa-rosa-los-andes\\\/\",\"url\":\"https:\\\/\\\/www.eldiario.net\\\/portal\\\/2024\\\/04\\\/28\\\/realizan-recepcion-provisional-del-tramo-santa-rosa-los-andes\\\/\",\"name\":\"Realizan recepci\u00f3n provisional del tramo Santa Rosa-Los Andes - El Diario - Bolivia\",\"isPartOf\":{\"@id\":\"https:\\\/\\\/www.eldiario.net\\\/portal\\\/#website\"},\"primaryImageOfPage\":{\"@id\":\"https:\\\/\\\/www.eldiario.net\\\/portal\\\/2024\\\/04\\\/28\\\/realizan-recepcion-provisional-del-tramo-santa-rosa-los-andes\\\/#primaryimage\"},\"image\":{\"@id\":\"https:\\\/\\\/www.eldiario.net\\\/portal\\\/2024\\\/04\\\/28\\\/realizan-recepcion-provisional-del-tramo-santa-rosa-los-andes\\\/#primaryimage\"},\"thumbnailUrl\":\"https:\\\/\\\/www.eldiario.net\\\/portal\\\/wp-content\\\/uploads\\\/2024\\\/04\\\/13-NAL-COLOR-.jpg\",\"datePublished\":\"2024-04-28T11:01:44+00:00\",\"breadcrumb\":{\"@id\":\"https:\\\/\\\/www.eldiario.net\\\/portal\\\/2024\\\/04\\\/28\\\/realizan-recepcion-provisional-del-tramo-santa-rosa-los-andes\\\/#breadcrumb\"},\"inLanguage\":\"es\",\"potentialAction\":[{\"@type\":\"ReadAction\",\"target\":[\"https:\\\/\\\/www.eldiario.net\\\/portal\\\/2024\\\/04\\\/28\\\/realizan-recepcion-provisional-del-tramo-santa-rosa-los-andes\\\/\"]}]},{\"@type\":\"ImageObject\",\"inLanguage\":\"es\",\"@id\":\"https:\\\/\\\/www.eldiario.net\\\/portal\\\/2024\\\/04\\\/28\\\/realizan-recepcion-provisional-del-tramo-santa-rosa-los-andes\\\/#primaryimage\",\"url\":\"https:\\\/\\\/www.eldiario.net\\\/portal\\\/wp-content\\\/uploads\\\/2024\\\/04\\\/13-NAL-COLOR-.jpg\",\"contentUrl\":\"https:\\\/\\\/www.eldiario.net\\\/portal\\\/wp-content\\\/uploads\\\/2024\\\/04\\\/13-NAL-COLOR-.jpg\",\"width\":1600,\"height\":901,\"caption\":\"Tramo carretero Santa Rosa-Los Andes (Fase II).\"},{\"@type\":\"BreadcrumbList\",\"@id\":\"https:\\\/\\\/www.eldiario.net\\\/portal\\\/2024\\\/04\\\/28\\\/realizan-recepcion-provisional-del-tramo-santa-rosa-los-andes\\\/#breadcrumb\",\"itemListElement\":[{\"@type\":\"ListItem\",\"position\":1,\"name\":\"Portada\",\"item\":\"https:\\\/\\\/www.eldiario.net\\\/portal\\\/\"},{\"@type\":\"ListItem\",\"position\":2,\"name\":\"Realizan recepci\u00f3n provisional del tramo Santa Rosa-Los Andes\"}]},{\"@type\":\"WebSite\",\"@id\":\"https:\\\/\\\/www.eldiario.net\\\/portal\\\/#website\",\"url\":\"https:\\\/\\\/www.eldiario.net\\\/portal\\\/\",\"name\":\"El Diario - Decano de la prensa nacional\",\"description\":\"El Diario - Decano de la prensa nacional\",\"publisher\":{\"@id\":\"https:\\\/\\\/www.eldiario.net\\\/portal\\\/#organization\"},\"potentialAction\":[{\"@type\":\"SearchAction\",\"target\":{\"@type\":\"EntryPoint\",\"urlTemplate\":\"https:\\\/\\\/www.eldiario.net\\\/portal\\\/?s={search_term_string}\"},\"query-input\":{\"@type\":\"PropertyValueSpecification\",\"valueRequired\":true,\"valueName\":\"search_term_string\"}}],\"inLanguage\":\"es\"},{\"@type\":\"Organization\",\"@id\":\"https:\\\/\\\/www.eldiario.net\\\/portal\\\/#organization\",\"name\":\"El Diario - Decano de la prensa nacional\",\"url\":\"https:\\\/\\\/www.eldiario.net\\\/portal\\\/\",\"logo\":{\"@type\":\"ImageObject\",\"inLanguage\":\"es\",\"@id\":\"https:\\\/\\\/www.eldiario.net\\\/portal\\\/#\\\/schema\\\/logo\\\/image\\\/\",\"url\":\"https:\\\/\\\/www.eldiario.net\\\/portal\\\/wp-content\\\/uploads\\\/2023\\\/07\\\/logo_ED.jpg\",\"contentUrl\":\"https:\\\/\\\/www.eldiario.net\\\/portal\\\/wp-content\\\/uploads\\\/2023\\\/07\\\/logo_ED.jpg\",\"width\":272,\"height\":52,\"caption\":\"El Diario - Decano de la prensa nacional\"},\"image\":{\"@id\":\"https:\\\/\\\/www.eldiario.net\\\/portal\\\/#\\\/schema\\\/logo\\\/image\\\/\"},\"sameAs\":[\"https:\\\/\\\/www.facebook.com\\\/eldiario.bolivia\\\/\",\"https:\\\/\\\/x.com\\\/eldiario_net\"]},{\"@type\":\"Person\",\"@id\":\"https:\\\/\\\/www.eldiario.net\\\/portal\\\/#\\\/schema\\\/person\\\/f46445640444750d7d753ccd04ae01b7\",\"name\":\"Jeanette\",\"image\":{\"@type\":\"ImageObject\",\"inLanguage\":\"es\",\"@id\":\"https:\\\/\\\/secure.gravatar.com\\\/avatar\\\/3ea2118a5f7dad2b7138b1187a6b7ee55f160b9968b66013c3a3ef39dd7e5798?s=96&d=mm&r=g\",\"url\":\"https:\\\/\\\/secure.gravatar.com\\\/avatar\\\/3ea2118a5f7dad2b7138b1187a6b7ee55f160b9968b66013c3a3ef39dd7e5798?s=96&d=mm&r=g\",\"contentUrl\":\"https:\\\/\\\/secure.gravatar.com\\\/avatar\\\/3ea2118a5f7dad2b7138b1187a6b7ee55f160b9968b66013c3a3ef39dd7e5798?s=96&d=mm&r=g\",\"caption\":\"Jeanette\"},\"sameAs\":[\"https:\\\/\\\/www.eldiario.net\\\/portal\"],\"url\":\"https:\\\/\\\/www.eldiario.net\\\/portal\\\/author\\\/jeanette\\\/\"}]}<\/script>\n<!-- \/ Yoast SEO plugin. -->","yoast_head_json":{"title":"Realizan recepci\u00f3n provisional del tramo Santa Rosa-Los Andes - El Diario - Bolivia","robots":{"index":"index","follow":"follow","max-snippet":"max-snippet:-1","max-image-preview":"max-image-preview:large","max-video-preview":"max-video-preview:-1"},"canonical":"https:\/\/www.eldiario.net\/portal\/2024\/04\/28\/realizan-recepcion-provisional-del-tramo-santa-rosa-los-andes\/","og_locale":"es_ES","og_type":"article","og_title":"Realizan recepci\u00f3n provisional del tramo Santa Rosa-Los Andes - El Diario - Bolivia","og_description":"El tramo carretero Santa Rosa-Los Andes (Fase II), est\u00e1 casi en la recta final y pronto ser\u00e1 su recepci\u00f3n definitiva. As\u00ed lo hicieron conocer autoridades de la Gobernaci\u00f3n en la \u00faltima inspecci\u00f3n a esta obra. \u201cTenemos la satisfacci\u00f3n de recibir un tramo m\u00e1s de las carreteras que fueron licitadas en la gesti\u00f3n 2023. Este tramo [&hellip;]","og_url":"https:\/\/www.eldiario.net\/portal\/2024\/04\/28\/realizan-recepcion-provisional-del-tramo-santa-rosa-los-andes\/","og_site_name":"El Diario - Bolivia","article_publisher":"https:\/\/www.facebook.com\/eldiario.bolivia\/","article_published_time":"2024-04-28T11:01:44+00:00","og_image":[{"width":1600,"height":901,"url":"https:\/\/www.eldiario.net\/portal\/wp-content\/uploads\/2024\/04\/13-NAL-COLOR-.jpg","type":"image\/jpeg"}],"author":"Jeanette","twitter_card":"summary_large_image","twitter_creator":"@eldiario_net","twitter_site":"@eldiario_net","twitter_misc":{"Escrito por":"Jeanette","Tiempo de lectura":"2 minutos"},"schema":{"@context":"https:\/\/schema.org","@graph":[{"@type":"Article","@id":"https:\/\/www.eldiario.net\/portal\/2024\/04\/28\/realizan-recepcion-provisional-del-tramo-santa-rosa-los-andes\/#article","isPartOf":{"@id":"https:\/\/www.eldiario.net\/portal\/2024\/04\/28\/realizan-recepcion-provisional-del-tramo-santa-rosa-los-andes\/"},"author":{"name":"Jeanette","@id":"https:\/\/www.eldiario.net\/portal\/#\/schema\/person\/f46445640444750d7d753ccd04ae01b7"},"headline":"Realizan recepci\u00f3n provisional del tramo Santa Rosa-Los Andes","datePublished":"2024-04-28T11:01:44+00:00","mainEntityOfPage":{"@id":"https:\/\/www.eldiario.net\/portal\/2024\/04\/28\/realizan-recepcion-provisional-del-tramo-santa-rosa-los-andes\/"},"wordCount":242,"commentCount":0,"publisher":{"@id":"https:\/\/www.eldiario.net\/portal\/#organization"},"image":{"@id":"https:\/\/www.eldiario.net\/portal\/2024\/04\/28\/realizan-recepcion-provisional-del-tramo-santa-rosa-los-andes\/#primaryimage"},"thumbnailUrl":"https:\/\/www.eldiario.net\/portal\/wp-content\/uploads\/2024\/04\/13-NAL-COLOR-.jpg","articleSection":["Nacional"],"inLanguage":"es","potentialAction":[{"@type":"CommentAction","name":"Comment","target":["https:\/\/www.eldiario.net\/portal\/2024\/04\/28\/realizan-recepcion-provisional-del-tramo-santa-rosa-los-andes\/#respond"]}]},{"@type":"WebPage","@id":"https:\/\/www.eldiario.net\/portal\/2024\/04\/28\/realizan-recepcion-provisional-del-tramo-santa-rosa-los-andes\/","url":"https:\/\/www.eldiario.net\/portal\/2024\/04\/28\/realizan-recepcion-provisional-del-tramo-santa-rosa-los-andes\/","name":"Realizan recepci\u00f3n provisional del tramo Santa Rosa-Los Andes - El Diario - Bolivia","isPartOf":{"@id":"https:\/\/www.eldiario.net\/portal\/#website"},"primaryImageOfPage":{"@id":"https:\/\/www.eldiario.net\/portal\/2024\/04\/28\/realizan-recepcion-provisional-del-tramo-santa-rosa-los-andes\/#primaryimage"},"image":{"@id":"https:\/\/www.eldiario.net\/portal\/2024\/04\/28\/realizan-recepcion-provisional-del-tramo-santa-rosa-los-andes\/#primaryimage"},"thumbnailUrl":"https:\/\/www.eldiario.net\/portal\/wp-content\/uploads\/2024\/04\/13-NAL-COLOR-.jpg","datePublished":"2024-04-28T11:01:44+00:00","breadcrumb":{"@id":"https:\/\/www.eldiario.net\/portal\/2024\/04\/28\/realizan-recepcion-provisional-del-tramo-santa-rosa-los-andes\/#breadcrumb"},"inLanguage":"es","potentialAction":[{"@type":"ReadAction","target":["https:\/\/www.eldiario.net\/portal\/2024\/04\/28\/realizan-recepcion-provisional-del-tramo-santa-rosa-los-andes\/"]}]},{"@type":"ImageObject","inLanguage":"es","@id":"https:\/\/www.eldiario.net\/portal\/2024\/04\/28\/realizan-recepcion-provisional-del-tramo-santa-rosa-los-andes\/#primaryimage","url":"https:\/\/www.eldiario.net\/portal\/wp-content\/uploads\/2024\/04\/13-NAL-COLOR-.jpg","contentUrl":"https:\/\/www.eldiario.net\/portal\/wp-content\/uploads\/2024\/04\/13-NAL-COLOR-.jpg","width":1600,"height":901,"caption":"Tramo carretero Santa Rosa-Los Andes (Fase II)."},{"@type":"BreadcrumbList","@id":"https:\/\/www.eldiario.net\/portal\/2024\/04\/28\/realizan-recepcion-provisional-del-tramo-santa-rosa-los-andes\/#breadcrumb","itemListElement":[{"@type":"ListItem","position":1,"name":"Portada","item":"https:\/\/www.eldiario.net\/portal\/"},{"@type":"ListItem","position":2,"name":"Realizan recepci\u00f3n provisional del tramo Santa Rosa-Los Andes"}]},{"@type":"WebSite","@id":"https:\/\/www.eldiario.net\/portal\/#website","url":"https:\/\/www.eldiario.net\/portal\/","name":"El Diario - Decano de la prensa nacional","description":"El Diario - Decano de la prensa nacional","publisher":{"@id":"https:\/\/www.eldiario.net\/portal\/#organization"},"potentialAction":[{"@type":"SearchAction","target":{"@type":"EntryPoint","urlTemplate":"https:\/\/www.eldiario.net\/portal\/?s={search_term_string}"},"query-input":{"@type":"PropertyValueSpecification","valueRequired":true,"valueName":"search_term_string"}}],"inLanguage":"es"},{"@type":"Organization","@id":"https:\/\/www.eldiario.net\/portal\/#organization","name":"El Diario - Decano de la prensa nacional","url":"https:\/\/www.eldiario.net\/portal\/","logo":{"@type":"ImageObject","inLanguage":"es","@id":"https:\/\/www.eldiario.net\/portal\/#\/schema\/logo\/image\/","url":"https:\/\/www.eldiario.net\/portal\/wp-content\/uploads\/2023\/07\/logo_ED.jpg","contentUrl":"https:\/\/www.eldiario.net\/portal\/wp-content\/uploads\/2023\/07\/logo_ED.jpg","width":272,"height":52,"caption":"El Diario - Decano de la prensa nacional"},"image":{"@id":"https:\/\/www.eldiario.net\/portal\/#\/schema\/logo\/image\/"},"sameAs":["https:\/\/www.facebook.com\/eldiario.bolivia\/","https:\/\/x.com\/eldiario_net"]},{"@type":"Person","@id":"https:\/\/www.eldiario.net\/portal\/#\/schema\/person\/f46445640444750d7d753ccd04ae01b7","name":"Jeanette","image":{"@type":"ImageObject","inLanguage":"es","@id":"https:\/\/secure.gravatar.com\/avatar\/3ea2118a5f7dad2b7138b1187a6b7ee55f160b9968b66013c3a3ef39dd7e5798?s=96&d=mm&r=g","url":"https:\/\/secure.gravatar.com\/avatar\/3ea2118a5f7dad2b7138b1187a6b7ee55f160b9968b66013c3a3ef39dd7e5798?s=96&d=mm&r=g","contentUrl":"https:\/\/secure.gravatar.com\/avatar\/3ea2118a5f7dad2b7138b1187a6b7ee55f160b9968b66013c3a3ef39dd7e5798?s=96&d=mm&r=g","caption":"Jeanette"},"sameAs":["https:\/\/www.eldiario.net\/portal"],"url":"https:\/\/www.eldiario.net\/portal\/author\/jeanette\/"}]}},"_links":{"self":[{"href":"https:\/\/www.eldiario.net\/portal\/wp-json\/wp\/v2\/posts\/217174","targetHints":{"allow":["GET"]}}],"collection":[{"href":"https:\/\/www.eldiario.net\/portal\/wp-json\/wp\/v2\/posts"}],"about":[{"href":"https:\/\/www.eldiario.net\/portal\/wp-json\/wp\/v2\/types\/post"}],"author":[{"embeddable":true,"href":"https:\/\/www.eldiario.net\/portal\/wp-json\/wp\/v2\/users\/1"}],"replies":[{"embeddable":true,"href":"https:\/\/www.eldiario.net\/portal\/wp-json\/wp\/v2\/comments?post=217174"}],"version-history":[{"count":1,"href":"https:\/\/www.eldiario.net\/portal\/wp-json\/wp\/v2\/posts\/217174\/revisions"}],"predecessor-version":[{"id":217176,"href":"https:\/\/www.eldiario.net\/portal\/wp-json\/wp\/v2\/posts\/217174\/revisions\/217176"}],"wp:featuredmedia":[{"embeddable":true,"href":"https:\/\/www.eldiario.net\/portal\/wp-json\/wp\/v2\/media\/217175"}],"wp:attachment":[{"href":"https:\/\/www.eldiario.net\/portal\/wp-json\/wp\/v2\/media?parent=217174"}],"wp:term":[{"taxonomy":"category","embeddable":true,"href":"https:\/\/www.eldiario.net\/portal\/wp-json\/wp\/v2\/categories?post=217174"},{"taxonomy":"post_tag","embeddable":true,"href":"https:\/\/www.eldiario.net\/portal\/wp-json\/wp\/v2\/tags?post=217174"}],"curies":[{"name":"wp","href":"https:\/\/api.w.org\/{rel}","templated":true}]}}