{"id":217172,"date":"2024-04-28T07:00:59","date_gmt":"2024-04-28T11:00:59","guid":{"rendered":"https:\/\/www.eldiario.net\/portal\/?p=217172"},"modified":"2024-04-28T07:00:59","modified_gmt":"2024-04-28T11:00:59","slug":"insulsos-esfuerzos-del-mas-radical","status":"publish","type":"post","link":"https:\/\/www.eldiario.net\/portal\/2024\/04\/28\/insulsos-esfuerzos-del-mas-radical\/","title":{"rendered":"Insulsos esfuerzos del MAS (radical)"},"content":{"rendered":"<p>Todos ya sabemos que el congreso del Movimiento al Socialismo (MAS) celebrado en Lauca \u00d1, que seg\u00fan el Tribunal Supremo Electoral (TSE) no hizo observancia de algunos requisitos establecidos en el propio estatuto org\u00e1nico del instrumento pol\u00edtico, fue invalidado por el propio \u00d3rgano Electoral.<br \/>\nFinalmente, Evo Morales, convencido de las irregularidades del evento, anunci\u00f3 la celebraci\u00f3n de un nuevo congreso que renueve su directiva; sin embargo, de acuerdo con las circunstancias por las que atraviesa el MAS, no parece que en el marco de la ley vayan a conseguirlo. T\u00e9ngase en cuenta que los congresos deben ser convocados entre otras instancias, por el presidente, que se sabe es Evo Morales, y todas las organizaciones sociales que, conforme al instrumento, conforman la direcci\u00f3n nacional. Mas es tambi\u00e9n de dominio p\u00fablico que el ala evista adolece del apoyo de buena parte del Pacto de Unidad, que se inclina hacia el gobierno de Arce Catacora.<br \/>\nEl TSE ya ha conminado a ambas fracciones a la subsanaci\u00f3n de las omisiones en que sus convocatorias han incurrido. El incumplimiento de ello dar\u00e1 lugar a la cancelaci\u00f3n de la personer\u00eda jur\u00eddica del partido. Es decir, hasta que no haya una convocatoria \u00fanica a congreso, la sigla del MAS est\u00e1 caminando por la cornisa.<br \/>\nPero bien, el fallido congreso del tr\u00f3pico cochabambino, no obstante sus serias deficiencias, ha proclamado adem\u00e1s a Evo Morales como candidato a la Presidencia en las pr\u00f3ximas elecciones generales, mandando un mensaje a sus ya encarnizados rivales de que para el l\u00edder cocalero a\u00fan no ha nacido quien pueda hacerle frente. Del otro lado, las cosas est\u00e1n siendo manejadas con m\u00e1s prudencia, lo que no significa que no tengan una estrategia armada para, en su momento, pelear por la sigla con un candidato propio, que dem\u00e1s est\u00e1 decir no ser\u00e1 otro que Luis Arce Catacora.<br \/>\nPor otro lado, se puede entender que el TSE, adem\u00e1s de exigir que tanto arcistas como evistas cumplan con los presupuestos que el estatuto org\u00e1nico prev\u00e9 para el verificativo de sus congresos, no est\u00e9 pronunci\u00e1ndose sobre el impedimento que tiene Evo Morales para postularse a la primera magistratura, simplemente porque el congreso no tiene por finalidad la proclamaci\u00f3n de nadie como candidato, sino \u00fanicamente el nombramiento de su directiva, lo cual a la militancia radical no parece importarle.<br \/>\nEso en lo pol\u00edtico, que al final es lo que menos importa, porque en pa\u00edses como Bolivia en esta materia puede decirse y hacerse absolutamente todo. Pero en lo legal, Morales est\u00e1 inhabilitado para ser candidato a la presidencia de Bolivia por determinaci\u00f3n del Tribunal Constitucional Plurinacional en la sentencia constitucional 1010\/2023 de 29 de diciembre de 2023, en una interpretaci\u00f3n de lo que se\u00f1ala el Art. 168 de la Constituci\u00f3n Pol\u00edtica del Estado.<br \/>\nComo en pol\u00edtica puede suceder cualquier cosa por el oportunismo de sus actores, no puede descartarse que ante la imposibilidad de una reconciliaci\u00f3n o consenso entre masistas \u00fanicamente con fines de poder, ambas fracciones presenten sus candidatos con otras siglas partidistas, que ac\u00e1, ya lo sabemos, se las compra, se las vende, se las alquila, se las prostituye sin problema. El problema es que Evo Morales no puede ser candidato por imperio de la justicia constitucional. Ni siquiera puede ser proclamado en esa condici\u00f3n porque la Ley de Organizaciones Pol\u00edticas obliga, aunque no exista competencia interna, a unas elecciones primarias que solo en este pa\u00eds puede ocurr\u00edrseles legislar algo as\u00ed.<br \/>\nPero la inseguridad jur\u00eddica de nuestro pa\u00eds ya no es preocupante, sino pavorosa, pues m\u00e1s all\u00e1 de la rectitud o arbitrariedad de los fallos judiciales, a nuestros jueces les valen un sorete los principios universales del derecho, como la cosa juzgada que determina que los fallos no pueden ser cambiados y menos por los mismos juzgadores, o la preclusi\u00f3n, que tiene que ver con los plazos que hacen de aquellos, firmes, inmodificables y de todo valor jur\u00eddico. Por algo la doctrina del derecho ha establecido que las sentencias judiciales tambi\u00e9n son fuentes supletorias del derecho, pero cuando de las sentencias se hace el carnaval que en nuestro pobre sistema judicial se hace, no puede recurrirse a ning\u00fan fallo como jurisprudencia, porque, contra todo principio universal del derecho, ac\u00e1 no hay fallo definitivo.<br \/>\nSi en los pr\u00f3ximos meses no pasa algo muy extra\u00f1o con relaci\u00f3n a la prohibici\u00f3n a Evo Morales de inhabilitarlo como candidato a las pr\u00f3ximas elecciones (lo que no ser\u00eda de extra\u00f1ar), Morales pierde su tiempo forzando proclamaciones.<\/p>\n<p>Augusto Vera Riveros es jurista y escritor.<\/p>\n","protected":false},"excerpt":{"rendered":"<p>Todos ya sabemos que el congreso del Movimiento al Socialismo (MAS) celebrado en Lauca \u00d1, que seg\u00fan el Tribunal Supremo Electoral (TSE) no hizo observancia de algunos requisitos establecidos en el propio estatuto org\u00e1nico del instrumento pol\u00edtico, fue invalidado por el propio \u00d3rgano Electoral. Finalmente, Evo Morales, convencido de las irregularidades del evento, anunci\u00f3 la [&hellip;]<\/p>\n","protected":false},"author":1,"featured_media":158120,"comment_status":"open","ping_status":"open","sticky":false,"template":"","format":"standard","meta":{"_acf_changed":false,"footnotes":""},"categories":[9],"tags":[],"class_list":["post-217172","post","type-post","status-publish","format-standard","has-post-thumbnail","category-opinion"],"acf":{"antetitulo":"Contra viento y marea"},"yoast_head":"<!-- This site is optimized with the Yoast SEO plugin v28.4 - https:\/\/yoast.com\/product\/yoast-seo-wordpress\/ -->\n<title>Insulsos esfuerzos del MAS (radical) - El Diario - Bolivia<\/title>\n<meta name=\"robots\" content=\"index, follow, max-snippet:-1, max-image-preview:large, max-video-preview:-1\" \/>\n<link rel=\"canonical\" href=\"https:\/\/www.eldiario.net\/portal\/2024\/04\/28\/insulsos-esfuerzos-del-mas-radical\/\" \/>\n<meta property=\"og:locale\" content=\"es_ES\" \/>\n<meta property=\"og:type\" content=\"article\" \/>\n<meta property=\"og:title\" content=\"Insulsos esfuerzos del MAS (radical) - El Diario - Bolivia\" \/>\n<meta property=\"og:description\" content=\"Todos ya sabemos que el congreso del Movimiento al Socialismo (MAS) celebrado en Lauca \u00d1, que seg\u00fan el Tribunal Supremo Electoral (TSE) no hizo observancia de algunos requisitos establecidos en el propio estatuto org\u00e1nico del instrumento pol\u00edtico, fue invalidado por el propio \u00d3rgano Electoral. Finalmente, Evo Morales, convencido de las irregularidades del evento, anunci\u00f3 la [&hellip;]\" \/>\n<meta property=\"og:url\" content=\"https:\/\/www.eldiario.net\/portal\/2024\/04\/28\/insulsos-esfuerzos-del-mas-radical\/\" \/>\n<meta property=\"og:site_name\" content=\"El Diario - Bolivia\" \/>\n<meta property=\"article:publisher\" content=\"https:\/\/www.facebook.com\/eldiario.bolivia\/\" \/>\n<meta property=\"article:published_time\" content=\"2024-04-28T11:00:59+00:00\" \/>\n<meta property=\"og:image\" content=\"https:\/\/www.eldiario.net\/portal\/wp-content\/uploads\/2023\/06\/Augusto-Vera-Riveros.jpg\" \/>\n\t<meta property=\"og:image:width\" content=\"1200\" \/>\n\t<meta property=\"og:image:height\" content=\"628\" \/>\n\t<meta property=\"og:image:type\" content=\"image\/jpeg\" \/>\n<meta name=\"author\" content=\"Jeanette\" \/>\n<meta name=\"twitter:card\" content=\"summary_large_image\" \/>\n<meta name=\"twitter:creator\" content=\"@eldiario_net\" \/>\n<meta name=\"twitter:site\" content=\"@eldiario_net\" \/>\n<meta name=\"twitter:label1\" content=\"Escrito por\" \/>\n\t<meta name=\"twitter:data1\" content=\"Jeanette\" \/>\n\t<meta name=\"twitter:label2\" content=\"Tiempo de lectura\" \/>\n\t<meta name=\"twitter:data2\" content=\"4 minutos\" \/>\n<script type=\"application\/ld+json\" class=\"yoast-schema-graph\">{\"@context\":\"https:\\\/\\\/schema.org\",\"@graph\":[{\"@type\":\"Article\",\"@id\":\"https:\\\/\\\/www.eldiario.net\\\/portal\\\/2024\\\/04\\\/28\\\/insulsos-esfuerzos-del-mas-radical\\\/#article\",\"isPartOf\":{\"@id\":\"https:\\\/\\\/www.eldiario.net\\\/portal\\\/2024\\\/04\\\/28\\\/insulsos-esfuerzos-del-mas-radical\\\/\"},\"author\":{\"name\":\"Jeanette\",\"@id\":\"https:\\\/\\\/www.eldiario.net\\\/portal\\\/#\\\/schema\\\/person\\\/f46445640444750d7d753ccd04ae01b7\"},\"headline\":\"Insulsos esfuerzos del MAS (radical)\",\"datePublished\":\"2024-04-28T11:00:59+00:00\",\"mainEntityOfPage\":{\"@id\":\"https:\\\/\\\/www.eldiario.net\\\/portal\\\/2024\\\/04\\\/28\\\/insulsos-esfuerzos-del-mas-radical\\\/\"},\"wordCount\":792,\"commentCount\":0,\"publisher\":{\"@id\":\"https:\\\/\\\/www.eldiario.net\\\/portal\\\/#organization\"},\"image\":{\"@id\":\"https:\\\/\\\/www.eldiario.net\\\/portal\\\/2024\\\/04\\\/28\\\/insulsos-esfuerzos-del-mas-radical\\\/#primaryimage\"},\"thumbnailUrl\":\"https:\\\/\\\/www.eldiario.net\\\/portal\\\/wp-content\\\/uploads\\\/2023\\\/06\\\/Augusto-Vera-Riveros.jpg\",\"articleSection\":[\"Opini\u00f3n\"],\"inLanguage\":\"es\",\"potentialAction\":[{\"@type\":\"CommentAction\",\"name\":\"Comment\",\"target\":[\"https:\\\/\\\/www.eldiario.net\\\/portal\\\/2024\\\/04\\\/28\\\/insulsos-esfuerzos-del-mas-radical\\\/#respond\"]}]},{\"@type\":\"WebPage\",\"@id\":\"https:\\\/\\\/www.eldiario.net\\\/portal\\\/2024\\\/04\\\/28\\\/insulsos-esfuerzos-del-mas-radical\\\/\",\"url\":\"https:\\\/\\\/www.eldiario.net\\\/portal\\\/2024\\\/04\\\/28\\\/insulsos-esfuerzos-del-mas-radical\\\/\",\"name\":\"Insulsos esfuerzos del MAS (radical) - El Diario - Bolivia\",\"isPartOf\":{\"@id\":\"https:\\\/\\\/www.eldiario.net\\\/portal\\\/#website\"},\"primaryImageOfPage\":{\"@id\":\"https:\\\/\\\/www.eldiario.net\\\/portal\\\/2024\\\/04\\\/28\\\/insulsos-esfuerzos-del-mas-radical\\\/#primaryimage\"},\"image\":{\"@id\":\"https:\\\/\\\/www.eldiario.net\\\/portal\\\/2024\\\/04\\\/28\\\/insulsos-esfuerzos-del-mas-radical\\\/#primaryimage\"},\"thumbnailUrl\":\"https:\\\/\\\/www.eldiario.net\\\/portal\\\/wp-content\\\/uploads\\\/2023\\\/06\\\/Augusto-Vera-Riveros.jpg\",\"datePublished\":\"2024-04-28T11:00:59+00:00\",\"breadcrumb\":{\"@id\":\"https:\\\/\\\/www.eldiario.net\\\/portal\\\/2024\\\/04\\\/28\\\/insulsos-esfuerzos-del-mas-radical\\\/#breadcrumb\"},\"inLanguage\":\"es\",\"potentialAction\":[{\"@type\":\"ReadAction\",\"target\":[\"https:\\\/\\\/www.eldiario.net\\\/portal\\\/2024\\\/04\\\/28\\\/insulsos-esfuerzos-del-mas-radical\\\/\"]}]},{\"@type\":\"ImageObject\",\"inLanguage\":\"es\",\"@id\":\"https:\\\/\\\/www.eldiario.net\\\/portal\\\/2024\\\/04\\\/28\\\/insulsos-esfuerzos-del-mas-radical\\\/#primaryimage\",\"url\":\"https:\\\/\\\/www.eldiario.net\\\/portal\\\/wp-content\\\/uploads\\\/2023\\\/06\\\/Augusto-Vera-Riveros.jpg\",\"contentUrl\":\"https:\\\/\\\/www.eldiario.net\\\/portal\\\/wp-content\\\/uploads\\\/2023\\\/06\\\/Augusto-Vera-Riveros.jpg\",\"width\":1200,\"height\":628},{\"@type\":\"BreadcrumbList\",\"@id\":\"https:\\\/\\\/www.eldiario.net\\\/portal\\\/2024\\\/04\\\/28\\\/insulsos-esfuerzos-del-mas-radical\\\/#breadcrumb\",\"itemListElement\":[{\"@type\":\"ListItem\",\"position\":1,\"name\":\"Portada\",\"item\":\"https:\\\/\\\/www.eldiario.net\\\/portal\\\/\"},{\"@type\":\"ListItem\",\"position\":2,\"name\":\"Insulsos esfuerzos del MAS (radical)\"}]},{\"@type\":\"WebSite\",\"@id\":\"https:\\\/\\\/www.eldiario.net\\\/portal\\\/#website\",\"url\":\"https:\\\/\\\/www.eldiario.net\\\/portal\\\/\",\"name\":\"El Diario - Decano de la prensa nacional\",\"description\":\"El Diario - Decano de la prensa nacional\",\"publisher\":{\"@id\":\"https:\\\/\\\/www.eldiario.net\\\/portal\\\/#organization\"},\"potentialAction\":[{\"@type\":\"SearchAction\",\"target\":{\"@type\":\"EntryPoint\",\"urlTemplate\":\"https:\\\/\\\/www.eldiario.net\\\/portal\\\/?s={search_term_string}\"},\"query-input\":{\"@type\":\"PropertyValueSpecification\",\"valueRequired\":true,\"valueName\":\"search_term_string\"}}],\"inLanguage\":\"es\"},{\"@type\":\"Organization\",\"@id\":\"https:\\\/\\\/www.eldiario.net\\\/portal\\\/#organization\",\"name\":\"El Diario - Decano de la prensa nacional\",\"url\":\"https:\\\/\\\/www.eldiario.net\\\/portal\\\/\",\"logo\":{\"@type\":\"ImageObject\",\"inLanguage\":\"es\",\"@id\":\"https:\\\/\\\/www.eldiario.net\\\/portal\\\/#\\\/schema\\\/logo\\\/image\\\/\",\"url\":\"https:\\\/\\\/www.eldiario.net\\\/portal\\\/wp-content\\\/uploads\\\/2023\\\/07\\\/logo_ED.jpg\",\"contentUrl\":\"https:\\\/\\\/www.eldiario.net\\\/portal\\\/wp-content\\\/uploads\\\/2023\\\/07\\\/logo_ED.jpg\",\"width\":272,\"height\":52,\"caption\":\"El Diario - Decano de la prensa nacional\"},\"image\":{\"@id\":\"https:\\\/\\\/www.eldiario.net\\\/portal\\\/#\\\/schema\\\/logo\\\/image\\\/\"},\"sameAs\":[\"https:\\\/\\\/www.facebook.com\\\/eldiario.bolivia\\\/\",\"https:\\\/\\\/x.com\\\/eldiario_net\"]},{\"@type\":\"Person\",\"@id\":\"https:\\\/\\\/www.eldiario.net\\\/portal\\\/#\\\/schema\\\/person\\\/f46445640444750d7d753ccd04ae01b7\",\"name\":\"Jeanette\",\"image\":{\"@type\":\"ImageObject\",\"inLanguage\":\"es\",\"@id\":\"https:\\\/\\\/secure.gravatar.com\\\/avatar\\\/3ea2118a5f7dad2b7138b1187a6b7ee55f160b9968b66013c3a3ef39dd7e5798?s=96&d=mm&r=g\",\"url\":\"https:\\\/\\\/secure.gravatar.com\\\/avatar\\\/3ea2118a5f7dad2b7138b1187a6b7ee55f160b9968b66013c3a3ef39dd7e5798?s=96&d=mm&r=g\",\"contentUrl\":\"https:\\\/\\\/secure.gravatar.com\\\/avatar\\\/3ea2118a5f7dad2b7138b1187a6b7ee55f160b9968b66013c3a3ef39dd7e5798?s=96&d=mm&r=g\",\"caption\":\"Jeanette\"},\"sameAs\":[\"https:\\\/\\\/www.eldiario.net\\\/portal\"],\"url\":\"https:\\\/\\\/www.eldiario.net\\\/portal\\\/author\\\/jeanette\\\/\"}]}<\/script>\n<!-- \/ Yoast SEO plugin. -->","yoast_head_json":{"title":"Insulsos esfuerzos del MAS (radical) - El Diario - Bolivia","robots":{"index":"index","follow":"follow","max-snippet":"max-snippet:-1","max-image-preview":"max-image-preview:large","max-video-preview":"max-video-preview:-1"},"canonical":"https:\/\/www.eldiario.net\/portal\/2024\/04\/28\/insulsos-esfuerzos-del-mas-radical\/","og_locale":"es_ES","og_type":"article","og_title":"Insulsos esfuerzos del MAS (radical) - El Diario - Bolivia","og_description":"Todos ya sabemos que el congreso del Movimiento al Socialismo (MAS) celebrado en Lauca \u00d1, que seg\u00fan el Tribunal Supremo Electoral (TSE) no hizo observancia de algunos requisitos establecidos en el propio estatuto org\u00e1nico del instrumento pol\u00edtico, fue invalidado por el propio \u00d3rgano Electoral. Finalmente, Evo Morales, convencido de las irregularidades del evento, anunci\u00f3 la [&hellip;]","og_url":"https:\/\/www.eldiario.net\/portal\/2024\/04\/28\/insulsos-esfuerzos-del-mas-radical\/","og_site_name":"El Diario - Bolivia","article_publisher":"https:\/\/www.facebook.com\/eldiario.bolivia\/","article_published_time":"2024-04-28T11:00:59+00:00","og_image":[{"width":1200,"height":628,"url":"https:\/\/www.eldiario.net\/portal\/wp-content\/uploads\/2023\/06\/Augusto-Vera-Riveros.jpg","type":"image\/jpeg"}],"author":"Jeanette","twitter_card":"summary_large_image","twitter_creator":"@eldiario_net","twitter_site":"@eldiario_net","twitter_misc":{"Escrito por":"Jeanette","Tiempo de lectura":"4 minutos"},"schema":{"@context":"https:\/\/schema.org","@graph":[{"@type":"Article","@id":"https:\/\/www.eldiario.net\/portal\/2024\/04\/28\/insulsos-esfuerzos-del-mas-radical\/#article","isPartOf":{"@id":"https:\/\/www.eldiario.net\/portal\/2024\/04\/28\/insulsos-esfuerzos-del-mas-radical\/"},"author":{"name":"Jeanette","@id":"https:\/\/www.eldiario.net\/portal\/#\/schema\/person\/f46445640444750d7d753ccd04ae01b7"},"headline":"Insulsos esfuerzos del MAS (radical)","datePublished":"2024-04-28T11:00:59+00:00","mainEntityOfPage":{"@id":"https:\/\/www.eldiario.net\/portal\/2024\/04\/28\/insulsos-esfuerzos-del-mas-radical\/"},"wordCount":792,"commentCount":0,"publisher":{"@id":"https:\/\/www.eldiario.net\/portal\/#organization"},"image":{"@id":"https:\/\/www.eldiario.net\/portal\/2024\/04\/28\/insulsos-esfuerzos-del-mas-radical\/#primaryimage"},"thumbnailUrl":"https:\/\/www.eldiario.net\/portal\/wp-content\/uploads\/2023\/06\/Augusto-Vera-Riveros.jpg","articleSection":["Opini\u00f3n"],"inLanguage":"es","potentialAction":[{"@type":"CommentAction","name":"Comment","target":["https:\/\/www.eldiario.net\/portal\/2024\/04\/28\/insulsos-esfuerzos-del-mas-radical\/#respond"]}]},{"@type":"WebPage","@id":"https:\/\/www.eldiario.net\/portal\/2024\/04\/28\/insulsos-esfuerzos-del-mas-radical\/","url":"https:\/\/www.eldiario.net\/portal\/2024\/04\/28\/insulsos-esfuerzos-del-mas-radical\/","name":"Insulsos esfuerzos del MAS (radical) - El Diario - Bolivia","isPartOf":{"@id":"https:\/\/www.eldiario.net\/portal\/#website"},"primaryImageOfPage":{"@id":"https:\/\/www.eldiario.net\/portal\/2024\/04\/28\/insulsos-esfuerzos-del-mas-radical\/#primaryimage"},"image":{"@id":"https:\/\/www.eldiario.net\/portal\/2024\/04\/28\/insulsos-esfuerzos-del-mas-radical\/#primaryimage"},"thumbnailUrl":"https:\/\/www.eldiario.net\/portal\/wp-content\/uploads\/2023\/06\/Augusto-Vera-Riveros.jpg","datePublished":"2024-04-28T11:00:59+00:00","breadcrumb":{"@id":"https:\/\/www.eldiario.net\/portal\/2024\/04\/28\/insulsos-esfuerzos-del-mas-radical\/#breadcrumb"},"inLanguage":"es","potentialAction":[{"@type":"ReadAction","target":["https:\/\/www.eldiario.net\/portal\/2024\/04\/28\/insulsos-esfuerzos-del-mas-radical\/"]}]},{"@type":"ImageObject","inLanguage":"es","@id":"https:\/\/www.eldiario.net\/portal\/2024\/04\/28\/insulsos-esfuerzos-del-mas-radical\/#primaryimage","url":"https:\/\/www.eldiario.net\/portal\/wp-content\/uploads\/2023\/06\/Augusto-Vera-Riveros.jpg","contentUrl":"https:\/\/www.eldiario.net\/portal\/wp-content\/uploads\/2023\/06\/Augusto-Vera-Riveros.jpg","width":1200,"height":628},{"@type":"BreadcrumbList","@id":"https:\/\/www.eldiario.net\/portal\/2024\/04\/28\/insulsos-esfuerzos-del-mas-radical\/#breadcrumb","itemListElement":[{"@type":"ListItem","position":1,"name":"Portada","item":"https:\/\/www.eldiario.net\/portal\/"},{"@type":"ListItem","position":2,"name":"Insulsos esfuerzos del MAS (radical)"}]},{"@type":"WebSite","@id":"https:\/\/www.eldiario.net\/portal\/#website","url":"https:\/\/www.eldiario.net\/portal\/","name":"El Diario - Decano de la prensa nacional","description":"El Diario - Decano de la prensa nacional","publisher":{"@id":"https:\/\/www.eldiario.net\/portal\/#organization"},"potentialAction":[{"@type":"SearchAction","target":{"@type":"EntryPoint","urlTemplate":"https:\/\/www.eldiario.net\/portal\/?s={search_term_string}"},"query-input":{"@type":"PropertyValueSpecification","valueRequired":true,"valueName":"search_term_string"}}],"inLanguage":"es"},{"@type":"Organization","@id":"https:\/\/www.eldiario.net\/portal\/#organization","name":"El Diario - Decano de la prensa nacional","url":"https:\/\/www.eldiario.net\/portal\/","logo":{"@type":"ImageObject","inLanguage":"es","@id":"https:\/\/www.eldiario.net\/portal\/#\/schema\/logo\/image\/","url":"https:\/\/www.eldiario.net\/portal\/wp-content\/uploads\/2023\/07\/logo_ED.jpg","contentUrl":"https:\/\/www.eldiario.net\/portal\/wp-content\/uploads\/2023\/07\/logo_ED.jpg","width":272,"height":52,"caption":"El Diario - Decano de la prensa nacional"},"image":{"@id":"https:\/\/www.eldiario.net\/portal\/#\/schema\/logo\/image\/"},"sameAs":["https:\/\/www.facebook.com\/eldiario.bolivia\/","https:\/\/x.com\/eldiario_net"]},{"@type":"Person","@id":"https:\/\/www.eldiario.net\/portal\/#\/schema\/person\/f46445640444750d7d753ccd04ae01b7","name":"Jeanette","image":{"@type":"ImageObject","inLanguage":"es","@id":"https:\/\/secure.gravatar.com\/avatar\/3ea2118a5f7dad2b7138b1187a6b7ee55f160b9968b66013c3a3ef39dd7e5798?s=96&d=mm&r=g","url":"https:\/\/secure.gravatar.com\/avatar\/3ea2118a5f7dad2b7138b1187a6b7ee55f160b9968b66013c3a3ef39dd7e5798?s=96&d=mm&r=g","contentUrl":"https:\/\/secure.gravatar.com\/avatar\/3ea2118a5f7dad2b7138b1187a6b7ee55f160b9968b66013c3a3ef39dd7e5798?s=96&d=mm&r=g","caption":"Jeanette"},"sameAs":["https:\/\/www.eldiario.net\/portal"],"url":"https:\/\/www.eldiario.net\/portal\/author\/jeanette\/"}]}},"_links":{"self":[{"href":"https:\/\/www.eldiario.net\/portal\/wp-json\/wp\/v2\/posts\/217172","targetHints":{"allow":["GET"]}}],"collection":[{"href":"https:\/\/www.eldiario.net\/portal\/wp-json\/wp\/v2\/posts"}],"about":[{"href":"https:\/\/www.eldiario.net\/portal\/wp-json\/wp\/v2\/types\/post"}],"author":[{"embeddable":true,"href":"https:\/\/www.eldiario.net\/portal\/wp-json\/wp\/v2\/users\/1"}],"replies":[{"embeddable":true,"href":"https:\/\/www.eldiario.net\/portal\/wp-json\/wp\/v2\/comments?post=217172"}],"version-history":[{"count":1,"href":"https:\/\/www.eldiario.net\/portal\/wp-json\/wp\/v2\/posts\/217172\/revisions"}],"predecessor-version":[{"id":217173,"href":"https:\/\/www.eldiario.net\/portal\/wp-json\/wp\/v2\/posts\/217172\/revisions\/217173"}],"wp:featuredmedia":[{"embeddable":true,"href":"https:\/\/www.eldiario.net\/portal\/wp-json\/wp\/v2\/media\/158120"}],"wp:attachment":[{"href":"https:\/\/www.eldiario.net\/portal\/wp-json\/wp\/v2\/media?parent=217172"}],"wp:term":[{"taxonomy":"category","embeddable":true,"href":"https:\/\/www.eldiario.net\/portal\/wp-json\/wp\/v2\/categories?post=217172"},{"taxonomy":"post_tag","embeddable":true,"href":"https:\/\/www.eldiario.net\/portal\/wp-json\/wp\/v2\/tags?post=217172"}],"curies":[{"name":"wp","href":"https:\/\/api.w.org\/{rel}","templated":true}]}}