{"id":217170,"date":"2024-04-28T07:00:22","date_gmt":"2024-04-28T11:00:22","guid":{"rendered":"https:\/\/www.eldiario.net\/portal\/?p=217170"},"modified":"2024-04-28T07:00:22","modified_gmt":"2024-04-28T11:00:22","slug":"jose-maria-del-pueblo-tu-futuro-es-el-capitalismo-popular","status":"publish","type":"post","link":"https:\/\/www.eldiario.net\/portal\/2024\/04\/28\/jose-maria-del-pueblo-tu-futuro-es-el-capitalismo-popular\/","title":{"rendered":"Jos\u00e9 Mar\u00eda Del Pueblo, tu futuro es el Capitalismo Popular"},"content":{"rendered":"<p>Querido Jos\u00e9 Mar\u00eda,<\/p>\n<p>Espero que esta carta te encuentre bien y trabajando con el esmero de siempre en tu negocio en la ciudad de El Alto. Hoy quiero hablarte de una idea que puede cambiar la econom\u00eda del pa\u00eds para que todos tengamos las mejores oportunidades para prosperar. Se trata del Capitalismo Popular, y creo que lo que te voy a comentar te va a interesar.<br \/>\nEl Capitalismo Popular es una forma de hacer que la econom\u00eda funcione para todos, d\u00e1ndote m\u00e1s control sobre tu vida y tus cosas. Este modelo te ayuda a crecer en tu negocio, sea grande o peque\u00f1o, y te da las herramientas para progresar sin que nadie te obstruya injustamente. Su prop\u00f3sito es que m\u00e1s personas se beneficien de la econom\u00eda, asegurando que tengan la oportunidad de mejorar sus vidas, independientemente de su origen o situaci\u00f3n econ\u00f3mica.<br \/>\nCon este sistema, los pol\u00edticos ya no decidir\u00edan solos sobre la econom\u00eda, sino que personas que conocen las necesidades reales de sus comunidades y sus negocios, como es el caso tuyo, tendr\u00edan el poder de tomar decisiones. Esto significar\u00eda menos tr\u00e1mites complicados y menos impuestos pesados, d\u00e1ndote m\u00e1s libertad para manejar tu dinero y tu negocio como mejor te parezca, siempre cumpliendo las leyes que nos protejan a todos por igual.<br \/>\nEl Capitalismo Popular tambi\u00e9n te ayudar\u00eda a ser due\u00f1o legalmente no solo de tu casita o tu terrenito a\u00fan no registrado, sino tambi\u00e9n de tu negocio actual que est\u00e1s obligado a esconder en la informalidad por las trabas burocr\u00e1ticas del Estado, los altos impuestos, el amedrentamiento de las autoridades y la corrupci\u00f3n. Y quiz\u00e1s si tu jefe est\u00e1 de acuerdo, hasta puedas ser due\u00f1o de una parte de la empresa donde trabajas los fines de semana. Podr\u00edas recibir tu salario y un poco de acciones de esa empresa, lo que te dar\u00eda una parte de las ganancias. As\u00ed, cuando a la empresa le va bien, a ti tambi\u00e9n.<br \/>\nComo te das cuenta el Capitalismo Popular asegura que todos vivamos en paz de lo que tenemos y queremos hacer. La informalidad se resuelve haciendo caer todas las barreras que el propio Estado ha construido para que se produzca. Entonces, esta nueva forma de pensar las cosas hace que m\u00e1s personas tengan acceso a oportunidades para emprender y hacer crecer sus negocios. T\u00fa mismo me dec\u00edas que al final todos los bolivianos son expertos negociantes y tienen alg\u00fan comercio en alg\u00fan lado. Entonces, el Estado debe ayudar y no estorbar, incentivando ese comercio, el libre mercado y la capacitaci\u00f3n en c\u00f3mo hacer inversiones en los mercados de cualquier parte del mundo.<br \/>\nTe cuento que, en Bolivia, ya hay gente que con unos pocos pesitos son una partecita due\u00f1os de Apple y Coca Cola y hasta de esas criptos que el gobierno por ignorante dice son malas. As\u00ed muchas de estas personas ya han hecho buena platita para la educaci\u00f3n de sus hijos y hasta su jubilaci\u00f3n. Les va bien porque les han ense\u00f1ado a invertir de a poquito desde muy j\u00f3venes. Hagamos que nos ense\u00f1en eso mismo a todos.<br \/>\nJos\u00e9 Mar\u00eda, quiero que sepas que juntos podemos transformar Bolivia en un lugar mucho mejor. Si apoyamos ideas que nos den m\u00e1s control sobre nuestras vidas y nos abran m\u00e1s oportunidades con nuevas formas de hacer las cosas, podemos avanzar.<br \/>\nTu voto es poderoso y te recuerdo que, en las pr\u00f3ximas elecciones, podemos elegir l\u00edderes que nos permitan llevar a cabo un cambio como el que te he mencionado, para no continuar con lo mismo de siempre. Jos\u00e9 Mar\u00eda te propongo votemos por una Bolivia de propietarios, no proletarios.<\/p>\n<p>Jaime Dunn es Analista Financiero.<br \/>\nTwitter: JaimeDunn_<\/p>\n","protected":false},"excerpt":{"rendered":"<p>Querido Jos\u00e9 Mar\u00eda, Espero que esta carta te encuentre bien y trabajando con el esmero de siempre en tu negocio en la ciudad de El Alto. Hoy quiero hablarte de una idea que puede cambiar la econom\u00eda del pa\u00eds para que todos tengamos las mejores oportunidades para prosperar. Se trata del Capitalismo Popular, y creo [&hellip;]<\/p>\n","protected":false},"author":1,"featured_media":171389,"comment_status":"open","ping_status":"open","sticky":false,"template":"","format":"standard","meta":{"_acf_changed":false,"footnotes":""},"categories":[9],"tags":[],"class_list":["post-217170","post","type-post","status-publish","format-standard","has-post-thumbnail","category-opinion"],"acf":{"antetitulo":"Serendipia"},"yoast_head":"<!-- This site is optimized with the Yoast SEO plugin v28.4 - https:\/\/yoast.com\/product\/yoast-seo-wordpress\/ -->\n<title>Jos\u00e9 Mar\u00eda Del Pueblo, tu futuro es el Capitalismo Popular - El Diario - Bolivia<\/title>\n<meta name=\"robots\" content=\"index, follow, max-snippet:-1, max-image-preview:large, max-video-preview:-1\" \/>\n<link rel=\"canonical\" href=\"https:\/\/www.eldiario.net\/portal\/2024\/04\/28\/jose-maria-del-pueblo-tu-futuro-es-el-capitalismo-popular\/\" \/>\n<meta property=\"og:locale\" content=\"es_ES\" \/>\n<meta property=\"og:type\" content=\"article\" \/>\n<meta property=\"og:title\" content=\"Jos\u00e9 Mar\u00eda Del Pueblo, tu futuro es el Capitalismo Popular - El Diario - Bolivia\" \/>\n<meta property=\"og:description\" content=\"Querido Jos\u00e9 Mar\u00eda, Espero que esta carta te encuentre bien y trabajando con el esmero de siempre en tu negocio en la ciudad de El Alto. Hoy quiero hablarte de una idea que puede cambiar la econom\u00eda del pa\u00eds para que todos tengamos las mejores oportunidades para prosperar. Se trata del Capitalismo Popular, y creo [&hellip;]\" \/>\n<meta property=\"og:url\" content=\"https:\/\/www.eldiario.net\/portal\/2024\/04\/28\/jose-maria-del-pueblo-tu-futuro-es-el-capitalismo-popular\/\" \/>\n<meta property=\"og:site_name\" content=\"El Diario - Bolivia\" \/>\n<meta property=\"article:publisher\" content=\"https:\/\/www.facebook.com\/eldiario.bolivia\/\" \/>\n<meta property=\"article:published_time\" content=\"2024-04-28T11:00:22+00:00\" \/>\n<meta property=\"og:image\" content=\"https:\/\/www.eldiario.net\/portal\/wp-content\/uploads\/2023\/08\/Jaime-Dunn.jpg\" \/>\n\t<meta property=\"og:image:width\" content=\"1200\" \/>\n\t<meta property=\"og:image:height\" content=\"628\" \/>\n\t<meta property=\"og:image:type\" content=\"image\/jpeg\" \/>\n<meta name=\"author\" content=\"Jeanette\" \/>\n<meta name=\"twitter:card\" content=\"summary_large_image\" \/>\n<meta name=\"twitter:creator\" content=\"@eldiario_net\" \/>\n<meta name=\"twitter:site\" content=\"@eldiario_net\" \/>\n<meta name=\"twitter:label1\" content=\"Escrito por\" \/>\n\t<meta name=\"twitter:data1\" content=\"Jeanette\" \/>\n\t<meta name=\"twitter:label2\" content=\"Tiempo de lectura\" \/>\n\t<meta name=\"twitter:data2\" content=\"3 minutos\" \/>\n<script type=\"application\/ld+json\" class=\"yoast-schema-graph\">{\"@context\":\"https:\\\/\\\/schema.org\",\"@graph\":[{\"@type\":\"Article\",\"@id\":\"https:\\\/\\\/www.eldiario.net\\\/portal\\\/2024\\\/04\\\/28\\\/jose-maria-del-pueblo-tu-futuro-es-el-capitalismo-popular\\\/#article\",\"isPartOf\":{\"@id\":\"https:\\\/\\\/www.eldiario.net\\\/portal\\\/2024\\\/04\\\/28\\\/jose-maria-del-pueblo-tu-futuro-es-el-capitalismo-popular\\\/\"},\"author\":{\"name\":\"Jeanette\",\"@id\":\"https:\\\/\\\/www.eldiario.net\\\/portal\\\/#\\\/schema\\\/person\\\/f46445640444750d7d753ccd04ae01b7\"},\"headline\":\"Jos\u00e9 Mar\u00eda Del Pueblo, tu futuro es el Capitalismo Popular\",\"datePublished\":\"2024-04-28T11:00:22+00:00\",\"mainEntityOfPage\":{\"@id\":\"https:\\\/\\\/www.eldiario.net\\\/portal\\\/2024\\\/04\\\/28\\\/jose-maria-del-pueblo-tu-futuro-es-el-capitalismo-popular\\\/\"},\"wordCount\":668,\"commentCount\":0,\"publisher\":{\"@id\":\"https:\\\/\\\/www.eldiario.net\\\/portal\\\/#organization\"},\"image\":{\"@id\":\"https:\\\/\\\/www.eldiario.net\\\/portal\\\/2024\\\/04\\\/28\\\/jose-maria-del-pueblo-tu-futuro-es-el-capitalismo-popular\\\/#primaryimage\"},\"thumbnailUrl\":\"https:\\\/\\\/www.eldiario.net\\\/portal\\\/wp-content\\\/uploads\\\/2023\\\/08\\\/Jaime-Dunn.jpg\",\"articleSection\":[\"Opini\u00f3n\"],\"inLanguage\":\"es\",\"potentialAction\":[{\"@type\":\"CommentAction\",\"name\":\"Comment\",\"target\":[\"https:\\\/\\\/www.eldiario.net\\\/portal\\\/2024\\\/04\\\/28\\\/jose-maria-del-pueblo-tu-futuro-es-el-capitalismo-popular\\\/#respond\"]}]},{\"@type\":\"WebPage\",\"@id\":\"https:\\\/\\\/www.eldiario.net\\\/portal\\\/2024\\\/04\\\/28\\\/jose-maria-del-pueblo-tu-futuro-es-el-capitalismo-popular\\\/\",\"url\":\"https:\\\/\\\/www.eldiario.net\\\/portal\\\/2024\\\/04\\\/28\\\/jose-maria-del-pueblo-tu-futuro-es-el-capitalismo-popular\\\/\",\"name\":\"Jos\u00e9 Mar\u00eda Del Pueblo, tu futuro es el Capitalismo Popular - El Diario - Bolivia\",\"isPartOf\":{\"@id\":\"https:\\\/\\\/www.eldiario.net\\\/portal\\\/#website\"},\"primaryImageOfPage\":{\"@id\":\"https:\\\/\\\/www.eldiario.net\\\/portal\\\/2024\\\/04\\\/28\\\/jose-maria-del-pueblo-tu-futuro-es-el-capitalismo-popular\\\/#primaryimage\"},\"image\":{\"@id\":\"https:\\\/\\\/www.eldiario.net\\\/portal\\\/2024\\\/04\\\/28\\\/jose-maria-del-pueblo-tu-futuro-es-el-capitalismo-popular\\\/#primaryimage\"},\"thumbnailUrl\":\"https:\\\/\\\/www.eldiario.net\\\/portal\\\/wp-content\\\/uploads\\\/2023\\\/08\\\/Jaime-Dunn.jpg\",\"datePublished\":\"2024-04-28T11:00:22+00:00\",\"breadcrumb\":{\"@id\":\"https:\\\/\\\/www.eldiario.net\\\/portal\\\/2024\\\/04\\\/28\\\/jose-maria-del-pueblo-tu-futuro-es-el-capitalismo-popular\\\/#breadcrumb\"},\"inLanguage\":\"es\",\"potentialAction\":[{\"@type\":\"ReadAction\",\"target\":[\"https:\\\/\\\/www.eldiario.net\\\/portal\\\/2024\\\/04\\\/28\\\/jose-maria-del-pueblo-tu-futuro-es-el-capitalismo-popular\\\/\"]}]},{\"@type\":\"ImageObject\",\"inLanguage\":\"es\",\"@id\":\"https:\\\/\\\/www.eldiario.net\\\/portal\\\/2024\\\/04\\\/28\\\/jose-maria-del-pueblo-tu-futuro-es-el-capitalismo-popular\\\/#primaryimage\",\"url\":\"https:\\\/\\\/www.eldiario.net\\\/portal\\\/wp-content\\\/uploads\\\/2023\\\/08\\\/Jaime-Dunn.jpg\",\"contentUrl\":\"https:\\\/\\\/www.eldiario.net\\\/portal\\\/wp-content\\\/uploads\\\/2023\\\/08\\\/Jaime-Dunn.jpg\",\"width\":1200,\"height\":628},{\"@type\":\"BreadcrumbList\",\"@id\":\"https:\\\/\\\/www.eldiario.net\\\/portal\\\/2024\\\/04\\\/28\\\/jose-maria-del-pueblo-tu-futuro-es-el-capitalismo-popular\\\/#breadcrumb\",\"itemListElement\":[{\"@type\":\"ListItem\",\"position\":1,\"name\":\"Portada\",\"item\":\"https:\\\/\\\/www.eldiario.net\\\/portal\\\/\"},{\"@type\":\"ListItem\",\"position\":2,\"name\":\"Jos\u00e9 Mar\u00eda Del Pueblo, tu futuro es el Capitalismo Popular\"}]},{\"@type\":\"WebSite\",\"@id\":\"https:\\\/\\\/www.eldiario.net\\\/portal\\\/#website\",\"url\":\"https:\\\/\\\/www.eldiario.net\\\/portal\\\/\",\"name\":\"El Diario - Decano de la prensa nacional\",\"description\":\"El Diario - Decano de la prensa nacional\",\"publisher\":{\"@id\":\"https:\\\/\\\/www.eldiario.net\\\/portal\\\/#organization\"},\"potentialAction\":[{\"@type\":\"SearchAction\",\"target\":{\"@type\":\"EntryPoint\",\"urlTemplate\":\"https:\\\/\\\/www.eldiario.net\\\/portal\\\/?s={search_term_string}\"},\"query-input\":{\"@type\":\"PropertyValueSpecification\",\"valueRequired\":true,\"valueName\":\"search_term_string\"}}],\"inLanguage\":\"es\"},{\"@type\":\"Organization\",\"@id\":\"https:\\\/\\\/www.eldiario.net\\\/portal\\\/#organization\",\"name\":\"El Diario - Decano de la prensa nacional\",\"url\":\"https:\\\/\\\/www.eldiario.net\\\/portal\\\/\",\"logo\":{\"@type\":\"ImageObject\",\"inLanguage\":\"es\",\"@id\":\"https:\\\/\\\/www.eldiario.net\\\/portal\\\/#\\\/schema\\\/logo\\\/image\\\/\",\"url\":\"https:\\\/\\\/www.eldiario.net\\\/portal\\\/wp-content\\\/uploads\\\/2023\\\/07\\\/logo_ED.jpg\",\"contentUrl\":\"https:\\\/\\\/www.eldiario.net\\\/portal\\\/wp-content\\\/uploads\\\/2023\\\/07\\\/logo_ED.jpg\",\"width\":272,\"height\":52,\"caption\":\"El Diario - Decano de la prensa nacional\"},\"image\":{\"@id\":\"https:\\\/\\\/www.eldiario.net\\\/portal\\\/#\\\/schema\\\/logo\\\/image\\\/\"},\"sameAs\":[\"https:\\\/\\\/www.facebook.com\\\/eldiario.bolivia\\\/\",\"https:\\\/\\\/x.com\\\/eldiario_net\"]},{\"@type\":\"Person\",\"@id\":\"https:\\\/\\\/www.eldiario.net\\\/portal\\\/#\\\/schema\\\/person\\\/f46445640444750d7d753ccd04ae01b7\",\"name\":\"Jeanette\",\"image\":{\"@type\":\"ImageObject\",\"inLanguage\":\"es\",\"@id\":\"https:\\\/\\\/secure.gravatar.com\\\/avatar\\\/3ea2118a5f7dad2b7138b1187a6b7ee55f160b9968b66013c3a3ef39dd7e5798?s=96&d=mm&r=g\",\"url\":\"https:\\\/\\\/secure.gravatar.com\\\/avatar\\\/3ea2118a5f7dad2b7138b1187a6b7ee55f160b9968b66013c3a3ef39dd7e5798?s=96&d=mm&r=g\",\"contentUrl\":\"https:\\\/\\\/secure.gravatar.com\\\/avatar\\\/3ea2118a5f7dad2b7138b1187a6b7ee55f160b9968b66013c3a3ef39dd7e5798?s=96&d=mm&r=g\",\"caption\":\"Jeanette\"},\"sameAs\":[\"https:\\\/\\\/www.eldiario.net\\\/portal\"],\"url\":\"https:\\\/\\\/www.eldiario.net\\\/portal\\\/author\\\/jeanette\\\/\"}]}<\/script>\n<!-- \/ Yoast SEO plugin. -->","yoast_head_json":{"title":"Jos\u00e9 Mar\u00eda Del Pueblo, tu futuro es el Capitalismo Popular - El Diario - Bolivia","robots":{"index":"index","follow":"follow","max-snippet":"max-snippet:-1","max-image-preview":"max-image-preview:large","max-video-preview":"max-video-preview:-1"},"canonical":"https:\/\/www.eldiario.net\/portal\/2024\/04\/28\/jose-maria-del-pueblo-tu-futuro-es-el-capitalismo-popular\/","og_locale":"es_ES","og_type":"article","og_title":"Jos\u00e9 Mar\u00eda Del Pueblo, tu futuro es el Capitalismo Popular - El Diario - Bolivia","og_description":"Querido Jos\u00e9 Mar\u00eda, Espero que esta carta te encuentre bien y trabajando con el esmero de siempre en tu negocio en la ciudad de El Alto. Hoy quiero hablarte de una idea que puede cambiar la econom\u00eda del pa\u00eds para que todos tengamos las mejores oportunidades para prosperar. Se trata del Capitalismo Popular, y creo [&hellip;]","og_url":"https:\/\/www.eldiario.net\/portal\/2024\/04\/28\/jose-maria-del-pueblo-tu-futuro-es-el-capitalismo-popular\/","og_site_name":"El Diario - Bolivia","article_publisher":"https:\/\/www.facebook.com\/eldiario.bolivia\/","article_published_time":"2024-04-28T11:00:22+00:00","og_image":[{"width":1200,"height":628,"url":"https:\/\/www.eldiario.net\/portal\/wp-content\/uploads\/2023\/08\/Jaime-Dunn.jpg","type":"image\/jpeg"}],"author":"Jeanette","twitter_card":"summary_large_image","twitter_creator":"@eldiario_net","twitter_site":"@eldiario_net","twitter_misc":{"Escrito por":"Jeanette","Tiempo de lectura":"3 minutos"},"schema":{"@context":"https:\/\/schema.org","@graph":[{"@type":"Article","@id":"https:\/\/www.eldiario.net\/portal\/2024\/04\/28\/jose-maria-del-pueblo-tu-futuro-es-el-capitalismo-popular\/#article","isPartOf":{"@id":"https:\/\/www.eldiario.net\/portal\/2024\/04\/28\/jose-maria-del-pueblo-tu-futuro-es-el-capitalismo-popular\/"},"author":{"name":"Jeanette","@id":"https:\/\/www.eldiario.net\/portal\/#\/schema\/person\/f46445640444750d7d753ccd04ae01b7"},"headline":"Jos\u00e9 Mar\u00eda Del Pueblo, tu futuro es el Capitalismo Popular","datePublished":"2024-04-28T11:00:22+00:00","mainEntityOfPage":{"@id":"https:\/\/www.eldiario.net\/portal\/2024\/04\/28\/jose-maria-del-pueblo-tu-futuro-es-el-capitalismo-popular\/"},"wordCount":668,"commentCount":0,"publisher":{"@id":"https:\/\/www.eldiario.net\/portal\/#organization"},"image":{"@id":"https:\/\/www.eldiario.net\/portal\/2024\/04\/28\/jose-maria-del-pueblo-tu-futuro-es-el-capitalismo-popular\/#primaryimage"},"thumbnailUrl":"https:\/\/www.eldiario.net\/portal\/wp-content\/uploads\/2023\/08\/Jaime-Dunn.jpg","articleSection":["Opini\u00f3n"],"inLanguage":"es","potentialAction":[{"@type":"CommentAction","name":"Comment","target":["https:\/\/www.eldiario.net\/portal\/2024\/04\/28\/jose-maria-del-pueblo-tu-futuro-es-el-capitalismo-popular\/#respond"]}]},{"@type":"WebPage","@id":"https:\/\/www.eldiario.net\/portal\/2024\/04\/28\/jose-maria-del-pueblo-tu-futuro-es-el-capitalismo-popular\/","url":"https:\/\/www.eldiario.net\/portal\/2024\/04\/28\/jose-maria-del-pueblo-tu-futuro-es-el-capitalismo-popular\/","name":"Jos\u00e9 Mar\u00eda Del Pueblo, tu futuro es el Capitalismo Popular - El Diario - Bolivia","isPartOf":{"@id":"https:\/\/www.eldiario.net\/portal\/#website"},"primaryImageOfPage":{"@id":"https:\/\/www.eldiario.net\/portal\/2024\/04\/28\/jose-maria-del-pueblo-tu-futuro-es-el-capitalismo-popular\/#primaryimage"},"image":{"@id":"https:\/\/www.eldiario.net\/portal\/2024\/04\/28\/jose-maria-del-pueblo-tu-futuro-es-el-capitalismo-popular\/#primaryimage"},"thumbnailUrl":"https:\/\/www.eldiario.net\/portal\/wp-content\/uploads\/2023\/08\/Jaime-Dunn.jpg","datePublished":"2024-04-28T11:00:22+00:00","breadcrumb":{"@id":"https:\/\/www.eldiario.net\/portal\/2024\/04\/28\/jose-maria-del-pueblo-tu-futuro-es-el-capitalismo-popular\/#breadcrumb"},"inLanguage":"es","potentialAction":[{"@type":"ReadAction","target":["https:\/\/www.eldiario.net\/portal\/2024\/04\/28\/jose-maria-del-pueblo-tu-futuro-es-el-capitalismo-popular\/"]}]},{"@type":"ImageObject","inLanguage":"es","@id":"https:\/\/www.eldiario.net\/portal\/2024\/04\/28\/jose-maria-del-pueblo-tu-futuro-es-el-capitalismo-popular\/#primaryimage","url":"https:\/\/www.eldiario.net\/portal\/wp-content\/uploads\/2023\/08\/Jaime-Dunn.jpg","contentUrl":"https:\/\/www.eldiario.net\/portal\/wp-content\/uploads\/2023\/08\/Jaime-Dunn.jpg","width":1200,"height":628},{"@type":"BreadcrumbList","@id":"https:\/\/www.eldiario.net\/portal\/2024\/04\/28\/jose-maria-del-pueblo-tu-futuro-es-el-capitalismo-popular\/#breadcrumb","itemListElement":[{"@type":"ListItem","position":1,"name":"Portada","item":"https:\/\/www.eldiario.net\/portal\/"},{"@type":"ListItem","position":2,"name":"Jos\u00e9 Mar\u00eda Del Pueblo, tu futuro es el Capitalismo Popular"}]},{"@type":"WebSite","@id":"https:\/\/www.eldiario.net\/portal\/#website","url":"https:\/\/www.eldiario.net\/portal\/","name":"El Diario - Decano de la prensa nacional","description":"El Diario - Decano de la prensa nacional","publisher":{"@id":"https:\/\/www.eldiario.net\/portal\/#organization"},"potentialAction":[{"@type":"SearchAction","target":{"@type":"EntryPoint","urlTemplate":"https:\/\/www.eldiario.net\/portal\/?s={search_term_string}"},"query-input":{"@type":"PropertyValueSpecification","valueRequired":true,"valueName":"search_term_string"}}],"inLanguage":"es"},{"@type":"Organization","@id":"https:\/\/www.eldiario.net\/portal\/#organization","name":"El Diario - Decano de la prensa nacional","url":"https:\/\/www.eldiario.net\/portal\/","logo":{"@type":"ImageObject","inLanguage":"es","@id":"https:\/\/www.eldiario.net\/portal\/#\/schema\/logo\/image\/","url":"https:\/\/www.eldiario.net\/portal\/wp-content\/uploads\/2023\/07\/logo_ED.jpg","contentUrl":"https:\/\/www.eldiario.net\/portal\/wp-content\/uploads\/2023\/07\/logo_ED.jpg","width":272,"height":52,"caption":"El Diario - Decano de la prensa nacional"},"image":{"@id":"https:\/\/www.eldiario.net\/portal\/#\/schema\/logo\/image\/"},"sameAs":["https:\/\/www.facebook.com\/eldiario.bolivia\/","https:\/\/x.com\/eldiario_net"]},{"@type":"Person","@id":"https:\/\/www.eldiario.net\/portal\/#\/schema\/person\/f46445640444750d7d753ccd04ae01b7","name":"Jeanette","image":{"@type":"ImageObject","inLanguage":"es","@id":"https:\/\/secure.gravatar.com\/avatar\/3ea2118a5f7dad2b7138b1187a6b7ee55f160b9968b66013c3a3ef39dd7e5798?s=96&d=mm&r=g","url":"https:\/\/secure.gravatar.com\/avatar\/3ea2118a5f7dad2b7138b1187a6b7ee55f160b9968b66013c3a3ef39dd7e5798?s=96&d=mm&r=g","contentUrl":"https:\/\/secure.gravatar.com\/avatar\/3ea2118a5f7dad2b7138b1187a6b7ee55f160b9968b66013c3a3ef39dd7e5798?s=96&d=mm&r=g","caption":"Jeanette"},"sameAs":["https:\/\/www.eldiario.net\/portal"],"url":"https:\/\/www.eldiario.net\/portal\/author\/jeanette\/"}]}},"_links":{"self":[{"href":"https:\/\/www.eldiario.net\/portal\/wp-json\/wp\/v2\/posts\/217170","targetHints":{"allow":["GET"]}}],"collection":[{"href":"https:\/\/www.eldiario.net\/portal\/wp-json\/wp\/v2\/posts"}],"about":[{"href":"https:\/\/www.eldiario.net\/portal\/wp-json\/wp\/v2\/types\/post"}],"author":[{"embeddable":true,"href":"https:\/\/www.eldiario.net\/portal\/wp-json\/wp\/v2\/users\/1"}],"replies":[{"embeddable":true,"href":"https:\/\/www.eldiario.net\/portal\/wp-json\/wp\/v2\/comments?post=217170"}],"version-history":[{"count":1,"href":"https:\/\/www.eldiario.net\/portal\/wp-json\/wp\/v2\/posts\/217170\/revisions"}],"predecessor-version":[{"id":217171,"href":"https:\/\/www.eldiario.net\/portal\/wp-json\/wp\/v2\/posts\/217170\/revisions\/217171"}],"wp:featuredmedia":[{"embeddable":true,"href":"https:\/\/www.eldiario.net\/portal\/wp-json\/wp\/v2\/media\/171389"}],"wp:attachment":[{"href":"https:\/\/www.eldiario.net\/portal\/wp-json\/wp\/v2\/media?parent=217170"}],"wp:term":[{"taxonomy":"category","embeddable":true,"href":"https:\/\/www.eldiario.net\/portal\/wp-json\/wp\/v2\/categories?post=217170"},{"taxonomy":"post_tag","embeddable":true,"href":"https:\/\/www.eldiario.net\/portal\/wp-json\/wp\/v2\/tags?post=217170"}],"curies":[{"name":"wp","href":"https:\/\/api.w.org\/{rel}","templated":true}]}}