{"id":217164,"date":"2024-04-28T06:58:18","date_gmt":"2024-04-28T10:58:18","guid":{"rendered":"https:\/\/www.eldiario.net\/portal\/?p=217164"},"modified":"2024-04-28T06:58:18","modified_gmt":"2024-04-28T10:58:18","slug":"construyamos-bolivia-con-empresas-bolivianas","status":"publish","type":"post","link":"https:\/\/www.eldiario.net\/portal\/2024\/04\/28\/construyamos-bolivia-con-empresas-bolivianas\/","title":{"rendered":"Construyamos Bolivia con empresas bolivianas"},"content":{"rendered":"<p>La C\u00e1mara Boliviana de Construcci\u00f3n (Caboco) agrupa a las empresas constructoras nacionales legamente constituidas que, en los \u00faltimos a\u00f1os, compitieron sin posibilidades contra empresas extranjeras, con el prop\u00f3sito de desarrollar las carreteras de Bolivia.<br \/>\nSu objetivo principal es promover el desarrollo y las actividades de la industria de la construcci\u00f3n en el pa\u00eds. Caboco ofrece diversos servicios a sus miembros, incluyendo asistencia t\u00e9cnica, representaci\u00f3n ante autoridades gubernamentales, capacitaci\u00f3n, y facilitaci\u00f3n de oportunidades de negocio. Adem\u00e1s, juega un papel importante en la promoci\u00f3n de est\u00e1ndares de calidad y seguridad en la construcci\u00f3n, as\u00ed como en defensa de los intereses del sector.<br \/>\nDebemos reconocer y decirlo con claridad, que en el pa\u00eds tenemos empresas constructoras con mucha experiencia y capacidad, que pueden cumplir con todas las exigencias que tienen las organizaciones que licitan obras de diversa naturaleza.<br \/>\nSalvo que, como denunci\u00f3 Luis Bustillo, cuando ejerc\u00eda las funciones de presidente de Caboco, algunos de los \u201crequisitos que se solicitan no se adecuan a la realidad nacional. En 2019 para la construcci\u00f3n de hospitales, pidieron como requisito haber construido en los \u00faltimos a\u00f1os tres hospitales de envergadura. En carreteras han pedido como requisito haber construido un mill\u00f3n de metros cuadrados de pavimento r\u00edgido, lo que se aleja totalmente de la realidad nacional\u201d.<br \/>\nEl Gobierno debe considerar que la inversi\u00f3n p\u00fablica en infraestructura debe beneficiar a los empresarios y trabajadores de la construcci\u00f3n bolivianos.<br \/>\nLos empresarios compartimos el criterio de la Caboco, que insiste en que la inversi\u00f3n p\u00fablica sea ejecutada por empresas nacionales, aumentando el movimiento econ\u00f3mico del pa\u00eds, coadyuvando en la reactivaci\u00f3n que tanto buscamos, generando empleo, y pagando impuestos.<br \/>\nEn 8 de julio de 1949 se fund\u00f3 la entidad matriz del sector privado de la industria de la construcci\u00f3n, con el nombre de C\u00e1mara Nacional de Constructores, gracias a la inquietud de 14 empresarios constructores, en reuni\u00f3n realizada bajo la Presidencia Ad-Hoc del Sr. Hugo Murillo. Pocos a\u00f1os despu\u00e9s cambi\u00f3 su denominaci\u00f3n por el de C\u00e1mara Boliviana de la Construcci\u00f3n<br \/>\nLos Fundadores de la C\u00e1mara Nacional de Constructores fueron: Giovani de Col, Hugo Murillo, Roberto Azcui, William Haillot, Rafael Gisbert, Jos\u00e9 Calasich, Enrico Le\u00f3n, Pablo Baher, Alberto Iturralde, Jorge Yelicic, Juan Kovacev, Valent\u00edn Kovacev, Nicol\u00e1s Sarich, Mirco Miros y Juan Oviedo.<br \/>\nLa misi\u00f3n de esta C\u00e1mara es \u201crepresentar a la industria de la construcci\u00f3n boliviana, promoviendo su fortalecimiento y desarrollo, defendiendo sus intereses dentro del ambiente jur\u00eddico, econ\u00f3mico y social de la naci\u00f3n y dentro del contexto internacional en que se desarrolla el sector\u201d.<br \/>\nDesde Caboco se plante\u00f3 hace a\u00f1os la reforma del Decreto Supremo 181 para \u201cnacionalizar\u201d las adjudicaciones, ya que actualmente beneficia a empresas extranjeras que acaban llev\u00e1ndose las utilidades fuera del pa\u00eds.<br \/>\nDatos recabados por la Caboco entre 2016 y 2019 muestran que la empresa china Harbour Engineering Company Ltd. (CHEC) se adjudic\u00f3 la construcci\u00f3n de siete obras viales por 3.514 millones de d\u00f3lares. La cifra representa m\u00e1s del 50 por ciento de los 6.000 millones de d\u00f3lares que se adjudic\u00f3 a empresas chinas entre 2008 y 2019.<br \/>\nPara Luis Bustillo, el que una empresa tenga tal cantidad de obras llama la atenci\u00f3n y va en desmedro de las constructoras nacionales, que son relegadas y terminan ejecutando esas mismas obras para las firmas chinas, pero por un monto mucho menor, en condici\u00f3n de subcontratistas.<br \/>\nSeg\u00fan analistas, la adjudicaci\u00f3n de muchas obras de infraestructura a empresas chinas se debe a que los pr\u00e9stamos concedidos por ese pa\u00eds condicionan el cr\u00e9dito a que las ejecutoras de las obras sean empresas de esa nacionalidad.<br \/>\nLas empresas constructoras bolivianas tienen la capacidad necesaria para realizar las obras que licita el gobierno boliviano. Bustillo fue claro al afirmar: \u201cNo somos aptos para ejecutar la obra y ganar la licitaci\u00f3n, pero s\u00ed somos aptos para ser subcontratistas, creo que eso est\u00e1 mal\u201d.<br \/>\nDatos del INE muestran que hasta el segundo trimestre de la gesti\u00f3n 2023, el sector constructor tuvo un crecimiento de 3,24%, respecto a similar periodo de 2022, gesti\u00f3n en la que este sector creci\u00f3 en 3,83, todav\u00eda inferior a las tasas prepandemia de la covid-19.<br \/>\nEl sector de la construcci\u00f3n es fundamental para la econom\u00eda y por eso los esfuerzos del gobierno deben estar orientados a asegurar su crecimiento en nuestro pa\u00eds a trav\u00e9s de la estabilidad de precios en los materiales, uso de tecnolog\u00eda de punta, as\u00ed como el apoyo a empresas nacionales.<\/p>\n<p>El autor es Economista, Acad\u00e9mico de N\u00famero de la ABCE y presidente del Directorio de la UREAL.<\/p>\n","protected":false},"excerpt":{"rendered":"<p>La C\u00e1mara Boliviana de Construcci\u00f3n (Caboco) agrupa a las empresas constructoras nacionales legamente constituidas que, en los \u00faltimos a\u00f1os, compitieron sin posibilidades contra empresas extranjeras, con el prop\u00f3sito de desarrollar las carreteras de Bolivia. Su objetivo principal es promover el desarrollo y las actividades de la industria de la construcci\u00f3n en el pa\u00eds. Caboco ofrece [&hellip;]<\/p>\n","protected":false},"author":1,"featured_media":158113,"comment_status":"open","ping_status":"open","sticky":false,"template":"","format":"standard","meta":{"_acf_changed":false,"footnotes":""},"categories":[9],"tags":[],"class_list":["post-217164","post","type-post","status-publish","format-standard","has-post-thumbnail","category-opinion"],"acf":{"antetitulo":""},"yoast_head":"<!-- This site is optimized with the Yoast SEO plugin v28.4 - https:\/\/yoast.com\/product\/yoast-seo-wordpress\/ -->\n<title>Construyamos Bolivia con empresas bolivianas - El Diario - Bolivia<\/title>\n<meta name=\"robots\" content=\"index, follow, max-snippet:-1, max-image-preview:large, max-video-preview:-1\" \/>\n<link rel=\"canonical\" href=\"https:\/\/www.eldiario.net\/portal\/2024\/04\/28\/construyamos-bolivia-con-empresas-bolivianas\/\" \/>\n<meta property=\"og:locale\" content=\"es_ES\" \/>\n<meta property=\"og:type\" content=\"article\" \/>\n<meta property=\"og:title\" content=\"Construyamos Bolivia con empresas bolivianas - El Diario - Bolivia\" \/>\n<meta property=\"og:description\" content=\"La C\u00e1mara Boliviana de Construcci\u00f3n (Caboco) agrupa a las empresas constructoras nacionales legamente constituidas que, en los \u00faltimos a\u00f1os, compitieron sin posibilidades contra empresas extranjeras, con el prop\u00f3sito de desarrollar las carreteras de Bolivia. Su objetivo principal es promover el desarrollo y las actividades de la industria de la construcci\u00f3n en el pa\u00eds. Caboco ofrece [&hellip;]\" \/>\n<meta property=\"og:url\" content=\"https:\/\/www.eldiario.net\/portal\/2024\/04\/28\/construyamos-bolivia-con-empresas-bolivianas\/\" \/>\n<meta property=\"og:site_name\" content=\"El Diario - Bolivia\" \/>\n<meta property=\"article:publisher\" content=\"https:\/\/www.facebook.com\/eldiario.bolivia\/\" \/>\n<meta property=\"article:published_time\" content=\"2024-04-28T10:58:18+00:00\" \/>\n<meta property=\"og:image\" content=\"https:\/\/www.eldiario.net\/portal\/wp-content\/uploads\/2023\/06\/Rolando-Kempff-Bacigalupo2.jpg\" \/>\n\t<meta property=\"og:image:width\" content=\"1200\" \/>\n\t<meta property=\"og:image:height\" content=\"628\" \/>\n\t<meta property=\"og:image:type\" content=\"image\/jpeg\" \/>\n<meta name=\"author\" content=\"Jeanette\" \/>\n<meta name=\"twitter:card\" content=\"summary_large_image\" \/>\n<meta name=\"twitter:creator\" content=\"@eldiario_net\" \/>\n<meta name=\"twitter:site\" content=\"@eldiario_net\" \/>\n<meta name=\"twitter:label1\" content=\"Escrito por\" \/>\n\t<meta name=\"twitter:data1\" content=\"Jeanette\" \/>\n\t<meta name=\"twitter:label2\" content=\"Tiempo de lectura\" \/>\n\t<meta name=\"twitter:data2\" content=\"4 minutos\" \/>\n<script type=\"application\/ld+json\" class=\"yoast-schema-graph\">{\"@context\":\"https:\\\/\\\/schema.org\",\"@graph\":[{\"@type\":\"Article\",\"@id\":\"https:\\\/\\\/www.eldiario.net\\\/portal\\\/2024\\\/04\\\/28\\\/construyamos-bolivia-con-empresas-bolivianas\\\/#article\",\"isPartOf\":{\"@id\":\"https:\\\/\\\/www.eldiario.net\\\/portal\\\/2024\\\/04\\\/28\\\/construyamos-bolivia-con-empresas-bolivianas\\\/\"},\"author\":{\"name\":\"Jeanette\",\"@id\":\"https:\\\/\\\/www.eldiario.net\\\/portal\\\/#\\\/schema\\\/person\\\/f46445640444750d7d753ccd04ae01b7\"},\"headline\":\"Construyamos Bolivia con empresas bolivianas\",\"datePublished\":\"2024-04-28T10:58:18+00:00\",\"mainEntityOfPage\":{\"@id\":\"https:\\\/\\\/www.eldiario.net\\\/portal\\\/2024\\\/04\\\/28\\\/construyamos-bolivia-con-empresas-bolivianas\\\/\"},\"wordCount\":798,\"commentCount\":0,\"publisher\":{\"@id\":\"https:\\\/\\\/www.eldiario.net\\\/portal\\\/#organization\"},\"image\":{\"@id\":\"https:\\\/\\\/www.eldiario.net\\\/portal\\\/2024\\\/04\\\/28\\\/construyamos-bolivia-con-empresas-bolivianas\\\/#primaryimage\"},\"thumbnailUrl\":\"https:\\\/\\\/www.eldiario.net\\\/portal\\\/wp-content\\\/uploads\\\/2023\\\/06\\\/Rolando-Kempff-Bacigalupo2.jpg\",\"articleSection\":[\"Opini\u00f3n\"],\"inLanguage\":\"es\",\"potentialAction\":[{\"@type\":\"CommentAction\",\"name\":\"Comment\",\"target\":[\"https:\\\/\\\/www.eldiario.net\\\/portal\\\/2024\\\/04\\\/28\\\/construyamos-bolivia-con-empresas-bolivianas\\\/#respond\"]}]},{\"@type\":\"WebPage\",\"@id\":\"https:\\\/\\\/www.eldiario.net\\\/portal\\\/2024\\\/04\\\/28\\\/construyamos-bolivia-con-empresas-bolivianas\\\/\",\"url\":\"https:\\\/\\\/www.eldiario.net\\\/portal\\\/2024\\\/04\\\/28\\\/construyamos-bolivia-con-empresas-bolivianas\\\/\",\"name\":\"Construyamos Bolivia con empresas bolivianas - El Diario - Bolivia\",\"isPartOf\":{\"@id\":\"https:\\\/\\\/www.eldiario.net\\\/portal\\\/#website\"},\"primaryImageOfPage\":{\"@id\":\"https:\\\/\\\/www.eldiario.net\\\/portal\\\/2024\\\/04\\\/28\\\/construyamos-bolivia-con-empresas-bolivianas\\\/#primaryimage\"},\"image\":{\"@id\":\"https:\\\/\\\/www.eldiario.net\\\/portal\\\/2024\\\/04\\\/28\\\/construyamos-bolivia-con-empresas-bolivianas\\\/#primaryimage\"},\"thumbnailUrl\":\"https:\\\/\\\/www.eldiario.net\\\/portal\\\/wp-content\\\/uploads\\\/2023\\\/06\\\/Rolando-Kempff-Bacigalupo2.jpg\",\"datePublished\":\"2024-04-28T10:58:18+00:00\",\"breadcrumb\":{\"@id\":\"https:\\\/\\\/www.eldiario.net\\\/portal\\\/2024\\\/04\\\/28\\\/construyamos-bolivia-con-empresas-bolivianas\\\/#breadcrumb\"},\"inLanguage\":\"es\",\"potentialAction\":[{\"@type\":\"ReadAction\",\"target\":[\"https:\\\/\\\/www.eldiario.net\\\/portal\\\/2024\\\/04\\\/28\\\/construyamos-bolivia-con-empresas-bolivianas\\\/\"]}]},{\"@type\":\"ImageObject\",\"inLanguage\":\"es\",\"@id\":\"https:\\\/\\\/www.eldiario.net\\\/portal\\\/2024\\\/04\\\/28\\\/construyamos-bolivia-con-empresas-bolivianas\\\/#primaryimage\",\"url\":\"https:\\\/\\\/www.eldiario.net\\\/portal\\\/wp-content\\\/uploads\\\/2023\\\/06\\\/Rolando-Kempff-Bacigalupo2.jpg\",\"contentUrl\":\"https:\\\/\\\/www.eldiario.net\\\/portal\\\/wp-content\\\/uploads\\\/2023\\\/06\\\/Rolando-Kempff-Bacigalupo2.jpg\",\"width\":1200,\"height\":628},{\"@type\":\"BreadcrumbList\",\"@id\":\"https:\\\/\\\/www.eldiario.net\\\/portal\\\/2024\\\/04\\\/28\\\/construyamos-bolivia-con-empresas-bolivianas\\\/#breadcrumb\",\"itemListElement\":[{\"@type\":\"ListItem\",\"position\":1,\"name\":\"Portada\",\"item\":\"https:\\\/\\\/www.eldiario.net\\\/portal\\\/\"},{\"@type\":\"ListItem\",\"position\":2,\"name\":\"Construyamos Bolivia con empresas bolivianas\"}]},{\"@type\":\"WebSite\",\"@id\":\"https:\\\/\\\/www.eldiario.net\\\/portal\\\/#website\",\"url\":\"https:\\\/\\\/www.eldiario.net\\\/portal\\\/\",\"name\":\"El Diario - Decano de la prensa nacional\",\"description\":\"El Diario - Decano de la prensa nacional\",\"publisher\":{\"@id\":\"https:\\\/\\\/www.eldiario.net\\\/portal\\\/#organization\"},\"potentialAction\":[{\"@type\":\"SearchAction\",\"target\":{\"@type\":\"EntryPoint\",\"urlTemplate\":\"https:\\\/\\\/www.eldiario.net\\\/portal\\\/?s={search_term_string}\"},\"query-input\":{\"@type\":\"PropertyValueSpecification\",\"valueRequired\":true,\"valueName\":\"search_term_string\"}}],\"inLanguage\":\"es\"},{\"@type\":\"Organization\",\"@id\":\"https:\\\/\\\/www.eldiario.net\\\/portal\\\/#organization\",\"name\":\"El Diario - Decano de la prensa nacional\",\"url\":\"https:\\\/\\\/www.eldiario.net\\\/portal\\\/\",\"logo\":{\"@type\":\"ImageObject\",\"inLanguage\":\"es\",\"@id\":\"https:\\\/\\\/www.eldiario.net\\\/portal\\\/#\\\/schema\\\/logo\\\/image\\\/\",\"url\":\"https:\\\/\\\/www.eldiario.net\\\/portal\\\/wp-content\\\/uploads\\\/2023\\\/07\\\/logo_ED.jpg\",\"contentUrl\":\"https:\\\/\\\/www.eldiario.net\\\/portal\\\/wp-content\\\/uploads\\\/2023\\\/07\\\/logo_ED.jpg\",\"width\":272,\"height\":52,\"caption\":\"El Diario - Decano de la prensa nacional\"},\"image\":{\"@id\":\"https:\\\/\\\/www.eldiario.net\\\/portal\\\/#\\\/schema\\\/logo\\\/image\\\/\"},\"sameAs\":[\"https:\\\/\\\/www.facebook.com\\\/eldiario.bolivia\\\/\",\"https:\\\/\\\/x.com\\\/eldiario_net\"]},{\"@type\":\"Person\",\"@id\":\"https:\\\/\\\/www.eldiario.net\\\/portal\\\/#\\\/schema\\\/person\\\/f46445640444750d7d753ccd04ae01b7\",\"name\":\"Jeanette\",\"image\":{\"@type\":\"ImageObject\",\"inLanguage\":\"es\",\"@id\":\"https:\\\/\\\/secure.gravatar.com\\\/avatar\\\/3ea2118a5f7dad2b7138b1187a6b7ee55f160b9968b66013c3a3ef39dd7e5798?s=96&d=mm&r=g\",\"url\":\"https:\\\/\\\/secure.gravatar.com\\\/avatar\\\/3ea2118a5f7dad2b7138b1187a6b7ee55f160b9968b66013c3a3ef39dd7e5798?s=96&d=mm&r=g\",\"contentUrl\":\"https:\\\/\\\/secure.gravatar.com\\\/avatar\\\/3ea2118a5f7dad2b7138b1187a6b7ee55f160b9968b66013c3a3ef39dd7e5798?s=96&d=mm&r=g\",\"caption\":\"Jeanette\"},\"sameAs\":[\"https:\\\/\\\/www.eldiario.net\\\/portal\"],\"url\":\"https:\\\/\\\/www.eldiario.net\\\/portal\\\/author\\\/jeanette\\\/\"}]}<\/script>\n<!-- \/ Yoast SEO plugin. -->","yoast_head_json":{"title":"Construyamos Bolivia con empresas bolivianas - El Diario - Bolivia","robots":{"index":"index","follow":"follow","max-snippet":"max-snippet:-1","max-image-preview":"max-image-preview:large","max-video-preview":"max-video-preview:-1"},"canonical":"https:\/\/www.eldiario.net\/portal\/2024\/04\/28\/construyamos-bolivia-con-empresas-bolivianas\/","og_locale":"es_ES","og_type":"article","og_title":"Construyamos Bolivia con empresas bolivianas - El Diario - Bolivia","og_description":"La C\u00e1mara Boliviana de Construcci\u00f3n (Caboco) agrupa a las empresas constructoras nacionales legamente constituidas que, en los \u00faltimos a\u00f1os, compitieron sin posibilidades contra empresas extranjeras, con el prop\u00f3sito de desarrollar las carreteras de Bolivia. Su objetivo principal es promover el desarrollo y las actividades de la industria de la construcci\u00f3n en el pa\u00eds. Caboco ofrece [&hellip;]","og_url":"https:\/\/www.eldiario.net\/portal\/2024\/04\/28\/construyamos-bolivia-con-empresas-bolivianas\/","og_site_name":"El Diario - Bolivia","article_publisher":"https:\/\/www.facebook.com\/eldiario.bolivia\/","article_published_time":"2024-04-28T10:58:18+00:00","og_image":[{"width":1200,"height":628,"url":"https:\/\/www.eldiario.net\/portal\/wp-content\/uploads\/2023\/06\/Rolando-Kempff-Bacigalupo2.jpg","type":"image\/jpeg"}],"author":"Jeanette","twitter_card":"summary_large_image","twitter_creator":"@eldiario_net","twitter_site":"@eldiario_net","twitter_misc":{"Escrito por":"Jeanette","Tiempo de lectura":"4 minutos"},"schema":{"@context":"https:\/\/schema.org","@graph":[{"@type":"Article","@id":"https:\/\/www.eldiario.net\/portal\/2024\/04\/28\/construyamos-bolivia-con-empresas-bolivianas\/#article","isPartOf":{"@id":"https:\/\/www.eldiario.net\/portal\/2024\/04\/28\/construyamos-bolivia-con-empresas-bolivianas\/"},"author":{"name":"Jeanette","@id":"https:\/\/www.eldiario.net\/portal\/#\/schema\/person\/f46445640444750d7d753ccd04ae01b7"},"headline":"Construyamos Bolivia con empresas bolivianas","datePublished":"2024-04-28T10:58:18+00:00","mainEntityOfPage":{"@id":"https:\/\/www.eldiario.net\/portal\/2024\/04\/28\/construyamos-bolivia-con-empresas-bolivianas\/"},"wordCount":798,"commentCount":0,"publisher":{"@id":"https:\/\/www.eldiario.net\/portal\/#organization"},"image":{"@id":"https:\/\/www.eldiario.net\/portal\/2024\/04\/28\/construyamos-bolivia-con-empresas-bolivianas\/#primaryimage"},"thumbnailUrl":"https:\/\/www.eldiario.net\/portal\/wp-content\/uploads\/2023\/06\/Rolando-Kempff-Bacigalupo2.jpg","articleSection":["Opini\u00f3n"],"inLanguage":"es","potentialAction":[{"@type":"CommentAction","name":"Comment","target":["https:\/\/www.eldiario.net\/portal\/2024\/04\/28\/construyamos-bolivia-con-empresas-bolivianas\/#respond"]}]},{"@type":"WebPage","@id":"https:\/\/www.eldiario.net\/portal\/2024\/04\/28\/construyamos-bolivia-con-empresas-bolivianas\/","url":"https:\/\/www.eldiario.net\/portal\/2024\/04\/28\/construyamos-bolivia-con-empresas-bolivianas\/","name":"Construyamos Bolivia con empresas bolivianas - El Diario - Bolivia","isPartOf":{"@id":"https:\/\/www.eldiario.net\/portal\/#website"},"primaryImageOfPage":{"@id":"https:\/\/www.eldiario.net\/portal\/2024\/04\/28\/construyamos-bolivia-con-empresas-bolivianas\/#primaryimage"},"image":{"@id":"https:\/\/www.eldiario.net\/portal\/2024\/04\/28\/construyamos-bolivia-con-empresas-bolivianas\/#primaryimage"},"thumbnailUrl":"https:\/\/www.eldiario.net\/portal\/wp-content\/uploads\/2023\/06\/Rolando-Kempff-Bacigalupo2.jpg","datePublished":"2024-04-28T10:58:18+00:00","breadcrumb":{"@id":"https:\/\/www.eldiario.net\/portal\/2024\/04\/28\/construyamos-bolivia-con-empresas-bolivianas\/#breadcrumb"},"inLanguage":"es","potentialAction":[{"@type":"ReadAction","target":["https:\/\/www.eldiario.net\/portal\/2024\/04\/28\/construyamos-bolivia-con-empresas-bolivianas\/"]}]},{"@type":"ImageObject","inLanguage":"es","@id":"https:\/\/www.eldiario.net\/portal\/2024\/04\/28\/construyamos-bolivia-con-empresas-bolivianas\/#primaryimage","url":"https:\/\/www.eldiario.net\/portal\/wp-content\/uploads\/2023\/06\/Rolando-Kempff-Bacigalupo2.jpg","contentUrl":"https:\/\/www.eldiario.net\/portal\/wp-content\/uploads\/2023\/06\/Rolando-Kempff-Bacigalupo2.jpg","width":1200,"height":628},{"@type":"BreadcrumbList","@id":"https:\/\/www.eldiario.net\/portal\/2024\/04\/28\/construyamos-bolivia-con-empresas-bolivianas\/#breadcrumb","itemListElement":[{"@type":"ListItem","position":1,"name":"Portada","item":"https:\/\/www.eldiario.net\/portal\/"},{"@type":"ListItem","position":2,"name":"Construyamos Bolivia con empresas bolivianas"}]},{"@type":"WebSite","@id":"https:\/\/www.eldiario.net\/portal\/#website","url":"https:\/\/www.eldiario.net\/portal\/","name":"El Diario - Decano de la prensa nacional","description":"El Diario - Decano de la prensa nacional","publisher":{"@id":"https:\/\/www.eldiario.net\/portal\/#organization"},"potentialAction":[{"@type":"SearchAction","target":{"@type":"EntryPoint","urlTemplate":"https:\/\/www.eldiario.net\/portal\/?s={search_term_string}"},"query-input":{"@type":"PropertyValueSpecification","valueRequired":true,"valueName":"search_term_string"}}],"inLanguage":"es"},{"@type":"Organization","@id":"https:\/\/www.eldiario.net\/portal\/#organization","name":"El Diario - Decano de la prensa nacional","url":"https:\/\/www.eldiario.net\/portal\/","logo":{"@type":"ImageObject","inLanguage":"es","@id":"https:\/\/www.eldiario.net\/portal\/#\/schema\/logo\/image\/","url":"https:\/\/www.eldiario.net\/portal\/wp-content\/uploads\/2023\/07\/logo_ED.jpg","contentUrl":"https:\/\/www.eldiario.net\/portal\/wp-content\/uploads\/2023\/07\/logo_ED.jpg","width":272,"height":52,"caption":"El Diario - Decano de la prensa nacional"},"image":{"@id":"https:\/\/www.eldiario.net\/portal\/#\/schema\/logo\/image\/"},"sameAs":["https:\/\/www.facebook.com\/eldiario.bolivia\/","https:\/\/x.com\/eldiario_net"]},{"@type":"Person","@id":"https:\/\/www.eldiario.net\/portal\/#\/schema\/person\/f46445640444750d7d753ccd04ae01b7","name":"Jeanette","image":{"@type":"ImageObject","inLanguage":"es","@id":"https:\/\/secure.gravatar.com\/avatar\/3ea2118a5f7dad2b7138b1187a6b7ee55f160b9968b66013c3a3ef39dd7e5798?s=96&d=mm&r=g","url":"https:\/\/secure.gravatar.com\/avatar\/3ea2118a5f7dad2b7138b1187a6b7ee55f160b9968b66013c3a3ef39dd7e5798?s=96&d=mm&r=g","contentUrl":"https:\/\/secure.gravatar.com\/avatar\/3ea2118a5f7dad2b7138b1187a6b7ee55f160b9968b66013c3a3ef39dd7e5798?s=96&d=mm&r=g","caption":"Jeanette"},"sameAs":["https:\/\/www.eldiario.net\/portal"],"url":"https:\/\/www.eldiario.net\/portal\/author\/jeanette\/"}]}},"_links":{"self":[{"href":"https:\/\/www.eldiario.net\/portal\/wp-json\/wp\/v2\/posts\/217164","targetHints":{"allow":["GET"]}}],"collection":[{"href":"https:\/\/www.eldiario.net\/portal\/wp-json\/wp\/v2\/posts"}],"about":[{"href":"https:\/\/www.eldiario.net\/portal\/wp-json\/wp\/v2\/types\/post"}],"author":[{"embeddable":true,"href":"https:\/\/www.eldiario.net\/portal\/wp-json\/wp\/v2\/users\/1"}],"replies":[{"embeddable":true,"href":"https:\/\/www.eldiario.net\/portal\/wp-json\/wp\/v2\/comments?post=217164"}],"version-history":[{"count":1,"href":"https:\/\/www.eldiario.net\/portal\/wp-json\/wp\/v2\/posts\/217164\/revisions"}],"predecessor-version":[{"id":217165,"href":"https:\/\/www.eldiario.net\/portal\/wp-json\/wp\/v2\/posts\/217164\/revisions\/217165"}],"wp:featuredmedia":[{"embeddable":true,"href":"https:\/\/www.eldiario.net\/portal\/wp-json\/wp\/v2\/media\/158113"}],"wp:attachment":[{"href":"https:\/\/www.eldiario.net\/portal\/wp-json\/wp\/v2\/media?parent=217164"}],"wp:term":[{"taxonomy":"category","embeddable":true,"href":"https:\/\/www.eldiario.net\/portal\/wp-json\/wp\/v2\/categories?post=217164"},{"taxonomy":"post_tag","embeddable":true,"href":"https:\/\/www.eldiario.net\/portal\/wp-json\/wp\/v2\/tags?post=217164"}],"curies":[{"name":"wp","href":"https:\/\/api.w.org\/{rel}","templated":true}]}}