{"id":217160,"date":"2024-04-28T06:57:10","date_gmt":"2024-04-28T10:57:10","guid":{"rendered":"https:\/\/www.eldiario.net\/portal\/?p=217160"},"modified":"2024-04-28T06:57:10","modified_gmt":"2024-04-28T10:57:10","slug":"en-2023-cuanta-basura-producimos","status":"publish","type":"post","link":"https:\/\/www.eldiario.net\/portal\/2024\/04\/28\/en-2023-cuanta-basura-producimos\/","title":{"rendered":"\u00bfEn 2023 cu\u00e1nta basura producimos?"},"content":{"rendered":"<p>En 2009, a trav\u00e9s de la Resoluci\u00f3n N\u00ba 63\/278, la Asamblea General de la Organizaci\u00f3n de las Naciones Unidas (ONU) design\u00f3 al 22 de abril como el \u201cD\u00eda Internacional de la Madre Tierra\u201d para crear conciencia sobre el medio ambiente. En este sentido a nivel mundial se busca hacer reflexionar a gobiernos, industrias y a la gente sobre la importancia del cuidado del planeta, nuestro \u00fanico hogar, donde el ser humano y la naturaleza puedan convivir sosteniblemente, sin que el primero la destruya en pro de su desarrollo y satisfacci\u00f3n de sus necesidades.<br \/>\nEntre tantos temas inherentes al cuidado del planeta y el medio ambiente, sin duda, entre los principales est\u00e1 la producci\u00f3n y el tratamiento de la basura que generamos d\u00eda en todo el mundo, sin importar si son pa\u00edses desarrollados o no. Todos consumimos, todos producimos basura, desde beb\u00e9s hasta ancianos. En este sentido, la ONU hizo un c\u00e1lculo que para el a\u00f1o 2050 el mundo generara 3.400 toneladas de residuos s\u00f3lidos al a\u00f1o, equivalente, por ejemplo, a 59 ballenas azules por minuto, realmente una cifra extraordinaria.<br \/>\n\u00bfC\u00f3mo estamos en Bolivia? Seg\u00fan datos del INE, con base en informaci\u00f3n proporcionada por las entidades municipales de aseo de las ciudades capitales, en 2023 se recolectaron en residuos s\u00f3lidos la cantidad total de 1.659.461 toneladas. De este monto, la mayor parte corresponde a la ciudad de Santa Cruz, con un 36%, luego le sigue El Alto con el 17% y posteriormente La Paz con un 13%. El restante de basura es generado por las dem\u00e1s ciudades, donde, por ejemplo, Trinidad y Cobija solo aportan el 3% del total.<br \/>\nRespecto al tipo de procedencia de nuestros residuos s\u00f3lidos o basura, se ha identificado que el 85% es domiciliaria, el 10% de mercados, 1% de \u00e1reas p\u00fablicas, 3% otros (residuos recolectados de industrias, mataderos y otros) y solo un 0,43% de hospitales. Los mayores generadores de basura son los hogares y mercados del pa\u00eds, principalmente en las ciudades con mayor concentraci\u00f3n de habitantes. Si bien las industrias, mataderos y otro tipo de empresas generan vol\u00famenes importantes de residuos s\u00f3lidos, la mayor parte tiene plantas de recolecci\u00f3n, tratamiento y eliminaci\u00f3n de su basura o residuos de producci\u00f3n con base en sus licencias ambientales y a lo que establece la normativa nacional.<br \/>\nFinalmente, ya sabemos cu\u00e1nta basura producimos el a\u00f1o pasado, es bastante, pero la historia no debe acabar ah\u00ed, es importante saber qu\u00e9 es lo que hace cada municipio para el recojo, tratamiento, eliminaci\u00f3n o aprovechamiento de todos los residuos s\u00f3lidos acopiados d\u00eda a d\u00eda. \u00bfQu\u00e9 tipo de botaderos tienen? \u00bfExisten un centro de acopiado y selecci\u00f3n de basura? \u00bfC\u00f3mo se trata a los residuos recolectados? \u00bfQu\u00e9 tipo de tecnolog\u00eda se usa y qu\u00e9 grado de la basura es recuperable? Muchas preguntas por responder, un correcto manejo y uso de la basura no solo genera menos contaminaci\u00f3n, sino tambi\u00e9n dinero que puede ser utilizado para beneficiar a la misma poblaci\u00f3n que la genera.<\/p>\n<p>El autor es Presidente del Colegio Departamental de Economistas de Tarija.<\/p>\n","protected":false},"excerpt":{"rendered":"<p>En 2009, a trav\u00e9s de la Resoluci\u00f3n N\u00ba 63\/278, la Asamblea General de la Organizaci\u00f3n de las Naciones Unidas (ONU) design\u00f3 al 22 de abril como el \u201cD\u00eda Internacional de la Madre Tierra\u201d para crear conciencia sobre el medio ambiente. En este sentido a nivel mundial se busca hacer reflexionar a gobiernos, industrias y a [&hellip;]<\/p>\n","protected":false},"author":1,"featured_media":159873,"comment_status":"open","ping_status":"open","sticky":false,"template":"","format":"standard","meta":{"_acf_changed":false,"footnotes":""},"categories":[9],"tags":[],"class_list":["post-217160","post","type-post","status-publish","format-standard","has-post-thumbnail","category-opinion"],"acf":{"antetitulo":""},"yoast_head":"<!-- This site is optimized with the Yoast SEO plugin v28.4 - https:\/\/yoast.com\/product\/yoast-seo-wordpress\/ -->\n<title>\u00bfEn 2023 cu\u00e1nta basura producimos? - El Diario - Bolivia<\/title>\n<meta name=\"robots\" content=\"index, follow, max-snippet:-1, max-image-preview:large, max-video-preview:-1\" \/>\n<link rel=\"canonical\" href=\"https:\/\/www.eldiario.net\/portal\/2024\/04\/28\/en-2023-cuanta-basura-producimos\/\" \/>\n<meta property=\"og:locale\" content=\"es_ES\" \/>\n<meta property=\"og:type\" content=\"article\" \/>\n<meta property=\"og:title\" content=\"\u00bfEn 2023 cu\u00e1nta basura producimos? - El Diario - Bolivia\" \/>\n<meta property=\"og:description\" content=\"En 2009, a trav\u00e9s de la Resoluci\u00f3n N\u00ba 63\/278, la Asamblea General de la Organizaci\u00f3n de las Naciones Unidas (ONU) design\u00f3 al 22 de abril como el \u201cD\u00eda Internacional de la Madre Tierra\u201d para crear conciencia sobre el medio ambiente. En este sentido a nivel mundial se busca hacer reflexionar a gobiernos, industrias y a [&hellip;]\" \/>\n<meta property=\"og:url\" content=\"https:\/\/www.eldiario.net\/portal\/2024\/04\/28\/en-2023-cuanta-basura-producimos\/\" \/>\n<meta property=\"og:site_name\" content=\"El Diario - Bolivia\" \/>\n<meta property=\"article:publisher\" content=\"https:\/\/www.facebook.com\/eldiario.bolivia\/\" \/>\n<meta property=\"article:published_time\" content=\"2024-04-28T10:57:10+00:00\" \/>\n<meta property=\"og:image\" content=\"https:\/\/www.eldiario.net\/portal\/wp-content\/uploads\/2023\/06\/Luis-Fernando-Romero-Torrejon.jpg\" \/>\n\t<meta property=\"og:image:width\" content=\"1200\" \/>\n\t<meta property=\"og:image:height\" content=\"628\" \/>\n\t<meta property=\"og:image:type\" content=\"image\/jpeg\" \/>\n<meta name=\"author\" content=\"Jeanette\" \/>\n<meta name=\"twitter:card\" content=\"summary_large_image\" \/>\n<meta name=\"twitter:creator\" content=\"@eldiario_net\" \/>\n<meta name=\"twitter:site\" content=\"@eldiario_net\" \/>\n<meta name=\"twitter:label1\" content=\"Escrito por\" \/>\n\t<meta name=\"twitter:data1\" content=\"Jeanette\" \/>\n\t<meta name=\"twitter:label2\" content=\"Tiempo de lectura\" \/>\n\t<meta name=\"twitter:data2\" content=\"3 minutos\" \/>\n<script type=\"application\/ld+json\" class=\"yoast-schema-graph\">{\"@context\":\"https:\\\/\\\/schema.org\",\"@graph\":[{\"@type\":\"Article\",\"@id\":\"https:\\\/\\\/www.eldiario.net\\\/portal\\\/2024\\\/04\\\/28\\\/en-2023-cuanta-basura-producimos\\\/#article\",\"isPartOf\":{\"@id\":\"https:\\\/\\\/www.eldiario.net\\\/portal\\\/2024\\\/04\\\/28\\\/en-2023-cuanta-basura-producimos\\\/\"},\"author\":{\"name\":\"Jeanette\",\"@id\":\"https:\\\/\\\/www.eldiario.net\\\/portal\\\/#\\\/schema\\\/person\\\/f46445640444750d7d753ccd04ae01b7\"},\"headline\":\"\u00bfEn 2023 cu\u00e1nta basura producimos?\",\"datePublished\":\"2024-04-28T10:57:10+00:00\",\"mainEntityOfPage\":{\"@id\":\"https:\\\/\\\/www.eldiario.net\\\/portal\\\/2024\\\/04\\\/28\\\/en-2023-cuanta-basura-producimos\\\/\"},\"wordCount\":528,\"commentCount\":0,\"publisher\":{\"@id\":\"https:\\\/\\\/www.eldiario.net\\\/portal\\\/#organization\"},\"image\":{\"@id\":\"https:\\\/\\\/www.eldiario.net\\\/portal\\\/2024\\\/04\\\/28\\\/en-2023-cuanta-basura-producimos\\\/#primaryimage\"},\"thumbnailUrl\":\"https:\\\/\\\/www.eldiario.net\\\/portal\\\/wp-content\\\/uploads\\\/2023\\\/06\\\/Luis-Fernando-Romero-Torrejon.jpg\",\"articleSection\":[\"Opini\u00f3n\"],\"inLanguage\":\"es\",\"potentialAction\":[{\"@type\":\"CommentAction\",\"name\":\"Comment\",\"target\":[\"https:\\\/\\\/www.eldiario.net\\\/portal\\\/2024\\\/04\\\/28\\\/en-2023-cuanta-basura-producimos\\\/#respond\"]}]},{\"@type\":\"WebPage\",\"@id\":\"https:\\\/\\\/www.eldiario.net\\\/portal\\\/2024\\\/04\\\/28\\\/en-2023-cuanta-basura-producimos\\\/\",\"url\":\"https:\\\/\\\/www.eldiario.net\\\/portal\\\/2024\\\/04\\\/28\\\/en-2023-cuanta-basura-producimos\\\/\",\"name\":\"\u00bfEn 2023 cu\u00e1nta basura producimos? - El Diario - Bolivia\",\"isPartOf\":{\"@id\":\"https:\\\/\\\/www.eldiario.net\\\/portal\\\/#website\"},\"primaryImageOfPage\":{\"@id\":\"https:\\\/\\\/www.eldiario.net\\\/portal\\\/2024\\\/04\\\/28\\\/en-2023-cuanta-basura-producimos\\\/#primaryimage\"},\"image\":{\"@id\":\"https:\\\/\\\/www.eldiario.net\\\/portal\\\/2024\\\/04\\\/28\\\/en-2023-cuanta-basura-producimos\\\/#primaryimage\"},\"thumbnailUrl\":\"https:\\\/\\\/www.eldiario.net\\\/portal\\\/wp-content\\\/uploads\\\/2023\\\/06\\\/Luis-Fernando-Romero-Torrejon.jpg\",\"datePublished\":\"2024-04-28T10:57:10+00:00\",\"breadcrumb\":{\"@id\":\"https:\\\/\\\/www.eldiario.net\\\/portal\\\/2024\\\/04\\\/28\\\/en-2023-cuanta-basura-producimos\\\/#breadcrumb\"},\"inLanguage\":\"es\",\"potentialAction\":[{\"@type\":\"ReadAction\",\"target\":[\"https:\\\/\\\/www.eldiario.net\\\/portal\\\/2024\\\/04\\\/28\\\/en-2023-cuanta-basura-producimos\\\/\"]}]},{\"@type\":\"ImageObject\",\"inLanguage\":\"es\",\"@id\":\"https:\\\/\\\/www.eldiario.net\\\/portal\\\/2024\\\/04\\\/28\\\/en-2023-cuanta-basura-producimos\\\/#primaryimage\",\"url\":\"https:\\\/\\\/www.eldiario.net\\\/portal\\\/wp-content\\\/uploads\\\/2023\\\/06\\\/Luis-Fernando-Romero-Torrejon.jpg\",\"contentUrl\":\"https:\\\/\\\/www.eldiario.net\\\/portal\\\/wp-content\\\/uploads\\\/2023\\\/06\\\/Luis-Fernando-Romero-Torrejon.jpg\",\"width\":1200,\"height\":628,\"caption\":\"Luis Fernando Romero Torrej\u00f3n\"},{\"@type\":\"BreadcrumbList\",\"@id\":\"https:\\\/\\\/www.eldiario.net\\\/portal\\\/2024\\\/04\\\/28\\\/en-2023-cuanta-basura-producimos\\\/#breadcrumb\",\"itemListElement\":[{\"@type\":\"ListItem\",\"position\":1,\"name\":\"Portada\",\"item\":\"https:\\\/\\\/www.eldiario.net\\\/portal\\\/\"},{\"@type\":\"ListItem\",\"position\":2,\"name\":\"\u00bfEn 2023 cu\u00e1nta basura producimos?\"}]},{\"@type\":\"WebSite\",\"@id\":\"https:\\\/\\\/www.eldiario.net\\\/portal\\\/#website\",\"url\":\"https:\\\/\\\/www.eldiario.net\\\/portal\\\/\",\"name\":\"El Diario - Decano de la prensa nacional\",\"description\":\"El Diario - Decano de la prensa nacional\",\"publisher\":{\"@id\":\"https:\\\/\\\/www.eldiario.net\\\/portal\\\/#organization\"},\"potentialAction\":[{\"@type\":\"SearchAction\",\"target\":{\"@type\":\"EntryPoint\",\"urlTemplate\":\"https:\\\/\\\/www.eldiario.net\\\/portal\\\/?s={search_term_string}\"},\"query-input\":{\"@type\":\"PropertyValueSpecification\",\"valueRequired\":true,\"valueName\":\"search_term_string\"}}],\"inLanguage\":\"es\"},{\"@type\":\"Organization\",\"@id\":\"https:\\\/\\\/www.eldiario.net\\\/portal\\\/#organization\",\"name\":\"El Diario - Decano de la prensa nacional\",\"url\":\"https:\\\/\\\/www.eldiario.net\\\/portal\\\/\",\"logo\":{\"@type\":\"ImageObject\",\"inLanguage\":\"es\",\"@id\":\"https:\\\/\\\/www.eldiario.net\\\/portal\\\/#\\\/schema\\\/logo\\\/image\\\/\",\"url\":\"https:\\\/\\\/www.eldiario.net\\\/portal\\\/wp-content\\\/uploads\\\/2023\\\/07\\\/logo_ED.jpg\",\"contentUrl\":\"https:\\\/\\\/www.eldiario.net\\\/portal\\\/wp-content\\\/uploads\\\/2023\\\/07\\\/logo_ED.jpg\",\"width\":272,\"height\":52,\"caption\":\"El Diario - Decano de la prensa nacional\"},\"image\":{\"@id\":\"https:\\\/\\\/www.eldiario.net\\\/portal\\\/#\\\/schema\\\/logo\\\/image\\\/\"},\"sameAs\":[\"https:\\\/\\\/www.facebook.com\\\/eldiario.bolivia\\\/\",\"https:\\\/\\\/x.com\\\/eldiario_net\"]},{\"@type\":\"Person\",\"@id\":\"https:\\\/\\\/www.eldiario.net\\\/portal\\\/#\\\/schema\\\/person\\\/f46445640444750d7d753ccd04ae01b7\",\"name\":\"Jeanette\",\"image\":{\"@type\":\"ImageObject\",\"inLanguage\":\"es\",\"@id\":\"https:\\\/\\\/secure.gravatar.com\\\/avatar\\\/3ea2118a5f7dad2b7138b1187a6b7ee55f160b9968b66013c3a3ef39dd7e5798?s=96&d=mm&r=g\",\"url\":\"https:\\\/\\\/secure.gravatar.com\\\/avatar\\\/3ea2118a5f7dad2b7138b1187a6b7ee55f160b9968b66013c3a3ef39dd7e5798?s=96&d=mm&r=g\",\"contentUrl\":\"https:\\\/\\\/secure.gravatar.com\\\/avatar\\\/3ea2118a5f7dad2b7138b1187a6b7ee55f160b9968b66013c3a3ef39dd7e5798?s=96&d=mm&r=g\",\"caption\":\"Jeanette\"},\"sameAs\":[\"https:\\\/\\\/www.eldiario.net\\\/portal\"],\"url\":\"https:\\\/\\\/www.eldiario.net\\\/portal\\\/author\\\/jeanette\\\/\"}]}<\/script>\n<!-- \/ Yoast SEO plugin. -->","yoast_head_json":{"title":"\u00bfEn 2023 cu\u00e1nta basura producimos? - El Diario - Bolivia","robots":{"index":"index","follow":"follow","max-snippet":"max-snippet:-1","max-image-preview":"max-image-preview:large","max-video-preview":"max-video-preview:-1"},"canonical":"https:\/\/www.eldiario.net\/portal\/2024\/04\/28\/en-2023-cuanta-basura-producimos\/","og_locale":"es_ES","og_type":"article","og_title":"\u00bfEn 2023 cu\u00e1nta basura producimos? - El Diario - Bolivia","og_description":"En 2009, a trav\u00e9s de la Resoluci\u00f3n N\u00ba 63\/278, la Asamblea General de la Organizaci\u00f3n de las Naciones Unidas (ONU) design\u00f3 al 22 de abril como el \u201cD\u00eda Internacional de la Madre Tierra\u201d para crear conciencia sobre el medio ambiente. En este sentido a nivel mundial se busca hacer reflexionar a gobiernos, industrias y a [&hellip;]","og_url":"https:\/\/www.eldiario.net\/portal\/2024\/04\/28\/en-2023-cuanta-basura-producimos\/","og_site_name":"El Diario - Bolivia","article_publisher":"https:\/\/www.facebook.com\/eldiario.bolivia\/","article_published_time":"2024-04-28T10:57:10+00:00","og_image":[{"width":1200,"height":628,"url":"https:\/\/www.eldiario.net\/portal\/wp-content\/uploads\/2023\/06\/Luis-Fernando-Romero-Torrejon.jpg","type":"image\/jpeg"}],"author":"Jeanette","twitter_card":"summary_large_image","twitter_creator":"@eldiario_net","twitter_site":"@eldiario_net","twitter_misc":{"Escrito por":"Jeanette","Tiempo de lectura":"3 minutos"},"schema":{"@context":"https:\/\/schema.org","@graph":[{"@type":"Article","@id":"https:\/\/www.eldiario.net\/portal\/2024\/04\/28\/en-2023-cuanta-basura-producimos\/#article","isPartOf":{"@id":"https:\/\/www.eldiario.net\/portal\/2024\/04\/28\/en-2023-cuanta-basura-producimos\/"},"author":{"name":"Jeanette","@id":"https:\/\/www.eldiario.net\/portal\/#\/schema\/person\/f46445640444750d7d753ccd04ae01b7"},"headline":"\u00bfEn 2023 cu\u00e1nta basura producimos?","datePublished":"2024-04-28T10:57:10+00:00","mainEntityOfPage":{"@id":"https:\/\/www.eldiario.net\/portal\/2024\/04\/28\/en-2023-cuanta-basura-producimos\/"},"wordCount":528,"commentCount":0,"publisher":{"@id":"https:\/\/www.eldiario.net\/portal\/#organization"},"image":{"@id":"https:\/\/www.eldiario.net\/portal\/2024\/04\/28\/en-2023-cuanta-basura-producimos\/#primaryimage"},"thumbnailUrl":"https:\/\/www.eldiario.net\/portal\/wp-content\/uploads\/2023\/06\/Luis-Fernando-Romero-Torrejon.jpg","articleSection":["Opini\u00f3n"],"inLanguage":"es","potentialAction":[{"@type":"CommentAction","name":"Comment","target":["https:\/\/www.eldiario.net\/portal\/2024\/04\/28\/en-2023-cuanta-basura-producimos\/#respond"]}]},{"@type":"WebPage","@id":"https:\/\/www.eldiario.net\/portal\/2024\/04\/28\/en-2023-cuanta-basura-producimos\/","url":"https:\/\/www.eldiario.net\/portal\/2024\/04\/28\/en-2023-cuanta-basura-producimos\/","name":"\u00bfEn 2023 cu\u00e1nta basura producimos? - El Diario - Bolivia","isPartOf":{"@id":"https:\/\/www.eldiario.net\/portal\/#website"},"primaryImageOfPage":{"@id":"https:\/\/www.eldiario.net\/portal\/2024\/04\/28\/en-2023-cuanta-basura-producimos\/#primaryimage"},"image":{"@id":"https:\/\/www.eldiario.net\/portal\/2024\/04\/28\/en-2023-cuanta-basura-producimos\/#primaryimage"},"thumbnailUrl":"https:\/\/www.eldiario.net\/portal\/wp-content\/uploads\/2023\/06\/Luis-Fernando-Romero-Torrejon.jpg","datePublished":"2024-04-28T10:57:10+00:00","breadcrumb":{"@id":"https:\/\/www.eldiario.net\/portal\/2024\/04\/28\/en-2023-cuanta-basura-producimos\/#breadcrumb"},"inLanguage":"es","potentialAction":[{"@type":"ReadAction","target":["https:\/\/www.eldiario.net\/portal\/2024\/04\/28\/en-2023-cuanta-basura-producimos\/"]}]},{"@type":"ImageObject","inLanguage":"es","@id":"https:\/\/www.eldiario.net\/portal\/2024\/04\/28\/en-2023-cuanta-basura-producimos\/#primaryimage","url":"https:\/\/www.eldiario.net\/portal\/wp-content\/uploads\/2023\/06\/Luis-Fernando-Romero-Torrejon.jpg","contentUrl":"https:\/\/www.eldiario.net\/portal\/wp-content\/uploads\/2023\/06\/Luis-Fernando-Romero-Torrejon.jpg","width":1200,"height":628,"caption":"Luis Fernando Romero Torrej\u00f3n"},{"@type":"BreadcrumbList","@id":"https:\/\/www.eldiario.net\/portal\/2024\/04\/28\/en-2023-cuanta-basura-producimos\/#breadcrumb","itemListElement":[{"@type":"ListItem","position":1,"name":"Portada","item":"https:\/\/www.eldiario.net\/portal\/"},{"@type":"ListItem","position":2,"name":"\u00bfEn 2023 cu\u00e1nta basura producimos?"}]},{"@type":"WebSite","@id":"https:\/\/www.eldiario.net\/portal\/#website","url":"https:\/\/www.eldiario.net\/portal\/","name":"El Diario - Decano de la prensa nacional","description":"El Diario - Decano de la prensa nacional","publisher":{"@id":"https:\/\/www.eldiario.net\/portal\/#organization"},"potentialAction":[{"@type":"SearchAction","target":{"@type":"EntryPoint","urlTemplate":"https:\/\/www.eldiario.net\/portal\/?s={search_term_string}"},"query-input":{"@type":"PropertyValueSpecification","valueRequired":true,"valueName":"search_term_string"}}],"inLanguage":"es"},{"@type":"Organization","@id":"https:\/\/www.eldiario.net\/portal\/#organization","name":"El Diario - Decano de la prensa nacional","url":"https:\/\/www.eldiario.net\/portal\/","logo":{"@type":"ImageObject","inLanguage":"es","@id":"https:\/\/www.eldiario.net\/portal\/#\/schema\/logo\/image\/","url":"https:\/\/www.eldiario.net\/portal\/wp-content\/uploads\/2023\/07\/logo_ED.jpg","contentUrl":"https:\/\/www.eldiario.net\/portal\/wp-content\/uploads\/2023\/07\/logo_ED.jpg","width":272,"height":52,"caption":"El Diario - Decano de la prensa nacional"},"image":{"@id":"https:\/\/www.eldiario.net\/portal\/#\/schema\/logo\/image\/"},"sameAs":["https:\/\/www.facebook.com\/eldiario.bolivia\/","https:\/\/x.com\/eldiario_net"]},{"@type":"Person","@id":"https:\/\/www.eldiario.net\/portal\/#\/schema\/person\/f46445640444750d7d753ccd04ae01b7","name":"Jeanette","image":{"@type":"ImageObject","inLanguage":"es","@id":"https:\/\/secure.gravatar.com\/avatar\/3ea2118a5f7dad2b7138b1187a6b7ee55f160b9968b66013c3a3ef39dd7e5798?s=96&d=mm&r=g","url":"https:\/\/secure.gravatar.com\/avatar\/3ea2118a5f7dad2b7138b1187a6b7ee55f160b9968b66013c3a3ef39dd7e5798?s=96&d=mm&r=g","contentUrl":"https:\/\/secure.gravatar.com\/avatar\/3ea2118a5f7dad2b7138b1187a6b7ee55f160b9968b66013c3a3ef39dd7e5798?s=96&d=mm&r=g","caption":"Jeanette"},"sameAs":["https:\/\/www.eldiario.net\/portal"],"url":"https:\/\/www.eldiario.net\/portal\/author\/jeanette\/"}]}},"_links":{"self":[{"href":"https:\/\/www.eldiario.net\/portal\/wp-json\/wp\/v2\/posts\/217160","targetHints":{"allow":["GET"]}}],"collection":[{"href":"https:\/\/www.eldiario.net\/portal\/wp-json\/wp\/v2\/posts"}],"about":[{"href":"https:\/\/www.eldiario.net\/portal\/wp-json\/wp\/v2\/types\/post"}],"author":[{"embeddable":true,"href":"https:\/\/www.eldiario.net\/portal\/wp-json\/wp\/v2\/users\/1"}],"replies":[{"embeddable":true,"href":"https:\/\/www.eldiario.net\/portal\/wp-json\/wp\/v2\/comments?post=217160"}],"version-history":[{"count":1,"href":"https:\/\/www.eldiario.net\/portal\/wp-json\/wp\/v2\/posts\/217160\/revisions"}],"predecessor-version":[{"id":217161,"href":"https:\/\/www.eldiario.net\/portal\/wp-json\/wp\/v2\/posts\/217160\/revisions\/217161"}],"wp:featuredmedia":[{"embeddable":true,"href":"https:\/\/www.eldiario.net\/portal\/wp-json\/wp\/v2\/media\/159873"}],"wp:attachment":[{"href":"https:\/\/www.eldiario.net\/portal\/wp-json\/wp\/v2\/media?parent=217160"}],"wp:term":[{"taxonomy":"category","embeddable":true,"href":"https:\/\/www.eldiario.net\/portal\/wp-json\/wp\/v2\/categories?post=217160"},{"taxonomy":"post_tag","embeddable":true,"href":"https:\/\/www.eldiario.net\/portal\/wp-json\/wp\/v2\/tags?post=217160"}],"curies":[{"name":"wp","href":"https:\/\/api.w.org\/{rel}","templated":true}]}}