{"id":217150,"date":"2024-04-28T06:53:47","date_gmt":"2024-04-28T10:53:47","guid":{"rendered":"https:\/\/www.eldiario.net\/portal\/?p=217150"},"modified":"2024-04-28T06:53:47","modified_gmt":"2024-04-28T10:53:47","slug":"secuestran-y-asesinan-a-periodista-roberto-figueroa","status":"publish","type":"post","link":"https:\/\/www.eldiario.net\/portal\/2024\/04\/28\/secuestran-y-asesinan-a-periodista-roberto-figueroa\/","title":{"rendered":"Secuestran y asesinan a  periodista Roberto Figueroa"},"content":{"rendered":"<p>Roberto Figueroa, periodista y creador de contenido en portales digitales, fue hallado sin vida al interior de un auto en el poblado de Coajomulco en Huitzilac, Morelos; entidad donde resid\u00eda. El hecho se present\u00f3 horas despu\u00e9s de que fuera secuestrado.<br \/>\nDe acuerdo con medios locales, el comunicador fue visto por \u00faltima vez alrededor de las 7:00 horas del viernes 26 de abril, luego de que llev\u00f3 a sus hijas a la escuela. De regreso a su hogar, hombres armados lo interceptaron.<br \/>\nAlrededor de las 8:30 horas, la esposa de Figueroa recibi\u00f3 una llamada telef\u00f3nica mediante la cual se le exigi\u00f3 una cantidad de dinero para liberar a Figueroa. En dicho primer contacto, el periodista fue puesto ante el tel\u00e9fono para que la familia diera cuenta de que estaba con vida.<br \/>\nUna segunda y tercera llamada fue realizada por los captores de Figueroa. En la primera de ella insistieron en juntar todo el dinero posible, mientras que en la tercera dieron instrucciones para llevar el pago a un sitio espec\u00edfico. En esa misma intervenci\u00f3n, aseguraron que una vez concluido los pasos mencionados dejar\u00edan al periodista y su auto en Coajomulco, Huitzilac, municipio lim\u00edtrofe con la Ciudad de M\u00e9xico.<br \/>\nTrascendi\u00f3 que el comunicador estaba maniatado y presentaba un impacto de arma de fuego en la cabeza.<br \/>\nGobierno de Morelos condena asesinato de Roberto Figueroa<br \/>\nAlrededor de las 21:00 horas del viernes, el Gobierno de Morelos emiti\u00f3 un comunicado para condenar los hechos y exigir a la Fiscal\u00eda General del Estado (FGE) su intervenci\u00f3n en el caso.<br \/>\nRoberto Carlos Figuera era integrante del portal Ac\u00e1 en el Show. De acuerdo con la revista Proceso, estudi\u00f3 la licenciatura de Biolog\u00eda en la Universidad Aut\u00f3noma del Estado de Morelos (UAEM), pero termin\u00f3 dedic\u00e1ndose al periodismo.<br \/>\nAsimismo, destaca que un d\u00eda antes de su homicidio, el 25 de abril, acudi\u00f3 a la UAEM para participar en un evento organizado por Movimiento Ciudadano (MC). Trataba recurrentemente temas de corrupci\u00f3n.<br \/>\nEsta muerte se suma al asesinato del director del medio digital Portal Morelos, Manuel Gonz\u00e1lez, perpetrado en septiembre de 2021 en la capital del Estado. (Infobae)<\/p>\n","protected":false},"excerpt":{"rendered":"<p>Roberto Figueroa, periodista y creador de contenido en portales digitales, fue hallado sin vida al interior de un auto en el poblado de Coajomulco en Huitzilac, Morelos; entidad donde resid\u00eda. El hecho se present\u00f3 horas despu\u00e9s de que fuera secuestrado. De acuerdo con medios locales, el comunicador fue visto por \u00faltima vez alrededor de las [&hellip;]<\/p>\n","protected":false},"author":1,"featured_media":217151,"comment_status":"open","ping_status":"open","sticky":false,"template":"","format":"standard","meta":{"_acf_changed":false,"footnotes":""},"categories":[3],"tags":[],"class_list":["post-217150","post","type-post","status-publish","format-standard","has-post-thumbnail","category-internacional"],"acf":{"antetitulo":"Su familia hab\u00eda pagado el rescate"},"yoast_head":"<!-- This site is optimized with the Yoast SEO plugin v28.4 - https:\/\/yoast.com\/product\/yoast-seo-wordpress\/ -->\n<title>Secuestran y asesinan a periodista Roberto Figueroa - El Diario - Bolivia<\/title>\n<meta name=\"robots\" content=\"index, follow, max-snippet:-1, max-image-preview:large, max-video-preview:-1\" \/>\n<link rel=\"canonical\" href=\"https:\/\/www.eldiario.net\/portal\/2024\/04\/28\/secuestran-y-asesinan-a-periodista-roberto-figueroa\/\" \/>\n<meta property=\"og:locale\" content=\"es_ES\" \/>\n<meta property=\"og:type\" content=\"article\" \/>\n<meta property=\"og:title\" content=\"Secuestran y asesinan a periodista Roberto Figueroa - El Diario - Bolivia\" \/>\n<meta property=\"og:description\" content=\"Roberto Figueroa, periodista y creador de contenido en portales digitales, fue hallado sin vida al interior de un auto en el poblado de Coajomulco en Huitzilac, Morelos; entidad donde resid\u00eda. El hecho se present\u00f3 horas despu\u00e9s de que fuera secuestrado. De acuerdo con medios locales, el comunicador fue visto por \u00faltima vez alrededor de las [&hellip;]\" \/>\n<meta property=\"og:url\" content=\"https:\/\/www.eldiario.net\/portal\/2024\/04\/28\/secuestran-y-asesinan-a-periodista-roberto-figueroa\/\" \/>\n<meta property=\"og:site_name\" content=\"El Diario - Bolivia\" \/>\n<meta property=\"article:publisher\" content=\"https:\/\/www.facebook.com\/eldiario.bolivia\/\" \/>\n<meta property=\"article:published_time\" content=\"2024-04-28T10:53:47+00:00\" \/>\n<meta property=\"og:image\" content=\"https:\/\/www.eldiario.net\/portal\/wp-content\/uploads\/2024\/04\/ROBERTO.jpg\" \/>\n\t<meta property=\"og:image:width\" content=\"1200\" \/>\n\t<meta property=\"og:image:height\" content=\"675\" \/>\n\t<meta property=\"og:image:type\" content=\"image\/jpeg\" \/>\n<meta name=\"author\" content=\"Jeanette\" \/>\n<meta name=\"twitter:card\" content=\"summary_large_image\" \/>\n<meta name=\"twitter:creator\" content=\"@eldiario_net\" \/>\n<meta name=\"twitter:site\" content=\"@eldiario_net\" \/>\n<meta name=\"twitter:label1\" content=\"Escrito por\" \/>\n\t<meta name=\"twitter:data1\" content=\"Jeanette\" \/>\n\t<meta name=\"twitter:label2\" content=\"Tiempo de lectura\" \/>\n\t<meta name=\"twitter:data2\" content=\"2 minutos\" \/>\n<script type=\"application\/ld+json\" class=\"yoast-schema-graph\">{\"@context\":\"https:\\\/\\\/schema.org\",\"@graph\":[{\"@type\":\"Article\",\"@id\":\"https:\\\/\\\/www.eldiario.net\\\/portal\\\/2024\\\/04\\\/28\\\/secuestran-y-asesinan-a-periodista-roberto-figueroa\\\/#article\",\"isPartOf\":{\"@id\":\"https:\\\/\\\/www.eldiario.net\\\/portal\\\/2024\\\/04\\\/28\\\/secuestran-y-asesinan-a-periodista-roberto-figueroa\\\/\"},\"author\":{\"name\":\"Jeanette\",\"@id\":\"https:\\\/\\\/www.eldiario.net\\\/portal\\\/#\\\/schema\\\/person\\\/f46445640444750d7d753ccd04ae01b7\"},\"headline\":\"Secuestran y asesinan a periodista Roberto Figueroa\",\"datePublished\":\"2024-04-28T10:53:47+00:00\",\"mainEntityOfPage\":{\"@id\":\"https:\\\/\\\/www.eldiario.net\\\/portal\\\/2024\\\/04\\\/28\\\/secuestran-y-asesinan-a-periodista-roberto-figueroa\\\/\"},\"wordCount\":366,\"commentCount\":0,\"publisher\":{\"@id\":\"https:\\\/\\\/www.eldiario.net\\\/portal\\\/#organization\"},\"image\":{\"@id\":\"https:\\\/\\\/www.eldiario.net\\\/portal\\\/2024\\\/04\\\/28\\\/secuestran-y-asesinan-a-periodista-roberto-figueroa\\\/#primaryimage\"},\"thumbnailUrl\":\"https:\\\/\\\/www.eldiario.net\\\/portal\\\/wp-content\\\/uploads\\\/2024\\\/04\\\/ROBERTO.jpg\",\"articleSection\":[\"Internacional\"],\"inLanguage\":\"es\",\"potentialAction\":[{\"@type\":\"CommentAction\",\"name\":\"Comment\",\"target\":[\"https:\\\/\\\/www.eldiario.net\\\/portal\\\/2024\\\/04\\\/28\\\/secuestran-y-asesinan-a-periodista-roberto-figueroa\\\/#respond\"]}]},{\"@type\":\"WebPage\",\"@id\":\"https:\\\/\\\/www.eldiario.net\\\/portal\\\/2024\\\/04\\\/28\\\/secuestran-y-asesinan-a-periodista-roberto-figueroa\\\/\",\"url\":\"https:\\\/\\\/www.eldiario.net\\\/portal\\\/2024\\\/04\\\/28\\\/secuestran-y-asesinan-a-periodista-roberto-figueroa\\\/\",\"name\":\"Secuestran y asesinan a periodista Roberto Figueroa - El Diario - Bolivia\",\"isPartOf\":{\"@id\":\"https:\\\/\\\/www.eldiario.net\\\/portal\\\/#website\"},\"primaryImageOfPage\":{\"@id\":\"https:\\\/\\\/www.eldiario.net\\\/portal\\\/2024\\\/04\\\/28\\\/secuestran-y-asesinan-a-periodista-roberto-figueroa\\\/#primaryimage\"},\"image\":{\"@id\":\"https:\\\/\\\/www.eldiario.net\\\/portal\\\/2024\\\/04\\\/28\\\/secuestran-y-asesinan-a-periodista-roberto-figueroa\\\/#primaryimage\"},\"thumbnailUrl\":\"https:\\\/\\\/www.eldiario.net\\\/portal\\\/wp-content\\\/uploads\\\/2024\\\/04\\\/ROBERTO.jpg\",\"datePublished\":\"2024-04-28T10:53:47+00:00\",\"breadcrumb\":{\"@id\":\"https:\\\/\\\/www.eldiario.net\\\/portal\\\/2024\\\/04\\\/28\\\/secuestran-y-asesinan-a-periodista-roberto-figueroa\\\/#breadcrumb\"},\"inLanguage\":\"es\",\"potentialAction\":[{\"@type\":\"ReadAction\",\"target\":[\"https:\\\/\\\/www.eldiario.net\\\/portal\\\/2024\\\/04\\\/28\\\/secuestran-y-asesinan-a-periodista-roberto-figueroa\\\/\"]}]},{\"@type\":\"ImageObject\",\"inLanguage\":\"es\",\"@id\":\"https:\\\/\\\/www.eldiario.net\\\/portal\\\/2024\\\/04\\\/28\\\/secuestran-y-asesinan-a-periodista-roberto-figueroa\\\/#primaryimage\",\"url\":\"https:\\\/\\\/www.eldiario.net\\\/portal\\\/wp-content\\\/uploads\\\/2024\\\/04\\\/ROBERTO.jpg\",\"contentUrl\":\"https:\\\/\\\/www.eldiario.net\\\/portal\\\/wp-content\\\/uploads\\\/2024\\\/04\\\/ROBERTO.jpg\",\"width\":1200,\"height\":675,\"caption\":\"FAMILIARES DENUNCIARON QUE EL PERIODISTA YA ESTABA AMENAZADO ANTES.\"},{\"@type\":\"BreadcrumbList\",\"@id\":\"https:\\\/\\\/www.eldiario.net\\\/portal\\\/2024\\\/04\\\/28\\\/secuestran-y-asesinan-a-periodista-roberto-figueroa\\\/#breadcrumb\",\"itemListElement\":[{\"@type\":\"ListItem\",\"position\":1,\"name\":\"Portada\",\"item\":\"https:\\\/\\\/www.eldiario.net\\\/portal\\\/\"},{\"@type\":\"ListItem\",\"position\":2,\"name\":\"Secuestran y asesinan a periodista Roberto Figueroa\"}]},{\"@type\":\"WebSite\",\"@id\":\"https:\\\/\\\/www.eldiario.net\\\/portal\\\/#website\",\"url\":\"https:\\\/\\\/www.eldiario.net\\\/portal\\\/\",\"name\":\"El Diario - Decano de la prensa nacional\",\"description\":\"El Diario - Decano de la prensa nacional\",\"publisher\":{\"@id\":\"https:\\\/\\\/www.eldiario.net\\\/portal\\\/#organization\"},\"potentialAction\":[{\"@type\":\"SearchAction\",\"target\":{\"@type\":\"EntryPoint\",\"urlTemplate\":\"https:\\\/\\\/www.eldiario.net\\\/portal\\\/?s={search_term_string}\"},\"query-input\":{\"@type\":\"PropertyValueSpecification\",\"valueRequired\":true,\"valueName\":\"search_term_string\"}}],\"inLanguage\":\"es\"},{\"@type\":\"Organization\",\"@id\":\"https:\\\/\\\/www.eldiario.net\\\/portal\\\/#organization\",\"name\":\"El Diario - Decano de la prensa nacional\",\"url\":\"https:\\\/\\\/www.eldiario.net\\\/portal\\\/\",\"logo\":{\"@type\":\"ImageObject\",\"inLanguage\":\"es\",\"@id\":\"https:\\\/\\\/www.eldiario.net\\\/portal\\\/#\\\/schema\\\/logo\\\/image\\\/\",\"url\":\"https:\\\/\\\/www.eldiario.net\\\/portal\\\/wp-content\\\/uploads\\\/2023\\\/07\\\/logo_ED.jpg\",\"contentUrl\":\"https:\\\/\\\/www.eldiario.net\\\/portal\\\/wp-content\\\/uploads\\\/2023\\\/07\\\/logo_ED.jpg\",\"width\":272,\"height\":52,\"caption\":\"El Diario - Decano de la prensa nacional\"},\"image\":{\"@id\":\"https:\\\/\\\/www.eldiario.net\\\/portal\\\/#\\\/schema\\\/logo\\\/image\\\/\"},\"sameAs\":[\"https:\\\/\\\/www.facebook.com\\\/eldiario.bolivia\\\/\",\"https:\\\/\\\/x.com\\\/eldiario_net\"]},{\"@type\":\"Person\",\"@id\":\"https:\\\/\\\/www.eldiario.net\\\/portal\\\/#\\\/schema\\\/person\\\/f46445640444750d7d753ccd04ae01b7\",\"name\":\"Jeanette\",\"image\":{\"@type\":\"ImageObject\",\"inLanguage\":\"es\",\"@id\":\"https:\\\/\\\/secure.gravatar.com\\\/avatar\\\/3ea2118a5f7dad2b7138b1187a6b7ee55f160b9968b66013c3a3ef39dd7e5798?s=96&d=mm&r=g\",\"url\":\"https:\\\/\\\/secure.gravatar.com\\\/avatar\\\/3ea2118a5f7dad2b7138b1187a6b7ee55f160b9968b66013c3a3ef39dd7e5798?s=96&d=mm&r=g\",\"contentUrl\":\"https:\\\/\\\/secure.gravatar.com\\\/avatar\\\/3ea2118a5f7dad2b7138b1187a6b7ee55f160b9968b66013c3a3ef39dd7e5798?s=96&d=mm&r=g\",\"caption\":\"Jeanette\"},\"sameAs\":[\"https:\\\/\\\/www.eldiario.net\\\/portal\"],\"url\":\"https:\\\/\\\/www.eldiario.net\\\/portal\\\/author\\\/jeanette\\\/\"}]}<\/script>\n<!-- \/ Yoast SEO plugin. -->","yoast_head_json":{"title":"Secuestran y asesinan a periodista Roberto Figueroa - El Diario - Bolivia","robots":{"index":"index","follow":"follow","max-snippet":"max-snippet:-1","max-image-preview":"max-image-preview:large","max-video-preview":"max-video-preview:-1"},"canonical":"https:\/\/www.eldiario.net\/portal\/2024\/04\/28\/secuestran-y-asesinan-a-periodista-roberto-figueroa\/","og_locale":"es_ES","og_type":"article","og_title":"Secuestran y asesinan a periodista Roberto Figueroa - El Diario - Bolivia","og_description":"Roberto Figueroa, periodista y creador de contenido en portales digitales, fue hallado sin vida al interior de un auto en el poblado de Coajomulco en Huitzilac, Morelos; entidad donde resid\u00eda. El hecho se present\u00f3 horas despu\u00e9s de que fuera secuestrado. De acuerdo con medios locales, el comunicador fue visto por \u00faltima vez alrededor de las [&hellip;]","og_url":"https:\/\/www.eldiario.net\/portal\/2024\/04\/28\/secuestran-y-asesinan-a-periodista-roberto-figueroa\/","og_site_name":"El Diario - Bolivia","article_publisher":"https:\/\/www.facebook.com\/eldiario.bolivia\/","article_published_time":"2024-04-28T10:53:47+00:00","og_image":[{"width":1200,"height":675,"url":"https:\/\/www.eldiario.net\/portal\/wp-content\/uploads\/2024\/04\/ROBERTO.jpg","type":"image\/jpeg"}],"author":"Jeanette","twitter_card":"summary_large_image","twitter_creator":"@eldiario_net","twitter_site":"@eldiario_net","twitter_misc":{"Escrito por":"Jeanette","Tiempo de lectura":"2 minutos"},"schema":{"@context":"https:\/\/schema.org","@graph":[{"@type":"Article","@id":"https:\/\/www.eldiario.net\/portal\/2024\/04\/28\/secuestran-y-asesinan-a-periodista-roberto-figueroa\/#article","isPartOf":{"@id":"https:\/\/www.eldiario.net\/portal\/2024\/04\/28\/secuestran-y-asesinan-a-periodista-roberto-figueroa\/"},"author":{"name":"Jeanette","@id":"https:\/\/www.eldiario.net\/portal\/#\/schema\/person\/f46445640444750d7d753ccd04ae01b7"},"headline":"Secuestran y asesinan a periodista Roberto Figueroa","datePublished":"2024-04-28T10:53:47+00:00","mainEntityOfPage":{"@id":"https:\/\/www.eldiario.net\/portal\/2024\/04\/28\/secuestran-y-asesinan-a-periodista-roberto-figueroa\/"},"wordCount":366,"commentCount":0,"publisher":{"@id":"https:\/\/www.eldiario.net\/portal\/#organization"},"image":{"@id":"https:\/\/www.eldiario.net\/portal\/2024\/04\/28\/secuestran-y-asesinan-a-periodista-roberto-figueroa\/#primaryimage"},"thumbnailUrl":"https:\/\/www.eldiario.net\/portal\/wp-content\/uploads\/2024\/04\/ROBERTO.jpg","articleSection":["Internacional"],"inLanguage":"es","potentialAction":[{"@type":"CommentAction","name":"Comment","target":["https:\/\/www.eldiario.net\/portal\/2024\/04\/28\/secuestran-y-asesinan-a-periodista-roberto-figueroa\/#respond"]}]},{"@type":"WebPage","@id":"https:\/\/www.eldiario.net\/portal\/2024\/04\/28\/secuestran-y-asesinan-a-periodista-roberto-figueroa\/","url":"https:\/\/www.eldiario.net\/portal\/2024\/04\/28\/secuestran-y-asesinan-a-periodista-roberto-figueroa\/","name":"Secuestran y asesinan a periodista Roberto Figueroa - El Diario - Bolivia","isPartOf":{"@id":"https:\/\/www.eldiario.net\/portal\/#website"},"primaryImageOfPage":{"@id":"https:\/\/www.eldiario.net\/portal\/2024\/04\/28\/secuestran-y-asesinan-a-periodista-roberto-figueroa\/#primaryimage"},"image":{"@id":"https:\/\/www.eldiario.net\/portal\/2024\/04\/28\/secuestran-y-asesinan-a-periodista-roberto-figueroa\/#primaryimage"},"thumbnailUrl":"https:\/\/www.eldiario.net\/portal\/wp-content\/uploads\/2024\/04\/ROBERTO.jpg","datePublished":"2024-04-28T10:53:47+00:00","breadcrumb":{"@id":"https:\/\/www.eldiario.net\/portal\/2024\/04\/28\/secuestran-y-asesinan-a-periodista-roberto-figueroa\/#breadcrumb"},"inLanguage":"es","potentialAction":[{"@type":"ReadAction","target":["https:\/\/www.eldiario.net\/portal\/2024\/04\/28\/secuestran-y-asesinan-a-periodista-roberto-figueroa\/"]}]},{"@type":"ImageObject","inLanguage":"es","@id":"https:\/\/www.eldiario.net\/portal\/2024\/04\/28\/secuestran-y-asesinan-a-periodista-roberto-figueroa\/#primaryimage","url":"https:\/\/www.eldiario.net\/portal\/wp-content\/uploads\/2024\/04\/ROBERTO.jpg","contentUrl":"https:\/\/www.eldiario.net\/portal\/wp-content\/uploads\/2024\/04\/ROBERTO.jpg","width":1200,"height":675,"caption":"FAMILIARES DENUNCIARON QUE EL PERIODISTA YA ESTABA AMENAZADO ANTES."},{"@type":"BreadcrumbList","@id":"https:\/\/www.eldiario.net\/portal\/2024\/04\/28\/secuestran-y-asesinan-a-periodista-roberto-figueroa\/#breadcrumb","itemListElement":[{"@type":"ListItem","position":1,"name":"Portada","item":"https:\/\/www.eldiario.net\/portal\/"},{"@type":"ListItem","position":2,"name":"Secuestran y asesinan a periodista Roberto Figueroa"}]},{"@type":"WebSite","@id":"https:\/\/www.eldiario.net\/portal\/#website","url":"https:\/\/www.eldiario.net\/portal\/","name":"El Diario - Decano de la prensa nacional","description":"El Diario - Decano de la prensa nacional","publisher":{"@id":"https:\/\/www.eldiario.net\/portal\/#organization"},"potentialAction":[{"@type":"SearchAction","target":{"@type":"EntryPoint","urlTemplate":"https:\/\/www.eldiario.net\/portal\/?s={search_term_string}"},"query-input":{"@type":"PropertyValueSpecification","valueRequired":true,"valueName":"search_term_string"}}],"inLanguage":"es"},{"@type":"Organization","@id":"https:\/\/www.eldiario.net\/portal\/#organization","name":"El Diario - Decano de la prensa nacional","url":"https:\/\/www.eldiario.net\/portal\/","logo":{"@type":"ImageObject","inLanguage":"es","@id":"https:\/\/www.eldiario.net\/portal\/#\/schema\/logo\/image\/","url":"https:\/\/www.eldiario.net\/portal\/wp-content\/uploads\/2023\/07\/logo_ED.jpg","contentUrl":"https:\/\/www.eldiario.net\/portal\/wp-content\/uploads\/2023\/07\/logo_ED.jpg","width":272,"height":52,"caption":"El Diario - Decano de la prensa nacional"},"image":{"@id":"https:\/\/www.eldiario.net\/portal\/#\/schema\/logo\/image\/"},"sameAs":["https:\/\/www.facebook.com\/eldiario.bolivia\/","https:\/\/x.com\/eldiario_net"]},{"@type":"Person","@id":"https:\/\/www.eldiario.net\/portal\/#\/schema\/person\/f46445640444750d7d753ccd04ae01b7","name":"Jeanette","image":{"@type":"ImageObject","inLanguage":"es","@id":"https:\/\/secure.gravatar.com\/avatar\/3ea2118a5f7dad2b7138b1187a6b7ee55f160b9968b66013c3a3ef39dd7e5798?s=96&d=mm&r=g","url":"https:\/\/secure.gravatar.com\/avatar\/3ea2118a5f7dad2b7138b1187a6b7ee55f160b9968b66013c3a3ef39dd7e5798?s=96&d=mm&r=g","contentUrl":"https:\/\/secure.gravatar.com\/avatar\/3ea2118a5f7dad2b7138b1187a6b7ee55f160b9968b66013c3a3ef39dd7e5798?s=96&d=mm&r=g","caption":"Jeanette"},"sameAs":["https:\/\/www.eldiario.net\/portal"],"url":"https:\/\/www.eldiario.net\/portal\/author\/jeanette\/"}]}},"_links":{"self":[{"href":"https:\/\/www.eldiario.net\/portal\/wp-json\/wp\/v2\/posts\/217150","targetHints":{"allow":["GET"]}}],"collection":[{"href":"https:\/\/www.eldiario.net\/portal\/wp-json\/wp\/v2\/posts"}],"about":[{"href":"https:\/\/www.eldiario.net\/portal\/wp-json\/wp\/v2\/types\/post"}],"author":[{"embeddable":true,"href":"https:\/\/www.eldiario.net\/portal\/wp-json\/wp\/v2\/users\/1"}],"replies":[{"embeddable":true,"href":"https:\/\/www.eldiario.net\/portal\/wp-json\/wp\/v2\/comments?post=217150"}],"version-history":[{"count":1,"href":"https:\/\/www.eldiario.net\/portal\/wp-json\/wp\/v2\/posts\/217150\/revisions"}],"predecessor-version":[{"id":217152,"href":"https:\/\/www.eldiario.net\/portal\/wp-json\/wp\/v2\/posts\/217150\/revisions\/217152"}],"wp:featuredmedia":[{"embeddable":true,"href":"https:\/\/www.eldiario.net\/portal\/wp-json\/wp\/v2\/media\/217151"}],"wp:attachment":[{"href":"https:\/\/www.eldiario.net\/portal\/wp-json\/wp\/v2\/media?parent=217150"}],"wp:term":[{"taxonomy":"category","embeddable":true,"href":"https:\/\/www.eldiario.net\/portal\/wp-json\/wp\/v2\/categories?post=217150"},{"taxonomy":"post_tag","embeddable":true,"href":"https:\/\/www.eldiario.net\/portal\/wp-json\/wp\/v2\/tags?post=217150"}],"curies":[{"name":"wp","href":"https:\/\/api.w.org\/{rel}","templated":true}]}}