{"id":217145,"date":"2024-04-28T06:52:44","date_gmt":"2024-04-28T10:52:44","guid":{"rendered":"https:\/\/www.eldiario.net\/portal\/?p=217145"},"modified":"2024-04-28T06:52:44","modified_gmt":"2024-04-28T10:52:44","slug":"asesinan-a-tres-carabineros-en-la-region-de-la-araucania","status":"publish","type":"post","link":"https:\/\/www.eldiario.net\/portal\/2024\/04\/28\/asesinan-a-tres-carabineros-en-la-region-de-la-araucania\/","title":{"rendered":"Asesinan a tres carabineros  en la regi\u00f3n de La Araucan\u00eda"},"content":{"rendered":"<p>Al menos tres agentes del cuerpo militarizado de polic\u00eda Carabineros de Chile murieron ayer en un ataque en La Araucan\u00eda, una regi\u00f3n que es escenario de un conflicto ancestral entre pueblos originarios, el Gobierno y grandes empresarios latifundistas y forestales que explotan tierras y bosques milenarios.<br \/>\nNada m\u00e1s conocerse la noticia, en un d\u00eda en el que la instituci\u00f3n celebra con un desfile su aniversario, el presidente de la Rep\u00fablica, Gabriel Boric, reuni\u00f3 a su gabinete de crisis, conden\u00f3 el atentado y dijo que no habr\u00eda pausa en la persecuci\u00f3n de los asesinos.<br \/>\n\u201cEsta madrugada recibimos la grave y dolorosa noticia de un atentado en la provincia de Arauco en el que fueron asesinados tres carabineros. Luego de una reuni\u00f3n de emergencia con las ministras Carolina Toh\u00e1, Maya Fern\u00e1ndez, los subsecretarios Manuel Monsalve y Ricardo Montero, y la delegada presidencial de Biob\u00edo, Daniela Dresdner; coordinamos acciones inmediatas para responder a este cobarde atentado\u201d, explic\u00f3 el mandatario.<br \/>\nLas polic\u00edas, Fuerzas Armadas y los equipos de Gobierno ya trabajan en el lugar. \u00abLes aseguro a los chilenos y chilenas que no habr\u00e1 impunidad y que daremos con el paradero de los autores de este terrible crimen\u00bb.<br \/>\nEn la misma l\u00ednea, el jefe de los carabineros, general Ricardo Ya\u00f1ez, lament\u00f3 que una vez m\u00e1s cargamos con el luto, con el peso de un cruel y vil asesinato. Fueron terriblemente asesinados tres carabineros que se encontraban cumpliendo y brindando seguridad, en una zona que sabemos que es compleja.<br \/>\n\u201cNuevamente, el mes de abril, nuestro aniversario, se ve te\u00f1ido por sangre, por quienes no dudan en asesinar a quienes nos cuidan. Estamos dolidos, profundamente acongojados por esto, y transmitimos nuestras condolencias a sus familias y compa\u00f1eros de trabajo\u201d, dijo Ya\u00f1ez, quien anunci\u00f3 la suspensi\u00f3n de los actos protocolarios por el d\u00eda del Carabinero.<br \/>\nEl ataque tuvo lugar sobre la 1:30 horas (6:30 GMT) en la localidad central de Ca\u00f1ete, cuando un grupo de hombres armados se abalanz\u00f3 contra un veh\u00edculo policial que transportaba a funcionarios de Control de Orden P\u00fablico (COP) de la comisar\u00eda de Los \u00c1lamos e incendiaron el veh\u00edculo, donde murieron calcinados un sargento y dos cabos.<br \/>\nLa Araucan\u00eda est\u00e1 bajo estado de emergencia desde mayo de 2022 en un intento por controlar los ataques, en su mayor\u00eda sabotajes incendiarios, de los grupos armados. (Infobae\/Efe)<\/p>\n","protected":false},"excerpt":{"rendered":"<p>Al menos tres agentes del cuerpo militarizado de polic\u00eda Carabineros de Chile murieron ayer en un ataque en La Araucan\u00eda, una regi\u00f3n que es escenario de un conflicto ancestral entre pueblos originarios, el Gobierno y grandes empresarios latifundistas y forestales que explotan tierras y bosques milenarios. Nada m\u00e1s conocerse la noticia, en un d\u00eda en [&hellip;]<\/p>\n","protected":false},"author":1,"featured_media":217146,"comment_status":"open","ping_status":"open","sticky":false,"template":"","format":"standard","meta":{"_acf_changed":false,"footnotes":""},"categories":[3],"tags":[],"class_list":["post-217145","post","type-post","status-publish","format-standard","has-post-thumbnail","category-internacional"],"acf":{"antetitulo":"Conmoci\u00f3n en Chile"},"yoast_head":"<!-- This site is optimized with the Yoast SEO plugin v28.4 - https:\/\/yoast.com\/product\/yoast-seo-wordpress\/ -->\n<title>Asesinan a tres carabineros en la regi\u00f3n de La Araucan\u00eda - El Diario - Bolivia<\/title>\n<meta name=\"robots\" content=\"index, follow, max-snippet:-1, max-image-preview:large, max-video-preview:-1\" \/>\n<link rel=\"canonical\" href=\"https:\/\/www.eldiario.net\/portal\/2024\/04\/28\/asesinan-a-tres-carabineros-en-la-region-de-la-araucania\/\" \/>\n<meta property=\"og:locale\" content=\"es_ES\" \/>\n<meta property=\"og:type\" content=\"article\" \/>\n<meta property=\"og:title\" content=\"Asesinan a tres carabineros en la regi\u00f3n de La Araucan\u00eda - El Diario - Bolivia\" \/>\n<meta property=\"og:description\" content=\"Al menos tres agentes del cuerpo militarizado de polic\u00eda Carabineros de Chile murieron ayer en un ataque en La Araucan\u00eda, una regi\u00f3n que es escenario de un conflicto ancestral entre pueblos originarios, el Gobierno y grandes empresarios latifundistas y forestales que explotan tierras y bosques milenarios. Nada m\u00e1s conocerse la noticia, en un d\u00eda en [&hellip;]\" \/>\n<meta property=\"og:url\" content=\"https:\/\/www.eldiario.net\/portal\/2024\/04\/28\/asesinan-a-tres-carabineros-en-la-region-de-la-araucania\/\" \/>\n<meta property=\"og:site_name\" content=\"El Diario - Bolivia\" \/>\n<meta property=\"article:publisher\" content=\"https:\/\/www.facebook.com\/eldiario.bolivia\/\" \/>\n<meta property=\"article:published_time\" content=\"2024-04-28T10:52:44+00:00\" \/>\n<meta property=\"og:image\" content=\"https:\/\/www.eldiario.net\/portal\/wp-content\/uploads\/2024\/04\/LUGAR.jpg\" \/>\n\t<meta property=\"og:image:width\" content=\"1000\" \/>\n\t<meta property=\"og:image:height\" content=\"834\" \/>\n\t<meta property=\"og:image:type\" content=\"image\/jpeg\" \/>\n<meta name=\"author\" content=\"Jeanette\" \/>\n<meta name=\"twitter:card\" content=\"summary_large_image\" \/>\n<meta name=\"twitter:creator\" content=\"@eldiario_net\" \/>\n<meta name=\"twitter:site\" content=\"@eldiario_net\" \/>\n<meta name=\"twitter:label1\" content=\"Escrito por\" \/>\n\t<meta name=\"twitter:data1\" content=\"Jeanette\" \/>\n\t<meta name=\"twitter:label2\" content=\"Tiempo de lectura\" \/>\n\t<meta name=\"twitter:data2\" content=\"2 minutos\" \/>\n<script type=\"application\/ld+json\" class=\"yoast-schema-graph\">{\"@context\":\"https:\\\/\\\/schema.org\",\"@graph\":[{\"@type\":\"Article\",\"@id\":\"https:\\\/\\\/www.eldiario.net\\\/portal\\\/2024\\\/04\\\/28\\\/asesinan-a-tres-carabineros-en-la-region-de-la-araucania\\\/#article\",\"isPartOf\":{\"@id\":\"https:\\\/\\\/www.eldiario.net\\\/portal\\\/2024\\\/04\\\/28\\\/asesinan-a-tres-carabineros-en-la-region-de-la-araucania\\\/\"},\"author\":{\"name\":\"Jeanette\",\"@id\":\"https:\\\/\\\/www.eldiario.net\\\/portal\\\/#\\\/schema\\\/person\\\/f46445640444750d7d753ccd04ae01b7\"},\"headline\":\"Asesinan a tres carabineros en la regi\u00f3n de La Araucan\u00eda\",\"datePublished\":\"2024-04-28T10:52:44+00:00\",\"mainEntityOfPage\":{\"@id\":\"https:\\\/\\\/www.eldiario.net\\\/portal\\\/2024\\\/04\\\/28\\\/asesinan-a-tres-carabineros-en-la-region-de-la-araucania\\\/\"},\"wordCount\":420,\"commentCount\":0,\"publisher\":{\"@id\":\"https:\\\/\\\/www.eldiario.net\\\/portal\\\/#organization\"},\"image\":{\"@id\":\"https:\\\/\\\/www.eldiario.net\\\/portal\\\/2024\\\/04\\\/28\\\/asesinan-a-tres-carabineros-en-la-region-de-la-araucania\\\/#primaryimage\"},\"thumbnailUrl\":\"https:\\\/\\\/www.eldiario.net\\\/portal\\\/wp-content\\\/uploads\\\/2024\\\/04\\\/LUGAR.jpg\",\"articleSection\":[\"Internacional\"],\"inLanguage\":\"es\",\"potentialAction\":[{\"@type\":\"CommentAction\",\"name\":\"Comment\",\"target\":[\"https:\\\/\\\/www.eldiario.net\\\/portal\\\/2024\\\/04\\\/28\\\/asesinan-a-tres-carabineros-en-la-region-de-la-araucania\\\/#respond\"]}]},{\"@type\":\"WebPage\",\"@id\":\"https:\\\/\\\/www.eldiario.net\\\/portal\\\/2024\\\/04\\\/28\\\/asesinan-a-tres-carabineros-en-la-region-de-la-araucania\\\/\",\"url\":\"https:\\\/\\\/www.eldiario.net\\\/portal\\\/2024\\\/04\\\/28\\\/asesinan-a-tres-carabineros-en-la-region-de-la-araucania\\\/\",\"name\":\"Asesinan a tres carabineros en la regi\u00f3n de La Araucan\u00eda - El Diario - Bolivia\",\"isPartOf\":{\"@id\":\"https:\\\/\\\/www.eldiario.net\\\/portal\\\/#website\"},\"primaryImageOfPage\":{\"@id\":\"https:\\\/\\\/www.eldiario.net\\\/portal\\\/2024\\\/04\\\/28\\\/asesinan-a-tres-carabineros-en-la-region-de-la-araucania\\\/#primaryimage\"},\"image\":{\"@id\":\"https:\\\/\\\/www.eldiario.net\\\/portal\\\/2024\\\/04\\\/28\\\/asesinan-a-tres-carabineros-en-la-region-de-la-araucania\\\/#primaryimage\"},\"thumbnailUrl\":\"https:\\\/\\\/www.eldiario.net\\\/portal\\\/wp-content\\\/uploads\\\/2024\\\/04\\\/LUGAR.jpg\",\"datePublished\":\"2024-04-28T10:52:44+00:00\",\"breadcrumb\":{\"@id\":\"https:\\\/\\\/www.eldiario.net\\\/portal\\\/2024\\\/04\\\/28\\\/asesinan-a-tres-carabineros-en-la-region-de-la-araucania\\\/#breadcrumb\"},\"inLanguage\":\"es\",\"potentialAction\":[{\"@type\":\"ReadAction\",\"target\":[\"https:\\\/\\\/www.eldiario.net\\\/portal\\\/2024\\\/04\\\/28\\\/asesinan-a-tres-carabineros-en-la-region-de-la-araucania\\\/\"]}]},{\"@type\":\"ImageObject\",\"inLanguage\":\"es\",\"@id\":\"https:\\\/\\\/www.eldiario.net\\\/portal\\\/2024\\\/04\\\/28\\\/asesinan-a-tres-carabineros-en-la-region-de-la-araucania\\\/#primaryimage\",\"url\":\"https:\\\/\\\/www.eldiario.net\\\/portal\\\/wp-content\\\/uploads\\\/2024\\\/04\\\/LUGAR.jpg\",\"contentUrl\":\"https:\\\/\\\/www.eldiario.net\\\/portal\\\/wp-content\\\/uploads\\\/2024\\\/04\\\/LUGAR.jpg\",\"width\":1000,\"height\":834,\"caption\":\"EL ASESINATO DE LOS TRES CARAbINEROS CAUS\u00d3 ALARMA EN TODO EL PA\u00cdS.\"},{\"@type\":\"BreadcrumbList\",\"@id\":\"https:\\\/\\\/www.eldiario.net\\\/portal\\\/2024\\\/04\\\/28\\\/asesinan-a-tres-carabineros-en-la-region-de-la-araucania\\\/#breadcrumb\",\"itemListElement\":[{\"@type\":\"ListItem\",\"position\":1,\"name\":\"Portada\",\"item\":\"https:\\\/\\\/www.eldiario.net\\\/portal\\\/\"},{\"@type\":\"ListItem\",\"position\":2,\"name\":\"Asesinan a tres carabineros en la regi\u00f3n de La Araucan\u00eda\"}]},{\"@type\":\"WebSite\",\"@id\":\"https:\\\/\\\/www.eldiario.net\\\/portal\\\/#website\",\"url\":\"https:\\\/\\\/www.eldiario.net\\\/portal\\\/\",\"name\":\"El Diario - Decano de la prensa nacional\",\"description\":\"El Diario - Decano de la prensa nacional\",\"publisher\":{\"@id\":\"https:\\\/\\\/www.eldiario.net\\\/portal\\\/#organization\"},\"potentialAction\":[{\"@type\":\"SearchAction\",\"target\":{\"@type\":\"EntryPoint\",\"urlTemplate\":\"https:\\\/\\\/www.eldiario.net\\\/portal\\\/?s={search_term_string}\"},\"query-input\":{\"@type\":\"PropertyValueSpecification\",\"valueRequired\":true,\"valueName\":\"search_term_string\"}}],\"inLanguage\":\"es\"},{\"@type\":\"Organization\",\"@id\":\"https:\\\/\\\/www.eldiario.net\\\/portal\\\/#organization\",\"name\":\"El Diario - Decano de la prensa nacional\",\"url\":\"https:\\\/\\\/www.eldiario.net\\\/portal\\\/\",\"logo\":{\"@type\":\"ImageObject\",\"inLanguage\":\"es\",\"@id\":\"https:\\\/\\\/www.eldiario.net\\\/portal\\\/#\\\/schema\\\/logo\\\/image\\\/\",\"url\":\"https:\\\/\\\/www.eldiario.net\\\/portal\\\/wp-content\\\/uploads\\\/2023\\\/07\\\/logo_ED.jpg\",\"contentUrl\":\"https:\\\/\\\/www.eldiario.net\\\/portal\\\/wp-content\\\/uploads\\\/2023\\\/07\\\/logo_ED.jpg\",\"width\":272,\"height\":52,\"caption\":\"El Diario - Decano de la prensa nacional\"},\"image\":{\"@id\":\"https:\\\/\\\/www.eldiario.net\\\/portal\\\/#\\\/schema\\\/logo\\\/image\\\/\"},\"sameAs\":[\"https:\\\/\\\/www.facebook.com\\\/eldiario.bolivia\\\/\",\"https:\\\/\\\/x.com\\\/eldiario_net\"]},{\"@type\":\"Person\",\"@id\":\"https:\\\/\\\/www.eldiario.net\\\/portal\\\/#\\\/schema\\\/person\\\/f46445640444750d7d753ccd04ae01b7\",\"name\":\"Jeanette\",\"image\":{\"@type\":\"ImageObject\",\"inLanguage\":\"es\",\"@id\":\"https:\\\/\\\/secure.gravatar.com\\\/avatar\\\/3ea2118a5f7dad2b7138b1187a6b7ee55f160b9968b66013c3a3ef39dd7e5798?s=96&d=mm&r=g\",\"url\":\"https:\\\/\\\/secure.gravatar.com\\\/avatar\\\/3ea2118a5f7dad2b7138b1187a6b7ee55f160b9968b66013c3a3ef39dd7e5798?s=96&d=mm&r=g\",\"contentUrl\":\"https:\\\/\\\/secure.gravatar.com\\\/avatar\\\/3ea2118a5f7dad2b7138b1187a6b7ee55f160b9968b66013c3a3ef39dd7e5798?s=96&d=mm&r=g\",\"caption\":\"Jeanette\"},\"sameAs\":[\"https:\\\/\\\/www.eldiario.net\\\/portal\"],\"url\":\"https:\\\/\\\/www.eldiario.net\\\/portal\\\/author\\\/jeanette\\\/\"}]}<\/script>\n<!-- \/ Yoast SEO plugin. -->","yoast_head_json":{"title":"Asesinan a tres carabineros en la regi\u00f3n de La Araucan\u00eda - El Diario - Bolivia","robots":{"index":"index","follow":"follow","max-snippet":"max-snippet:-1","max-image-preview":"max-image-preview:large","max-video-preview":"max-video-preview:-1"},"canonical":"https:\/\/www.eldiario.net\/portal\/2024\/04\/28\/asesinan-a-tres-carabineros-en-la-region-de-la-araucania\/","og_locale":"es_ES","og_type":"article","og_title":"Asesinan a tres carabineros en la regi\u00f3n de La Araucan\u00eda - El Diario - Bolivia","og_description":"Al menos tres agentes del cuerpo militarizado de polic\u00eda Carabineros de Chile murieron ayer en un ataque en La Araucan\u00eda, una regi\u00f3n que es escenario de un conflicto ancestral entre pueblos originarios, el Gobierno y grandes empresarios latifundistas y forestales que explotan tierras y bosques milenarios. Nada m\u00e1s conocerse la noticia, en un d\u00eda en [&hellip;]","og_url":"https:\/\/www.eldiario.net\/portal\/2024\/04\/28\/asesinan-a-tres-carabineros-en-la-region-de-la-araucania\/","og_site_name":"El Diario - Bolivia","article_publisher":"https:\/\/www.facebook.com\/eldiario.bolivia\/","article_published_time":"2024-04-28T10:52:44+00:00","og_image":[{"width":1000,"height":834,"url":"https:\/\/www.eldiario.net\/portal\/wp-content\/uploads\/2024\/04\/LUGAR.jpg","type":"image\/jpeg"}],"author":"Jeanette","twitter_card":"summary_large_image","twitter_creator":"@eldiario_net","twitter_site":"@eldiario_net","twitter_misc":{"Escrito por":"Jeanette","Tiempo de lectura":"2 minutos"},"schema":{"@context":"https:\/\/schema.org","@graph":[{"@type":"Article","@id":"https:\/\/www.eldiario.net\/portal\/2024\/04\/28\/asesinan-a-tres-carabineros-en-la-region-de-la-araucania\/#article","isPartOf":{"@id":"https:\/\/www.eldiario.net\/portal\/2024\/04\/28\/asesinan-a-tres-carabineros-en-la-region-de-la-araucania\/"},"author":{"name":"Jeanette","@id":"https:\/\/www.eldiario.net\/portal\/#\/schema\/person\/f46445640444750d7d753ccd04ae01b7"},"headline":"Asesinan a tres carabineros en la regi\u00f3n de La Araucan\u00eda","datePublished":"2024-04-28T10:52:44+00:00","mainEntityOfPage":{"@id":"https:\/\/www.eldiario.net\/portal\/2024\/04\/28\/asesinan-a-tres-carabineros-en-la-region-de-la-araucania\/"},"wordCount":420,"commentCount":0,"publisher":{"@id":"https:\/\/www.eldiario.net\/portal\/#organization"},"image":{"@id":"https:\/\/www.eldiario.net\/portal\/2024\/04\/28\/asesinan-a-tres-carabineros-en-la-region-de-la-araucania\/#primaryimage"},"thumbnailUrl":"https:\/\/www.eldiario.net\/portal\/wp-content\/uploads\/2024\/04\/LUGAR.jpg","articleSection":["Internacional"],"inLanguage":"es","potentialAction":[{"@type":"CommentAction","name":"Comment","target":["https:\/\/www.eldiario.net\/portal\/2024\/04\/28\/asesinan-a-tres-carabineros-en-la-region-de-la-araucania\/#respond"]}]},{"@type":"WebPage","@id":"https:\/\/www.eldiario.net\/portal\/2024\/04\/28\/asesinan-a-tres-carabineros-en-la-region-de-la-araucania\/","url":"https:\/\/www.eldiario.net\/portal\/2024\/04\/28\/asesinan-a-tres-carabineros-en-la-region-de-la-araucania\/","name":"Asesinan a tres carabineros en la regi\u00f3n de La Araucan\u00eda - El Diario - Bolivia","isPartOf":{"@id":"https:\/\/www.eldiario.net\/portal\/#website"},"primaryImageOfPage":{"@id":"https:\/\/www.eldiario.net\/portal\/2024\/04\/28\/asesinan-a-tres-carabineros-en-la-region-de-la-araucania\/#primaryimage"},"image":{"@id":"https:\/\/www.eldiario.net\/portal\/2024\/04\/28\/asesinan-a-tres-carabineros-en-la-region-de-la-araucania\/#primaryimage"},"thumbnailUrl":"https:\/\/www.eldiario.net\/portal\/wp-content\/uploads\/2024\/04\/LUGAR.jpg","datePublished":"2024-04-28T10:52:44+00:00","breadcrumb":{"@id":"https:\/\/www.eldiario.net\/portal\/2024\/04\/28\/asesinan-a-tres-carabineros-en-la-region-de-la-araucania\/#breadcrumb"},"inLanguage":"es","potentialAction":[{"@type":"ReadAction","target":["https:\/\/www.eldiario.net\/portal\/2024\/04\/28\/asesinan-a-tres-carabineros-en-la-region-de-la-araucania\/"]}]},{"@type":"ImageObject","inLanguage":"es","@id":"https:\/\/www.eldiario.net\/portal\/2024\/04\/28\/asesinan-a-tres-carabineros-en-la-region-de-la-araucania\/#primaryimage","url":"https:\/\/www.eldiario.net\/portal\/wp-content\/uploads\/2024\/04\/LUGAR.jpg","contentUrl":"https:\/\/www.eldiario.net\/portal\/wp-content\/uploads\/2024\/04\/LUGAR.jpg","width":1000,"height":834,"caption":"EL ASESINATO DE LOS TRES CARAbINEROS CAUS\u00d3 ALARMA EN TODO EL PA\u00cdS."},{"@type":"BreadcrumbList","@id":"https:\/\/www.eldiario.net\/portal\/2024\/04\/28\/asesinan-a-tres-carabineros-en-la-region-de-la-araucania\/#breadcrumb","itemListElement":[{"@type":"ListItem","position":1,"name":"Portada","item":"https:\/\/www.eldiario.net\/portal\/"},{"@type":"ListItem","position":2,"name":"Asesinan a tres carabineros en la regi\u00f3n de La Araucan\u00eda"}]},{"@type":"WebSite","@id":"https:\/\/www.eldiario.net\/portal\/#website","url":"https:\/\/www.eldiario.net\/portal\/","name":"El Diario - Decano de la prensa nacional","description":"El Diario - Decano de la prensa nacional","publisher":{"@id":"https:\/\/www.eldiario.net\/portal\/#organization"},"potentialAction":[{"@type":"SearchAction","target":{"@type":"EntryPoint","urlTemplate":"https:\/\/www.eldiario.net\/portal\/?s={search_term_string}"},"query-input":{"@type":"PropertyValueSpecification","valueRequired":true,"valueName":"search_term_string"}}],"inLanguage":"es"},{"@type":"Organization","@id":"https:\/\/www.eldiario.net\/portal\/#organization","name":"El Diario - Decano de la prensa nacional","url":"https:\/\/www.eldiario.net\/portal\/","logo":{"@type":"ImageObject","inLanguage":"es","@id":"https:\/\/www.eldiario.net\/portal\/#\/schema\/logo\/image\/","url":"https:\/\/www.eldiario.net\/portal\/wp-content\/uploads\/2023\/07\/logo_ED.jpg","contentUrl":"https:\/\/www.eldiario.net\/portal\/wp-content\/uploads\/2023\/07\/logo_ED.jpg","width":272,"height":52,"caption":"El Diario - Decano de la prensa nacional"},"image":{"@id":"https:\/\/www.eldiario.net\/portal\/#\/schema\/logo\/image\/"},"sameAs":["https:\/\/www.facebook.com\/eldiario.bolivia\/","https:\/\/x.com\/eldiario_net"]},{"@type":"Person","@id":"https:\/\/www.eldiario.net\/portal\/#\/schema\/person\/f46445640444750d7d753ccd04ae01b7","name":"Jeanette","image":{"@type":"ImageObject","inLanguage":"es","@id":"https:\/\/secure.gravatar.com\/avatar\/3ea2118a5f7dad2b7138b1187a6b7ee55f160b9968b66013c3a3ef39dd7e5798?s=96&d=mm&r=g","url":"https:\/\/secure.gravatar.com\/avatar\/3ea2118a5f7dad2b7138b1187a6b7ee55f160b9968b66013c3a3ef39dd7e5798?s=96&d=mm&r=g","contentUrl":"https:\/\/secure.gravatar.com\/avatar\/3ea2118a5f7dad2b7138b1187a6b7ee55f160b9968b66013c3a3ef39dd7e5798?s=96&d=mm&r=g","caption":"Jeanette"},"sameAs":["https:\/\/www.eldiario.net\/portal"],"url":"https:\/\/www.eldiario.net\/portal\/author\/jeanette\/"}]}},"_links":{"self":[{"href":"https:\/\/www.eldiario.net\/portal\/wp-json\/wp\/v2\/posts\/217145","targetHints":{"allow":["GET"]}}],"collection":[{"href":"https:\/\/www.eldiario.net\/portal\/wp-json\/wp\/v2\/posts"}],"about":[{"href":"https:\/\/www.eldiario.net\/portal\/wp-json\/wp\/v2\/types\/post"}],"author":[{"embeddable":true,"href":"https:\/\/www.eldiario.net\/portal\/wp-json\/wp\/v2\/users\/1"}],"replies":[{"embeddable":true,"href":"https:\/\/www.eldiario.net\/portal\/wp-json\/wp\/v2\/comments?post=217145"}],"version-history":[{"count":1,"href":"https:\/\/www.eldiario.net\/portal\/wp-json\/wp\/v2\/posts\/217145\/revisions"}],"predecessor-version":[{"id":217147,"href":"https:\/\/www.eldiario.net\/portal\/wp-json\/wp\/v2\/posts\/217145\/revisions\/217147"}],"wp:featuredmedia":[{"embeddable":true,"href":"https:\/\/www.eldiario.net\/portal\/wp-json\/wp\/v2\/media\/217146"}],"wp:attachment":[{"href":"https:\/\/www.eldiario.net\/portal\/wp-json\/wp\/v2\/media?parent=217145"}],"wp:term":[{"taxonomy":"category","embeddable":true,"href":"https:\/\/www.eldiario.net\/portal\/wp-json\/wp\/v2\/categories?post=217145"},{"taxonomy":"post_tag","embeddable":true,"href":"https:\/\/www.eldiario.net\/portal\/wp-json\/wp\/v2\/tags?post=217145"}],"curies":[{"name":"wp","href":"https:\/\/api.w.org\/{rel}","templated":true}]}}