{"id":217135,"date":"2024-04-28T06:50:26","date_gmt":"2024-04-28T10:50:26","guid":{"rendered":"https:\/\/www.eldiario.net\/portal\/?p=217135"},"modified":"2024-04-28T06:50:26","modified_gmt":"2024-04-28T10:50:26","slug":"instituciones-y-organos-del-estado-deben-recuperar-su-independencia","status":"publish","type":"post","link":"https:\/\/www.eldiario.net\/portal\/2024\/04\/28\/instituciones-y-organos-del-estado-deben-recuperar-su-independencia\/","title":{"rendered":"Instituciones y \u00d3rganos del Estado  deben recuperar su independencia"},"content":{"rendered":"<p>Se necesita un nuevo horizonte pol\u00edtico que no dependa de los caprichos de un caudillo, sus esbirros o sus roscas.<br \/>\nAsegurando que las caracter\u00edsticas c\u00edclicas en la historia de la pol\u00edtica boliviana llevan a adelantar la ca\u00edda de caudillos y partidos como el Movimiento al Socialismo (MAS), la diputada por Comunidad Ciudadana (CC), Alejandra Camargo, apunt\u00f3 a la necesidad de que instituciones y \u00d3rganos del Estado recuperen su independencia, lejos de la politiquer\u00eda partidaria.<br \/>\nDesde sus redes sociales, la legisladora representante del departamento de Cochabamba sostuvo que, repasando la historia pol\u00edtica del pa\u00eds, se puede llegar a la conclusi\u00f3n de que \u201corgullosos caudillos omniscientes e inmunes\u201d, terminan perdiendo gradualmente el horizonte y quebr\u00e1ndose desde adentro.<br \/>\n\u201cEste parece ser el destino inevitable que est\u00e1 siguiendo peligrosamente el MAS, las grietas de su divisi\u00f3n se profundizan cada d\u00eda. Los egos, los orgullos, el mal manejo administrativo, los golpes bajos, la corrupci\u00f3n y un sinf\u00edn de malos pasos, hacen que su nicho de votantes decida alejarse de un proyecto que hace tiempo no responde a sus bases, mucho menos a las necesidades de los bolivianos\u201d, indic\u00f3.<br \/>\nEn ese sentido, Camargo sostuvo que es necesario que las instituciones y \u00f3rganos del Estado recuperen la independencia del yugo de la mala praxis y politiquer\u00eda partidaria, reivindicando el principio democr\u00e1tico que les da su verdadero sentido.<br \/>\n\u201cNecesitamos un horizonte pol\u00edtico, s\u00ed, pero este no puede y no debe depender de los caprichos de un caudillo, sus esbirros o sus roscas\u201d, puntualiz\u00f3.<br \/>\nLlamando a terminar con viejas ideas y ma\u00f1as del siglo XX, adem\u00e1s de discursos que buscan polarizar hacia la \u201cizquierda o derecha\u00bb, la legisladora de oposici\u00f3n plante\u00f3 empezar a proponer, construir, dialogar y debatir propuestas que respondan las necesidades de los bolivianos por sobre todo dogma o expectativa pol\u00edtico-partidaria.<br \/>\n\u201cReconozcamos y evitemos las diferencias, enfrentemos los errores del pasado para superarlos, dejemos de abrir heridas hist\u00f3ricas, superemos la visi\u00f3n pol\u00edtica caudillista y la prebenda, recuperemos la pol\u00edtica para los bolivianos, antes que el pasado se repita impidiendo un futuro mejor\u201d, concluy\u00f3.<\/p>\n","protected":false},"excerpt":{"rendered":"<p>Se necesita un nuevo horizonte pol\u00edtico que no dependa de los caprichos de un caudillo, sus esbirros o sus roscas. Asegurando que las caracter\u00edsticas c\u00edclicas en la historia de la pol\u00edtica boliviana llevan a adelantar la ca\u00edda de caudillos y partidos como el Movimiento al Socialismo (MAS), la diputada por Comunidad Ciudadana (CC), Alejandra Camargo, [&hellip;]<\/p>\n","protected":false},"author":1,"featured_media":217136,"comment_status":"open","ping_status":"open","sticky":false,"template":"","format":"standard","meta":{"_acf_changed":false,"footnotes":""},"categories":[14],"tags":[],"class_list":["post-217135","post","type-post","status-publish","format-standard","has-post-thumbnail","category-politica"],"acf":{"antetitulo":"Lejos de la politiquer\u00eda partidaria"},"yoast_head":"<!-- This site is optimized with the Yoast SEO plugin v28.4 - https:\/\/yoast.com\/product\/yoast-seo-wordpress\/ -->\n<title>Instituciones y \u00d3rganos del Estado deben recuperar su independencia - El Diario - Bolivia<\/title>\n<meta name=\"robots\" content=\"index, follow, max-snippet:-1, max-image-preview:large, max-video-preview:-1\" \/>\n<link rel=\"canonical\" href=\"https:\/\/www.eldiario.net\/portal\/2024\/04\/28\/instituciones-y-organos-del-estado-deben-recuperar-su-independencia\/\" \/>\n<meta property=\"og:locale\" content=\"es_ES\" \/>\n<meta property=\"og:type\" content=\"article\" \/>\n<meta property=\"og:title\" content=\"Instituciones y \u00d3rganos del Estado deben recuperar su independencia - El Diario - Bolivia\" \/>\n<meta property=\"og:description\" content=\"Se necesita un nuevo horizonte pol\u00edtico que no dependa de los caprichos de un caudillo, sus esbirros o sus roscas. Asegurando que las caracter\u00edsticas c\u00edclicas en la historia de la pol\u00edtica boliviana llevan a adelantar la ca\u00edda de caudillos y partidos como el Movimiento al Socialismo (MAS), la diputada por Comunidad Ciudadana (CC), Alejandra Camargo, [&hellip;]\" \/>\n<meta property=\"og:url\" content=\"https:\/\/www.eldiario.net\/portal\/2024\/04\/28\/instituciones-y-organos-del-estado-deben-recuperar-su-independencia\/\" \/>\n<meta property=\"og:site_name\" content=\"El Diario - Bolivia\" \/>\n<meta property=\"article:publisher\" content=\"https:\/\/www.facebook.com\/eldiario.bolivia\/\" \/>\n<meta property=\"article:published_time\" content=\"2024-04-28T10:50:26+00:00\" \/>\n<meta property=\"og:image\" content=\"https:\/\/www.eldiario.net\/portal\/wp-content\/uploads\/2024\/04\/41-POL-11.jpg\" \/>\n\t<meta property=\"og:image:width\" content=\"1599\" \/>\n\t<meta property=\"og:image:height\" content=\"1004\" \/>\n\t<meta property=\"og:image:type\" content=\"image\/jpeg\" \/>\n<meta name=\"author\" content=\"Jeanette\" \/>\n<meta name=\"twitter:card\" content=\"summary_large_image\" \/>\n<meta name=\"twitter:creator\" content=\"@eldiario_net\" \/>\n<meta name=\"twitter:site\" content=\"@eldiario_net\" \/>\n<meta name=\"twitter:label1\" content=\"Escrito por\" \/>\n\t<meta name=\"twitter:data1\" content=\"Jeanette\" \/>\n\t<meta name=\"twitter:label2\" content=\"Tiempo de lectura\" \/>\n\t<meta name=\"twitter:data2\" content=\"2 minutos\" \/>\n<script type=\"application\/ld+json\" class=\"yoast-schema-graph\">{\"@context\":\"https:\\\/\\\/schema.org\",\"@graph\":[{\"@type\":\"Article\",\"@id\":\"https:\\\/\\\/www.eldiario.net\\\/portal\\\/2024\\\/04\\\/28\\\/instituciones-y-organos-del-estado-deben-recuperar-su-independencia\\\/#article\",\"isPartOf\":{\"@id\":\"https:\\\/\\\/www.eldiario.net\\\/portal\\\/2024\\\/04\\\/28\\\/instituciones-y-organos-del-estado-deben-recuperar-su-independencia\\\/\"},\"author\":{\"name\":\"Jeanette\",\"@id\":\"https:\\\/\\\/www.eldiario.net\\\/portal\\\/#\\\/schema\\\/person\\\/f46445640444750d7d753ccd04ae01b7\"},\"headline\":\"Instituciones y \u00d3rganos del Estado deben recuperar su independencia\",\"datePublished\":\"2024-04-28T10:50:26+00:00\",\"mainEntityOfPage\":{\"@id\":\"https:\\\/\\\/www.eldiario.net\\\/portal\\\/2024\\\/04\\\/28\\\/instituciones-y-organos-del-estado-deben-recuperar-su-independencia\\\/\"},\"wordCount\":370,\"commentCount\":0,\"publisher\":{\"@id\":\"https:\\\/\\\/www.eldiario.net\\\/portal\\\/#organization\"},\"image\":{\"@id\":\"https:\\\/\\\/www.eldiario.net\\\/portal\\\/2024\\\/04\\\/28\\\/instituciones-y-organos-del-estado-deben-recuperar-su-independencia\\\/#primaryimage\"},\"thumbnailUrl\":\"https:\\\/\\\/www.eldiario.net\\\/portal\\\/wp-content\\\/uploads\\\/2024\\\/04\\\/41-POL-11.jpg\",\"articleSection\":[\"Pol\u00edtica\"],\"inLanguage\":\"es\",\"potentialAction\":[{\"@type\":\"CommentAction\",\"name\":\"Comment\",\"target\":[\"https:\\\/\\\/www.eldiario.net\\\/portal\\\/2024\\\/04\\\/28\\\/instituciones-y-organos-del-estado-deben-recuperar-su-independencia\\\/#respond\"]}]},{\"@type\":\"WebPage\",\"@id\":\"https:\\\/\\\/www.eldiario.net\\\/portal\\\/2024\\\/04\\\/28\\\/instituciones-y-organos-del-estado-deben-recuperar-su-independencia\\\/\",\"url\":\"https:\\\/\\\/www.eldiario.net\\\/portal\\\/2024\\\/04\\\/28\\\/instituciones-y-organos-del-estado-deben-recuperar-su-independencia\\\/\",\"name\":\"Instituciones y \u00d3rganos del Estado deben recuperar su independencia - El Diario - Bolivia\",\"isPartOf\":{\"@id\":\"https:\\\/\\\/www.eldiario.net\\\/portal\\\/#website\"},\"primaryImageOfPage\":{\"@id\":\"https:\\\/\\\/www.eldiario.net\\\/portal\\\/2024\\\/04\\\/28\\\/instituciones-y-organos-del-estado-deben-recuperar-su-independencia\\\/#primaryimage\"},\"image\":{\"@id\":\"https:\\\/\\\/www.eldiario.net\\\/portal\\\/2024\\\/04\\\/28\\\/instituciones-y-organos-del-estado-deben-recuperar-su-independencia\\\/#primaryimage\"},\"thumbnailUrl\":\"https:\\\/\\\/www.eldiario.net\\\/portal\\\/wp-content\\\/uploads\\\/2024\\\/04\\\/41-POL-11.jpg\",\"datePublished\":\"2024-04-28T10:50:26+00:00\",\"breadcrumb\":{\"@id\":\"https:\\\/\\\/www.eldiario.net\\\/portal\\\/2024\\\/04\\\/28\\\/instituciones-y-organos-del-estado-deben-recuperar-su-independencia\\\/#breadcrumb\"},\"inLanguage\":\"es\",\"potentialAction\":[{\"@type\":\"ReadAction\",\"target\":[\"https:\\\/\\\/www.eldiario.net\\\/portal\\\/2024\\\/04\\\/28\\\/instituciones-y-organos-del-estado-deben-recuperar-su-independencia\\\/\"]}]},{\"@type\":\"ImageObject\",\"inLanguage\":\"es\",\"@id\":\"https:\\\/\\\/www.eldiario.net\\\/portal\\\/2024\\\/04\\\/28\\\/instituciones-y-organos-del-estado-deben-recuperar-su-independencia\\\/#primaryimage\",\"url\":\"https:\\\/\\\/www.eldiario.net\\\/portal\\\/wp-content\\\/uploads\\\/2024\\\/04\\\/41-POL-11.jpg\",\"contentUrl\":\"https:\\\/\\\/www.eldiario.net\\\/portal\\\/wp-content\\\/uploads\\\/2024\\\/04\\\/41-POL-11.jpg\",\"width\":1599,\"height\":1004,\"caption\":\"Diputada Alejandra Camargo (CC).\"},{\"@type\":\"BreadcrumbList\",\"@id\":\"https:\\\/\\\/www.eldiario.net\\\/portal\\\/2024\\\/04\\\/28\\\/instituciones-y-organos-del-estado-deben-recuperar-su-independencia\\\/#breadcrumb\",\"itemListElement\":[{\"@type\":\"ListItem\",\"position\":1,\"name\":\"Portada\",\"item\":\"https:\\\/\\\/www.eldiario.net\\\/portal\\\/\"},{\"@type\":\"ListItem\",\"position\":2,\"name\":\"Instituciones y \u00d3rganos del Estado deben recuperar su independencia\"}]},{\"@type\":\"WebSite\",\"@id\":\"https:\\\/\\\/www.eldiario.net\\\/portal\\\/#website\",\"url\":\"https:\\\/\\\/www.eldiario.net\\\/portal\\\/\",\"name\":\"El Diario - Decano de la prensa nacional\",\"description\":\"El Diario - Decano de la prensa nacional\",\"publisher\":{\"@id\":\"https:\\\/\\\/www.eldiario.net\\\/portal\\\/#organization\"},\"potentialAction\":[{\"@type\":\"SearchAction\",\"target\":{\"@type\":\"EntryPoint\",\"urlTemplate\":\"https:\\\/\\\/www.eldiario.net\\\/portal\\\/?s={search_term_string}\"},\"query-input\":{\"@type\":\"PropertyValueSpecification\",\"valueRequired\":true,\"valueName\":\"search_term_string\"}}],\"inLanguage\":\"es\"},{\"@type\":\"Organization\",\"@id\":\"https:\\\/\\\/www.eldiario.net\\\/portal\\\/#organization\",\"name\":\"El Diario - Decano de la prensa nacional\",\"url\":\"https:\\\/\\\/www.eldiario.net\\\/portal\\\/\",\"logo\":{\"@type\":\"ImageObject\",\"inLanguage\":\"es\",\"@id\":\"https:\\\/\\\/www.eldiario.net\\\/portal\\\/#\\\/schema\\\/logo\\\/image\\\/\",\"url\":\"https:\\\/\\\/www.eldiario.net\\\/portal\\\/wp-content\\\/uploads\\\/2023\\\/07\\\/logo_ED.jpg\",\"contentUrl\":\"https:\\\/\\\/www.eldiario.net\\\/portal\\\/wp-content\\\/uploads\\\/2023\\\/07\\\/logo_ED.jpg\",\"width\":272,\"height\":52,\"caption\":\"El Diario - Decano de la prensa nacional\"},\"image\":{\"@id\":\"https:\\\/\\\/www.eldiario.net\\\/portal\\\/#\\\/schema\\\/logo\\\/image\\\/\"},\"sameAs\":[\"https:\\\/\\\/www.facebook.com\\\/eldiario.bolivia\\\/\",\"https:\\\/\\\/x.com\\\/eldiario_net\"]},{\"@type\":\"Person\",\"@id\":\"https:\\\/\\\/www.eldiario.net\\\/portal\\\/#\\\/schema\\\/person\\\/f46445640444750d7d753ccd04ae01b7\",\"name\":\"Jeanette\",\"image\":{\"@type\":\"ImageObject\",\"inLanguage\":\"es\",\"@id\":\"https:\\\/\\\/secure.gravatar.com\\\/avatar\\\/3ea2118a5f7dad2b7138b1187a6b7ee55f160b9968b66013c3a3ef39dd7e5798?s=96&d=mm&r=g\",\"url\":\"https:\\\/\\\/secure.gravatar.com\\\/avatar\\\/3ea2118a5f7dad2b7138b1187a6b7ee55f160b9968b66013c3a3ef39dd7e5798?s=96&d=mm&r=g\",\"contentUrl\":\"https:\\\/\\\/secure.gravatar.com\\\/avatar\\\/3ea2118a5f7dad2b7138b1187a6b7ee55f160b9968b66013c3a3ef39dd7e5798?s=96&d=mm&r=g\",\"caption\":\"Jeanette\"},\"sameAs\":[\"https:\\\/\\\/www.eldiario.net\\\/portal\"],\"url\":\"https:\\\/\\\/www.eldiario.net\\\/portal\\\/author\\\/jeanette\\\/\"}]}<\/script>\n<!-- \/ Yoast SEO plugin. -->","yoast_head_json":{"title":"Instituciones y \u00d3rganos del Estado deben recuperar su independencia - El Diario - Bolivia","robots":{"index":"index","follow":"follow","max-snippet":"max-snippet:-1","max-image-preview":"max-image-preview:large","max-video-preview":"max-video-preview:-1"},"canonical":"https:\/\/www.eldiario.net\/portal\/2024\/04\/28\/instituciones-y-organos-del-estado-deben-recuperar-su-independencia\/","og_locale":"es_ES","og_type":"article","og_title":"Instituciones y \u00d3rganos del Estado deben recuperar su independencia - El Diario - Bolivia","og_description":"Se necesita un nuevo horizonte pol\u00edtico que no dependa de los caprichos de un caudillo, sus esbirros o sus roscas. Asegurando que las caracter\u00edsticas c\u00edclicas en la historia de la pol\u00edtica boliviana llevan a adelantar la ca\u00edda de caudillos y partidos como el Movimiento al Socialismo (MAS), la diputada por Comunidad Ciudadana (CC), Alejandra Camargo, [&hellip;]","og_url":"https:\/\/www.eldiario.net\/portal\/2024\/04\/28\/instituciones-y-organos-del-estado-deben-recuperar-su-independencia\/","og_site_name":"El Diario - Bolivia","article_publisher":"https:\/\/www.facebook.com\/eldiario.bolivia\/","article_published_time":"2024-04-28T10:50:26+00:00","og_image":[{"width":1599,"height":1004,"url":"https:\/\/www.eldiario.net\/portal\/wp-content\/uploads\/2024\/04\/41-POL-11.jpg","type":"image\/jpeg"}],"author":"Jeanette","twitter_card":"summary_large_image","twitter_creator":"@eldiario_net","twitter_site":"@eldiario_net","twitter_misc":{"Escrito por":"Jeanette","Tiempo de lectura":"2 minutos"},"schema":{"@context":"https:\/\/schema.org","@graph":[{"@type":"Article","@id":"https:\/\/www.eldiario.net\/portal\/2024\/04\/28\/instituciones-y-organos-del-estado-deben-recuperar-su-independencia\/#article","isPartOf":{"@id":"https:\/\/www.eldiario.net\/portal\/2024\/04\/28\/instituciones-y-organos-del-estado-deben-recuperar-su-independencia\/"},"author":{"name":"Jeanette","@id":"https:\/\/www.eldiario.net\/portal\/#\/schema\/person\/f46445640444750d7d753ccd04ae01b7"},"headline":"Instituciones y \u00d3rganos del Estado deben recuperar su independencia","datePublished":"2024-04-28T10:50:26+00:00","mainEntityOfPage":{"@id":"https:\/\/www.eldiario.net\/portal\/2024\/04\/28\/instituciones-y-organos-del-estado-deben-recuperar-su-independencia\/"},"wordCount":370,"commentCount":0,"publisher":{"@id":"https:\/\/www.eldiario.net\/portal\/#organization"},"image":{"@id":"https:\/\/www.eldiario.net\/portal\/2024\/04\/28\/instituciones-y-organos-del-estado-deben-recuperar-su-independencia\/#primaryimage"},"thumbnailUrl":"https:\/\/www.eldiario.net\/portal\/wp-content\/uploads\/2024\/04\/41-POL-11.jpg","articleSection":["Pol\u00edtica"],"inLanguage":"es","potentialAction":[{"@type":"CommentAction","name":"Comment","target":["https:\/\/www.eldiario.net\/portal\/2024\/04\/28\/instituciones-y-organos-del-estado-deben-recuperar-su-independencia\/#respond"]}]},{"@type":"WebPage","@id":"https:\/\/www.eldiario.net\/portal\/2024\/04\/28\/instituciones-y-organos-del-estado-deben-recuperar-su-independencia\/","url":"https:\/\/www.eldiario.net\/portal\/2024\/04\/28\/instituciones-y-organos-del-estado-deben-recuperar-su-independencia\/","name":"Instituciones y \u00d3rganos del Estado deben recuperar su independencia - El Diario - Bolivia","isPartOf":{"@id":"https:\/\/www.eldiario.net\/portal\/#website"},"primaryImageOfPage":{"@id":"https:\/\/www.eldiario.net\/portal\/2024\/04\/28\/instituciones-y-organos-del-estado-deben-recuperar-su-independencia\/#primaryimage"},"image":{"@id":"https:\/\/www.eldiario.net\/portal\/2024\/04\/28\/instituciones-y-organos-del-estado-deben-recuperar-su-independencia\/#primaryimage"},"thumbnailUrl":"https:\/\/www.eldiario.net\/portal\/wp-content\/uploads\/2024\/04\/41-POL-11.jpg","datePublished":"2024-04-28T10:50:26+00:00","breadcrumb":{"@id":"https:\/\/www.eldiario.net\/portal\/2024\/04\/28\/instituciones-y-organos-del-estado-deben-recuperar-su-independencia\/#breadcrumb"},"inLanguage":"es","potentialAction":[{"@type":"ReadAction","target":["https:\/\/www.eldiario.net\/portal\/2024\/04\/28\/instituciones-y-organos-del-estado-deben-recuperar-su-independencia\/"]}]},{"@type":"ImageObject","inLanguage":"es","@id":"https:\/\/www.eldiario.net\/portal\/2024\/04\/28\/instituciones-y-organos-del-estado-deben-recuperar-su-independencia\/#primaryimage","url":"https:\/\/www.eldiario.net\/portal\/wp-content\/uploads\/2024\/04\/41-POL-11.jpg","contentUrl":"https:\/\/www.eldiario.net\/portal\/wp-content\/uploads\/2024\/04\/41-POL-11.jpg","width":1599,"height":1004,"caption":"Diputada Alejandra Camargo (CC)."},{"@type":"BreadcrumbList","@id":"https:\/\/www.eldiario.net\/portal\/2024\/04\/28\/instituciones-y-organos-del-estado-deben-recuperar-su-independencia\/#breadcrumb","itemListElement":[{"@type":"ListItem","position":1,"name":"Portada","item":"https:\/\/www.eldiario.net\/portal\/"},{"@type":"ListItem","position":2,"name":"Instituciones y \u00d3rganos del Estado deben recuperar su independencia"}]},{"@type":"WebSite","@id":"https:\/\/www.eldiario.net\/portal\/#website","url":"https:\/\/www.eldiario.net\/portal\/","name":"El Diario - Decano de la prensa nacional","description":"El Diario - Decano de la prensa nacional","publisher":{"@id":"https:\/\/www.eldiario.net\/portal\/#organization"},"potentialAction":[{"@type":"SearchAction","target":{"@type":"EntryPoint","urlTemplate":"https:\/\/www.eldiario.net\/portal\/?s={search_term_string}"},"query-input":{"@type":"PropertyValueSpecification","valueRequired":true,"valueName":"search_term_string"}}],"inLanguage":"es"},{"@type":"Organization","@id":"https:\/\/www.eldiario.net\/portal\/#organization","name":"El Diario - Decano de la prensa nacional","url":"https:\/\/www.eldiario.net\/portal\/","logo":{"@type":"ImageObject","inLanguage":"es","@id":"https:\/\/www.eldiario.net\/portal\/#\/schema\/logo\/image\/","url":"https:\/\/www.eldiario.net\/portal\/wp-content\/uploads\/2023\/07\/logo_ED.jpg","contentUrl":"https:\/\/www.eldiario.net\/portal\/wp-content\/uploads\/2023\/07\/logo_ED.jpg","width":272,"height":52,"caption":"El Diario - Decano de la prensa nacional"},"image":{"@id":"https:\/\/www.eldiario.net\/portal\/#\/schema\/logo\/image\/"},"sameAs":["https:\/\/www.facebook.com\/eldiario.bolivia\/","https:\/\/x.com\/eldiario_net"]},{"@type":"Person","@id":"https:\/\/www.eldiario.net\/portal\/#\/schema\/person\/f46445640444750d7d753ccd04ae01b7","name":"Jeanette","image":{"@type":"ImageObject","inLanguage":"es","@id":"https:\/\/secure.gravatar.com\/avatar\/3ea2118a5f7dad2b7138b1187a6b7ee55f160b9968b66013c3a3ef39dd7e5798?s=96&d=mm&r=g","url":"https:\/\/secure.gravatar.com\/avatar\/3ea2118a5f7dad2b7138b1187a6b7ee55f160b9968b66013c3a3ef39dd7e5798?s=96&d=mm&r=g","contentUrl":"https:\/\/secure.gravatar.com\/avatar\/3ea2118a5f7dad2b7138b1187a6b7ee55f160b9968b66013c3a3ef39dd7e5798?s=96&d=mm&r=g","caption":"Jeanette"},"sameAs":["https:\/\/www.eldiario.net\/portal"],"url":"https:\/\/www.eldiario.net\/portal\/author\/jeanette\/"}]}},"_links":{"self":[{"href":"https:\/\/www.eldiario.net\/portal\/wp-json\/wp\/v2\/posts\/217135","targetHints":{"allow":["GET"]}}],"collection":[{"href":"https:\/\/www.eldiario.net\/portal\/wp-json\/wp\/v2\/posts"}],"about":[{"href":"https:\/\/www.eldiario.net\/portal\/wp-json\/wp\/v2\/types\/post"}],"author":[{"embeddable":true,"href":"https:\/\/www.eldiario.net\/portal\/wp-json\/wp\/v2\/users\/1"}],"replies":[{"embeddable":true,"href":"https:\/\/www.eldiario.net\/portal\/wp-json\/wp\/v2\/comments?post=217135"}],"version-history":[{"count":1,"href":"https:\/\/www.eldiario.net\/portal\/wp-json\/wp\/v2\/posts\/217135\/revisions"}],"predecessor-version":[{"id":217137,"href":"https:\/\/www.eldiario.net\/portal\/wp-json\/wp\/v2\/posts\/217135\/revisions\/217137"}],"wp:featuredmedia":[{"embeddable":true,"href":"https:\/\/www.eldiario.net\/portal\/wp-json\/wp\/v2\/media\/217136"}],"wp:attachment":[{"href":"https:\/\/www.eldiario.net\/portal\/wp-json\/wp\/v2\/media?parent=217135"}],"wp:term":[{"taxonomy":"category","embeddable":true,"href":"https:\/\/www.eldiario.net\/portal\/wp-json\/wp\/v2\/categories?post=217135"},{"taxonomy":"post_tag","embeddable":true,"href":"https:\/\/www.eldiario.net\/portal\/wp-json\/wp\/v2\/tags?post=217135"}],"curies":[{"name":"wp","href":"https:\/\/api.w.org\/{rel}","templated":true}]}}