{"id":217125,"date":"2024-04-28T06:46:01","date_gmt":"2024-04-28T10:46:01","guid":{"rendered":"https:\/\/www.eldiario.net\/portal\/?p=217125"},"modified":"2024-04-28T06:46:01","modified_gmt":"2024-04-28T10:46:01","slug":"calentamiento-del-artico-reduce-nivel-de-polvo-en-zonas-de-asia","status":"publish","type":"post","link":"https:\/\/www.eldiario.net\/portal\/2024\/04\/28\/calentamiento-del-artico-reduce-nivel-de-polvo-en-zonas-de-asia\/","title":{"rendered":"Calentamiento del \u00c1rtico reduce  nivel de polvo en zonas de Asia"},"content":{"rendered":"<p>El calentamiento del \u00c1rtico, que se produce a mayor ritmo que en el resto del planeta, est\u00e1 reduciendo los niveles de polvo ambiental a gran distancia, en el sur de Asia, revela un nuevo estudio.<br \/>\nRevela un nuevo<br \/>\nestudio<br \/>\nEl polvo puede tener un enorme impacto en la calidad del aire local, la seguridad alimentaria, el suministro de energ\u00eda y la salud p\u00fablica. Sin embargo, se sabe poco sobre c\u00f3mo el cambio clim\u00e1tico global est\u00e1 afectando los niveles de polvo.<br \/>\nEstudios anteriores encontraron que los niveles de polvo en realidad est\u00e1n disminuyendo en toda la India, particularmente en el norte de la India, la costa del Golfo P\u00e9rsico y gran parte del Medio Oriente, pero la raz\u00f3n sigue sin estar clara. Investigadores de la Escuela de Ingenier\u00eda y Ciencias Aplicadas (SEAS) John A. Paulson de Harvard est\u00e1n trabajando para comprender c\u00f3mo el cambio clim\u00e1tico global est\u00e1 afectando los niveles de polvo en la regi\u00f3n.<br \/>\nUn equipo de investigadores dirigido por Michael B. McElroy, profesor Gilbert Butler de Estudios Ambientales en SEAS, descubri\u00f3 que la disminuci\u00f3n de polvo puede atribuirse al calentamiento del \u00c1rtico mucho m\u00e1s r\u00e1pido que el resto del planeta, fen\u00f3meno conocido como amplificaci\u00f3n \u00e1rtica. Este proceso desestabiliza la corriente en chorro y cambia las trayectorias de las tormentas y los patrones de los vientos sobre las principales fuentes de polvo en el oeste y el sur de Asia, es decir, la Pen\u00ednsula Ar\u00e1biga y el desierto de Thar, entre India y Pakist\u00e1n.<br \/>\n\u201cLa gesti\u00f3n local de la tierra, la r\u00e1pida urbanizaci\u00f3n y la industrializaci\u00f3n ciertamente contribuyen a los niveles de polvo en el oeste y el sur de Asia, pero la novedad de nuestro estudio es la influencia cada vez m\u00e1s dominante del cambio de circulaci\u00f3n en el contexto clim\u00e1tico global m\u00e1s amplio\u201d, dijo McElroy en un comunicado. \u201cLos cambios en los patrones de circulaci\u00f3n atmosf\u00e9rica, impulsados por cambios en la din\u00e1mica clim\u00e1tica global, se convirtieron en el principal impulsor de las recientes reducciones de polvo observadas en el oeste y el sur de Asia\u201d.<br \/>\n\u00bfQu\u00e9 significa eso para el futuro del polvo en la regi\u00f3n? Todo depende de c\u00f3mo se frenen las emisiones. Ir\u00f3nicamente, el mejor escenario para las emisiones (la neutralidad de carbono) podr\u00eda tener el peor impacto para el polvo. Si los humanos pueden reducir las emisiones lo suficiente como para frenar o detener la amplificaci\u00f3n del \u00c1rtico, entonces las corrientes en chorro y los patrones del viento probablemente regresar\u00edan a los estados previos al calentamiento, lo que conducir\u00eda a un aumento del polvo.<br \/>\nPor supuesto, eso no significa que no debamos perseguir la neutralidad de carbono, sostuvo McElroy. Pero mientras la comunidad global trabaja para reducir las emisiones de gases de efecto invernadero, los gobiernos locales deber\u00edan trabajar simult\u00e1neamente para abordar la reducci\u00f3n del polvo.<br \/>\n\u00abA nivel local, debemos pensar en acciones m\u00e1s fuertes contra la desertificaci\u00f3n, como la reforestaci\u00f3n y la gesti\u00f3n del riego, y c\u00f3mo monitorear mejor las concentraciones de polvo a nivel urbano, en conjunto con estrategias amplias de mitigaci\u00f3n del clima\u00bb, indic\u00f3 McElroy. (Europa Press)<\/p>\n","protected":false},"excerpt":{"rendered":"<p>El calentamiento del \u00c1rtico, que se produce a mayor ritmo que en el resto del planeta, est\u00e1 reduciendo los niveles de polvo ambiental a gran distancia, en el sur de Asia, revela un nuevo estudio. Revela un nuevo estudio El polvo puede tener un enorme impacto en la calidad del aire local, la seguridad alimentaria, [&hellip;]<\/p>\n","protected":false},"author":1,"featured_media":217126,"comment_status":"open","ping_status":"open","sticky":false,"template":"","format":"standard","meta":{"_acf_changed":false,"footnotes":""},"categories":[3],"tags":[],"class_list":["post-217125","post","type-post","status-publish","format-standard","has-post-thumbnail","category-internacional"],"acf":{"antetitulo":"Revela un nuevo estudio"},"yoast_head":"<!-- This site is optimized with the Yoast SEO plugin v28.4 - https:\/\/yoast.com\/product\/yoast-seo-wordpress\/ -->\n<title>Calentamiento del \u00c1rtico reduce nivel de polvo en zonas de Asia - El Diario - Bolivia<\/title>\n<meta name=\"robots\" content=\"index, follow, max-snippet:-1, max-image-preview:large, max-video-preview:-1\" \/>\n<link rel=\"canonical\" href=\"https:\/\/www.eldiario.net\/portal\/2024\/04\/28\/calentamiento-del-artico-reduce-nivel-de-polvo-en-zonas-de-asia\/\" \/>\n<meta property=\"og:locale\" content=\"es_ES\" \/>\n<meta property=\"og:type\" content=\"article\" \/>\n<meta property=\"og:title\" content=\"Calentamiento del \u00c1rtico reduce nivel de polvo en zonas de Asia - El Diario - Bolivia\" \/>\n<meta property=\"og:description\" content=\"El calentamiento del \u00c1rtico, que se produce a mayor ritmo que en el resto del planeta, est\u00e1 reduciendo los niveles de polvo ambiental a gran distancia, en el sur de Asia, revela un nuevo estudio. Revela un nuevo estudio El polvo puede tener un enorme impacto en la calidad del aire local, la seguridad alimentaria, [&hellip;]\" \/>\n<meta property=\"og:url\" content=\"https:\/\/www.eldiario.net\/portal\/2024\/04\/28\/calentamiento-del-artico-reduce-nivel-de-polvo-en-zonas-de-asia\/\" \/>\n<meta property=\"og:site_name\" content=\"El Diario - Bolivia\" \/>\n<meta property=\"article:publisher\" content=\"https:\/\/www.facebook.com\/eldiario.bolivia\/\" \/>\n<meta property=\"article:published_time\" content=\"2024-04-28T10:46:01+00:00\" \/>\n<meta property=\"og:image\" content=\"https:\/\/www.eldiario.net\/portal\/wp-content\/uploads\/2024\/04\/TIERRA-2.jpg\" \/>\n\t<meta property=\"og:image:width\" content=\"1200\" \/>\n\t<meta property=\"og:image:height\" content=\"791\" \/>\n\t<meta property=\"og:image:type\" content=\"image\/jpeg\" \/>\n<meta name=\"author\" content=\"Jeanette\" \/>\n<meta name=\"twitter:card\" content=\"summary_large_image\" \/>\n<meta name=\"twitter:creator\" content=\"@eldiario_net\" \/>\n<meta name=\"twitter:site\" content=\"@eldiario_net\" \/>\n<meta name=\"twitter:label1\" content=\"Escrito por\" \/>\n\t<meta name=\"twitter:data1\" content=\"Jeanette\" \/>\n\t<meta name=\"twitter:label2\" content=\"Tiempo de lectura\" \/>\n\t<meta name=\"twitter:data2\" content=\"3 minutos\" \/>\n<script type=\"application\/ld+json\" class=\"yoast-schema-graph\">{\"@context\":\"https:\\\/\\\/schema.org\",\"@graph\":[{\"@type\":\"Article\",\"@id\":\"https:\\\/\\\/www.eldiario.net\\\/portal\\\/2024\\\/04\\\/28\\\/calentamiento-del-artico-reduce-nivel-de-polvo-en-zonas-de-asia\\\/#article\",\"isPartOf\":{\"@id\":\"https:\\\/\\\/www.eldiario.net\\\/portal\\\/2024\\\/04\\\/28\\\/calentamiento-del-artico-reduce-nivel-de-polvo-en-zonas-de-asia\\\/\"},\"author\":{\"name\":\"Jeanette\",\"@id\":\"https:\\\/\\\/www.eldiario.net\\\/portal\\\/#\\\/schema\\\/person\\\/f46445640444750d7d753ccd04ae01b7\"},\"headline\":\"Calentamiento del \u00c1rtico reduce nivel de polvo en zonas de Asia\",\"datePublished\":\"2024-04-28T10:46:01+00:00\",\"mainEntityOfPage\":{\"@id\":\"https:\\\/\\\/www.eldiario.net\\\/portal\\\/2024\\\/04\\\/28\\\/calentamiento-del-artico-reduce-nivel-de-polvo-en-zonas-de-asia\\\/\"},\"wordCount\":564,\"commentCount\":0,\"publisher\":{\"@id\":\"https:\\\/\\\/www.eldiario.net\\\/portal\\\/#organization\"},\"image\":{\"@id\":\"https:\\\/\\\/www.eldiario.net\\\/portal\\\/2024\\\/04\\\/28\\\/calentamiento-del-artico-reduce-nivel-de-polvo-en-zonas-de-asia\\\/#primaryimage\"},\"thumbnailUrl\":\"https:\\\/\\\/www.eldiario.net\\\/portal\\\/wp-content\\\/uploads\\\/2024\\\/04\\\/TIERRA-2.jpg\",\"articleSection\":[\"Internacional\"],\"inLanguage\":\"es\",\"potentialAction\":[{\"@type\":\"CommentAction\",\"name\":\"Comment\",\"target\":[\"https:\\\/\\\/www.eldiario.net\\\/portal\\\/2024\\\/04\\\/28\\\/calentamiento-del-artico-reduce-nivel-de-polvo-en-zonas-de-asia\\\/#respond\"]}]},{\"@type\":\"WebPage\",\"@id\":\"https:\\\/\\\/www.eldiario.net\\\/portal\\\/2024\\\/04\\\/28\\\/calentamiento-del-artico-reduce-nivel-de-polvo-en-zonas-de-asia\\\/\",\"url\":\"https:\\\/\\\/www.eldiario.net\\\/portal\\\/2024\\\/04\\\/28\\\/calentamiento-del-artico-reduce-nivel-de-polvo-en-zonas-de-asia\\\/\",\"name\":\"Calentamiento del \u00c1rtico reduce nivel de polvo en zonas de Asia - El Diario - Bolivia\",\"isPartOf\":{\"@id\":\"https:\\\/\\\/www.eldiario.net\\\/portal\\\/#website\"},\"primaryImageOfPage\":{\"@id\":\"https:\\\/\\\/www.eldiario.net\\\/portal\\\/2024\\\/04\\\/28\\\/calentamiento-del-artico-reduce-nivel-de-polvo-en-zonas-de-asia\\\/#primaryimage\"},\"image\":{\"@id\":\"https:\\\/\\\/www.eldiario.net\\\/portal\\\/2024\\\/04\\\/28\\\/calentamiento-del-artico-reduce-nivel-de-polvo-en-zonas-de-asia\\\/#primaryimage\"},\"thumbnailUrl\":\"https:\\\/\\\/www.eldiario.net\\\/portal\\\/wp-content\\\/uploads\\\/2024\\\/04\\\/TIERRA-2.jpg\",\"datePublished\":\"2024-04-28T10:46:01+00:00\",\"breadcrumb\":{\"@id\":\"https:\\\/\\\/www.eldiario.net\\\/portal\\\/2024\\\/04\\\/28\\\/calentamiento-del-artico-reduce-nivel-de-polvo-en-zonas-de-asia\\\/#breadcrumb\"},\"inLanguage\":\"es\",\"potentialAction\":[{\"@type\":\"ReadAction\",\"target\":[\"https:\\\/\\\/www.eldiario.net\\\/portal\\\/2024\\\/04\\\/28\\\/calentamiento-del-artico-reduce-nivel-de-polvo-en-zonas-de-asia\\\/\"]}]},{\"@type\":\"ImageObject\",\"inLanguage\":\"es\",\"@id\":\"https:\\\/\\\/www.eldiario.net\\\/portal\\\/2024\\\/04\\\/28\\\/calentamiento-del-artico-reduce-nivel-de-polvo-en-zonas-de-asia\\\/#primaryimage\",\"url\":\"https:\\\/\\\/www.eldiario.net\\\/portal\\\/wp-content\\\/uploads\\\/2024\\\/04\\\/TIERRA-2.jpg\",\"contentUrl\":\"https:\\\/\\\/www.eldiario.net\\\/portal\\\/wp-content\\\/uploads\\\/2024\\\/04\\\/TIERRA-2.jpg\",\"width\":1200,\"height\":791,\"caption\":\"ESTUDIOS HALLARON NIVELES DE POLVO QUE DISMINUYEN EN TODA LA INDIA. Europa Press\"},{\"@type\":\"BreadcrumbList\",\"@id\":\"https:\\\/\\\/www.eldiario.net\\\/portal\\\/2024\\\/04\\\/28\\\/calentamiento-del-artico-reduce-nivel-de-polvo-en-zonas-de-asia\\\/#breadcrumb\",\"itemListElement\":[{\"@type\":\"ListItem\",\"position\":1,\"name\":\"Portada\",\"item\":\"https:\\\/\\\/www.eldiario.net\\\/portal\\\/\"},{\"@type\":\"ListItem\",\"position\":2,\"name\":\"Calentamiento del \u00c1rtico reduce nivel de polvo en zonas de Asia\"}]},{\"@type\":\"WebSite\",\"@id\":\"https:\\\/\\\/www.eldiario.net\\\/portal\\\/#website\",\"url\":\"https:\\\/\\\/www.eldiario.net\\\/portal\\\/\",\"name\":\"El Diario - Decano de la prensa nacional\",\"description\":\"El Diario - Decano de la prensa nacional\",\"publisher\":{\"@id\":\"https:\\\/\\\/www.eldiario.net\\\/portal\\\/#organization\"},\"potentialAction\":[{\"@type\":\"SearchAction\",\"target\":{\"@type\":\"EntryPoint\",\"urlTemplate\":\"https:\\\/\\\/www.eldiario.net\\\/portal\\\/?s={search_term_string}\"},\"query-input\":{\"@type\":\"PropertyValueSpecification\",\"valueRequired\":true,\"valueName\":\"search_term_string\"}}],\"inLanguage\":\"es\"},{\"@type\":\"Organization\",\"@id\":\"https:\\\/\\\/www.eldiario.net\\\/portal\\\/#organization\",\"name\":\"El Diario - Decano de la prensa nacional\",\"url\":\"https:\\\/\\\/www.eldiario.net\\\/portal\\\/\",\"logo\":{\"@type\":\"ImageObject\",\"inLanguage\":\"es\",\"@id\":\"https:\\\/\\\/www.eldiario.net\\\/portal\\\/#\\\/schema\\\/logo\\\/image\\\/\",\"url\":\"https:\\\/\\\/www.eldiario.net\\\/portal\\\/wp-content\\\/uploads\\\/2023\\\/07\\\/logo_ED.jpg\",\"contentUrl\":\"https:\\\/\\\/www.eldiario.net\\\/portal\\\/wp-content\\\/uploads\\\/2023\\\/07\\\/logo_ED.jpg\",\"width\":272,\"height\":52,\"caption\":\"El Diario - Decano de la prensa nacional\"},\"image\":{\"@id\":\"https:\\\/\\\/www.eldiario.net\\\/portal\\\/#\\\/schema\\\/logo\\\/image\\\/\"},\"sameAs\":[\"https:\\\/\\\/www.facebook.com\\\/eldiario.bolivia\\\/\",\"https:\\\/\\\/x.com\\\/eldiario_net\"]},{\"@type\":\"Person\",\"@id\":\"https:\\\/\\\/www.eldiario.net\\\/portal\\\/#\\\/schema\\\/person\\\/f46445640444750d7d753ccd04ae01b7\",\"name\":\"Jeanette\",\"image\":{\"@type\":\"ImageObject\",\"inLanguage\":\"es\",\"@id\":\"https:\\\/\\\/secure.gravatar.com\\\/avatar\\\/3ea2118a5f7dad2b7138b1187a6b7ee55f160b9968b66013c3a3ef39dd7e5798?s=96&d=mm&r=g\",\"url\":\"https:\\\/\\\/secure.gravatar.com\\\/avatar\\\/3ea2118a5f7dad2b7138b1187a6b7ee55f160b9968b66013c3a3ef39dd7e5798?s=96&d=mm&r=g\",\"contentUrl\":\"https:\\\/\\\/secure.gravatar.com\\\/avatar\\\/3ea2118a5f7dad2b7138b1187a6b7ee55f160b9968b66013c3a3ef39dd7e5798?s=96&d=mm&r=g\",\"caption\":\"Jeanette\"},\"sameAs\":[\"https:\\\/\\\/www.eldiario.net\\\/portal\"],\"url\":\"https:\\\/\\\/www.eldiario.net\\\/portal\\\/author\\\/jeanette\\\/\"}]}<\/script>\n<!-- \/ Yoast SEO plugin. -->","yoast_head_json":{"title":"Calentamiento del \u00c1rtico reduce nivel de polvo en zonas de Asia - El Diario - Bolivia","robots":{"index":"index","follow":"follow","max-snippet":"max-snippet:-1","max-image-preview":"max-image-preview:large","max-video-preview":"max-video-preview:-1"},"canonical":"https:\/\/www.eldiario.net\/portal\/2024\/04\/28\/calentamiento-del-artico-reduce-nivel-de-polvo-en-zonas-de-asia\/","og_locale":"es_ES","og_type":"article","og_title":"Calentamiento del \u00c1rtico reduce nivel de polvo en zonas de Asia - El Diario - Bolivia","og_description":"El calentamiento del \u00c1rtico, que se produce a mayor ritmo que en el resto del planeta, est\u00e1 reduciendo los niveles de polvo ambiental a gran distancia, en el sur de Asia, revela un nuevo estudio. Revela un nuevo estudio El polvo puede tener un enorme impacto en la calidad del aire local, la seguridad alimentaria, [&hellip;]","og_url":"https:\/\/www.eldiario.net\/portal\/2024\/04\/28\/calentamiento-del-artico-reduce-nivel-de-polvo-en-zonas-de-asia\/","og_site_name":"El Diario - Bolivia","article_publisher":"https:\/\/www.facebook.com\/eldiario.bolivia\/","article_published_time":"2024-04-28T10:46:01+00:00","og_image":[{"width":1200,"height":791,"url":"https:\/\/www.eldiario.net\/portal\/wp-content\/uploads\/2024\/04\/TIERRA-2.jpg","type":"image\/jpeg"}],"author":"Jeanette","twitter_card":"summary_large_image","twitter_creator":"@eldiario_net","twitter_site":"@eldiario_net","twitter_misc":{"Escrito por":"Jeanette","Tiempo de lectura":"3 minutos"},"schema":{"@context":"https:\/\/schema.org","@graph":[{"@type":"Article","@id":"https:\/\/www.eldiario.net\/portal\/2024\/04\/28\/calentamiento-del-artico-reduce-nivel-de-polvo-en-zonas-de-asia\/#article","isPartOf":{"@id":"https:\/\/www.eldiario.net\/portal\/2024\/04\/28\/calentamiento-del-artico-reduce-nivel-de-polvo-en-zonas-de-asia\/"},"author":{"name":"Jeanette","@id":"https:\/\/www.eldiario.net\/portal\/#\/schema\/person\/f46445640444750d7d753ccd04ae01b7"},"headline":"Calentamiento del \u00c1rtico reduce nivel de polvo en zonas de Asia","datePublished":"2024-04-28T10:46:01+00:00","mainEntityOfPage":{"@id":"https:\/\/www.eldiario.net\/portal\/2024\/04\/28\/calentamiento-del-artico-reduce-nivel-de-polvo-en-zonas-de-asia\/"},"wordCount":564,"commentCount":0,"publisher":{"@id":"https:\/\/www.eldiario.net\/portal\/#organization"},"image":{"@id":"https:\/\/www.eldiario.net\/portal\/2024\/04\/28\/calentamiento-del-artico-reduce-nivel-de-polvo-en-zonas-de-asia\/#primaryimage"},"thumbnailUrl":"https:\/\/www.eldiario.net\/portal\/wp-content\/uploads\/2024\/04\/TIERRA-2.jpg","articleSection":["Internacional"],"inLanguage":"es","potentialAction":[{"@type":"CommentAction","name":"Comment","target":["https:\/\/www.eldiario.net\/portal\/2024\/04\/28\/calentamiento-del-artico-reduce-nivel-de-polvo-en-zonas-de-asia\/#respond"]}]},{"@type":"WebPage","@id":"https:\/\/www.eldiario.net\/portal\/2024\/04\/28\/calentamiento-del-artico-reduce-nivel-de-polvo-en-zonas-de-asia\/","url":"https:\/\/www.eldiario.net\/portal\/2024\/04\/28\/calentamiento-del-artico-reduce-nivel-de-polvo-en-zonas-de-asia\/","name":"Calentamiento del \u00c1rtico reduce nivel de polvo en zonas de Asia - El Diario - Bolivia","isPartOf":{"@id":"https:\/\/www.eldiario.net\/portal\/#website"},"primaryImageOfPage":{"@id":"https:\/\/www.eldiario.net\/portal\/2024\/04\/28\/calentamiento-del-artico-reduce-nivel-de-polvo-en-zonas-de-asia\/#primaryimage"},"image":{"@id":"https:\/\/www.eldiario.net\/portal\/2024\/04\/28\/calentamiento-del-artico-reduce-nivel-de-polvo-en-zonas-de-asia\/#primaryimage"},"thumbnailUrl":"https:\/\/www.eldiario.net\/portal\/wp-content\/uploads\/2024\/04\/TIERRA-2.jpg","datePublished":"2024-04-28T10:46:01+00:00","breadcrumb":{"@id":"https:\/\/www.eldiario.net\/portal\/2024\/04\/28\/calentamiento-del-artico-reduce-nivel-de-polvo-en-zonas-de-asia\/#breadcrumb"},"inLanguage":"es","potentialAction":[{"@type":"ReadAction","target":["https:\/\/www.eldiario.net\/portal\/2024\/04\/28\/calentamiento-del-artico-reduce-nivel-de-polvo-en-zonas-de-asia\/"]}]},{"@type":"ImageObject","inLanguage":"es","@id":"https:\/\/www.eldiario.net\/portal\/2024\/04\/28\/calentamiento-del-artico-reduce-nivel-de-polvo-en-zonas-de-asia\/#primaryimage","url":"https:\/\/www.eldiario.net\/portal\/wp-content\/uploads\/2024\/04\/TIERRA-2.jpg","contentUrl":"https:\/\/www.eldiario.net\/portal\/wp-content\/uploads\/2024\/04\/TIERRA-2.jpg","width":1200,"height":791,"caption":"ESTUDIOS HALLARON NIVELES DE POLVO QUE DISMINUYEN EN TODA LA INDIA. Europa Press"},{"@type":"BreadcrumbList","@id":"https:\/\/www.eldiario.net\/portal\/2024\/04\/28\/calentamiento-del-artico-reduce-nivel-de-polvo-en-zonas-de-asia\/#breadcrumb","itemListElement":[{"@type":"ListItem","position":1,"name":"Portada","item":"https:\/\/www.eldiario.net\/portal\/"},{"@type":"ListItem","position":2,"name":"Calentamiento del \u00c1rtico reduce nivel de polvo en zonas de Asia"}]},{"@type":"WebSite","@id":"https:\/\/www.eldiario.net\/portal\/#website","url":"https:\/\/www.eldiario.net\/portal\/","name":"El Diario - Decano de la prensa nacional","description":"El Diario - Decano de la prensa nacional","publisher":{"@id":"https:\/\/www.eldiario.net\/portal\/#organization"},"potentialAction":[{"@type":"SearchAction","target":{"@type":"EntryPoint","urlTemplate":"https:\/\/www.eldiario.net\/portal\/?s={search_term_string}"},"query-input":{"@type":"PropertyValueSpecification","valueRequired":true,"valueName":"search_term_string"}}],"inLanguage":"es"},{"@type":"Organization","@id":"https:\/\/www.eldiario.net\/portal\/#organization","name":"El Diario - Decano de la prensa nacional","url":"https:\/\/www.eldiario.net\/portal\/","logo":{"@type":"ImageObject","inLanguage":"es","@id":"https:\/\/www.eldiario.net\/portal\/#\/schema\/logo\/image\/","url":"https:\/\/www.eldiario.net\/portal\/wp-content\/uploads\/2023\/07\/logo_ED.jpg","contentUrl":"https:\/\/www.eldiario.net\/portal\/wp-content\/uploads\/2023\/07\/logo_ED.jpg","width":272,"height":52,"caption":"El Diario - Decano de la prensa nacional"},"image":{"@id":"https:\/\/www.eldiario.net\/portal\/#\/schema\/logo\/image\/"},"sameAs":["https:\/\/www.facebook.com\/eldiario.bolivia\/","https:\/\/x.com\/eldiario_net"]},{"@type":"Person","@id":"https:\/\/www.eldiario.net\/portal\/#\/schema\/person\/f46445640444750d7d753ccd04ae01b7","name":"Jeanette","image":{"@type":"ImageObject","inLanguage":"es","@id":"https:\/\/secure.gravatar.com\/avatar\/3ea2118a5f7dad2b7138b1187a6b7ee55f160b9968b66013c3a3ef39dd7e5798?s=96&d=mm&r=g","url":"https:\/\/secure.gravatar.com\/avatar\/3ea2118a5f7dad2b7138b1187a6b7ee55f160b9968b66013c3a3ef39dd7e5798?s=96&d=mm&r=g","contentUrl":"https:\/\/secure.gravatar.com\/avatar\/3ea2118a5f7dad2b7138b1187a6b7ee55f160b9968b66013c3a3ef39dd7e5798?s=96&d=mm&r=g","caption":"Jeanette"},"sameAs":["https:\/\/www.eldiario.net\/portal"],"url":"https:\/\/www.eldiario.net\/portal\/author\/jeanette\/"}]}},"_links":{"self":[{"href":"https:\/\/www.eldiario.net\/portal\/wp-json\/wp\/v2\/posts\/217125","targetHints":{"allow":["GET"]}}],"collection":[{"href":"https:\/\/www.eldiario.net\/portal\/wp-json\/wp\/v2\/posts"}],"about":[{"href":"https:\/\/www.eldiario.net\/portal\/wp-json\/wp\/v2\/types\/post"}],"author":[{"embeddable":true,"href":"https:\/\/www.eldiario.net\/portal\/wp-json\/wp\/v2\/users\/1"}],"replies":[{"embeddable":true,"href":"https:\/\/www.eldiario.net\/portal\/wp-json\/wp\/v2\/comments?post=217125"}],"version-history":[{"count":1,"href":"https:\/\/www.eldiario.net\/portal\/wp-json\/wp\/v2\/posts\/217125\/revisions"}],"predecessor-version":[{"id":217127,"href":"https:\/\/www.eldiario.net\/portal\/wp-json\/wp\/v2\/posts\/217125\/revisions\/217127"}],"wp:featuredmedia":[{"embeddable":true,"href":"https:\/\/www.eldiario.net\/portal\/wp-json\/wp\/v2\/media\/217126"}],"wp:attachment":[{"href":"https:\/\/www.eldiario.net\/portal\/wp-json\/wp\/v2\/media?parent=217125"}],"wp:term":[{"taxonomy":"category","embeddable":true,"href":"https:\/\/www.eldiario.net\/portal\/wp-json\/wp\/v2\/categories?post=217125"},{"taxonomy":"post_tag","embeddable":true,"href":"https:\/\/www.eldiario.net\/portal\/wp-json\/wp\/v2\/tags?post=217125"}],"curies":[{"name":"wp","href":"https:\/\/api.w.org\/{rel}","templated":true}]}}