{"id":217122,"date":"2024-04-28T06:45:09","date_gmt":"2024-04-28T10:45:09","guid":{"rendered":"https:\/\/www.eldiario.net\/portal\/?p=217122"},"modified":"2024-04-28T06:45:09","modified_gmt":"2024-04-28T10:45:09","slug":"nasa-logra-comunicacion-laser-a-226-millones-de-kilometros","status":"publish","type":"post","link":"https:\/\/www.eldiario.net\/portal\/2024\/04\/28\/nasa-logra-comunicacion-laser-a-226-millones-de-kilometros\/","title":{"rendered":"NASA logra comunicaci\u00f3n l\u00e1ser  a 226 millones de kil\u00f3metros"},"content":{"rendered":"<p>La NASA logr\u00f3 establecer comunicaci\u00f3n \u00f3ptica, v\u00eda l\u00e1ser, con su misi\u00f3n Psyche a la distancia sin precedentes de 226 millones de kil\u00f3metros, una vez y media la distancia entre la Tierra y el Sol.<br \/>\nEl experimento Deep Space Optical Communications interactu\u00f3 con el sistema de comunicaci\u00f3n de la nave espacial Psyche por primera vez, transmitiendo datos de ingenier\u00eda a la Tierra.<br \/>\nSi bien la nave espacial con destino a varios asteroides no depende de comunicaciones \u00f3pticas para enviar datos, la nueva tecnolog\u00eda demostr\u00f3 que est\u00e1 a la altura de la tarea. Despu\u00e9s de interactuar con el transmisor de radiofrecuencia de Psyche, la demostraci\u00f3n de comunicaciones l\u00e1ser envi\u00f3 una copia de datos de ingenier\u00eda desde m\u00e1s de 226 millones de kil\u00f3metros, una vez y media la distancia entre la Tierra y el Sol.<br \/>\nEste logro ofrece una idea de c\u00f3mo las naves espaciales podr\u00edan utilizar las comunicaciones \u00f3pticas en el futuro, permitiendo comunicaciones de mayor velocidad de datos de informaci\u00f3n cient\u00edfica compleja, as\u00ed como im\u00e1genes y v\u00eddeos de alta definici\u00f3n en apoyo del pr\u00f3ximo gran salto de la humanidad: enviar humanos a Marte.<br \/>\n\u00abDesconectamos unos 10 minutos de datos duplicados de la nave espacial durante un pase el 8 de abril\u00bb, se\u00f1ala en un comunicado Meera Srinivasan, l\u00edder de operaciones del proyecto en el Laboratorio de Propulsi\u00f3n a Chorro de la NASA en el sur de California. \u00abHasta entonces, hab\u00edamos estado enviando datos de pruebas y diagn\u00f3sticos en nuestros enlaces descendentes desde Psyche\u00bb.<br \/>\nLa tecnolog\u00eda de comunicaciones l\u00e1ser en esta demostraci\u00f3n est\u00e1 dise\u00f1ada para transmitir datos desde el espacio profundo a velocidades de 10 a 100 veces m\u00e1s r\u00e1pidas que los sistemas de radiofrecuencia de \u00faltima generaci\u00f3n utilizados por las misiones al espacio profundo en la actualidad.<br \/>\nDespu\u00e9s de su lanzamiento, el 13 de octubre de 2023, la nave espacial permanece en buen estado mientras viaja al cintur\u00f3n de asteroides principal entre Marte y J\u00fapiter para visitar el asteroide Psyche.<br \/>\nLa demostraci\u00f3n de comunicaciones \u00f3pticas de la NASA ha demostrado que puede transmitir datos de prueba a una velocidad m\u00e1xima de 267 megabits por segundo (Mbps) desde el l\u00e1ser de enlace descendente de infrarrojo cercano del transceptor l\u00e1ser de vuelo, una velocidad de bits comparable a las velocidades de descarga de Internet de banda ancha.<br \/>\nEso se logr\u00f3 el 11 de diciembre de 2023, cuando el experimento transmiti\u00f3 un v\u00eddeo de ultra alta definici\u00f3n de 15 segundos a la Tierra desde 31 millones de kil\u00f3metros, o aproximadamente 80 veces la distancia Tierra-Luna.<br \/>\nAhora que la nave espacial est\u00e1 m\u00e1s de siete veces m\u00e1s lejos, la velocidad a la que puede enviar y recibir datos se reduce, como se esperaba. Durante la prueba del 8 de abril, la nave espacial transmiti\u00f3 datos de prueba a una velocidad m\u00e1xima de 25 Mbps, lo que supera con creces el objetivo del proyecto de demostrar que era posible alcanzar al menos 1 Mbps a esa distancia.<br \/>\nEl equipo del proyecto tambi\u00e9n orden\u00f3 al transceptor que transmitiera \u00f3pticamente datos generados por Psyche. Mientras Psyche transmit\u00eda datos a trav\u00e9s de su canal de radiofrecuencia a la Red de Espacio Profundo (DSN) de la NASA, el sistema de comunicaciones \u00f3pticas transmit\u00eda simult\u00e1neamente una parte de los mismos datos al Telescopio Hale en el Observatorio Palomar de Caltech en San Diego, California, la principal estaci\u00f3n terrestre de enlace descendente de la demostraci\u00f3n tecnol\u00f3gica.<br \/>\nEste experimento transmiti\u00f3 datos de prueba, as\u00ed como fotograf\u00edas digitales de mascotas, a Psyche y viceversa, en un viaje de ida y vuelta de 450 millones de kil\u00f3metros. Tambi\u00e9n descarg\u00f3 grandes cantidades de datos de ingenier\u00eda propios de la demostraci\u00f3n t\u00e9cnica para estudiar las caracter\u00edsticas del enlace de comunicaciones \u00f3pticas. (Europa Press)<\/p>\n","protected":false},"excerpt":{"rendered":"<p>La NASA logr\u00f3 establecer comunicaci\u00f3n \u00f3ptica, v\u00eda l\u00e1ser, con su misi\u00f3n Psyche a la distancia sin precedentes de 226 millones de kil\u00f3metros, una vez y media la distancia entre la Tierra y el Sol. El experimento Deep Space Optical Communications interactu\u00f3 con el sistema de comunicaci\u00f3n de la nave espacial Psyche por primera vez, transmitiendo [&hellip;]<\/p>\n","protected":false},"author":1,"featured_media":217123,"comment_status":"open","ping_status":"open","sticky":false,"template":"","format":"standard","meta":{"_acf_changed":false,"footnotes":""},"categories":[3],"tags":[],"class_list":["post-217122","post","type-post","status-publish","format-standard","has-post-thumbnail","category-internacional"],"acf":{"antetitulo":"Un salto para enviar humanos a Marte"},"yoast_head":"<!-- This site is optimized with the Yoast SEO plugin v28.4 - https:\/\/yoast.com\/product\/yoast-seo-wordpress\/ -->\n<title>NASA logra comunicaci\u00f3n l\u00e1ser a 226 millones de kil\u00f3metros - El Diario - Bolivia<\/title>\n<meta name=\"robots\" content=\"index, follow, max-snippet:-1, max-image-preview:large, max-video-preview:-1\" \/>\n<link rel=\"canonical\" href=\"https:\/\/www.eldiario.net\/portal\/2024\/04\/28\/nasa-logra-comunicacion-laser-a-226-millones-de-kilometros\/\" \/>\n<meta property=\"og:locale\" content=\"es_ES\" \/>\n<meta property=\"og:type\" content=\"article\" \/>\n<meta property=\"og:title\" content=\"NASA logra comunicaci\u00f3n l\u00e1ser a 226 millones de kil\u00f3metros - El Diario - Bolivia\" \/>\n<meta property=\"og:description\" content=\"La NASA logr\u00f3 establecer comunicaci\u00f3n \u00f3ptica, v\u00eda l\u00e1ser, con su misi\u00f3n Psyche a la distancia sin precedentes de 226 millones de kil\u00f3metros, una vez y media la distancia entre la Tierra y el Sol. El experimento Deep Space Optical Communications interactu\u00f3 con el sistema de comunicaci\u00f3n de la nave espacial Psyche por primera vez, transmitiendo [&hellip;]\" \/>\n<meta property=\"og:url\" content=\"https:\/\/www.eldiario.net\/portal\/2024\/04\/28\/nasa-logra-comunicacion-laser-a-226-millones-de-kilometros\/\" \/>\n<meta property=\"og:site_name\" content=\"El Diario - Bolivia\" \/>\n<meta property=\"article:publisher\" content=\"https:\/\/www.facebook.com\/eldiario.bolivia\/\" \/>\n<meta property=\"article:published_time\" content=\"2024-04-28T10:45:09+00:00\" \/>\n<meta property=\"og:image\" content=\"https:\/\/www.eldiario.net\/portal\/wp-content\/uploads\/2024\/04\/LASER.jpg\" \/>\n\t<meta property=\"og:image:width\" content=\"1200\" \/>\n\t<meta property=\"og:image:height\" content=\"750\" \/>\n\t<meta property=\"og:image:type\" content=\"image\/jpeg\" \/>\n<meta name=\"author\" content=\"Jeanette\" \/>\n<meta name=\"twitter:card\" content=\"summary_large_image\" \/>\n<meta name=\"twitter:creator\" content=\"@eldiario_net\" \/>\n<meta name=\"twitter:site\" content=\"@eldiario_net\" \/>\n<meta name=\"twitter:label1\" content=\"Escrito por\" \/>\n\t<meta name=\"twitter:data1\" content=\"Jeanette\" \/>\n\t<meta name=\"twitter:label2\" content=\"Tiempo de lectura\" \/>\n\t<meta name=\"twitter:data2\" content=\"3 minutos\" \/>\n<script type=\"application\/ld+json\" class=\"yoast-schema-graph\">{\"@context\":\"https:\\\/\\\/schema.org\",\"@graph\":[{\"@type\":\"Article\",\"@id\":\"https:\\\/\\\/www.eldiario.net\\\/portal\\\/2024\\\/04\\\/28\\\/nasa-logra-comunicacion-laser-a-226-millones-de-kilometros\\\/#article\",\"isPartOf\":{\"@id\":\"https:\\\/\\\/www.eldiario.net\\\/portal\\\/2024\\\/04\\\/28\\\/nasa-logra-comunicacion-laser-a-226-millones-de-kilometros\\\/\"},\"author\":{\"name\":\"Jeanette\",\"@id\":\"https:\\\/\\\/www.eldiario.net\\\/portal\\\/#\\\/schema\\\/person\\\/f46445640444750d7d753ccd04ae01b7\"},\"headline\":\"NASA logra comunicaci\u00f3n l\u00e1ser a 226 millones de kil\u00f3metros\",\"datePublished\":\"2024-04-28T10:45:09+00:00\",\"mainEntityOfPage\":{\"@id\":\"https:\\\/\\\/www.eldiario.net\\\/portal\\\/2024\\\/04\\\/28\\\/nasa-logra-comunicacion-laser-a-226-millones-de-kilometros\\\/\"},\"wordCount\":661,\"commentCount\":0,\"publisher\":{\"@id\":\"https:\\\/\\\/www.eldiario.net\\\/portal\\\/#organization\"},\"image\":{\"@id\":\"https:\\\/\\\/www.eldiario.net\\\/portal\\\/2024\\\/04\\\/28\\\/nasa-logra-comunicacion-laser-a-226-millones-de-kilometros\\\/#primaryimage\"},\"thumbnailUrl\":\"https:\\\/\\\/www.eldiario.net\\\/portal\\\/wp-content\\\/uploads\\\/2024\\\/04\\\/LASER.jpg\",\"articleSection\":[\"Internacional\"],\"inLanguage\":\"es\",\"potentialAction\":[{\"@type\":\"CommentAction\",\"name\":\"Comment\",\"target\":[\"https:\\\/\\\/www.eldiario.net\\\/portal\\\/2024\\\/04\\\/28\\\/nasa-logra-comunicacion-laser-a-226-millones-de-kilometros\\\/#respond\"]}]},{\"@type\":\"WebPage\",\"@id\":\"https:\\\/\\\/www.eldiario.net\\\/portal\\\/2024\\\/04\\\/28\\\/nasa-logra-comunicacion-laser-a-226-millones-de-kilometros\\\/\",\"url\":\"https:\\\/\\\/www.eldiario.net\\\/portal\\\/2024\\\/04\\\/28\\\/nasa-logra-comunicacion-laser-a-226-millones-de-kilometros\\\/\",\"name\":\"NASA logra comunicaci\u00f3n l\u00e1ser a 226 millones de kil\u00f3metros - El Diario - Bolivia\",\"isPartOf\":{\"@id\":\"https:\\\/\\\/www.eldiario.net\\\/portal\\\/#website\"},\"primaryImageOfPage\":{\"@id\":\"https:\\\/\\\/www.eldiario.net\\\/portal\\\/2024\\\/04\\\/28\\\/nasa-logra-comunicacion-laser-a-226-millones-de-kilometros\\\/#primaryimage\"},\"image\":{\"@id\":\"https:\\\/\\\/www.eldiario.net\\\/portal\\\/2024\\\/04\\\/28\\\/nasa-logra-comunicacion-laser-a-226-millones-de-kilometros\\\/#primaryimage\"},\"thumbnailUrl\":\"https:\\\/\\\/www.eldiario.net\\\/portal\\\/wp-content\\\/uploads\\\/2024\\\/04\\\/LASER.jpg\",\"datePublished\":\"2024-04-28T10:45:09+00:00\",\"breadcrumb\":{\"@id\":\"https:\\\/\\\/www.eldiario.net\\\/portal\\\/2024\\\/04\\\/28\\\/nasa-logra-comunicacion-laser-a-226-millones-de-kilometros\\\/#breadcrumb\"},\"inLanguage\":\"es\",\"potentialAction\":[{\"@type\":\"ReadAction\",\"target\":[\"https:\\\/\\\/www.eldiario.net\\\/portal\\\/2024\\\/04\\\/28\\\/nasa-logra-comunicacion-laser-a-226-millones-de-kilometros\\\/\"]}]},{\"@type\":\"ImageObject\",\"inLanguage\":\"es\",\"@id\":\"https:\\\/\\\/www.eldiario.net\\\/portal\\\/2024\\\/04\\\/28\\\/nasa-logra-comunicacion-laser-a-226-millones-de-kilometros\\\/#primaryimage\",\"url\":\"https:\\\/\\\/www.eldiario.net\\\/portal\\\/wp-content\\\/uploads\\\/2024\\\/04\\\/LASER.jpg\",\"contentUrl\":\"https:\\\/\\\/www.eldiario.net\\\/portal\\\/wp-content\\\/uploads\\\/2024\\\/04\\\/LASER.jpg\",\"width\":1200,\"height\":750,\"caption\":\"ESTE LOGRO OFRECE DE C\u00d3MO LAS NAVES PODR\u00cdAN UTILIZAR LAS COMUNICACIONES en el futuro.\"},{\"@type\":\"BreadcrumbList\",\"@id\":\"https:\\\/\\\/www.eldiario.net\\\/portal\\\/2024\\\/04\\\/28\\\/nasa-logra-comunicacion-laser-a-226-millones-de-kilometros\\\/#breadcrumb\",\"itemListElement\":[{\"@type\":\"ListItem\",\"position\":1,\"name\":\"Portada\",\"item\":\"https:\\\/\\\/www.eldiario.net\\\/portal\\\/\"},{\"@type\":\"ListItem\",\"position\":2,\"name\":\"NASA logra comunicaci\u00f3n l\u00e1ser a 226 millones de kil\u00f3metros\"}]},{\"@type\":\"WebSite\",\"@id\":\"https:\\\/\\\/www.eldiario.net\\\/portal\\\/#website\",\"url\":\"https:\\\/\\\/www.eldiario.net\\\/portal\\\/\",\"name\":\"El Diario - Decano de la prensa nacional\",\"description\":\"El Diario - Decano de la prensa nacional\",\"publisher\":{\"@id\":\"https:\\\/\\\/www.eldiario.net\\\/portal\\\/#organization\"},\"potentialAction\":[{\"@type\":\"SearchAction\",\"target\":{\"@type\":\"EntryPoint\",\"urlTemplate\":\"https:\\\/\\\/www.eldiario.net\\\/portal\\\/?s={search_term_string}\"},\"query-input\":{\"@type\":\"PropertyValueSpecification\",\"valueRequired\":true,\"valueName\":\"search_term_string\"}}],\"inLanguage\":\"es\"},{\"@type\":\"Organization\",\"@id\":\"https:\\\/\\\/www.eldiario.net\\\/portal\\\/#organization\",\"name\":\"El Diario - Decano de la prensa nacional\",\"url\":\"https:\\\/\\\/www.eldiario.net\\\/portal\\\/\",\"logo\":{\"@type\":\"ImageObject\",\"inLanguage\":\"es\",\"@id\":\"https:\\\/\\\/www.eldiario.net\\\/portal\\\/#\\\/schema\\\/logo\\\/image\\\/\",\"url\":\"https:\\\/\\\/www.eldiario.net\\\/portal\\\/wp-content\\\/uploads\\\/2023\\\/07\\\/logo_ED.jpg\",\"contentUrl\":\"https:\\\/\\\/www.eldiario.net\\\/portal\\\/wp-content\\\/uploads\\\/2023\\\/07\\\/logo_ED.jpg\",\"width\":272,\"height\":52,\"caption\":\"El Diario - Decano de la prensa nacional\"},\"image\":{\"@id\":\"https:\\\/\\\/www.eldiario.net\\\/portal\\\/#\\\/schema\\\/logo\\\/image\\\/\"},\"sameAs\":[\"https:\\\/\\\/www.facebook.com\\\/eldiario.bolivia\\\/\",\"https:\\\/\\\/x.com\\\/eldiario_net\"]},{\"@type\":\"Person\",\"@id\":\"https:\\\/\\\/www.eldiario.net\\\/portal\\\/#\\\/schema\\\/person\\\/f46445640444750d7d753ccd04ae01b7\",\"name\":\"Jeanette\",\"image\":{\"@type\":\"ImageObject\",\"inLanguage\":\"es\",\"@id\":\"https:\\\/\\\/secure.gravatar.com\\\/avatar\\\/3ea2118a5f7dad2b7138b1187a6b7ee55f160b9968b66013c3a3ef39dd7e5798?s=96&d=mm&r=g\",\"url\":\"https:\\\/\\\/secure.gravatar.com\\\/avatar\\\/3ea2118a5f7dad2b7138b1187a6b7ee55f160b9968b66013c3a3ef39dd7e5798?s=96&d=mm&r=g\",\"contentUrl\":\"https:\\\/\\\/secure.gravatar.com\\\/avatar\\\/3ea2118a5f7dad2b7138b1187a6b7ee55f160b9968b66013c3a3ef39dd7e5798?s=96&d=mm&r=g\",\"caption\":\"Jeanette\"},\"sameAs\":[\"https:\\\/\\\/www.eldiario.net\\\/portal\"],\"url\":\"https:\\\/\\\/www.eldiario.net\\\/portal\\\/author\\\/jeanette\\\/\"}]}<\/script>\n<!-- \/ Yoast SEO plugin. -->","yoast_head_json":{"title":"NASA logra comunicaci\u00f3n l\u00e1ser a 226 millones de kil\u00f3metros - El Diario - Bolivia","robots":{"index":"index","follow":"follow","max-snippet":"max-snippet:-1","max-image-preview":"max-image-preview:large","max-video-preview":"max-video-preview:-1"},"canonical":"https:\/\/www.eldiario.net\/portal\/2024\/04\/28\/nasa-logra-comunicacion-laser-a-226-millones-de-kilometros\/","og_locale":"es_ES","og_type":"article","og_title":"NASA logra comunicaci\u00f3n l\u00e1ser a 226 millones de kil\u00f3metros - El Diario - Bolivia","og_description":"La NASA logr\u00f3 establecer comunicaci\u00f3n \u00f3ptica, v\u00eda l\u00e1ser, con su misi\u00f3n Psyche a la distancia sin precedentes de 226 millones de kil\u00f3metros, una vez y media la distancia entre la Tierra y el Sol. El experimento Deep Space Optical Communications interactu\u00f3 con el sistema de comunicaci\u00f3n de la nave espacial Psyche por primera vez, transmitiendo [&hellip;]","og_url":"https:\/\/www.eldiario.net\/portal\/2024\/04\/28\/nasa-logra-comunicacion-laser-a-226-millones-de-kilometros\/","og_site_name":"El Diario - Bolivia","article_publisher":"https:\/\/www.facebook.com\/eldiario.bolivia\/","article_published_time":"2024-04-28T10:45:09+00:00","og_image":[{"width":1200,"height":750,"url":"https:\/\/www.eldiario.net\/portal\/wp-content\/uploads\/2024\/04\/LASER.jpg","type":"image\/jpeg"}],"author":"Jeanette","twitter_card":"summary_large_image","twitter_creator":"@eldiario_net","twitter_site":"@eldiario_net","twitter_misc":{"Escrito por":"Jeanette","Tiempo de lectura":"3 minutos"},"schema":{"@context":"https:\/\/schema.org","@graph":[{"@type":"Article","@id":"https:\/\/www.eldiario.net\/portal\/2024\/04\/28\/nasa-logra-comunicacion-laser-a-226-millones-de-kilometros\/#article","isPartOf":{"@id":"https:\/\/www.eldiario.net\/portal\/2024\/04\/28\/nasa-logra-comunicacion-laser-a-226-millones-de-kilometros\/"},"author":{"name":"Jeanette","@id":"https:\/\/www.eldiario.net\/portal\/#\/schema\/person\/f46445640444750d7d753ccd04ae01b7"},"headline":"NASA logra comunicaci\u00f3n l\u00e1ser a 226 millones de kil\u00f3metros","datePublished":"2024-04-28T10:45:09+00:00","mainEntityOfPage":{"@id":"https:\/\/www.eldiario.net\/portal\/2024\/04\/28\/nasa-logra-comunicacion-laser-a-226-millones-de-kilometros\/"},"wordCount":661,"commentCount":0,"publisher":{"@id":"https:\/\/www.eldiario.net\/portal\/#organization"},"image":{"@id":"https:\/\/www.eldiario.net\/portal\/2024\/04\/28\/nasa-logra-comunicacion-laser-a-226-millones-de-kilometros\/#primaryimage"},"thumbnailUrl":"https:\/\/www.eldiario.net\/portal\/wp-content\/uploads\/2024\/04\/LASER.jpg","articleSection":["Internacional"],"inLanguage":"es","potentialAction":[{"@type":"CommentAction","name":"Comment","target":["https:\/\/www.eldiario.net\/portal\/2024\/04\/28\/nasa-logra-comunicacion-laser-a-226-millones-de-kilometros\/#respond"]}]},{"@type":"WebPage","@id":"https:\/\/www.eldiario.net\/portal\/2024\/04\/28\/nasa-logra-comunicacion-laser-a-226-millones-de-kilometros\/","url":"https:\/\/www.eldiario.net\/portal\/2024\/04\/28\/nasa-logra-comunicacion-laser-a-226-millones-de-kilometros\/","name":"NASA logra comunicaci\u00f3n l\u00e1ser a 226 millones de kil\u00f3metros - El Diario - Bolivia","isPartOf":{"@id":"https:\/\/www.eldiario.net\/portal\/#website"},"primaryImageOfPage":{"@id":"https:\/\/www.eldiario.net\/portal\/2024\/04\/28\/nasa-logra-comunicacion-laser-a-226-millones-de-kilometros\/#primaryimage"},"image":{"@id":"https:\/\/www.eldiario.net\/portal\/2024\/04\/28\/nasa-logra-comunicacion-laser-a-226-millones-de-kilometros\/#primaryimage"},"thumbnailUrl":"https:\/\/www.eldiario.net\/portal\/wp-content\/uploads\/2024\/04\/LASER.jpg","datePublished":"2024-04-28T10:45:09+00:00","breadcrumb":{"@id":"https:\/\/www.eldiario.net\/portal\/2024\/04\/28\/nasa-logra-comunicacion-laser-a-226-millones-de-kilometros\/#breadcrumb"},"inLanguage":"es","potentialAction":[{"@type":"ReadAction","target":["https:\/\/www.eldiario.net\/portal\/2024\/04\/28\/nasa-logra-comunicacion-laser-a-226-millones-de-kilometros\/"]}]},{"@type":"ImageObject","inLanguage":"es","@id":"https:\/\/www.eldiario.net\/portal\/2024\/04\/28\/nasa-logra-comunicacion-laser-a-226-millones-de-kilometros\/#primaryimage","url":"https:\/\/www.eldiario.net\/portal\/wp-content\/uploads\/2024\/04\/LASER.jpg","contentUrl":"https:\/\/www.eldiario.net\/portal\/wp-content\/uploads\/2024\/04\/LASER.jpg","width":1200,"height":750,"caption":"ESTE LOGRO OFRECE DE C\u00d3MO LAS NAVES PODR\u00cdAN UTILIZAR LAS COMUNICACIONES en el futuro."},{"@type":"BreadcrumbList","@id":"https:\/\/www.eldiario.net\/portal\/2024\/04\/28\/nasa-logra-comunicacion-laser-a-226-millones-de-kilometros\/#breadcrumb","itemListElement":[{"@type":"ListItem","position":1,"name":"Portada","item":"https:\/\/www.eldiario.net\/portal\/"},{"@type":"ListItem","position":2,"name":"NASA logra comunicaci\u00f3n l\u00e1ser a 226 millones de kil\u00f3metros"}]},{"@type":"WebSite","@id":"https:\/\/www.eldiario.net\/portal\/#website","url":"https:\/\/www.eldiario.net\/portal\/","name":"El Diario - Decano de la prensa nacional","description":"El Diario - Decano de la prensa nacional","publisher":{"@id":"https:\/\/www.eldiario.net\/portal\/#organization"},"potentialAction":[{"@type":"SearchAction","target":{"@type":"EntryPoint","urlTemplate":"https:\/\/www.eldiario.net\/portal\/?s={search_term_string}"},"query-input":{"@type":"PropertyValueSpecification","valueRequired":true,"valueName":"search_term_string"}}],"inLanguage":"es"},{"@type":"Organization","@id":"https:\/\/www.eldiario.net\/portal\/#organization","name":"El Diario - Decano de la prensa nacional","url":"https:\/\/www.eldiario.net\/portal\/","logo":{"@type":"ImageObject","inLanguage":"es","@id":"https:\/\/www.eldiario.net\/portal\/#\/schema\/logo\/image\/","url":"https:\/\/www.eldiario.net\/portal\/wp-content\/uploads\/2023\/07\/logo_ED.jpg","contentUrl":"https:\/\/www.eldiario.net\/portal\/wp-content\/uploads\/2023\/07\/logo_ED.jpg","width":272,"height":52,"caption":"El Diario - Decano de la prensa nacional"},"image":{"@id":"https:\/\/www.eldiario.net\/portal\/#\/schema\/logo\/image\/"},"sameAs":["https:\/\/www.facebook.com\/eldiario.bolivia\/","https:\/\/x.com\/eldiario_net"]},{"@type":"Person","@id":"https:\/\/www.eldiario.net\/portal\/#\/schema\/person\/f46445640444750d7d753ccd04ae01b7","name":"Jeanette","image":{"@type":"ImageObject","inLanguage":"es","@id":"https:\/\/secure.gravatar.com\/avatar\/3ea2118a5f7dad2b7138b1187a6b7ee55f160b9968b66013c3a3ef39dd7e5798?s=96&d=mm&r=g","url":"https:\/\/secure.gravatar.com\/avatar\/3ea2118a5f7dad2b7138b1187a6b7ee55f160b9968b66013c3a3ef39dd7e5798?s=96&d=mm&r=g","contentUrl":"https:\/\/secure.gravatar.com\/avatar\/3ea2118a5f7dad2b7138b1187a6b7ee55f160b9968b66013c3a3ef39dd7e5798?s=96&d=mm&r=g","caption":"Jeanette"},"sameAs":["https:\/\/www.eldiario.net\/portal"],"url":"https:\/\/www.eldiario.net\/portal\/author\/jeanette\/"}]}},"_links":{"self":[{"href":"https:\/\/www.eldiario.net\/portal\/wp-json\/wp\/v2\/posts\/217122","targetHints":{"allow":["GET"]}}],"collection":[{"href":"https:\/\/www.eldiario.net\/portal\/wp-json\/wp\/v2\/posts"}],"about":[{"href":"https:\/\/www.eldiario.net\/portal\/wp-json\/wp\/v2\/types\/post"}],"author":[{"embeddable":true,"href":"https:\/\/www.eldiario.net\/portal\/wp-json\/wp\/v2\/users\/1"}],"replies":[{"embeddable":true,"href":"https:\/\/www.eldiario.net\/portal\/wp-json\/wp\/v2\/comments?post=217122"}],"version-history":[{"count":1,"href":"https:\/\/www.eldiario.net\/portal\/wp-json\/wp\/v2\/posts\/217122\/revisions"}],"predecessor-version":[{"id":217124,"href":"https:\/\/www.eldiario.net\/portal\/wp-json\/wp\/v2\/posts\/217122\/revisions\/217124"}],"wp:featuredmedia":[{"embeddable":true,"href":"https:\/\/www.eldiario.net\/portal\/wp-json\/wp\/v2\/media\/217123"}],"wp:attachment":[{"href":"https:\/\/www.eldiario.net\/portal\/wp-json\/wp\/v2\/media?parent=217122"}],"wp:term":[{"taxonomy":"category","embeddable":true,"href":"https:\/\/www.eldiario.net\/portal\/wp-json\/wp\/v2\/categories?post=217122"},{"taxonomy":"post_tag","embeddable":true,"href":"https:\/\/www.eldiario.net\/portal\/wp-json\/wp\/v2\/tags?post=217122"}],"curies":[{"name":"wp","href":"https:\/\/api.w.org\/{rel}","templated":true}]}}