{"id":217117,"date":"2024-04-28T06:43:40","date_gmt":"2024-04-28T10:43:40","guid":{"rendered":"https:\/\/www.eldiario.net\/portal\/?p=217117"},"modified":"2024-04-28T06:43:40","modified_gmt":"2024-04-28T10:43:40","slug":"andecop-sube-pensiones-y-padres-de-familia-rechazan-la-medida","status":"publish","type":"post","link":"https:\/\/www.eldiario.net\/portal\/2024\/04\/28\/andecop-sube-pensiones-y-padres-de-familia-rechazan-la-medida\/","title":{"rendered":"Andecop sube pensiones y padres  de familia rechazan la medida"},"content":{"rendered":"<p>Debido a que el Gobierno anunci\u00f3 el incremento salarial del 5.85% al m\u00ednimo y 3% al b\u00e1sico, la Asociaci\u00f3n de Colegios Particulares de Bolivia (Andecop) determin\u00f3 que el aumento en las pensiones escolares oscile entre el 3% y 8%. En tanto, padres de familia expresaron su desacuerdo ante cualquier intento de incremento y exigen al Ministerio de Educaci\u00f3n, hacer cumplir la Resoluci\u00f3n 01\/2024.<br \/>\n\u201cEl incremento de pensiones va a ser porcentual de acuerdo al decreto que determine el incremento de salarios (\u2026) si hacemos un incremento del tres por ciento al salario b\u00e1sico, ello significa un incremento en el bono de antig\u00fcedad, en los aportes y en los pagos de jubilaci\u00f3n. Entonces es un tema lineal, pero hemos sido muy prudentes y hemos dejado que cada unidad educativa tome una terminaci\u00f3n\u201d, expres\u00f3 el portavoz de Andecop, Antonio Villena, en entrevista con Red Uno.<br \/>\nUna nota de Br\u00fajula Digital, se\u00f1ala que el responsable de Hacienda de Andecop, Arnulfo Cabrera, ya hab\u00eda adelantado un ajuste en las pensiones escolares, aspecto que est\u00e1 reflejado incluso en la firma de contrato con los padres de familia, en funci\u00f3n al alza salarial.<br \/>\nEntonces, el ministro de Educaci\u00f3n, Omar V\u00e9liz, sostuvo que rige una resoluci\u00f3n ministerial que proh\u00edbe cualquier incremento en las pensiones escolares para este 2024, pero tambi\u00e9n expres\u00f3 la predisposici\u00f3n al di\u00e1logo y que un posible aumento de pensiones deber\u00eda ser debatido luego de que el Ministerio de Econom\u00eda haga conocer la reglamentaci\u00f3n del alza salarial, disposici\u00f3n que establecer\u00e1 si es retroactivo, a qui\u00e9nes llega el aumento y c\u00f3mo se lo paga.<br \/>\nVillena explic\u00f3 que el 8% de aumento salarial se sugiere por ambos incrementos establecidos por el Gobierno, aunque indic\u00f3 que no necesariamente se debe llegar a ese aumento en las pensiones escolares. Por lo que cada unidad educativa debe definir si ese incremento es retroactivo o no.<br \/>\nAl respecto, el representante departamental de los padres de familia de colegios privados, Ra\u00fal C\u00f3rdova, expres\u00f3 su preocupaci\u00f3n y se\u00f1al\u00f3 que est\u00e1n alertas ante las medidas de Andecop.<br \/>\n\u201cMuy preocupados ante el anuncio del Gobierno por el incremento en el tema de los salarios, nosotros como padres de familia no nos oponemos a que deba haber un incremento en los salarios, sin embargo los colegios privados, de manera muy astuta quieren incrementar un cinco por ciento a todos los pap\u00e1s haciendo una suma muy grande de dinero, el colegio nunca pierde\u201d, manifest\u00f3 el representante.<br \/>\nInform\u00f3 que a nivel nacional se emiti\u00f3 un pronunciamiento que se\u00f1ala: \u201cSe solicita al Ministerio de Educaci\u00f3n hacer cumplir la Resoluci\u00f3n 01\/2024 en su art\u00edculo 87 par\u00e1grafo 1 que establece que por ninguna manera habr\u00e1 incremento de pensiones en esta gesti\u00f3n\u201d.<br \/>\nAcot\u00f3 que algunos colegios particulares ya comunicaron a los padres de familia que habr\u00e1 incremento, situaci\u00f3n que fue denunciada, pero no atendida.<br \/>\n\u201cMuchos colegios privados de manera arbitraria, de manera unilateral hacen estos incrementos, sin embargo a\u00f1o tras a\u00f1os pedimos al Ministerio de Educaci\u00f3n que sancione a estos colegios (\u2026), pero no tenemos respuesta, hemos mandado la documentaci\u00f3n al anterior ministro, no hemos tenido respuesta y no hay ning\u00fan colegio sancionado\u201d, indic\u00f3.<br \/>\nReconoci\u00f3 que el alza se debe dar, pero que el dinero no debe salir de los bolsillos del padre de familia, pues la unidad educativa particular se basta para cubrir ese aspecto.<br \/>\n\u201cEnf\u00e1ticamente rechazamos (cualquier incremento a las pensiones), es un deber del colegio, de los due\u00f1os del colegio privado hacer el incremento como se\u00f1ala el decreto del Gobierno, sin embargo no tiene que salir de nosotros como padres de familia ese incremento. Cada colegio tiene un plan econ\u00f3mico a nivel anual\u201d, agreg\u00f3.<\/p>\n","protected":false},"excerpt":{"rendered":"<p>Debido a que el Gobierno anunci\u00f3 el incremento salarial del 5.85% al m\u00ednimo y 3% al b\u00e1sico, la Asociaci\u00f3n de Colegios Particulares de Bolivia (Andecop) determin\u00f3 que el aumento en las pensiones escolares oscile entre el 3% y 8%. En tanto, padres de familia expresaron su desacuerdo ante cualquier intento de incremento y exigen al [&hellip;]<\/p>\n","protected":false},"author":1,"featured_media":217118,"comment_status":"open","ping_status":"open","sticky":false,"template":"","format":"standard","meta":{"_acf_changed":false,"footnotes":""},"categories":[12],"tags":[],"class_list":["post-217117","post","type-post","status-publish","format-standard","has-post-thumbnail","category-nacional"],"acf":{"antetitulo":"Se avizora nuevo conflicto"},"yoast_head":"<!-- This site is optimized with the Yoast SEO plugin v28.4 - https:\/\/yoast.com\/product\/yoast-seo-wordpress\/ -->\n<title>Andecop sube pensiones y padres de familia rechazan la medida - El Diario - Bolivia<\/title>\n<meta name=\"robots\" content=\"index, follow, max-snippet:-1, max-image-preview:large, max-video-preview:-1\" \/>\n<link rel=\"canonical\" href=\"https:\/\/www.eldiario.net\/portal\/2024\/04\/28\/andecop-sube-pensiones-y-padres-de-familia-rechazan-la-medida\/\" \/>\n<meta property=\"og:locale\" content=\"es_ES\" \/>\n<meta property=\"og:type\" content=\"article\" \/>\n<meta property=\"og:title\" content=\"Andecop sube pensiones y padres de familia rechazan la medida - El Diario - Bolivia\" \/>\n<meta property=\"og:description\" content=\"Debido a que el Gobierno anunci\u00f3 el incremento salarial del 5.85% al m\u00ednimo y 3% al b\u00e1sico, la Asociaci\u00f3n de Colegios Particulares de Bolivia (Andecop) determin\u00f3 que el aumento en las pensiones escolares oscile entre el 3% y 8%. En tanto, padres de familia expresaron su desacuerdo ante cualquier intento de incremento y exigen al [&hellip;]\" \/>\n<meta property=\"og:url\" content=\"https:\/\/www.eldiario.net\/portal\/2024\/04\/28\/andecop-sube-pensiones-y-padres-de-familia-rechazan-la-medida\/\" \/>\n<meta property=\"og:site_name\" content=\"El Diario - Bolivia\" \/>\n<meta property=\"article:publisher\" content=\"https:\/\/www.facebook.com\/eldiario.bolivia\/\" \/>\n<meta property=\"article:published_time\" content=\"2024-04-28T10:43:40+00:00\" \/>\n<meta property=\"og:image\" content=\"https:\/\/www.eldiario.net\/portal\/wp-content\/uploads\/2024\/04\/F-1-pensiones.jpg\" \/>\n\t<meta property=\"og:image:width\" content=\"1200\" \/>\n\t<meta property=\"og:image:height\" content=\"650\" \/>\n\t<meta property=\"og:image:type\" content=\"image\/jpeg\" \/>\n<meta name=\"author\" content=\"Jeanette\" \/>\n<meta name=\"twitter:card\" content=\"summary_large_image\" \/>\n<meta name=\"twitter:creator\" content=\"@eldiario_net\" \/>\n<meta name=\"twitter:site\" content=\"@eldiario_net\" \/>\n<meta name=\"twitter:label1\" content=\"Escrito por\" \/>\n\t<meta name=\"twitter:data1\" content=\"Jeanette\" \/>\n\t<meta name=\"twitter:label2\" content=\"Tiempo de lectura\" \/>\n\t<meta name=\"twitter:data2\" content=\"3 minutos\" \/>\n<script type=\"application\/ld+json\" class=\"yoast-schema-graph\">{\"@context\":\"https:\\\/\\\/schema.org\",\"@graph\":[{\"@type\":\"Article\",\"@id\":\"https:\\\/\\\/www.eldiario.net\\\/portal\\\/2024\\\/04\\\/28\\\/andecop-sube-pensiones-y-padres-de-familia-rechazan-la-medida\\\/#article\",\"isPartOf\":{\"@id\":\"https:\\\/\\\/www.eldiario.net\\\/portal\\\/2024\\\/04\\\/28\\\/andecop-sube-pensiones-y-padres-de-familia-rechazan-la-medida\\\/\"},\"author\":{\"name\":\"Jeanette\",\"@id\":\"https:\\\/\\\/www.eldiario.net\\\/portal\\\/#\\\/schema\\\/person\\\/f46445640444750d7d753ccd04ae01b7\"},\"headline\":\"Andecop sube pensiones y padres de familia rechazan la medida\",\"datePublished\":\"2024-04-28T10:43:40+00:00\",\"mainEntityOfPage\":{\"@id\":\"https:\\\/\\\/www.eldiario.net\\\/portal\\\/2024\\\/04\\\/28\\\/andecop-sube-pensiones-y-padres-de-familia-rechazan-la-medida\\\/\"},\"wordCount\":641,\"commentCount\":0,\"publisher\":{\"@id\":\"https:\\\/\\\/www.eldiario.net\\\/portal\\\/#organization\"},\"image\":{\"@id\":\"https:\\\/\\\/www.eldiario.net\\\/portal\\\/2024\\\/04\\\/28\\\/andecop-sube-pensiones-y-padres-de-familia-rechazan-la-medida\\\/#primaryimage\"},\"thumbnailUrl\":\"https:\\\/\\\/www.eldiario.net\\\/portal\\\/wp-content\\\/uploads\\\/2024\\\/04\\\/F-1-pensiones.jpg\",\"articleSection\":[\"Nacional\"],\"inLanguage\":\"es\",\"potentialAction\":[{\"@type\":\"CommentAction\",\"name\":\"Comment\",\"target\":[\"https:\\\/\\\/www.eldiario.net\\\/portal\\\/2024\\\/04\\\/28\\\/andecop-sube-pensiones-y-padres-de-familia-rechazan-la-medida\\\/#respond\"]}]},{\"@type\":\"WebPage\",\"@id\":\"https:\\\/\\\/www.eldiario.net\\\/portal\\\/2024\\\/04\\\/28\\\/andecop-sube-pensiones-y-padres-de-familia-rechazan-la-medida\\\/\",\"url\":\"https:\\\/\\\/www.eldiario.net\\\/portal\\\/2024\\\/04\\\/28\\\/andecop-sube-pensiones-y-padres-de-familia-rechazan-la-medida\\\/\",\"name\":\"Andecop sube pensiones y padres de familia rechazan la medida - El Diario - Bolivia\",\"isPartOf\":{\"@id\":\"https:\\\/\\\/www.eldiario.net\\\/portal\\\/#website\"},\"primaryImageOfPage\":{\"@id\":\"https:\\\/\\\/www.eldiario.net\\\/portal\\\/2024\\\/04\\\/28\\\/andecop-sube-pensiones-y-padres-de-familia-rechazan-la-medida\\\/#primaryimage\"},\"image\":{\"@id\":\"https:\\\/\\\/www.eldiario.net\\\/portal\\\/2024\\\/04\\\/28\\\/andecop-sube-pensiones-y-padres-de-familia-rechazan-la-medida\\\/#primaryimage\"},\"thumbnailUrl\":\"https:\\\/\\\/www.eldiario.net\\\/portal\\\/wp-content\\\/uploads\\\/2024\\\/04\\\/F-1-pensiones.jpg\",\"datePublished\":\"2024-04-28T10:43:40+00:00\",\"breadcrumb\":{\"@id\":\"https:\\\/\\\/www.eldiario.net\\\/portal\\\/2024\\\/04\\\/28\\\/andecop-sube-pensiones-y-padres-de-familia-rechazan-la-medida\\\/#breadcrumb\"},\"inLanguage\":\"es\",\"potentialAction\":[{\"@type\":\"ReadAction\",\"target\":[\"https:\\\/\\\/www.eldiario.net\\\/portal\\\/2024\\\/04\\\/28\\\/andecop-sube-pensiones-y-padres-de-familia-rechazan-la-medida\\\/\"]}]},{\"@type\":\"ImageObject\",\"inLanguage\":\"es\",\"@id\":\"https:\\\/\\\/www.eldiario.net\\\/portal\\\/2024\\\/04\\\/28\\\/andecop-sube-pensiones-y-padres-de-familia-rechazan-la-medida\\\/#primaryimage\",\"url\":\"https:\\\/\\\/www.eldiario.net\\\/portal\\\/wp-content\\\/uploads\\\/2024\\\/04\\\/F-1-pensiones.jpg\",\"contentUrl\":\"https:\\\/\\\/www.eldiario.net\\\/portal\\\/wp-content\\\/uploads\\\/2024\\\/04\\\/F-1-pensiones.jpg\",\"width\":1200,\"height\":650,\"caption\":\"El porcentaje de incremento en las pensiones escolares a\u00fan no est\u00e1 establecido.\"},{\"@type\":\"BreadcrumbList\",\"@id\":\"https:\\\/\\\/www.eldiario.net\\\/portal\\\/2024\\\/04\\\/28\\\/andecop-sube-pensiones-y-padres-de-familia-rechazan-la-medida\\\/#breadcrumb\",\"itemListElement\":[{\"@type\":\"ListItem\",\"position\":1,\"name\":\"Portada\",\"item\":\"https:\\\/\\\/www.eldiario.net\\\/portal\\\/\"},{\"@type\":\"ListItem\",\"position\":2,\"name\":\"Andecop sube pensiones y padres de familia rechazan la medida\"}]},{\"@type\":\"WebSite\",\"@id\":\"https:\\\/\\\/www.eldiario.net\\\/portal\\\/#website\",\"url\":\"https:\\\/\\\/www.eldiario.net\\\/portal\\\/\",\"name\":\"El Diario - Decano de la prensa nacional\",\"description\":\"El Diario - Decano de la prensa nacional\",\"publisher\":{\"@id\":\"https:\\\/\\\/www.eldiario.net\\\/portal\\\/#organization\"},\"potentialAction\":[{\"@type\":\"SearchAction\",\"target\":{\"@type\":\"EntryPoint\",\"urlTemplate\":\"https:\\\/\\\/www.eldiario.net\\\/portal\\\/?s={search_term_string}\"},\"query-input\":{\"@type\":\"PropertyValueSpecification\",\"valueRequired\":true,\"valueName\":\"search_term_string\"}}],\"inLanguage\":\"es\"},{\"@type\":\"Organization\",\"@id\":\"https:\\\/\\\/www.eldiario.net\\\/portal\\\/#organization\",\"name\":\"El Diario - Decano de la prensa nacional\",\"url\":\"https:\\\/\\\/www.eldiario.net\\\/portal\\\/\",\"logo\":{\"@type\":\"ImageObject\",\"inLanguage\":\"es\",\"@id\":\"https:\\\/\\\/www.eldiario.net\\\/portal\\\/#\\\/schema\\\/logo\\\/image\\\/\",\"url\":\"https:\\\/\\\/www.eldiario.net\\\/portal\\\/wp-content\\\/uploads\\\/2023\\\/07\\\/logo_ED.jpg\",\"contentUrl\":\"https:\\\/\\\/www.eldiario.net\\\/portal\\\/wp-content\\\/uploads\\\/2023\\\/07\\\/logo_ED.jpg\",\"width\":272,\"height\":52,\"caption\":\"El Diario - Decano de la prensa nacional\"},\"image\":{\"@id\":\"https:\\\/\\\/www.eldiario.net\\\/portal\\\/#\\\/schema\\\/logo\\\/image\\\/\"},\"sameAs\":[\"https:\\\/\\\/www.facebook.com\\\/eldiario.bolivia\\\/\",\"https:\\\/\\\/x.com\\\/eldiario_net\"]},{\"@type\":\"Person\",\"@id\":\"https:\\\/\\\/www.eldiario.net\\\/portal\\\/#\\\/schema\\\/person\\\/f46445640444750d7d753ccd04ae01b7\",\"name\":\"Jeanette\",\"image\":{\"@type\":\"ImageObject\",\"inLanguage\":\"es\",\"@id\":\"https:\\\/\\\/secure.gravatar.com\\\/avatar\\\/3ea2118a5f7dad2b7138b1187a6b7ee55f160b9968b66013c3a3ef39dd7e5798?s=96&d=mm&r=g\",\"url\":\"https:\\\/\\\/secure.gravatar.com\\\/avatar\\\/3ea2118a5f7dad2b7138b1187a6b7ee55f160b9968b66013c3a3ef39dd7e5798?s=96&d=mm&r=g\",\"contentUrl\":\"https:\\\/\\\/secure.gravatar.com\\\/avatar\\\/3ea2118a5f7dad2b7138b1187a6b7ee55f160b9968b66013c3a3ef39dd7e5798?s=96&d=mm&r=g\",\"caption\":\"Jeanette\"},\"sameAs\":[\"https:\\\/\\\/www.eldiario.net\\\/portal\"],\"url\":\"https:\\\/\\\/www.eldiario.net\\\/portal\\\/author\\\/jeanette\\\/\"}]}<\/script>\n<!-- \/ Yoast SEO plugin. -->","yoast_head_json":{"title":"Andecop sube pensiones y padres de familia rechazan la medida - El Diario - Bolivia","robots":{"index":"index","follow":"follow","max-snippet":"max-snippet:-1","max-image-preview":"max-image-preview:large","max-video-preview":"max-video-preview:-1"},"canonical":"https:\/\/www.eldiario.net\/portal\/2024\/04\/28\/andecop-sube-pensiones-y-padres-de-familia-rechazan-la-medida\/","og_locale":"es_ES","og_type":"article","og_title":"Andecop sube pensiones y padres de familia rechazan la medida - El Diario - Bolivia","og_description":"Debido a que el Gobierno anunci\u00f3 el incremento salarial del 5.85% al m\u00ednimo y 3% al b\u00e1sico, la Asociaci\u00f3n de Colegios Particulares de Bolivia (Andecop) determin\u00f3 que el aumento en las pensiones escolares oscile entre el 3% y 8%. En tanto, padres de familia expresaron su desacuerdo ante cualquier intento de incremento y exigen al [&hellip;]","og_url":"https:\/\/www.eldiario.net\/portal\/2024\/04\/28\/andecop-sube-pensiones-y-padres-de-familia-rechazan-la-medida\/","og_site_name":"El Diario - Bolivia","article_publisher":"https:\/\/www.facebook.com\/eldiario.bolivia\/","article_published_time":"2024-04-28T10:43:40+00:00","og_image":[{"width":1200,"height":650,"url":"https:\/\/www.eldiario.net\/portal\/wp-content\/uploads\/2024\/04\/F-1-pensiones.jpg","type":"image\/jpeg"}],"author":"Jeanette","twitter_card":"summary_large_image","twitter_creator":"@eldiario_net","twitter_site":"@eldiario_net","twitter_misc":{"Escrito por":"Jeanette","Tiempo de lectura":"3 minutos"},"schema":{"@context":"https:\/\/schema.org","@graph":[{"@type":"Article","@id":"https:\/\/www.eldiario.net\/portal\/2024\/04\/28\/andecop-sube-pensiones-y-padres-de-familia-rechazan-la-medida\/#article","isPartOf":{"@id":"https:\/\/www.eldiario.net\/portal\/2024\/04\/28\/andecop-sube-pensiones-y-padres-de-familia-rechazan-la-medida\/"},"author":{"name":"Jeanette","@id":"https:\/\/www.eldiario.net\/portal\/#\/schema\/person\/f46445640444750d7d753ccd04ae01b7"},"headline":"Andecop sube pensiones y padres de familia rechazan la medida","datePublished":"2024-04-28T10:43:40+00:00","mainEntityOfPage":{"@id":"https:\/\/www.eldiario.net\/portal\/2024\/04\/28\/andecop-sube-pensiones-y-padres-de-familia-rechazan-la-medida\/"},"wordCount":641,"commentCount":0,"publisher":{"@id":"https:\/\/www.eldiario.net\/portal\/#organization"},"image":{"@id":"https:\/\/www.eldiario.net\/portal\/2024\/04\/28\/andecop-sube-pensiones-y-padres-de-familia-rechazan-la-medida\/#primaryimage"},"thumbnailUrl":"https:\/\/www.eldiario.net\/portal\/wp-content\/uploads\/2024\/04\/F-1-pensiones.jpg","articleSection":["Nacional"],"inLanguage":"es","potentialAction":[{"@type":"CommentAction","name":"Comment","target":["https:\/\/www.eldiario.net\/portal\/2024\/04\/28\/andecop-sube-pensiones-y-padres-de-familia-rechazan-la-medida\/#respond"]}]},{"@type":"WebPage","@id":"https:\/\/www.eldiario.net\/portal\/2024\/04\/28\/andecop-sube-pensiones-y-padres-de-familia-rechazan-la-medida\/","url":"https:\/\/www.eldiario.net\/portal\/2024\/04\/28\/andecop-sube-pensiones-y-padres-de-familia-rechazan-la-medida\/","name":"Andecop sube pensiones y padres de familia rechazan la medida - El Diario - Bolivia","isPartOf":{"@id":"https:\/\/www.eldiario.net\/portal\/#website"},"primaryImageOfPage":{"@id":"https:\/\/www.eldiario.net\/portal\/2024\/04\/28\/andecop-sube-pensiones-y-padres-de-familia-rechazan-la-medida\/#primaryimage"},"image":{"@id":"https:\/\/www.eldiario.net\/portal\/2024\/04\/28\/andecop-sube-pensiones-y-padres-de-familia-rechazan-la-medida\/#primaryimage"},"thumbnailUrl":"https:\/\/www.eldiario.net\/portal\/wp-content\/uploads\/2024\/04\/F-1-pensiones.jpg","datePublished":"2024-04-28T10:43:40+00:00","breadcrumb":{"@id":"https:\/\/www.eldiario.net\/portal\/2024\/04\/28\/andecop-sube-pensiones-y-padres-de-familia-rechazan-la-medida\/#breadcrumb"},"inLanguage":"es","potentialAction":[{"@type":"ReadAction","target":["https:\/\/www.eldiario.net\/portal\/2024\/04\/28\/andecop-sube-pensiones-y-padres-de-familia-rechazan-la-medida\/"]}]},{"@type":"ImageObject","inLanguage":"es","@id":"https:\/\/www.eldiario.net\/portal\/2024\/04\/28\/andecop-sube-pensiones-y-padres-de-familia-rechazan-la-medida\/#primaryimage","url":"https:\/\/www.eldiario.net\/portal\/wp-content\/uploads\/2024\/04\/F-1-pensiones.jpg","contentUrl":"https:\/\/www.eldiario.net\/portal\/wp-content\/uploads\/2024\/04\/F-1-pensiones.jpg","width":1200,"height":650,"caption":"El porcentaje de incremento en las pensiones escolares a\u00fan no est\u00e1 establecido."},{"@type":"BreadcrumbList","@id":"https:\/\/www.eldiario.net\/portal\/2024\/04\/28\/andecop-sube-pensiones-y-padres-de-familia-rechazan-la-medida\/#breadcrumb","itemListElement":[{"@type":"ListItem","position":1,"name":"Portada","item":"https:\/\/www.eldiario.net\/portal\/"},{"@type":"ListItem","position":2,"name":"Andecop sube pensiones y padres de familia rechazan la medida"}]},{"@type":"WebSite","@id":"https:\/\/www.eldiario.net\/portal\/#website","url":"https:\/\/www.eldiario.net\/portal\/","name":"El Diario - Decano de la prensa nacional","description":"El Diario - Decano de la prensa nacional","publisher":{"@id":"https:\/\/www.eldiario.net\/portal\/#organization"},"potentialAction":[{"@type":"SearchAction","target":{"@type":"EntryPoint","urlTemplate":"https:\/\/www.eldiario.net\/portal\/?s={search_term_string}"},"query-input":{"@type":"PropertyValueSpecification","valueRequired":true,"valueName":"search_term_string"}}],"inLanguage":"es"},{"@type":"Organization","@id":"https:\/\/www.eldiario.net\/portal\/#organization","name":"El Diario - Decano de la prensa nacional","url":"https:\/\/www.eldiario.net\/portal\/","logo":{"@type":"ImageObject","inLanguage":"es","@id":"https:\/\/www.eldiario.net\/portal\/#\/schema\/logo\/image\/","url":"https:\/\/www.eldiario.net\/portal\/wp-content\/uploads\/2023\/07\/logo_ED.jpg","contentUrl":"https:\/\/www.eldiario.net\/portal\/wp-content\/uploads\/2023\/07\/logo_ED.jpg","width":272,"height":52,"caption":"El Diario - Decano de la prensa nacional"},"image":{"@id":"https:\/\/www.eldiario.net\/portal\/#\/schema\/logo\/image\/"},"sameAs":["https:\/\/www.facebook.com\/eldiario.bolivia\/","https:\/\/x.com\/eldiario_net"]},{"@type":"Person","@id":"https:\/\/www.eldiario.net\/portal\/#\/schema\/person\/f46445640444750d7d753ccd04ae01b7","name":"Jeanette","image":{"@type":"ImageObject","inLanguage":"es","@id":"https:\/\/secure.gravatar.com\/avatar\/3ea2118a5f7dad2b7138b1187a6b7ee55f160b9968b66013c3a3ef39dd7e5798?s=96&d=mm&r=g","url":"https:\/\/secure.gravatar.com\/avatar\/3ea2118a5f7dad2b7138b1187a6b7ee55f160b9968b66013c3a3ef39dd7e5798?s=96&d=mm&r=g","contentUrl":"https:\/\/secure.gravatar.com\/avatar\/3ea2118a5f7dad2b7138b1187a6b7ee55f160b9968b66013c3a3ef39dd7e5798?s=96&d=mm&r=g","caption":"Jeanette"},"sameAs":["https:\/\/www.eldiario.net\/portal"],"url":"https:\/\/www.eldiario.net\/portal\/author\/jeanette\/"}]}},"_links":{"self":[{"href":"https:\/\/www.eldiario.net\/portal\/wp-json\/wp\/v2\/posts\/217117","targetHints":{"allow":["GET"]}}],"collection":[{"href":"https:\/\/www.eldiario.net\/portal\/wp-json\/wp\/v2\/posts"}],"about":[{"href":"https:\/\/www.eldiario.net\/portal\/wp-json\/wp\/v2\/types\/post"}],"author":[{"embeddable":true,"href":"https:\/\/www.eldiario.net\/portal\/wp-json\/wp\/v2\/users\/1"}],"replies":[{"embeddable":true,"href":"https:\/\/www.eldiario.net\/portal\/wp-json\/wp\/v2\/comments?post=217117"}],"version-history":[{"count":1,"href":"https:\/\/www.eldiario.net\/portal\/wp-json\/wp\/v2\/posts\/217117\/revisions"}],"predecessor-version":[{"id":217119,"href":"https:\/\/www.eldiario.net\/portal\/wp-json\/wp\/v2\/posts\/217117\/revisions\/217119"}],"wp:featuredmedia":[{"embeddable":true,"href":"https:\/\/www.eldiario.net\/portal\/wp-json\/wp\/v2\/media\/217118"}],"wp:attachment":[{"href":"https:\/\/www.eldiario.net\/portal\/wp-json\/wp\/v2\/media?parent=217117"}],"wp:term":[{"taxonomy":"category","embeddable":true,"href":"https:\/\/www.eldiario.net\/portal\/wp-json\/wp\/v2\/categories?post=217117"},{"taxonomy":"post_tag","embeddable":true,"href":"https:\/\/www.eldiario.net\/portal\/wp-json\/wp\/v2\/tags?post=217117"}],"curies":[{"name":"wp","href":"https:\/\/api.w.org\/{rel}","templated":true}]}}