{"id":217108,"date":"2024-04-28T06:41:38","date_gmt":"2024-04-28T10:41:38","guid":{"rendered":"https:\/\/www.eldiario.net\/portal\/?p=217108"},"modified":"2024-04-28T06:41:38","modified_gmt":"2024-04-28T10:41:38","slug":"cidh-da-plazo-de-tres-meses-al-gobierno-en-caso-terrorismo","status":"publish","type":"post","link":"https:\/\/www.eldiario.net\/portal\/2024\/04\/28\/cidh-da-plazo-de-tres-meses-al-gobierno-en-caso-terrorismo\/","title":{"rendered":"CIDH da plazo de tres meses al Gobierno en caso terrorismo"},"content":{"rendered":"<p>La Comisi\u00f3n Interamericana de Derechos Humanos (CIDH) extendi\u00f3 el plazo hasta el 26 de julio de 2024 para que Bolivia llegue a un acuerdo con los afectados por el caso del Hotel Las Am\u00e9ricas e implemente sus recomendaciones; aunque el Gobierno alega compromiso en cumplir con las indemnizaciones, la Procuradur\u00eda reconoci\u00f3 que solicitan asesoramiento para lograr \u201cmontos razonables\u201d.<br \/>\nDe acuerdo con un comunicado de la Procuradur\u00eda General del Estado (PGE), el plazo para alcanzar un acuerdo sobre reparaciones econ\u00f3micas a las v\u00edctimas de violaciones de derechos humanos en el caso \u201cterrorismo\u201d fue prorrogado para dentro de tres meses, toda vez que el caso permanece a\u00fan en \u201cfase no contenciosa\u201d.<br \/>\nAunque el Gobierno boliviano reiter\u00f3 su compromiso de adherirse a las recomendaciones de la CIDH con \u201ctransparencia y racionalidad\u201d, el procurador general del Estado, Cesar Siles, reconoci\u00f3 el pasado viernes que el Estado boliviano solicita asesoramiento a la Comisi\u00f3n para realizar una oferta razonable de resarcimiento econ\u00f3mico a las familias de los fallecidos.<br \/>\nPor ejemplo, Siles inform\u00f3 que la madre del irland\u00e9s, Michael Dwyer, uno de los ejecutados en el Hotel Las Am\u00e9ricas, exige un resarcimiento de 3.137.942 euros. Este monto, seg\u00fan Siles, es \u201cexageradamente excesivo\u201d, considerando otros casos y la jurisprudencia.<br \/>\nAsimismo, el procurador manifest\u00f3 que se elev\u00f3 una solicitud para establecer el monto definitivo. \u201cEn el informe de fondo no se establecen montos, la recomendaci\u00f3n solamente dice una indemnizaci\u00f3n razonable\u201d.<br \/>\nEn el caso de Mario Tadic, uno de los sobrevivientes del asalto al Hotel Las Am\u00e9ricas y quien denunci\u00f3 torturas, el monto de resarcimiento solicitado asciende a 752.690 euros, el cual \u201cno es razonable\u201d, seg\u00fan agreg\u00f3 Siles.<br \/>\nInform\u00f3 tambi\u00e9n que, en caso de cancelar tal resarcimiento, la PGE impulsar\u00e1 cobrar el monto a los responsables de las violaciones a los derechos humanos, para lo cual pidi\u00f3 a la Asamblea Legislativa Plurinacional (ALP) la aprobaci\u00f3n de la Ley de Repetici\u00f3n que ha presentado.<\/p>\n<p>FALTA DE SERIEDAD<br \/>\nPor su parte, el abogado de algunas de las v\u00edctimas, Gary Prado, sostuvo que el Gobierno no logr\u00f3 llegar a acuerdos con los demandantes ni otorgar el tratamiento m\u00e9dico de algunos de los afectados. Agreg\u00f3 que tampoco mostr\u00f3 \u201cseriedad\u201d en iniciar procesos judiciales contra los responsables de las violaciones a derechos humanos.<br \/>\n\u201cHasta el momento no se logr\u00f3 absolutamente nada al respecto, ni se hizo resarcimientos materiales, ni se otorg\u00f3 tratamiento m\u00e9dico que Juan Carlos Guedes y Alcides Mendoza as\u00ed lo necesitan\u201d, se\u00f1al\u00f3.<br \/>\nEn tal sentido, Prado anunci\u00f3 que, con el caso en instancias de la Corte IDH, el Estado no podr\u00e1 \u201czafarse\u201d del proceso y tendr\u00e1 que indemnizar a las v\u00edctimas sin discusi\u00f3n, pues se establecer\u00e1n cifras \u201cinapelables\u201d.<br \/>\n\u201cEl Estado va a tener que defenderse de esta acusaci\u00f3n que le har\u00e1 la Comisi\u00f3n Interamericana por violentar derechos humanos de estas personas. No hay posibilidad de zafarse y obviamente (en) lo que se refiere a la reparaci\u00f3n material. La Corte va a fijar montos y esas (cifras) son inapelables, ya no se pueden discutir\u201d, expres\u00f3.<\/p>\n","protected":false},"excerpt":{"rendered":"<p>La Comisi\u00f3n Interamericana de Derechos Humanos (CIDH) extendi\u00f3 el plazo hasta el 26 de julio de 2024 para que Bolivia llegue a un acuerdo con los afectados por el caso del Hotel Las Am\u00e9ricas e implemente sus recomendaciones; aunque el Gobierno alega compromiso en cumplir con las indemnizaciones, la Procuradur\u00eda reconoci\u00f3 que solicitan asesoramiento para [&hellip;]<\/p>\n","protected":false},"author":1,"featured_media":217109,"comment_status":"open","ping_status":"open","sticky":false,"template":"","format":"standard","meta":{"_acf_changed":false,"footnotes":""},"categories":[39],"tags":[],"class_list":["post-217108","post","type-post","status-publish","format-standard","has-post-thumbnail","category-sociedad"],"acf":{"antetitulo":"Para cumplir recomendaciones"},"yoast_head":"<!-- This site is optimized with the Yoast SEO plugin v28.4 - https:\/\/yoast.com\/product\/yoast-seo-wordpress\/ -->\n<title>CIDH da plazo de tres meses al Gobierno en caso terrorismo - El Diario - Bolivia<\/title>\n<meta name=\"robots\" content=\"index, follow, max-snippet:-1, max-image-preview:large, max-video-preview:-1\" \/>\n<link rel=\"canonical\" href=\"https:\/\/www.eldiario.net\/portal\/2024\/04\/28\/cidh-da-plazo-de-tres-meses-al-gobierno-en-caso-terrorismo\/\" \/>\n<meta property=\"og:locale\" content=\"es_ES\" \/>\n<meta property=\"og:type\" content=\"article\" \/>\n<meta property=\"og:title\" content=\"CIDH da plazo de tres meses al Gobierno en caso terrorismo - El Diario - Bolivia\" \/>\n<meta property=\"og:description\" content=\"La Comisi\u00f3n Interamericana de Derechos Humanos (CIDH) extendi\u00f3 el plazo hasta el 26 de julio de 2024 para que Bolivia llegue a un acuerdo con los afectados por el caso del Hotel Las Am\u00e9ricas e implemente sus recomendaciones; aunque el Gobierno alega compromiso en cumplir con las indemnizaciones, la Procuradur\u00eda reconoci\u00f3 que solicitan asesoramiento para [&hellip;]\" \/>\n<meta property=\"og:url\" content=\"https:\/\/www.eldiario.net\/portal\/2024\/04\/28\/cidh-da-plazo-de-tres-meses-al-gobierno-en-caso-terrorismo\/\" \/>\n<meta property=\"og:site_name\" content=\"El Diario - Bolivia\" \/>\n<meta property=\"article:publisher\" content=\"https:\/\/www.facebook.com\/eldiario.bolivia\/\" \/>\n<meta property=\"article:published_time\" content=\"2024-04-28T10:41:38+00:00\" \/>\n<meta property=\"og:image\" content=\"https:\/\/www.eldiario.net\/portal\/wp-content\/uploads\/2024\/04\/28-TERR.jpeg\" \/>\n\t<meta property=\"og:image:width\" content=\"720\" \/>\n\t<meta property=\"og:image:height\" content=\"399\" \/>\n\t<meta property=\"og:image:type\" content=\"image\/jpeg\" \/>\n<meta name=\"author\" content=\"Jeanette\" \/>\n<meta name=\"twitter:card\" content=\"summary_large_image\" \/>\n<meta name=\"twitter:creator\" content=\"@eldiario_net\" \/>\n<meta name=\"twitter:site\" content=\"@eldiario_net\" \/>\n<meta name=\"twitter:label1\" content=\"Escrito por\" \/>\n\t<meta name=\"twitter:data1\" content=\"Jeanette\" \/>\n\t<meta name=\"twitter:label2\" content=\"Tiempo de lectura\" \/>\n\t<meta name=\"twitter:data2\" content=\"3 minutos\" \/>\n<script type=\"application\/ld+json\" class=\"yoast-schema-graph\">{\"@context\":\"https:\\\/\\\/schema.org\",\"@graph\":[{\"@type\":\"Article\",\"@id\":\"https:\\\/\\\/www.eldiario.net\\\/portal\\\/2024\\\/04\\\/28\\\/cidh-da-plazo-de-tres-meses-al-gobierno-en-caso-terrorismo\\\/#article\",\"isPartOf\":{\"@id\":\"https:\\\/\\\/www.eldiario.net\\\/portal\\\/2024\\\/04\\\/28\\\/cidh-da-plazo-de-tres-meses-al-gobierno-en-caso-terrorismo\\\/\"},\"author\":{\"name\":\"Jeanette\",\"@id\":\"https:\\\/\\\/www.eldiario.net\\\/portal\\\/#\\\/schema\\\/person\\\/f46445640444750d7d753ccd04ae01b7\"},\"headline\":\"CIDH da plazo de tres meses al Gobierno en caso terrorismo\",\"datePublished\":\"2024-04-28T10:41:38+00:00\",\"mainEntityOfPage\":{\"@id\":\"https:\\\/\\\/www.eldiario.net\\\/portal\\\/2024\\\/04\\\/28\\\/cidh-da-plazo-de-tres-meses-al-gobierno-en-caso-terrorismo\\\/\"},\"wordCount\":527,\"commentCount\":0,\"publisher\":{\"@id\":\"https:\\\/\\\/www.eldiario.net\\\/portal\\\/#organization\"},\"image\":{\"@id\":\"https:\\\/\\\/www.eldiario.net\\\/portal\\\/2024\\\/04\\\/28\\\/cidh-da-plazo-de-tres-meses-al-gobierno-en-caso-terrorismo\\\/#primaryimage\"},\"thumbnailUrl\":\"https:\\\/\\\/www.eldiario.net\\\/portal\\\/wp-content\\\/uploads\\\/2024\\\/04\\\/28-TERR.jpeg\",\"articleSection\":[\"Sociedad - Seguridad\"],\"inLanguage\":\"es\",\"potentialAction\":[{\"@type\":\"CommentAction\",\"name\":\"Comment\",\"target\":[\"https:\\\/\\\/www.eldiario.net\\\/portal\\\/2024\\\/04\\\/28\\\/cidh-da-plazo-de-tres-meses-al-gobierno-en-caso-terrorismo\\\/#respond\"]}]},{\"@type\":\"WebPage\",\"@id\":\"https:\\\/\\\/www.eldiario.net\\\/portal\\\/2024\\\/04\\\/28\\\/cidh-da-plazo-de-tres-meses-al-gobierno-en-caso-terrorismo\\\/\",\"url\":\"https:\\\/\\\/www.eldiario.net\\\/portal\\\/2024\\\/04\\\/28\\\/cidh-da-plazo-de-tres-meses-al-gobierno-en-caso-terrorismo\\\/\",\"name\":\"CIDH da plazo de tres meses al Gobierno en caso terrorismo - El Diario - Bolivia\",\"isPartOf\":{\"@id\":\"https:\\\/\\\/www.eldiario.net\\\/portal\\\/#website\"},\"primaryImageOfPage\":{\"@id\":\"https:\\\/\\\/www.eldiario.net\\\/portal\\\/2024\\\/04\\\/28\\\/cidh-da-plazo-de-tres-meses-al-gobierno-en-caso-terrorismo\\\/#primaryimage\"},\"image\":{\"@id\":\"https:\\\/\\\/www.eldiario.net\\\/portal\\\/2024\\\/04\\\/28\\\/cidh-da-plazo-de-tres-meses-al-gobierno-en-caso-terrorismo\\\/#primaryimage\"},\"thumbnailUrl\":\"https:\\\/\\\/www.eldiario.net\\\/portal\\\/wp-content\\\/uploads\\\/2024\\\/04\\\/28-TERR.jpeg\",\"datePublished\":\"2024-04-28T10:41:38+00:00\",\"breadcrumb\":{\"@id\":\"https:\\\/\\\/www.eldiario.net\\\/portal\\\/2024\\\/04\\\/28\\\/cidh-da-plazo-de-tres-meses-al-gobierno-en-caso-terrorismo\\\/#breadcrumb\"},\"inLanguage\":\"es\",\"potentialAction\":[{\"@type\":\"ReadAction\",\"target\":[\"https:\\\/\\\/www.eldiario.net\\\/portal\\\/2024\\\/04\\\/28\\\/cidh-da-plazo-de-tres-meses-al-gobierno-en-caso-terrorismo\\\/\"]}]},{\"@type\":\"ImageObject\",\"inLanguage\":\"es\",\"@id\":\"https:\\\/\\\/www.eldiario.net\\\/portal\\\/2024\\\/04\\\/28\\\/cidh-da-plazo-de-tres-meses-al-gobierno-en-caso-terrorismo\\\/#primaryimage\",\"url\":\"https:\\\/\\\/www.eldiario.net\\\/portal\\\/wp-content\\\/uploads\\\/2024\\\/04\\\/28-TERR.jpeg\",\"contentUrl\":\"https:\\\/\\\/www.eldiario.net\\\/portal\\\/wp-content\\\/uploads\\\/2024\\\/04\\\/28-TERR.jpeg\",\"width\":720,\"height\":399,\"caption\":\"El irland\u00e9s, Michael Dwyer, fue uno de los abatidos en el hotel Las Am\u00e9ricas en 2009.\"},{\"@type\":\"BreadcrumbList\",\"@id\":\"https:\\\/\\\/www.eldiario.net\\\/portal\\\/2024\\\/04\\\/28\\\/cidh-da-plazo-de-tres-meses-al-gobierno-en-caso-terrorismo\\\/#breadcrumb\",\"itemListElement\":[{\"@type\":\"ListItem\",\"position\":1,\"name\":\"Portada\",\"item\":\"https:\\\/\\\/www.eldiario.net\\\/portal\\\/\"},{\"@type\":\"ListItem\",\"position\":2,\"name\":\"CIDH da plazo de tres meses al Gobierno en caso terrorismo\"}]},{\"@type\":\"WebSite\",\"@id\":\"https:\\\/\\\/www.eldiario.net\\\/portal\\\/#website\",\"url\":\"https:\\\/\\\/www.eldiario.net\\\/portal\\\/\",\"name\":\"El Diario - Decano de la prensa nacional\",\"description\":\"El Diario - Decano de la prensa nacional\",\"publisher\":{\"@id\":\"https:\\\/\\\/www.eldiario.net\\\/portal\\\/#organization\"},\"potentialAction\":[{\"@type\":\"SearchAction\",\"target\":{\"@type\":\"EntryPoint\",\"urlTemplate\":\"https:\\\/\\\/www.eldiario.net\\\/portal\\\/?s={search_term_string}\"},\"query-input\":{\"@type\":\"PropertyValueSpecification\",\"valueRequired\":true,\"valueName\":\"search_term_string\"}}],\"inLanguage\":\"es\"},{\"@type\":\"Organization\",\"@id\":\"https:\\\/\\\/www.eldiario.net\\\/portal\\\/#organization\",\"name\":\"El Diario - Decano de la prensa nacional\",\"url\":\"https:\\\/\\\/www.eldiario.net\\\/portal\\\/\",\"logo\":{\"@type\":\"ImageObject\",\"inLanguage\":\"es\",\"@id\":\"https:\\\/\\\/www.eldiario.net\\\/portal\\\/#\\\/schema\\\/logo\\\/image\\\/\",\"url\":\"https:\\\/\\\/www.eldiario.net\\\/portal\\\/wp-content\\\/uploads\\\/2023\\\/07\\\/logo_ED.jpg\",\"contentUrl\":\"https:\\\/\\\/www.eldiario.net\\\/portal\\\/wp-content\\\/uploads\\\/2023\\\/07\\\/logo_ED.jpg\",\"width\":272,\"height\":52,\"caption\":\"El Diario - Decano de la prensa nacional\"},\"image\":{\"@id\":\"https:\\\/\\\/www.eldiario.net\\\/portal\\\/#\\\/schema\\\/logo\\\/image\\\/\"},\"sameAs\":[\"https:\\\/\\\/www.facebook.com\\\/eldiario.bolivia\\\/\",\"https:\\\/\\\/x.com\\\/eldiario_net\"]},{\"@type\":\"Person\",\"@id\":\"https:\\\/\\\/www.eldiario.net\\\/portal\\\/#\\\/schema\\\/person\\\/f46445640444750d7d753ccd04ae01b7\",\"name\":\"Jeanette\",\"image\":{\"@type\":\"ImageObject\",\"inLanguage\":\"es\",\"@id\":\"https:\\\/\\\/secure.gravatar.com\\\/avatar\\\/3ea2118a5f7dad2b7138b1187a6b7ee55f160b9968b66013c3a3ef39dd7e5798?s=96&d=mm&r=g\",\"url\":\"https:\\\/\\\/secure.gravatar.com\\\/avatar\\\/3ea2118a5f7dad2b7138b1187a6b7ee55f160b9968b66013c3a3ef39dd7e5798?s=96&d=mm&r=g\",\"contentUrl\":\"https:\\\/\\\/secure.gravatar.com\\\/avatar\\\/3ea2118a5f7dad2b7138b1187a6b7ee55f160b9968b66013c3a3ef39dd7e5798?s=96&d=mm&r=g\",\"caption\":\"Jeanette\"},\"sameAs\":[\"https:\\\/\\\/www.eldiario.net\\\/portal\"],\"url\":\"https:\\\/\\\/www.eldiario.net\\\/portal\\\/author\\\/jeanette\\\/\"}]}<\/script>\n<!-- \/ Yoast SEO plugin. -->","yoast_head_json":{"title":"CIDH da plazo de tres meses al Gobierno en caso terrorismo - El Diario - Bolivia","robots":{"index":"index","follow":"follow","max-snippet":"max-snippet:-1","max-image-preview":"max-image-preview:large","max-video-preview":"max-video-preview:-1"},"canonical":"https:\/\/www.eldiario.net\/portal\/2024\/04\/28\/cidh-da-plazo-de-tres-meses-al-gobierno-en-caso-terrorismo\/","og_locale":"es_ES","og_type":"article","og_title":"CIDH da plazo de tres meses al Gobierno en caso terrorismo - El Diario - Bolivia","og_description":"La Comisi\u00f3n Interamericana de Derechos Humanos (CIDH) extendi\u00f3 el plazo hasta el 26 de julio de 2024 para que Bolivia llegue a un acuerdo con los afectados por el caso del Hotel Las Am\u00e9ricas e implemente sus recomendaciones; aunque el Gobierno alega compromiso en cumplir con las indemnizaciones, la Procuradur\u00eda reconoci\u00f3 que solicitan asesoramiento para [&hellip;]","og_url":"https:\/\/www.eldiario.net\/portal\/2024\/04\/28\/cidh-da-plazo-de-tres-meses-al-gobierno-en-caso-terrorismo\/","og_site_name":"El Diario - Bolivia","article_publisher":"https:\/\/www.facebook.com\/eldiario.bolivia\/","article_published_time":"2024-04-28T10:41:38+00:00","og_image":[{"width":720,"height":399,"url":"https:\/\/www.eldiario.net\/portal\/wp-content\/uploads\/2024\/04\/28-TERR.jpeg","type":"image\/jpeg"}],"author":"Jeanette","twitter_card":"summary_large_image","twitter_creator":"@eldiario_net","twitter_site":"@eldiario_net","twitter_misc":{"Escrito por":"Jeanette","Tiempo de lectura":"3 minutos"},"schema":{"@context":"https:\/\/schema.org","@graph":[{"@type":"Article","@id":"https:\/\/www.eldiario.net\/portal\/2024\/04\/28\/cidh-da-plazo-de-tres-meses-al-gobierno-en-caso-terrorismo\/#article","isPartOf":{"@id":"https:\/\/www.eldiario.net\/portal\/2024\/04\/28\/cidh-da-plazo-de-tres-meses-al-gobierno-en-caso-terrorismo\/"},"author":{"name":"Jeanette","@id":"https:\/\/www.eldiario.net\/portal\/#\/schema\/person\/f46445640444750d7d753ccd04ae01b7"},"headline":"CIDH da plazo de tres meses al Gobierno en caso terrorismo","datePublished":"2024-04-28T10:41:38+00:00","mainEntityOfPage":{"@id":"https:\/\/www.eldiario.net\/portal\/2024\/04\/28\/cidh-da-plazo-de-tres-meses-al-gobierno-en-caso-terrorismo\/"},"wordCount":527,"commentCount":0,"publisher":{"@id":"https:\/\/www.eldiario.net\/portal\/#organization"},"image":{"@id":"https:\/\/www.eldiario.net\/portal\/2024\/04\/28\/cidh-da-plazo-de-tres-meses-al-gobierno-en-caso-terrorismo\/#primaryimage"},"thumbnailUrl":"https:\/\/www.eldiario.net\/portal\/wp-content\/uploads\/2024\/04\/28-TERR.jpeg","articleSection":["Sociedad - Seguridad"],"inLanguage":"es","potentialAction":[{"@type":"CommentAction","name":"Comment","target":["https:\/\/www.eldiario.net\/portal\/2024\/04\/28\/cidh-da-plazo-de-tres-meses-al-gobierno-en-caso-terrorismo\/#respond"]}]},{"@type":"WebPage","@id":"https:\/\/www.eldiario.net\/portal\/2024\/04\/28\/cidh-da-plazo-de-tres-meses-al-gobierno-en-caso-terrorismo\/","url":"https:\/\/www.eldiario.net\/portal\/2024\/04\/28\/cidh-da-plazo-de-tres-meses-al-gobierno-en-caso-terrorismo\/","name":"CIDH da plazo de tres meses al Gobierno en caso terrorismo - El Diario - Bolivia","isPartOf":{"@id":"https:\/\/www.eldiario.net\/portal\/#website"},"primaryImageOfPage":{"@id":"https:\/\/www.eldiario.net\/portal\/2024\/04\/28\/cidh-da-plazo-de-tres-meses-al-gobierno-en-caso-terrorismo\/#primaryimage"},"image":{"@id":"https:\/\/www.eldiario.net\/portal\/2024\/04\/28\/cidh-da-plazo-de-tres-meses-al-gobierno-en-caso-terrorismo\/#primaryimage"},"thumbnailUrl":"https:\/\/www.eldiario.net\/portal\/wp-content\/uploads\/2024\/04\/28-TERR.jpeg","datePublished":"2024-04-28T10:41:38+00:00","breadcrumb":{"@id":"https:\/\/www.eldiario.net\/portal\/2024\/04\/28\/cidh-da-plazo-de-tres-meses-al-gobierno-en-caso-terrorismo\/#breadcrumb"},"inLanguage":"es","potentialAction":[{"@type":"ReadAction","target":["https:\/\/www.eldiario.net\/portal\/2024\/04\/28\/cidh-da-plazo-de-tres-meses-al-gobierno-en-caso-terrorismo\/"]}]},{"@type":"ImageObject","inLanguage":"es","@id":"https:\/\/www.eldiario.net\/portal\/2024\/04\/28\/cidh-da-plazo-de-tres-meses-al-gobierno-en-caso-terrorismo\/#primaryimage","url":"https:\/\/www.eldiario.net\/portal\/wp-content\/uploads\/2024\/04\/28-TERR.jpeg","contentUrl":"https:\/\/www.eldiario.net\/portal\/wp-content\/uploads\/2024\/04\/28-TERR.jpeg","width":720,"height":399,"caption":"El irland\u00e9s, Michael Dwyer, fue uno de los abatidos en el hotel Las Am\u00e9ricas en 2009."},{"@type":"BreadcrumbList","@id":"https:\/\/www.eldiario.net\/portal\/2024\/04\/28\/cidh-da-plazo-de-tres-meses-al-gobierno-en-caso-terrorismo\/#breadcrumb","itemListElement":[{"@type":"ListItem","position":1,"name":"Portada","item":"https:\/\/www.eldiario.net\/portal\/"},{"@type":"ListItem","position":2,"name":"CIDH da plazo de tres meses al Gobierno en caso terrorismo"}]},{"@type":"WebSite","@id":"https:\/\/www.eldiario.net\/portal\/#website","url":"https:\/\/www.eldiario.net\/portal\/","name":"El Diario - Decano de la prensa nacional","description":"El Diario - Decano de la prensa nacional","publisher":{"@id":"https:\/\/www.eldiario.net\/portal\/#organization"},"potentialAction":[{"@type":"SearchAction","target":{"@type":"EntryPoint","urlTemplate":"https:\/\/www.eldiario.net\/portal\/?s={search_term_string}"},"query-input":{"@type":"PropertyValueSpecification","valueRequired":true,"valueName":"search_term_string"}}],"inLanguage":"es"},{"@type":"Organization","@id":"https:\/\/www.eldiario.net\/portal\/#organization","name":"El Diario - Decano de la prensa nacional","url":"https:\/\/www.eldiario.net\/portal\/","logo":{"@type":"ImageObject","inLanguage":"es","@id":"https:\/\/www.eldiario.net\/portal\/#\/schema\/logo\/image\/","url":"https:\/\/www.eldiario.net\/portal\/wp-content\/uploads\/2023\/07\/logo_ED.jpg","contentUrl":"https:\/\/www.eldiario.net\/portal\/wp-content\/uploads\/2023\/07\/logo_ED.jpg","width":272,"height":52,"caption":"El Diario - Decano de la prensa nacional"},"image":{"@id":"https:\/\/www.eldiario.net\/portal\/#\/schema\/logo\/image\/"},"sameAs":["https:\/\/www.facebook.com\/eldiario.bolivia\/","https:\/\/x.com\/eldiario_net"]},{"@type":"Person","@id":"https:\/\/www.eldiario.net\/portal\/#\/schema\/person\/f46445640444750d7d753ccd04ae01b7","name":"Jeanette","image":{"@type":"ImageObject","inLanguage":"es","@id":"https:\/\/secure.gravatar.com\/avatar\/3ea2118a5f7dad2b7138b1187a6b7ee55f160b9968b66013c3a3ef39dd7e5798?s=96&d=mm&r=g","url":"https:\/\/secure.gravatar.com\/avatar\/3ea2118a5f7dad2b7138b1187a6b7ee55f160b9968b66013c3a3ef39dd7e5798?s=96&d=mm&r=g","contentUrl":"https:\/\/secure.gravatar.com\/avatar\/3ea2118a5f7dad2b7138b1187a6b7ee55f160b9968b66013c3a3ef39dd7e5798?s=96&d=mm&r=g","caption":"Jeanette"},"sameAs":["https:\/\/www.eldiario.net\/portal"],"url":"https:\/\/www.eldiario.net\/portal\/author\/jeanette\/"}]}},"_links":{"self":[{"href":"https:\/\/www.eldiario.net\/portal\/wp-json\/wp\/v2\/posts\/217108","targetHints":{"allow":["GET"]}}],"collection":[{"href":"https:\/\/www.eldiario.net\/portal\/wp-json\/wp\/v2\/posts"}],"about":[{"href":"https:\/\/www.eldiario.net\/portal\/wp-json\/wp\/v2\/types\/post"}],"author":[{"embeddable":true,"href":"https:\/\/www.eldiario.net\/portal\/wp-json\/wp\/v2\/users\/1"}],"replies":[{"embeddable":true,"href":"https:\/\/www.eldiario.net\/portal\/wp-json\/wp\/v2\/comments?post=217108"}],"version-history":[{"count":1,"href":"https:\/\/www.eldiario.net\/portal\/wp-json\/wp\/v2\/posts\/217108\/revisions"}],"predecessor-version":[{"id":217110,"href":"https:\/\/www.eldiario.net\/portal\/wp-json\/wp\/v2\/posts\/217108\/revisions\/217110"}],"wp:featuredmedia":[{"embeddable":true,"href":"https:\/\/www.eldiario.net\/portal\/wp-json\/wp\/v2\/media\/217109"}],"wp:attachment":[{"href":"https:\/\/www.eldiario.net\/portal\/wp-json\/wp\/v2\/media?parent=217108"}],"wp:term":[{"taxonomy":"category","embeddable":true,"href":"https:\/\/www.eldiario.net\/portal\/wp-json\/wp\/v2\/categories?post=217108"},{"taxonomy":"post_tag","embeddable":true,"href":"https:\/\/www.eldiario.net\/portal\/wp-json\/wp\/v2\/tags?post=217108"}],"curies":[{"name":"wp","href":"https:\/\/api.w.org\/{rel}","templated":true}]}}