{"id":217087,"date":"2024-04-28T06:32:17","date_gmt":"2024-04-28T10:32:17","guid":{"rendered":"https:\/\/www.eldiario.net\/portal\/?p=217087"},"modified":"2024-04-28T06:32:17","modified_gmt":"2024-04-28T10:32:17","slug":"habilitaran-100-lugares-para-vacunacion-contra-influenza","status":"publish","type":"post","link":"https:\/\/www.eldiario.net\/portal\/2024\/04\/28\/habilitaran-100-lugares-para-vacunacion-contra-influenza\/","title":{"rendered":"Habilitar\u00e1n 100 lugares para vacunaci\u00f3n contra influenza"},"content":{"rendered":"<p class=\"v1MsoNormal\">El municipio de La Paz habilitar\u00e1 100 puntos de vacunaci\u00f3n contra la influenza, que empezar\u00e1 a administrar las dosis desde la pr\u00f3xima semana. Los menores de edad recibir\u00e1n dos dosis contra la enfermedad y existe tolerancia para las clases para ni\u00f1os que presenten signos de enfermedades respiratorias.<\/p>\n<p class=\"v1MsoNormal\">Asimismo, indic\u00f3 que se vacunar\u00e1 en los 67 centros de salud que tiene la Alcald\u00eda, adem\u00e1s de los hospitales La Merced, Los Pinos, La Portada, Cotahuma y La Paz.<\/p>\n<p class=\"v1MsoNormal\">\u00abVamos a contar con m\u00e1s 100 puntos de vacunaci\u00f3n (&#8230;) ya ha empezado la campa\u00f1a contra la influenza. Esta semana se est\u00e1 haciendo la distribuci\u00f3n a los centros de salud y hospitales de segundo nivel. A partir de la pr\u00f3xima semana se va a administrar\u00bb, dijo Pamela Berr\u00edos, seg\u00fan un reporte de la Agencia Municipal de Noticias.<\/p>\n<p class=\"v1MsoNormal\">Seg\u00fan el reporte, las vacunas contra la influenza ser\u00e1n aplicadas en dos fases. La primera ser\u00e1 desde mayo y se aplicar\u00e1 a menores de 11 meses con dos dosis; a ni\u00f1os de 12 a 23 meses, solamente una dosis, y a personas con enfermedades de base, mujeres embarazadas y mayores de 60 a\u00f1os con una dosis tambi\u00e9n.\u00a0La segunda fase se ejecutar\u00e1 en junio y julio para la poblaci\u00f3n de dos a\u00f1os en adelante y para la aquellos que no fueron vacunados.<\/p>\n<p class=\"v1MsoNormal\">El departamento de La Paz tiene registrado 41 casos de influenza, 29 en ni\u00f1os y 12 en adultos, seg\u00fan inform\u00f3 el Servicio Departamental de Salud (Sedes) La Paz.<\/p>\n<p class=\"v1MsoNormal\">Debido a que la poblaci\u00f3n de menores es la m\u00e1s afectada por la influenza, el Ministerio de Educaci\u00f3n instruy\u00f3 este viernes que se aplique tolerancia a estudiantes que tengan s\u00edntomas de influenza u otras enfermedades respiratorias, con el objetivo de evitar mayores contagios.<\/p>\n<p class=\"v1MsoNormal\">\u00abEl Ministerio de Educaci\u00f3n ha emitido un instructivo a los nueve departamentos acerca de los casos de influenza que puedan existir, para que (las direcciones departamentales de Educaci\u00f3n) puedan tomar decisiones oportunas considerando la tolerancia a los estudiantes, siempre para evitar la proliferaci\u00f3n de los contagios\u00bb, indic\u00f3 el ministro de Educaci\u00f3n, Omar Veliz, en conferencia de prensa. (Br\u00fajula Digital)<\/p>\n","protected":false},"excerpt":{"rendered":"<p>El municipio de La Paz habilitar\u00e1 100 puntos de vacunaci\u00f3n contra la influenza, que empezar\u00e1 a administrar las dosis desde la pr\u00f3xima semana. Los menores de edad recibir\u00e1n dos dosis contra la enfermedad y existe tolerancia para las clases para ni\u00f1os que presenten signos de enfermedades respiratorias. Asimismo, indic\u00f3 que se vacunar\u00e1 en los 67 [&hellip;]<\/p>\n","protected":false},"author":1,"featured_media":217088,"comment_status":"open","ping_status":"open","sticky":false,"template":"","format":"standard","meta":{"_acf_changed":false,"footnotes":""},"categories":[15],"tags":[],"class_list":["post-217087","post","type-post","status-publish","format-standard","has-post-thumbnail","category-portada"],"acf":{"antetitulo":"En La Paz"},"yoast_head":"<!-- This site is optimized with the Yoast SEO plugin v28.4 - https:\/\/yoast.com\/product\/yoast-seo-wordpress\/ -->\n<title>Habilitar\u00e1n 100 lugares para vacunaci\u00f3n contra influenza - El Diario - Bolivia<\/title>\n<meta name=\"robots\" content=\"index, follow, max-snippet:-1, max-image-preview:large, max-video-preview:-1\" \/>\n<link rel=\"canonical\" href=\"https:\/\/www.eldiario.net\/portal\/2024\/04\/28\/habilitaran-100-lugares-para-vacunacion-contra-influenza\/\" \/>\n<meta property=\"og:locale\" content=\"es_ES\" \/>\n<meta property=\"og:type\" content=\"article\" \/>\n<meta property=\"og:title\" content=\"Habilitar\u00e1n 100 lugares para vacunaci\u00f3n contra influenza - El Diario - Bolivia\" \/>\n<meta property=\"og:description\" content=\"El municipio de La Paz habilitar\u00e1 100 puntos de vacunaci\u00f3n contra la influenza, que empezar\u00e1 a administrar las dosis desde la pr\u00f3xima semana. Los menores de edad recibir\u00e1n dos dosis contra la enfermedad y existe tolerancia para las clases para ni\u00f1os que presenten signos de enfermedades respiratorias. Asimismo, indic\u00f3 que se vacunar\u00e1 en los 67 [&hellip;]\" \/>\n<meta property=\"og:url\" content=\"https:\/\/www.eldiario.net\/portal\/2024\/04\/28\/habilitaran-100-lugares-para-vacunacion-contra-influenza\/\" \/>\n<meta property=\"og:site_name\" content=\"El Diario - Bolivia\" \/>\n<meta property=\"article:publisher\" content=\"https:\/\/www.facebook.com\/eldiario.bolivia\/\" \/>\n<meta property=\"article:published_time\" content=\"2024-04-28T10:32:17+00:00\" \/>\n<meta property=\"og:image\" content=\"https:\/\/www.eldiario.net\/portal\/wp-content\/uploads\/2024\/04\/P-2-10-cm-x-7-8.jpg\" \/>\n\t<meta property=\"og:image:width\" content=\"992\" \/>\n\t<meta property=\"og:image:height\" content=\"558\" \/>\n\t<meta property=\"og:image:type\" content=\"image\/jpeg\" \/>\n<meta name=\"author\" content=\"Jeanette\" \/>\n<meta name=\"twitter:card\" content=\"summary_large_image\" \/>\n<meta name=\"twitter:creator\" content=\"@eldiario_net\" \/>\n<meta name=\"twitter:site\" content=\"@eldiario_net\" \/>\n<meta name=\"twitter:label1\" content=\"Escrito por\" \/>\n\t<meta name=\"twitter:data1\" content=\"Jeanette\" \/>\n\t<meta name=\"twitter:label2\" content=\"Tiempo de lectura\" \/>\n\t<meta name=\"twitter:data2\" content=\"2 minutos\" \/>\n<script type=\"application\/ld+json\" class=\"yoast-schema-graph\">{\"@context\":\"https:\\\/\\\/schema.org\",\"@graph\":[{\"@type\":\"Article\",\"@id\":\"https:\\\/\\\/www.eldiario.net\\\/portal\\\/2024\\\/04\\\/28\\\/habilitaran-100-lugares-para-vacunacion-contra-influenza\\\/#article\",\"isPartOf\":{\"@id\":\"https:\\\/\\\/www.eldiario.net\\\/portal\\\/2024\\\/04\\\/28\\\/habilitaran-100-lugares-para-vacunacion-contra-influenza\\\/\"},\"author\":{\"name\":\"Jeanette\",\"@id\":\"https:\\\/\\\/www.eldiario.net\\\/portal\\\/#\\\/schema\\\/person\\\/f46445640444750d7d753ccd04ae01b7\"},\"headline\":\"Habilitar\u00e1n 100 lugares para vacunaci\u00f3n contra influenza\",\"datePublished\":\"2024-04-28T10:32:17+00:00\",\"mainEntityOfPage\":{\"@id\":\"https:\\\/\\\/www.eldiario.net\\\/portal\\\/2024\\\/04\\\/28\\\/habilitaran-100-lugares-para-vacunacion-contra-influenza\\\/\"},\"wordCount\":373,\"commentCount\":0,\"publisher\":{\"@id\":\"https:\\\/\\\/www.eldiario.net\\\/portal\\\/#organization\"},\"image\":{\"@id\":\"https:\\\/\\\/www.eldiario.net\\\/portal\\\/2024\\\/04\\\/28\\\/habilitaran-100-lugares-para-vacunacion-contra-influenza\\\/#primaryimage\"},\"thumbnailUrl\":\"https:\\\/\\\/www.eldiario.net\\\/portal\\\/wp-content\\\/uploads\\\/2024\\\/04\\\/P-2-10-cm-x-7-8.jpg\",\"articleSection\":[\"Portada\"],\"inLanguage\":\"es\",\"potentialAction\":[{\"@type\":\"CommentAction\",\"name\":\"Comment\",\"target\":[\"https:\\\/\\\/www.eldiario.net\\\/portal\\\/2024\\\/04\\\/28\\\/habilitaran-100-lugares-para-vacunacion-contra-influenza\\\/#respond\"]}]},{\"@type\":\"WebPage\",\"@id\":\"https:\\\/\\\/www.eldiario.net\\\/portal\\\/2024\\\/04\\\/28\\\/habilitaran-100-lugares-para-vacunacion-contra-influenza\\\/\",\"url\":\"https:\\\/\\\/www.eldiario.net\\\/portal\\\/2024\\\/04\\\/28\\\/habilitaran-100-lugares-para-vacunacion-contra-influenza\\\/\",\"name\":\"Habilitar\u00e1n 100 lugares para vacunaci\u00f3n contra influenza - El Diario - Bolivia\",\"isPartOf\":{\"@id\":\"https:\\\/\\\/www.eldiario.net\\\/portal\\\/#website\"},\"primaryImageOfPage\":{\"@id\":\"https:\\\/\\\/www.eldiario.net\\\/portal\\\/2024\\\/04\\\/28\\\/habilitaran-100-lugares-para-vacunacion-contra-influenza\\\/#primaryimage\"},\"image\":{\"@id\":\"https:\\\/\\\/www.eldiario.net\\\/portal\\\/2024\\\/04\\\/28\\\/habilitaran-100-lugares-para-vacunacion-contra-influenza\\\/#primaryimage\"},\"thumbnailUrl\":\"https:\\\/\\\/www.eldiario.net\\\/portal\\\/wp-content\\\/uploads\\\/2024\\\/04\\\/P-2-10-cm-x-7-8.jpg\",\"datePublished\":\"2024-04-28T10:32:17+00:00\",\"breadcrumb\":{\"@id\":\"https:\\\/\\\/www.eldiario.net\\\/portal\\\/2024\\\/04\\\/28\\\/habilitaran-100-lugares-para-vacunacion-contra-influenza\\\/#breadcrumb\"},\"inLanguage\":\"es\",\"potentialAction\":[{\"@type\":\"ReadAction\",\"target\":[\"https:\\\/\\\/www.eldiario.net\\\/portal\\\/2024\\\/04\\\/28\\\/habilitaran-100-lugares-para-vacunacion-contra-influenza\\\/\"]}]},{\"@type\":\"ImageObject\",\"inLanguage\":\"es\",\"@id\":\"https:\\\/\\\/www.eldiario.net\\\/portal\\\/2024\\\/04\\\/28\\\/habilitaran-100-lugares-para-vacunacion-contra-influenza\\\/#primaryimage\",\"url\":\"https:\\\/\\\/www.eldiario.net\\\/portal\\\/wp-content\\\/uploads\\\/2024\\\/04\\\/P-2-10-cm-x-7-8.jpg\",\"contentUrl\":\"https:\\\/\\\/www.eldiario.net\\\/portal\\\/wp-content\\\/uploads\\\/2024\\\/04\\\/P-2-10-cm-x-7-8.jpg\",\"width\":992,\"height\":558,\"caption\":\"Una ni\u00f1a recibe la vacuna contra la influenza. CREDITO: ABI\"},{\"@type\":\"BreadcrumbList\",\"@id\":\"https:\\\/\\\/www.eldiario.net\\\/portal\\\/2024\\\/04\\\/28\\\/habilitaran-100-lugares-para-vacunacion-contra-influenza\\\/#breadcrumb\",\"itemListElement\":[{\"@type\":\"ListItem\",\"position\":1,\"name\":\"Portada\",\"item\":\"https:\\\/\\\/www.eldiario.net\\\/portal\\\/\"},{\"@type\":\"ListItem\",\"position\":2,\"name\":\"Habilitar\u00e1n 100 lugares para vacunaci\u00f3n contra influenza\"}]},{\"@type\":\"WebSite\",\"@id\":\"https:\\\/\\\/www.eldiario.net\\\/portal\\\/#website\",\"url\":\"https:\\\/\\\/www.eldiario.net\\\/portal\\\/\",\"name\":\"El Diario - Decano de la prensa nacional\",\"description\":\"El Diario - Decano de la prensa nacional\",\"publisher\":{\"@id\":\"https:\\\/\\\/www.eldiario.net\\\/portal\\\/#organization\"},\"potentialAction\":[{\"@type\":\"SearchAction\",\"target\":{\"@type\":\"EntryPoint\",\"urlTemplate\":\"https:\\\/\\\/www.eldiario.net\\\/portal\\\/?s={search_term_string}\"},\"query-input\":{\"@type\":\"PropertyValueSpecification\",\"valueRequired\":true,\"valueName\":\"search_term_string\"}}],\"inLanguage\":\"es\"},{\"@type\":\"Organization\",\"@id\":\"https:\\\/\\\/www.eldiario.net\\\/portal\\\/#organization\",\"name\":\"El Diario - Decano de la prensa nacional\",\"url\":\"https:\\\/\\\/www.eldiario.net\\\/portal\\\/\",\"logo\":{\"@type\":\"ImageObject\",\"inLanguage\":\"es\",\"@id\":\"https:\\\/\\\/www.eldiario.net\\\/portal\\\/#\\\/schema\\\/logo\\\/image\\\/\",\"url\":\"https:\\\/\\\/www.eldiario.net\\\/portal\\\/wp-content\\\/uploads\\\/2023\\\/07\\\/logo_ED.jpg\",\"contentUrl\":\"https:\\\/\\\/www.eldiario.net\\\/portal\\\/wp-content\\\/uploads\\\/2023\\\/07\\\/logo_ED.jpg\",\"width\":272,\"height\":52,\"caption\":\"El Diario - Decano de la prensa nacional\"},\"image\":{\"@id\":\"https:\\\/\\\/www.eldiario.net\\\/portal\\\/#\\\/schema\\\/logo\\\/image\\\/\"},\"sameAs\":[\"https:\\\/\\\/www.facebook.com\\\/eldiario.bolivia\\\/\",\"https:\\\/\\\/x.com\\\/eldiario_net\"]},{\"@type\":\"Person\",\"@id\":\"https:\\\/\\\/www.eldiario.net\\\/portal\\\/#\\\/schema\\\/person\\\/f46445640444750d7d753ccd04ae01b7\",\"name\":\"Jeanette\",\"image\":{\"@type\":\"ImageObject\",\"inLanguage\":\"es\",\"@id\":\"https:\\\/\\\/secure.gravatar.com\\\/avatar\\\/3ea2118a5f7dad2b7138b1187a6b7ee55f160b9968b66013c3a3ef39dd7e5798?s=96&d=mm&r=g\",\"url\":\"https:\\\/\\\/secure.gravatar.com\\\/avatar\\\/3ea2118a5f7dad2b7138b1187a6b7ee55f160b9968b66013c3a3ef39dd7e5798?s=96&d=mm&r=g\",\"contentUrl\":\"https:\\\/\\\/secure.gravatar.com\\\/avatar\\\/3ea2118a5f7dad2b7138b1187a6b7ee55f160b9968b66013c3a3ef39dd7e5798?s=96&d=mm&r=g\",\"caption\":\"Jeanette\"},\"sameAs\":[\"https:\\\/\\\/www.eldiario.net\\\/portal\"],\"url\":\"https:\\\/\\\/www.eldiario.net\\\/portal\\\/author\\\/jeanette\\\/\"}]}<\/script>\n<!-- \/ Yoast SEO plugin. -->","yoast_head_json":{"title":"Habilitar\u00e1n 100 lugares para vacunaci\u00f3n contra influenza - El Diario - Bolivia","robots":{"index":"index","follow":"follow","max-snippet":"max-snippet:-1","max-image-preview":"max-image-preview:large","max-video-preview":"max-video-preview:-1"},"canonical":"https:\/\/www.eldiario.net\/portal\/2024\/04\/28\/habilitaran-100-lugares-para-vacunacion-contra-influenza\/","og_locale":"es_ES","og_type":"article","og_title":"Habilitar\u00e1n 100 lugares para vacunaci\u00f3n contra influenza - El Diario - Bolivia","og_description":"El municipio de La Paz habilitar\u00e1 100 puntos de vacunaci\u00f3n contra la influenza, que empezar\u00e1 a administrar las dosis desde la pr\u00f3xima semana. Los menores de edad recibir\u00e1n dos dosis contra la enfermedad y existe tolerancia para las clases para ni\u00f1os que presenten signos de enfermedades respiratorias. Asimismo, indic\u00f3 que se vacunar\u00e1 en los 67 [&hellip;]","og_url":"https:\/\/www.eldiario.net\/portal\/2024\/04\/28\/habilitaran-100-lugares-para-vacunacion-contra-influenza\/","og_site_name":"El Diario - Bolivia","article_publisher":"https:\/\/www.facebook.com\/eldiario.bolivia\/","article_published_time":"2024-04-28T10:32:17+00:00","og_image":[{"width":992,"height":558,"url":"https:\/\/www.eldiario.net\/portal\/wp-content\/uploads\/2024\/04\/P-2-10-cm-x-7-8.jpg","type":"image\/jpeg"}],"author":"Jeanette","twitter_card":"summary_large_image","twitter_creator":"@eldiario_net","twitter_site":"@eldiario_net","twitter_misc":{"Escrito por":"Jeanette","Tiempo de lectura":"2 minutos"},"schema":{"@context":"https:\/\/schema.org","@graph":[{"@type":"Article","@id":"https:\/\/www.eldiario.net\/portal\/2024\/04\/28\/habilitaran-100-lugares-para-vacunacion-contra-influenza\/#article","isPartOf":{"@id":"https:\/\/www.eldiario.net\/portal\/2024\/04\/28\/habilitaran-100-lugares-para-vacunacion-contra-influenza\/"},"author":{"name":"Jeanette","@id":"https:\/\/www.eldiario.net\/portal\/#\/schema\/person\/f46445640444750d7d753ccd04ae01b7"},"headline":"Habilitar\u00e1n 100 lugares para vacunaci\u00f3n contra influenza","datePublished":"2024-04-28T10:32:17+00:00","mainEntityOfPage":{"@id":"https:\/\/www.eldiario.net\/portal\/2024\/04\/28\/habilitaran-100-lugares-para-vacunacion-contra-influenza\/"},"wordCount":373,"commentCount":0,"publisher":{"@id":"https:\/\/www.eldiario.net\/portal\/#organization"},"image":{"@id":"https:\/\/www.eldiario.net\/portal\/2024\/04\/28\/habilitaran-100-lugares-para-vacunacion-contra-influenza\/#primaryimage"},"thumbnailUrl":"https:\/\/www.eldiario.net\/portal\/wp-content\/uploads\/2024\/04\/P-2-10-cm-x-7-8.jpg","articleSection":["Portada"],"inLanguage":"es","potentialAction":[{"@type":"CommentAction","name":"Comment","target":["https:\/\/www.eldiario.net\/portal\/2024\/04\/28\/habilitaran-100-lugares-para-vacunacion-contra-influenza\/#respond"]}]},{"@type":"WebPage","@id":"https:\/\/www.eldiario.net\/portal\/2024\/04\/28\/habilitaran-100-lugares-para-vacunacion-contra-influenza\/","url":"https:\/\/www.eldiario.net\/portal\/2024\/04\/28\/habilitaran-100-lugares-para-vacunacion-contra-influenza\/","name":"Habilitar\u00e1n 100 lugares para vacunaci\u00f3n contra influenza - El Diario - Bolivia","isPartOf":{"@id":"https:\/\/www.eldiario.net\/portal\/#website"},"primaryImageOfPage":{"@id":"https:\/\/www.eldiario.net\/portal\/2024\/04\/28\/habilitaran-100-lugares-para-vacunacion-contra-influenza\/#primaryimage"},"image":{"@id":"https:\/\/www.eldiario.net\/portal\/2024\/04\/28\/habilitaran-100-lugares-para-vacunacion-contra-influenza\/#primaryimage"},"thumbnailUrl":"https:\/\/www.eldiario.net\/portal\/wp-content\/uploads\/2024\/04\/P-2-10-cm-x-7-8.jpg","datePublished":"2024-04-28T10:32:17+00:00","breadcrumb":{"@id":"https:\/\/www.eldiario.net\/portal\/2024\/04\/28\/habilitaran-100-lugares-para-vacunacion-contra-influenza\/#breadcrumb"},"inLanguage":"es","potentialAction":[{"@type":"ReadAction","target":["https:\/\/www.eldiario.net\/portal\/2024\/04\/28\/habilitaran-100-lugares-para-vacunacion-contra-influenza\/"]}]},{"@type":"ImageObject","inLanguage":"es","@id":"https:\/\/www.eldiario.net\/portal\/2024\/04\/28\/habilitaran-100-lugares-para-vacunacion-contra-influenza\/#primaryimage","url":"https:\/\/www.eldiario.net\/portal\/wp-content\/uploads\/2024\/04\/P-2-10-cm-x-7-8.jpg","contentUrl":"https:\/\/www.eldiario.net\/portal\/wp-content\/uploads\/2024\/04\/P-2-10-cm-x-7-8.jpg","width":992,"height":558,"caption":"Una ni\u00f1a recibe la vacuna contra la influenza. CREDITO: ABI"},{"@type":"BreadcrumbList","@id":"https:\/\/www.eldiario.net\/portal\/2024\/04\/28\/habilitaran-100-lugares-para-vacunacion-contra-influenza\/#breadcrumb","itemListElement":[{"@type":"ListItem","position":1,"name":"Portada","item":"https:\/\/www.eldiario.net\/portal\/"},{"@type":"ListItem","position":2,"name":"Habilitar\u00e1n 100 lugares para vacunaci\u00f3n contra influenza"}]},{"@type":"WebSite","@id":"https:\/\/www.eldiario.net\/portal\/#website","url":"https:\/\/www.eldiario.net\/portal\/","name":"El Diario - Decano de la prensa nacional","description":"El Diario - Decano de la prensa nacional","publisher":{"@id":"https:\/\/www.eldiario.net\/portal\/#organization"},"potentialAction":[{"@type":"SearchAction","target":{"@type":"EntryPoint","urlTemplate":"https:\/\/www.eldiario.net\/portal\/?s={search_term_string}"},"query-input":{"@type":"PropertyValueSpecification","valueRequired":true,"valueName":"search_term_string"}}],"inLanguage":"es"},{"@type":"Organization","@id":"https:\/\/www.eldiario.net\/portal\/#organization","name":"El Diario - Decano de la prensa nacional","url":"https:\/\/www.eldiario.net\/portal\/","logo":{"@type":"ImageObject","inLanguage":"es","@id":"https:\/\/www.eldiario.net\/portal\/#\/schema\/logo\/image\/","url":"https:\/\/www.eldiario.net\/portal\/wp-content\/uploads\/2023\/07\/logo_ED.jpg","contentUrl":"https:\/\/www.eldiario.net\/portal\/wp-content\/uploads\/2023\/07\/logo_ED.jpg","width":272,"height":52,"caption":"El Diario - Decano de la prensa nacional"},"image":{"@id":"https:\/\/www.eldiario.net\/portal\/#\/schema\/logo\/image\/"},"sameAs":["https:\/\/www.facebook.com\/eldiario.bolivia\/","https:\/\/x.com\/eldiario_net"]},{"@type":"Person","@id":"https:\/\/www.eldiario.net\/portal\/#\/schema\/person\/f46445640444750d7d753ccd04ae01b7","name":"Jeanette","image":{"@type":"ImageObject","inLanguage":"es","@id":"https:\/\/secure.gravatar.com\/avatar\/3ea2118a5f7dad2b7138b1187a6b7ee55f160b9968b66013c3a3ef39dd7e5798?s=96&d=mm&r=g","url":"https:\/\/secure.gravatar.com\/avatar\/3ea2118a5f7dad2b7138b1187a6b7ee55f160b9968b66013c3a3ef39dd7e5798?s=96&d=mm&r=g","contentUrl":"https:\/\/secure.gravatar.com\/avatar\/3ea2118a5f7dad2b7138b1187a6b7ee55f160b9968b66013c3a3ef39dd7e5798?s=96&d=mm&r=g","caption":"Jeanette"},"sameAs":["https:\/\/www.eldiario.net\/portal"],"url":"https:\/\/www.eldiario.net\/portal\/author\/jeanette\/"}]}},"_links":{"self":[{"href":"https:\/\/www.eldiario.net\/portal\/wp-json\/wp\/v2\/posts\/217087","targetHints":{"allow":["GET"]}}],"collection":[{"href":"https:\/\/www.eldiario.net\/portal\/wp-json\/wp\/v2\/posts"}],"about":[{"href":"https:\/\/www.eldiario.net\/portal\/wp-json\/wp\/v2\/types\/post"}],"author":[{"embeddable":true,"href":"https:\/\/www.eldiario.net\/portal\/wp-json\/wp\/v2\/users\/1"}],"replies":[{"embeddable":true,"href":"https:\/\/www.eldiario.net\/portal\/wp-json\/wp\/v2\/comments?post=217087"}],"version-history":[{"count":1,"href":"https:\/\/www.eldiario.net\/portal\/wp-json\/wp\/v2\/posts\/217087\/revisions"}],"predecessor-version":[{"id":217089,"href":"https:\/\/www.eldiario.net\/portal\/wp-json\/wp\/v2\/posts\/217087\/revisions\/217089"}],"wp:featuredmedia":[{"embeddable":true,"href":"https:\/\/www.eldiario.net\/portal\/wp-json\/wp\/v2\/media\/217088"}],"wp:attachment":[{"href":"https:\/\/www.eldiario.net\/portal\/wp-json\/wp\/v2\/media?parent=217087"}],"wp:term":[{"taxonomy":"category","embeddable":true,"href":"https:\/\/www.eldiario.net\/portal\/wp-json\/wp\/v2\/categories?post=217087"},{"taxonomy":"post_tag","embeddable":true,"href":"https:\/\/www.eldiario.net\/portal\/wp-json\/wp\/v2\/tags?post=217087"}],"curies":[{"name":"wp","href":"https:\/\/api.w.org\/{rel}","templated":true}]}}