{"id":217084,"date":"2024-04-28T06:31:04","date_gmt":"2024-04-28T10:31:04","guid":{"rendered":"https:\/\/www.eldiario.net\/portal\/?p=217084"},"modified":"2024-04-28T06:31:04","modified_gmt":"2024-04-28T10:31:04","slug":"boric-decreta-toque-de-queda-nocturno-en-tres-comunas","status":"publish","type":"post","link":"https:\/\/www.eldiario.net\/portal\/2024\/04\/28\/boric-decreta-toque-de-queda-nocturno-en-tres-comunas\/","title":{"rendered":"Boric decreta toque de queda  nocturno en tres comunas"},"content":{"rendered":"<p class=\"v1MsoNormal\">El presidente de Chile, Gabriel Boric, decret\u00f3 un toque de queda nocturno en tres comunas de la regi\u00f3n del Biob\u00edo, tras el asesinato de tres carabineros. El mandatario chileno remarc\u00f3 que \u00ablos criminales responder\u00e1n ante Chile y la justicia\u00bb.<\/p>\n<p class=\"v1MsoNormal\">En un mensaje en X, antes Twitter, Boric, remarc\u00f3 que tom\u00f3 la decisi\u00f3n \u00abdespu\u00e9s de conversar con el General Director de Carabineros, los Comandantes en Jefe de las Fuerzas Armadas, el Jefe de la Defensa Nacional y el jefe del Estado Mayor Conjunto, habiendo tambi\u00e9n evaluado las diferentes alternativas y atendiendo a las necesidades de la investigaci\u00f3n en curso\u00bb.<\/p>\n<p class=\"v1MsoNormal\">Detall\u00f3 que \u00abhe instruido decretar toque de queda en las comunas de Ca\u00f1ete, Contulmo y Tir\u00faa entre las 00.00 y las 7.00 horas. Adem\u00e1s se reforzar\u00e1 la presencia policial y militar a nuestra m\u00e1xima capacidad mediante patrullajes conjuntos en la zona\u00bb.<\/p>\n<p class=\"v1MsoNormal\">\n<p class=\"v1MsoNormal\">CONMOCI\u00d3N Y DUELO EN CHILE<\/p>\n<p class=\"v1MsoNormal\">Boric, que apenas conoci\u00f3 la noticia reuni\u00f3 a su gabinete de crisis y conden\u00f3 el atentado p\u00fablicamente, se dirigi\u00f3 hacia el lugar, a m\u00e1s de 600 kil\u00f3metros al sur de la capital, acompa\u00f1ado de una delegaci\u00f3n de representantes de los tres poderes del Estado y llam\u00f3 a la unidad pol\u00edtica para enfrentar la situaci\u00f3n.<\/p>\n<p class=\"v1MsoNormal\">\u00abAhora no tienen que haber ni izquierdas ni derechas, ni oficialismo ni oposici\u00f3n. Chile tiene que estar entero, como un solo pu\u00f1o, como una sola fuerza para hacer justicia, que no haya impunidad, desbaratar estas bandas y que paguen por sus cr\u00edmenes, est\u00e9n donde est\u00e9n\u00bb, dijo el mandatario desde el responso f\u00fanebre de los fallecidos y despu\u00e9s de declarar tres d\u00edas de duelo nacional.<\/p>\n<p class=\"v1MsoNormal\">El ataque contra los funcionarios de Control de Orden P\u00fablico (COP) de la comisar\u00eda de Los \u00c1lamos tuvo lugar sobre la 1:30 horas (6.30 GMT), cuando un grupo de hombres armados dispar\u00f3 contra la patrulla policial, antes de prender fuego al veh\u00edculo con ellos adentro. Murieron calcinados un sargento y dos cabos.<\/p>\n<p class=\"v1MsoNormal\">\u00abSe trata de actuar unidos como una sola fuerza para hacer justicia\u00bb, reiter\u00f3 durante la tarde Boric en su cuenta de X.<\/p>\n<p class=\"v1MsoNormal\">\n<p class=\"v1MsoNormal\">\u00abNO ES EL MINUTO DE DEBILITAR A CARABINEROS\u00bb<\/p>\n<p class=\"v1MsoNormal\">El conjunto de fuerzas pol\u00edticas que integran el Parlamento chileno, desde la extrema derecha hasta el Partido Comunista, reaccion\u00f3 y conden\u00f3 el ataque m\u00faltiple, que coincidi\u00f3 con el D\u00eda del Carabinero \u2013el 27 de abril\u2013 a prop\u00f3sito del 97\u00ba aniversario institucional.<\/p>\n<p class=\"v1MsoNormal\">Todos los actos conmemorativos previstos para la jornada fueron suspendidos y, de forma espont\u00e1nea, centenares de personas se manifestaron en el centro de Santiago en apoyo al cuerpo policial.<\/p>\n<p class=\"v1MsoNormal\">En medio de la convulsi\u00f3n, se reabri\u00f3 la pol\u00e9mica sobre si es momento para que el general director de Carabineros, Ricardo Y\u00e1\u00f1ez, abandone su cargo tras la imputaci\u00f3n de la Fiscal\u00eda por un eventual delito de omisi\u00f3n de apremios ileg\u00edtimos con resultado de lesiones graves y homicidio durante las protestas de 2019.<\/p>\n<p class=\"v1MsoNormal\">Aunque esta misma semana el Gobierno, presionado por una parte del oficialismo, hab\u00eda anunciado que el jefe policial dejar\u00eda el cargo antes de su formalizaci\u00f3n (imputaci\u00f3n del juez), prevista para el 7 de mayo, este s\u00e1bado varias autoridades pusieron en duda esta posibilidad.<\/p>\n<p class=\"v1MsoNormal\">En plena respuesta a los graves atentados y ante la insistencia de la oposici\u00f3n para que el director permanezca en el cargo, Boric se\u00f1al\u00f3 que \u00aben esto todos somos necesarios, lo es tambi\u00e9n el General Ya\u00f1ez\u00bb. Antes la ministra del Interior, Carolina Toh\u00e1, hab\u00eda asegurado que ahora \u00abno es el minuto de debilitar a Carabineros\u00bb.<\/p>\n<p class=\"v1MsoNormal\">\n<p class=\"v1MsoNormal\">EXTREMAR LAS MEDIDAS DE SEGURIDAD EN LA ZONA<\/p>\n<p class=\"v1MsoNormal\">Tras el asesinato simult\u00e1neo de los tres funcionarios policiales, in\u00e9dito en el pasado reciente de Chile, varias autoridades pol\u00edticas exigieron al Gobierno extremar las medidas de seguridad en la zona, afectada por un conflicto que involucra pueblos originarios, el Estado y grandes empresarios latifundistas y forestales que explotan tierras y bosques considerados ancestrales por las comunidades ind\u00edgenas.<\/p>\n<p class=\"v1MsoNormal\">La Araucan\u00eda y parte de la regi\u00f3n del Bio B\u00edo, incluido el sector donde se perpetr\u00f3 el ataque, est\u00e1n bajo estado de emergencia desde mayo de 2022, en un intento por controlar los ataques de grupos armados, en su mayor\u00eda sabotajes incendiarios.<\/p>\n<p class=\"v1MsoNormal\">El gobernador del Bio B\u00edo, Rodrigo D\u00edaz, pidi\u00f3 reponer la pena de muerte para quienes asesinen a polic\u00edas, mientras que la derecha tradicional reclam\u00f3 dar urgencia a los proyectos de ley pendientes en materia de seguridad.<\/p>\n<p class=\"v1MsoNormal\">La mayor\u00eda de estas propuestas se levantaron en medio de otra crisis desatada hace justo un a\u00f1o por el asesinato de otros tres agentes ocurridos en pleno desarrollo de sus labores y en menos de 21 d\u00edas.<\/p>\n<p class=\"v1MsoNormal\">Chile atraviesa hace a\u00f1os una crisis de seguridad que se ha convertido hoy en la principal preocupaci\u00f3n de la ciudadan\u00eda y que en la zona centro-sur del pa\u00eds se combina con un escenario de conflicto que lleva d\u00e9cadas sin resolverse. (El Universal\/EFE)<\/p>\n<p class=\"v1MsoNormal\">\n","protected":false},"excerpt":{"rendered":"<p>El presidente de Chile, Gabriel Boric, decret\u00f3 un toque de queda nocturno en tres comunas de la regi\u00f3n del Biob\u00edo, tras el asesinato de tres carabineros. El mandatario chileno remarc\u00f3 que \u00ablos criminales responder\u00e1n ante Chile y la justicia\u00bb. En un mensaje en X, antes Twitter, Boric, remarc\u00f3 que tom\u00f3 la decisi\u00f3n \u00abdespu\u00e9s de conversar [&hellip;]<\/p>\n","protected":false},"author":1,"featured_media":217085,"comment_status":"open","ping_status":"open","sticky":false,"template":"","format":"standard","meta":{"_acf_changed":false,"footnotes":""},"categories":[15],"tags":[],"class_list":["post-217084","post","type-post","status-publish","format-standard","has-post-thumbnail","category-portada"],"acf":{"antetitulo":"Tras asesinato de tres carabineros"},"yoast_head":"<!-- This site is optimized with the Yoast SEO plugin v28.4 - https:\/\/yoast.com\/product\/yoast-seo-wordpress\/ -->\n<title>Boric decreta toque de queda nocturno en tres comunas - El Diario - Bolivia<\/title>\n<meta name=\"robots\" content=\"index, follow, max-snippet:-1, max-image-preview:large, max-video-preview:-1\" \/>\n<link rel=\"canonical\" href=\"https:\/\/www.eldiario.net\/portal\/2024\/04\/28\/boric-decreta-toque-de-queda-nocturno-en-tres-comunas\/\" \/>\n<meta property=\"og:locale\" content=\"es_ES\" \/>\n<meta property=\"og:type\" content=\"article\" \/>\n<meta property=\"og:title\" content=\"Boric decreta toque de queda nocturno en tres comunas - El Diario - Bolivia\" \/>\n<meta property=\"og:description\" content=\"El presidente de Chile, Gabriel Boric, decret\u00f3 un toque de queda nocturno en tres comunas de la regi\u00f3n del Biob\u00edo, tras el asesinato de tres carabineros. El mandatario chileno remarc\u00f3 que \u00ablos criminales responder\u00e1n ante Chile y la justicia\u00bb. En un mensaje en X, antes Twitter, Boric, remarc\u00f3 que tom\u00f3 la decisi\u00f3n \u00abdespu\u00e9s de conversar [&hellip;]\" \/>\n<meta property=\"og:url\" content=\"https:\/\/www.eldiario.net\/portal\/2024\/04\/28\/boric-decreta-toque-de-queda-nocturno-en-tres-comunas\/\" \/>\n<meta property=\"og:site_name\" content=\"El Diario - Bolivia\" \/>\n<meta property=\"article:publisher\" content=\"https:\/\/www.facebook.com\/eldiario.bolivia\/\" \/>\n<meta property=\"article:published_time\" content=\"2024-04-28T10:31:04+00:00\" \/>\n<meta property=\"og:image\" content=\"https:\/\/www.eldiario.net\/portal\/wp-content\/uploads\/2024\/04\/Presidente-Boric-Efe.jpg\" \/>\n\t<meta property=\"og:image:width\" content=\"1100\" \/>\n\t<meta property=\"og:image:height\" content=\"666\" \/>\n\t<meta property=\"og:image:type\" content=\"image\/jpeg\" \/>\n<meta name=\"author\" content=\"Jeanette\" \/>\n<meta name=\"twitter:card\" content=\"summary_large_image\" \/>\n<meta name=\"twitter:creator\" content=\"@eldiario_net\" \/>\n<meta name=\"twitter:site\" content=\"@eldiario_net\" \/>\n<meta name=\"twitter:label1\" content=\"Escrito por\" \/>\n\t<meta name=\"twitter:data1\" content=\"Jeanette\" \/>\n\t<meta name=\"twitter:label2\" content=\"Tiempo de lectura\" \/>\n\t<meta name=\"twitter:data2\" content=\"4 minutos\" \/>\n<script type=\"application\/ld+json\" class=\"yoast-schema-graph\">{\"@context\":\"https:\\\/\\\/schema.org\",\"@graph\":[{\"@type\":\"Article\",\"@id\":\"https:\\\/\\\/www.eldiario.net\\\/portal\\\/2024\\\/04\\\/28\\\/boric-decreta-toque-de-queda-nocturno-en-tres-comunas\\\/#article\",\"isPartOf\":{\"@id\":\"https:\\\/\\\/www.eldiario.net\\\/portal\\\/2024\\\/04\\\/28\\\/boric-decreta-toque-de-queda-nocturno-en-tres-comunas\\\/\"},\"author\":{\"name\":\"Jeanette\",\"@id\":\"https:\\\/\\\/www.eldiario.net\\\/portal\\\/#\\\/schema\\\/person\\\/f46445640444750d7d753ccd04ae01b7\"},\"headline\":\"Boric decreta toque de queda nocturno en tres comunas\",\"datePublished\":\"2024-04-28T10:31:04+00:00\",\"mainEntityOfPage\":{\"@id\":\"https:\\\/\\\/www.eldiario.net\\\/portal\\\/2024\\\/04\\\/28\\\/boric-decreta-toque-de-queda-nocturno-en-tres-comunas\\\/\"},\"wordCount\":857,\"commentCount\":0,\"publisher\":{\"@id\":\"https:\\\/\\\/www.eldiario.net\\\/portal\\\/#organization\"},\"image\":{\"@id\":\"https:\\\/\\\/www.eldiario.net\\\/portal\\\/2024\\\/04\\\/28\\\/boric-decreta-toque-de-queda-nocturno-en-tres-comunas\\\/#primaryimage\"},\"thumbnailUrl\":\"https:\\\/\\\/www.eldiario.net\\\/portal\\\/wp-content\\\/uploads\\\/2024\\\/04\\\/Presidente-Boric-Efe.jpg\",\"articleSection\":[\"Portada\"],\"inLanguage\":\"es\",\"potentialAction\":[{\"@type\":\"CommentAction\",\"name\":\"Comment\",\"target\":[\"https:\\\/\\\/www.eldiario.net\\\/portal\\\/2024\\\/04\\\/28\\\/boric-decreta-toque-de-queda-nocturno-en-tres-comunas\\\/#respond\"]}]},{\"@type\":\"WebPage\",\"@id\":\"https:\\\/\\\/www.eldiario.net\\\/portal\\\/2024\\\/04\\\/28\\\/boric-decreta-toque-de-queda-nocturno-en-tres-comunas\\\/\",\"url\":\"https:\\\/\\\/www.eldiario.net\\\/portal\\\/2024\\\/04\\\/28\\\/boric-decreta-toque-de-queda-nocturno-en-tres-comunas\\\/\",\"name\":\"Boric decreta toque de queda nocturno en tres comunas - El Diario - Bolivia\",\"isPartOf\":{\"@id\":\"https:\\\/\\\/www.eldiario.net\\\/portal\\\/#website\"},\"primaryImageOfPage\":{\"@id\":\"https:\\\/\\\/www.eldiario.net\\\/portal\\\/2024\\\/04\\\/28\\\/boric-decreta-toque-de-queda-nocturno-en-tres-comunas\\\/#primaryimage\"},\"image\":{\"@id\":\"https:\\\/\\\/www.eldiario.net\\\/portal\\\/2024\\\/04\\\/28\\\/boric-decreta-toque-de-queda-nocturno-en-tres-comunas\\\/#primaryimage\"},\"thumbnailUrl\":\"https:\\\/\\\/www.eldiario.net\\\/portal\\\/wp-content\\\/uploads\\\/2024\\\/04\\\/Presidente-Boric-Efe.jpg\",\"datePublished\":\"2024-04-28T10:31:04+00:00\",\"breadcrumb\":{\"@id\":\"https:\\\/\\\/www.eldiario.net\\\/portal\\\/2024\\\/04\\\/28\\\/boric-decreta-toque-de-queda-nocturno-en-tres-comunas\\\/#breadcrumb\"},\"inLanguage\":\"es\",\"potentialAction\":[{\"@type\":\"ReadAction\",\"target\":[\"https:\\\/\\\/www.eldiario.net\\\/portal\\\/2024\\\/04\\\/28\\\/boric-decreta-toque-de-queda-nocturno-en-tres-comunas\\\/\"]}]},{\"@type\":\"ImageObject\",\"inLanguage\":\"es\",\"@id\":\"https:\\\/\\\/www.eldiario.net\\\/portal\\\/2024\\\/04\\\/28\\\/boric-decreta-toque-de-queda-nocturno-en-tres-comunas\\\/#primaryimage\",\"url\":\"https:\\\/\\\/www.eldiario.net\\\/portal\\\/wp-content\\\/uploads\\\/2024\\\/04\\\/Presidente-Boric-Efe.jpg\",\"contentUrl\":\"https:\\\/\\\/www.eldiario.net\\\/portal\\\/wp-content\\\/uploads\\\/2024\\\/04\\\/Presidente-Boric-Efe.jpg\",\"width\":1100,\"height\":666,\"caption\":\"El presidente chileno, Gabriel Boric (centro), al llegar al grupo 10 de la Fuerza A\u00e9rea de Chile para viajar al lugar del atentado a Carabineros en la regi\u00f3n del BioB\u00edo. CR\u00c9DITO: EFE\"},{\"@type\":\"BreadcrumbList\",\"@id\":\"https:\\\/\\\/www.eldiario.net\\\/portal\\\/2024\\\/04\\\/28\\\/boric-decreta-toque-de-queda-nocturno-en-tres-comunas\\\/#breadcrumb\",\"itemListElement\":[{\"@type\":\"ListItem\",\"position\":1,\"name\":\"Portada\",\"item\":\"https:\\\/\\\/www.eldiario.net\\\/portal\\\/\"},{\"@type\":\"ListItem\",\"position\":2,\"name\":\"Boric decreta toque de queda nocturno en tres comunas\"}]},{\"@type\":\"WebSite\",\"@id\":\"https:\\\/\\\/www.eldiario.net\\\/portal\\\/#website\",\"url\":\"https:\\\/\\\/www.eldiario.net\\\/portal\\\/\",\"name\":\"El Diario - Decano de la prensa nacional\",\"description\":\"El Diario - Decano de la prensa nacional\",\"publisher\":{\"@id\":\"https:\\\/\\\/www.eldiario.net\\\/portal\\\/#organization\"},\"potentialAction\":[{\"@type\":\"SearchAction\",\"target\":{\"@type\":\"EntryPoint\",\"urlTemplate\":\"https:\\\/\\\/www.eldiario.net\\\/portal\\\/?s={search_term_string}\"},\"query-input\":{\"@type\":\"PropertyValueSpecification\",\"valueRequired\":true,\"valueName\":\"search_term_string\"}}],\"inLanguage\":\"es\"},{\"@type\":\"Organization\",\"@id\":\"https:\\\/\\\/www.eldiario.net\\\/portal\\\/#organization\",\"name\":\"El Diario - Decano de la prensa nacional\",\"url\":\"https:\\\/\\\/www.eldiario.net\\\/portal\\\/\",\"logo\":{\"@type\":\"ImageObject\",\"inLanguage\":\"es\",\"@id\":\"https:\\\/\\\/www.eldiario.net\\\/portal\\\/#\\\/schema\\\/logo\\\/image\\\/\",\"url\":\"https:\\\/\\\/www.eldiario.net\\\/portal\\\/wp-content\\\/uploads\\\/2023\\\/07\\\/logo_ED.jpg\",\"contentUrl\":\"https:\\\/\\\/www.eldiario.net\\\/portal\\\/wp-content\\\/uploads\\\/2023\\\/07\\\/logo_ED.jpg\",\"width\":272,\"height\":52,\"caption\":\"El Diario - Decano de la prensa nacional\"},\"image\":{\"@id\":\"https:\\\/\\\/www.eldiario.net\\\/portal\\\/#\\\/schema\\\/logo\\\/image\\\/\"},\"sameAs\":[\"https:\\\/\\\/www.facebook.com\\\/eldiario.bolivia\\\/\",\"https:\\\/\\\/x.com\\\/eldiario_net\"]},{\"@type\":\"Person\",\"@id\":\"https:\\\/\\\/www.eldiario.net\\\/portal\\\/#\\\/schema\\\/person\\\/f46445640444750d7d753ccd04ae01b7\",\"name\":\"Jeanette\",\"image\":{\"@type\":\"ImageObject\",\"inLanguage\":\"es\",\"@id\":\"https:\\\/\\\/secure.gravatar.com\\\/avatar\\\/3ea2118a5f7dad2b7138b1187a6b7ee55f160b9968b66013c3a3ef39dd7e5798?s=96&d=mm&r=g\",\"url\":\"https:\\\/\\\/secure.gravatar.com\\\/avatar\\\/3ea2118a5f7dad2b7138b1187a6b7ee55f160b9968b66013c3a3ef39dd7e5798?s=96&d=mm&r=g\",\"contentUrl\":\"https:\\\/\\\/secure.gravatar.com\\\/avatar\\\/3ea2118a5f7dad2b7138b1187a6b7ee55f160b9968b66013c3a3ef39dd7e5798?s=96&d=mm&r=g\",\"caption\":\"Jeanette\"},\"sameAs\":[\"https:\\\/\\\/www.eldiario.net\\\/portal\"],\"url\":\"https:\\\/\\\/www.eldiario.net\\\/portal\\\/author\\\/jeanette\\\/\"}]}<\/script>\n<!-- \/ Yoast SEO plugin. -->","yoast_head_json":{"title":"Boric decreta toque de queda nocturno en tres comunas - El Diario - Bolivia","robots":{"index":"index","follow":"follow","max-snippet":"max-snippet:-1","max-image-preview":"max-image-preview:large","max-video-preview":"max-video-preview:-1"},"canonical":"https:\/\/www.eldiario.net\/portal\/2024\/04\/28\/boric-decreta-toque-de-queda-nocturno-en-tres-comunas\/","og_locale":"es_ES","og_type":"article","og_title":"Boric decreta toque de queda nocturno en tres comunas - El Diario - Bolivia","og_description":"El presidente de Chile, Gabriel Boric, decret\u00f3 un toque de queda nocturno en tres comunas de la regi\u00f3n del Biob\u00edo, tras el asesinato de tres carabineros. El mandatario chileno remarc\u00f3 que \u00ablos criminales responder\u00e1n ante Chile y la justicia\u00bb. En un mensaje en X, antes Twitter, Boric, remarc\u00f3 que tom\u00f3 la decisi\u00f3n \u00abdespu\u00e9s de conversar [&hellip;]","og_url":"https:\/\/www.eldiario.net\/portal\/2024\/04\/28\/boric-decreta-toque-de-queda-nocturno-en-tres-comunas\/","og_site_name":"El Diario - Bolivia","article_publisher":"https:\/\/www.facebook.com\/eldiario.bolivia\/","article_published_time":"2024-04-28T10:31:04+00:00","og_image":[{"width":1100,"height":666,"url":"https:\/\/www.eldiario.net\/portal\/wp-content\/uploads\/2024\/04\/Presidente-Boric-Efe.jpg","type":"image\/jpeg"}],"author":"Jeanette","twitter_card":"summary_large_image","twitter_creator":"@eldiario_net","twitter_site":"@eldiario_net","twitter_misc":{"Escrito por":"Jeanette","Tiempo de lectura":"4 minutos"},"schema":{"@context":"https:\/\/schema.org","@graph":[{"@type":"Article","@id":"https:\/\/www.eldiario.net\/portal\/2024\/04\/28\/boric-decreta-toque-de-queda-nocturno-en-tres-comunas\/#article","isPartOf":{"@id":"https:\/\/www.eldiario.net\/portal\/2024\/04\/28\/boric-decreta-toque-de-queda-nocturno-en-tres-comunas\/"},"author":{"name":"Jeanette","@id":"https:\/\/www.eldiario.net\/portal\/#\/schema\/person\/f46445640444750d7d753ccd04ae01b7"},"headline":"Boric decreta toque de queda nocturno en tres comunas","datePublished":"2024-04-28T10:31:04+00:00","mainEntityOfPage":{"@id":"https:\/\/www.eldiario.net\/portal\/2024\/04\/28\/boric-decreta-toque-de-queda-nocturno-en-tres-comunas\/"},"wordCount":857,"commentCount":0,"publisher":{"@id":"https:\/\/www.eldiario.net\/portal\/#organization"},"image":{"@id":"https:\/\/www.eldiario.net\/portal\/2024\/04\/28\/boric-decreta-toque-de-queda-nocturno-en-tres-comunas\/#primaryimage"},"thumbnailUrl":"https:\/\/www.eldiario.net\/portal\/wp-content\/uploads\/2024\/04\/Presidente-Boric-Efe.jpg","articleSection":["Portada"],"inLanguage":"es","potentialAction":[{"@type":"CommentAction","name":"Comment","target":["https:\/\/www.eldiario.net\/portal\/2024\/04\/28\/boric-decreta-toque-de-queda-nocturno-en-tres-comunas\/#respond"]}]},{"@type":"WebPage","@id":"https:\/\/www.eldiario.net\/portal\/2024\/04\/28\/boric-decreta-toque-de-queda-nocturno-en-tres-comunas\/","url":"https:\/\/www.eldiario.net\/portal\/2024\/04\/28\/boric-decreta-toque-de-queda-nocturno-en-tres-comunas\/","name":"Boric decreta toque de queda nocturno en tres comunas - El Diario - Bolivia","isPartOf":{"@id":"https:\/\/www.eldiario.net\/portal\/#website"},"primaryImageOfPage":{"@id":"https:\/\/www.eldiario.net\/portal\/2024\/04\/28\/boric-decreta-toque-de-queda-nocturno-en-tres-comunas\/#primaryimage"},"image":{"@id":"https:\/\/www.eldiario.net\/portal\/2024\/04\/28\/boric-decreta-toque-de-queda-nocturno-en-tres-comunas\/#primaryimage"},"thumbnailUrl":"https:\/\/www.eldiario.net\/portal\/wp-content\/uploads\/2024\/04\/Presidente-Boric-Efe.jpg","datePublished":"2024-04-28T10:31:04+00:00","breadcrumb":{"@id":"https:\/\/www.eldiario.net\/portal\/2024\/04\/28\/boric-decreta-toque-de-queda-nocturno-en-tres-comunas\/#breadcrumb"},"inLanguage":"es","potentialAction":[{"@type":"ReadAction","target":["https:\/\/www.eldiario.net\/portal\/2024\/04\/28\/boric-decreta-toque-de-queda-nocturno-en-tres-comunas\/"]}]},{"@type":"ImageObject","inLanguage":"es","@id":"https:\/\/www.eldiario.net\/portal\/2024\/04\/28\/boric-decreta-toque-de-queda-nocturno-en-tres-comunas\/#primaryimage","url":"https:\/\/www.eldiario.net\/portal\/wp-content\/uploads\/2024\/04\/Presidente-Boric-Efe.jpg","contentUrl":"https:\/\/www.eldiario.net\/portal\/wp-content\/uploads\/2024\/04\/Presidente-Boric-Efe.jpg","width":1100,"height":666,"caption":"El presidente chileno, Gabriel Boric (centro), al llegar al grupo 10 de la Fuerza A\u00e9rea de Chile para viajar al lugar del atentado a Carabineros en la regi\u00f3n del BioB\u00edo. CR\u00c9DITO: EFE"},{"@type":"BreadcrumbList","@id":"https:\/\/www.eldiario.net\/portal\/2024\/04\/28\/boric-decreta-toque-de-queda-nocturno-en-tres-comunas\/#breadcrumb","itemListElement":[{"@type":"ListItem","position":1,"name":"Portada","item":"https:\/\/www.eldiario.net\/portal\/"},{"@type":"ListItem","position":2,"name":"Boric decreta toque de queda nocturno en tres comunas"}]},{"@type":"WebSite","@id":"https:\/\/www.eldiario.net\/portal\/#website","url":"https:\/\/www.eldiario.net\/portal\/","name":"El Diario - Decano de la prensa nacional","description":"El Diario - Decano de la prensa nacional","publisher":{"@id":"https:\/\/www.eldiario.net\/portal\/#organization"},"potentialAction":[{"@type":"SearchAction","target":{"@type":"EntryPoint","urlTemplate":"https:\/\/www.eldiario.net\/portal\/?s={search_term_string}"},"query-input":{"@type":"PropertyValueSpecification","valueRequired":true,"valueName":"search_term_string"}}],"inLanguage":"es"},{"@type":"Organization","@id":"https:\/\/www.eldiario.net\/portal\/#organization","name":"El Diario - Decano de la prensa nacional","url":"https:\/\/www.eldiario.net\/portal\/","logo":{"@type":"ImageObject","inLanguage":"es","@id":"https:\/\/www.eldiario.net\/portal\/#\/schema\/logo\/image\/","url":"https:\/\/www.eldiario.net\/portal\/wp-content\/uploads\/2023\/07\/logo_ED.jpg","contentUrl":"https:\/\/www.eldiario.net\/portal\/wp-content\/uploads\/2023\/07\/logo_ED.jpg","width":272,"height":52,"caption":"El Diario - Decano de la prensa nacional"},"image":{"@id":"https:\/\/www.eldiario.net\/portal\/#\/schema\/logo\/image\/"},"sameAs":["https:\/\/www.facebook.com\/eldiario.bolivia\/","https:\/\/x.com\/eldiario_net"]},{"@type":"Person","@id":"https:\/\/www.eldiario.net\/portal\/#\/schema\/person\/f46445640444750d7d753ccd04ae01b7","name":"Jeanette","image":{"@type":"ImageObject","inLanguage":"es","@id":"https:\/\/secure.gravatar.com\/avatar\/3ea2118a5f7dad2b7138b1187a6b7ee55f160b9968b66013c3a3ef39dd7e5798?s=96&d=mm&r=g","url":"https:\/\/secure.gravatar.com\/avatar\/3ea2118a5f7dad2b7138b1187a6b7ee55f160b9968b66013c3a3ef39dd7e5798?s=96&d=mm&r=g","contentUrl":"https:\/\/secure.gravatar.com\/avatar\/3ea2118a5f7dad2b7138b1187a6b7ee55f160b9968b66013c3a3ef39dd7e5798?s=96&d=mm&r=g","caption":"Jeanette"},"sameAs":["https:\/\/www.eldiario.net\/portal"],"url":"https:\/\/www.eldiario.net\/portal\/author\/jeanette\/"}]}},"_links":{"self":[{"href":"https:\/\/www.eldiario.net\/portal\/wp-json\/wp\/v2\/posts\/217084","targetHints":{"allow":["GET"]}}],"collection":[{"href":"https:\/\/www.eldiario.net\/portal\/wp-json\/wp\/v2\/posts"}],"about":[{"href":"https:\/\/www.eldiario.net\/portal\/wp-json\/wp\/v2\/types\/post"}],"author":[{"embeddable":true,"href":"https:\/\/www.eldiario.net\/portal\/wp-json\/wp\/v2\/users\/1"}],"replies":[{"embeddable":true,"href":"https:\/\/www.eldiario.net\/portal\/wp-json\/wp\/v2\/comments?post=217084"}],"version-history":[{"count":1,"href":"https:\/\/www.eldiario.net\/portal\/wp-json\/wp\/v2\/posts\/217084\/revisions"}],"predecessor-version":[{"id":217086,"href":"https:\/\/www.eldiario.net\/portal\/wp-json\/wp\/v2\/posts\/217084\/revisions\/217086"}],"wp:featuredmedia":[{"embeddable":true,"href":"https:\/\/www.eldiario.net\/portal\/wp-json\/wp\/v2\/media\/217085"}],"wp:attachment":[{"href":"https:\/\/www.eldiario.net\/portal\/wp-json\/wp\/v2\/media?parent=217084"}],"wp:term":[{"taxonomy":"category","embeddable":true,"href":"https:\/\/www.eldiario.net\/portal\/wp-json\/wp\/v2\/categories?post=217084"},{"taxonomy":"post_tag","embeddable":true,"href":"https:\/\/www.eldiario.net\/portal\/wp-json\/wp\/v2\/tags?post=217084"}],"curies":[{"name":"wp","href":"https:\/\/api.w.org\/{rel}","templated":true}]}}