{"id":217082,"date":"2024-04-28T06:30:05","date_gmt":"2024-04-28T10:30:05","guid":{"rendered":"https:\/\/www.eldiario.net\/portal\/?p=217082"},"modified":"2024-04-28T06:33:04","modified_gmt":"2024-04-28T10:33:04","slug":"surgen-nuevas-oligarquias-por-intereses-economicos-y-politicos","status":"publish","type":"post","link":"https:\/\/www.eldiario.net\/portal\/2024\/04\/28\/surgen-nuevas-oligarquias-por-intereses-economicos-y-politicos\/","title":{"rendered":"Surgen nuevas oligarqu\u00edas por intereses econ\u00f3micos y pol\u00edticos"},"content":{"rendered":"<p class=\"v1MsoNormal\">Tras el esc\u00e1ndalo por denuncias de irregularidades en el proceso de explotaci\u00f3n del litio y decesos de exfuncionarios implicados en estos hechos, el\u00a0diputado de Comunidad Ciudadana, Marcelo Pedrazas, sostuvo que la corrupci\u00f3n del \u00abmasismo\u00bb ha generado la aparici\u00f3n de nuevas oligarqu\u00edas que protegen sus intereses econ\u00f3micos y pol\u00edticos a toda costa.<\/p>\n<p class=\"v1MsoNormal\">El legislador pidi\u00f3 no olvidar que en escenarios donde se manejan millones y millones de d\u00f3lares, tambi\u00e9n existen intereses pol\u00edticos que pueden verse afectados, da\u00f1ando con ello posibles aspiraciones electorales.<\/p>\n<p class=\"v1MsoNormal\">\u00abQuiz\u00e1s tienen ganas de participar en futuras elecciones y no quieren verse involucrados en investigaciones\u00bb, sostuvo Pedrazas.<\/p>\n<p class=\"v1MsoNormal\">\u00abSi se entra a la c\u00e1rcel es por temas netamente pol\u00edticos, por venganza o por la construcci\u00f3n de escenarios falsos como el golpe\u00bb, manifest\u00f3.<\/p>\n<p>&nbsp;<\/p>\n<p>&nbsp;<\/p>\n","protected":false},"excerpt":{"rendered":"<p>Tras el esc\u00e1ndalo por denuncias de irregularidades en el proceso de explotaci\u00f3n del litio y decesos de exfuncionarios implicados en estos hechos, el\u00a0diputado de Comunidad Ciudadana, Marcelo Pedrazas, sostuvo que la corrupci\u00f3n del \u00abmasismo\u00bb ha generado la aparici\u00f3n de nuevas oligarqu\u00edas que protegen sus intereses econ\u00f3micos y pol\u00edticos a toda costa. El legislador pidi\u00f3 no [&hellip;]<\/p>\n","protected":false},"author":1,"featured_media":217090,"comment_status":"open","ping_status":"open","sticky":false,"template":"","format":"standard","meta":{"_acf_changed":false,"footnotes":""},"categories":[15],"tags":[],"class_list":["post-217082","post","type-post","status-publish","format-standard","has-post-thumbnail","category-portada"],"acf":{"antetitulo":"Diputado Marcelo Pedrazas"},"yoast_head":"<!-- This site is optimized with the Yoast SEO plugin v28.4 - https:\/\/yoast.com\/product\/yoast-seo-wordpress\/ -->\n<title>Surgen nuevas oligarqu\u00edas por intereses econ\u00f3micos y pol\u00edticos - El Diario - Bolivia<\/title>\n<meta name=\"robots\" content=\"index, follow, max-snippet:-1, max-image-preview:large, max-video-preview:-1\" \/>\n<link rel=\"canonical\" href=\"https:\/\/www.eldiario.net\/portal\/2024\/04\/28\/surgen-nuevas-oligarquias-por-intereses-economicos-y-politicos\/\" \/>\n<meta property=\"og:locale\" content=\"es_ES\" \/>\n<meta property=\"og:type\" content=\"article\" \/>\n<meta property=\"og:title\" content=\"Surgen nuevas oligarqu\u00edas por intereses econ\u00f3micos y pol\u00edticos - El Diario - Bolivia\" \/>\n<meta property=\"og:description\" content=\"Tras el esc\u00e1ndalo por denuncias de irregularidades en el proceso de explotaci\u00f3n del litio y decesos de exfuncionarios implicados en estos hechos, el\u00a0diputado de Comunidad Ciudadana, Marcelo Pedrazas, sostuvo que la corrupci\u00f3n del \u00abmasismo\u00bb ha generado la aparici\u00f3n de nuevas oligarqu\u00edas que protegen sus intereses econ\u00f3micos y pol\u00edticos a toda costa. El legislador pidi\u00f3 no [&hellip;]\" \/>\n<meta property=\"og:url\" content=\"https:\/\/www.eldiario.net\/portal\/2024\/04\/28\/surgen-nuevas-oligarquias-por-intereses-economicos-y-politicos\/\" \/>\n<meta property=\"og:site_name\" content=\"El Diario - Bolivia\" \/>\n<meta property=\"article:publisher\" content=\"https:\/\/www.facebook.com\/eldiario.bolivia\/\" \/>\n<meta property=\"article:published_time\" content=\"2024-04-28T10:30:05+00:00\" \/>\n<meta property=\"article:modified_time\" content=\"2024-04-28T10:33:04+00:00\" \/>\n<meta property=\"og:image\" content=\"https:\/\/www.eldiario.net\/portal\/wp-content\/uploads\/2024\/04\/Pedrazas-RP.jpg\" \/>\n\t<meta property=\"og:image:width\" content=\"991\" \/>\n\t<meta property=\"og:image:height\" content=\"558\" \/>\n\t<meta property=\"og:image:type\" content=\"image\/jpeg\" \/>\n<meta name=\"author\" content=\"Jeanette\" \/>\n<meta name=\"twitter:card\" content=\"summary_large_image\" \/>\n<meta name=\"twitter:creator\" content=\"@eldiario_net\" \/>\n<meta name=\"twitter:site\" content=\"@eldiario_net\" \/>\n<meta name=\"twitter:label1\" content=\"Escrito por\" \/>\n\t<meta name=\"twitter:data1\" content=\"Jeanette\" \/>\n\t<meta name=\"twitter:label2\" content=\"Tiempo de lectura\" \/>\n\t<meta name=\"twitter:data2\" content=\"1 minuto\" \/>\n<script type=\"application\/ld+json\" class=\"yoast-schema-graph\">{\"@context\":\"https:\\\/\\\/schema.org\",\"@graph\":[{\"@type\":\"Article\",\"@id\":\"https:\\\/\\\/www.eldiario.net\\\/portal\\\/2024\\\/04\\\/28\\\/surgen-nuevas-oligarquias-por-intereses-economicos-y-politicos\\\/#article\",\"isPartOf\":{\"@id\":\"https:\\\/\\\/www.eldiario.net\\\/portal\\\/2024\\\/04\\\/28\\\/surgen-nuevas-oligarquias-por-intereses-economicos-y-politicos\\\/\"},\"author\":{\"name\":\"Jeanette\",\"@id\":\"https:\\\/\\\/www.eldiario.net\\\/portal\\\/#\\\/schema\\\/person\\\/f46445640444750d7d753ccd04ae01b7\"},\"headline\":\"Surgen nuevas oligarqu\u00edas por intereses econ\u00f3micos y pol\u00edticos\",\"datePublished\":\"2024-04-28T10:30:05+00:00\",\"dateModified\":\"2024-04-28T10:33:04+00:00\",\"mainEntityOfPage\":{\"@id\":\"https:\\\/\\\/www.eldiario.net\\\/portal\\\/2024\\\/04\\\/28\\\/surgen-nuevas-oligarquias-por-intereses-economicos-y-politicos\\\/\"},\"wordCount\":151,\"commentCount\":0,\"publisher\":{\"@id\":\"https:\\\/\\\/www.eldiario.net\\\/portal\\\/#organization\"},\"image\":{\"@id\":\"https:\\\/\\\/www.eldiario.net\\\/portal\\\/2024\\\/04\\\/28\\\/surgen-nuevas-oligarquias-por-intereses-economicos-y-politicos\\\/#primaryimage\"},\"thumbnailUrl\":\"https:\\\/\\\/www.eldiario.net\\\/portal\\\/wp-content\\\/uploads\\\/2024\\\/04\\\/Pedrazas-RP.jpg\",\"articleSection\":[\"Portada\"],\"inLanguage\":\"es\",\"potentialAction\":[{\"@type\":\"CommentAction\",\"name\":\"Comment\",\"target\":[\"https:\\\/\\\/www.eldiario.net\\\/portal\\\/2024\\\/04\\\/28\\\/surgen-nuevas-oligarquias-por-intereses-economicos-y-politicos\\\/#respond\"]}]},{\"@type\":\"WebPage\",\"@id\":\"https:\\\/\\\/www.eldiario.net\\\/portal\\\/2024\\\/04\\\/28\\\/surgen-nuevas-oligarquias-por-intereses-economicos-y-politicos\\\/\",\"url\":\"https:\\\/\\\/www.eldiario.net\\\/portal\\\/2024\\\/04\\\/28\\\/surgen-nuevas-oligarquias-por-intereses-economicos-y-politicos\\\/\",\"name\":\"Surgen nuevas oligarqu\u00edas por intereses econ\u00f3micos y pol\u00edticos - El Diario - Bolivia\",\"isPartOf\":{\"@id\":\"https:\\\/\\\/www.eldiario.net\\\/portal\\\/#website\"},\"primaryImageOfPage\":{\"@id\":\"https:\\\/\\\/www.eldiario.net\\\/portal\\\/2024\\\/04\\\/28\\\/surgen-nuevas-oligarquias-por-intereses-economicos-y-politicos\\\/#primaryimage\"},\"image\":{\"@id\":\"https:\\\/\\\/www.eldiario.net\\\/portal\\\/2024\\\/04\\\/28\\\/surgen-nuevas-oligarquias-por-intereses-economicos-y-politicos\\\/#primaryimage\"},\"thumbnailUrl\":\"https:\\\/\\\/www.eldiario.net\\\/portal\\\/wp-content\\\/uploads\\\/2024\\\/04\\\/Pedrazas-RP.jpg\",\"datePublished\":\"2024-04-28T10:30:05+00:00\",\"dateModified\":\"2024-04-28T10:33:04+00:00\",\"breadcrumb\":{\"@id\":\"https:\\\/\\\/www.eldiario.net\\\/portal\\\/2024\\\/04\\\/28\\\/surgen-nuevas-oligarquias-por-intereses-economicos-y-politicos\\\/#breadcrumb\"},\"inLanguage\":\"es\",\"potentialAction\":[{\"@type\":\"ReadAction\",\"target\":[\"https:\\\/\\\/www.eldiario.net\\\/portal\\\/2024\\\/04\\\/28\\\/surgen-nuevas-oligarquias-por-intereses-economicos-y-politicos\\\/\"]}]},{\"@type\":\"ImageObject\",\"inLanguage\":\"es\",\"@id\":\"https:\\\/\\\/www.eldiario.net\\\/portal\\\/2024\\\/04\\\/28\\\/surgen-nuevas-oligarquias-por-intereses-economicos-y-politicos\\\/#primaryimage\",\"url\":\"https:\\\/\\\/www.eldiario.net\\\/portal\\\/wp-content\\\/uploads\\\/2024\\\/04\\\/Pedrazas-RP.jpg\",\"contentUrl\":\"https:\\\/\\\/www.eldiario.net\\\/portal\\\/wp-content\\\/uploads\\\/2024\\\/04\\\/Pedrazas-RP.jpg\",\"width\":991,\"height\":558,\"caption\":\"Diputado de Comunidad Ciudadana, Marcelo Pedrazas. CR\u00c9DITO: Radio Panamericana\"},{\"@type\":\"BreadcrumbList\",\"@id\":\"https:\\\/\\\/www.eldiario.net\\\/portal\\\/2024\\\/04\\\/28\\\/surgen-nuevas-oligarquias-por-intereses-economicos-y-politicos\\\/#breadcrumb\",\"itemListElement\":[{\"@type\":\"ListItem\",\"position\":1,\"name\":\"Portada\",\"item\":\"https:\\\/\\\/www.eldiario.net\\\/portal\\\/\"},{\"@type\":\"ListItem\",\"position\":2,\"name\":\"Surgen nuevas oligarqu\u00edas por intereses econ\u00f3micos y pol\u00edticos\"}]},{\"@type\":\"WebSite\",\"@id\":\"https:\\\/\\\/www.eldiario.net\\\/portal\\\/#website\",\"url\":\"https:\\\/\\\/www.eldiario.net\\\/portal\\\/\",\"name\":\"El Diario - Decano de la prensa nacional\",\"description\":\"El Diario - Decano de la prensa nacional\",\"publisher\":{\"@id\":\"https:\\\/\\\/www.eldiario.net\\\/portal\\\/#organization\"},\"potentialAction\":[{\"@type\":\"SearchAction\",\"target\":{\"@type\":\"EntryPoint\",\"urlTemplate\":\"https:\\\/\\\/www.eldiario.net\\\/portal\\\/?s={search_term_string}\"},\"query-input\":{\"@type\":\"PropertyValueSpecification\",\"valueRequired\":true,\"valueName\":\"search_term_string\"}}],\"inLanguage\":\"es\"},{\"@type\":\"Organization\",\"@id\":\"https:\\\/\\\/www.eldiario.net\\\/portal\\\/#organization\",\"name\":\"El Diario - Decano de la prensa nacional\",\"url\":\"https:\\\/\\\/www.eldiario.net\\\/portal\\\/\",\"logo\":{\"@type\":\"ImageObject\",\"inLanguage\":\"es\",\"@id\":\"https:\\\/\\\/www.eldiario.net\\\/portal\\\/#\\\/schema\\\/logo\\\/image\\\/\",\"url\":\"https:\\\/\\\/www.eldiario.net\\\/portal\\\/wp-content\\\/uploads\\\/2023\\\/07\\\/logo_ED.jpg\",\"contentUrl\":\"https:\\\/\\\/www.eldiario.net\\\/portal\\\/wp-content\\\/uploads\\\/2023\\\/07\\\/logo_ED.jpg\",\"width\":272,\"height\":52,\"caption\":\"El Diario - Decano de la prensa nacional\"},\"image\":{\"@id\":\"https:\\\/\\\/www.eldiario.net\\\/portal\\\/#\\\/schema\\\/logo\\\/image\\\/\"},\"sameAs\":[\"https:\\\/\\\/www.facebook.com\\\/eldiario.bolivia\\\/\",\"https:\\\/\\\/x.com\\\/eldiario_net\"]},{\"@type\":\"Person\",\"@id\":\"https:\\\/\\\/www.eldiario.net\\\/portal\\\/#\\\/schema\\\/person\\\/f46445640444750d7d753ccd04ae01b7\",\"name\":\"Jeanette\",\"image\":{\"@type\":\"ImageObject\",\"inLanguage\":\"es\",\"@id\":\"https:\\\/\\\/secure.gravatar.com\\\/avatar\\\/3ea2118a5f7dad2b7138b1187a6b7ee55f160b9968b66013c3a3ef39dd7e5798?s=96&d=mm&r=g\",\"url\":\"https:\\\/\\\/secure.gravatar.com\\\/avatar\\\/3ea2118a5f7dad2b7138b1187a6b7ee55f160b9968b66013c3a3ef39dd7e5798?s=96&d=mm&r=g\",\"contentUrl\":\"https:\\\/\\\/secure.gravatar.com\\\/avatar\\\/3ea2118a5f7dad2b7138b1187a6b7ee55f160b9968b66013c3a3ef39dd7e5798?s=96&d=mm&r=g\",\"caption\":\"Jeanette\"},\"sameAs\":[\"https:\\\/\\\/www.eldiario.net\\\/portal\"],\"url\":\"https:\\\/\\\/www.eldiario.net\\\/portal\\\/author\\\/jeanette\\\/\"}]}<\/script>\n<!-- \/ Yoast SEO plugin. -->","yoast_head_json":{"title":"Surgen nuevas oligarqu\u00edas por intereses econ\u00f3micos y pol\u00edticos - El Diario - Bolivia","robots":{"index":"index","follow":"follow","max-snippet":"max-snippet:-1","max-image-preview":"max-image-preview:large","max-video-preview":"max-video-preview:-1"},"canonical":"https:\/\/www.eldiario.net\/portal\/2024\/04\/28\/surgen-nuevas-oligarquias-por-intereses-economicos-y-politicos\/","og_locale":"es_ES","og_type":"article","og_title":"Surgen nuevas oligarqu\u00edas por intereses econ\u00f3micos y pol\u00edticos - El Diario - Bolivia","og_description":"Tras el esc\u00e1ndalo por denuncias de irregularidades en el proceso de explotaci\u00f3n del litio y decesos de exfuncionarios implicados en estos hechos, el\u00a0diputado de Comunidad Ciudadana, Marcelo Pedrazas, sostuvo que la corrupci\u00f3n del \u00abmasismo\u00bb ha generado la aparici\u00f3n de nuevas oligarqu\u00edas que protegen sus intereses econ\u00f3micos y pol\u00edticos a toda costa. El legislador pidi\u00f3 no [&hellip;]","og_url":"https:\/\/www.eldiario.net\/portal\/2024\/04\/28\/surgen-nuevas-oligarquias-por-intereses-economicos-y-politicos\/","og_site_name":"El Diario - Bolivia","article_publisher":"https:\/\/www.facebook.com\/eldiario.bolivia\/","article_published_time":"2024-04-28T10:30:05+00:00","article_modified_time":"2024-04-28T10:33:04+00:00","og_image":[{"width":991,"height":558,"url":"https:\/\/www.eldiario.net\/portal\/wp-content\/uploads\/2024\/04\/Pedrazas-RP.jpg","type":"image\/jpeg"}],"author":"Jeanette","twitter_card":"summary_large_image","twitter_creator":"@eldiario_net","twitter_site":"@eldiario_net","twitter_misc":{"Escrito por":"Jeanette","Tiempo de lectura":"1 minuto"},"schema":{"@context":"https:\/\/schema.org","@graph":[{"@type":"Article","@id":"https:\/\/www.eldiario.net\/portal\/2024\/04\/28\/surgen-nuevas-oligarquias-por-intereses-economicos-y-politicos\/#article","isPartOf":{"@id":"https:\/\/www.eldiario.net\/portal\/2024\/04\/28\/surgen-nuevas-oligarquias-por-intereses-economicos-y-politicos\/"},"author":{"name":"Jeanette","@id":"https:\/\/www.eldiario.net\/portal\/#\/schema\/person\/f46445640444750d7d753ccd04ae01b7"},"headline":"Surgen nuevas oligarqu\u00edas por intereses econ\u00f3micos y pol\u00edticos","datePublished":"2024-04-28T10:30:05+00:00","dateModified":"2024-04-28T10:33:04+00:00","mainEntityOfPage":{"@id":"https:\/\/www.eldiario.net\/portal\/2024\/04\/28\/surgen-nuevas-oligarquias-por-intereses-economicos-y-politicos\/"},"wordCount":151,"commentCount":0,"publisher":{"@id":"https:\/\/www.eldiario.net\/portal\/#organization"},"image":{"@id":"https:\/\/www.eldiario.net\/portal\/2024\/04\/28\/surgen-nuevas-oligarquias-por-intereses-economicos-y-politicos\/#primaryimage"},"thumbnailUrl":"https:\/\/www.eldiario.net\/portal\/wp-content\/uploads\/2024\/04\/Pedrazas-RP.jpg","articleSection":["Portada"],"inLanguage":"es","potentialAction":[{"@type":"CommentAction","name":"Comment","target":["https:\/\/www.eldiario.net\/portal\/2024\/04\/28\/surgen-nuevas-oligarquias-por-intereses-economicos-y-politicos\/#respond"]}]},{"@type":"WebPage","@id":"https:\/\/www.eldiario.net\/portal\/2024\/04\/28\/surgen-nuevas-oligarquias-por-intereses-economicos-y-politicos\/","url":"https:\/\/www.eldiario.net\/portal\/2024\/04\/28\/surgen-nuevas-oligarquias-por-intereses-economicos-y-politicos\/","name":"Surgen nuevas oligarqu\u00edas por intereses econ\u00f3micos y pol\u00edticos - El Diario - Bolivia","isPartOf":{"@id":"https:\/\/www.eldiario.net\/portal\/#website"},"primaryImageOfPage":{"@id":"https:\/\/www.eldiario.net\/portal\/2024\/04\/28\/surgen-nuevas-oligarquias-por-intereses-economicos-y-politicos\/#primaryimage"},"image":{"@id":"https:\/\/www.eldiario.net\/portal\/2024\/04\/28\/surgen-nuevas-oligarquias-por-intereses-economicos-y-politicos\/#primaryimage"},"thumbnailUrl":"https:\/\/www.eldiario.net\/portal\/wp-content\/uploads\/2024\/04\/Pedrazas-RP.jpg","datePublished":"2024-04-28T10:30:05+00:00","dateModified":"2024-04-28T10:33:04+00:00","breadcrumb":{"@id":"https:\/\/www.eldiario.net\/portal\/2024\/04\/28\/surgen-nuevas-oligarquias-por-intereses-economicos-y-politicos\/#breadcrumb"},"inLanguage":"es","potentialAction":[{"@type":"ReadAction","target":["https:\/\/www.eldiario.net\/portal\/2024\/04\/28\/surgen-nuevas-oligarquias-por-intereses-economicos-y-politicos\/"]}]},{"@type":"ImageObject","inLanguage":"es","@id":"https:\/\/www.eldiario.net\/portal\/2024\/04\/28\/surgen-nuevas-oligarquias-por-intereses-economicos-y-politicos\/#primaryimage","url":"https:\/\/www.eldiario.net\/portal\/wp-content\/uploads\/2024\/04\/Pedrazas-RP.jpg","contentUrl":"https:\/\/www.eldiario.net\/portal\/wp-content\/uploads\/2024\/04\/Pedrazas-RP.jpg","width":991,"height":558,"caption":"Diputado de Comunidad Ciudadana, Marcelo Pedrazas. CR\u00c9DITO: Radio Panamericana"},{"@type":"BreadcrumbList","@id":"https:\/\/www.eldiario.net\/portal\/2024\/04\/28\/surgen-nuevas-oligarquias-por-intereses-economicos-y-politicos\/#breadcrumb","itemListElement":[{"@type":"ListItem","position":1,"name":"Portada","item":"https:\/\/www.eldiario.net\/portal\/"},{"@type":"ListItem","position":2,"name":"Surgen nuevas oligarqu\u00edas por intereses econ\u00f3micos y pol\u00edticos"}]},{"@type":"WebSite","@id":"https:\/\/www.eldiario.net\/portal\/#website","url":"https:\/\/www.eldiario.net\/portal\/","name":"El Diario - Decano de la prensa nacional","description":"El Diario - Decano de la prensa nacional","publisher":{"@id":"https:\/\/www.eldiario.net\/portal\/#organization"},"potentialAction":[{"@type":"SearchAction","target":{"@type":"EntryPoint","urlTemplate":"https:\/\/www.eldiario.net\/portal\/?s={search_term_string}"},"query-input":{"@type":"PropertyValueSpecification","valueRequired":true,"valueName":"search_term_string"}}],"inLanguage":"es"},{"@type":"Organization","@id":"https:\/\/www.eldiario.net\/portal\/#organization","name":"El Diario - Decano de la prensa nacional","url":"https:\/\/www.eldiario.net\/portal\/","logo":{"@type":"ImageObject","inLanguage":"es","@id":"https:\/\/www.eldiario.net\/portal\/#\/schema\/logo\/image\/","url":"https:\/\/www.eldiario.net\/portal\/wp-content\/uploads\/2023\/07\/logo_ED.jpg","contentUrl":"https:\/\/www.eldiario.net\/portal\/wp-content\/uploads\/2023\/07\/logo_ED.jpg","width":272,"height":52,"caption":"El Diario - Decano de la prensa nacional"},"image":{"@id":"https:\/\/www.eldiario.net\/portal\/#\/schema\/logo\/image\/"},"sameAs":["https:\/\/www.facebook.com\/eldiario.bolivia\/","https:\/\/x.com\/eldiario_net"]},{"@type":"Person","@id":"https:\/\/www.eldiario.net\/portal\/#\/schema\/person\/f46445640444750d7d753ccd04ae01b7","name":"Jeanette","image":{"@type":"ImageObject","inLanguage":"es","@id":"https:\/\/secure.gravatar.com\/avatar\/3ea2118a5f7dad2b7138b1187a6b7ee55f160b9968b66013c3a3ef39dd7e5798?s=96&d=mm&r=g","url":"https:\/\/secure.gravatar.com\/avatar\/3ea2118a5f7dad2b7138b1187a6b7ee55f160b9968b66013c3a3ef39dd7e5798?s=96&d=mm&r=g","contentUrl":"https:\/\/secure.gravatar.com\/avatar\/3ea2118a5f7dad2b7138b1187a6b7ee55f160b9968b66013c3a3ef39dd7e5798?s=96&d=mm&r=g","caption":"Jeanette"},"sameAs":["https:\/\/www.eldiario.net\/portal"],"url":"https:\/\/www.eldiario.net\/portal\/author\/jeanette\/"}]}},"_links":{"self":[{"href":"https:\/\/www.eldiario.net\/portal\/wp-json\/wp\/v2\/posts\/217082","targetHints":{"allow":["GET"]}}],"collection":[{"href":"https:\/\/www.eldiario.net\/portal\/wp-json\/wp\/v2\/posts"}],"about":[{"href":"https:\/\/www.eldiario.net\/portal\/wp-json\/wp\/v2\/types\/post"}],"author":[{"embeddable":true,"href":"https:\/\/www.eldiario.net\/portal\/wp-json\/wp\/v2\/users\/1"}],"replies":[{"embeddable":true,"href":"https:\/\/www.eldiario.net\/portal\/wp-json\/wp\/v2\/comments?post=217082"}],"version-history":[{"count":2,"href":"https:\/\/www.eldiario.net\/portal\/wp-json\/wp\/v2\/posts\/217082\/revisions"}],"predecessor-version":[{"id":217091,"href":"https:\/\/www.eldiario.net\/portal\/wp-json\/wp\/v2\/posts\/217082\/revisions\/217091"}],"wp:featuredmedia":[{"embeddable":true,"href":"https:\/\/www.eldiario.net\/portal\/wp-json\/wp\/v2\/media\/217090"}],"wp:attachment":[{"href":"https:\/\/www.eldiario.net\/portal\/wp-json\/wp\/v2\/media?parent=217082"}],"wp:term":[{"taxonomy":"category","embeddable":true,"href":"https:\/\/www.eldiario.net\/portal\/wp-json\/wp\/v2\/categories?post=217082"},{"taxonomy":"post_tag","embeddable":true,"href":"https:\/\/www.eldiario.net\/portal\/wp-json\/wp\/v2\/tags?post=217082"}],"curies":[{"name":"wp","href":"https:\/\/api.w.org\/{rel}","templated":true}]}}