{"id":21708,"date":"2021-08-06T06:45:32","date_gmt":"2021-08-06T10:45:32","guid":{"rendered":"https:\/\/www.eldiario.net\/portal\/?p=21708"},"modified":"2021-08-06T06:45:32","modified_gmt":"2021-08-06T10:45:32","slug":"desfiles-civicos-reducidos-en-196-anos-de-independencia-de-bolivia","status":"publish","type":"post","link":"https:\/\/www.eldiario.net\/portal\/2021\/08\/06\/desfiles-civicos-reducidos-en-196-anos-de-independencia-de-bolivia\/","title":{"rendered":"Desfiles c\u00edvicos reducidos en 196 a\u00f1os de independencia de Bolivia"},"content":{"rendered":"<p>Desfiles c\u00edvicos descentralizados en diferentes distritos, con reducida presencia de asistentes, de organizaciones c\u00edvicas y autoridades municipales se desarrollaron durante la jornada de ayer en la ciudad de El Alto, en conmemoraci\u00f3n de los 196 a\u00f1os de la independencia de Bolivia.<br \/>\nEstos homenajes a la patria, no fueron como en a\u00f1os pasados con la numerosa presencia de diferentes instituciones c\u00edvicas y militares que se sol\u00eda realizar en la avenida 6 de Marzo, debido a las restricciones y previsiones que se debe tomar por el tema de la pandemia del coronavirus.<br \/>\nDe esta forma, este a\u00f1o solo se realizaron estos desfiles, en cada distrito, donde los dirigentes vecinales y en algunos casos con presencia de los subalcaldes, quienes a pesar de las restricciones, mostraron mucho civismo, patriotismo y compromiso de seguir luchando por mejores d\u00edas en torno al pa\u00eds.<br \/>\nVarios fueron los distritos donde los dirigentes vecinales convocaron a estas muestras de civismo, como el Distrito 7, donde comunidades rurales pertenecientes a la Federaci\u00f3n Sindical \u00danica de Comunidades Agrarias de Radio Urbano y Sub Urbano (FESUCARUSU), desfilaron en la principal avenida de la prolongaci\u00f3n Juan Pablo II, hacia la Subalcald\u00eda de la zona de San Roque.<br \/>\nDe la misma forma, en el Distrito 8, tuvo lugar los actos conmemorativos a los 196 a\u00f1os de independencia de Bolivia, donde participaron juntas vecinales de los m\u00e1s de 208 barrios con que cuenta este sector sur de la ciudad de El Alto, donde los vecinos fueron parte de este desfile.<br \/>\nLa alcaldesa de la ciudad de El Alto, Eva Copa, se hizo presente en el desfile del Distrito 10, junto a las autoridades del Ejecutivo como del Concejo Municipal, adem\u00e1s de la presencia de dirigentes de las diferentes organizaciones sociales, rindiendo homenaje a la efem\u00e9ride nacional.<br \/>\nEn la oportunidad la burgomaestre alte\u00f1a, destac\u00f3 el civismo de la poblaci\u00f3n y record\u00f3 que el desfile se organiz\u00f3 para celebrar un a\u00f1o m\u00e1s de la vida independiente de Bolivia.<br \/>\n\u201cNos hemos hecho presente en este desfile c\u00edvico, porque los alte\u00f1os siempre hemos demostrado que a pesar de todos los problemas pol\u00edticos y de salud, siempre vamos a estar de pie juntos y apoyando el progreso de nuestro pa\u00eds y de esta forma lograr mejores d\u00edas luego de que pase toda esta pandemia del coronavirus\u201d, se\u00f1al\u00f3 Copa.<br \/>\nEn cuanto a las medidas de bioseguridad, durante estos actos c\u00edvicos, la poblaci\u00f3n cumpli\u00f3 de manera disciplinada, con el uso del barbijo, adem\u00e1s en varios desfiles se pudo advertir la presencia de carros pulverizadores de amonio cuaternario, que desinfectaron de manera permanente los recorridos de esta actividad.<br \/>\nPor otro lado, con la finalidad de no provocar aglomeraciones, se tom\u00f3 la decisi\u00f3n de que solamente puedan asistir reducidas delegaciones de las diferentes organizaciones sociales, como en el caso de las comunidades de Parcopata y Amachuma del Distrito 10.<br \/>\nLa muestra de civismo y patriotismo se hizo evidente en toda la poblaci\u00f3n alte\u00f1a, que adem\u00e1s de hacerse presente en diferentes zonas de la urbe para rendir su homenaje a la patria con un desfile, tambi\u00e9n puso la ense\u00f1a patria en sus domicilios.<\/p>\n","protected":false},"excerpt":{"rendered":"<p>Desfiles c\u00edvicos descentralizados en diferentes distritos, con reducida presencia de asistentes, de organizaciones c\u00edvicas y autoridades municipales se desarrollaron durante la jornada de ayer en la ciudad de El Alto, en conmemoraci\u00f3n de los 196 a\u00f1os de la independencia de Bolivia. Estos homenajes a la patria, no fueron como en a\u00f1os pasados con la numerosa [&hellip;]<\/p>\n","protected":false},"author":1,"featured_media":21709,"comment_status":"closed","ping_status":"closed","sticky":false,"template":"","format":"standard","meta":{"_acf_changed":false,"footnotes":""},"categories":[12],"tags":[],"class_list":["post-21708","post","type-post","status-publish","format-standard","has-post-thumbnail","category-nacional"],"acf":{"antetitulo":""},"yoast_head":"<!-- This site is optimized with the Yoast SEO plugin v28.4 - https:\/\/yoast.com\/product\/yoast-seo-wordpress\/ -->\n<title>Desfiles c\u00edvicos reducidos en 196 a\u00f1os de independencia de Bolivia - El Diario - Bolivia<\/title>\n<meta name=\"robots\" content=\"index, follow, max-snippet:-1, max-image-preview:large, max-video-preview:-1\" \/>\n<link rel=\"canonical\" href=\"https:\/\/www.eldiario.net\/portal\/2021\/08\/06\/desfiles-civicos-reducidos-en-196-anos-de-independencia-de-bolivia\/\" \/>\n<meta property=\"og:locale\" content=\"es_ES\" \/>\n<meta property=\"og:type\" content=\"article\" \/>\n<meta property=\"og:title\" content=\"Desfiles c\u00edvicos reducidos en 196 a\u00f1os de independencia de Bolivia - El Diario - Bolivia\" \/>\n<meta property=\"og:description\" content=\"Desfiles c\u00edvicos descentralizados en diferentes distritos, con reducida presencia de asistentes, de organizaciones c\u00edvicas y autoridades municipales se desarrollaron durante la jornada de ayer en la ciudad de El Alto, en conmemoraci\u00f3n de los 196 a\u00f1os de la independencia de Bolivia. Estos homenajes a la patria, no fueron como en a\u00f1os pasados con la numerosa [&hellip;]\" \/>\n<meta property=\"og:url\" content=\"https:\/\/www.eldiario.net\/portal\/2021\/08\/06\/desfiles-civicos-reducidos-en-196-anos-de-independencia-de-bolivia\/\" \/>\n<meta property=\"og:site_name\" content=\"El Diario - Bolivia\" \/>\n<meta property=\"article:publisher\" content=\"https:\/\/www.facebook.com\/eldiario.bolivia\/\" \/>\n<meta property=\"article:published_time\" content=\"2021-08-06T10:45:32+00:00\" \/>\n<meta property=\"og:image\" content=\"https:\/\/www.eldiario.net\/portal\/wp-content\/uploads\/2021\/08\/1AL-3.jpg\" \/>\n\t<meta property=\"og:image:width\" content=\"1024\" \/>\n\t<meta property=\"og:image:height\" content=\"678\" \/>\n\t<meta property=\"og:image:type\" content=\"image\/jpeg\" \/>\n<meta name=\"author\" content=\"Jeanette\" \/>\n<meta name=\"twitter:card\" content=\"summary_large_image\" \/>\n<meta name=\"twitter:creator\" content=\"@eldiario_net\" \/>\n<meta name=\"twitter:site\" content=\"@eldiario_net\" \/>\n<meta name=\"twitter:label1\" content=\"Escrito por\" \/>\n\t<meta name=\"twitter:data1\" content=\"Jeanette\" \/>\n\t<meta name=\"twitter:label2\" content=\"Tiempo de lectura\" \/>\n\t<meta name=\"twitter:data2\" content=\"3 minutos\" \/>\n<script type=\"application\/ld+json\" class=\"yoast-schema-graph\">{\"@context\":\"https:\\\/\\\/schema.org\",\"@graph\":[{\"@type\":\"Article\",\"@id\":\"https:\\\/\\\/www.eldiario.net\\\/portal\\\/2021\\\/08\\\/06\\\/desfiles-civicos-reducidos-en-196-anos-de-independencia-de-bolivia\\\/#article\",\"isPartOf\":{\"@id\":\"https:\\\/\\\/www.eldiario.net\\\/portal\\\/2021\\\/08\\\/06\\\/desfiles-civicos-reducidos-en-196-anos-de-independencia-de-bolivia\\\/\"},\"author\":{\"name\":\"Jeanette\",\"@id\":\"https:\\\/\\\/www.eldiario.net\\\/portal\\\/#\\\/schema\\\/person\\\/2c57cf2b7a7ae032e449e4c9b1019eac\"},\"headline\":\"Desfiles c\u00edvicos reducidos en 196 a\u00f1os de independencia de Bolivia\",\"datePublished\":\"2021-08-06T10:45:32+00:00\",\"mainEntityOfPage\":{\"@id\":\"https:\\\/\\\/www.eldiario.net\\\/portal\\\/2021\\\/08\\\/06\\\/desfiles-civicos-reducidos-en-196-anos-de-independencia-de-bolivia\\\/\"},\"wordCount\":548,\"publisher\":{\"@id\":\"https:\\\/\\\/www.eldiario.net\\\/portal\\\/#organization\"},\"image\":{\"@id\":\"https:\\\/\\\/www.eldiario.net\\\/portal\\\/2021\\\/08\\\/06\\\/desfiles-civicos-reducidos-en-196-anos-de-independencia-de-bolivia\\\/#primaryimage\"},\"thumbnailUrl\":\"https:\\\/\\\/www.eldiario.net\\\/portal\\\/wp-content\\\/uploads\\\/2021\\\/08\\\/1AL-3.jpg\",\"articleSection\":[\"Nacional\"],\"inLanguage\":\"es\"},{\"@type\":\"WebPage\",\"@id\":\"https:\\\/\\\/www.eldiario.net\\\/portal\\\/2021\\\/08\\\/06\\\/desfiles-civicos-reducidos-en-196-anos-de-independencia-de-bolivia\\\/\",\"url\":\"https:\\\/\\\/www.eldiario.net\\\/portal\\\/2021\\\/08\\\/06\\\/desfiles-civicos-reducidos-en-196-anos-de-independencia-de-bolivia\\\/\",\"name\":\"Desfiles c\u00edvicos reducidos en 196 a\u00f1os de independencia de Bolivia - El Diario - Bolivia\",\"isPartOf\":{\"@id\":\"https:\\\/\\\/www.eldiario.net\\\/portal\\\/#website\"},\"primaryImageOfPage\":{\"@id\":\"https:\\\/\\\/www.eldiario.net\\\/portal\\\/2021\\\/08\\\/06\\\/desfiles-civicos-reducidos-en-196-anos-de-independencia-de-bolivia\\\/#primaryimage\"},\"image\":{\"@id\":\"https:\\\/\\\/www.eldiario.net\\\/portal\\\/2021\\\/08\\\/06\\\/desfiles-civicos-reducidos-en-196-anos-de-independencia-de-bolivia\\\/#primaryimage\"},\"thumbnailUrl\":\"https:\\\/\\\/www.eldiario.net\\\/portal\\\/wp-content\\\/uploads\\\/2021\\\/08\\\/1AL-3.jpg\",\"datePublished\":\"2021-08-06T10:45:32+00:00\",\"breadcrumb\":{\"@id\":\"https:\\\/\\\/www.eldiario.net\\\/portal\\\/2021\\\/08\\\/06\\\/desfiles-civicos-reducidos-en-196-anos-de-independencia-de-bolivia\\\/#breadcrumb\"},\"inLanguage\":\"es\",\"potentialAction\":[{\"@type\":\"ReadAction\",\"target\":[\"https:\\\/\\\/www.eldiario.net\\\/portal\\\/2021\\\/08\\\/06\\\/desfiles-civicos-reducidos-en-196-anos-de-independencia-de-bolivia\\\/\"]}]},{\"@type\":\"ImageObject\",\"inLanguage\":\"es\",\"@id\":\"https:\\\/\\\/www.eldiario.net\\\/portal\\\/2021\\\/08\\\/06\\\/desfiles-civicos-reducidos-en-196-anos-de-independencia-de-bolivia\\\/#primaryimage\",\"url\":\"https:\\\/\\\/www.eldiario.net\\\/portal\\\/wp-content\\\/uploads\\\/2021\\\/08\\\/1AL-3.jpg\",\"contentUrl\":\"https:\\\/\\\/www.eldiario.net\\\/portal\\\/wp-content\\\/uploads\\\/2021\\\/08\\\/1AL-3.jpg\",\"width\":1024,\"height\":678,\"caption\":\"Las autoridades municipales de El Alto rindieron homenaje a Bolivia, en el Distrito 10.\"},{\"@type\":\"BreadcrumbList\",\"@id\":\"https:\\\/\\\/www.eldiario.net\\\/portal\\\/2021\\\/08\\\/06\\\/desfiles-civicos-reducidos-en-196-anos-de-independencia-de-bolivia\\\/#breadcrumb\",\"itemListElement\":[{\"@type\":\"ListItem\",\"position\":1,\"name\":\"Portada\",\"item\":\"https:\\\/\\\/www.eldiario.net\\\/portal\\\/\"},{\"@type\":\"ListItem\",\"position\":2,\"name\":\"Desfiles c\u00edvicos reducidos en 196 a\u00f1os de independencia de Bolivia\"}]},{\"@type\":\"WebSite\",\"@id\":\"https:\\\/\\\/www.eldiario.net\\\/portal\\\/#website\",\"url\":\"https:\\\/\\\/www.eldiario.net\\\/portal\\\/\",\"name\":\"El Diario - Decano de la prensa nacional\",\"description\":\"El Diario - Decano de la prensa nacional\",\"publisher\":{\"@id\":\"https:\\\/\\\/www.eldiario.net\\\/portal\\\/#organization\"},\"potentialAction\":[{\"@type\":\"SearchAction\",\"target\":{\"@type\":\"EntryPoint\",\"urlTemplate\":\"https:\\\/\\\/www.eldiario.net\\\/portal\\\/?s={search_term_string}\"},\"query-input\":{\"@type\":\"PropertyValueSpecification\",\"valueRequired\":true,\"valueName\":\"search_term_string\"}}],\"inLanguage\":\"es\"},{\"@type\":\"Organization\",\"@id\":\"https:\\\/\\\/www.eldiario.net\\\/portal\\\/#organization\",\"name\":\"El Diario - Decano de la prensa nacional\",\"url\":\"https:\\\/\\\/www.eldiario.net\\\/portal\\\/\",\"logo\":{\"@type\":\"ImageObject\",\"inLanguage\":\"es\",\"@id\":\"https:\\\/\\\/www.eldiario.net\\\/portal\\\/#\\\/schema\\\/logo\\\/image\\\/\",\"url\":\"https:\\\/\\\/www.eldiario.net\\\/portal\\\/wp-content\\\/uploads\\\/2023\\\/07\\\/logo_ED.jpg\",\"contentUrl\":\"https:\\\/\\\/www.eldiario.net\\\/portal\\\/wp-content\\\/uploads\\\/2023\\\/07\\\/logo_ED.jpg\",\"width\":272,\"height\":52,\"caption\":\"El Diario - Decano de la prensa nacional\"},\"image\":{\"@id\":\"https:\\\/\\\/www.eldiario.net\\\/portal\\\/#\\\/schema\\\/logo\\\/image\\\/\"},\"sameAs\":[\"https:\\\/\\\/www.facebook.com\\\/eldiario.bolivia\\\/\",\"https:\\\/\\\/x.com\\\/eldiario_net\"]},{\"@type\":\"Person\",\"@id\":\"https:\\\/\\\/www.eldiario.net\\\/portal\\\/#\\\/schema\\\/person\\\/2c57cf2b7a7ae032e449e4c9b1019eac\",\"name\":\"Jeanette\",\"image\":{\"@type\":\"ImageObject\",\"inLanguage\":\"es\",\"@id\":\"https:\\\/\\\/secure.gravatar.com\\\/avatar\\\/3ea2118a5f7dad2b7138b1187a6b7ee55f160b9968b66013c3a3ef39dd7e5798?s=96&d=mm&r=g\",\"url\":\"https:\\\/\\\/secure.gravatar.com\\\/avatar\\\/3ea2118a5f7dad2b7138b1187a6b7ee55f160b9968b66013c3a3ef39dd7e5798?s=96&d=mm&r=g\",\"contentUrl\":\"https:\\\/\\\/secure.gravatar.com\\\/avatar\\\/3ea2118a5f7dad2b7138b1187a6b7ee55f160b9968b66013c3a3ef39dd7e5798?s=96&d=mm&r=g\",\"caption\":\"Jeanette\"},\"sameAs\":[\"https:\\\/\\\/www.eldiario.net\\\/portal\"],\"url\":\"https:\\\/\\\/www.eldiario.net\\\/portal\\\/author\\\/jeanette\\\/\"}]}<\/script>\n<!-- \/ Yoast SEO plugin. -->","yoast_head_json":{"title":"Desfiles c\u00edvicos reducidos en 196 a\u00f1os de independencia de Bolivia - El Diario - Bolivia","robots":{"index":"index","follow":"follow","max-snippet":"max-snippet:-1","max-image-preview":"max-image-preview:large","max-video-preview":"max-video-preview:-1"},"canonical":"https:\/\/www.eldiario.net\/portal\/2021\/08\/06\/desfiles-civicos-reducidos-en-196-anos-de-independencia-de-bolivia\/","og_locale":"es_ES","og_type":"article","og_title":"Desfiles c\u00edvicos reducidos en 196 a\u00f1os de independencia de Bolivia - El Diario - Bolivia","og_description":"Desfiles c\u00edvicos descentralizados en diferentes distritos, con reducida presencia de asistentes, de organizaciones c\u00edvicas y autoridades municipales se desarrollaron durante la jornada de ayer en la ciudad de El Alto, en conmemoraci\u00f3n de los 196 a\u00f1os de la independencia de Bolivia. Estos homenajes a la patria, no fueron como en a\u00f1os pasados con la numerosa [&hellip;]","og_url":"https:\/\/www.eldiario.net\/portal\/2021\/08\/06\/desfiles-civicos-reducidos-en-196-anos-de-independencia-de-bolivia\/","og_site_name":"El Diario - Bolivia","article_publisher":"https:\/\/www.facebook.com\/eldiario.bolivia\/","article_published_time":"2021-08-06T10:45:32+00:00","og_image":[{"width":1024,"height":678,"url":"https:\/\/www.eldiario.net\/portal\/wp-content\/uploads\/2021\/08\/1AL-3.jpg","type":"image\/jpeg"}],"author":"Jeanette","twitter_card":"summary_large_image","twitter_creator":"@eldiario_net","twitter_site":"@eldiario_net","twitter_misc":{"Escrito por":"Jeanette","Tiempo de lectura":"3 minutos"},"schema":{"@context":"https:\/\/schema.org","@graph":[{"@type":"Article","@id":"https:\/\/www.eldiario.net\/portal\/2021\/08\/06\/desfiles-civicos-reducidos-en-196-anos-de-independencia-de-bolivia\/#article","isPartOf":{"@id":"https:\/\/www.eldiario.net\/portal\/2021\/08\/06\/desfiles-civicos-reducidos-en-196-anos-de-independencia-de-bolivia\/"},"author":{"name":"Jeanette","@id":"https:\/\/www.eldiario.net\/portal\/#\/schema\/person\/2c57cf2b7a7ae032e449e4c9b1019eac"},"headline":"Desfiles c\u00edvicos reducidos en 196 a\u00f1os de independencia de Bolivia","datePublished":"2021-08-06T10:45:32+00:00","mainEntityOfPage":{"@id":"https:\/\/www.eldiario.net\/portal\/2021\/08\/06\/desfiles-civicos-reducidos-en-196-anos-de-independencia-de-bolivia\/"},"wordCount":548,"publisher":{"@id":"https:\/\/www.eldiario.net\/portal\/#organization"},"image":{"@id":"https:\/\/www.eldiario.net\/portal\/2021\/08\/06\/desfiles-civicos-reducidos-en-196-anos-de-independencia-de-bolivia\/#primaryimage"},"thumbnailUrl":"https:\/\/www.eldiario.net\/portal\/wp-content\/uploads\/2021\/08\/1AL-3.jpg","articleSection":["Nacional"],"inLanguage":"es"},{"@type":"WebPage","@id":"https:\/\/www.eldiario.net\/portal\/2021\/08\/06\/desfiles-civicos-reducidos-en-196-anos-de-independencia-de-bolivia\/","url":"https:\/\/www.eldiario.net\/portal\/2021\/08\/06\/desfiles-civicos-reducidos-en-196-anos-de-independencia-de-bolivia\/","name":"Desfiles c\u00edvicos reducidos en 196 a\u00f1os de independencia de Bolivia - El Diario - Bolivia","isPartOf":{"@id":"https:\/\/www.eldiario.net\/portal\/#website"},"primaryImageOfPage":{"@id":"https:\/\/www.eldiario.net\/portal\/2021\/08\/06\/desfiles-civicos-reducidos-en-196-anos-de-independencia-de-bolivia\/#primaryimage"},"image":{"@id":"https:\/\/www.eldiario.net\/portal\/2021\/08\/06\/desfiles-civicos-reducidos-en-196-anos-de-independencia-de-bolivia\/#primaryimage"},"thumbnailUrl":"https:\/\/www.eldiario.net\/portal\/wp-content\/uploads\/2021\/08\/1AL-3.jpg","datePublished":"2021-08-06T10:45:32+00:00","breadcrumb":{"@id":"https:\/\/www.eldiario.net\/portal\/2021\/08\/06\/desfiles-civicos-reducidos-en-196-anos-de-independencia-de-bolivia\/#breadcrumb"},"inLanguage":"es","potentialAction":[{"@type":"ReadAction","target":["https:\/\/www.eldiario.net\/portal\/2021\/08\/06\/desfiles-civicos-reducidos-en-196-anos-de-independencia-de-bolivia\/"]}]},{"@type":"ImageObject","inLanguage":"es","@id":"https:\/\/www.eldiario.net\/portal\/2021\/08\/06\/desfiles-civicos-reducidos-en-196-anos-de-independencia-de-bolivia\/#primaryimage","url":"https:\/\/www.eldiario.net\/portal\/wp-content\/uploads\/2021\/08\/1AL-3.jpg","contentUrl":"https:\/\/www.eldiario.net\/portal\/wp-content\/uploads\/2021\/08\/1AL-3.jpg","width":1024,"height":678,"caption":"Las autoridades municipales de El Alto rindieron homenaje a Bolivia, en el Distrito 10."},{"@type":"BreadcrumbList","@id":"https:\/\/www.eldiario.net\/portal\/2021\/08\/06\/desfiles-civicos-reducidos-en-196-anos-de-independencia-de-bolivia\/#breadcrumb","itemListElement":[{"@type":"ListItem","position":1,"name":"Portada","item":"https:\/\/www.eldiario.net\/portal\/"},{"@type":"ListItem","position":2,"name":"Desfiles c\u00edvicos reducidos en 196 a\u00f1os de independencia de Bolivia"}]},{"@type":"WebSite","@id":"https:\/\/www.eldiario.net\/portal\/#website","url":"https:\/\/www.eldiario.net\/portal\/","name":"El Diario - Decano de la prensa nacional","description":"El Diario - Decano de la prensa nacional","publisher":{"@id":"https:\/\/www.eldiario.net\/portal\/#organization"},"potentialAction":[{"@type":"SearchAction","target":{"@type":"EntryPoint","urlTemplate":"https:\/\/www.eldiario.net\/portal\/?s={search_term_string}"},"query-input":{"@type":"PropertyValueSpecification","valueRequired":true,"valueName":"search_term_string"}}],"inLanguage":"es"},{"@type":"Organization","@id":"https:\/\/www.eldiario.net\/portal\/#organization","name":"El Diario - Decano de la prensa nacional","url":"https:\/\/www.eldiario.net\/portal\/","logo":{"@type":"ImageObject","inLanguage":"es","@id":"https:\/\/www.eldiario.net\/portal\/#\/schema\/logo\/image\/","url":"https:\/\/www.eldiario.net\/portal\/wp-content\/uploads\/2023\/07\/logo_ED.jpg","contentUrl":"https:\/\/www.eldiario.net\/portal\/wp-content\/uploads\/2023\/07\/logo_ED.jpg","width":272,"height":52,"caption":"El Diario - Decano de la prensa nacional"},"image":{"@id":"https:\/\/www.eldiario.net\/portal\/#\/schema\/logo\/image\/"},"sameAs":["https:\/\/www.facebook.com\/eldiario.bolivia\/","https:\/\/x.com\/eldiario_net"]},{"@type":"Person","@id":"https:\/\/www.eldiario.net\/portal\/#\/schema\/person\/2c57cf2b7a7ae032e449e4c9b1019eac","name":"Jeanette","image":{"@type":"ImageObject","inLanguage":"es","@id":"https:\/\/secure.gravatar.com\/avatar\/3ea2118a5f7dad2b7138b1187a6b7ee55f160b9968b66013c3a3ef39dd7e5798?s=96&d=mm&r=g","url":"https:\/\/secure.gravatar.com\/avatar\/3ea2118a5f7dad2b7138b1187a6b7ee55f160b9968b66013c3a3ef39dd7e5798?s=96&d=mm&r=g","contentUrl":"https:\/\/secure.gravatar.com\/avatar\/3ea2118a5f7dad2b7138b1187a6b7ee55f160b9968b66013c3a3ef39dd7e5798?s=96&d=mm&r=g","caption":"Jeanette"},"sameAs":["https:\/\/www.eldiario.net\/portal"],"url":"https:\/\/www.eldiario.net\/portal\/author\/jeanette\/"}]}},"_links":{"self":[{"href":"https:\/\/www.eldiario.net\/portal\/wp-json\/wp\/v2\/posts\/21708","targetHints":{"allow":["GET"]}}],"collection":[{"href":"https:\/\/www.eldiario.net\/portal\/wp-json\/wp\/v2\/posts"}],"about":[{"href":"https:\/\/www.eldiario.net\/portal\/wp-json\/wp\/v2\/types\/post"}],"author":[{"embeddable":true,"href":"https:\/\/www.eldiario.net\/portal\/wp-json\/wp\/v2\/users\/1"}],"replies":[{"embeddable":true,"href":"https:\/\/www.eldiario.net\/portal\/wp-json\/wp\/v2\/comments?post=21708"}],"version-history":[{"count":0,"href":"https:\/\/www.eldiario.net\/portal\/wp-json\/wp\/v2\/posts\/21708\/revisions"}],"wp:featuredmedia":[{"embeddable":true,"href":"https:\/\/www.eldiario.net\/portal\/wp-json\/wp\/v2\/media\/21709"}],"wp:attachment":[{"href":"https:\/\/www.eldiario.net\/portal\/wp-json\/wp\/v2\/media?parent=21708"}],"wp:term":[{"taxonomy":"category","embeddable":true,"href":"https:\/\/www.eldiario.net\/portal\/wp-json\/wp\/v2\/categories?post=21708"},{"taxonomy":"post_tag","embeddable":true,"href":"https:\/\/www.eldiario.net\/portal\/wp-json\/wp\/v2\/tags?post=21708"}],"curies":[{"name":"wp","href":"https:\/\/api.w.org\/{rel}","templated":true}]}}