{"id":21705,"date":"2021-08-06T06:44:35","date_gmt":"2021-08-06T10:44:35","guid":{"rendered":"https:\/\/www.eldiario.net\/portal\/?p=21705"},"modified":"2021-08-06T06:44:35","modified_gmt":"2021-08-06T10:44:35","slug":"ue-rechaza-acusaciones-sobre-supuesto-golpe-de-estado-en-2019","status":"publish","type":"post","link":"https:\/\/www.eldiario.net\/portal\/2021\/08\/06\/ue-rechaza-acusaciones-sobre-supuesto-golpe-de-estado-en-2019\/","title":{"rendered":"UE rechaza acusaciones sobre supuesto golpe de Estado en 2019"},"content":{"rendered":"<p>Ante versiones planteadas por el gobierno del Movimiento al Socialismo (MAS) sobre la supuesta participaci\u00f3n de la Uni\u00f3n Europea (UE) en una conspiraci\u00f3n durante la crisis post electoral de 2019, esta instancia rechaz\u00f3 categ\u00f3ricamente estas acusaciones y se\u00f1al\u00f3 que su \u00fanico papel en ese conflicto fue coadyuvar en la pacificaci\u00f3n del pa\u00eds mediante el di\u00e1logo y propiciando el encuentro entre actores pol\u00edticos.<br \/>\nMediante un comunicado, la representaci\u00f3n de la UE en Bolivia expres\u00f3 su rechazo a las acusaciones que se\u00f1alan alg\u00fan tipo de participaci\u00f3n en planes de conspiraci\u00f3n para promover un supuesto golpe de Estado en 2019.<br \/>\n\u201cLa delegaci\u00f3n de la Uni\u00f3n Europea, junto con las misiones diplom\u00e1ticas de los Estados miembros de la UE en Bolivia, rechaza categ\u00f3ricamente las acusaciones de haber participado en noviembre de 2019 en una conspiraci\u00f3n con el objetivo de preparar un golpe de Estado\u201d, se\u00f1ala parte de la nota compartida en redes sociales.<br \/>\nEsta representaci\u00f3n expresa que su \u00fanica participaci\u00f3n fue la de facilitar el encuentro entre los principales actores pol\u00edticos del pa\u00eds para ayudar en el proceso de pacificaci\u00f3n y superar los escenarios de violencia que se registraban en varios puntos del pa\u00eds.<br \/>\n\u201cEn noviembre de 2019, la Uni\u00f3n Europea, bajo el liderazgo de la Iglesia Cat\u00f3lica, ayud\u00f3 a facilitar reuniones involucrando a actores clave de todos los partidos pol\u00edticos, incluido representantes del MAS, con un solo objetivo: ayudar a pacificar el pa\u00eds en tiempos de extrema tensi\u00f3n, facilitando una plataforma para el di\u00e1logo, con el prop\u00f3sito de evitar m\u00e1s violencia y poner fin a la crisis que sacudi\u00f3 el pa\u00eds\u201d, se se\u00f1ala.<br \/>\nInmediatamente conocida esta posici\u00f3n, l\u00edderes de oposici\u00f3n como el jefe de Comunidad Ciudadana, Carlos Mesa Gisbert, manifestaron su punto de vista calificando como un mensaje duro para el gobierno del MAS el que la uni\u00f3n europea desmienta la teor\u00eda del golpe que intenta promoverse desde el oficialismo.<br \/>\n\u201cLa Uni\u00f3n Europea manda un duro mensaje al gobierno, desmintiendo la existencia de un \u201cgolpe de Estado\u201d y ratifica el objetivo democr\u00e1tico de las reuniones de noviembre de 2019\u201d, manifest\u00f3.<br \/>\nPor su parte, el expresidente Jorge Quiroga Ram\u00edrez sostuvo que esta posici\u00f3n rechaza la tramoya armada por el Gobierno y espera que los gobiernos como el de Espa\u00f1a se pronuncie en los pr\u00f3ximos d\u00edas para respaldar el informe auditor\u00eda que confirm\u00f3 el fraude electoral en los comicios de 2019.<br \/>\n\u201cFinalmente, despu\u00e9s de meses de silencio, la Uni\u00f3n Europea rechaza la tramoya del \u2018golpe\u2019 montada por el MAS; ahora UE debe respaldar su informe sobre fraude 2019. Esperamos que Espa\u00f1a tambi\u00e9n revindique su mediaci\u00f3n democr\u00e1tica, as\u00ed como su apoyo a la auditor\u00eda de la Organizaci\u00f3n de Estados Americanos\u201d, comparti\u00f3 Quiroga.<\/p>\n","protected":false},"excerpt":{"rendered":"<p>Ante versiones planteadas por el gobierno del Movimiento al Socialismo (MAS) sobre la supuesta participaci\u00f3n de la Uni\u00f3n Europea (UE) en una conspiraci\u00f3n durante la crisis post electoral de 2019, esta instancia rechaz\u00f3 categ\u00f3ricamente estas acusaciones y se\u00f1al\u00f3 que su \u00fanico papel en ese conflicto fue coadyuvar en la pacificaci\u00f3n del pa\u00eds mediante el di\u00e1logo [&hellip;]<\/p>\n","protected":false},"author":1,"featured_media":21706,"comment_status":"closed","ping_status":"closed","sticky":false,"template":"","format":"standard","meta":{"_acf_changed":false,"footnotes":""},"categories":[14],"tags":[],"class_list":["post-21705","post","type-post","status-publish","format-standard","has-post-thumbnail","category-politica"],"acf":{"antetitulo":""},"yoast_head":"<!-- This site is optimized with the Yoast SEO plugin v28.4 - https:\/\/yoast.com\/product\/yoast-seo-wordpress\/ -->\n<title>UE rechaza acusaciones sobre supuesto golpe de Estado en 2019 - El Diario - Bolivia<\/title>\n<meta name=\"robots\" content=\"index, follow, max-snippet:-1, max-image-preview:large, max-video-preview:-1\" \/>\n<link rel=\"canonical\" href=\"https:\/\/www.eldiario.net\/portal\/2021\/08\/06\/ue-rechaza-acusaciones-sobre-supuesto-golpe-de-estado-en-2019\/\" \/>\n<meta property=\"og:locale\" content=\"es_ES\" \/>\n<meta property=\"og:type\" content=\"article\" \/>\n<meta property=\"og:title\" content=\"UE rechaza acusaciones sobre supuesto golpe de Estado en 2019 - El Diario - Bolivia\" \/>\n<meta property=\"og:description\" content=\"Ante versiones planteadas por el gobierno del Movimiento al Socialismo (MAS) sobre la supuesta participaci\u00f3n de la Uni\u00f3n Europea (UE) en una conspiraci\u00f3n durante la crisis post electoral de 2019, esta instancia rechaz\u00f3 categ\u00f3ricamente estas acusaciones y se\u00f1al\u00f3 que su \u00fanico papel en ese conflicto fue coadyuvar en la pacificaci\u00f3n del pa\u00eds mediante el di\u00e1logo [&hellip;]\" \/>\n<meta property=\"og:url\" content=\"https:\/\/www.eldiario.net\/portal\/2021\/08\/06\/ue-rechaza-acusaciones-sobre-supuesto-golpe-de-estado-en-2019\/\" \/>\n<meta property=\"og:site_name\" content=\"El Diario - Bolivia\" \/>\n<meta property=\"article:publisher\" content=\"https:\/\/www.facebook.com\/eldiario.bolivia\/\" \/>\n<meta property=\"article:published_time\" content=\"2021-08-06T10:44:35+00:00\" \/>\n<meta name=\"author\" content=\"Jeanette\" \/>\n<meta name=\"twitter:card\" content=\"summary_large_image\" \/>\n<meta name=\"twitter:creator\" content=\"@eldiario_net\" \/>\n<meta name=\"twitter:site\" content=\"@eldiario_net\" \/>\n<meta name=\"twitter:label1\" content=\"Escrito por\" \/>\n\t<meta name=\"twitter:data1\" content=\"Jeanette\" \/>\n\t<meta name=\"twitter:label2\" content=\"Tiempo de lectura\" \/>\n\t<meta name=\"twitter:data2\" content=\"2 minutos\" \/>\n<script type=\"application\/ld+json\" class=\"yoast-schema-graph\">{\"@context\":\"https:\\\/\\\/schema.org\",\"@graph\":[{\"@type\":\"Article\",\"@id\":\"https:\\\/\\\/www.eldiario.net\\\/portal\\\/2021\\\/08\\\/06\\\/ue-rechaza-acusaciones-sobre-supuesto-golpe-de-estado-en-2019\\\/#article\",\"isPartOf\":{\"@id\":\"https:\\\/\\\/www.eldiario.net\\\/portal\\\/2021\\\/08\\\/06\\\/ue-rechaza-acusaciones-sobre-supuesto-golpe-de-estado-en-2019\\\/\"},\"author\":{\"name\":\"Jeanette\",\"@id\":\"https:\\\/\\\/www.eldiario.net\\\/portal\\\/#\\\/schema\\\/person\\\/2c57cf2b7a7ae032e449e4c9b1019eac\"},\"headline\":\"UE rechaza acusaciones sobre supuesto golpe de Estado en 2019\",\"datePublished\":\"2021-08-06T10:44:35+00:00\",\"mainEntityOfPage\":{\"@id\":\"https:\\\/\\\/www.eldiario.net\\\/portal\\\/2021\\\/08\\\/06\\\/ue-rechaza-acusaciones-sobre-supuesto-golpe-de-estado-en-2019\\\/\"},\"wordCount\":495,\"publisher\":{\"@id\":\"https:\\\/\\\/www.eldiario.net\\\/portal\\\/#organization\"},\"image\":{\"@id\":\"https:\\\/\\\/www.eldiario.net\\\/portal\\\/2021\\\/08\\\/06\\\/ue-rechaza-acusaciones-sobre-supuesto-golpe-de-estado-en-2019\\\/#primaryimage\"},\"thumbnailUrl\":\"\",\"articleSection\":[\"Pol\u00edtica\"],\"inLanguage\":\"es\"},{\"@type\":\"WebPage\",\"@id\":\"https:\\\/\\\/www.eldiario.net\\\/portal\\\/2021\\\/08\\\/06\\\/ue-rechaza-acusaciones-sobre-supuesto-golpe-de-estado-en-2019\\\/\",\"url\":\"https:\\\/\\\/www.eldiario.net\\\/portal\\\/2021\\\/08\\\/06\\\/ue-rechaza-acusaciones-sobre-supuesto-golpe-de-estado-en-2019\\\/\",\"name\":\"UE rechaza acusaciones sobre supuesto golpe de Estado en 2019 - El Diario - Bolivia\",\"isPartOf\":{\"@id\":\"https:\\\/\\\/www.eldiario.net\\\/portal\\\/#website\"},\"primaryImageOfPage\":{\"@id\":\"https:\\\/\\\/www.eldiario.net\\\/portal\\\/2021\\\/08\\\/06\\\/ue-rechaza-acusaciones-sobre-supuesto-golpe-de-estado-en-2019\\\/#primaryimage\"},\"image\":{\"@id\":\"https:\\\/\\\/www.eldiario.net\\\/portal\\\/2021\\\/08\\\/06\\\/ue-rechaza-acusaciones-sobre-supuesto-golpe-de-estado-en-2019\\\/#primaryimage\"},\"thumbnailUrl\":\"\",\"datePublished\":\"2021-08-06T10:44:35+00:00\",\"breadcrumb\":{\"@id\":\"https:\\\/\\\/www.eldiario.net\\\/portal\\\/2021\\\/08\\\/06\\\/ue-rechaza-acusaciones-sobre-supuesto-golpe-de-estado-en-2019\\\/#breadcrumb\"},\"inLanguage\":\"es\",\"potentialAction\":[{\"@type\":\"ReadAction\",\"target\":[\"https:\\\/\\\/www.eldiario.net\\\/portal\\\/2021\\\/08\\\/06\\\/ue-rechaza-acusaciones-sobre-supuesto-golpe-de-estado-en-2019\\\/\"]}]},{\"@type\":\"ImageObject\",\"inLanguage\":\"es\",\"@id\":\"https:\\\/\\\/www.eldiario.net\\\/portal\\\/2021\\\/08\\\/06\\\/ue-rechaza-acusaciones-sobre-supuesto-golpe-de-estado-en-2019\\\/#primaryimage\",\"url\":\"\",\"contentUrl\":\"\"},{\"@type\":\"BreadcrumbList\",\"@id\":\"https:\\\/\\\/www.eldiario.net\\\/portal\\\/2021\\\/08\\\/06\\\/ue-rechaza-acusaciones-sobre-supuesto-golpe-de-estado-en-2019\\\/#breadcrumb\",\"itemListElement\":[{\"@type\":\"ListItem\",\"position\":1,\"name\":\"Portada\",\"item\":\"https:\\\/\\\/www.eldiario.net\\\/portal\\\/\"},{\"@type\":\"ListItem\",\"position\":2,\"name\":\"UE rechaza acusaciones sobre supuesto golpe de Estado en 2019\"}]},{\"@type\":\"WebSite\",\"@id\":\"https:\\\/\\\/www.eldiario.net\\\/portal\\\/#website\",\"url\":\"https:\\\/\\\/www.eldiario.net\\\/portal\\\/\",\"name\":\"El Diario - Decano de la prensa nacional\",\"description\":\"El Diario - Decano de la prensa nacional\",\"publisher\":{\"@id\":\"https:\\\/\\\/www.eldiario.net\\\/portal\\\/#organization\"},\"potentialAction\":[{\"@type\":\"SearchAction\",\"target\":{\"@type\":\"EntryPoint\",\"urlTemplate\":\"https:\\\/\\\/www.eldiario.net\\\/portal\\\/?s={search_term_string}\"},\"query-input\":{\"@type\":\"PropertyValueSpecification\",\"valueRequired\":true,\"valueName\":\"search_term_string\"}}],\"inLanguage\":\"es\"},{\"@type\":\"Organization\",\"@id\":\"https:\\\/\\\/www.eldiario.net\\\/portal\\\/#organization\",\"name\":\"El Diario - Decano de la prensa nacional\",\"url\":\"https:\\\/\\\/www.eldiario.net\\\/portal\\\/\",\"logo\":{\"@type\":\"ImageObject\",\"inLanguage\":\"es\",\"@id\":\"https:\\\/\\\/www.eldiario.net\\\/portal\\\/#\\\/schema\\\/logo\\\/image\\\/\",\"url\":\"https:\\\/\\\/www.eldiario.net\\\/portal\\\/wp-content\\\/uploads\\\/2023\\\/07\\\/logo_ED.jpg\",\"contentUrl\":\"https:\\\/\\\/www.eldiario.net\\\/portal\\\/wp-content\\\/uploads\\\/2023\\\/07\\\/logo_ED.jpg\",\"width\":272,\"height\":52,\"caption\":\"El Diario - Decano de la prensa nacional\"},\"image\":{\"@id\":\"https:\\\/\\\/www.eldiario.net\\\/portal\\\/#\\\/schema\\\/logo\\\/image\\\/\"},\"sameAs\":[\"https:\\\/\\\/www.facebook.com\\\/eldiario.bolivia\\\/\",\"https:\\\/\\\/x.com\\\/eldiario_net\"]},{\"@type\":\"Person\",\"@id\":\"https:\\\/\\\/www.eldiario.net\\\/portal\\\/#\\\/schema\\\/person\\\/2c57cf2b7a7ae032e449e4c9b1019eac\",\"name\":\"Jeanette\",\"image\":{\"@type\":\"ImageObject\",\"inLanguage\":\"es\",\"@id\":\"https:\\\/\\\/secure.gravatar.com\\\/avatar\\\/3ea2118a5f7dad2b7138b1187a6b7ee55f160b9968b66013c3a3ef39dd7e5798?s=96&d=mm&r=g\",\"url\":\"https:\\\/\\\/secure.gravatar.com\\\/avatar\\\/3ea2118a5f7dad2b7138b1187a6b7ee55f160b9968b66013c3a3ef39dd7e5798?s=96&d=mm&r=g\",\"contentUrl\":\"https:\\\/\\\/secure.gravatar.com\\\/avatar\\\/3ea2118a5f7dad2b7138b1187a6b7ee55f160b9968b66013c3a3ef39dd7e5798?s=96&d=mm&r=g\",\"caption\":\"Jeanette\"},\"sameAs\":[\"https:\\\/\\\/www.eldiario.net\\\/portal\"],\"url\":\"https:\\\/\\\/www.eldiario.net\\\/portal\\\/author\\\/jeanette\\\/\"}]}<\/script>\n<!-- \/ Yoast SEO plugin. -->","yoast_head_json":{"title":"UE rechaza acusaciones sobre supuesto golpe de Estado en 2019 - El Diario - Bolivia","robots":{"index":"index","follow":"follow","max-snippet":"max-snippet:-1","max-image-preview":"max-image-preview:large","max-video-preview":"max-video-preview:-1"},"canonical":"https:\/\/www.eldiario.net\/portal\/2021\/08\/06\/ue-rechaza-acusaciones-sobre-supuesto-golpe-de-estado-en-2019\/","og_locale":"es_ES","og_type":"article","og_title":"UE rechaza acusaciones sobre supuesto golpe de Estado en 2019 - El Diario - Bolivia","og_description":"Ante versiones planteadas por el gobierno del Movimiento al Socialismo (MAS) sobre la supuesta participaci\u00f3n de la Uni\u00f3n Europea (UE) en una conspiraci\u00f3n durante la crisis post electoral de 2019, esta instancia rechaz\u00f3 categ\u00f3ricamente estas acusaciones y se\u00f1al\u00f3 que su \u00fanico papel en ese conflicto fue coadyuvar en la pacificaci\u00f3n del pa\u00eds mediante el di\u00e1logo [&hellip;]","og_url":"https:\/\/www.eldiario.net\/portal\/2021\/08\/06\/ue-rechaza-acusaciones-sobre-supuesto-golpe-de-estado-en-2019\/","og_site_name":"El Diario - Bolivia","article_publisher":"https:\/\/www.facebook.com\/eldiario.bolivia\/","article_published_time":"2021-08-06T10:44:35+00:00","author":"Jeanette","twitter_card":"summary_large_image","twitter_creator":"@eldiario_net","twitter_site":"@eldiario_net","twitter_misc":{"Escrito por":"Jeanette","Tiempo de lectura":"2 minutos"},"schema":{"@context":"https:\/\/schema.org","@graph":[{"@type":"Article","@id":"https:\/\/www.eldiario.net\/portal\/2021\/08\/06\/ue-rechaza-acusaciones-sobre-supuesto-golpe-de-estado-en-2019\/#article","isPartOf":{"@id":"https:\/\/www.eldiario.net\/portal\/2021\/08\/06\/ue-rechaza-acusaciones-sobre-supuesto-golpe-de-estado-en-2019\/"},"author":{"name":"Jeanette","@id":"https:\/\/www.eldiario.net\/portal\/#\/schema\/person\/2c57cf2b7a7ae032e449e4c9b1019eac"},"headline":"UE rechaza acusaciones sobre supuesto golpe de Estado en 2019","datePublished":"2021-08-06T10:44:35+00:00","mainEntityOfPage":{"@id":"https:\/\/www.eldiario.net\/portal\/2021\/08\/06\/ue-rechaza-acusaciones-sobre-supuesto-golpe-de-estado-en-2019\/"},"wordCount":495,"publisher":{"@id":"https:\/\/www.eldiario.net\/portal\/#organization"},"image":{"@id":"https:\/\/www.eldiario.net\/portal\/2021\/08\/06\/ue-rechaza-acusaciones-sobre-supuesto-golpe-de-estado-en-2019\/#primaryimage"},"thumbnailUrl":"","articleSection":["Pol\u00edtica"],"inLanguage":"es"},{"@type":"WebPage","@id":"https:\/\/www.eldiario.net\/portal\/2021\/08\/06\/ue-rechaza-acusaciones-sobre-supuesto-golpe-de-estado-en-2019\/","url":"https:\/\/www.eldiario.net\/portal\/2021\/08\/06\/ue-rechaza-acusaciones-sobre-supuesto-golpe-de-estado-en-2019\/","name":"UE rechaza acusaciones sobre supuesto golpe de Estado en 2019 - El Diario - Bolivia","isPartOf":{"@id":"https:\/\/www.eldiario.net\/portal\/#website"},"primaryImageOfPage":{"@id":"https:\/\/www.eldiario.net\/portal\/2021\/08\/06\/ue-rechaza-acusaciones-sobre-supuesto-golpe-de-estado-en-2019\/#primaryimage"},"image":{"@id":"https:\/\/www.eldiario.net\/portal\/2021\/08\/06\/ue-rechaza-acusaciones-sobre-supuesto-golpe-de-estado-en-2019\/#primaryimage"},"thumbnailUrl":"","datePublished":"2021-08-06T10:44:35+00:00","breadcrumb":{"@id":"https:\/\/www.eldiario.net\/portal\/2021\/08\/06\/ue-rechaza-acusaciones-sobre-supuesto-golpe-de-estado-en-2019\/#breadcrumb"},"inLanguage":"es","potentialAction":[{"@type":"ReadAction","target":["https:\/\/www.eldiario.net\/portal\/2021\/08\/06\/ue-rechaza-acusaciones-sobre-supuesto-golpe-de-estado-en-2019\/"]}]},{"@type":"ImageObject","inLanguage":"es","@id":"https:\/\/www.eldiario.net\/portal\/2021\/08\/06\/ue-rechaza-acusaciones-sobre-supuesto-golpe-de-estado-en-2019\/#primaryimage","url":"","contentUrl":""},{"@type":"BreadcrumbList","@id":"https:\/\/www.eldiario.net\/portal\/2021\/08\/06\/ue-rechaza-acusaciones-sobre-supuesto-golpe-de-estado-en-2019\/#breadcrumb","itemListElement":[{"@type":"ListItem","position":1,"name":"Portada","item":"https:\/\/www.eldiario.net\/portal\/"},{"@type":"ListItem","position":2,"name":"UE rechaza acusaciones sobre supuesto golpe de Estado en 2019"}]},{"@type":"WebSite","@id":"https:\/\/www.eldiario.net\/portal\/#website","url":"https:\/\/www.eldiario.net\/portal\/","name":"El Diario - Decano de la prensa nacional","description":"El Diario - Decano de la prensa nacional","publisher":{"@id":"https:\/\/www.eldiario.net\/portal\/#organization"},"potentialAction":[{"@type":"SearchAction","target":{"@type":"EntryPoint","urlTemplate":"https:\/\/www.eldiario.net\/portal\/?s={search_term_string}"},"query-input":{"@type":"PropertyValueSpecification","valueRequired":true,"valueName":"search_term_string"}}],"inLanguage":"es"},{"@type":"Organization","@id":"https:\/\/www.eldiario.net\/portal\/#organization","name":"El Diario - Decano de la prensa nacional","url":"https:\/\/www.eldiario.net\/portal\/","logo":{"@type":"ImageObject","inLanguage":"es","@id":"https:\/\/www.eldiario.net\/portal\/#\/schema\/logo\/image\/","url":"https:\/\/www.eldiario.net\/portal\/wp-content\/uploads\/2023\/07\/logo_ED.jpg","contentUrl":"https:\/\/www.eldiario.net\/portal\/wp-content\/uploads\/2023\/07\/logo_ED.jpg","width":272,"height":52,"caption":"El Diario - Decano de la prensa nacional"},"image":{"@id":"https:\/\/www.eldiario.net\/portal\/#\/schema\/logo\/image\/"},"sameAs":["https:\/\/www.facebook.com\/eldiario.bolivia\/","https:\/\/x.com\/eldiario_net"]},{"@type":"Person","@id":"https:\/\/www.eldiario.net\/portal\/#\/schema\/person\/2c57cf2b7a7ae032e449e4c9b1019eac","name":"Jeanette","image":{"@type":"ImageObject","inLanguage":"es","@id":"https:\/\/secure.gravatar.com\/avatar\/3ea2118a5f7dad2b7138b1187a6b7ee55f160b9968b66013c3a3ef39dd7e5798?s=96&d=mm&r=g","url":"https:\/\/secure.gravatar.com\/avatar\/3ea2118a5f7dad2b7138b1187a6b7ee55f160b9968b66013c3a3ef39dd7e5798?s=96&d=mm&r=g","contentUrl":"https:\/\/secure.gravatar.com\/avatar\/3ea2118a5f7dad2b7138b1187a6b7ee55f160b9968b66013c3a3ef39dd7e5798?s=96&d=mm&r=g","caption":"Jeanette"},"sameAs":["https:\/\/www.eldiario.net\/portal"],"url":"https:\/\/www.eldiario.net\/portal\/author\/jeanette\/"}]}},"_links":{"self":[{"href":"https:\/\/www.eldiario.net\/portal\/wp-json\/wp\/v2\/posts\/21705","targetHints":{"allow":["GET"]}}],"collection":[{"href":"https:\/\/www.eldiario.net\/portal\/wp-json\/wp\/v2\/posts"}],"about":[{"href":"https:\/\/www.eldiario.net\/portal\/wp-json\/wp\/v2\/types\/post"}],"author":[{"embeddable":true,"href":"https:\/\/www.eldiario.net\/portal\/wp-json\/wp\/v2\/users\/1"}],"replies":[{"embeddable":true,"href":"https:\/\/www.eldiario.net\/portal\/wp-json\/wp\/v2\/comments?post=21705"}],"version-history":[{"count":0,"href":"https:\/\/www.eldiario.net\/portal\/wp-json\/wp\/v2\/posts\/21705\/revisions"}],"wp:attachment":[{"href":"https:\/\/www.eldiario.net\/portal\/wp-json\/wp\/v2\/media?parent=21705"}],"wp:term":[{"taxonomy":"category","embeddable":true,"href":"https:\/\/www.eldiario.net\/portal\/wp-json\/wp\/v2\/categories?post=21705"},{"taxonomy":"post_tag","embeddable":true,"href":"https:\/\/www.eldiario.net\/portal\/wp-json\/wp\/v2\/tags?post=21705"}],"curies":[{"name":"wp","href":"https:\/\/api.w.org\/{rel}","templated":true}]}}