{"id":21699,"date":"2021-08-06T06:42:42","date_gmt":"2021-08-06T10:42:42","guid":{"rendered":"https:\/\/www.eldiario.net\/portal\/?p=21699"},"modified":"2021-08-06T06:42:42","modified_gmt":"2021-08-06T10:42:42","slug":"indigenas-no-tienen-nada-que-celebrar-este-6-de-agosto","status":"publish","type":"post","link":"https:\/\/www.eldiario.net\/portal\/2021\/08\/06\/indigenas-no-tienen-nada-que-celebrar-este-6-de-agosto\/","title":{"rendered":"Ind\u00edgenas no tienen nada que celebrar este 6 de agosto"},"content":{"rendered":"<p>La diputada por comunidad ciudadana (CC) Toribia Lero, denunci\u00f3 que a\u00fan existen muchas falencias en el aspecto sanitario y educativo en el \u00e1rea rural que el Gobierno no ha podido resolver y que este 6 de agosto no existen motivos de celebraci\u00f3n por parte de los pueblos ind\u00edgenas.<br \/>\nLa legisladora se\u00f1al\u00f3 que la mala gesti\u00f3n del Gobierno ha derivado en acentuar la precariedad de la educaci\u00f3n y la salud en zonas del \u00e1rea rural.<br \/>\nLament\u00f3 que en estas fiestas patrias, los pueblos ind\u00edgenas del pa\u00eds no tienen nada que celebrar debido a la constante preocupaci\u00f3n por avasallamientos de tierras y las consecuencias del cambio clim\u00e1tico que afectan la producci\u00f3n de estos sectores.<br \/>\n\u201cLos pueblos ind\u00edgenas nada tienen que celebrar, m\u00e1s a\u00fan estamos preocupados, hay avasallamiento de territorios ind\u00edgenas, hay incendios forestales, los r\u00edos y lagos est\u00e1n contaminados, a la crisis sanitaria se suma el cambio clim\u00e1tico, muchos pueblos est\u00e1n sufriendo por falta de lluvias, sequ\u00edas y heladas, esa parte tambi\u00e9n hay que ver\u201d, manifest\u00f3 Lero.<br \/>\nSostuvo que la gesti\u00f3n de las autoridades nacionales ha dejado de lado la atenci\u00f3n de las necesidades b\u00e1sicas de la poblaci\u00f3n para priorizar asuntos pol\u00edticos como la persecuci\u00f3n a opositores y ex autoridades, de esta forma se ha descuidado el tema de la salud, la vacunaci\u00f3n y nuevas pol\u00edticas para evitar m\u00e1s contagios.<br \/>\n\u201cSe ha priorizado la judicializaci\u00f3n, la persecuci\u00f3n pol\u00edtica y el encarcelamiento de los supuestos golpistas y hasta ahora esa es su prioridad, cuando se consulta sobre la salud indican de que debemos aguantar, despu\u00e9s dijeron que las vacunas iban a llegar y se solucionar\u00eda el problema. El pa\u00eds ha estado aguantando\u201d manifest\u00f3 la legisladora.<br \/>\nAgreg\u00f3 que debido a la tardanza en la llegada de vacunas se han tenido que lamentar la desesperaci\u00f3n de la poblaci\u00f3n para lograr ser inmunizados, por lo que se miente constantemente sobre los acuerdos con los pa\u00edses productores de estos f\u00e1rmacos.<\/p>\n","protected":false},"excerpt":{"rendered":"<p>La diputada por comunidad ciudadana (CC) Toribia Lero, denunci\u00f3 que a\u00fan existen muchas falencias en el aspecto sanitario y educativo en el \u00e1rea rural que el Gobierno no ha podido resolver y que este 6 de agosto no existen motivos de celebraci\u00f3n por parte de los pueblos ind\u00edgenas. La legisladora se\u00f1al\u00f3 que la mala gesti\u00f3n [&hellip;]<\/p>\n","protected":false},"author":1,"featured_media":21700,"comment_status":"closed","ping_status":"closed","sticky":false,"template":"","format":"standard","meta":{"_acf_changed":false,"footnotes":""},"categories":[14],"tags":[],"class_list":["post-21699","post","type-post","status-publish","format-standard","has-post-thumbnail","category-politica"],"acf":{"antetitulo":""},"yoast_head":"<!-- This site is optimized with the Yoast SEO plugin v28.4 - https:\/\/yoast.com\/product\/yoast-seo-wordpress\/ -->\n<title>Ind\u00edgenas no tienen nada que celebrar este 6 de agosto - El Diario - Bolivia<\/title>\n<meta name=\"robots\" content=\"index, follow, max-snippet:-1, max-image-preview:large, max-video-preview:-1\" \/>\n<link rel=\"canonical\" href=\"https:\/\/www.eldiario.net\/portal\/2021\/08\/06\/indigenas-no-tienen-nada-que-celebrar-este-6-de-agosto\/\" \/>\n<meta property=\"og:locale\" content=\"es_ES\" \/>\n<meta property=\"og:type\" content=\"article\" \/>\n<meta property=\"og:title\" content=\"Ind\u00edgenas no tienen nada que celebrar este 6 de agosto - El Diario - Bolivia\" \/>\n<meta property=\"og:description\" content=\"La diputada por comunidad ciudadana (CC) Toribia Lero, denunci\u00f3 que a\u00fan existen muchas falencias en el aspecto sanitario y educativo en el \u00e1rea rural que el Gobierno no ha podido resolver y que este 6 de agosto no existen motivos de celebraci\u00f3n por parte de los pueblos ind\u00edgenas. La legisladora se\u00f1al\u00f3 que la mala gesti\u00f3n [&hellip;]\" \/>\n<meta property=\"og:url\" content=\"https:\/\/www.eldiario.net\/portal\/2021\/08\/06\/indigenas-no-tienen-nada-que-celebrar-este-6-de-agosto\/\" \/>\n<meta property=\"og:site_name\" content=\"El Diario - Bolivia\" \/>\n<meta property=\"article:publisher\" content=\"https:\/\/www.facebook.com\/eldiario.bolivia\/\" \/>\n<meta property=\"article:published_time\" content=\"2021-08-06T10:42:42+00:00\" \/>\n<meta name=\"author\" content=\"Jeanette\" \/>\n<meta name=\"twitter:card\" content=\"summary_large_image\" \/>\n<meta name=\"twitter:creator\" content=\"@eldiario_net\" \/>\n<meta name=\"twitter:site\" content=\"@eldiario_net\" \/>\n<meta name=\"twitter:label1\" content=\"Escrito por\" \/>\n\t<meta name=\"twitter:data1\" content=\"Jeanette\" \/>\n\t<meta name=\"twitter:label2\" content=\"Tiempo de lectura\" \/>\n\t<meta name=\"twitter:data2\" content=\"2 minutos\" \/>\n<script type=\"application\/ld+json\" class=\"yoast-schema-graph\">{\"@context\":\"https:\\\/\\\/schema.org\",\"@graph\":[{\"@type\":\"Article\",\"@id\":\"https:\\\/\\\/www.eldiario.net\\\/portal\\\/2021\\\/08\\\/06\\\/indigenas-no-tienen-nada-que-celebrar-este-6-de-agosto\\\/#article\",\"isPartOf\":{\"@id\":\"https:\\\/\\\/www.eldiario.net\\\/portal\\\/2021\\\/08\\\/06\\\/indigenas-no-tienen-nada-que-celebrar-este-6-de-agosto\\\/\"},\"author\":{\"name\":\"Jeanette\",\"@id\":\"https:\\\/\\\/www.eldiario.net\\\/portal\\\/#\\\/schema\\\/person\\\/2c57cf2b7a7ae032e449e4c9b1019eac\"},\"headline\":\"Ind\u00edgenas no tienen nada que celebrar este 6 de agosto\",\"datePublished\":\"2021-08-06T10:42:42+00:00\",\"mainEntityOfPage\":{\"@id\":\"https:\\\/\\\/www.eldiario.net\\\/portal\\\/2021\\\/08\\\/06\\\/indigenas-no-tienen-nada-que-celebrar-este-6-de-agosto\\\/\"},\"wordCount\":362,\"publisher\":{\"@id\":\"https:\\\/\\\/www.eldiario.net\\\/portal\\\/#organization\"},\"image\":{\"@id\":\"https:\\\/\\\/www.eldiario.net\\\/portal\\\/2021\\\/08\\\/06\\\/indigenas-no-tienen-nada-que-celebrar-este-6-de-agosto\\\/#primaryimage\"},\"thumbnailUrl\":\"\",\"articleSection\":[\"Pol\u00edtica\"],\"inLanguage\":\"es\"},{\"@type\":\"WebPage\",\"@id\":\"https:\\\/\\\/www.eldiario.net\\\/portal\\\/2021\\\/08\\\/06\\\/indigenas-no-tienen-nada-que-celebrar-este-6-de-agosto\\\/\",\"url\":\"https:\\\/\\\/www.eldiario.net\\\/portal\\\/2021\\\/08\\\/06\\\/indigenas-no-tienen-nada-que-celebrar-este-6-de-agosto\\\/\",\"name\":\"Ind\u00edgenas no tienen nada que celebrar este 6 de agosto - El Diario - Bolivia\",\"isPartOf\":{\"@id\":\"https:\\\/\\\/www.eldiario.net\\\/portal\\\/#website\"},\"primaryImageOfPage\":{\"@id\":\"https:\\\/\\\/www.eldiario.net\\\/portal\\\/2021\\\/08\\\/06\\\/indigenas-no-tienen-nada-que-celebrar-este-6-de-agosto\\\/#primaryimage\"},\"image\":{\"@id\":\"https:\\\/\\\/www.eldiario.net\\\/portal\\\/2021\\\/08\\\/06\\\/indigenas-no-tienen-nada-que-celebrar-este-6-de-agosto\\\/#primaryimage\"},\"thumbnailUrl\":\"\",\"datePublished\":\"2021-08-06T10:42:42+00:00\",\"breadcrumb\":{\"@id\":\"https:\\\/\\\/www.eldiario.net\\\/portal\\\/2021\\\/08\\\/06\\\/indigenas-no-tienen-nada-que-celebrar-este-6-de-agosto\\\/#breadcrumb\"},\"inLanguage\":\"es\",\"potentialAction\":[{\"@type\":\"ReadAction\",\"target\":[\"https:\\\/\\\/www.eldiario.net\\\/portal\\\/2021\\\/08\\\/06\\\/indigenas-no-tienen-nada-que-celebrar-este-6-de-agosto\\\/\"]}]},{\"@type\":\"ImageObject\",\"inLanguage\":\"es\",\"@id\":\"https:\\\/\\\/www.eldiario.net\\\/portal\\\/2021\\\/08\\\/06\\\/indigenas-no-tienen-nada-que-celebrar-este-6-de-agosto\\\/#primaryimage\",\"url\":\"\",\"contentUrl\":\"\"},{\"@type\":\"BreadcrumbList\",\"@id\":\"https:\\\/\\\/www.eldiario.net\\\/portal\\\/2021\\\/08\\\/06\\\/indigenas-no-tienen-nada-que-celebrar-este-6-de-agosto\\\/#breadcrumb\",\"itemListElement\":[{\"@type\":\"ListItem\",\"position\":1,\"name\":\"Portada\",\"item\":\"https:\\\/\\\/www.eldiario.net\\\/portal\\\/\"},{\"@type\":\"ListItem\",\"position\":2,\"name\":\"Ind\u00edgenas no tienen nada que celebrar este 6 de agosto\"}]},{\"@type\":\"WebSite\",\"@id\":\"https:\\\/\\\/www.eldiario.net\\\/portal\\\/#website\",\"url\":\"https:\\\/\\\/www.eldiario.net\\\/portal\\\/\",\"name\":\"El Diario - Decano de la prensa nacional\",\"description\":\"El Diario - Decano de la prensa nacional\",\"publisher\":{\"@id\":\"https:\\\/\\\/www.eldiario.net\\\/portal\\\/#organization\"},\"potentialAction\":[{\"@type\":\"SearchAction\",\"target\":{\"@type\":\"EntryPoint\",\"urlTemplate\":\"https:\\\/\\\/www.eldiario.net\\\/portal\\\/?s={search_term_string}\"},\"query-input\":{\"@type\":\"PropertyValueSpecification\",\"valueRequired\":true,\"valueName\":\"search_term_string\"}}],\"inLanguage\":\"es\"},{\"@type\":\"Organization\",\"@id\":\"https:\\\/\\\/www.eldiario.net\\\/portal\\\/#organization\",\"name\":\"El Diario - Decano de la prensa nacional\",\"url\":\"https:\\\/\\\/www.eldiario.net\\\/portal\\\/\",\"logo\":{\"@type\":\"ImageObject\",\"inLanguage\":\"es\",\"@id\":\"https:\\\/\\\/www.eldiario.net\\\/portal\\\/#\\\/schema\\\/logo\\\/image\\\/\",\"url\":\"https:\\\/\\\/www.eldiario.net\\\/portal\\\/wp-content\\\/uploads\\\/2023\\\/07\\\/logo_ED.jpg\",\"contentUrl\":\"https:\\\/\\\/www.eldiario.net\\\/portal\\\/wp-content\\\/uploads\\\/2023\\\/07\\\/logo_ED.jpg\",\"width\":272,\"height\":52,\"caption\":\"El Diario - Decano de la prensa nacional\"},\"image\":{\"@id\":\"https:\\\/\\\/www.eldiario.net\\\/portal\\\/#\\\/schema\\\/logo\\\/image\\\/\"},\"sameAs\":[\"https:\\\/\\\/www.facebook.com\\\/eldiario.bolivia\\\/\",\"https:\\\/\\\/x.com\\\/eldiario_net\"]},{\"@type\":\"Person\",\"@id\":\"https:\\\/\\\/www.eldiario.net\\\/portal\\\/#\\\/schema\\\/person\\\/2c57cf2b7a7ae032e449e4c9b1019eac\",\"name\":\"Jeanette\",\"image\":{\"@type\":\"ImageObject\",\"inLanguage\":\"es\",\"@id\":\"https:\\\/\\\/secure.gravatar.com\\\/avatar\\\/3ea2118a5f7dad2b7138b1187a6b7ee55f160b9968b66013c3a3ef39dd7e5798?s=96&d=mm&r=g\",\"url\":\"https:\\\/\\\/secure.gravatar.com\\\/avatar\\\/3ea2118a5f7dad2b7138b1187a6b7ee55f160b9968b66013c3a3ef39dd7e5798?s=96&d=mm&r=g\",\"contentUrl\":\"https:\\\/\\\/secure.gravatar.com\\\/avatar\\\/3ea2118a5f7dad2b7138b1187a6b7ee55f160b9968b66013c3a3ef39dd7e5798?s=96&d=mm&r=g\",\"caption\":\"Jeanette\"},\"sameAs\":[\"https:\\\/\\\/www.eldiario.net\\\/portal\"],\"url\":\"https:\\\/\\\/www.eldiario.net\\\/portal\\\/author\\\/jeanette\\\/\"}]}<\/script>\n<!-- \/ Yoast SEO plugin. -->","yoast_head_json":{"title":"Ind\u00edgenas no tienen nada que celebrar este 6 de agosto - El Diario - Bolivia","robots":{"index":"index","follow":"follow","max-snippet":"max-snippet:-1","max-image-preview":"max-image-preview:large","max-video-preview":"max-video-preview:-1"},"canonical":"https:\/\/www.eldiario.net\/portal\/2021\/08\/06\/indigenas-no-tienen-nada-que-celebrar-este-6-de-agosto\/","og_locale":"es_ES","og_type":"article","og_title":"Ind\u00edgenas no tienen nada que celebrar este 6 de agosto - El Diario - Bolivia","og_description":"La diputada por comunidad ciudadana (CC) Toribia Lero, denunci\u00f3 que a\u00fan existen muchas falencias en el aspecto sanitario y educativo en el \u00e1rea rural que el Gobierno no ha podido resolver y que este 6 de agosto no existen motivos de celebraci\u00f3n por parte de los pueblos ind\u00edgenas. La legisladora se\u00f1al\u00f3 que la mala gesti\u00f3n [&hellip;]","og_url":"https:\/\/www.eldiario.net\/portal\/2021\/08\/06\/indigenas-no-tienen-nada-que-celebrar-este-6-de-agosto\/","og_site_name":"El Diario - Bolivia","article_publisher":"https:\/\/www.facebook.com\/eldiario.bolivia\/","article_published_time":"2021-08-06T10:42:42+00:00","author":"Jeanette","twitter_card":"summary_large_image","twitter_creator":"@eldiario_net","twitter_site":"@eldiario_net","twitter_misc":{"Escrito por":"Jeanette","Tiempo de lectura":"2 minutos"},"schema":{"@context":"https:\/\/schema.org","@graph":[{"@type":"Article","@id":"https:\/\/www.eldiario.net\/portal\/2021\/08\/06\/indigenas-no-tienen-nada-que-celebrar-este-6-de-agosto\/#article","isPartOf":{"@id":"https:\/\/www.eldiario.net\/portal\/2021\/08\/06\/indigenas-no-tienen-nada-que-celebrar-este-6-de-agosto\/"},"author":{"name":"Jeanette","@id":"https:\/\/www.eldiario.net\/portal\/#\/schema\/person\/2c57cf2b7a7ae032e449e4c9b1019eac"},"headline":"Ind\u00edgenas no tienen nada que celebrar este 6 de agosto","datePublished":"2021-08-06T10:42:42+00:00","mainEntityOfPage":{"@id":"https:\/\/www.eldiario.net\/portal\/2021\/08\/06\/indigenas-no-tienen-nada-que-celebrar-este-6-de-agosto\/"},"wordCount":362,"publisher":{"@id":"https:\/\/www.eldiario.net\/portal\/#organization"},"image":{"@id":"https:\/\/www.eldiario.net\/portal\/2021\/08\/06\/indigenas-no-tienen-nada-que-celebrar-este-6-de-agosto\/#primaryimage"},"thumbnailUrl":"","articleSection":["Pol\u00edtica"],"inLanguage":"es"},{"@type":"WebPage","@id":"https:\/\/www.eldiario.net\/portal\/2021\/08\/06\/indigenas-no-tienen-nada-que-celebrar-este-6-de-agosto\/","url":"https:\/\/www.eldiario.net\/portal\/2021\/08\/06\/indigenas-no-tienen-nada-que-celebrar-este-6-de-agosto\/","name":"Ind\u00edgenas no tienen nada que celebrar este 6 de agosto - El Diario - Bolivia","isPartOf":{"@id":"https:\/\/www.eldiario.net\/portal\/#website"},"primaryImageOfPage":{"@id":"https:\/\/www.eldiario.net\/portal\/2021\/08\/06\/indigenas-no-tienen-nada-que-celebrar-este-6-de-agosto\/#primaryimage"},"image":{"@id":"https:\/\/www.eldiario.net\/portal\/2021\/08\/06\/indigenas-no-tienen-nada-que-celebrar-este-6-de-agosto\/#primaryimage"},"thumbnailUrl":"","datePublished":"2021-08-06T10:42:42+00:00","breadcrumb":{"@id":"https:\/\/www.eldiario.net\/portal\/2021\/08\/06\/indigenas-no-tienen-nada-que-celebrar-este-6-de-agosto\/#breadcrumb"},"inLanguage":"es","potentialAction":[{"@type":"ReadAction","target":["https:\/\/www.eldiario.net\/portal\/2021\/08\/06\/indigenas-no-tienen-nada-que-celebrar-este-6-de-agosto\/"]}]},{"@type":"ImageObject","inLanguage":"es","@id":"https:\/\/www.eldiario.net\/portal\/2021\/08\/06\/indigenas-no-tienen-nada-que-celebrar-este-6-de-agosto\/#primaryimage","url":"","contentUrl":""},{"@type":"BreadcrumbList","@id":"https:\/\/www.eldiario.net\/portal\/2021\/08\/06\/indigenas-no-tienen-nada-que-celebrar-este-6-de-agosto\/#breadcrumb","itemListElement":[{"@type":"ListItem","position":1,"name":"Portada","item":"https:\/\/www.eldiario.net\/portal\/"},{"@type":"ListItem","position":2,"name":"Ind\u00edgenas no tienen nada que celebrar este 6 de agosto"}]},{"@type":"WebSite","@id":"https:\/\/www.eldiario.net\/portal\/#website","url":"https:\/\/www.eldiario.net\/portal\/","name":"El Diario - Decano de la prensa nacional","description":"El Diario - Decano de la prensa nacional","publisher":{"@id":"https:\/\/www.eldiario.net\/portal\/#organization"},"potentialAction":[{"@type":"SearchAction","target":{"@type":"EntryPoint","urlTemplate":"https:\/\/www.eldiario.net\/portal\/?s={search_term_string}"},"query-input":{"@type":"PropertyValueSpecification","valueRequired":true,"valueName":"search_term_string"}}],"inLanguage":"es"},{"@type":"Organization","@id":"https:\/\/www.eldiario.net\/portal\/#organization","name":"El Diario - Decano de la prensa nacional","url":"https:\/\/www.eldiario.net\/portal\/","logo":{"@type":"ImageObject","inLanguage":"es","@id":"https:\/\/www.eldiario.net\/portal\/#\/schema\/logo\/image\/","url":"https:\/\/www.eldiario.net\/portal\/wp-content\/uploads\/2023\/07\/logo_ED.jpg","contentUrl":"https:\/\/www.eldiario.net\/portal\/wp-content\/uploads\/2023\/07\/logo_ED.jpg","width":272,"height":52,"caption":"El Diario - Decano de la prensa nacional"},"image":{"@id":"https:\/\/www.eldiario.net\/portal\/#\/schema\/logo\/image\/"},"sameAs":["https:\/\/www.facebook.com\/eldiario.bolivia\/","https:\/\/x.com\/eldiario_net"]},{"@type":"Person","@id":"https:\/\/www.eldiario.net\/portal\/#\/schema\/person\/2c57cf2b7a7ae032e449e4c9b1019eac","name":"Jeanette","image":{"@type":"ImageObject","inLanguage":"es","@id":"https:\/\/secure.gravatar.com\/avatar\/3ea2118a5f7dad2b7138b1187a6b7ee55f160b9968b66013c3a3ef39dd7e5798?s=96&d=mm&r=g","url":"https:\/\/secure.gravatar.com\/avatar\/3ea2118a5f7dad2b7138b1187a6b7ee55f160b9968b66013c3a3ef39dd7e5798?s=96&d=mm&r=g","contentUrl":"https:\/\/secure.gravatar.com\/avatar\/3ea2118a5f7dad2b7138b1187a6b7ee55f160b9968b66013c3a3ef39dd7e5798?s=96&d=mm&r=g","caption":"Jeanette"},"sameAs":["https:\/\/www.eldiario.net\/portal"],"url":"https:\/\/www.eldiario.net\/portal\/author\/jeanette\/"}]}},"_links":{"self":[{"href":"https:\/\/www.eldiario.net\/portal\/wp-json\/wp\/v2\/posts\/21699","targetHints":{"allow":["GET"]}}],"collection":[{"href":"https:\/\/www.eldiario.net\/portal\/wp-json\/wp\/v2\/posts"}],"about":[{"href":"https:\/\/www.eldiario.net\/portal\/wp-json\/wp\/v2\/types\/post"}],"author":[{"embeddable":true,"href":"https:\/\/www.eldiario.net\/portal\/wp-json\/wp\/v2\/users\/1"}],"replies":[{"embeddable":true,"href":"https:\/\/www.eldiario.net\/portal\/wp-json\/wp\/v2\/comments?post=21699"}],"version-history":[{"count":0,"href":"https:\/\/www.eldiario.net\/portal\/wp-json\/wp\/v2\/posts\/21699\/revisions"}],"wp:attachment":[{"href":"https:\/\/www.eldiario.net\/portal\/wp-json\/wp\/v2\/media?parent=21699"}],"wp:term":[{"taxonomy":"category","embeddable":true,"href":"https:\/\/www.eldiario.net\/portal\/wp-json\/wp\/v2\/categories?post=21699"},{"taxonomy":"post_tag","embeddable":true,"href":"https:\/\/www.eldiario.net\/portal\/wp-json\/wp\/v2\/tags?post=21699"}],"curies":[{"name":"wp","href":"https:\/\/api.w.org\/{rel}","templated":true}]}}