{"id":21696,"date":"2021-08-06T06:41:43","date_gmt":"2021-08-06T10:41:43","guid":{"rendered":"https:\/\/www.eldiario.net\/portal\/?p=21696"},"modified":"2021-08-06T06:41:43","modified_gmt":"2021-08-06T10:41:43","slug":"tcp-reconocio-gobierno-transitorio-de-anez-en-mas-de-tres-oportunidades","status":"publish","type":"post","link":"https:\/\/www.eldiario.net\/portal\/2021\/08\/06\/tcp-reconocio-gobierno-transitorio-de-anez-en-mas-de-tres-oportunidades\/","title":{"rendered":"TCP reconoci\u00f3 Gobierno transitorio  de A\u00f1ez en m\u00e1s de tres oportunidades"},"content":{"rendered":"<p>Ante versiones que niegan la existencia de documentaci\u00f3n que avale la transici\u00f3n y la presidencia de Jeanine A\u00f1ez en 2019, por parte del Tribunal Constitucional Plurinacional (TCP), el expresidente Jorge Quiroga Ram\u00edrez, sostuvo que esta instancia reconoci\u00f3 la legalidad del Gobierno transitorio al menos en tres oportunidades.<br \/>\nMediante su cuenta de Twitter, el exmandatario se\u00f1al\u00f3 que fueron varias veces en que el TCP reconoci\u00f3 la constitucionalidad del gobierno transitorio mediante participaciones en actos oficiales y con la ampliaci\u00f3n de mandato que se aval\u00f3 para la convocatoria a elecciones.<br \/>\nSostuvo, adem\u00e1s, que esta instancia judicial admiti\u00f3 en otras ocho oportunidades solicitudes de consultas por parte del gobierno transitorio.<br \/>\n\u201cA los que dicen que el Tribunal Constitucional Plurinacional no reconoci\u00f3 la transici\u00f3n de A\u00f1ez: el 3 de enero del 2020 el TCP la invit\u00f3 a inauguraci\u00f3n anual. El TCP extendi\u00f3 su mandato con Declaraci\u00f3n 0001\/2020 (Ene); solo se extiende lo que se reconoce. El TCP admiti\u00f3 8 consultas presentadas por gobierno de transici\u00f3n\u201d, se\u00f1al\u00f3 Quiroga.<br \/>\nExpres\u00f3 que incluso existen grabaciones de la ceremonia de inauguraci\u00f3n del A\u00f1o Constitucional 2020, cuando la exmandataria es aludida por la presidencia del TCP en presencia del resto de integrantes de este tribunal y otras autoridades como el fiscal general del Estado.<br \/>\nAl respecto, el ministro de Justicia, Iv\u00e1n Lima Magne, sostuvo que el comunicado emitido por TCP sobre la constitucionalidad del gobierno transitorio carece de validez, pues este Tribunal se manifiesta mediante Sentencias, por lo que se espera que en los pr\u00f3ximos d\u00edas, un pronunciamiento de este tipo, ponga fin a todas las versiones sobre el tema.<br \/>\n\u201cSe han pronunciado mediante una carta, pero tiene que hacerlo mediante una sentencia. Exhortamos a que de inmediato se pueda dictar esta sentencia, ellos tiene que responderle al pa\u00eds, hay en este momento una serie de acciones y recursos en los cuales el Tribunal tiene que decirnos la interpretaci\u00f3n sobre la sucesi\u00f3n constitucional\u201d, dijo.<\/p>\n","protected":false},"excerpt":{"rendered":"<p>Ante versiones que niegan la existencia de documentaci\u00f3n que avale la transici\u00f3n y la presidencia de Jeanine A\u00f1ez en 2019, por parte del Tribunal Constitucional Plurinacional (TCP), el expresidente Jorge Quiroga Ram\u00edrez, sostuvo que esta instancia reconoci\u00f3 la legalidad del Gobierno transitorio al menos en tres oportunidades. Mediante su cuenta de Twitter, el exmandatario se\u00f1al\u00f3 [&hellip;]<\/p>\n","protected":false},"author":1,"featured_media":21697,"comment_status":"closed","ping_status":"closed","sticky":false,"template":"","format":"standard","meta":{"_acf_changed":false,"footnotes":""},"categories":[14],"tags":[],"class_list":["post-21696","post","type-post","status-publish","format-standard","has-post-thumbnail","category-politica"],"acf":{"antetitulo":""},"yoast_head":"<!-- This site is optimized with the Yoast SEO plugin v28.4 - https:\/\/yoast.com\/product\/yoast-seo-wordpress\/ -->\n<title>TCP reconoci\u00f3 Gobierno transitorio de A\u00f1ez en m\u00e1s de tres oportunidades - El Diario - Bolivia<\/title>\n<meta name=\"robots\" content=\"index, follow, max-snippet:-1, max-image-preview:large, max-video-preview:-1\" \/>\n<link rel=\"canonical\" href=\"https:\/\/www.eldiario.net\/portal\/2021\/08\/06\/tcp-reconocio-gobierno-transitorio-de-anez-en-mas-de-tres-oportunidades\/\" \/>\n<meta property=\"og:locale\" content=\"es_ES\" \/>\n<meta property=\"og:type\" content=\"article\" \/>\n<meta property=\"og:title\" content=\"TCP reconoci\u00f3 Gobierno transitorio de A\u00f1ez en m\u00e1s de tres oportunidades - El Diario - Bolivia\" \/>\n<meta property=\"og:description\" content=\"Ante versiones que niegan la existencia de documentaci\u00f3n que avale la transici\u00f3n y la presidencia de Jeanine A\u00f1ez en 2019, por parte del Tribunal Constitucional Plurinacional (TCP), el expresidente Jorge Quiroga Ram\u00edrez, sostuvo que esta instancia reconoci\u00f3 la legalidad del Gobierno transitorio al menos en tres oportunidades. Mediante su cuenta de Twitter, el exmandatario se\u00f1al\u00f3 [&hellip;]\" \/>\n<meta property=\"og:url\" content=\"https:\/\/www.eldiario.net\/portal\/2021\/08\/06\/tcp-reconocio-gobierno-transitorio-de-anez-en-mas-de-tres-oportunidades\/\" \/>\n<meta property=\"og:site_name\" content=\"El Diario - Bolivia\" \/>\n<meta property=\"article:publisher\" content=\"https:\/\/www.facebook.com\/eldiario.bolivia\/\" \/>\n<meta property=\"article:published_time\" content=\"2021-08-06T10:41:43+00:00\" \/>\n<meta name=\"author\" content=\"Jeanette\" \/>\n<meta name=\"twitter:card\" content=\"summary_large_image\" \/>\n<meta name=\"twitter:creator\" content=\"@eldiario_net\" \/>\n<meta name=\"twitter:site\" content=\"@eldiario_net\" \/>\n<meta name=\"twitter:label1\" content=\"Escrito por\" \/>\n\t<meta name=\"twitter:data1\" content=\"Jeanette\" \/>\n\t<meta name=\"twitter:label2\" content=\"Tiempo de lectura\" \/>\n\t<meta name=\"twitter:data2\" content=\"2 minutos\" \/>\n<script type=\"application\/ld+json\" class=\"yoast-schema-graph\">{\"@context\":\"https:\\\/\\\/schema.org\",\"@graph\":[{\"@type\":\"Article\",\"@id\":\"https:\\\/\\\/www.eldiario.net\\\/portal\\\/2021\\\/08\\\/06\\\/tcp-reconocio-gobierno-transitorio-de-anez-en-mas-de-tres-oportunidades\\\/#article\",\"isPartOf\":{\"@id\":\"https:\\\/\\\/www.eldiario.net\\\/portal\\\/2021\\\/08\\\/06\\\/tcp-reconocio-gobierno-transitorio-de-anez-en-mas-de-tres-oportunidades\\\/\"},\"author\":{\"name\":\"Jeanette\",\"@id\":\"https:\\\/\\\/www.eldiario.net\\\/portal\\\/#\\\/schema\\\/person\\\/2c57cf2b7a7ae032e449e4c9b1019eac\"},\"headline\":\"TCP reconoci\u00f3 Gobierno transitorio de A\u00f1ez en m\u00e1s de tres oportunidades\",\"datePublished\":\"2021-08-06T10:41:43+00:00\",\"mainEntityOfPage\":{\"@id\":\"https:\\\/\\\/www.eldiario.net\\\/portal\\\/2021\\\/08\\\/06\\\/tcp-reconocio-gobierno-transitorio-de-anez-en-mas-de-tres-oportunidades\\\/\"},\"wordCount\":343,\"publisher\":{\"@id\":\"https:\\\/\\\/www.eldiario.net\\\/portal\\\/#organization\"},\"image\":{\"@id\":\"https:\\\/\\\/www.eldiario.net\\\/portal\\\/2021\\\/08\\\/06\\\/tcp-reconocio-gobierno-transitorio-de-anez-en-mas-de-tres-oportunidades\\\/#primaryimage\"},\"thumbnailUrl\":\"\",\"articleSection\":[\"Pol\u00edtica\"],\"inLanguage\":\"es\"},{\"@type\":\"WebPage\",\"@id\":\"https:\\\/\\\/www.eldiario.net\\\/portal\\\/2021\\\/08\\\/06\\\/tcp-reconocio-gobierno-transitorio-de-anez-en-mas-de-tres-oportunidades\\\/\",\"url\":\"https:\\\/\\\/www.eldiario.net\\\/portal\\\/2021\\\/08\\\/06\\\/tcp-reconocio-gobierno-transitorio-de-anez-en-mas-de-tres-oportunidades\\\/\",\"name\":\"TCP reconoci\u00f3 Gobierno transitorio de A\u00f1ez en m\u00e1s de tres oportunidades - El Diario - Bolivia\",\"isPartOf\":{\"@id\":\"https:\\\/\\\/www.eldiario.net\\\/portal\\\/#website\"},\"primaryImageOfPage\":{\"@id\":\"https:\\\/\\\/www.eldiario.net\\\/portal\\\/2021\\\/08\\\/06\\\/tcp-reconocio-gobierno-transitorio-de-anez-en-mas-de-tres-oportunidades\\\/#primaryimage\"},\"image\":{\"@id\":\"https:\\\/\\\/www.eldiario.net\\\/portal\\\/2021\\\/08\\\/06\\\/tcp-reconocio-gobierno-transitorio-de-anez-en-mas-de-tres-oportunidades\\\/#primaryimage\"},\"thumbnailUrl\":\"\",\"datePublished\":\"2021-08-06T10:41:43+00:00\",\"breadcrumb\":{\"@id\":\"https:\\\/\\\/www.eldiario.net\\\/portal\\\/2021\\\/08\\\/06\\\/tcp-reconocio-gobierno-transitorio-de-anez-en-mas-de-tres-oportunidades\\\/#breadcrumb\"},\"inLanguage\":\"es\",\"potentialAction\":[{\"@type\":\"ReadAction\",\"target\":[\"https:\\\/\\\/www.eldiario.net\\\/portal\\\/2021\\\/08\\\/06\\\/tcp-reconocio-gobierno-transitorio-de-anez-en-mas-de-tres-oportunidades\\\/\"]}]},{\"@type\":\"ImageObject\",\"inLanguage\":\"es\",\"@id\":\"https:\\\/\\\/www.eldiario.net\\\/portal\\\/2021\\\/08\\\/06\\\/tcp-reconocio-gobierno-transitorio-de-anez-en-mas-de-tres-oportunidades\\\/#primaryimage\",\"url\":\"\",\"contentUrl\":\"\"},{\"@type\":\"BreadcrumbList\",\"@id\":\"https:\\\/\\\/www.eldiario.net\\\/portal\\\/2021\\\/08\\\/06\\\/tcp-reconocio-gobierno-transitorio-de-anez-en-mas-de-tres-oportunidades\\\/#breadcrumb\",\"itemListElement\":[{\"@type\":\"ListItem\",\"position\":1,\"name\":\"Portada\",\"item\":\"https:\\\/\\\/www.eldiario.net\\\/portal\\\/\"},{\"@type\":\"ListItem\",\"position\":2,\"name\":\"TCP reconoci\u00f3 Gobierno transitorio de A\u00f1ez en m\u00e1s de tres oportunidades\"}]},{\"@type\":\"WebSite\",\"@id\":\"https:\\\/\\\/www.eldiario.net\\\/portal\\\/#website\",\"url\":\"https:\\\/\\\/www.eldiario.net\\\/portal\\\/\",\"name\":\"El Diario - Decano de la prensa nacional\",\"description\":\"El Diario - Decano de la prensa nacional\",\"publisher\":{\"@id\":\"https:\\\/\\\/www.eldiario.net\\\/portal\\\/#organization\"},\"potentialAction\":[{\"@type\":\"SearchAction\",\"target\":{\"@type\":\"EntryPoint\",\"urlTemplate\":\"https:\\\/\\\/www.eldiario.net\\\/portal\\\/?s={search_term_string}\"},\"query-input\":{\"@type\":\"PropertyValueSpecification\",\"valueRequired\":true,\"valueName\":\"search_term_string\"}}],\"inLanguage\":\"es\"},{\"@type\":\"Organization\",\"@id\":\"https:\\\/\\\/www.eldiario.net\\\/portal\\\/#organization\",\"name\":\"El Diario - Decano de la prensa nacional\",\"url\":\"https:\\\/\\\/www.eldiario.net\\\/portal\\\/\",\"logo\":{\"@type\":\"ImageObject\",\"inLanguage\":\"es\",\"@id\":\"https:\\\/\\\/www.eldiario.net\\\/portal\\\/#\\\/schema\\\/logo\\\/image\\\/\",\"url\":\"https:\\\/\\\/www.eldiario.net\\\/portal\\\/wp-content\\\/uploads\\\/2023\\\/07\\\/logo_ED.jpg\",\"contentUrl\":\"https:\\\/\\\/www.eldiario.net\\\/portal\\\/wp-content\\\/uploads\\\/2023\\\/07\\\/logo_ED.jpg\",\"width\":272,\"height\":52,\"caption\":\"El Diario - Decano de la prensa nacional\"},\"image\":{\"@id\":\"https:\\\/\\\/www.eldiario.net\\\/portal\\\/#\\\/schema\\\/logo\\\/image\\\/\"},\"sameAs\":[\"https:\\\/\\\/www.facebook.com\\\/eldiario.bolivia\\\/\",\"https:\\\/\\\/x.com\\\/eldiario_net\"]},{\"@type\":\"Person\",\"@id\":\"https:\\\/\\\/www.eldiario.net\\\/portal\\\/#\\\/schema\\\/person\\\/2c57cf2b7a7ae032e449e4c9b1019eac\",\"name\":\"Jeanette\",\"image\":{\"@type\":\"ImageObject\",\"inLanguage\":\"es\",\"@id\":\"https:\\\/\\\/secure.gravatar.com\\\/avatar\\\/3ea2118a5f7dad2b7138b1187a6b7ee55f160b9968b66013c3a3ef39dd7e5798?s=96&d=mm&r=g\",\"url\":\"https:\\\/\\\/secure.gravatar.com\\\/avatar\\\/3ea2118a5f7dad2b7138b1187a6b7ee55f160b9968b66013c3a3ef39dd7e5798?s=96&d=mm&r=g\",\"contentUrl\":\"https:\\\/\\\/secure.gravatar.com\\\/avatar\\\/3ea2118a5f7dad2b7138b1187a6b7ee55f160b9968b66013c3a3ef39dd7e5798?s=96&d=mm&r=g\",\"caption\":\"Jeanette\"},\"sameAs\":[\"https:\\\/\\\/www.eldiario.net\\\/portal\"],\"url\":\"https:\\\/\\\/www.eldiario.net\\\/portal\\\/author\\\/jeanette\\\/\"}]}<\/script>\n<!-- \/ Yoast SEO plugin. -->","yoast_head_json":{"title":"TCP reconoci\u00f3 Gobierno transitorio de A\u00f1ez en m\u00e1s de tres oportunidades - El Diario - Bolivia","robots":{"index":"index","follow":"follow","max-snippet":"max-snippet:-1","max-image-preview":"max-image-preview:large","max-video-preview":"max-video-preview:-1"},"canonical":"https:\/\/www.eldiario.net\/portal\/2021\/08\/06\/tcp-reconocio-gobierno-transitorio-de-anez-en-mas-de-tres-oportunidades\/","og_locale":"es_ES","og_type":"article","og_title":"TCP reconoci\u00f3 Gobierno transitorio de A\u00f1ez en m\u00e1s de tres oportunidades - El Diario - Bolivia","og_description":"Ante versiones que niegan la existencia de documentaci\u00f3n que avale la transici\u00f3n y la presidencia de Jeanine A\u00f1ez en 2019, por parte del Tribunal Constitucional Plurinacional (TCP), el expresidente Jorge Quiroga Ram\u00edrez, sostuvo que esta instancia reconoci\u00f3 la legalidad del Gobierno transitorio al menos en tres oportunidades. Mediante su cuenta de Twitter, el exmandatario se\u00f1al\u00f3 [&hellip;]","og_url":"https:\/\/www.eldiario.net\/portal\/2021\/08\/06\/tcp-reconocio-gobierno-transitorio-de-anez-en-mas-de-tres-oportunidades\/","og_site_name":"El Diario - Bolivia","article_publisher":"https:\/\/www.facebook.com\/eldiario.bolivia\/","article_published_time":"2021-08-06T10:41:43+00:00","author":"Jeanette","twitter_card":"summary_large_image","twitter_creator":"@eldiario_net","twitter_site":"@eldiario_net","twitter_misc":{"Escrito por":"Jeanette","Tiempo de lectura":"2 minutos"},"schema":{"@context":"https:\/\/schema.org","@graph":[{"@type":"Article","@id":"https:\/\/www.eldiario.net\/portal\/2021\/08\/06\/tcp-reconocio-gobierno-transitorio-de-anez-en-mas-de-tres-oportunidades\/#article","isPartOf":{"@id":"https:\/\/www.eldiario.net\/portal\/2021\/08\/06\/tcp-reconocio-gobierno-transitorio-de-anez-en-mas-de-tres-oportunidades\/"},"author":{"name":"Jeanette","@id":"https:\/\/www.eldiario.net\/portal\/#\/schema\/person\/2c57cf2b7a7ae032e449e4c9b1019eac"},"headline":"TCP reconoci\u00f3 Gobierno transitorio de A\u00f1ez en m\u00e1s de tres oportunidades","datePublished":"2021-08-06T10:41:43+00:00","mainEntityOfPage":{"@id":"https:\/\/www.eldiario.net\/portal\/2021\/08\/06\/tcp-reconocio-gobierno-transitorio-de-anez-en-mas-de-tres-oportunidades\/"},"wordCount":343,"publisher":{"@id":"https:\/\/www.eldiario.net\/portal\/#organization"},"image":{"@id":"https:\/\/www.eldiario.net\/portal\/2021\/08\/06\/tcp-reconocio-gobierno-transitorio-de-anez-en-mas-de-tres-oportunidades\/#primaryimage"},"thumbnailUrl":"","articleSection":["Pol\u00edtica"],"inLanguage":"es"},{"@type":"WebPage","@id":"https:\/\/www.eldiario.net\/portal\/2021\/08\/06\/tcp-reconocio-gobierno-transitorio-de-anez-en-mas-de-tres-oportunidades\/","url":"https:\/\/www.eldiario.net\/portal\/2021\/08\/06\/tcp-reconocio-gobierno-transitorio-de-anez-en-mas-de-tres-oportunidades\/","name":"TCP reconoci\u00f3 Gobierno transitorio de A\u00f1ez en m\u00e1s de tres oportunidades - El Diario - Bolivia","isPartOf":{"@id":"https:\/\/www.eldiario.net\/portal\/#website"},"primaryImageOfPage":{"@id":"https:\/\/www.eldiario.net\/portal\/2021\/08\/06\/tcp-reconocio-gobierno-transitorio-de-anez-en-mas-de-tres-oportunidades\/#primaryimage"},"image":{"@id":"https:\/\/www.eldiario.net\/portal\/2021\/08\/06\/tcp-reconocio-gobierno-transitorio-de-anez-en-mas-de-tres-oportunidades\/#primaryimage"},"thumbnailUrl":"","datePublished":"2021-08-06T10:41:43+00:00","breadcrumb":{"@id":"https:\/\/www.eldiario.net\/portal\/2021\/08\/06\/tcp-reconocio-gobierno-transitorio-de-anez-en-mas-de-tres-oportunidades\/#breadcrumb"},"inLanguage":"es","potentialAction":[{"@type":"ReadAction","target":["https:\/\/www.eldiario.net\/portal\/2021\/08\/06\/tcp-reconocio-gobierno-transitorio-de-anez-en-mas-de-tres-oportunidades\/"]}]},{"@type":"ImageObject","inLanguage":"es","@id":"https:\/\/www.eldiario.net\/portal\/2021\/08\/06\/tcp-reconocio-gobierno-transitorio-de-anez-en-mas-de-tres-oportunidades\/#primaryimage","url":"","contentUrl":""},{"@type":"BreadcrumbList","@id":"https:\/\/www.eldiario.net\/portal\/2021\/08\/06\/tcp-reconocio-gobierno-transitorio-de-anez-en-mas-de-tres-oportunidades\/#breadcrumb","itemListElement":[{"@type":"ListItem","position":1,"name":"Portada","item":"https:\/\/www.eldiario.net\/portal\/"},{"@type":"ListItem","position":2,"name":"TCP reconoci\u00f3 Gobierno transitorio de A\u00f1ez en m\u00e1s de tres oportunidades"}]},{"@type":"WebSite","@id":"https:\/\/www.eldiario.net\/portal\/#website","url":"https:\/\/www.eldiario.net\/portal\/","name":"El Diario - Decano de la prensa nacional","description":"El Diario - Decano de la prensa nacional","publisher":{"@id":"https:\/\/www.eldiario.net\/portal\/#organization"},"potentialAction":[{"@type":"SearchAction","target":{"@type":"EntryPoint","urlTemplate":"https:\/\/www.eldiario.net\/portal\/?s={search_term_string}"},"query-input":{"@type":"PropertyValueSpecification","valueRequired":true,"valueName":"search_term_string"}}],"inLanguage":"es"},{"@type":"Organization","@id":"https:\/\/www.eldiario.net\/portal\/#organization","name":"El Diario - Decano de la prensa nacional","url":"https:\/\/www.eldiario.net\/portal\/","logo":{"@type":"ImageObject","inLanguage":"es","@id":"https:\/\/www.eldiario.net\/portal\/#\/schema\/logo\/image\/","url":"https:\/\/www.eldiario.net\/portal\/wp-content\/uploads\/2023\/07\/logo_ED.jpg","contentUrl":"https:\/\/www.eldiario.net\/portal\/wp-content\/uploads\/2023\/07\/logo_ED.jpg","width":272,"height":52,"caption":"El Diario - Decano de la prensa nacional"},"image":{"@id":"https:\/\/www.eldiario.net\/portal\/#\/schema\/logo\/image\/"},"sameAs":["https:\/\/www.facebook.com\/eldiario.bolivia\/","https:\/\/x.com\/eldiario_net"]},{"@type":"Person","@id":"https:\/\/www.eldiario.net\/portal\/#\/schema\/person\/2c57cf2b7a7ae032e449e4c9b1019eac","name":"Jeanette","image":{"@type":"ImageObject","inLanguage":"es","@id":"https:\/\/secure.gravatar.com\/avatar\/3ea2118a5f7dad2b7138b1187a6b7ee55f160b9968b66013c3a3ef39dd7e5798?s=96&d=mm&r=g","url":"https:\/\/secure.gravatar.com\/avatar\/3ea2118a5f7dad2b7138b1187a6b7ee55f160b9968b66013c3a3ef39dd7e5798?s=96&d=mm&r=g","contentUrl":"https:\/\/secure.gravatar.com\/avatar\/3ea2118a5f7dad2b7138b1187a6b7ee55f160b9968b66013c3a3ef39dd7e5798?s=96&d=mm&r=g","caption":"Jeanette"},"sameAs":["https:\/\/www.eldiario.net\/portal"],"url":"https:\/\/www.eldiario.net\/portal\/author\/jeanette\/"}]}},"_links":{"self":[{"href":"https:\/\/www.eldiario.net\/portal\/wp-json\/wp\/v2\/posts\/21696","targetHints":{"allow":["GET"]}}],"collection":[{"href":"https:\/\/www.eldiario.net\/portal\/wp-json\/wp\/v2\/posts"}],"about":[{"href":"https:\/\/www.eldiario.net\/portal\/wp-json\/wp\/v2\/types\/post"}],"author":[{"embeddable":true,"href":"https:\/\/www.eldiario.net\/portal\/wp-json\/wp\/v2\/users\/1"}],"replies":[{"embeddable":true,"href":"https:\/\/www.eldiario.net\/portal\/wp-json\/wp\/v2\/comments?post=21696"}],"version-history":[{"count":0,"href":"https:\/\/www.eldiario.net\/portal\/wp-json\/wp\/v2\/posts\/21696\/revisions"}],"wp:attachment":[{"href":"https:\/\/www.eldiario.net\/portal\/wp-json\/wp\/v2\/media?parent=21696"}],"wp:term":[{"taxonomy":"category","embeddable":true,"href":"https:\/\/www.eldiario.net\/portal\/wp-json\/wp\/v2\/categories?post=21696"},{"taxonomy":"post_tag","embeddable":true,"href":"https:\/\/www.eldiario.net\/portal\/wp-json\/wp\/v2\/tags?post=21696"}],"curies":[{"name":"wp","href":"https:\/\/api.w.org\/{rel}","templated":true}]}}