{"id":21693,"date":"2021-08-06T06:40:50","date_gmt":"2021-08-06T10:40:50","guid":{"rendered":"https:\/\/www.eldiario.net\/portal\/?p=21693"},"modified":"2021-08-06T06:40:50","modified_gmt":"2021-08-06T10:40:50","slug":"la-marcha-del-conade-deriva-en-enfrentamiento-con-afines-al-mas","status":"publish","type":"post","link":"https:\/\/www.eldiario.net\/portal\/2021\/08\/06\/la-marcha-del-conade-deriva-en-enfrentamiento-con-afines-al-mas\/","title":{"rendered":"La marcha del Conade deriva en enfrentamiento con afines al MAS"},"content":{"rendered":"<p>Una marcha organizada por el Comit\u00e9 Nacional en Defensa de la Democracia (Conade) deriv\u00f3 en agresiones con sectores afines al Movimiento Al Socialismo (MAS) que impidieron su recorrido por el centro de la ciudad de La Paz.<br \/>\nLa movilizaci\u00f3n hab\u00eda sido convocada para demandar la renuncia del fiscal general del Estado, Juan Lanchipa, tras conocer el informe pericial de la Universidad de Salamanca, Espa\u00f1a, que estableci\u00f3 que no hubo manipulaci\u00f3n de datos en las elecciones anuladas de 2019.<br \/>\nEl Conade y colectivos ciudadanos se concentraron pasadas las 17.00 de este jueves en puertas de la Asamblea Permanente de Derechos Humanos de Bolivia (APDH), mientras que los grupos afines al MAS se hab\u00edan instalado en cercan\u00edas al atrio de la Universidad Mayor de San Andr\u00e9s (UMSA).<br \/>\nLa movilizaci\u00f3n demandaba la renuncia del fiscal general del Estado, Juan Lanchipa, tras conocer el informe pericial de la Universidad de Salamanca, Espa\u00f1a, que estableci\u00f3 que no hubo manipulaci\u00f3n de datos en las elecciones anuladas de 2019.<br \/>\nMientras la marcha comenzaba su recorrido comenzaron las agresiones verbales de uno y otro lado que incluso llegaron a los golpes. Un grupo de efectivos del orden lleg\u00f3 hasta el lugar para evitar que ocurran mayores incidentes entre los movilizados.<br \/>\nCasi una hora despu\u00e9s de las grescas, el Conade emiti\u00f3 un comunicado donde anunciaba la suspensi\u00f3n de la marcha que ten\u00eda como objetivo llegar hasta la plaza San Francisco e instalar un mitin de protesta.<br \/>\nEn medio de estos incidentes, el diputado de Comunidad Ciudadana (CC), Alberto Astorga, fue agredido en la cabeza por una piedra que, seg\u00fan denunci\u00f3, le lanzaron desde el grupo del MAS. A trav\u00e9s de un video, responsabiliz\u00f3 de estos ataques al exasamble\u00edsta del MAS Gustavo Torrico.<br \/>\n\u201cAquel estaba liderando estas hordas masistas que han agredido a ciudadanos que est\u00e1bamos realizando protestas totalmente pac\u00edfica\u201d, afirm\u00f3 en el audiovisual grabado en puertas de la Caja Petrolera de Salud (CPS).<br \/>\nEl aludido, en declaraciones a Erbol, asegur\u00f3 que quienes comenzaron con la agresi\u00f3n fueron de las plataformas ciudadanas. \u201cEllos han empezado a golpear, los se\u00f1ores (del Conade), nosotros est\u00e1bamos aqu\u00ed parados\u201d, sostuvo.<br \/>\nAsegur\u00f3 que quienes se concentraron fueron colectivos de diferentes barrios, familiares de v\u00edctimas de Senkata, El Alto; que demandan justicia por las jornadas de violencia que atravesaron durante el Gobierno de Jeanine A\u00f1ez, tras la renuncia de Evo Morales.<\/p>\n","protected":false},"excerpt":{"rendered":"<p>Una marcha organizada por el Comit\u00e9 Nacional en Defensa de la Democracia (Conade) deriv\u00f3 en agresiones con sectores afines al Movimiento Al Socialismo (MAS) que impidieron su recorrido por el centro de la ciudad de La Paz. La movilizaci\u00f3n hab\u00eda sido convocada para demandar la renuncia del fiscal general del Estado, Juan Lanchipa, tras conocer [&hellip;]<\/p>\n","protected":false},"author":1,"featured_media":21694,"comment_status":"closed","ping_status":"closed","sticky":false,"template":"","format":"standard","meta":{"_acf_changed":false,"footnotes":""},"categories":[14],"tags":[],"class_list":["post-21693","post","type-post","status-publish","format-standard","has-post-thumbnail","category-politica"],"acf":{"antetitulo":""},"yoast_head":"<!-- This site is optimized with the Yoast SEO plugin v28.4 - https:\/\/yoast.com\/product\/yoast-seo-wordpress\/ -->\n<title>La marcha del Conade deriva en enfrentamiento con afines al MAS - El Diario - Bolivia<\/title>\n<meta name=\"robots\" content=\"index, follow, max-snippet:-1, max-image-preview:large, max-video-preview:-1\" \/>\n<link rel=\"canonical\" href=\"https:\/\/www.eldiario.net\/portal\/2021\/08\/06\/la-marcha-del-conade-deriva-en-enfrentamiento-con-afines-al-mas\/\" \/>\n<meta property=\"og:locale\" content=\"es_ES\" \/>\n<meta property=\"og:type\" content=\"article\" \/>\n<meta property=\"og:title\" content=\"La marcha del Conade deriva en enfrentamiento con afines al MAS - El Diario - Bolivia\" \/>\n<meta property=\"og:description\" content=\"Una marcha organizada por el Comit\u00e9 Nacional en Defensa de la Democracia (Conade) deriv\u00f3 en agresiones con sectores afines al Movimiento Al Socialismo (MAS) que impidieron su recorrido por el centro de la ciudad de La Paz. La movilizaci\u00f3n hab\u00eda sido convocada para demandar la renuncia del fiscal general del Estado, Juan Lanchipa, tras conocer [&hellip;]\" \/>\n<meta property=\"og:url\" content=\"https:\/\/www.eldiario.net\/portal\/2021\/08\/06\/la-marcha-del-conade-deriva-en-enfrentamiento-con-afines-al-mas\/\" \/>\n<meta property=\"og:site_name\" content=\"El Diario - Bolivia\" \/>\n<meta property=\"article:publisher\" content=\"https:\/\/www.facebook.com\/eldiario.bolivia\/\" \/>\n<meta property=\"article:published_time\" content=\"2021-08-06T10:40:50+00:00\" \/>\n<meta name=\"author\" content=\"Jeanette\" \/>\n<meta name=\"twitter:card\" content=\"summary_large_image\" \/>\n<meta name=\"twitter:creator\" content=\"@eldiario_net\" \/>\n<meta name=\"twitter:site\" content=\"@eldiario_net\" \/>\n<meta name=\"twitter:label1\" content=\"Escrito por\" \/>\n\t<meta name=\"twitter:data1\" content=\"Jeanette\" \/>\n\t<meta name=\"twitter:label2\" content=\"Tiempo de lectura\" \/>\n\t<meta name=\"twitter:data2\" content=\"2 minutos\" \/>\n<script type=\"application\/ld+json\" class=\"yoast-schema-graph\">{\"@context\":\"https:\\\/\\\/schema.org\",\"@graph\":[{\"@type\":\"Article\",\"@id\":\"https:\\\/\\\/www.eldiario.net\\\/portal\\\/2021\\\/08\\\/06\\\/la-marcha-del-conade-deriva-en-enfrentamiento-con-afines-al-mas\\\/#article\",\"isPartOf\":{\"@id\":\"https:\\\/\\\/www.eldiario.net\\\/portal\\\/2021\\\/08\\\/06\\\/la-marcha-del-conade-deriva-en-enfrentamiento-con-afines-al-mas\\\/\"},\"author\":{\"name\":\"Jeanette\",\"@id\":\"https:\\\/\\\/www.eldiario.net\\\/portal\\\/#\\\/schema\\\/person\\\/2c57cf2b7a7ae032e449e4c9b1019eac\"},\"headline\":\"La marcha del Conade deriva en enfrentamiento con afines al MAS\",\"datePublished\":\"2021-08-06T10:40:50+00:00\",\"mainEntityOfPage\":{\"@id\":\"https:\\\/\\\/www.eldiario.net\\\/portal\\\/2021\\\/08\\\/06\\\/la-marcha-del-conade-deriva-en-enfrentamiento-con-afines-al-mas\\\/\"},\"wordCount\":416,\"publisher\":{\"@id\":\"https:\\\/\\\/www.eldiario.net\\\/portal\\\/#organization\"},\"image\":{\"@id\":\"https:\\\/\\\/www.eldiario.net\\\/portal\\\/2021\\\/08\\\/06\\\/la-marcha-del-conade-deriva-en-enfrentamiento-con-afines-al-mas\\\/#primaryimage\"},\"thumbnailUrl\":\"\",\"articleSection\":[\"Pol\u00edtica\"],\"inLanguage\":\"es\"},{\"@type\":\"WebPage\",\"@id\":\"https:\\\/\\\/www.eldiario.net\\\/portal\\\/2021\\\/08\\\/06\\\/la-marcha-del-conade-deriva-en-enfrentamiento-con-afines-al-mas\\\/\",\"url\":\"https:\\\/\\\/www.eldiario.net\\\/portal\\\/2021\\\/08\\\/06\\\/la-marcha-del-conade-deriva-en-enfrentamiento-con-afines-al-mas\\\/\",\"name\":\"La marcha del Conade deriva en enfrentamiento con afines al MAS - El Diario - Bolivia\",\"isPartOf\":{\"@id\":\"https:\\\/\\\/www.eldiario.net\\\/portal\\\/#website\"},\"primaryImageOfPage\":{\"@id\":\"https:\\\/\\\/www.eldiario.net\\\/portal\\\/2021\\\/08\\\/06\\\/la-marcha-del-conade-deriva-en-enfrentamiento-con-afines-al-mas\\\/#primaryimage\"},\"image\":{\"@id\":\"https:\\\/\\\/www.eldiario.net\\\/portal\\\/2021\\\/08\\\/06\\\/la-marcha-del-conade-deriva-en-enfrentamiento-con-afines-al-mas\\\/#primaryimage\"},\"thumbnailUrl\":\"\",\"datePublished\":\"2021-08-06T10:40:50+00:00\",\"breadcrumb\":{\"@id\":\"https:\\\/\\\/www.eldiario.net\\\/portal\\\/2021\\\/08\\\/06\\\/la-marcha-del-conade-deriva-en-enfrentamiento-con-afines-al-mas\\\/#breadcrumb\"},\"inLanguage\":\"es\",\"potentialAction\":[{\"@type\":\"ReadAction\",\"target\":[\"https:\\\/\\\/www.eldiario.net\\\/portal\\\/2021\\\/08\\\/06\\\/la-marcha-del-conade-deriva-en-enfrentamiento-con-afines-al-mas\\\/\"]}]},{\"@type\":\"ImageObject\",\"inLanguage\":\"es\",\"@id\":\"https:\\\/\\\/www.eldiario.net\\\/portal\\\/2021\\\/08\\\/06\\\/la-marcha-del-conade-deriva-en-enfrentamiento-con-afines-al-mas\\\/#primaryimage\",\"url\":\"\",\"contentUrl\":\"\"},{\"@type\":\"BreadcrumbList\",\"@id\":\"https:\\\/\\\/www.eldiario.net\\\/portal\\\/2021\\\/08\\\/06\\\/la-marcha-del-conade-deriva-en-enfrentamiento-con-afines-al-mas\\\/#breadcrumb\",\"itemListElement\":[{\"@type\":\"ListItem\",\"position\":1,\"name\":\"Portada\",\"item\":\"https:\\\/\\\/www.eldiario.net\\\/portal\\\/\"},{\"@type\":\"ListItem\",\"position\":2,\"name\":\"La marcha del Conade deriva en enfrentamiento con afines al MAS\"}]},{\"@type\":\"WebSite\",\"@id\":\"https:\\\/\\\/www.eldiario.net\\\/portal\\\/#website\",\"url\":\"https:\\\/\\\/www.eldiario.net\\\/portal\\\/\",\"name\":\"El Diario - Decano de la prensa nacional\",\"description\":\"El Diario - Decano de la prensa nacional\",\"publisher\":{\"@id\":\"https:\\\/\\\/www.eldiario.net\\\/portal\\\/#organization\"},\"potentialAction\":[{\"@type\":\"SearchAction\",\"target\":{\"@type\":\"EntryPoint\",\"urlTemplate\":\"https:\\\/\\\/www.eldiario.net\\\/portal\\\/?s={search_term_string}\"},\"query-input\":{\"@type\":\"PropertyValueSpecification\",\"valueRequired\":true,\"valueName\":\"search_term_string\"}}],\"inLanguage\":\"es\"},{\"@type\":\"Organization\",\"@id\":\"https:\\\/\\\/www.eldiario.net\\\/portal\\\/#organization\",\"name\":\"El Diario - Decano de la prensa nacional\",\"url\":\"https:\\\/\\\/www.eldiario.net\\\/portal\\\/\",\"logo\":{\"@type\":\"ImageObject\",\"inLanguage\":\"es\",\"@id\":\"https:\\\/\\\/www.eldiario.net\\\/portal\\\/#\\\/schema\\\/logo\\\/image\\\/\",\"url\":\"https:\\\/\\\/www.eldiario.net\\\/portal\\\/wp-content\\\/uploads\\\/2023\\\/07\\\/logo_ED.jpg\",\"contentUrl\":\"https:\\\/\\\/www.eldiario.net\\\/portal\\\/wp-content\\\/uploads\\\/2023\\\/07\\\/logo_ED.jpg\",\"width\":272,\"height\":52,\"caption\":\"El Diario - Decano de la prensa nacional\"},\"image\":{\"@id\":\"https:\\\/\\\/www.eldiario.net\\\/portal\\\/#\\\/schema\\\/logo\\\/image\\\/\"},\"sameAs\":[\"https:\\\/\\\/www.facebook.com\\\/eldiario.bolivia\\\/\",\"https:\\\/\\\/x.com\\\/eldiario_net\"]},{\"@type\":\"Person\",\"@id\":\"https:\\\/\\\/www.eldiario.net\\\/portal\\\/#\\\/schema\\\/person\\\/2c57cf2b7a7ae032e449e4c9b1019eac\",\"name\":\"Jeanette\",\"image\":{\"@type\":\"ImageObject\",\"inLanguage\":\"es\",\"@id\":\"https:\\\/\\\/secure.gravatar.com\\\/avatar\\\/3ea2118a5f7dad2b7138b1187a6b7ee55f160b9968b66013c3a3ef39dd7e5798?s=96&d=mm&r=g\",\"url\":\"https:\\\/\\\/secure.gravatar.com\\\/avatar\\\/3ea2118a5f7dad2b7138b1187a6b7ee55f160b9968b66013c3a3ef39dd7e5798?s=96&d=mm&r=g\",\"contentUrl\":\"https:\\\/\\\/secure.gravatar.com\\\/avatar\\\/3ea2118a5f7dad2b7138b1187a6b7ee55f160b9968b66013c3a3ef39dd7e5798?s=96&d=mm&r=g\",\"caption\":\"Jeanette\"},\"sameAs\":[\"https:\\\/\\\/www.eldiario.net\\\/portal\"],\"url\":\"https:\\\/\\\/www.eldiario.net\\\/portal\\\/author\\\/jeanette\\\/\"}]}<\/script>\n<!-- \/ Yoast SEO plugin. -->","yoast_head_json":{"title":"La marcha del Conade deriva en enfrentamiento con afines al MAS - El Diario - Bolivia","robots":{"index":"index","follow":"follow","max-snippet":"max-snippet:-1","max-image-preview":"max-image-preview:large","max-video-preview":"max-video-preview:-1"},"canonical":"https:\/\/www.eldiario.net\/portal\/2021\/08\/06\/la-marcha-del-conade-deriva-en-enfrentamiento-con-afines-al-mas\/","og_locale":"es_ES","og_type":"article","og_title":"La marcha del Conade deriva en enfrentamiento con afines al MAS - El Diario - Bolivia","og_description":"Una marcha organizada por el Comit\u00e9 Nacional en Defensa de la Democracia (Conade) deriv\u00f3 en agresiones con sectores afines al Movimiento Al Socialismo (MAS) que impidieron su recorrido por el centro de la ciudad de La Paz. La movilizaci\u00f3n hab\u00eda sido convocada para demandar la renuncia del fiscal general del Estado, Juan Lanchipa, tras conocer [&hellip;]","og_url":"https:\/\/www.eldiario.net\/portal\/2021\/08\/06\/la-marcha-del-conade-deriva-en-enfrentamiento-con-afines-al-mas\/","og_site_name":"El Diario - Bolivia","article_publisher":"https:\/\/www.facebook.com\/eldiario.bolivia\/","article_published_time":"2021-08-06T10:40:50+00:00","author":"Jeanette","twitter_card":"summary_large_image","twitter_creator":"@eldiario_net","twitter_site":"@eldiario_net","twitter_misc":{"Escrito por":"Jeanette","Tiempo de lectura":"2 minutos"},"schema":{"@context":"https:\/\/schema.org","@graph":[{"@type":"Article","@id":"https:\/\/www.eldiario.net\/portal\/2021\/08\/06\/la-marcha-del-conade-deriva-en-enfrentamiento-con-afines-al-mas\/#article","isPartOf":{"@id":"https:\/\/www.eldiario.net\/portal\/2021\/08\/06\/la-marcha-del-conade-deriva-en-enfrentamiento-con-afines-al-mas\/"},"author":{"name":"Jeanette","@id":"https:\/\/www.eldiario.net\/portal\/#\/schema\/person\/2c57cf2b7a7ae032e449e4c9b1019eac"},"headline":"La marcha del Conade deriva en enfrentamiento con afines al MAS","datePublished":"2021-08-06T10:40:50+00:00","mainEntityOfPage":{"@id":"https:\/\/www.eldiario.net\/portal\/2021\/08\/06\/la-marcha-del-conade-deriva-en-enfrentamiento-con-afines-al-mas\/"},"wordCount":416,"publisher":{"@id":"https:\/\/www.eldiario.net\/portal\/#organization"},"image":{"@id":"https:\/\/www.eldiario.net\/portal\/2021\/08\/06\/la-marcha-del-conade-deriva-en-enfrentamiento-con-afines-al-mas\/#primaryimage"},"thumbnailUrl":"","articleSection":["Pol\u00edtica"],"inLanguage":"es"},{"@type":"WebPage","@id":"https:\/\/www.eldiario.net\/portal\/2021\/08\/06\/la-marcha-del-conade-deriva-en-enfrentamiento-con-afines-al-mas\/","url":"https:\/\/www.eldiario.net\/portal\/2021\/08\/06\/la-marcha-del-conade-deriva-en-enfrentamiento-con-afines-al-mas\/","name":"La marcha del Conade deriva en enfrentamiento con afines al MAS - El Diario - Bolivia","isPartOf":{"@id":"https:\/\/www.eldiario.net\/portal\/#website"},"primaryImageOfPage":{"@id":"https:\/\/www.eldiario.net\/portal\/2021\/08\/06\/la-marcha-del-conade-deriva-en-enfrentamiento-con-afines-al-mas\/#primaryimage"},"image":{"@id":"https:\/\/www.eldiario.net\/portal\/2021\/08\/06\/la-marcha-del-conade-deriva-en-enfrentamiento-con-afines-al-mas\/#primaryimage"},"thumbnailUrl":"","datePublished":"2021-08-06T10:40:50+00:00","breadcrumb":{"@id":"https:\/\/www.eldiario.net\/portal\/2021\/08\/06\/la-marcha-del-conade-deriva-en-enfrentamiento-con-afines-al-mas\/#breadcrumb"},"inLanguage":"es","potentialAction":[{"@type":"ReadAction","target":["https:\/\/www.eldiario.net\/portal\/2021\/08\/06\/la-marcha-del-conade-deriva-en-enfrentamiento-con-afines-al-mas\/"]}]},{"@type":"ImageObject","inLanguage":"es","@id":"https:\/\/www.eldiario.net\/portal\/2021\/08\/06\/la-marcha-del-conade-deriva-en-enfrentamiento-con-afines-al-mas\/#primaryimage","url":"","contentUrl":""},{"@type":"BreadcrumbList","@id":"https:\/\/www.eldiario.net\/portal\/2021\/08\/06\/la-marcha-del-conade-deriva-en-enfrentamiento-con-afines-al-mas\/#breadcrumb","itemListElement":[{"@type":"ListItem","position":1,"name":"Portada","item":"https:\/\/www.eldiario.net\/portal\/"},{"@type":"ListItem","position":2,"name":"La marcha del Conade deriva en enfrentamiento con afines al MAS"}]},{"@type":"WebSite","@id":"https:\/\/www.eldiario.net\/portal\/#website","url":"https:\/\/www.eldiario.net\/portal\/","name":"El Diario - Decano de la prensa nacional","description":"El Diario - Decano de la prensa nacional","publisher":{"@id":"https:\/\/www.eldiario.net\/portal\/#organization"},"potentialAction":[{"@type":"SearchAction","target":{"@type":"EntryPoint","urlTemplate":"https:\/\/www.eldiario.net\/portal\/?s={search_term_string}"},"query-input":{"@type":"PropertyValueSpecification","valueRequired":true,"valueName":"search_term_string"}}],"inLanguage":"es"},{"@type":"Organization","@id":"https:\/\/www.eldiario.net\/portal\/#organization","name":"El Diario - Decano de la prensa nacional","url":"https:\/\/www.eldiario.net\/portal\/","logo":{"@type":"ImageObject","inLanguage":"es","@id":"https:\/\/www.eldiario.net\/portal\/#\/schema\/logo\/image\/","url":"https:\/\/www.eldiario.net\/portal\/wp-content\/uploads\/2023\/07\/logo_ED.jpg","contentUrl":"https:\/\/www.eldiario.net\/portal\/wp-content\/uploads\/2023\/07\/logo_ED.jpg","width":272,"height":52,"caption":"El Diario - Decano de la prensa nacional"},"image":{"@id":"https:\/\/www.eldiario.net\/portal\/#\/schema\/logo\/image\/"},"sameAs":["https:\/\/www.facebook.com\/eldiario.bolivia\/","https:\/\/x.com\/eldiario_net"]},{"@type":"Person","@id":"https:\/\/www.eldiario.net\/portal\/#\/schema\/person\/2c57cf2b7a7ae032e449e4c9b1019eac","name":"Jeanette","image":{"@type":"ImageObject","inLanguage":"es","@id":"https:\/\/secure.gravatar.com\/avatar\/3ea2118a5f7dad2b7138b1187a6b7ee55f160b9968b66013c3a3ef39dd7e5798?s=96&d=mm&r=g","url":"https:\/\/secure.gravatar.com\/avatar\/3ea2118a5f7dad2b7138b1187a6b7ee55f160b9968b66013c3a3ef39dd7e5798?s=96&d=mm&r=g","contentUrl":"https:\/\/secure.gravatar.com\/avatar\/3ea2118a5f7dad2b7138b1187a6b7ee55f160b9968b66013c3a3ef39dd7e5798?s=96&d=mm&r=g","caption":"Jeanette"},"sameAs":["https:\/\/www.eldiario.net\/portal"],"url":"https:\/\/www.eldiario.net\/portal\/author\/jeanette\/"}]}},"_links":{"self":[{"href":"https:\/\/www.eldiario.net\/portal\/wp-json\/wp\/v2\/posts\/21693","targetHints":{"allow":["GET"]}}],"collection":[{"href":"https:\/\/www.eldiario.net\/portal\/wp-json\/wp\/v2\/posts"}],"about":[{"href":"https:\/\/www.eldiario.net\/portal\/wp-json\/wp\/v2\/types\/post"}],"author":[{"embeddable":true,"href":"https:\/\/www.eldiario.net\/portal\/wp-json\/wp\/v2\/users\/1"}],"replies":[{"embeddable":true,"href":"https:\/\/www.eldiario.net\/portal\/wp-json\/wp\/v2\/comments?post=21693"}],"version-history":[{"count":0,"href":"https:\/\/www.eldiario.net\/portal\/wp-json\/wp\/v2\/posts\/21693\/revisions"}],"wp:attachment":[{"href":"https:\/\/www.eldiario.net\/portal\/wp-json\/wp\/v2\/media?parent=21693"}],"wp:term":[{"taxonomy":"category","embeddable":true,"href":"https:\/\/www.eldiario.net\/portal\/wp-json\/wp\/v2\/categories?post=21693"},{"taxonomy":"post_tag","embeddable":true,"href":"https:\/\/www.eldiario.net\/portal\/wp-json\/wp\/v2\/tags?post=21693"}],"curies":[{"name":"wp","href":"https:\/\/api.w.org\/{rel}","templated":true}]}}