{"id":215757,"date":"2024-04-20T21:57:10","date_gmt":"2024-04-21T01:57:10","guid":{"rendered":"https:\/\/www.eldiario.net\/portal\/?p=215757"},"modified":"2024-04-21T22:03:32","modified_gmt":"2024-04-22T02:03:32","slug":"la-casona-abre-sus-puertas-en-santa-cruz","status":"publish","type":"post","link":"https:\/\/www.eldiario.net\/portal\/2024\/04\/20\/la-casona-abre-sus-puertas-en-santa-cruz\/","title":{"rendered":"La Casona abre sus puertas en Santa Cruz"},"content":{"rendered":"<p>Jos\u00e9 Antonio Castillo y Fernanda Rodr\u00edguez recibieron a decenas de invitados con motivo de la inauguraci\u00f3n del centro de eventos La Casona, proyecto concebido en la ciudad de Santa Cruz con entusiasmo, dedicaci\u00f3n y pasi\u00f3n, para cumplir con los sue\u00f1os de quienes celebran momentos especiales, en un entorno rodeado de naturaleza.<br \/>\nLos anfitriones pusieron de relieve que desde la planificaci\u00f3n hasta la culminaci\u00f3n del evento, la misi\u00f3n es superar las expectativas y dejar una impresi\u00f3n duradera en cada uno de sus invitados.<br \/>\n\u00abLa inauguraci\u00f3n de La Casona marca el comienzo de una nueva era de celebraciones excepcionales en un entorno de belleza natural y din\u00e1mico. Bienvenidos a este emocionante capitulo que espera compartir momentos inolvidables juntos en este maravilloso espacio\u00bb, manifest\u00f3 Jos\u00e9 Antonio Castillo, mientras levantaba su copa y exclamaba !Abrimos nuestras puertas! Mientras que Fernanda Rodr\u00edguez, socia de Jos\u00e9 Antonio, invit\u00f3 a unirse a los invitados, para celebrar la apertura de \u00abLa casona \u00bb y descubrir el lugar donde los sue\u00f1os se hacen realidad.<\/p>\n\r\n                <style type=\"text\/css\">\r\n                    \r\n                    #tdi_1  .td-doubleSlider-2 .td-item1 {\r\n                        background: url(https:\/\/www.eldiario.net\/portal\/wp-content\/uploads\/2024\/04\/CA-1-80x60.jpg) 0 0 no-repeat;\r\n                    }\r\n                    #tdi_1  .td-doubleSlider-2 .td-item2 {\r\n                        background: url(https:\/\/www.eldiario.net\/portal\/wp-content\/uploads\/2024\/04\/CA-2-80x60.jpg) 0 0 no-repeat;\r\n                    }\r\n                    #tdi_1  .td-doubleSlider-2 .td-item3 {\r\n                        background: url(https:\/\/www.eldiario.net\/portal\/wp-content\/uploads\/2024\/04\/CA-3-80x60.jpg) 0 0 no-repeat;\r\n                    }\r\n                    #tdi_1  .td-doubleSlider-2 .td-item4 {\r\n                        background: url(https:\/\/www.eldiario.net\/portal\/wp-content\/uploads\/2024\/04\/CA-4-80x60.jpg) 0 0 no-repeat;\r\n                    }\r\n                    #tdi_1  .td-doubleSlider-2 .td-item5 {\r\n                        background: url(https:\/\/www.eldiario.net\/portal\/wp-content\/uploads\/2024\/04\/CA-5-80x60.jpg) 0 0 no-repeat;\r\n                    }\r\n                    #tdi_1  .td-doubleSlider-2 .td-item6 {\r\n                        background: url(https:\/\/www.eldiario.net\/portal\/wp-content\/uploads\/2024\/04\/CA-6-80x60.jpg) 0 0 no-repeat;\r\n                    }\r\n                    #tdi_1  .td-doubleSlider-2 .td-item7 {\r\n                        background: url(https:\/\/www.eldiario.net\/portal\/wp-content\/uploads\/2024\/04\/CA-7-80x60.jpg) 0 0 no-repeat;\r\n                    }\r\n                    #tdi_1  .td-doubleSlider-2 .td-item8 {\r\n                        background: url(https:\/\/www.eldiario.net\/portal\/wp-content\/uploads\/2024\/04\/CA-8-80x60.jpg) 0 0 no-repeat;\r\n                    }\r\n                <\/style>\r\n\r\n                <div id=\"tdi_1\" class=\"td-gallery td-slide-on-2-columns\">\r\n                    <div class=\"post_td_gallery\">\r\n                        <div class=\"td-gallery-slide-top\">\r\n                           <div class=\"td-gallery-title\"><\/div>\r\n\r\n                            <div class=\"td-gallery-controls-wrapper\">\r\n                                <div class=\"td-gallery-slide-count\"><span class=\"td-gallery-slide-item-focus\">1<\/span> de 8<\/div>\r\n                                <div class=\"td-gallery-slide-prev-next-but\">\r\n                                    <i class = \"td-icon-left doubleSliderPrevButton\"><\/i>\r\n                                    <i class = \"td-icon-right doubleSliderNextButton\"><\/i>\r\n                                <\/div>\r\n                            <\/div>\r\n                        <\/div>\r\n\r\n                        <div class = \"td-doubleSlider-1 \">\r\n                            <div class = \"td-slider\">\r\n                                \r\n                    <div class = \"td-slide-item td-item1\">\r\n                        <figure class=\"td-slide-galery-figure td-slide-popup-gallery\">\r\n                            <a class=\"slide-gallery-image-link\" href=\"https:\/\/www.eldiario.net\/portal\/wp-content\/uploads\/2024\/04\/CA-1.jpg\" title=\"CA-1\"  data-caption=\"FABIOLA DELGADILLO Y STEFI ROCA.\"  data-description=\"\">\r\n                                <img decoding=\"async\" src=\"https:\/\/www.eldiario.net\/portal\/wp-content\/uploads\/2024\/04\/CA-1-747x420.jpg\" srcset=\"https:\/\/www.eldiario.net\/portal\/wp-content\/uploads\/2024\/04\/CA-1-747x420.jpg 747w, https:\/\/www.eldiario.net\/portal\/wp-content\/uploads\/2024\/04\/CA-1-300x169.jpg 300w, https:\/\/www.eldiario.net\/portal\/wp-content\/uploads\/2024\/04\/CA-1-1024x576.jpg 1024w, https:\/\/www.eldiario.net\/portal\/wp-content\/uploads\/2024\/04\/CA-1-768x432.jpg 768w, https:\/\/www.eldiario.net\/portal\/wp-content\/uploads\/2024\/04\/CA-1-696x392.jpg 696w, https:\/\/www.eldiario.net\/portal\/wp-content\/uploads\/2024\/04\/CA-1-1068x601.jpg 1068w, https:\/\/www.eldiario.net\/portal\/wp-content\/uploads\/2024\/04\/CA-1.jpg 1280w\" sizes=\"(max-width: 747px) 100vw, 747px\" alt=\"\">\r\n                            <\/a>\r\n                            <figcaption class = \"td-slide-caption td-gallery-slide-content\"><div class = \"td-gallery-slide-copywrite\">FABIOLA DELGADILLO Y STEFI ROCA.<\/div><\/figcaption>\r\n                        <\/figure>\r\n                    <\/div>\r\n                    <div class = \"td-slide-item td-item2\">\r\n                        <figure class=\"td-slide-galery-figure td-slide-popup-gallery\">\r\n                            <a class=\"slide-gallery-image-link\" href=\"https:\/\/www.eldiario.net\/portal\/wp-content\/uploads\/2024\/04\/CA-2.jpg\" title=\"CA-2\"  data-caption=\"\nSOPHIA ROCA, LUANA ARIAS Y DANIELA FLORES.\"  data-description=\"\">\r\n                                <img decoding=\"async\" src=\"https:\/\/www.eldiario.net\/portal\/wp-content\/uploads\/2024\/04\/CA-2-747x420.jpg\" srcset=\"https:\/\/www.eldiario.net\/portal\/wp-content\/uploads\/2024\/04\/CA-2-747x420.jpg 747w, https:\/\/www.eldiario.net\/portal\/wp-content\/uploads\/2024\/04\/CA-2-300x169.jpg 300w, https:\/\/www.eldiario.net\/portal\/wp-content\/uploads\/2024\/04\/CA-2-1024x576.jpg 1024w, https:\/\/www.eldiario.net\/portal\/wp-content\/uploads\/2024\/04\/CA-2-768x432.jpg 768w, https:\/\/www.eldiario.net\/portal\/wp-content\/uploads\/2024\/04\/CA-2-696x392.jpg 696w, https:\/\/www.eldiario.net\/portal\/wp-content\/uploads\/2024\/04\/CA-2-1068x601.jpg 1068w, https:\/\/www.eldiario.net\/portal\/wp-content\/uploads\/2024\/04\/CA-2.jpg 1280w\" sizes=\"(max-width: 747px) 100vw, 747px\" alt=\"\">\r\n                            <\/a>\r\n                            <figcaption class = \"td-slide-caption td-gallery-slide-content\"><div class = \"td-gallery-slide-copywrite\">\nSOPHIA ROCA, LUANA ARIAS Y DANIELA FLORES.<\/div><\/figcaption>\r\n                        <\/figure>\r\n                    <\/div>\r\n                    <div class = \"td-slide-item td-item3\">\r\n                        <figure class=\"td-slide-galery-figure td-slide-popup-gallery\">\r\n                            <a class=\"slide-gallery-image-link\" href=\"https:\/\/www.eldiario.net\/portal\/wp-content\/uploads\/2024\/04\/CA-3.jpg\" title=\"CA-3\"  data-caption=\"MARCO MERLO, ROXANA DEL R\u00cdO Y ADRIANA GUZM\u00c1N.\"  data-description=\"\">\r\n                                <img decoding=\"async\" src=\"https:\/\/www.eldiario.net\/portal\/wp-content\/uploads\/2024\/04\/CA-3-747x420.jpg\" srcset=\"https:\/\/www.eldiario.net\/portal\/wp-content\/uploads\/2024\/04\/CA-3-747x420.jpg 747w, https:\/\/www.eldiario.net\/portal\/wp-content\/uploads\/2024\/04\/CA-3-300x169.jpg 300w, https:\/\/www.eldiario.net\/portal\/wp-content\/uploads\/2024\/04\/CA-3-1024x576.jpg 1024w, https:\/\/www.eldiario.net\/portal\/wp-content\/uploads\/2024\/04\/CA-3-768x432.jpg 768w, https:\/\/www.eldiario.net\/portal\/wp-content\/uploads\/2024\/04\/CA-3-696x392.jpg 696w, https:\/\/www.eldiario.net\/portal\/wp-content\/uploads\/2024\/04\/CA-3-1068x601.jpg 1068w, https:\/\/www.eldiario.net\/portal\/wp-content\/uploads\/2024\/04\/CA-3.jpg 1280w\" sizes=\"(max-width: 747px) 100vw, 747px\" alt=\"\">\r\n                            <\/a>\r\n                            <figcaption class = \"td-slide-caption td-gallery-slide-content\"><div class = \"td-gallery-slide-copywrite\">MARCO MERLO, ROXANA DEL R\u00cdO Y ADRIANA GUZM\u00c1N.<\/div><\/figcaption>\r\n                        <\/figure>\r\n                    <\/div>\r\n                    <div class = \"td-slide-item td-item4\">\r\n                        <figure class=\"td-slide-galery-figure td-slide-popup-gallery\">\r\n                            <a class=\"slide-gallery-image-link\" href=\"https:\/\/www.eldiario.net\/portal\/wp-content\/uploads\/2024\/04\/CA-4.jpg\" title=\"CA-4\"  data-caption=\"PABLO A., CAMILA SUAREZ, ARACELY ALI Y JOSE\u00c9 ANTONIO CASTILLO.\"  data-description=\"\">\r\n                                <img decoding=\"async\" src=\"https:\/\/www.eldiario.net\/portal\/wp-content\/uploads\/2024\/04\/CA-4-747x420.jpg\" srcset=\"https:\/\/www.eldiario.net\/portal\/wp-content\/uploads\/2024\/04\/CA-4-747x420.jpg 747w, https:\/\/www.eldiario.net\/portal\/wp-content\/uploads\/2024\/04\/CA-4-300x169.jpg 300w, https:\/\/www.eldiario.net\/portal\/wp-content\/uploads\/2024\/04\/CA-4-1024x576.jpg 1024w, https:\/\/www.eldiario.net\/portal\/wp-content\/uploads\/2024\/04\/CA-4-768x432.jpg 768w, https:\/\/www.eldiario.net\/portal\/wp-content\/uploads\/2024\/04\/CA-4-696x392.jpg 696w, https:\/\/www.eldiario.net\/portal\/wp-content\/uploads\/2024\/04\/CA-4-1068x601.jpg 1068w, https:\/\/www.eldiario.net\/portal\/wp-content\/uploads\/2024\/04\/CA-4.jpg 1280w\" sizes=\"(max-width: 747px) 100vw, 747px\" alt=\"\">\r\n                            <\/a>\r\n                            <figcaption class = \"td-slide-caption td-gallery-slide-content\"><div class = \"td-gallery-slide-copywrite\">PABLO A., CAMILA SUAREZ, ARACELY ALI Y JOSE\u00c9 ANTONIO CASTILLO.<\/div><\/figcaption>\r\n                        <\/figure>\r\n                    <\/div>\r\n                    <div class = \"td-slide-item td-item5\">\r\n                        <figure class=\"td-slide-galery-figure td-slide-popup-gallery\">\r\n                            <a class=\"slide-gallery-image-link\" href=\"https:\/\/www.eldiario.net\/portal\/wp-content\/uploads\/2024\/04\/CA-5.jpg\" title=\"CA-5\"  data-caption=\"MICHELLE VILLAR, LORENA M\u00c9NDEZ Y ALE PEREDO.\"  data-description=\"\">\r\n                                <img decoding=\"async\" src=\"https:\/\/www.eldiario.net\/portal\/wp-content\/uploads\/2024\/04\/CA-5-747x420.jpg\" srcset=\"https:\/\/www.eldiario.net\/portal\/wp-content\/uploads\/2024\/04\/CA-5-747x420.jpg 747w, https:\/\/www.eldiario.net\/portal\/wp-content\/uploads\/2024\/04\/CA-5-300x169.jpg 300w, https:\/\/www.eldiario.net\/portal\/wp-content\/uploads\/2024\/04\/CA-5-1024x576.jpg 1024w, https:\/\/www.eldiario.net\/portal\/wp-content\/uploads\/2024\/04\/CA-5-768x432.jpg 768w, https:\/\/www.eldiario.net\/portal\/wp-content\/uploads\/2024\/04\/CA-5-1536x864.jpg 1536w, https:\/\/www.eldiario.net\/portal\/wp-content\/uploads\/2024\/04\/CA-5-696x392.jpg 696w, https:\/\/www.eldiario.net\/portal\/wp-content\/uploads\/2024\/04\/CA-5-1068x601.jpg 1068w, https:\/\/www.eldiario.net\/portal\/wp-content\/uploads\/2024\/04\/CA-5.jpg 1600w\" sizes=\"(max-width: 747px) 100vw, 747px\" alt=\"\">\r\n                            <\/a>\r\n                            <figcaption class = \"td-slide-caption td-gallery-slide-content\"><div class = \"td-gallery-slide-copywrite\">MICHELLE VILLAR, LORENA M\u00c9NDEZ Y ALE PEREDO.<\/div><\/figcaption>\r\n                        <\/figure>\r\n                    <\/div>\r\n                    <div class = \"td-slide-item td-item6\">\r\n                        <figure class=\"td-slide-galery-figure td-slide-popup-gallery\">\r\n                            <a class=\"slide-gallery-image-link\" href=\"https:\/\/www.eldiario.net\/portal\/wp-content\/uploads\/2024\/04\/CA-6.jpg\" title=\"CA-6\"  data-caption=\"NOELIA M\u00c9NDEZ, FERNANDA RODR\u00cdGUEZ, JOS\u00c9 ANTONIO CASTILLO, CRISTINA BRAVO Y FERNANDA ESPINOZA.\"  data-description=\"\">\r\n                                <img decoding=\"async\" src=\"https:\/\/www.eldiario.net\/portal\/wp-content\/uploads\/2024\/04\/CA-6-747x420.jpg\" srcset=\"https:\/\/www.eldiario.net\/portal\/wp-content\/uploads\/2024\/04\/CA-6-747x420.jpg 747w, https:\/\/www.eldiario.net\/portal\/wp-content\/uploads\/2024\/04\/CA-6-300x169.jpg 300w, https:\/\/www.eldiario.net\/portal\/wp-content\/uploads\/2024\/04\/CA-6-1024x576.jpg 1024w, https:\/\/www.eldiario.net\/portal\/wp-content\/uploads\/2024\/04\/CA-6-768x432.jpg 768w, https:\/\/www.eldiario.net\/portal\/wp-content\/uploads\/2024\/04\/CA-6-696x392.jpg 696w, https:\/\/www.eldiario.net\/portal\/wp-content\/uploads\/2024\/04\/CA-6-1068x601.jpg 1068w, https:\/\/www.eldiario.net\/portal\/wp-content\/uploads\/2024\/04\/CA-6.jpg 1280w\" sizes=\"(max-width: 747px) 100vw, 747px\" alt=\"\">\r\n                            <\/a>\r\n                            <figcaption class = \"td-slide-caption td-gallery-slide-content\"><div class = \"td-gallery-slide-copywrite\">NOELIA M\u00c9NDEZ, FERNANDA RODR\u00cdGUEZ, JOS\u00c9 ANTONIO CASTILLO, CRISTINA BRAVO Y FERNANDA ESPINOZA.<\/div><\/figcaption>\r\n                        <\/figure>\r\n                    <\/div>\r\n                    <div class = \"td-slide-item td-item7\">\r\n                        <figure class=\"td-slide-galery-figure td-slide-popup-gallery\">\r\n                            <a class=\"slide-gallery-image-link\" href=\"https:\/\/www.eldiario.net\/portal\/wp-content\/uploads\/2024\/04\/CA-7.jpg\" title=\"CA-7\"  data-caption=\"SUSAN SU\u00c1REZ, ANDREA OJOPI Y JEANITZA MAYSER.\"  data-description=\"\">\r\n                                <img decoding=\"async\" src=\"https:\/\/www.eldiario.net\/portal\/wp-content\/uploads\/2024\/04\/CA-7-747x420.jpg\" srcset=\"https:\/\/www.eldiario.net\/portal\/wp-content\/uploads\/2024\/04\/CA-7-747x420.jpg 747w, https:\/\/www.eldiario.net\/portal\/wp-content\/uploads\/2024\/04\/CA-7-300x169.jpg 300w, https:\/\/www.eldiario.net\/portal\/wp-content\/uploads\/2024\/04\/CA-7-1024x576.jpg 1024w, https:\/\/www.eldiario.net\/portal\/wp-content\/uploads\/2024\/04\/CA-7-768x432.jpg 768w, https:\/\/www.eldiario.net\/portal\/wp-content\/uploads\/2024\/04\/CA-7-696x392.jpg 696w, https:\/\/www.eldiario.net\/portal\/wp-content\/uploads\/2024\/04\/CA-7-1068x601.jpg 1068w, https:\/\/www.eldiario.net\/portal\/wp-content\/uploads\/2024\/04\/CA-7.jpg 1280w\" sizes=\"(max-width: 747px) 100vw, 747px\" alt=\"\">\r\n                            <\/a>\r\n                            <figcaption class = \"td-slide-caption td-gallery-slide-content\"><div class = \"td-gallery-slide-copywrite\">SUSAN SU\u00c1REZ, ANDREA OJOPI Y JEANITZA MAYSER.<\/div><\/figcaption>\r\n                        <\/figure>\r\n                    <\/div>\r\n                    <div class = \"td-slide-item td-item8\">\r\n                        <figure class=\"td-slide-galery-figure td-slide-popup-gallery\">\r\n                            <a class=\"slide-gallery-image-link\" href=\"https:\/\/www.eldiario.net\/portal\/wp-content\/uploads\/2024\/04\/CA-8.jpg\" title=\"CA-8\"  data-caption=\"\nCHEF CARLOS FROST.\"  data-description=\"\">\r\n                                <img decoding=\"async\" src=\"https:\/\/www.eldiario.net\/portal\/wp-content\/uploads\/2024\/04\/CA-8-747x420.jpg\" srcset=\"https:\/\/www.eldiario.net\/portal\/wp-content\/uploads\/2024\/04\/CA-8-747x420.jpg 747w, https:\/\/www.eldiario.net\/portal\/wp-content\/uploads\/2024\/04\/CA-8-300x169.jpg 300w, https:\/\/www.eldiario.net\/portal\/wp-content\/uploads\/2024\/04\/CA-8-1024x576.jpg 1024w, https:\/\/www.eldiario.net\/portal\/wp-content\/uploads\/2024\/04\/CA-8-768x432.jpg 768w, https:\/\/www.eldiario.net\/portal\/wp-content\/uploads\/2024\/04\/CA-8-696x392.jpg 696w, https:\/\/www.eldiario.net\/portal\/wp-content\/uploads\/2024\/04\/CA-8-1068x601.jpg 1068w, https:\/\/www.eldiario.net\/portal\/wp-content\/uploads\/2024\/04\/CA-8.jpg 1280w\" sizes=\"(max-width: 747px) 100vw, 747px\" alt=\"\">\r\n                            <\/a>\r\n                            <figcaption class = \"td-slide-caption td-gallery-slide-content\"><div class = \"td-gallery-slide-copywrite\">\nCHEF CARLOS FROST.<\/div><\/figcaption>\r\n                        <\/figure>\r\n                    <\/div>\r\n                            <\/div>\r\n                        <\/div>\r\n\r\n                        <div class = \"td-doubleSlider-2\">\r\n                            <div class = \"td-slider\">\r\n                                \r\n                    <div class = \"td-button td-item1\">\r\n                        <div class = \"td-border\"><\/div>\r\n                    <\/div>\r\n                    <div class = \"td-button td-item2\">\r\n                        <div class = \"td-border\"><\/div>\r\n                    <\/div>\r\n                    <div class = \"td-button td-item3\">\r\n                        <div class = \"td-border\"><\/div>\r\n                    <\/div>\r\n                    <div class = \"td-button td-item4\">\r\n                        <div class = \"td-border\"><\/div>\r\n                    <\/div>\r\n                    <div class = \"td-button td-item5\">\r\n                        <div class = \"td-border\"><\/div>\r\n                    <\/div>\r\n                    <div class = \"td-button td-item6\">\r\n                        <div class = \"td-border\"><\/div>\r\n                    <\/div>\r\n                    <div class = \"td-button td-item7\">\r\n                        <div class = \"td-border\"><\/div>\r\n                    <\/div>\r\n                    <div class = \"td-button td-item8\">\r\n                        <div class = \"td-border\"><\/div>\r\n                    <\/div>\r\n                            <\/div>\r\n                        <\/div>\r\n\r\n                    <\/div>\r\n\r\n                <\/div>\r\n                \n","protected":false},"excerpt":{"rendered":"<p>Jos\u00e9 Antonio Castillo y Fernanda Rodr\u00edguez recibieron a decenas de invitados con motivo de la inauguraci\u00f3n del centro de eventos La Casona, proyecto concebido en la ciudad de Santa Cruz con entusiasmo, dedicaci\u00f3n y pasi\u00f3n, para cumplir con los sue\u00f1os de quienes celebran momentos especiales, en un entorno rodeado de naturaleza. Los anfitriones pusieron de [&hellip;]<\/p>\n","protected":false},"author":1,"featured_media":215763,"comment_status":"open","ping_status":"open","sticky":false,"template":"","format":"standard","meta":{"_acf_changed":false,"footnotes":""},"categories":[40],"tags":[],"class_list":["post-215757","post","type-post","status-publish","format-standard","has-post-thumbnail","category-sociales"],"acf":{"antetitulo":""},"yoast_head":"<!-- This site is optimized with the Yoast SEO plugin v28.3 - https:\/\/yoast.com\/product\/yoast-seo-wordpress\/ -->\n<title>La Casona abre sus puertas en Santa Cruz - El Diario - Bolivia<\/title>\n<meta name=\"robots\" content=\"index, follow, max-snippet:-1, max-image-preview:large, max-video-preview:-1\" \/>\n<link rel=\"canonical\" href=\"https:\/\/www.eldiario.net\/portal\/2024\/04\/20\/la-casona-abre-sus-puertas-en-santa-cruz\/\" \/>\n<meta property=\"og:locale\" content=\"es_ES\" \/>\n<meta property=\"og:type\" content=\"article\" \/>\n<meta property=\"og:title\" content=\"La Casona abre sus puertas en Santa Cruz - El Diario - Bolivia\" \/>\n<meta property=\"og:description\" content=\"Jos\u00e9 Antonio Castillo y Fernanda Rodr\u00edguez recibieron a decenas de invitados con motivo de la inauguraci\u00f3n del centro de eventos La Casona, proyecto concebido en la ciudad de Santa Cruz con entusiasmo, dedicaci\u00f3n y pasi\u00f3n, para cumplir con los sue\u00f1os de quienes celebran momentos especiales, en un entorno rodeado de naturaleza. Los anfitriones pusieron de [&hellip;]\" \/>\n<meta property=\"og:url\" content=\"https:\/\/www.eldiario.net\/portal\/2024\/04\/20\/la-casona-abre-sus-puertas-en-santa-cruz\/\" \/>\n<meta property=\"og:site_name\" content=\"El Diario - Bolivia\" \/>\n<meta property=\"article:publisher\" content=\"https:\/\/www.facebook.com\/eldiario.bolivia\/\" \/>\n<meta property=\"article:published_time\" content=\"2024-04-21T01:57:10+00:00\" \/>\n<meta property=\"article:modified_time\" content=\"2024-04-22T02:03:32+00:00\" \/>\n<meta property=\"og:image\" content=\"https:\/\/www.eldiario.net\/portal\/wp-content\/uploads\/2024\/04\/CA-6.jpg\" \/>\n\t<meta property=\"og:image:width\" content=\"1280\" \/>\n\t<meta property=\"og:image:height\" content=\"720\" \/>\n\t<meta property=\"og:image:type\" content=\"image\/jpeg\" \/>\n<meta name=\"author\" content=\"Jeanette\" \/>\n<meta name=\"twitter:card\" content=\"summary_large_image\" \/>\n<meta name=\"twitter:creator\" content=\"@eldiario_net\" \/>\n<meta name=\"twitter:site\" content=\"@eldiario_net\" \/>\n<meta name=\"twitter:label1\" content=\"Escrito por\" \/>\n\t<meta name=\"twitter:data1\" content=\"Jeanette\" \/>\n\t<meta name=\"twitter:label2\" content=\"Tiempo de lectura\" \/>\n\t<meta name=\"twitter:data2\" content=\"1 minuto\" \/>\n<script type=\"application\/ld+json\" class=\"yoast-schema-graph\">{\"@context\":\"https:\\\/\\\/schema.org\",\"@graph\":[{\"@type\":\"Article\",\"@id\":\"https:\\\/\\\/www.eldiario.net\\\/portal\\\/2024\\\/04\\\/20\\\/la-casona-abre-sus-puertas-en-santa-cruz\\\/#article\",\"isPartOf\":{\"@id\":\"https:\\\/\\\/www.eldiario.net\\\/portal\\\/2024\\\/04\\\/20\\\/la-casona-abre-sus-puertas-en-santa-cruz\\\/\"},\"author\":{\"name\":\"Jeanette\",\"@id\":\"https:\\\/\\\/www.eldiario.net\\\/portal\\\/#\\\/schema\\\/person\\\/f46445640444750d7d753ccd04ae01b7\"},\"headline\":\"La Casona abre sus puertas en Santa Cruz\",\"datePublished\":\"2024-04-21T01:57:10+00:00\",\"dateModified\":\"2024-04-22T02:03:32+00:00\",\"mainEntityOfPage\":{\"@id\":\"https:\\\/\\\/www.eldiario.net\\\/portal\\\/2024\\\/04\\\/20\\\/la-casona-abre-sus-puertas-en-santa-cruz\\\/\"},\"wordCount\":194,\"commentCount\":0,\"publisher\":{\"@id\":\"https:\\\/\\\/www.eldiario.net\\\/portal\\\/#organization\"},\"image\":{\"@id\":\"https:\\\/\\\/www.eldiario.net\\\/portal\\\/2024\\\/04\\\/20\\\/la-casona-abre-sus-puertas-en-santa-cruz\\\/#primaryimage\"},\"thumbnailUrl\":\"https:\\\/\\\/www.eldiario.net\\\/portal\\\/wp-content\\\/uploads\\\/2024\\\/04\\\/CA-6.jpg\",\"articleSection\":[\"Sociales\"],\"inLanguage\":\"es\",\"potentialAction\":[{\"@type\":\"CommentAction\",\"name\":\"Comment\",\"target\":[\"https:\\\/\\\/www.eldiario.net\\\/portal\\\/2024\\\/04\\\/20\\\/la-casona-abre-sus-puertas-en-santa-cruz\\\/#respond\"]}]},{\"@type\":\"WebPage\",\"@id\":\"https:\\\/\\\/www.eldiario.net\\\/portal\\\/2024\\\/04\\\/20\\\/la-casona-abre-sus-puertas-en-santa-cruz\\\/\",\"url\":\"https:\\\/\\\/www.eldiario.net\\\/portal\\\/2024\\\/04\\\/20\\\/la-casona-abre-sus-puertas-en-santa-cruz\\\/\",\"name\":\"La Casona abre sus puertas en Santa Cruz - El Diario - Bolivia\",\"isPartOf\":{\"@id\":\"https:\\\/\\\/www.eldiario.net\\\/portal\\\/#website\"},\"primaryImageOfPage\":{\"@id\":\"https:\\\/\\\/www.eldiario.net\\\/portal\\\/2024\\\/04\\\/20\\\/la-casona-abre-sus-puertas-en-santa-cruz\\\/#primaryimage\"},\"image\":{\"@id\":\"https:\\\/\\\/www.eldiario.net\\\/portal\\\/2024\\\/04\\\/20\\\/la-casona-abre-sus-puertas-en-santa-cruz\\\/#primaryimage\"},\"thumbnailUrl\":\"https:\\\/\\\/www.eldiario.net\\\/portal\\\/wp-content\\\/uploads\\\/2024\\\/04\\\/CA-6.jpg\",\"datePublished\":\"2024-04-21T01:57:10+00:00\",\"dateModified\":\"2024-04-22T02:03:32+00:00\",\"breadcrumb\":{\"@id\":\"https:\\\/\\\/www.eldiario.net\\\/portal\\\/2024\\\/04\\\/20\\\/la-casona-abre-sus-puertas-en-santa-cruz\\\/#breadcrumb\"},\"inLanguage\":\"es\",\"potentialAction\":[{\"@type\":\"ReadAction\",\"target\":[\"https:\\\/\\\/www.eldiario.net\\\/portal\\\/2024\\\/04\\\/20\\\/la-casona-abre-sus-puertas-en-santa-cruz\\\/\"]}]},{\"@type\":\"ImageObject\",\"inLanguage\":\"es\",\"@id\":\"https:\\\/\\\/www.eldiario.net\\\/portal\\\/2024\\\/04\\\/20\\\/la-casona-abre-sus-puertas-en-santa-cruz\\\/#primaryimage\",\"url\":\"https:\\\/\\\/www.eldiario.net\\\/portal\\\/wp-content\\\/uploads\\\/2024\\\/04\\\/CA-6.jpg\",\"contentUrl\":\"https:\\\/\\\/www.eldiario.net\\\/portal\\\/wp-content\\\/uploads\\\/2024\\\/04\\\/CA-6.jpg\",\"width\":1280,\"height\":720,\"caption\":\"NOELIA M\u00c9NDEZ, FERNANDA RODR\u00cdGUEZ, JOS\u00c9 ANTONIO CASTILLO, CRISTINA BRAVO Y FERNANDA ESPINOZA.\"},{\"@type\":\"BreadcrumbList\",\"@id\":\"https:\\\/\\\/www.eldiario.net\\\/portal\\\/2024\\\/04\\\/20\\\/la-casona-abre-sus-puertas-en-santa-cruz\\\/#breadcrumb\",\"itemListElement\":[{\"@type\":\"ListItem\",\"position\":1,\"name\":\"Portada\",\"item\":\"https:\\\/\\\/www.eldiario.net\\\/portal\\\/\"},{\"@type\":\"ListItem\",\"position\":2,\"name\":\"La Casona abre sus puertas en Santa Cruz\"}]},{\"@type\":\"WebSite\",\"@id\":\"https:\\\/\\\/www.eldiario.net\\\/portal\\\/#website\",\"url\":\"https:\\\/\\\/www.eldiario.net\\\/portal\\\/\",\"name\":\"El Diario - Decano de la prensa nacional\",\"description\":\"El Diario - Decano de la prensa nacional\",\"publisher\":{\"@id\":\"https:\\\/\\\/www.eldiario.net\\\/portal\\\/#organization\"},\"potentialAction\":[{\"@type\":\"SearchAction\",\"target\":{\"@type\":\"EntryPoint\",\"urlTemplate\":\"https:\\\/\\\/www.eldiario.net\\\/portal\\\/?s={search_term_string}\"},\"query-input\":{\"@type\":\"PropertyValueSpecification\",\"valueRequired\":true,\"valueName\":\"search_term_string\"}}],\"inLanguage\":\"es\"},{\"@type\":\"Organization\",\"@id\":\"https:\\\/\\\/www.eldiario.net\\\/portal\\\/#organization\",\"name\":\"El Diario - Decano de la prensa nacional\",\"url\":\"https:\\\/\\\/www.eldiario.net\\\/portal\\\/\",\"logo\":{\"@type\":\"ImageObject\",\"inLanguage\":\"es\",\"@id\":\"https:\\\/\\\/www.eldiario.net\\\/portal\\\/#\\\/schema\\\/logo\\\/image\\\/\",\"url\":\"https:\\\/\\\/www.eldiario.net\\\/portal\\\/wp-content\\\/uploads\\\/2023\\\/07\\\/logo_ED.jpg\",\"contentUrl\":\"https:\\\/\\\/www.eldiario.net\\\/portal\\\/wp-content\\\/uploads\\\/2023\\\/07\\\/logo_ED.jpg\",\"width\":272,\"height\":52,\"caption\":\"El Diario - Decano de la prensa nacional\"},\"image\":{\"@id\":\"https:\\\/\\\/www.eldiario.net\\\/portal\\\/#\\\/schema\\\/logo\\\/image\\\/\"},\"sameAs\":[\"https:\\\/\\\/www.facebook.com\\\/eldiario.bolivia\\\/\",\"https:\\\/\\\/x.com\\\/eldiario_net\"]},{\"@type\":\"Person\",\"@id\":\"https:\\\/\\\/www.eldiario.net\\\/portal\\\/#\\\/schema\\\/person\\\/f46445640444750d7d753ccd04ae01b7\",\"name\":\"Jeanette\",\"image\":{\"@type\":\"ImageObject\",\"inLanguage\":\"es\",\"@id\":\"https:\\\/\\\/secure.gravatar.com\\\/avatar\\\/3ea2118a5f7dad2b7138b1187a6b7ee55f160b9968b66013c3a3ef39dd7e5798?s=96&d=mm&r=g\",\"url\":\"https:\\\/\\\/secure.gravatar.com\\\/avatar\\\/3ea2118a5f7dad2b7138b1187a6b7ee55f160b9968b66013c3a3ef39dd7e5798?s=96&d=mm&r=g\",\"contentUrl\":\"https:\\\/\\\/secure.gravatar.com\\\/avatar\\\/3ea2118a5f7dad2b7138b1187a6b7ee55f160b9968b66013c3a3ef39dd7e5798?s=96&d=mm&r=g\",\"caption\":\"Jeanette\"},\"sameAs\":[\"https:\\\/\\\/www.eldiario.net\\\/portal\"],\"url\":\"https:\\\/\\\/www.eldiario.net\\\/portal\\\/author\\\/jeanette\\\/\"}]}<\/script>\n<!-- \/ Yoast SEO plugin. -->","yoast_head_json":{"title":"La Casona abre sus puertas en Santa Cruz - El Diario - Bolivia","robots":{"index":"index","follow":"follow","max-snippet":"max-snippet:-1","max-image-preview":"max-image-preview:large","max-video-preview":"max-video-preview:-1"},"canonical":"https:\/\/www.eldiario.net\/portal\/2024\/04\/20\/la-casona-abre-sus-puertas-en-santa-cruz\/","og_locale":"es_ES","og_type":"article","og_title":"La Casona abre sus puertas en Santa Cruz - El Diario - Bolivia","og_description":"Jos\u00e9 Antonio Castillo y Fernanda Rodr\u00edguez recibieron a decenas de invitados con motivo de la inauguraci\u00f3n del centro de eventos La Casona, proyecto concebido en la ciudad de Santa Cruz con entusiasmo, dedicaci\u00f3n y pasi\u00f3n, para cumplir con los sue\u00f1os de quienes celebran momentos especiales, en un entorno rodeado de naturaleza. Los anfitriones pusieron de [&hellip;]","og_url":"https:\/\/www.eldiario.net\/portal\/2024\/04\/20\/la-casona-abre-sus-puertas-en-santa-cruz\/","og_site_name":"El Diario - Bolivia","article_publisher":"https:\/\/www.facebook.com\/eldiario.bolivia\/","article_published_time":"2024-04-21T01:57:10+00:00","article_modified_time":"2024-04-22T02:03:32+00:00","og_image":[{"width":1280,"height":720,"url":"https:\/\/www.eldiario.net\/portal\/wp-content\/uploads\/2024\/04\/CA-6.jpg","type":"image\/jpeg"}],"author":"Jeanette","twitter_card":"summary_large_image","twitter_creator":"@eldiario_net","twitter_site":"@eldiario_net","twitter_misc":{"Escrito por":"Jeanette","Tiempo de lectura":"1 minuto"},"schema":{"@context":"https:\/\/schema.org","@graph":[{"@type":"Article","@id":"https:\/\/www.eldiario.net\/portal\/2024\/04\/20\/la-casona-abre-sus-puertas-en-santa-cruz\/#article","isPartOf":{"@id":"https:\/\/www.eldiario.net\/portal\/2024\/04\/20\/la-casona-abre-sus-puertas-en-santa-cruz\/"},"author":{"name":"Jeanette","@id":"https:\/\/www.eldiario.net\/portal\/#\/schema\/person\/f46445640444750d7d753ccd04ae01b7"},"headline":"La Casona abre sus puertas en Santa Cruz","datePublished":"2024-04-21T01:57:10+00:00","dateModified":"2024-04-22T02:03:32+00:00","mainEntityOfPage":{"@id":"https:\/\/www.eldiario.net\/portal\/2024\/04\/20\/la-casona-abre-sus-puertas-en-santa-cruz\/"},"wordCount":194,"commentCount":0,"publisher":{"@id":"https:\/\/www.eldiario.net\/portal\/#organization"},"image":{"@id":"https:\/\/www.eldiario.net\/portal\/2024\/04\/20\/la-casona-abre-sus-puertas-en-santa-cruz\/#primaryimage"},"thumbnailUrl":"https:\/\/www.eldiario.net\/portal\/wp-content\/uploads\/2024\/04\/CA-6.jpg","articleSection":["Sociales"],"inLanguage":"es","potentialAction":[{"@type":"CommentAction","name":"Comment","target":["https:\/\/www.eldiario.net\/portal\/2024\/04\/20\/la-casona-abre-sus-puertas-en-santa-cruz\/#respond"]}]},{"@type":"WebPage","@id":"https:\/\/www.eldiario.net\/portal\/2024\/04\/20\/la-casona-abre-sus-puertas-en-santa-cruz\/","url":"https:\/\/www.eldiario.net\/portal\/2024\/04\/20\/la-casona-abre-sus-puertas-en-santa-cruz\/","name":"La Casona abre sus puertas en Santa Cruz - El Diario - Bolivia","isPartOf":{"@id":"https:\/\/www.eldiario.net\/portal\/#website"},"primaryImageOfPage":{"@id":"https:\/\/www.eldiario.net\/portal\/2024\/04\/20\/la-casona-abre-sus-puertas-en-santa-cruz\/#primaryimage"},"image":{"@id":"https:\/\/www.eldiario.net\/portal\/2024\/04\/20\/la-casona-abre-sus-puertas-en-santa-cruz\/#primaryimage"},"thumbnailUrl":"https:\/\/www.eldiario.net\/portal\/wp-content\/uploads\/2024\/04\/CA-6.jpg","datePublished":"2024-04-21T01:57:10+00:00","dateModified":"2024-04-22T02:03:32+00:00","breadcrumb":{"@id":"https:\/\/www.eldiario.net\/portal\/2024\/04\/20\/la-casona-abre-sus-puertas-en-santa-cruz\/#breadcrumb"},"inLanguage":"es","potentialAction":[{"@type":"ReadAction","target":["https:\/\/www.eldiario.net\/portal\/2024\/04\/20\/la-casona-abre-sus-puertas-en-santa-cruz\/"]}]},{"@type":"ImageObject","inLanguage":"es","@id":"https:\/\/www.eldiario.net\/portal\/2024\/04\/20\/la-casona-abre-sus-puertas-en-santa-cruz\/#primaryimage","url":"https:\/\/www.eldiario.net\/portal\/wp-content\/uploads\/2024\/04\/CA-6.jpg","contentUrl":"https:\/\/www.eldiario.net\/portal\/wp-content\/uploads\/2024\/04\/CA-6.jpg","width":1280,"height":720,"caption":"NOELIA M\u00c9NDEZ, FERNANDA RODR\u00cdGUEZ, JOS\u00c9 ANTONIO CASTILLO, CRISTINA BRAVO Y FERNANDA ESPINOZA."},{"@type":"BreadcrumbList","@id":"https:\/\/www.eldiario.net\/portal\/2024\/04\/20\/la-casona-abre-sus-puertas-en-santa-cruz\/#breadcrumb","itemListElement":[{"@type":"ListItem","position":1,"name":"Portada","item":"https:\/\/www.eldiario.net\/portal\/"},{"@type":"ListItem","position":2,"name":"La Casona abre sus puertas en Santa Cruz"}]},{"@type":"WebSite","@id":"https:\/\/www.eldiario.net\/portal\/#website","url":"https:\/\/www.eldiario.net\/portal\/","name":"El Diario - Decano de la prensa nacional","description":"El Diario - Decano de la prensa nacional","publisher":{"@id":"https:\/\/www.eldiario.net\/portal\/#organization"},"potentialAction":[{"@type":"SearchAction","target":{"@type":"EntryPoint","urlTemplate":"https:\/\/www.eldiario.net\/portal\/?s={search_term_string}"},"query-input":{"@type":"PropertyValueSpecification","valueRequired":true,"valueName":"search_term_string"}}],"inLanguage":"es"},{"@type":"Organization","@id":"https:\/\/www.eldiario.net\/portal\/#organization","name":"El Diario - Decano de la prensa nacional","url":"https:\/\/www.eldiario.net\/portal\/","logo":{"@type":"ImageObject","inLanguage":"es","@id":"https:\/\/www.eldiario.net\/portal\/#\/schema\/logo\/image\/","url":"https:\/\/www.eldiario.net\/portal\/wp-content\/uploads\/2023\/07\/logo_ED.jpg","contentUrl":"https:\/\/www.eldiario.net\/portal\/wp-content\/uploads\/2023\/07\/logo_ED.jpg","width":272,"height":52,"caption":"El Diario - Decano de la prensa nacional"},"image":{"@id":"https:\/\/www.eldiario.net\/portal\/#\/schema\/logo\/image\/"},"sameAs":["https:\/\/www.facebook.com\/eldiario.bolivia\/","https:\/\/x.com\/eldiario_net"]},{"@type":"Person","@id":"https:\/\/www.eldiario.net\/portal\/#\/schema\/person\/f46445640444750d7d753ccd04ae01b7","name":"Jeanette","image":{"@type":"ImageObject","inLanguage":"es","@id":"https:\/\/secure.gravatar.com\/avatar\/3ea2118a5f7dad2b7138b1187a6b7ee55f160b9968b66013c3a3ef39dd7e5798?s=96&d=mm&r=g","url":"https:\/\/secure.gravatar.com\/avatar\/3ea2118a5f7dad2b7138b1187a6b7ee55f160b9968b66013c3a3ef39dd7e5798?s=96&d=mm&r=g","contentUrl":"https:\/\/secure.gravatar.com\/avatar\/3ea2118a5f7dad2b7138b1187a6b7ee55f160b9968b66013c3a3ef39dd7e5798?s=96&d=mm&r=g","caption":"Jeanette"},"sameAs":["https:\/\/www.eldiario.net\/portal"],"url":"https:\/\/www.eldiario.net\/portal\/author\/jeanette\/"}]}},"_links":{"self":[{"href":"https:\/\/www.eldiario.net\/portal\/wp-json\/wp\/v2\/posts\/215757","targetHints":{"allow":["GET"]}}],"collection":[{"href":"https:\/\/www.eldiario.net\/portal\/wp-json\/wp\/v2\/posts"}],"about":[{"href":"https:\/\/www.eldiario.net\/portal\/wp-json\/wp\/v2\/types\/post"}],"author":[{"embeddable":true,"href":"https:\/\/www.eldiario.net\/portal\/wp-json\/wp\/v2\/users\/1"}],"replies":[{"embeddable":true,"href":"https:\/\/www.eldiario.net\/portal\/wp-json\/wp\/v2\/comments?post=215757"}],"version-history":[{"count":1,"href":"https:\/\/www.eldiario.net\/portal\/wp-json\/wp\/v2\/posts\/215757\/revisions"}],"predecessor-version":[{"id":215777,"href":"https:\/\/www.eldiario.net\/portal\/wp-json\/wp\/v2\/posts\/215757\/revisions\/215777"}],"wp:featuredmedia":[{"embeddable":true,"href":"https:\/\/www.eldiario.net\/portal\/wp-json\/wp\/v2\/media\/215763"}],"wp:attachment":[{"href":"https:\/\/www.eldiario.net\/portal\/wp-json\/wp\/v2\/media?parent=215757"}],"wp:term":[{"taxonomy":"category","embeddable":true,"href":"https:\/\/www.eldiario.net\/portal\/wp-json\/wp\/v2\/categories?post=215757"},{"taxonomy":"post_tag","embeddable":true,"href":"https:\/\/www.eldiario.net\/portal\/wp-json\/wp\/v2\/tags?post=215757"}],"curies":[{"name":"wp","href":"https:\/\/api.w.org\/{rel}","templated":true}]}}