{"id":215662,"date":"2024-04-21T06:07:46","date_gmt":"2024-04-21T10:07:46","guid":{"rendered":"https:\/\/www.eldiario.net\/portal\/?p=215662"},"modified":"2024-04-21T06:07:46","modified_gmt":"2024-04-21T10:07:46","slug":"casados-con-el-terrorismo","status":"publish","type":"post","link":"https:\/\/www.eldiario.net\/portal\/2024\/04\/21\/casados-con-el-terrorismo\/","title":{"rendered":"Casados con el terrorismo"},"content":{"rendered":"<p>Aparte del descalabro econ\u00f3mico y la corrupci\u00f3n, el MAS est\u00e1 llevando al pa\u00eds a situaciones jam\u00e1s conocidas, como el compromiso con el terrorista estado de Ir\u00e1n y, ahora, con provocaciones a Chile.<br \/>\nEl jefe del MAS ha huido, seg\u00fan sus conocidas costumbres, ante el riesgo de que el caso R\u00f3zsa lo lleve a la c\u00e1rcel, ahora que la justicia internacional hace lo que deb\u00eda haber hecho la boliviana.<br \/>\nPero Luis Arce, acorralado por sus errores de su \u00e9poca de ministro, es el que ha llevado al pa\u00eds a comprometerse con Ir\u00e1n, la meca del terrorismo, y acaba de lanzar acusaciones a Chile desde el Colegio Militar.<br \/>\nEst\u00e1 a punto de romper relaciones diplom\u00e1ticas con Argentina porque la ministra de Seguridad de ese pa\u00eds, Patricia Bullrich, asegura que en Bolivia est\u00e1n operando 700 agentes terroristas del Hezbol\u00e1 iran\u00ed.<br \/>\nBullrich denuncia lo que los bolivianos sabemos: que los convenios con Ir\u00e1n suscritos por el MAS incluyen compromisos militares en operaciones para afectar a toda la regi\u00f3n.<br \/>\nLa oposici\u00f3n chilena se ha sumado a estas denuncias, con pedidos para que se frene la acci\u00f3n terrorista iran\u00ed desde Bolivia, pero el presidente Arce responde diciendo que Chile quiere balcanizar nuestro pa\u00eds para quedarse con el litio.<br \/>\nSabe Arce que el proyecto del litio boliviano termin\u00f3 en un aborto cometido por la corrupci\u00f3n masista, como lo denuncia su propio ministro y la presidenta de YLB, pero asegura que Chile quiere quedarse con los salares bolivianos, como si no supiera que los salares capturados con la invasi\u00f3n de 1879 han convertido a ese pa\u00eds en el tercer exportador de litio del mundo.<br \/>\nAparte de esta majader\u00eda de Arce, con la que quiere distraer la atenci\u00f3n del desastroso manejo de la econom\u00eda, lo realmente peligroso para Bolivia es el compromiso con Ir\u00e1n, pa\u00eds integrante de la Transnacional del Crimen Organizado, el bloque empe\u00f1ado en enfrentar al occidente democr\u00e1tico y cristiano.<br \/>\nCon el temor de una inminente tercera guerra mundial, este compromiso del masismo con Ir\u00e1n pone a Bolivia en el bando equivocado, incluso en lo geogr\u00e1fico.<br \/>\nEl jefe hist\u00f3rico del MAS ha huido porque tiene miedo a terminar en Guant\u00e1namo y el que se propone reemplazarlo quiere patear el tablero buscando conflictos con los vecinos.<br \/>\nPero lo curioso es que el escapista y su sucesor est\u00e1n empe\u00f1ados en ser elegidos en 2025, quiz\u00e1, se podr\u00eda sospechar, para darle al pa\u00eds el tiro de gracia despu\u00e9s que lo dejaron sin gas natural, sin esperanzas con el litio y sometido solamente al narcotr\u00e1fico y sus agentes, muchos de los cuales act\u00faan desde el gobierno.<\/p>\n<p>Siglo21bolivia.com<\/p>\n","protected":false},"excerpt":{"rendered":"<p>Aparte del descalabro econ\u00f3mico y la corrupci\u00f3n, el MAS est\u00e1 llevando al pa\u00eds a situaciones jam\u00e1s conocidas, como el compromiso con el terrorista estado de Ir\u00e1n y, ahora, con provocaciones a Chile. El jefe del MAS ha huido, seg\u00fan sus conocidas costumbres, ante el riesgo de que el caso R\u00f3zsa lo lleve a la c\u00e1rcel, [&hellip;]<\/p>\n","protected":false},"author":1,"featured_media":159362,"comment_status":"open","ping_status":"open","sticky":false,"template":"","format":"standard","meta":{"_acf_changed":false,"footnotes":""},"categories":[9],"tags":[],"class_list":["post-215662","post","type-post","status-publish","format-standard","has-post-thumbnail","category-opinion"],"acf":{"antetitulo":"Recuerdos del presente"},"yoast_head":"<!-- This site is optimized with the Yoast SEO plugin v28.4 - https:\/\/yoast.com\/product\/yoast-seo-wordpress\/ -->\n<title>Casados con el terrorismo - El Diario - Bolivia<\/title>\n<meta name=\"robots\" content=\"index, follow, max-snippet:-1, max-image-preview:large, max-video-preview:-1\" \/>\n<link rel=\"canonical\" href=\"https:\/\/www.eldiario.net\/portal\/2024\/04\/21\/casados-con-el-terrorismo\/\" \/>\n<meta property=\"og:locale\" content=\"es_ES\" \/>\n<meta property=\"og:type\" content=\"article\" \/>\n<meta property=\"og:title\" content=\"Casados con el terrorismo - El Diario - Bolivia\" \/>\n<meta property=\"og:description\" content=\"Aparte del descalabro econ\u00f3mico y la corrupci\u00f3n, el MAS est\u00e1 llevando al pa\u00eds a situaciones jam\u00e1s conocidas, como el compromiso con el terrorista estado de Ir\u00e1n y, ahora, con provocaciones a Chile. El jefe del MAS ha huido, seg\u00fan sus conocidas costumbres, ante el riesgo de que el caso R\u00f3zsa lo lleve a la c\u00e1rcel, [&hellip;]\" \/>\n<meta property=\"og:url\" content=\"https:\/\/www.eldiario.net\/portal\/2024\/04\/21\/casados-con-el-terrorismo\/\" \/>\n<meta property=\"og:site_name\" content=\"El Diario - Bolivia\" \/>\n<meta property=\"article:publisher\" content=\"https:\/\/www.facebook.com\/eldiario.bolivia\/\" \/>\n<meta property=\"article:published_time\" content=\"2024-04-21T10:07:46+00:00\" \/>\n<meta property=\"og:image\" content=\"https:\/\/www.eldiario.net\/portal\/wp-content\/uploads\/2023\/06\/Humberto-Vacaflor-Ganam-1.jpg\" \/>\n\t<meta property=\"og:image:width\" content=\"1200\" \/>\n\t<meta property=\"og:image:height\" content=\"628\" \/>\n\t<meta property=\"og:image:type\" content=\"image\/jpeg\" \/>\n<meta name=\"author\" content=\"Jeanette\" \/>\n<meta name=\"twitter:card\" content=\"summary_large_image\" \/>\n<meta name=\"twitter:creator\" content=\"@eldiario_net\" \/>\n<meta name=\"twitter:site\" content=\"@eldiario_net\" \/>\n<meta name=\"twitter:label1\" content=\"Escrito por\" \/>\n\t<meta name=\"twitter:data1\" content=\"Jeanette\" \/>\n\t<meta name=\"twitter:label2\" content=\"Tiempo de lectura\" \/>\n\t<meta name=\"twitter:data2\" content=\"2 minutos\" \/>\n<script type=\"application\/ld+json\" class=\"yoast-schema-graph\">{\"@context\":\"https:\\\/\\\/schema.org\",\"@graph\":[{\"@type\":\"Article\",\"@id\":\"https:\\\/\\\/www.eldiario.net\\\/portal\\\/2024\\\/04\\\/21\\\/casados-con-el-terrorismo\\\/#article\",\"isPartOf\":{\"@id\":\"https:\\\/\\\/www.eldiario.net\\\/portal\\\/2024\\\/04\\\/21\\\/casados-con-el-terrorismo\\\/\"},\"author\":{\"name\":\"Jeanette\",\"@id\":\"https:\\\/\\\/www.eldiario.net\\\/portal\\\/#\\\/schema\\\/person\\\/2c57cf2b7a7ae032e449e4c9b1019eac\"},\"headline\":\"Casados con el terrorismo\",\"datePublished\":\"2024-04-21T10:07:46+00:00\",\"mainEntityOfPage\":{\"@id\":\"https:\\\/\\\/www.eldiario.net\\\/portal\\\/2024\\\/04\\\/21\\\/casados-con-el-terrorismo\\\/\"},\"wordCount\":469,\"commentCount\":0,\"publisher\":{\"@id\":\"https:\\\/\\\/www.eldiario.net\\\/portal\\\/#organization\"},\"image\":{\"@id\":\"https:\\\/\\\/www.eldiario.net\\\/portal\\\/2024\\\/04\\\/21\\\/casados-con-el-terrorismo\\\/#primaryimage\"},\"thumbnailUrl\":\"https:\\\/\\\/www.eldiario.net\\\/portal\\\/wp-content\\\/uploads\\\/2023\\\/06\\\/Humberto-Vacaflor-Ganam-1.jpg\",\"articleSection\":[\"Opini\u00f3n\"],\"inLanguage\":\"es\",\"potentialAction\":[{\"@type\":\"CommentAction\",\"name\":\"Comment\",\"target\":[\"https:\\\/\\\/www.eldiario.net\\\/portal\\\/2024\\\/04\\\/21\\\/casados-con-el-terrorismo\\\/#respond\"]}]},{\"@type\":\"WebPage\",\"@id\":\"https:\\\/\\\/www.eldiario.net\\\/portal\\\/2024\\\/04\\\/21\\\/casados-con-el-terrorismo\\\/\",\"url\":\"https:\\\/\\\/www.eldiario.net\\\/portal\\\/2024\\\/04\\\/21\\\/casados-con-el-terrorismo\\\/\",\"name\":\"Casados con el terrorismo - El Diario - Bolivia\",\"isPartOf\":{\"@id\":\"https:\\\/\\\/www.eldiario.net\\\/portal\\\/#website\"},\"primaryImageOfPage\":{\"@id\":\"https:\\\/\\\/www.eldiario.net\\\/portal\\\/2024\\\/04\\\/21\\\/casados-con-el-terrorismo\\\/#primaryimage\"},\"image\":{\"@id\":\"https:\\\/\\\/www.eldiario.net\\\/portal\\\/2024\\\/04\\\/21\\\/casados-con-el-terrorismo\\\/#primaryimage\"},\"thumbnailUrl\":\"https:\\\/\\\/www.eldiario.net\\\/portal\\\/wp-content\\\/uploads\\\/2023\\\/06\\\/Humberto-Vacaflor-Ganam-1.jpg\",\"datePublished\":\"2024-04-21T10:07:46+00:00\",\"breadcrumb\":{\"@id\":\"https:\\\/\\\/www.eldiario.net\\\/portal\\\/2024\\\/04\\\/21\\\/casados-con-el-terrorismo\\\/#breadcrumb\"},\"inLanguage\":\"es\",\"potentialAction\":[{\"@type\":\"ReadAction\",\"target\":[\"https:\\\/\\\/www.eldiario.net\\\/portal\\\/2024\\\/04\\\/21\\\/casados-con-el-terrorismo\\\/\"]}]},{\"@type\":\"ImageObject\",\"inLanguage\":\"es\",\"@id\":\"https:\\\/\\\/www.eldiario.net\\\/portal\\\/2024\\\/04\\\/21\\\/casados-con-el-terrorismo\\\/#primaryimage\",\"url\":\"https:\\\/\\\/www.eldiario.net\\\/portal\\\/wp-content\\\/uploads\\\/2023\\\/06\\\/Humberto-Vacaflor-Ganam-1.jpg\",\"contentUrl\":\"https:\\\/\\\/www.eldiario.net\\\/portal\\\/wp-content\\\/uploads\\\/2023\\\/06\\\/Humberto-Vacaflor-Ganam-1.jpg\",\"width\":1200,\"height\":628,\"caption\":\"Humberto Vacaflor Ganam\"},{\"@type\":\"BreadcrumbList\",\"@id\":\"https:\\\/\\\/www.eldiario.net\\\/portal\\\/2024\\\/04\\\/21\\\/casados-con-el-terrorismo\\\/#breadcrumb\",\"itemListElement\":[{\"@type\":\"ListItem\",\"position\":1,\"name\":\"Portada\",\"item\":\"https:\\\/\\\/www.eldiario.net\\\/portal\\\/\"},{\"@type\":\"ListItem\",\"position\":2,\"name\":\"Casados con el terrorismo\"}]},{\"@type\":\"WebSite\",\"@id\":\"https:\\\/\\\/www.eldiario.net\\\/portal\\\/#website\",\"url\":\"https:\\\/\\\/www.eldiario.net\\\/portal\\\/\",\"name\":\"El Diario - Decano de la prensa nacional\",\"description\":\"El Diario - Decano de la prensa nacional\",\"publisher\":{\"@id\":\"https:\\\/\\\/www.eldiario.net\\\/portal\\\/#organization\"},\"potentialAction\":[{\"@type\":\"SearchAction\",\"target\":{\"@type\":\"EntryPoint\",\"urlTemplate\":\"https:\\\/\\\/www.eldiario.net\\\/portal\\\/?s={search_term_string}\"},\"query-input\":{\"@type\":\"PropertyValueSpecification\",\"valueRequired\":true,\"valueName\":\"search_term_string\"}}],\"inLanguage\":\"es\"},{\"@type\":\"Organization\",\"@id\":\"https:\\\/\\\/www.eldiario.net\\\/portal\\\/#organization\",\"name\":\"El Diario - Decano de la prensa nacional\",\"url\":\"https:\\\/\\\/www.eldiario.net\\\/portal\\\/\",\"logo\":{\"@type\":\"ImageObject\",\"inLanguage\":\"es\",\"@id\":\"https:\\\/\\\/www.eldiario.net\\\/portal\\\/#\\\/schema\\\/logo\\\/image\\\/\",\"url\":\"https:\\\/\\\/www.eldiario.net\\\/portal\\\/wp-content\\\/uploads\\\/2023\\\/07\\\/logo_ED.jpg\",\"contentUrl\":\"https:\\\/\\\/www.eldiario.net\\\/portal\\\/wp-content\\\/uploads\\\/2023\\\/07\\\/logo_ED.jpg\",\"width\":272,\"height\":52,\"caption\":\"El Diario - Decano de la prensa nacional\"},\"image\":{\"@id\":\"https:\\\/\\\/www.eldiario.net\\\/portal\\\/#\\\/schema\\\/logo\\\/image\\\/\"},\"sameAs\":[\"https:\\\/\\\/www.facebook.com\\\/eldiario.bolivia\\\/\",\"https:\\\/\\\/x.com\\\/eldiario_net\"]},{\"@type\":\"Person\",\"@id\":\"https:\\\/\\\/www.eldiario.net\\\/portal\\\/#\\\/schema\\\/person\\\/2c57cf2b7a7ae032e449e4c9b1019eac\",\"name\":\"Jeanette\",\"image\":{\"@type\":\"ImageObject\",\"inLanguage\":\"es\",\"@id\":\"https:\\\/\\\/secure.gravatar.com\\\/avatar\\\/3ea2118a5f7dad2b7138b1187a6b7ee55f160b9968b66013c3a3ef39dd7e5798?s=96&d=mm&r=g\",\"url\":\"https:\\\/\\\/secure.gravatar.com\\\/avatar\\\/3ea2118a5f7dad2b7138b1187a6b7ee55f160b9968b66013c3a3ef39dd7e5798?s=96&d=mm&r=g\",\"contentUrl\":\"https:\\\/\\\/secure.gravatar.com\\\/avatar\\\/3ea2118a5f7dad2b7138b1187a6b7ee55f160b9968b66013c3a3ef39dd7e5798?s=96&d=mm&r=g\",\"caption\":\"Jeanette\"},\"sameAs\":[\"https:\\\/\\\/www.eldiario.net\\\/portal\"],\"url\":\"https:\\\/\\\/www.eldiario.net\\\/portal\\\/author\\\/jeanette\\\/\"}]}<\/script>\n<!-- \/ Yoast SEO plugin. -->","yoast_head_json":{"title":"Casados con el terrorismo - El Diario - Bolivia","robots":{"index":"index","follow":"follow","max-snippet":"max-snippet:-1","max-image-preview":"max-image-preview:large","max-video-preview":"max-video-preview:-1"},"canonical":"https:\/\/www.eldiario.net\/portal\/2024\/04\/21\/casados-con-el-terrorismo\/","og_locale":"es_ES","og_type":"article","og_title":"Casados con el terrorismo - El Diario - Bolivia","og_description":"Aparte del descalabro econ\u00f3mico y la corrupci\u00f3n, el MAS est\u00e1 llevando al pa\u00eds a situaciones jam\u00e1s conocidas, como el compromiso con el terrorista estado de Ir\u00e1n y, ahora, con provocaciones a Chile. El jefe del MAS ha huido, seg\u00fan sus conocidas costumbres, ante el riesgo de que el caso R\u00f3zsa lo lleve a la c\u00e1rcel, [&hellip;]","og_url":"https:\/\/www.eldiario.net\/portal\/2024\/04\/21\/casados-con-el-terrorismo\/","og_site_name":"El Diario - Bolivia","article_publisher":"https:\/\/www.facebook.com\/eldiario.bolivia\/","article_published_time":"2024-04-21T10:07:46+00:00","og_image":[{"width":1200,"height":628,"url":"https:\/\/www.eldiario.net\/portal\/wp-content\/uploads\/2023\/06\/Humberto-Vacaflor-Ganam-1.jpg","type":"image\/jpeg"}],"author":"Jeanette","twitter_card":"summary_large_image","twitter_creator":"@eldiario_net","twitter_site":"@eldiario_net","twitter_misc":{"Escrito por":"Jeanette","Tiempo de lectura":"2 minutos"},"schema":{"@context":"https:\/\/schema.org","@graph":[{"@type":"Article","@id":"https:\/\/www.eldiario.net\/portal\/2024\/04\/21\/casados-con-el-terrorismo\/#article","isPartOf":{"@id":"https:\/\/www.eldiario.net\/portal\/2024\/04\/21\/casados-con-el-terrorismo\/"},"author":{"name":"Jeanette","@id":"https:\/\/www.eldiario.net\/portal\/#\/schema\/person\/2c57cf2b7a7ae032e449e4c9b1019eac"},"headline":"Casados con el terrorismo","datePublished":"2024-04-21T10:07:46+00:00","mainEntityOfPage":{"@id":"https:\/\/www.eldiario.net\/portal\/2024\/04\/21\/casados-con-el-terrorismo\/"},"wordCount":469,"commentCount":0,"publisher":{"@id":"https:\/\/www.eldiario.net\/portal\/#organization"},"image":{"@id":"https:\/\/www.eldiario.net\/portal\/2024\/04\/21\/casados-con-el-terrorismo\/#primaryimage"},"thumbnailUrl":"https:\/\/www.eldiario.net\/portal\/wp-content\/uploads\/2023\/06\/Humberto-Vacaflor-Ganam-1.jpg","articleSection":["Opini\u00f3n"],"inLanguage":"es","potentialAction":[{"@type":"CommentAction","name":"Comment","target":["https:\/\/www.eldiario.net\/portal\/2024\/04\/21\/casados-con-el-terrorismo\/#respond"]}]},{"@type":"WebPage","@id":"https:\/\/www.eldiario.net\/portal\/2024\/04\/21\/casados-con-el-terrorismo\/","url":"https:\/\/www.eldiario.net\/portal\/2024\/04\/21\/casados-con-el-terrorismo\/","name":"Casados con el terrorismo - El Diario - Bolivia","isPartOf":{"@id":"https:\/\/www.eldiario.net\/portal\/#website"},"primaryImageOfPage":{"@id":"https:\/\/www.eldiario.net\/portal\/2024\/04\/21\/casados-con-el-terrorismo\/#primaryimage"},"image":{"@id":"https:\/\/www.eldiario.net\/portal\/2024\/04\/21\/casados-con-el-terrorismo\/#primaryimage"},"thumbnailUrl":"https:\/\/www.eldiario.net\/portal\/wp-content\/uploads\/2023\/06\/Humberto-Vacaflor-Ganam-1.jpg","datePublished":"2024-04-21T10:07:46+00:00","breadcrumb":{"@id":"https:\/\/www.eldiario.net\/portal\/2024\/04\/21\/casados-con-el-terrorismo\/#breadcrumb"},"inLanguage":"es","potentialAction":[{"@type":"ReadAction","target":["https:\/\/www.eldiario.net\/portal\/2024\/04\/21\/casados-con-el-terrorismo\/"]}]},{"@type":"ImageObject","inLanguage":"es","@id":"https:\/\/www.eldiario.net\/portal\/2024\/04\/21\/casados-con-el-terrorismo\/#primaryimage","url":"https:\/\/www.eldiario.net\/portal\/wp-content\/uploads\/2023\/06\/Humberto-Vacaflor-Ganam-1.jpg","contentUrl":"https:\/\/www.eldiario.net\/portal\/wp-content\/uploads\/2023\/06\/Humberto-Vacaflor-Ganam-1.jpg","width":1200,"height":628,"caption":"Humberto Vacaflor Ganam"},{"@type":"BreadcrumbList","@id":"https:\/\/www.eldiario.net\/portal\/2024\/04\/21\/casados-con-el-terrorismo\/#breadcrumb","itemListElement":[{"@type":"ListItem","position":1,"name":"Portada","item":"https:\/\/www.eldiario.net\/portal\/"},{"@type":"ListItem","position":2,"name":"Casados con el terrorismo"}]},{"@type":"WebSite","@id":"https:\/\/www.eldiario.net\/portal\/#website","url":"https:\/\/www.eldiario.net\/portal\/","name":"El Diario - Decano de la prensa nacional","description":"El Diario - Decano de la prensa nacional","publisher":{"@id":"https:\/\/www.eldiario.net\/portal\/#organization"},"potentialAction":[{"@type":"SearchAction","target":{"@type":"EntryPoint","urlTemplate":"https:\/\/www.eldiario.net\/portal\/?s={search_term_string}"},"query-input":{"@type":"PropertyValueSpecification","valueRequired":true,"valueName":"search_term_string"}}],"inLanguage":"es"},{"@type":"Organization","@id":"https:\/\/www.eldiario.net\/portal\/#organization","name":"El Diario - Decano de la prensa nacional","url":"https:\/\/www.eldiario.net\/portal\/","logo":{"@type":"ImageObject","inLanguage":"es","@id":"https:\/\/www.eldiario.net\/portal\/#\/schema\/logo\/image\/","url":"https:\/\/www.eldiario.net\/portal\/wp-content\/uploads\/2023\/07\/logo_ED.jpg","contentUrl":"https:\/\/www.eldiario.net\/portal\/wp-content\/uploads\/2023\/07\/logo_ED.jpg","width":272,"height":52,"caption":"El Diario - Decano de la prensa nacional"},"image":{"@id":"https:\/\/www.eldiario.net\/portal\/#\/schema\/logo\/image\/"},"sameAs":["https:\/\/www.facebook.com\/eldiario.bolivia\/","https:\/\/x.com\/eldiario_net"]},{"@type":"Person","@id":"https:\/\/www.eldiario.net\/portal\/#\/schema\/person\/2c57cf2b7a7ae032e449e4c9b1019eac","name":"Jeanette","image":{"@type":"ImageObject","inLanguage":"es","@id":"https:\/\/secure.gravatar.com\/avatar\/3ea2118a5f7dad2b7138b1187a6b7ee55f160b9968b66013c3a3ef39dd7e5798?s=96&d=mm&r=g","url":"https:\/\/secure.gravatar.com\/avatar\/3ea2118a5f7dad2b7138b1187a6b7ee55f160b9968b66013c3a3ef39dd7e5798?s=96&d=mm&r=g","contentUrl":"https:\/\/secure.gravatar.com\/avatar\/3ea2118a5f7dad2b7138b1187a6b7ee55f160b9968b66013c3a3ef39dd7e5798?s=96&d=mm&r=g","caption":"Jeanette"},"sameAs":["https:\/\/www.eldiario.net\/portal"],"url":"https:\/\/www.eldiario.net\/portal\/author\/jeanette\/"}]}},"_links":{"self":[{"href":"https:\/\/www.eldiario.net\/portal\/wp-json\/wp\/v2\/posts\/215662","targetHints":{"allow":["GET"]}}],"collection":[{"href":"https:\/\/www.eldiario.net\/portal\/wp-json\/wp\/v2\/posts"}],"about":[{"href":"https:\/\/www.eldiario.net\/portal\/wp-json\/wp\/v2\/types\/post"}],"author":[{"embeddable":true,"href":"https:\/\/www.eldiario.net\/portal\/wp-json\/wp\/v2\/users\/1"}],"replies":[{"embeddable":true,"href":"https:\/\/www.eldiario.net\/portal\/wp-json\/wp\/v2\/comments?post=215662"}],"version-history":[{"count":1,"href":"https:\/\/www.eldiario.net\/portal\/wp-json\/wp\/v2\/posts\/215662\/revisions"}],"predecessor-version":[{"id":215663,"href":"https:\/\/www.eldiario.net\/portal\/wp-json\/wp\/v2\/posts\/215662\/revisions\/215663"}],"wp:featuredmedia":[{"embeddable":true,"href":"https:\/\/www.eldiario.net\/portal\/wp-json\/wp\/v2\/media\/159362"}],"wp:attachment":[{"href":"https:\/\/www.eldiario.net\/portal\/wp-json\/wp\/v2\/media?parent=215662"}],"wp:term":[{"taxonomy":"category","embeddable":true,"href":"https:\/\/www.eldiario.net\/portal\/wp-json\/wp\/v2\/categories?post=215662"},{"taxonomy":"post_tag","embeddable":true,"href":"https:\/\/www.eldiario.net\/portal\/wp-json\/wp\/v2\/tags?post=215662"}],"curies":[{"name":"wp","href":"https:\/\/api.w.org\/{rel}","templated":true}]}}