{"id":215660,"date":"2024-04-21T06:07:13","date_gmt":"2024-04-21T10:07:13","guid":{"rendered":"https:\/\/www.eldiario.net\/portal\/?p=215660"},"modified":"2024-04-21T06:07:13","modified_gmt":"2024-04-21T10:07:13","slug":"la-ley-del-mas-vivo","status":"publish","type":"post","link":"https:\/\/www.eldiario.net\/portal\/2024\/04\/21\/la-ley-del-mas-vivo\/","title":{"rendered":"La ley del m\u00e1s vivo"},"content":{"rendered":"<p>Supuestamente una periodista estadounidense que radic\u00f3 un a\u00f1o y medio en el pa\u00eds, en marzo de 2022 escribi\u00f3 un art\u00edculo sobre Bolivia y los bolivianos, dando a conocer las injusticias y situaciones dif\u00edciles por las que se debe atravesar en estas latitudes. Empieza manifestando: \u201cBolivia solo sirve para pasear y no para vivir y mucho menos para trabajar o hacer negocios. Bolivia tiene un c\u00e1ncer social innato, arraigado en el ADN de sus habitantes, que saca a flor de piel la miseria, el hambre y la desesperaci\u00f3n por el dinero, ya que ven a los extranjeros como una fuente de ingresos de un solo uso. Ese c\u00e1ncer se llama \u201cla ley del m\u00e1s vivo\u201d.<br \/>\nA\u00f1ade que \u201cBolivia es un pa\u00eds prostituido, lleno de corrupci\u00f3n, de mentiras, de bajos instintos, donde no hay conciencia ni remordimientos, donde el sistema judicial no funciona, por lo tanto, no existe justicia, donde con dinero puedes comprar jueces, fiscales y testigos. Donde debido a la cultura de desconfianza hay reglamentos est\u00fapidos y retr\u00f3grados, de no usar el celular en los bancos y tratar a un cliente como un delincuente, mientras que en un pa\u00eds del primer mundo hasta te reciben con una taza de caf\u00e9 en una sala de espera\u201d.<br \/>\nProsigue: \u201cBolivia, el pa\u00eds donde un delincuente com\u00fan pasa por encima de los derechos humanos y civiles de un ciudadano boliviano y el criminal recibe apoyo de organizaciones internacionales abogando por sus \u201cderechos humanos\u201d, y el sistema boliviano lo premia con abogados gratuitos para defenderlo, usando el dinero de los impuestos que paga la v\u00edctima y los familiares de la v\u00edctima. \u00a1Qu\u00e9 iron\u00eda! Es el \u00fanico pa\u00eds, donde un funcionario p\u00fablico te responde \u201cya le voy a hacer el favor\u201d, cuando no se trata de favores, se trata de que cumplan con su trabajo, ya que se les paga con los impuestos que se recauda de la ciudadan\u00eda. Por lo tanto, no es un favor o ayuda, es su deber.<br \/>\nBolivia es el pa\u00eds donde los polic\u00edas se inventan, sin autorizaci\u00f3n de sus superiores batidas o redadas para extorsionar arbitrariamente a los ciudadanos y as\u00ed recolectar dinero para uso personal. Es el pa\u00eds donde llegan refugiados de forma irregular de pa\u00edses socialistas y se adue\u00f1an de las calles a pedir limosna, usando a sus hijos en brazos para dar l\u00e1stima, otros a delinquir y algunos a ocupar puestos profesionales de trabajo que le correspond\u00eda a un profesional boliviano. Lo peor de todo es que las autoridades apoyan y se hacen c\u00f3mplices con su silencio de estas acciones\u201d.<br \/>\nEs extensa la nota, con conceptos duros sobre lo que acaece, seg\u00fan su \u00f3ptica, en el pa\u00eds. Acota, \u201cBolivia nunca va a salir de la miseria, ignorancia, a menos que exista un l\u00edder que acabe con el c\u00e1ncer social y renazca una nueva naci\u00f3n, erradique la \u201cley del m\u00e1s vivo\u201d, que la aplica la se\u00f1ora del mercado y hasta las m\u00e1s altas autoridades; esto no me lo contaron, lo viv\u00ed en carne propia, como periodista profesional\u201d. Huelgan comentarios.<\/p>\n","protected":false},"excerpt":{"rendered":"<p>Supuestamente una periodista estadounidense que radic\u00f3 un a\u00f1o y medio en el pa\u00eds, en marzo de 2022 escribi\u00f3 un art\u00edculo sobre Bolivia y los bolivianos, dando a conocer las injusticias y situaciones dif\u00edciles por las que se debe atravesar en estas latitudes. Empieza manifestando: \u201cBolivia solo sirve para pasear y no para vivir y mucho [&hellip;]<\/p>\n","protected":false},"author":1,"featured_media":158961,"comment_status":"open","ping_status":"open","sticky":false,"template":"","format":"standard","meta":{"_acf_changed":false,"footnotes":""},"categories":[9],"tags":[],"class_list":["post-215660","post","type-post","status-publish","format-standard","has-post-thumbnail","category-opinion"],"acf":{"antetitulo":""},"yoast_head":"<!-- This site is optimized with the Yoast SEO plugin v28.4 - https:\/\/yoast.com\/product\/yoast-seo-wordpress\/ -->\n<title>La ley del m\u00e1s vivo - El Diario - Bolivia<\/title>\n<meta name=\"robots\" content=\"index, follow, max-snippet:-1, max-image-preview:large, max-video-preview:-1\" \/>\n<link rel=\"canonical\" href=\"https:\/\/www.eldiario.net\/portal\/2024\/04\/21\/la-ley-del-mas-vivo\/\" \/>\n<meta property=\"og:locale\" content=\"es_ES\" \/>\n<meta property=\"og:type\" content=\"article\" \/>\n<meta property=\"og:title\" content=\"La ley del m\u00e1s vivo - El Diario - Bolivia\" \/>\n<meta property=\"og:description\" content=\"Supuestamente una periodista estadounidense que radic\u00f3 un a\u00f1o y medio en el pa\u00eds, en marzo de 2022 escribi\u00f3 un art\u00edculo sobre Bolivia y los bolivianos, dando a conocer las injusticias y situaciones dif\u00edciles por las que se debe atravesar en estas latitudes. Empieza manifestando: \u201cBolivia solo sirve para pasear y no para vivir y mucho [&hellip;]\" \/>\n<meta property=\"og:url\" content=\"https:\/\/www.eldiario.net\/portal\/2024\/04\/21\/la-ley-del-mas-vivo\/\" \/>\n<meta property=\"og:site_name\" content=\"El Diario - Bolivia\" \/>\n<meta property=\"article:publisher\" content=\"https:\/\/www.facebook.com\/eldiario.bolivia\/\" \/>\n<meta property=\"article:published_time\" content=\"2024-04-21T10:07:13+00:00\" \/>\n<meta property=\"og:image\" content=\"https:\/\/www.eldiario.net\/portal\/wp-content\/uploads\/2023\/06\/David-Foronda-H.jpg\" \/>\n\t<meta property=\"og:image:width\" content=\"1200\" \/>\n\t<meta property=\"og:image:height\" content=\"628\" \/>\n\t<meta property=\"og:image:type\" content=\"image\/jpeg\" \/>\n<meta name=\"author\" content=\"Jeanette\" \/>\n<meta name=\"twitter:card\" content=\"summary_large_image\" \/>\n<meta name=\"twitter:creator\" content=\"@eldiario_net\" \/>\n<meta name=\"twitter:site\" content=\"@eldiario_net\" \/>\n<meta name=\"twitter:label1\" content=\"Escrito por\" \/>\n\t<meta name=\"twitter:data1\" content=\"Jeanette\" \/>\n\t<meta name=\"twitter:label2\" content=\"Tiempo de lectura\" \/>\n\t<meta name=\"twitter:data2\" content=\"3 minutos\" \/>\n<script type=\"application\/ld+json\" class=\"yoast-schema-graph\">{\"@context\":\"https:\\\/\\\/schema.org\",\"@graph\":[{\"@type\":\"Article\",\"@id\":\"https:\\\/\\\/www.eldiario.net\\\/portal\\\/2024\\\/04\\\/21\\\/la-ley-del-mas-vivo\\\/#article\",\"isPartOf\":{\"@id\":\"https:\\\/\\\/www.eldiario.net\\\/portal\\\/2024\\\/04\\\/21\\\/la-ley-del-mas-vivo\\\/\"},\"author\":{\"name\":\"Jeanette\",\"@id\":\"https:\\\/\\\/www.eldiario.net\\\/portal\\\/#\\\/schema\\\/person\\\/2c57cf2b7a7ae032e449e4c9b1019eac\"},\"headline\":\"La ley del m\u00e1s vivo\",\"datePublished\":\"2024-04-21T10:07:13+00:00\",\"mainEntityOfPage\":{\"@id\":\"https:\\\/\\\/www.eldiario.net\\\/portal\\\/2024\\\/04\\\/21\\\/la-ley-del-mas-vivo\\\/\"},\"wordCount\":544,\"commentCount\":0,\"publisher\":{\"@id\":\"https:\\\/\\\/www.eldiario.net\\\/portal\\\/#organization\"},\"image\":{\"@id\":\"https:\\\/\\\/www.eldiario.net\\\/portal\\\/2024\\\/04\\\/21\\\/la-ley-del-mas-vivo\\\/#primaryimage\"},\"thumbnailUrl\":\"https:\\\/\\\/www.eldiario.net\\\/portal\\\/wp-content\\\/uploads\\\/2023\\\/06\\\/David-Foronda-H.jpg\",\"articleSection\":[\"Opini\u00f3n\"],\"inLanguage\":\"es\",\"potentialAction\":[{\"@type\":\"CommentAction\",\"name\":\"Comment\",\"target\":[\"https:\\\/\\\/www.eldiario.net\\\/portal\\\/2024\\\/04\\\/21\\\/la-ley-del-mas-vivo\\\/#respond\"]}]},{\"@type\":\"WebPage\",\"@id\":\"https:\\\/\\\/www.eldiario.net\\\/portal\\\/2024\\\/04\\\/21\\\/la-ley-del-mas-vivo\\\/\",\"url\":\"https:\\\/\\\/www.eldiario.net\\\/portal\\\/2024\\\/04\\\/21\\\/la-ley-del-mas-vivo\\\/\",\"name\":\"La ley del m\u00e1s vivo - El Diario - Bolivia\",\"isPartOf\":{\"@id\":\"https:\\\/\\\/www.eldiario.net\\\/portal\\\/#website\"},\"primaryImageOfPage\":{\"@id\":\"https:\\\/\\\/www.eldiario.net\\\/portal\\\/2024\\\/04\\\/21\\\/la-ley-del-mas-vivo\\\/#primaryimage\"},\"image\":{\"@id\":\"https:\\\/\\\/www.eldiario.net\\\/portal\\\/2024\\\/04\\\/21\\\/la-ley-del-mas-vivo\\\/#primaryimage\"},\"thumbnailUrl\":\"https:\\\/\\\/www.eldiario.net\\\/portal\\\/wp-content\\\/uploads\\\/2023\\\/06\\\/David-Foronda-H.jpg\",\"datePublished\":\"2024-04-21T10:07:13+00:00\",\"breadcrumb\":{\"@id\":\"https:\\\/\\\/www.eldiario.net\\\/portal\\\/2024\\\/04\\\/21\\\/la-ley-del-mas-vivo\\\/#breadcrumb\"},\"inLanguage\":\"es\",\"potentialAction\":[{\"@type\":\"ReadAction\",\"target\":[\"https:\\\/\\\/www.eldiario.net\\\/portal\\\/2024\\\/04\\\/21\\\/la-ley-del-mas-vivo\\\/\"]}]},{\"@type\":\"ImageObject\",\"inLanguage\":\"es\",\"@id\":\"https:\\\/\\\/www.eldiario.net\\\/portal\\\/2024\\\/04\\\/21\\\/la-ley-del-mas-vivo\\\/#primaryimage\",\"url\":\"https:\\\/\\\/www.eldiario.net\\\/portal\\\/wp-content\\\/uploads\\\/2023\\\/06\\\/David-Foronda-H.jpg\",\"contentUrl\":\"https:\\\/\\\/www.eldiario.net\\\/portal\\\/wp-content\\\/uploads\\\/2023\\\/06\\\/David-Foronda-H.jpg\",\"width\":1200,\"height\":628,\"caption\":\"David Foronda H.\"},{\"@type\":\"BreadcrumbList\",\"@id\":\"https:\\\/\\\/www.eldiario.net\\\/portal\\\/2024\\\/04\\\/21\\\/la-ley-del-mas-vivo\\\/#breadcrumb\",\"itemListElement\":[{\"@type\":\"ListItem\",\"position\":1,\"name\":\"Portada\",\"item\":\"https:\\\/\\\/www.eldiario.net\\\/portal\\\/\"},{\"@type\":\"ListItem\",\"position\":2,\"name\":\"La ley del m\u00e1s vivo\"}]},{\"@type\":\"WebSite\",\"@id\":\"https:\\\/\\\/www.eldiario.net\\\/portal\\\/#website\",\"url\":\"https:\\\/\\\/www.eldiario.net\\\/portal\\\/\",\"name\":\"El Diario - Decano de la prensa nacional\",\"description\":\"El Diario - Decano de la prensa nacional\",\"publisher\":{\"@id\":\"https:\\\/\\\/www.eldiario.net\\\/portal\\\/#organization\"},\"potentialAction\":[{\"@type\":\"SearchAction\",\"target\":{\"@type\":\"EntryPoint\",\"urlTemplate\":\"https:\\\/\\\/www.eldiario.net\\\/portal\\\/?s={search_term_string}\"},\"query-input\":{\"@type\":\"PropertyValueSpecification\",\"valueRequired\":true,\"valueName\":\"search_term_string\"}}],\"inLanguage\":\"es\"},{\"@type\":\"Organization\",\"@id\":\"https:\\\/\\\/www.eldiario.net\\\/portal\\\/#organization\",\"name\":\"El Diario - Decano de la prensa nacional\",\"url\":\"https:\\\/\\\/www.eldiario.net\\\/portal\\\/\",\"logo\":{\"@type\":\"ImageObject\",\"inLanguage\":\"es\",\"@id\":\"https:\\\/\\\/www.eldiario.net\\\/portal\\\/#\\\/schema\\\/logo\\\/image\\\/\",\"url\":\"https:\\\/\\\/www.eldiario.net\\\/portal\\\/wp-content\\\/uploads\\\/2023\\\/07\\\/logo_ED.jpg\",\"contentUrl\":\"https:\\\/\\\/www.eldiario.net\\\/portal\\\/wp-content\\\/uploads\\\/2023\\\/07\\\/logo_ED.jpg\",\"width\":272,\"height\":52,\"caption\":\"El Diario - Decano de la prensa nacional\"},\"image\":{\"@id\":\"https:\\\/\\\/www.eldiario.net\\\/portal\\\/#\\\/schema\\\/logo\\\/image\\\/\"},\"sameAs\":[\"https:\\\/\\\/www.facebook.com\\\/eldiario.bolivia\\\/\",\"https:\\\/\\\/x.com\\\/eldiario_net\"]},{\"@type\":\"Person\",\"@id\":\"https:\\\/\\\/www.eldiario.net\\\/portal\\\/#\\\/schema\\\/person\\\/2c57cf2b7a7ae032e449e4c9b1019eac\",\"name\":\"Jeanette\",\"image\":{\"@type\":\"ImageObject\",\"inLanguage\":\"es\",\"@id\":\"https:\\\/\\\/secure.gravatar.com\\\/avatar\\\/3ea2118a5f7dad2b7138b1187a6b7ee55f160b9968b66013c3a3ef39dd7e5798?s=96&d=mm&r=g\",\"url\":\"https:\\\/\\\/secure.gravatar.com\\\/avatar\\\/3ea2118a5f7dad2b7138b1187a6b7ee55f160b9968b66013c3a3ef39dd7e5798?s=96&d=mm&r=g\",\"contentUrl\":\"https:\\\/\\\/secure.gravatar.com\\\/avatar\\\/3ea2118a5f7dad2b7138b1187a6b7ee55f160b9968b66013c3a3ef39dd7e5798?s=96&d=mm&r=g\",\"caption\":\"Jeanette\"},\"sameAs\":[\"https:\\\/\\\/www.eldiario.net\\\/portal\"],\"url\":\"https:\\\/\\\/www.eldiario.net\\\/portal\\\/author\\\/jeanette\\\/\"}]}<\/script>\n<!-- \/ Yoast SEO plugin. -->","yoast_head_json":{"title":"La ley del m\u00e1s vivo - El Diario - Bolivia","robots":{"index":"index","follow":"follow","max-snippet":"max-snippet:-1","max-image-preview":"max-image-preview:large","max-video-preview":"max-video-preview:-1"},"canonical":"https:\/\/www.eldiario.net\/portal\/2024\/04\/21\/la-ley-del-mas-vivo\/","og_locale":"es_ES","og_type":"article","og_title":"La ley del m\u00e1s vivo - El Diario - Bolivia","og_description":"Supuestamente una periodista estadounidense que radic\u00f3 un a\u00f1o y medio en el pa\u00eds, en marzo de 2022 escribi\u00f3 un art\u00edculo sobre Bolivia y los bolivianos, dando a conocer las injusticias y situaciones dif\u00edciles por las que se debe atravesar en estas latitudes. Empieza manifestando: \u201cBolivia solo sirve para pasear y no para vivir y mucho [&hellip;]","og_url":"https:\/\/www.eldiario.net\/portal\/2024\/04\/21\/la-ley-del-mas-vivo\/","og_site_name":"El Diario - Bolivia","article_publisher":"https:\/\/www.facebook.com\/eldiario.bolivia\/","article_published_time":"2024-04-21T10:07:13+00:00","og_image":[{"width":1200,"height":628,"url":"https:\/\/www.eldiario.net\/portal\/wp-content\/uploads\/2023\/06\/David-Foronda-H.jpg","type":"image\/jpeg"}],"author":"Jeanette","twitter_card":"summary_large_image","twitter_creator":"@eldiario_net","twitter_site":"@eldiario_net","twitter_misc":{"Escrito por":"Jeanette","Tiempo de lectura":"3 minutos"},"schema":{"@context":"https:\/\/schema.org","@graph":[{"@type":"Article","@id":"https:\/\/www.eldiario.net\/portal\/2024\/04\/21\/la-ley-del-mas-vivo\/#article","isPartOf":{"@id":"https:\/\/www.eldiario.net\/portal\/2024\/04\/21\/la-ley-del-mas-vivo\/"},"author":{"name":"Jeanette","@id":"https:\/\/www.eldiario.net\/portal\/#\/schema\/person\/2c57cf2b7a7ae032e449e4c9b1019eac"},"headline":"La ley del m\u00e1s vivo","datePublished":"2024-04-21T10:07:13+00:00","mainEntityOfPage":{"@id":"https:\/\/www.eldiario.net\/portal\/2024\/04\/21\/la-ley-del-mas-vivo\/"},"wordCount":544,"commentCount":0,"publisher":{"@id":"https:\/\/www.eldiario.net\/portal\/#organization"},"image":{"@id":"https:\/\/www.eldiario.net\/portal\/2024\/04\/21\/la-ley-del-mas-vivo\/#primaryimage"},"thumbnailUrl":"https:\/\/www.eldiario.net\/portal\/wp-content\/uploads\/2023\/06\/David-Foronda-H.jpg","articleSection":["Opini\u00f3n"],"inLanguage":"es","potentialAction":[{"@type":"CommentAction","name":"Comment","target":["https:\/\/www.eldiario.net\/portal\/2024\/04\/21\/la-ley-del-mas-vivo\/#respond"]}]},{"@type":"WebPage","@id":"https:\/\/www.eldiario.net\/portal\/2024\/04\/21\/la-ley-del-mas-vivo\/","url":"https:\/\/www.eldiario.net\/portal\/2024\/04\/21\/la-ley-del-mas-vivo\/","name":"La ley del m\u00e1s vivo - El Diario - Bolivia","isPartOf":{"@id":"https:\/\/www.eldiario.net\/portal\/#website"},"primaryImageOfPage":{"@id":"https:\/\/www.eldiario.net\/portal\/2024\/04\/21\/la-ley-del-mas-vivo\/#primaryimage"},"image":{"@id":"https:\/\/www.eldiario.net\/portal\/2024\/04\/21\/la-ley-del-mas-vivo\/#primaryimage"},"thumbnailUrl":"https:\/\/www.eldiario.net\/portal\/wp-content\/uploads\/2023\/06\/David-Foronda-H.jpg","datePublished":"2024-04-21T10:07:13+00:00","breadcrumb":{"@id":"https:\/\/www.eldiario.net\/portal\/2024\/04\/21\/la-ley-del-mas-vivo\/#breadcrumb"},"inLanguage":"es","potentialAction":[{"@type":"ReadAction","target":["https:\/\/www.eldiario.net\/portal\/2024\/04\/21\/la-ley-del-mas-vivo\/"]}]},{"@type":"ImageObject","inLanguage":"es","@id":"https:\/\/www.eldiario.net\/portal\/2024\/04\/21\/la-ley-del-mas-vivo\/#primaryimage","url":"https:\/\/www.eldiario.net\/portal\/wp-content\/uploads\/2023\/06\/David-Foronda-H.jpg","contentUrl":"https:\/\/www.eldiario.net\/portal\/wp-content\/uploads\/2023\/06\/David-Foronda-H.jpg","width":1200,"height":628,"caption":"David Foronda H."},{"@type":"BreadcrumbList","@id":"https:\/\/www.eldiario.net\/portal\/2024\/04\/21\/la-ley-del-mas-vivo\/#breadcrumb","itemListElement":[{"@type":"ListItem","position":1,"name":"Portada","item":"https:\/\/www.eldiario.net\/portal\/"},{"@type":"ListItem","position":2,"name":"La ley del m\u00e1s vivo"}]},{"@type":"WebSite","@id":"https:\/\/www.eldiario.net\/portal\/#website","url":"https:\/\/www.eldiario.net\/portal\/","name":"El Diario - Decano de la prensa nacional","description":"El Diario - Decano de la prensa nacional","publisher":{"@id":"https:\/\/www.eldiario.net\/portal\/#organization"},"potentialAction":[{"@type":"SearchAction","target":{"@type":"EntryPoint","urlTemplate":"https:\/\/www.eldiario.net\/portal\/?s={search_term_string}"},"query-input":{"@type":"PropertyValueSpecification","valueRequired":true,"valueName":"search_term_string"}}],"inLanguage":"es"},{"@type":"Organization","@id":"https:\/\/www.eldiario.net\/portal\/#organization","name":"El Diario - Decano de la prensa nacional","url":"https:\/\/www.eldiario.net\/portal\/","logo":{"@type":"ImageObject","inLanguage":"es","@id":"https:\/\/www.eldiario.net\/portal\/#\/schema\/logo\/image\/","url":"https:\/\/www.eldiario.net\/portal\/wp-content\/uploads\/2023\/07\/logo_ED.jpg","contentUrl":"https:\/\/www.eldiario.net\/portal\/wp-content\/uploads\/2023\/07\/logo_ED.jpg","width":272,"height":52,"caption":"El Diario - Decano de la prensa nacional"},"image":{"@id":"https:\/\/www.eldiario.net\/portal\/#\/schema\/logo\/image\/"},"sameAs":["https:\/\/www.facebook.com\/eldiario.bolivia\/","https:\/\/x.com\/eldiario_net"]},{"@type":"Person","@id":"https:\/\/www.eldiario.net\/portal\/#\/schema\/person\/2c57cf2b7a7ae032e449e4c9b1019eac","name":"Jeanette","image":{"@type":"ImageObject","inLanguage":"es","@id":"https:\/\/secure.gravatar.com\/avatar\/3ea2118a5f7dad2b7138b1187a6b7ee55f160b9968b66013c3a3ef39dd7e5798?s=96&d=mm&r=g","url":"https:\/\/secure.gravatar.com\/avatar\/3ea2118a5f7dad2b7138b1187a6b7ee55f160b9968b66013c3a3ef39dd7e5798?s=96&d=mm&r=g","contentUrl":"https:\/\/secure.gravatar.com\/avatar\/3ea2118a5f7dad2b7138b1187a6b7ee55f160b9968b66013c3a3ef39dd7e5798?s=96&d=mm&r=g","caption":"Jeanette"},"sameAs":["https:\/\/www.eldiario.net\/portal"],"url":"https:\/\/www.eldiario.net\/portal\/author\/jeanette\/"}]}},"_links":{"self":[{"href":"https:\/\/www.eldiario.net\/portal\/wp-json\/wp\/v2\/posts\/215660","targetHints":{"allow":["GET"]}}],"collection":[{"href":"https:\/\/www.eldiario.net\/portal\/wp-json\/wp\/v2\/posts"}],"about":[{"href":"https:\/\/www.eldiario.net\/portal\/wp-json\/wp\/v2\/types\/post"}],"author":[{"embeddable":true,"href":"https:\/\/www.eldiario.net\/portal\/wp-json\/wp\/v2\/users\/1"}],"replies":[{"embeddable":true,"href":"https:\/\/www.eldiario.net\/portal\/wp-json\/wp\/v2\/comments?post=215660"}],"version-history":[{"count":1,"href":"https:\/\/www.eldiario.net\/portal\/wp-json\/wp\/v2\/posts\/215660\/revisions"}],"predecessor-version":[{"id":215661,"href":"https:\/\/www.eldiario.net\/portal\/wp-json\/wp\/v2\/posts\/215660\/revisions\/215661"}],"wp:featuredmedia":[{"embeddable":true,"href":"https:\/\/www.eldiario.net\/portal\/wp-json\/wp\/v2\/media\/158961"}],"wp:attachment":[{"href":"https:\/\/www.eldiario.net\/portal\/wp-json\/wp\/v2\/media?parent=215660"}],"wp:term":[{"taxonomy":"category","embeddable":true,"href":"https:\/\/www.eldiario.net\/portal\/wp-json\/wp\/v2\/categories?post=215660"},{"taxonomy":"post_tag","embeddable":true,"href":"https:\/\/www.eldiario.net\/portal\/wp-json\/wp\/v2\/tags?post=215660"}],"curies":[{"name":"wp","href":"https:\/\/api.w.org\/{rel}","templated":true}]}}