{"id":215649,"date":"2024-04-21T06:02:32","date_gmt":"2024-04-21T10:02:32","guid":{"rendered":"https:\/\/www.eldiario.net\/portal\/?p=215649"},"modified":"2024-04-21T06:02:32","modified_gmt":"2024-04-21T10:02:32","slug":"mexico-es-el-pais-mas-peligroso-para-candidatos","status":"publish","type":"post","link":"https:\/\/www.eldiario.net\/portal\/2024\/04\/21\/mexico-es-el-pais-mas-peligroso-para-candidatos\/","title":{"rendered":"M\u00e9xico es el pa\u00eds m\u00e1s  peligroso para candidatos"},"content":{"rendered":"<p>El proceso electoral del 2024 se vio manchado de sangre ante el asesinato de 27 aspirantes o candidatos previo a los comicios del pr\u00f3ximo 2 de junio, elecciones consideradas como las m\u00e1s grandes de la historia.<br \/>\nEl viernes 19 de abril fue asesinado No\u00e9 Ramos Ferretiz, candidato de la coalici\u00f3n \u201cFuerza y Coraz\u00f3n por M\u00e9xico\u201d a la presidencia municipal de Ciudad Mante, Tamaulipas, durante un evento de campa\u00f1a en la colonia Azucarera.<br \/>\nDe acuerdo con los reportes del hecho, el alcalde con licencia que buscaba la reelecci\u00f3n de su municipio con la alianza entre el Partido Acci\u00f3n Nacional (PAN) y del Partido de la Revoluci\u00f3n Institucional (PRI) fue atacado con un arma blanca por un hombre que ya fue identificado por las autoridades ministeriales.<br \/>\nCon este homicidio, suman 39 actores pol\u00edticos asesinados durante este proceso electoral, de acuerdo con la organizaci\u00f3n Causa en Com\u00fan quien lleva un conteo en dos rubros: actores pol\u00edticos y aspirantes o candidatos.<br \/>\nEn el listado de la organizaci\u00f3n se menciona que, el Movimiento de Regeneraci\u00f3n Nacional (Morena) es el partido pol\u00edtico m\u00e1s afectado, sumando un total de 11 aspirantes asesinados.<br \/>\nA esta cifra se le suman otros cinco casos de funcionarios, dirigentes o colaboradores del partido en el Poder que han sido asesinados, dando un total de 16 morenistas muertos.<br \/>\nEl Partido Acci\u00f3n Nacional (PAN) es el otro partido pol\u00edtico afectado por los homicidios, pues acumula un total de 7 actores pol\u00edticos asesinados, seguido del Partido de la Revoluci\u00f3n Institucional (PRI) con 4 casos, cifra que comparte con el Partido de la Revoluci\u00f3n Democr\u00e1tica (PRD).<br \/>\nEn tanto, Movimiento Ciudadano (MC) suma tres asesinados, al igual que Partido Verde (PV). El Partido del Trabajo (PT) sufri\u00f3 la p\u00e9rdida de uno de sus aspirantes, como lo hizo el Partido Encuentro Social (PES).<br \/>\nEn el caso de los Estados, hay quince entidades que tienen al menos un candidato asesinado.<br \/>\nGuerrero lidera la lista con cuatro candidatos asesinados y cinco funcionarios muertos. Michoac\u00e1n ocupa el segundo lugar con 6, de los cuales cuatro buscan un cargo p\u00fablico, mientras que los otros dos ten\u00edan un cargo actual. (Infobae)<\/p>\n","protected":false},"excerpt":{"rendered":"<p>El proceso electoral del 2024 se vio manchado de sangre ante el asesinato de 27 aspirantes o candidatos previo a los comicios del pr\u00f3ximo 2 de junio, elecciones consideradas como las m\u00e1s grandes de la historia. El viernes 19 de abril fue asesinado No\u00e9 Ramos Ferretiz, candidato de la coalici\u00f3n \u201cFuerza y Coraz\u00f3n por M\u00e9xico\u201d [&hellip;]<\/p>\n","protected":false},"author":1,"featured_media":215650,"comment_status":"open","ping_status":"open","sticky":false,"template":"","format":"standard","meta":{"_acf_changed":false,"footnotes":""},"categories":[3],"tags":[],"class_list":["post-215649","post","type-post","status-publish","format-standard","has-post-thumbnail","category-internacional"],"acf":{"antetitulo":"Elecciones 2024"},"yoast_head":"<!-- This site is optimized with the Yoast SEO plugin v28.4 - https:\/\/yoast.com\/product\/yoast-seo-wordpress\/ -->\n<title>M\u00e9xico es el pa\u00eds m\u00e1s peligroso para candidatos - El Diario - Bolivia<\/title>\n<meta name=\"robots\" content=\"index, follow, max-snippet:-1, max-image-preview:large, max-video-preview:-1\" \/>\n<link rel=\"canonical\" href=\"https:\/\/www.eldiario.net\/portal\/2024\/04\/21\/mexico-es-el-pais-mas-peligroso-para-candidatos\/\" \/>\n<meta property=\"og:locale\" content=\"es_ES\" \/>\n<meta property=\"og:type\" content=\"article\" \/>\n<meta property=\"og:title\" content=\"M\u00e9xico es el pa\u00eds m\u00e1s peligroso para candidatos - El Diario - Bolivia\" \/>\n<meta property=\"og:description\" content=\"El proceso electoral del 2024 se vio manchado de sangre ante el asesinato de 27 aspirantes o candidatos previo a los comicios del pr\u00f3ximo 2 de junio, elecciones consideradas como las m\u00e1s grandes de la historia. El viernes 19 de abril fue asesinado No\u00e9 Ramos Ferretiz, candidato de la coalici\u00f3n \u201cFuerza y Coraz\u00f3n por M\u00e9xico\u201d [&hellip;]\" \/>\n<meta property=\"og:url\" content=\"https:\/\/www.eldiario.net\/portal\/2024\/04\/21\/mexico-es-el-pais-mas-peligroso-para-candidatos\/\" \/>\n<meta property=\"og:site_name\" content=\"El Diario - Bolivia\" \/>\n<meta property=\"article:publisher\" content=\"https:\/\/www.facebook.com\/eldiario.bolivia\/\" \/>\n<meta property=\"article:published_time\" content=\"2024-04-21T10:02:32+00:00\" \/>\n<meta property=\"og:image\" content=\"https:\/\/www.eldiario.net\/portal\/wp-content\/uploads\/2024\/04\/URNA.jpg\" \/>\n\t<meta property=\"og:image:width\" content=\"992\" \/>\n\t<meta property=\"og:image:height\" content=\"558\" \/>\n\t<meta property=\"og:image:type\" content=\"image\/jpeg\" \/>\n<meta name=\"author\" content=\"Jeanette\" \/>\n<meta name=\"twitter:card\" content=\"summary_large_image\" \/>\n<meta name=\"twitter:creator\" content=\"@eldiario_net\" \/>\n<meta name=\"twitter:site\" content=\"@eldiario_net\" \/>\n<meta name=\"twitter:label1\" content=\"Escrito por\" \/>\n\t<meta name=\"twitter:data1\" content=\"Jeanette\" \/>\n\t<meta name=\"twitter:label2\" content=\"Tiempo de lectura\" \/>\n\t<meta name=\"twitter:data2\" content=\"2 minutos\" \/>\n<script type=\"application\/ld+json\" class=\"yoast-schema-graph\">{\"@context\":\"https:\\\/\\\/schema.org\",\"@graph\":[{\"@type\":\"Article\",\"@id\":\"https:\\\/\\\/www.eldiario.net\\\/portal\\\/2024\\\/04\\\/21\\\/mexico-es-el-pais-mas-peligroso-para-candidatos\\\/#article\",\"isPartOf\":{\"@id\":\"https:\\\/\\\/www.eldiario.net\\\/portal\\\/2024\\\/04\\\/21\\\/mexico-es-el-pais-mas-peligroso-para-candidatos\\\/\"},\"author\":{\"name\":\"Jeanette\",\"@id\":\"https:\\\/\\\/www.eldiario.net\\\/portal\\\/#\\\/schema\\\/person\\\/2c57cf2b7a7ae032e449e4c9b1019eac\"},\"headline\":\"M\u00e9xico es el pa\u00eds m\u00e1s peligroso para candidatos\",\"datePublished\":\"2024-04-21T10:02:32+00:00\",\"mainEntityOfPage\":{\"@id\":\"https:\\\/\\\/www.eldiario.net\\\/portal\\\/2024\\\/04\\\/21\\\/mexico-es-el-pais-mas-peligroso-para-candidatos\\\/\"},\"wordCount\":376,\"commentCount\":0,\"publisher\":{\"@id\":\"https:\\\/\\\/www.eldiario.net\\\/portal\\\/#organization\"},\"image\":{\"@id\":\"https:\\\/\\\/www.eldiario.net\\\/portal\\\/2024\\\/04\\\/21\\\/mexico-es-el-pais-mas-peligroso-para-candidatos\\\/#primaryimage\"},\"thumbnailUrl\":\"https:\\\/\\\/www.eldiario.net\\\/portal\\\/wp-content\\\/uploads\\\/2024\\\/04\\\/URNA.jpg\",\"articleSection\":[\"Internacional\"],\"inLanguage\":\"es\",\"potentialAction\":[{\"@type\":\"CommentAction\",\"name\":\"Comment\",\"target\":[\"https:\\\/\\\/www.eldiario.net\\\/portal\\\/2024\\\/04\\\/21\\\/mexico-es-el-pais-mas-peligroso-para-candidatos\\\/#respond\"]}]},{\"@type\":\"WebPage\",\"@id\":\"https:\\\/\\\/www.eldiario.net\\\/portal\\\/2024\\\/04\\\/21\\\/mexico-es-el-pais-mas-peligroso-para-candidatos\\\/\",\"url\":\"https:\\\/\\\/www.eldiario.net\\\/portal\\\/2024\\\/04\\\/21\\\/mexico-es-el-pais-mas-peligroso-para-candidatos\\\/\",\"name\":\"M\u00e9xico es el pa\u00eds m\u00e1s peligroso para candidatos - El Diario - Bolivia\",\"isPartOf\":{\"@id\":\"https:\\\/\\\/www.eldiario.net\\\/portal\\\/#website\"},\"primaryImageOfPage\":{\"@id\":\"https:\\\/\\\/www.eldiario.net\\\/portal\\\/2024\\\/04\\\/21\\\/mexico-es-el-pais-mas-peligroso-para-candidatos\\\/#primaryimage\"},\"image\":{\"@id\":\"https:\\\/\\\/www.eldiario.net\\\/portal\\\/2024\\\/04\\\/21\\\/mexico-es-el-pais-mas-peligroso-para-candidatos\\\/#primaryimage\"},\"thumbnailUrl\":\"https:\\\/\\\/www.eldiario.net\\\/portal\\\/wp-content\\\/uploads\\\/2024\\\/04\\\/URNA.jpg\",\"datePublished\":\"2024-04-21T10:02:32+00:00\",\"breadcrumb\":{\"@id\":\"https:\\\/\\\/www.eldiario.net\\\/portal\\\/2024\\\/04\\\/21\\\/mexico-es-el-pais-mas-peligroso-para-candidatos\\\/#breadcrumb\"},\"inLanguage\":\"es\",\"potentialAction\":[{\"@type\":\"ReadAction\",\"target\":[\"https:\\\/\\\/www.eldiario.net\\\/portal\\\/2024\\\/04\\\/21\\\/mexico-es-el-pais-mas-peligroso-para-candidatos\\\/\"]}]},{\"@type\":\"ImageObject\",\"inLanguage\":\"es\",\"@id\":\"https:\\\/\\\/www.eldiario.net\\\/portal\\\/2024\\\/04\\\/21\\\/mexico-es-el-pais-mas-peligroso-para-candidatos\\\/#primaryimage\",\"url\":\"https:\\\/\\\/www.eldiario.net\\\/portal\\\/wp-content\\\/uploads\\\/2024\\\/04\\\/URNA.jpg\",\"contentUrl\":\"https:\\\/\\\/www.eldiario.net\\\/portal\\\/wp-content\\\/uploads\\\/2024\\\/04\\\/URNA.jpg\",\"width\":992,\"height\":558,\"caption\":\"PROCESOS ELECTORALES EN M\u00c9XICO SE VIERON MANCHADOS DE VIOLENCIA. Infobae\"},{\"@type\":\"BreadcrumbList\",\"@id\":\"https:\\\/\\\/www.eldiario.net\\\/portal\\\/2024\\\/04\\\/21\\\/mexico-es-el-pais-mas-peligroso-para-candidatos\\\/#breadcrumb\",\"itemListElement\":[{\"@type\":\"ListItem\",\"position\":1,\"name\":\"Portada\",\"item\":\"https:\\\/\\\/www.eldiario.net\\\/portal\\\/\"},{\"@type\":\"ListItem\",\"position\":2,\"name\":\"M\u00e9xico es el pa\u00eds m\u00e1s peligroso para candidatos\"}]},{\"@type\":\"WebSite\",\"@id\":\"https:\\\/\\\/www.eldiario.net\\\/portal\\\/#website\",\"url\":\"https:\\\/\\\/www.eldiario.net\\\/portal\\\/\",\"name\":\"El Diario - Decano de la prensa nacional\",\"description\":\"El Diario - Decano de la prensa nacional\",\"publisher\":{\"@id\":\"https:\\\/\\\/www.eldiario.net\\\/portal\\\/#organization\"},\"potentialAction\":[{\"@type\":\"SearchAction\",\"target\":{\"@type\":\"EntryPoint\",\"urlTemplate\":\"https:\\\/\\\/www.eldiario.net\\\/portal\\\/?s={search_term_string}\"},\"query-input\":{\"@type\":\"PropertyValueSpecification\",\"valueRequired\":true,\"valueName\":\"search_term_string\"}}],\"inLanguage\":\"es\"},{\"@type\":\"Organization\",\"@id\":\"https:\\\/\\\/www.eldiario.net\\\/portal\\\/#organization\",\"name\":\"El Diario - Decano de la prensa nacional\",\"url\":\"https:\\\/\\\/www.eldiario.net\\\/portal\\\/\",\"logo\":{\"@type\":\"ImageObject\",\"inLanguage\":\"es\",\"@id\":\"https:\\\/\\\/www.eldiario.net\\\/portal\\\/#\\\/schema\\\/logo\\\/image\\\/\",\"url\":\"https:\\\/\\\/www.eldiario.net\\\/portal\\\/wp-content\\\/uploads\\\/2023\\\/07\\\/logo_ED.jpg\",\"contentUrl\":\"https:\\\/\\\/www.eldiario.net\\\/portal\\\/wp-content\\\/uploads\\\/2023\\\/07\\\/logo_ED.jpg\",\"width\":272,\"height\":52,\"caption\":\"El Diario - Decano de la prensa nacional\"},\"image\":{\"@id\":\"https:\\\/\\\/www.eldiario.net\\\/portal\\\/#\\\/schema\\\/logo\\\/image\\\/\"},\"sameAs\":[\"https:\\\/\\\/www.facebook.com\\\/eldiario.bolivia\\\/\",\"https:\\\/\\\/x.com\\\/eldiario_net\"]},{\"@type\":\"Person\",\"@id\":\"https:\\\/\\\/www.eldiario.net\\\/portal\\\/#\\\/schema\\\/person\\\/2c57cf2b7a7ae032e449e4c9b1019eac\",\"name\":\"Jeanette\",\"image\":{\"@type\":\"ImageObject\",\"inLanguage\":\"es\",\"@id\":\"https:\\\/\\\/secure.gravatar.com\\\/avatar\\\/3ea2118a5f7dad2b7138b1187a6b7ee55f160b9968b66013c3a3ef39dd7e5798?s=96&d=mm&r=g\",\"url\":\"https:\\\/\\\/secure.gravatar.com\\\/avatar\\\/3ea2118a5f7dad2b7138b1187a6b7ee55f160b9968b66013c3a3ef39dd7e5798?s=96&d=mm&r=g\",\"contentUrl\":\"https:\\\/\\\/secure.gravatar.com\\\/avatar\\\/3ea2118a5f7dad2b7138b1187a6b7ee55f160b9968b66013c3a3ef39dd7e5798?s=96&d=mm&r=g\",\"caption\":\"Jeanette\"},\"sameAs\":[\"https:\\\/\\\/www.eldiario.net\\\/portal\"],\"url\":\"https:\\\/\\\/www.eldiario.net\\\/portal\\\/author\\\/jeanette\\\/\"}]}<\/script>\n<!-- \/ Yoast SEO plugin. -->","yoast_head_json":{"title":"M\u00e9xico es el pa\u00eds m\u00e1s peligroso para candidatos - El Diario - Bolivia","robots":{"index":"index","follow":"follow","max-snippet":"max-snippet:-1","max-image-preview":"max-image-preview:large","max-video-preview":"max-video-preview:-1"},"canonical":"https:\/\/www.eldiario.net\/portal\/2024\/04\/21\/mexico-es-el-pais-mas-peligroso-para-candidatos\/","og_locale":"es_ES","og_type":"article","og_title":"M\u00e9xico es el pa\u00eds m\u00e1s peligroso para candidatos - El Diario - Bolivia","og_description":"El proceso electoral del 2024 se vio manchado de sangre ante el asesinato de 27 aspirantes o candidatos previo a los comicios del pr\u00f3ximo 2 de junio, elecciones consideradas como las m\u00e1s grandes de la historia. El viernes 19 de abril fue asesinado No\u00e9 Ramos Ferretiz, candidato de la coalici\u00f3n \u201cFuerza y Coraz\u00f3n por M\u00e9xico\u201d [&hellip;]","og_url":"https:\/\/www.eldiario.net\/portal\/2024\/04\/21\/mexico-es-el-pais-mas-peligroso-para-candidatos\/","og_site_name":"El Diario - Bolivia","article_publisher":"https:\/\/www.facebook.com\/eldiario.bolivia\/","article_published_time":"2024-04-21T10:02:32+00:00","og_image":[{"width":992,"height":558,"url":"https:\/\/www.eldiario.net\/portal\/wp-content\/uploads\/2024\/04\/URNA.jpg","type":"image\/jpeg"}],"author":"Jeanette","twitter_card":"summary_large_image","twitter_creator":"@eldiario_net","twitter_site":"@eldiario_net","twitter_misc":{"Escrito por":"Jeanette","Tiempo de lectura":"2 minutos"},"schema":{"@context":"https:\/\/schema.org","@graph":[{"@type":"Article","@id":"https:\/\/www.eldiario.net\/portal\/2024\/04\/21\/mexico-es-el-pais-mas-peligroso-para-candidatos\/#article","isPartOf":{"@id":"https:\/\/www.eldiario.net\/portal\/2024\/04\/21\/mexico-es-el-pais-mas-peligroso-para-candidatos\/"},"author":{"name":"Jeanette","@id":"https:\/\/www.eldiario.net\/portal\/#\/schema\/person\/2c57cf2b7a7ae032e449e4c9b1019eac"},"headline":"M\u00e9xico es el pa\u00eds m\u00e1s peligroso para candidatos","datePublished":"2024-04-21T10:02:32+00:00","mainEntityOfPage":{"@id":"https:\/\/www.eldiario.net\/portal\/2024\/04\/21\/mexico-es-el-pais-mas-peligroso-para-candidatos\/"},"wordCount":376,"commentCount":0,"publisher":{"@id":"https:\/\/www.eldiario.net\/portal\/#organization"},"image":{"@id":"https:\/\/www.eldiario.net\/portal\/2024\/04\/21\/mexico-es-el-pais-mas-peligroso-para-candidatos\/#primaryimage"},"thumbnailUrl":"https:\/\/www.eldiario.net\/portal\/wp-content\/uploads\/2024\/04\/URNA.jpg","articleSection":["Internacional"],"inLanguage":"es","potentialAction":[{"@type":"CommentAction","name":"Comment","target":["https:\/\/www.eldiario.net\/portal\/2024\/04\/21\/mexico-es-el-pais-mas-peligroso-para-candidatos\/#respond"]}]},{"@type":"WebPage","@id":"https:\/\/www.eldiario.net\/portal\/2024\/04\/21\/mexico-es-el-pais-mas-peligroso-para-candidatos\/","url":"https:\/\/www.eldiario.net\/portal\/2024\/04\/21\/mexico-es-el-pais-mas-peligroso-para-candidatos\/","name":"M\u00e9xico es el pa\u00eds m\u00e1s peligroso para candidatos - El Diario - Bolivia","isPartOf":{"@id":"https:\/\/www.eldiario.net\/portal\/#website"},"primaryImageOfPage":{"@id":"https:\/\/www.eldiario.net\/portal\/2024\/04\/21\/mexico-es-el-pais-mas-peligroso-para-candidatos\/#primaryimage"},"image":{"@id":"https:\/\/www.eldiario.net\/portal\/2024\/04\/21\/mexico-es-el-pais-mas-peligroso-para-candidatos\/#primaryimage"},"thumbnailUrl":"https:\/\/www.eldiario.net\/portal\/wp-content\/uploads\/2024\/04\/URNA.jpg","datePublished":"2024-04-21T10:02:32+00:00","breadcrumb":{"@id":"https:\/\/www.eldiario.net\/portal\/2024\/04\/21\/mexico-es-el-pais-mas-peligroso-para-candidatos\/#breadcrumb"},"inLanguage":"es","potentialAction":[{"@type":"ReadAction","target":["https:\/\/www.eldiario.net\/portal\/2024\/04\/21\/mexico-es-el-pais-mas-peligroso-para-candidatos\/"]}]},{"@type":"ImageObject","inLanguage":"es","@id":"https:\/\/www.eldiario.net\/portal\/2024\/04\/21\/mexico-es-el-pais-mas-peligroso-para-candidatos\/#primaryimage","url":"https:\/\/www.eldiario.net\/portal\/wp-content\/uploads\/2024\/04\/URNA.jpg","contentUrl":"https:\/\/www.eldiario.net\/portal\/wp-content\/uploads\/2024\/04\/URNA.jpg","width":992,"height":558,"caption":"PROCESOS ELECTORALES EN M\u00c9XICO SE VIERON MANCHADOS DE VIOLENCIA. Infobae"},{"@type":"BreadcrumbList","@id":"https:\/\/www.eldiario.net\/portal\/2024\/04\/21\/mexico-es-el-pais-mas-peligroso-para-candidatos\/#breadcrumb","itemListElement":[{"@type":"ListItem","position":1,"name":"Portada","item":"https:\/\/www.eldiario.net\/portal\/"},{"@type":"ListItem","position":2,"name":"M\u00e9xico es el pa\u00eds m\u00e1s peligroso para candidatos"}]},{"@type":"WebSite","@id":"https:\/\/www.eldiario.net\/portal\/#website","url":"https:\/\/www.eldiario.net\/portal\/","name":"El Diario - Decano de la prensa nacional","description":"El Diario - Decano de la prensa nacional","publisher":{"@id":"https:\/\/www.eldiario.net\/portal\/#organization"},"potentialAction":[{"@type":"SearchAction","target":{"@type":"EntryPoint","urlTemplate":"https:\/\/www.eldiario.net\/portal\/?s={search_term_string}"},"query-input":{"@type":"PropertyValueSpecification","valueRequired":true,"valueName":"search_term_string"}}],"inLanguage":"es"},{"@type":"Organization","@id":"https:\/\/www.eldiario.net\/portal\/#organization","name":"El Diario - Decano de la prensa nacional","url":"https:\/\/www.eldiario.net\/portal\/","logo":{"@type":"ImageObject","inLanguage":"es","@id":"https:\/\/www.eldiario.net\/portal\/#\/schema\/logo\/image\/","url":"https:\/\/www.eldiario.net\/portal\/wp-content\/uploads\/2023\/07\/logo_ED.jpg","contentUrl":"https:\/\/www.eldiario.net\/portal\/wp-content\/uploads\/2023\/07\/logo_ED.jpg","width":272,"height":52,"caption":"El Diario - Decano de la prensa nacional"},"image":{"@id":"https:\/\/www.eldiario.net\/portal\/#\/schema\/logo\/image\/"},"sameAs":["https:\/\/www.facebook.com\/eldiario.bolivia\/","https:\/\/x.com\/eldiario_net"]},{"@type":"Person","@id":"https:\/\/www.eldiario.net\/portal\/#\/schema\/person\/2c57cf2b7a7ae032e449e4c9b1019eac","name":"Jeanette","image":{"@type":"ImageObject","inLanguage":"es","@id":"https:\/\/secure.gravatar.com\/avatar\/3ea2118a5f7dad2b7138b1187a6b7ee55f160b9968b66013c3a3ef39dd7e5798?s=96&d=mm&r=g","url":"https:\/\/secure.gravatar.com\/avatar\/3ea2118a5f7dad2b7138b1187a6b7ee55f160b9968b66013c3a3ef39dd7e5798?s=96&d=mm&r=g","contentUrl":"https:\/\/secure.gravatar.com\/avatar\/3ea2118a5f7dad2b7138b1187a6b7ee55f160b9968b66013c3a3ef39dd7e5798?s=96&d=mm&r=g","caption":"Jeanette"},"sameAs":["https:\/\/www.eldiario.net\/portal"],"url":"https:\/\/www.eldiario.net\/portal\/author\/jeanette\/"}]}},"_links":{"self":[{"href":"https:\/\/www.eldiario.net\/portal\/wp-json\/wp\/v2\/posts\/215649","targetHints":{"allow":["GET"]}}],"collection":[{"href":"https:\/\/www.eldiario.net\/portal\/wp-json\/wp\/v2\/posts"}],"about":[{"href":"https:\/\/www.eldiario.net\/portal\/wp-json\/wp\/v2\/types\/post"}],"author":[{"embeddable":true,"href":"https:\/\/www.eldiario.net\/portal\/wp-json\/wp\/v2\/users\/1"}],"replies":[{"embeddable":true,"href":"https:\/\/www.eldiario.net\/portal\/wp-json\/wp\/v2\/comments?post=215649"}],"version-history":[{"count":1,"href":"https:\/\/www.eldiario.net\/portal\/wp-json\/wp\/v2\/posts\/215649\/revisions"}],"predecessor-version":[{"id":215651,"href":"https:\/\/www.eldiario.net\/portal\/wp-json\/wp\/v2\/posts\/215649\/revisions\/215651"}],"wp:featuredmedia":[{"embeddable":true,"href":"https:\/\/www.eldiario.net\/portal\/wp-json\/wp\/v2\/media\/215650"}],"wp:attachment":[{"href":"https:\/\/www.eldiario.net\/portal\/wp-json\/wp\/v2\/media?parent=215649"}],"wp:term":[{"taxonomy":"category","embeddable":true,"href":"https:\/\/www.eldiario.net\/portal\/wp-json\/wp\/v2\/categories?post=215649"},{"taxonomy":"post_tag","embeddable":true,"href":"https:\/\/www.eldiario.net\/portal\/wp-json\/wp\/v2\/tags?post=215649"}],"curies":[{"name":"wp","href":"https:\/\/api.w.org\/{rel}","templated":true}]}}