{"id":215647,"date":"2024-04-21T06:01:51","date_gmt":"2024-04-21T10:01:51","guid":{"rendered":"https:\/\/www.eldiario.net\/portal\/?p=215647"},"modified":"2024-04-21T06:01:51","modified_gmt":"2024-04-21T10:01:51","slug":"regimen-irani-vuelve-amenazar-a-israel-con-respuesta-inmediata","status":"publish","type":"post","link":"https:\/\/www.eldiario.net\/portal\/2024\/04\/21\/regimen-irani-vuelve-amenazar-a-israel-con-respuesta-inmediata\/","title":{"rendered":"R\u00e9gimen iran\u00ed vuelve amenazar  a Israel con respuesta inmediata"},"content":{"rendered":"<p>El ministro de Asuntos Exteriores de Ir\u00e1n, Hosein Amirabdolahian, asegur\u00f3 que su pa\u00eds dar\u00e1 una respuesta inmediata y de m\u00e1ximo nivel ante cualquier actuaci\u00f3n de Israel en contra de sus intereses, advirtiendo que \u201cse arrepentir\u00e1n\u201d.<br \/>\n\u201cSi Israel quiere hacer otro aventurerismo y actuar contra los intereses de Ir\u00e1n, nuestra pr\u00f3xima respuesta ser\u00e1 inmediata y estar\u00e1 al m\u00e1ximo nivel\u201d, advirti\u00f3 Amirabdolahian en una entrevista para NBC News.<br \/>\nEl funcionario tild\u00f3 de \u201cjuego de ni\u00f1os\u201d la acci\u00f3n emprendida la v\u00edspera por el Ej\u00e9rcito israel\u00ed y defini\u00f3 el ataque lanzado por Ir\u00e1n hace ahora una semana como una advertencia.<br \/>\n\u201cPodr\u00edamos haber atacado Haifa y Tel Aviv. Tambi\u00e9n podr\u00edamos haber atacado todos los puertos econ\u00f3micos de Israel. Pero nuestras l\u00edneas rojas eran los civiles. S\u00f3lo ten\u00edamos un prop\u00f3sito militar\u201d, argument\u00f3 Amirabdolahian.<br \/>\nLas declaraciones del ministro de Exteriores iran\u00ed llegan despu\u00e9s de que el Ej\u00e9rcito israel\u00ed lleva un ataque con drones contra la ciudad de Isfah\u00e1n, en el centro de Ir\u00e1n, como respuesta a la andanada de misiles lanzada el pasado fin de semana por Teher\u00e1n, que a su vez supuso una reacci\u00f3n al bombardeo israel\u00ed del Consulado iran\u00ed en Damasco, Siria.<br \/>\nEntretanto, el Ej\u00e9rcito de Israel llev\u00f3 a cabo un nuevo bombardeo contra un \u201cedificio militar\u201d del partido-milicia chi\u00edta Hezbollah en el sur del L\u00edbano, en el marco de los enfrentamientos desatados en la zona fronteriza desde los ataques perpetrados el 7 de octubre por el grupo terrorista palestino Ham\u00e1s.<br \/>\nLas Fuerzas de Defensa de Israel (FDI) \u201cidentificaron a terroristas que estaban en un edificio militar de Hezbollah en el \u00e1rea de Aita al Shaab, en el sur de L\u00edbano\u201d. \u201cUn aparato de la Fuerza A\u00e9rea atac\u00f3 el edificio y a los terroristas que estaban en su interior\u201d, agreg\u00f3 en un comunicado el Ej\u00e9rcito.<br \/>\nHezbollah public\u00f3 un breve comunicado confirmando la muerte de uno de sus miembros, identificado como Muhamad Hasan al Sayid, si bien no especific\u00f3 cu\u00e1ndo o d\u00f3nde habr\u00eda muerto. \u201cAscendi\u00f3 como m\u00e1rtir en el camino a Jerusal\u00e9n\u201d, recalc\u00f3, en referencia a que muri\u00f3 en el marco de los combates con Israel al hilo de los ataques de Ham\u00e1s.<br \/>\nPor otro lado, el Ej\u00e9rcito de Israel confirm\u00f3 haber matado en ataques a\u00e9reos nocturnos a dos milicianos de Hezbollah en la zona de Kfarkela, en el sur del L\u00edbano, seg\u00fan un comunicado castrense.<br \/>\nEn la nota, las tropas israel\u00edes aseguraron que sus aviones de combate tambi\u00e9n atacaron una \u201cserie de infraestructura terrorista\u201d del grupo liban\u00e9s ubicada en la zona de Khiam, cerca de la frontera sur del pa\u00eds. \u201cNuestros soldados dispararon en esa zona para eliminar una amenaza inminente\u201d, agregaron en el comunicado.<br \/>\nAdem\u00e1s, Israel lanz\u00f3 diversos ataques a\u00e9reos en la zona del Baalbek, el norte del L\u00edbano donde, seg\u00fan aseguraron en un comunicado, hab\u00eda \u201cobjetivos terroristas\u201d de la milicia chi\u00edta.<br \/>\nEstos ataques israel\u00edes llegaron despu\u00e9s de que el mi\u00e9rcoles Hezbollah reivindicara bombardeos contra un centro comunitario situado en una aldea israel\u00ed fronteriza con el L\u00edbano, que dej\u00f3 al menos 18 heridos, entre ellos 14 soldados.<br \/>\nEl coordinador de emergencias de Magen David Adom, detall\u00f3 a la agencia EFE que cuando los miembros de los equipos de emergencias estaban en la zona atendiendo a los heridos se produjeron nuevos ataques. (Infobae\/Ap\/Efe)<\/p>\n","protected":false},"excerpt":{"rendered":"<p>El ministro de Asuntos Exteriores de Ir\u00e1n, Hosein Amirabdolahian, asegur\u00f3 que su pa\u00eds dar\u00e1 una respuesta inmediata y de m\u00e1ximo nivel ante cualquier actuaci\u00f3n de Israel en contra de sus intereses, advirtiendo que \u201cse arrepentir\u00e1n\u201d. \u201cSi Israel quiere hacer otro aventurerismo y actuar contra los intereses de Ir\u00e1n, nuestra pr\u00f3xima respuesta ser\u00e1 inmediata y estar\u00e1 [&hellip;]<\/p>\n","protected":false},"author":1,"featured_media":194703,"comment_status":"open","ping_status":"open","sticky":false,"template":"","format":"standard","meta":{"_acf_changed":false,"footnotes":""},"categories":[3],"tags":[],"class_list":["post-215647","post","type-post","status-publish","format-standard","has-post-thumbnail","category-internacional"],"acf":{"antetitulo":"En caso de actuar contra sus intereses"},"yoast_head":"<!-- This site is optimized with the Yoast SEO plugin v28.4 - https:\/\/yoast.com\/product\/yoast-seo-wordpress\/ -->\n<title>R\u00e9gimen iran\u00ed vuelve amenazar a Israel con respuesta inmediata - El Diario - Bolivia<\/title>\n<meta name=\"robots\" content=\"index, follow, max-snippet:-1, max-image-preview:large, max-video-preview:-1\" \/>\n<link rel=\"canonical\" href=\"https:\/\/www.eldiario.net\/portal\/2024\/04\/21\/regimen-irani-vuelve-amenazar-a-israel-con-respuesta-inmediata\/\" \/>\n<meta property=\"og:locale\" content=\"es_ES\" \/>\n<meta property=\"og:type\" content=\"article\" \/>\n<meta property=\"og:title\" content=\"R\u00e9gimen iran\u00ed vuelve amenazar a Israel con respuesta inmediata - El Diario - Bolivia\" \/>\n<meta property=\"og:description\" content=\"El ministro de Asuntos Exteriores de Ir\u00e1n, Hosein Amirabdolahian, asegur\u00f3 que su pa\u00eds dar\u00e1 una respuesta inmediata y de m\u00e1ximo nivel ante cualquier actuaci\u00f3n de Israel en contra de sus intereses, advirtiendo que \u201cse arrepentir\u00e1n\u201d. \u201cSi Israel quiere hacer otro aventurerismo y actuar contra los intereses de Ir\u00e1n, nuestra pr\u00f3xima respuesta ser\u00e1 inmediata y estar\u00e1 [&hellip;]\" \/>\n<meta property=\"og:url\" content=\"https:\/\/www.eldiario.net\/portal\/2024\/04\/21\/regimen-irani-vuelve-amenazar-a-israel-con-respuesta-inmediata\/\" \/>\n<meta property=\"og:site_name\" content=\"El Diario - Bolivia\" \/>\n<meta property=\"article:publisher\" content=\"https:\/\/www.facebook.com\/eldiario.bolivia\/\" \/>\n<meta property=\"article:published_time\" content=\"2024-04-21T10:01:51+00:00\" \/>\n<meta property=\"og:image\" content=\"https:\/\/www.eldiario.net\/portal\/wp-content\/uploads\/2023\/12\/Internacional.jpg\" \/>\n\t<meta property=\"og:image:width\" content=\"800\" \/>\n\t<meta property=\"og:image:height\" content=\"500\" \/>\n\t<meta property=\"og:image:type\" content=\"image\/jpeg\" \/>\n<meta name=\"author\" content=\"Jeanette\" \/>\n<meta name=\"twitter:card\" content=\"summary_large_image\" \/>\n<meta name=\"twitter:creator\" content=\"@eldiario_net\" \/>\n<meta name=\"twitter:site\" content=\"@eldiario_net\" \/>\n<meta name=\"twitter:label1\" content=\"Escrito por\" \/>\n\t<meta name=\"twitter:data1\" content=\"Jeanette\" \/>\n\t<meta name=\"twitter:label2\" content=\"Tiempo de lectura\" \/>\n\t<meta name=\"twitter:data2\" content=\"3 minutos\" \/>\n<script type=\"application\/ld+json\" class=\"yoast-schema-graph\">{\"@context\":\"https:\\\/\\\/schema.org\",\"@graph\":[{\"@type\":\"Article\",\"@id\":\"https:\\\/\\\/www.eldiario.net\\\/portal\\\/2024\\\/04\\\/21\\\/regimen-irani-vuelve-amenazar-a-israel-con-respuesta-inmediata\\\/#article\",\"isPartOf\":{\"@id\":\"https:\\\/\\\/www.eldiario.net\\\/portal\\\/2024\\\/04\\\/21\\\/regimen-irani-vuelve-amenazar-a-israel-con-respuesta-inmediata\\\/\"},\"author\":{\"name\":\"Jeanette\",\"@id\":\"https:\\\/\\\/www.eldiario.net\\\/portal\\\/#\\\/schema\\\/person\\\/2c57cf2b7a7ae032e449e4c9b1019eac\"},\"headline\":\"R\u00e9gimen iran\u00ed vuelve amenazar a Israel con respuesta inmediata\",\"datePublished\":\"2024-04-21T10:01:51+00:00\",\"mainEntityOfPage\":{\"@id\":\"https:\\\/\\\/www.eldiario.net\\\/portal\\\/2024\\\/04\\\/21\\\/regimen-irani-vuelve-amenazar-a-israel-con-respuesta-inmediata\\\/\"},\"wordCount\":595,\"commentCount\":0,\"publisher\":{\"@id\":\"https:\\\/\\\/www.eldiario.net\\\/portal\\\/#organization\"},\"image\":{\"@id\":\"https:\\\/\\\/www.eldiario.net\\\/portal\\\/2024\\\/04\\\/21\\\/regimen-irani-vuelve-amenazar-a-israel-con-respuesta-inmediata\\\/#primaryimage\"},\"thumbnailUrl\":\"https:\\\/\\\/www.eldiario.net\\\/portal\\\/wp-content\\\/uploads\\\/2023\\\/12\\\/Internacional.jpg\",\"articleSection\":[\"Internacional\"],\"inLanguage\":\"es\",\"potentialAction\":[{\"@type\":\"CommentAction\",\"name\":\"Comment\",\"target\":[\"https:\\\/\\\/www.eldiario.net\\\/portal\\\/2024\\\/04\\\/21\\\/regimen-irani-vuelve-amenazar-a-israel-con-respuesta-inmediata\\\/#respond\"]}]},{\"@type\":\"WebPage\",\"@id\":\"https:\\\/\\\/www.eldiario.net\\\/portal\\\/2024\\\/04\\\/21\\\/regimen-irani-vuelve-amenazar-a-israel-con-respuesta-inmediata\\\/\",\"url\":\"https:\\\/\\\/www.eldiario.net\\\/portal\\\/2024\\\/04\\\/21\\\/regimen-irani-vuelve-amenazar-a-israel-con-respuesta-inmediata\\\/\",\"name\":\"R\u00e9gimen iran\u00ed vuelve amenazar a Israel con respuesta inmediata - El Diario - Bolivia\",\"isPartOf\":{\"@id\":\"https:\\\/\\\/www.eldiario.net\\\/portal\\\/#website\"},\"primaryImageOfPage\":{\"@id\":\"https:\\\/\\\/www.eldiario.net\\\/portal\\\/2024\\\/04\\\/21\\\/regimen-irani-vuelve-amenazar-a-israel-con-respuesta-inmediata\\\/#primaryimage\"},\"image\":{\"@id\":\"https:\\\/\\\/www.eldiario.net\\\/portal\\\/2024\\\/04\\\/21\\\/regimen-irani-vuelve-amenazar-a-israel-con-respuesta-inmediata\\\/#primaryimage\"},\"thumbnailUrl\":\"https:\\\/\\\/www.eldiario.net\\\/portal\\\/wp-content\\\/uploads\\\/2023\\\/12\\\/Internacional.jpg\",\"datePublished\":\"2024-04-21T10:01:51+00:00\",\"breadcrumb\":{\"@id\":\"https:\\\/\\\/www.eldiario.net\\\/portal\\\/2024\\\/04\\\/21\\\/regimen-irani-vuelve-amenazar-a-israel-con-respuesta-inmediata\\\/#breadcrumb\"},\"inLanguage\":\"es\",\"potentialAction\":[{\"@type\":\"ReadAction\",\"target\":[\"https:\\\/\\\/www.eldiario.net\\\/portal\\\/2024\\\/04\\\/21\\\/regimen-irani-vuelve-amenazar-a-israel-con-respuesta-inmediata\\\/\"]}]},{\"@type\":\"ImageObject\",\"inLanguage\":\"es\",\"@id\":\"https:\\\/\\\/www.eldiario.net\\\/portal\\\/2024\\\/04\\\/21\\\/regimen-irani-vuelve-amenazar-a-israel-con-respuesta-inmediata\\\/#primaryimage\",\"url\":\"https:\\\/\\\/www.eldiario.net\\\/portal\\\/wp-content\\\/uploads\\\/2023\\\/12\\\/Internacional.jpg\",\"contentUrl\":\"https:\\\/\\\/www.eldiario.net\\\/portal\\\/wp-content\\\/uploads\\\/2023\\\/12\\\/Internacional.jpg\",\"width\":800,\"height\":500},{\"@type\":\"BreadcrumbList\",\"@id\":\"https:\\\/\\\/www.eldiario.net\\\/portal\\\/2024\\\/04\\\/21\\\/regimen-irani-vuelve-amenazar-a-israel-con-respuesta-inmediata\\\/#breadcrumb\",\"itemListElement\":[{\"@type\":\"ListItem\",\"position\":1,\"name\":\"Portada\",\"item\":\"https:\\\/\\\/www.eldiario.net\\\/portal\\\/\"},{\"@type\":\"ListItem\",\"position\":2,\"name\":\"R\u00e9gimen iran\u00ed vuelve amenazar a Israel con respuesta inmediata\"}]},{\"@type\":\"WebSite\",\"@id\":\"https:\\\/\\\/www.eldiario.net\\\/portal\\\/#website\",\"url\":\"https:\\\/\\\/www.eldiario.net\\\/portal\\\/\",\"name\":\"El Diario - Decano de la prensa nacional\",\"description\":\"El Diario - Decano de la prensa nacional\",\"publisher\":{\"@id\":\"https:\\\/\\\/www.eldiario.net\\\/portal\\\/#organization\"},\"potentialAction\":[{\"@type\":\"SearchAction\",\"target\":{\"@type\":\"EntryPoint\",\"urlTemplate\":\"https:\\\/\\\/www.eldiario.net\\\/portal\\\/?s={search_term_string}\"},\"query-input\":{\"@type\":\"PropertyValueSpecification\",\"valueRequired\":true,\"valueName\":\"search_term_string\"}}],\"inLanguage\":\"es\"},{\"@type\":\"Organization\",\"@id\":\"https:\\\/\\\/www.eldiario.net\\\/portal\\\/#organization\",\"name\":\"El Diario - Decano de la prensa nacional\",\"url\":\"https:\\\/\\\/www.eldiario.net\\\/portal\\\/\",\"logo\":{\"@type\":\"ImageObject\",\"inLanguage\":\"es\",\"@id\":\"https:\\\/\\\/www.eldiario.net\\\/portal\\\/#\\\/schema\\\/logo\\\/image\\\/\",\"url\":\"https:\\\/\\\/www.eldiario.net\\\/portal\\\/wp-content\\\/uploads\\\/2023\\\/07\\\/logo_ED.jpg\",\"contentUrl\":\"https:\\\/\\\/www.eldiario.net\\\/portal\\\/wp-content\\\/uploads\\\/2023\\\/07\\\/logo_ED.jpg\",\"width\":272,\"height\":52,\"caption\":\"El Diario - Decano de la prensa nacional\"},\"image\":{\"@id\":\"https:\\\/\\\/www.eldiario.net\\\/portal\\\/#\\\/schema\\\/logo\\\/image\\\/\"},\"sameAs\":[\"https:\\\/\\\/www.facebook.com\\\/eldiario.bolivia\\\/\",\"https:\\\/\\\/x.com\\\/eldiario_net\"]},{\"@type\":\"Person\",\"@id\":\"https:\\\/\\\/www.eldiario.net\\\/portal\\\/#\\\/schema\\\/person\\\/2c57cf2b7a7ae032e449e4c9b1019eac\",\"name\":\"Jeanette\",\"image\":{\"@type\":\"ImageObject\",\"inLanguage\":\"es\",\"@id\":\"https:\\\/\\\/secure.gravatar.com\\\/avatar\\\/3ea2118a5f7dad2b7138b1187a6b7ee55f160b9968b66013c3a3ef39dd7e5798?s=96&d=mm&r=g\",\"url\":\"https:\\\/\\\/secure.gravatar.com\\\/avatar\\\/3ea2118a5f7dad2b7138b1187a6b7ee55f160b9968b66013c3a3ef39dd7e5798?s=96&d=mm&r=g\",\"contentUrl\":\"https:\\\/\\\/secure.gravatar.com\\\/avatar\\\/3ea2118a5f7dad2b7138b1187a6b7ee55f160b9968b66013c3a3ef39dd7e5798?s=96&d=mm&r=g\",\"caption\":\"Jeanette\"},\"sameAs\":[\"https:\\\/\\\/www.eldiario.net\\\/portal\"],\"url\":\"https:\\\/\\\/www.eldiario.net\\\/portal\\\/author\\\/jeanette\\\/\"}]}<\/script>\n<!-- \/ Yoast SEO plugin. -->","yoast_head_json":{"title":"R\u00e9gimen iran\u00ed vuelve amenazar a Israel con respuesta inmediata - El Diario - Bolivia","robots":{"index":"index","follow":"follow","max-snippet":"max-snippet:-1","max-image-preview":"max-image-preview:large","max-video-preview":"max-video-preview:-1"},"canonical":"https:\/\/www.eldiario.net\/portal\/2024\/04\/21\/regimen-irani-vuelve-amenazar-a-israel-con-respuesta-inmediata\/","og_locale":"es_ES","og_type":"article","og_title":"R\u00e9gimen iran\u00ed vuelve amenazar a Israel con respuesta inmediata - El Diario - Bolivia","og_description":"El ministro de Asuntos Exteriores de Ir\u00e1n, Hosein Amirabdolahian, asegur\u00f3 que su pa\u00eds dar\u00e1 una respuesta inmediata y de m\u00e1ximo nivel ante cualquier actuaci\u00f3n de Israel en contra de sus intereses, advirtiendo que \u201cse arrepentir\u00e1n\u201d. \u201cSi Israel quiere hacer otro aventurerismo y actuar contra los intereses de Ir\u00e1n, nuestra pr\u00f3xima respuesta ser\u00e1 inmediata y estar\u00e1 [&hellip;]","og_url":"https:\/\/www.eldiario.net\/portal\/2024\/04\/21\/regimen-irani-vuelve-amenazar-a-israel-con-respuesta-inmediata\/","og_site_name":"El Diario - Bolivia","article_publisher":"https:\/\/www.facebook.com\/eldiario.bolivia\/","article_published_time":"2024-04-21T10:01:51+00:00","og_image":[{"width":800,"height":500,"url":"https:\/\/www.eldiario.net\/portal\/wp-content\/uploads\/2023\/12\/Internacional.jpg","type":"image\/jpeg"}],"author":"Jeanette","twitter_card":"summary_large_image","twitter_creator":"@eldiario_net","twitter_site":"@eldiario_net","twitter_misc":{"Escrito por":"Jeanette","Tiempo de lectura":"3 minutos"},"schema":{"@context":"https:\/\/schema.org","@graph":[{"@type":"Article","@id":"https:\/\/www.eldiario.net\/portal\/2024\/04\/21\/regimen-irani-vuelve-amenazar-a-israel-con-respuesta-inmediata\/#article","isPartOf":{"@id":"https:\/\/www.eldiario.net\/portal\/2024\/04\/21\/regimen-irani-vuelve-amenazar-a-israel-con-respuesta-inmediata\/"},"author":{"name":"Jeanette","@id":"https:\/\/www.eldiario.net\/portal\/#\/schema\/person\/2c57cf2b7a7ae032e449e4c9b1019eac"},"headline":"R\u00e9gimen iran\u00ed vuelve amenazar a Israel con respuesta inmediata","datePublished":"2024-04-21T10:01:51+00:00","mainEntityOfPage":{"@id":"https:\/\/www.eldiario.net\/portal\/2024\/04\/21\/regimen-irani-vuelve-amenazar-a-israel-con-respuesta-inmediata\/"},"wordCount":595,"commentCount":0,"publisher":{"@id":"https:\/\/www.eldiario.net\/portal\/#organization"},"image":{"@id":"https:\/\/www.eldiario.net\/portal\/2024\/04\/21\/regimen-irani-vuelve-amenazar-a-israel-con-respuesta-inmediata\/#primaryimage"},"thumbnailUrl":"https:\/\/www.eldiario.net\/portal\/wp-content\/uploads\/2023\/12\/Internacional.jpg","articleSection":["Internacional"],"inLanguage":"es","potentialAction":[{"@type":"CommentAction","name":"Comment","target":["https:\/\/www.eldiario.net\/portal\/2024\/04\/21\/regimen-irani-vuelve-amenazar-a-israel-con-respuesta-inmediata\/#respond"]}]},{"@type":"WebPage","@id":"https:\/\/www.eldiario.net\/portal\/2024\/04\/21\/regimen-irani-vuelve-amenazar-a-israel-con-respuesta-inmediata\/","url":"https:\/\/www.eldiario.net\/portal\/2024\/04\/21\/regimen-irani-vuelve-amenazar-a-israel-con-respuesta-inmediata\/","name":"R\u00e9gimen iran\u00ed vuelve amenazar a Israel con respuesta inmediata - El Diario - Bolivia","isPartOf":{"@id":"https:\/\/www.eldiario.net\/portal\/#website"},"primaryImageOfPage":{"@id":"https:\/\/www.eldiario.net\/portal\/2024\/04\/21\/regimen-irani-vuelve-amenazar-a-israel-con-respuesta-inmediata\/#primaryimage"},"image":{"@id":"https:\/\/www.eldiario.net\/portal\/2024\/04\/21\/regimen-irani-vuelve-amenazar-a-israel-con-respuesta-inmediata\/#primaryimage"},"thumbnailUrl":"https:\/\/www.eldiario.net\/portal\/wp-content\/uploads\/2023\/12\/Internacional.jpg","datePublished":"2024-04-21T10:01:51+00:00","breadcrumb":{"@id":"https:\/\/www.eldiario.net\/portal\/2024\/04\/21\/regimen-irani-vuelve-amenazar-a-israel-con-respuesta-inmediata\/#breadcrumb"},"inLanguage":"es","potentialAction":[{"@type":"ReadAction","target":["https:\/\/www.eldiario.net\/portal\/2024\/04\/21\/regimen-irani-vuelve-amenazar-a-israel-con-respuesta-inmediata\/"]}]},{"@type":"ImageObject","inLanguage":"es","@id":"https:\/\/www.eldiario.net\/portal\/2024\/04\/21\/regimen-irani-vuelve-amenazar-a-israel-con-respuesta-inmediata\/#primaryimage","url":"https:\/\/www.eldiario.net\/portal\/wp-content\/uploads\/2023\/12\/Internacional.jpg","contentUrl":"https:\/\/www.eldiario.net\/portal\/wp-content\/uploads\/2023\/12\/Internacional.jpg","width":800,"height":500},{"@type":"BreadcrumbList","@id":"https:\/\/www.eldiario.net\/portal\/2024\/04\/21\/regimen-irani-vuelve-amenazar-a-israel-con-respuesta-inmediata\/#breadcrumb","itemListElement":[{"@type":"ListItem","position":1,"name":"Portada","item":"https:\/\/www.eldiario.net\/portal\/"},{"@type":"ListItem","position":2,"name":"R\u00e9gimen iran\u00ed vuelve amenazar a Israel con respuesta inmediata"}]},{"@type":"WebSite","@id":"https:\/\/www.eldiario.net\/portal\/#website","url":"https:\/\/www.eldiario.net\/portal\/","name":"El Diario - Decano de la prensa nacional","description":"El Diario - Decano de la prensa nacional","publisher":{"@id":"https:\/\/www.eldiario.net\/portal\/#organization"},"potentialAction":[{"@type":"SearchAction","target":{"@type":"EntryPoint","urlTemplate":"https:\/\/www.eldiario.net\/portal\/?s={search_term_string}"},"query-input":{"@type":"PropertyValueSpecification","valueRequired":true,"valueName":"search_term_string"}}],"inLanguage":"es"},{"@type":"Organization","@id":"https:\/\/www.eldiario.net\/portal\/#organization","name":"El Diario - Decano de la prensa nacional","url":"https:\/\/www.eldiario.net\/portal\/","logo":{"@type":"ImageObject","inLanguage":"es","@id":"https:\/\/www.eldiario.net\/portal\/#\/schema\/logo\/image\/","url":"https:\/\/www.eldiario.net\/portal\/wp-content\/uploads\/2023\/07\/logo_ED.jpg","contentUrl":"https:\/\/www.eldiario.net\/portal\/wp-content\/uploads\/2023\/07\/logo_ED.jpg","width":272,"height":52,"caption":"El Diario - Decano de la prensa nacional"},"image":{"@id":"https:\/\/www.eldiario.net\/portal\/#\/schema\/logo\/image\/"},"sameAs":["https:\/\/www.facebook.com\/eldiario.bolivia\/","https:\/\/x.com\/eldiario_net"]},{"@type":"Person","@id":"https:\/\/www.eldiario.net\/portal\/#\/schema\/person\/2c57cf2b7a7ae032e449e4c9b1019eac","name":"Jeanette","image":{"@type":"ImageObject","inLanguage":"es","@id":"https:\/\/secure.gravatar.com\/avatar\/3ea2118a5f7dad2b7138b1187a6b7ee55f160b9968b66013c3a3ef39dd7e5798?s=96&d=mm&r=g","url":"https:\/\/secure.gravatar.com\/avatar\/3ea2118a5f7dad2b7138b1187a6b7ee55f160b9968b66013c3a3ef39dd7e5798?s=96&d=mm&r=g","contentUrl":"https:\/\/secure.gravatar.com\/avatar\/3ea2118a5f7dad2b7138b1187a6b7ee55f160b9968b66013c3a3ef39dd7e5798?s=96&d=mm&r=g","caption":"Jeanette"},"sameAs":["https:\/\/www.eldiario.net\/portal"],"url":"https:\/\/www.eldiario.net\/portal\/author\/jeanette\/"}]}},"_links":{"self":[{"href":"https:\/\/www.eldiario.net\/portal\/wp-json\/wp\/v2\/posts\/215647","targetHints":{"allow":["GET"]}}],"collection":[{"href":"https:\/\/www.eldiario.net\/portal\/wp-json\/wp\/v2\/posts"}],"about":[{"href":"https:\/\/www.eldiario.net\/portal\/wp-json\/wp\/v2\/types\/post"}],"author":[{"embeddable":true,"href":"https:\/\/www.eldiario.net\/portal\/wp-json\/wp\/v2\/users\/1"}],"replies":[{"embeddable":true,"href":"https:\/\/www.eldiario.net\/portal\/wp-json\/wp\/v2\/comments?post=215647"}],"version-history":[{"count":1,"href":"https:\/\/www.eldiario.net\/portal\/wp-json\/wp\/v2\/posts\/215647\/revisions"}],"predecessor-version":[{"id":215648,"href":"https:\/\/www.eldiario.net\/portal\/wp-json\/wp\/v2\/posts\/215647\/revisions\/215648"}],"wp:featuredmedia":[{"embeddable":true,"href":"https:\/\/www.eldiario.net\/portal\/wp-json\/wp\/v2\/media\/194703"}],"wp:attachment":[{"href":"https:\/\/www.eldiario.net\/portal\/wp-json\/wp\/v2\/media?parent=215647"}],"wp:term":[{"taxonomy":"category","embeddable":true,"href":"https:\/\/www.eldiario.net\/portal\/wp-json\/wp\/v2\/categories?post=215647"},{"taxonomy":"post_tag","embeddable":true,"href":"https:\/\/www.eldiario.net\/portal\/wp-json\/wp\/v2\/tags?post=215647"}],"curies":[{"name":"wp","href":"https:\/\/api.w.org\/{rel}","templated":true}]}}