{"id":215642,"date":"2024-04-21T06:00:04","date_gmt":"2024-04-21T10:00:04","guid":{"rendered":"https:\/\/www.eldiario.net\/portal\/?p=215642"},"modified":"2024-04-21T06:00:04","modified_gmt":"2024-04-21T10:00:04","slug":"oposicion-venezolana-proclama-a-gonzalez-urrutia-como-candidato","status":"publish","type":"post","link":"https:\/\/www.eldiario.net\/portal\/2024\/04\/21\/oposicion-venezolana-proclama-a-gonzalez-urrutia-como-candidato\/","title":{"rendered":"Oposici\u00f3n venezolana proclama a  Gonz\u00e1lez Urrutia como candidato"},"content":{"rendered":"<p>La Plataforma Unitaria Democr\u00e1tica (PUD) de Venezuela, que aglutina a los principales partidos opositores, design\u00f3 al diplom\u00e1tico Edmundo Gonz\u00e1lez Urrutia como candidato definitivo para las elecciones presidenciales del 28 de julio, en una decisi\u00f3n que llega despu\u00e9s de semanas de trabas burocr\u00e1ticas y negociaciones.<br \/>\nEl nombre de Gonz\u00e1lez Urrutia no figuraba inicialmente en los pron\u00f3sticos, pero la oposici\u00f3n lo inscribi\u00f3 \u201cin extremis\u201d entre los candidatos despu\u00e9s de que la vencedora de las primarias de 2023, Mar\u00eda Corina Machado, no lograse levantar su inhabilitaci\u00f3n pol\u00edtica y que el Consejo Nacional Electoral (CNE) impidiese la inscripci\u00f3n de su sustituta, Corina Yoris.<br \/>\nEl objetivo inicial pasaba por remplazar la candidatura del diplom\u00e1tico en el proceso de alegaciones, pero finalmente, y tras semanas de contactos y reuniones, ser\u00e1 \u00e9l quien enarbole la bandera de la oposici\u00f3n para tratar de apartar del poder al chavismo, que volver\u00e1 a estar representado por el actual presidente, Nicol\u00e1s Maduro.<br \/>\n\u201cLa Plataforma Unitaria Democr\u00e1tica, por unanimidad, acaba de aprobar la candidatura del embajador Edmundo Gonz\u00e1les Urrutia\u201d, proclam\u00f3 ante los medios el secretario general del bloque, Omar Barboza, que en declaraciones a los medios ya ha hablado del candidato como \u00abel pr\u00f3ximo presidente de la Rep\u00fablica\u00bb.<br \/>\nBarboza defendi\u00f3 lo que considera como una \u00abdecisi\u00f3n hist\u00f3rica\u00bb, fruto de \u00abun debate de altura, respetuoso\u00bb, en el que participaron los principales l\u00edderes de los partidos, entre ellos Machado. Para este resultado, fue clave tambi\u00e9n el papel del gobernador de Zulia y l\u00edder de Un Nuevo Tiempo, Manuel Rosales, que contra pron\u00f3stico se inscribi\u00f3 tambi\u00e9n como candidato.<br \/>\nA las celebraciones se unieron otras figuras relevantes como Juan Guaid\u00f3 o el excandidato presidencial Henrique Capriles, que conf\u00eda en que el 28 de julio \u00abmillones\u00bb de venezolanos voten \u00abpor el cambio\u00bb y abran un futuro de democracia, progreso y oportunidades.<br \/>\nHenrique Capriles R. escribi\u00f3 en @hcapriles: \u201c\u00a1Total apoyo a nuestro amigo Edmundo Gonz\u00e1lez Urrutia!. Un reto gigantesco tiene por delante. El 28 de julio seremos millones de venezolanos votando por el cambio en la conducci\u00f3n de nuestra Venezuela y abrirle las puertas al futuro de democracia, progreso, oportunidades. \u00a1Vamos!\u201d. (Europa Press)<\/p>\n","protected":false},"excerpt":{"rendered":"<p>La Plataforma Unitaria Democr\u00e1tica (PUD) de Venezuela, que aglutina a los principales partidos opositores, design\u00f3 al diplom\u00e1tico Edmundo Gonz\u00e1lez Urrutia como candidato definitivo para las elecciones presidenciales del 28 de julio, en una decisi\u00f3n que llega despu\u00e9s de semanas de trabas burocr\u00e1ticas y negociaciones. El nombre de Gonz\u00e1lez Urrutia no figuraba inicialmente en los pron\u00f3sticos, [&hellip;]<\/p>\n","protected":false},"author":1,"featured_media":215643,"comment_status":"open","ping_status":"open","sticky":false,"template":"","format":"standard","meta":{"_acf_changed":false,"footnotes":""},"categories":[3],"tags":[],"class_list":["post-215642","post","type-post","status-publish","format-standard","has-post-thumbnail","category-internacional"],"acf":{"antetitulo":"Para hacer frente a Maduro"},"yoast_head":"<!-- This site is optimized with the Yoast SEO plugin v28.4 - https:\/\/yoast.com\/product\/yoast-seo-wordpress\/ -->\n<title>Oposici\u00f3n venezolana proclama a Gonz\u00e1lez Urrutia como candidato - El Diario - Bolivia<\/title>\n<meta name=\"robots\" content=\"index, follow, max-snippet:-1, max-image-preview:large, max-video-preview:-1\" \/>\n<link rel=\"canonical\" href=\"https:\/\/www.eldiario.net\/portal\/2024\/04\/21\/oposicion-venezolana-proclama-a-gonzalez-urrutia-como-candidato\/\" \/>\n<meta property=\"og:locale\" content=\"es_ES\" \/>\n<meta property=\"og:type\" content=\"article\" \/>\n<meta property=\"og:title\" content=\"Oposici\u00f3n venezolana proclama a Gonz\u00e1lez Urrutia como candidato - El Diario - Bolivia\" \/>\n<meta property=\"og:description\" content=\"La Plataforma Unitaria Democr\u00e1tica (PUD) de Venezuela, que aglutina a los principales partidos opositores, design\u00f3 al diplom\u00e1tico Edmundo Gonz\u00e1lez Urrutia como candidato definitivo para las elecciones presidenciales del 28 de julio, en una decisi\u00f3n que llega despu\u00e9s de semanas de trabas burocr\u00e1ticas y negociaciones. El nombre de Gonz\u00e1lez Urrutia no figuraba inicialmente en los pron\u00f3sticos, [&hellip;]\" \/>\n<meta property=\"og:url\" content=\"https:\/\/www.eldiario.net\/portal\/2024\/04\/21\/oposicion-venezolana-proclama-a-gonzalez-urrutia-como-candidato\/\" \/>\n<meta property=\"og:site_name\" content=\"El Diario - Bolivia\" \/>\n<meta property=\"article:publisher\" content=\"https:\/\/www.facebook.com\/eldiario.bolivia\/\" \/>\n<meta property=\"article:published_time\" content=\"2024-04-21T10:00:04+00:00\" \/>\n<meta property=\"og:image\" content=\"https:\/\/www.eldiario.net\/portal\/wp-content\/uploads\/2024\/04\/GONZALES.jpg\" \/>\n\t<meta property=\"og:image:width\" content=\"1920\" \/>\n\t<meta property=\"og:image:height\" content=\"1406\" \/>\n\t<meta property=\"og:image:type\" content=\"image\/jpeg\" \/>\n<meta name=\"author\" content=\"Jeanette\" \/>\n<meta name=\"twitter:card\" content=\"summary_large_image\" \/>\n<meta name=\"twitter:creator\" content=\"@eldiario_net\" \/>\n<meta name=\"twitter:site\" content=\"@eldiario_net\" \/>\n<meta name=\"twitter:label1\" content=\"Escrito por\" \/>\n\t<meta name=\"twitter:data1\" content=\"Jeanette\" \/>\n\t<meta name=\"twitter:label2\" content=\"Tiempo de lectura\" \/>\n\t<meta name=\"twitter:data2\" content=\"2 minutos\" \/>\n<script type=\"application\/ld+json\" class=\"yoast-schema-graph\">{\"@context\":\"https:\\\/\\\/schema.org\",\"@graph\":[{\"@type\":\"Article\",\"@id\":\"https:\\\/\\\/www.eldiario.net\\\/portal\\\/2024\\\/04\\\/21\\\/oposicion-venezolana-proclama-a-gonzalez-urrutia-como-candidato\\\/#article\",\"isPartOf\":{\"@id\":\"https:\\\/\\\/www.eldiario.net\\\/portal\\\/2024\\\/04\\\/21\\\/oposicion-venezolana-proclama-a-gonzalez-urrutia-como-candidato\\\/\"},\"author\":{\"name\":\"Jeanette\",\"@id\":\"https:\\\/\\\/www.eldiario.net\\\/portal\\\/#\\\/schema\\\/person\\\/f46445640444750d7d753ccd04ae01b7\"},\"headline\":\"Oposici\u00f3n venezolana proclama a Gonz\u00e1lez Urrutia como candidato\",\"datePublished\":\"2024-04-21T10:00:04+00:00\",\"mainEntityOfPage\":{\"@id\":\"https:\\\/\\\/www.eldiario.net\\\/portal\\\/2024\\\/04\\\/21\\\/oposicion-venezolana-proclama-a-gonzalez-urrutia-como-candidato\\\/\"},\"wordCount\":382,\"commentCount\":0,\"publisher\":{\"@id\":\"https:\\\/\\\/www.eldiario.net\\\/portal\\\/#organization\"},\"image\":{\"@id\":\"https:\\\/\\\/www.eldiario.net\\\/portal\\\/2024\\\/04\\\/21\\\/oposicion-venezolana-proclama-a-gonzalez-urrutia-como-candidato\\\/#primaryimage\"},\"thumbnailUrl\":\"https:\\\/\\\/www.eldiario.net\\\/portal\\\/wp-content\\\/uploads\\\/2024\\\/04\\\/GONZALES.jpg\",\"articleSection\":[\"Internacional\"],\"inLanguage\":\"es\",\"potentialAction\":[{\"@type\":\"CommentAction\",\"name\":\"Comment\",\"target\":[\"https:\\\/\\\/www.eldiario.net\\\/portal\\\/2024\\\/04\\\/21\\\/oposicion-venezolana-proclama-a-gonzalez-urrutia-como-candidato\\\/#respond\"]}]},{\"@type\":\"WebPage\",\"@id\":\"https:\\\/\\\/www.eldiario.net\\\/portal\\\/2024\\\/04\\\/21\\\/oposicion-venezolana-proclama-a-gonzalez-urrutia-como-candidato\\\/\",\"url\":\"https:\\\/\\\/www.eldiario.net\\\/portal\\\/2024\\\/04\\\/21\\\/oposicion-venezolana-proclama-a-gonzalez-urrutia-como-candidato\\\/\",\"name\":\"Oposici\u00f3n venezolana proclama a Gonz\u00e1lez Urrutia como candidato - El Diario - Bolivia\",\"isPartOf\":{\"@id\":\"https:\\\/\\\/www.eldiario.net\\\/portal\\\/#website\"},\"primaryImageOfPage\":{\"@id\":\"https:\\\/\\\/www.eldiario.net\\\/portal\\\/2024\\\/04\\\/21\\\/oposicion-venezolana-proclama-a-gonzalez-urrutia-como-candidato\\\/#primaryimage\"},\"image\":{\"@id\":\"https:\\\/\\\/www.eldiario.net\\\/portal\\\/2024\\\/04\\\/21\\\/oposicion-venezolana-proclama-a-gonzalez-urrutia-como-candidato\\\/#primaryimage\"},\"thumbnailUrl\":\"https:\\\/\\\/www.eldiario.net\\\/portal\\\/wp-content\\\/uploads\\\/2024\\\/04\\\/GONZALES.jpg\",\"datePublished\":\"2024-04-21T10:00:04+00:00\",\"breadcrumb\":{\"@id\":\"https:\\\/\\\/www.eldiario.net\\\/portal\\\/2024\\\/04\\\/21\\\/oposicion-venezolana-proclama-a-gonzalez-urrutia-como-candidato\\\/#breadcrumb\"},\"inLanguage\":\"es\",\"potentialAction\":[{\"@type\":\"ReadAction\",\"target\":[\"https:\\\/\\\/www.eldiario.net\\\/portal\\\/2024\\\/04\\\/21\\\/oposicion-venezolana-proclama-a-gonzalez-urrutia-como-candidato\\\/\"]}]},{\"@type\":\"ImageObject\",\"inLanguage\":\"es\",\"@id\":\"https:\\\/\\\/www.eldiario.net\\\/portal\\\/2024\\\/04\\\/21\\\/oposicion-venezolana-proclama-a-gonzalez-urrutia-como-candidato\\\/#primaryimage\",\"url\":\"https:\\\/\\\/www.eldiario.net\\\/portal\\\/wp-content\\\/uploads\\\/2024\\\/04\\\/GONZALES.jpg\",\"contentUrl\":\"https:\\\/\\\/www.eldiario.net\\\/portal\\\/wp-content\\\/uploads\\\/2024\\\/04\\\/GONZALES.jpg\",\"width\":1920,\"height\":1406,\"caption\":\"VARIOS PARTIDOS POL\u00cdTICOS DE OPOSICI\u00d3N ASEGURARON SU APOYO al candidato Edmundo Gons\u00e1lez. Diario la Hora\"},{\"@type\":\"BreadcrumbList\",\"@id\":\"https:\\\/\\\/www.eldiario.net\\\/portal\\\/2024\\\/04\\\/21\\\/oposicion-venezolana-proclama-a-gonzalez-urrutia-como-candidato\\\/#breadcrumb\",\"itemListElement\":[{\"@type\":\"ListItem\",\"position\":1,\"name\":\"Portada\",\"item\":\"https:\\\/\\\/www.eldiario.net\\\/portal\\\/\"},{\"@type\":\"ListItem\",\"position\":2,\"name\":\"Oposici\u00f3n venezolana proclama a Gonz\u00e1lez Urrutia como candidato\"}]},{\"@type\":\"WebSite\",\"@id\":\"https:\\\/\\\/www.eldiario.net\\\/portal\\\/#website\",\"url\":\"https:\\\/\\\/www.eldiario.net\\\/portal\\\/\",\"name\":\"El Diario - Decano de la prensa nacional\",\"description\":\"El Diario - Decano de la prensa nacional\",\"publisher\":{\"@id\":\"https:\\\/\\\/www.eldiario.net\\\/portal\\\/#organization\"},\"potentialAction\":[{\"@type\":\"SearchAction\",\"target\":{\"@type\":\"EntryPoint\",\"urlTemplate\":\"https:\\\/\\\/www.eldiario.net\\\/portal\\\/?s={search_term_string}\"},\"query-input\":{\"@type\":\"PropertyValueSpecification\",\"valueRequired\":true,\"valueName\":\"search_term_string\"}}],\"inLanguage\":\"es\"},{\"@type\":\"Organization\",\"@id\":\"https:\\\/\\\/www.eldiario.net\\\/portal\\\/#organization\",\"name\":\"El Diario - Decano de la prensa nacional\",\"url\":\"https:\\\/\\\/www.eldiario.net\\\/portal\\\/\",\"logo\":{\"@type\":\"ImageObject\",\"inLanguage\":\"es\",\"@id\":\"https:\\\/\\\/www.eldiario.net\\\/portal\\\/#\\\/schema\\\/logo\\\/image\\\/\",\"url\":\"https:\\\/\\\/www.eldiario.net\\\/portal\\\/wp-content\\\/uploads\\\/2023\\\/07\\\/logo_ED.jpg\",\"contentUrl\":\"https:\\\/\\\/www.eldiario.net\\\/portal\\\/wp-content\\\/uploads\\\/2023\\\/07\\\/logo_ED.jpg\",\"width\":272,\"height\":52,\"caption\":\"El Diario - Decano de la prensa nacional\"},\"image\":{\"@id\":\"https:\\\/\\\/www.eldiario.net\\\/portal\\\/#\\\/schema\\\/logo\\\/image\\\/\"},\"sameAs\":[\"https:\\\/\\\/www.facebook.com\\\/eldiario.bolivia\\\/\",\"https:\\\/\\\/x.com\\\/eldiario_net\"]},{\"@type\":\"Person\",\"@id\":\"https:\\\/\\\/www.eldiario.net\\\/portal\\\/#\\\/schema\\\/person\\\/f46445640444750d7d753ccd04ae01b7\",\"name\":\"Jeanette\",\"image\":{\"@type\":\"ImageObject\",\"inLanguage\":\"es\",\"@id\":\"https:\\\/\\\/secure.gravatar.com\\\/avatar\\\/3ea2118a5f7dad2b7138b1187a6b7ee55f160b9968b66013c3a3ef39dd7e5798?s=96&d=mm&r=g\",\"url\":\"https:\\\/\\\/secure.gravatar.com\\\/avatar\\\/3ea2118a5f7dad2b7138b1187a6b7ee55f160b9968b66013c3a3ef39dd7e5798?s=96&d=mm&r=g\",\"contentUrl\":\"https:\\\/\\\/secure.gravatar.com\\\/avatar\\\/3ea2118a5f7dad2b7138b1187a6b7ee55f160b9968b66013c3a3ef39dd7e5798?s=96&d=mm&r=g\",\"caption\":\"Jeanette\"},\"sameAs\":[\"https:\\\/\\\/www.eldiario.net\\\/portal\"],\"url\":\"https:\\\/\\\/www.eldiario.net\\\/portal\\\/author\\\/jeanette\\\/\"}]}<\/script>\n<!-- \/ Yoast SEO plugin. -->","yoast_head_json":{"title":"Oposici\u00f3n venezolana proclama a Gonz\u00e1lez Urrutia como candidato - El Diario - Bolivia","robots":{"index":"index","follow":"follow","max-snippet":"max-snippet:-1","max-image-preview":"max-image-preview:large","max-video-preview":"max-video-preview:-1"},"canonical":"https:\/\/www.eldiario.net\/portal\/2024\/04\/21\/oposicion-venezolana-proclama-a-gonzalez-urrutia-como-candidato\/","og_locale":"es_ES","og_type":"article","og_title":"Oposici\u00f3n venezolana proclama a Gonz\u00e1lez Urrutia como candidato - El Diario - Bolivia","og_description":"La Plataforma Unitaria Democr\u00e1tica (PUD) de Venezuela, que aglutina a los principales partidos opositores, design\u00f3 al diplom\u00e1tico Edmundo Gonz\u00e1lez Urrutia como candidato definitivo para las elecciones presidenciales del 28 de julio, en una decisi\u00f3n que llega despu\u00e9s de semanas de trabas burocr\u00e1ticas y negociaciones. El nombre de Gonz\u00e1lez Urrutia no figuraba inicialmente en los pron\u00f3sticos, [&hellip;]","og_url":"https:\/\/www.eldiario.net\/portal\/2024\/04\/21\/oposicion-venezolana-proclama-a-gonzalez-urrutia-como-candidato\/","og_site_name":"El Diario - Bolivia","article_publisher":"https:\/\/www.facebook.com\/eldiario.bolivia\/","article_published_time":"2024-04-21T10:00:04+00:00","og_image":[{"width":1920,"height":1406,"url":"https:\/\/www.eldiario.net\/portal\/wp-content\/uploads\/2024\/04\/GONZALES.jpg","type":"image\/jpeg"}],"author":"Jeanette","twitter_card":"summary_large_image","twitter_creator":"@eldiario_net","twitter_site":"@eldiario_net","twitter_misc":{"Escrito por":"Jeanette","Tiempo de lectura":"2 minutos"},"schema":{"@context":"https:\/\/schema.org","@graph":[{"@type":"Article","@id":"https:\/\/www.eldiario.net\/portal\/2024\/04\/21\/oposicion-venezolana-proclama-a-gonzalez-urrutia-como-candidato\/#article","isPartOf":{"@id":"https:\/\/www.eldiario.net\/portal\/2024\/04\/21\/oposicion-venezolana-proclama-a-gonzalez-urrutia-como-candidato\/"},"author":{"name":"Jeanette","@id":"https:\/\/www.eldiario.net\/portal\/#\/schema\/person\/f46445640444750d7d753ccd04ae01b7"},"headline":"Oposici\u00f3n venezolana proclama a Gonz\u00e1lez Urrutia como candidato","datePublished":"2024-04-21T10:00:04+00:00","mainEntityOfPage":{"@id":"https:\/\/www.eldiario.net\/portal\/2024\/04\/21\/oposicion-venezolana-proclama-a-gonzalez-urrutia-como-candidato\/"},"wordCount":382,"commentCount":0,"publisher":{"@id":"https:\/\/www.eldiario.net\/portal\/#organization"},"image":{"@id":"https:\/\/www.eldiario.net\/portal\/2024\/04\/21\/oposicion-venezolana-proclama-a-gonzalez-urrutia-como-candidato\/#primaryimage"},"thumbnailUrl":"https:\/\/www.eldiario.net\/portal\/wp-content\/uploads\/2024\/04\/GONZALES.jpg","articleSection":["Internacional"],"inLanguage":"es","potentialAction":[{"@type":"CommentAction","name":"Comment","target":["https:\/\/www.eldiario.net\/portal\/2024\/04\/21\/oposicion-venezolana-proclama-a-gonzalez-urrutia-como-candidato\/#respond"]}]},{"@type":"WebPage","@id":"https:\/\/www.eldiario.net\/portal\/2024\/04\/21\/oposicion-venezolana-proclama-a-gonzalez-urrutia-como-candidato\/","url":"https:\/\/www.eldiario.net\/portal\/2024\/04\/21\/oposicion-venezolana-proclama-a-gonzalez-urrutia-como-candidato\/","name":"Oposici\u00f3n venezolana proclama a Gonz\u00e1lez Urrutia como candidato - El Diario - Bolivia","isPartOf":{"@id":"https:\/\/www.eldiario.net\/portal\/#website"},"primaryImageOfPage":{"@id":"https:\/\/www.eldiario.net\/portal\/2024\/04\/21\/oposicion-venezolana-proclama-a-gonzalez-urrutia-como-candidato\/#primaryimage"},"image":{"@id":"https:\/\/www.eldiario.net\/portal\/2024\/04\/21\/oposicion-venezolana-proclama-a-gonzalez-urrutia-como-candidato\/#primaryimage"},"thumbnailUrl":"https:\/\/www.eldiario.net\/portal\/wp-content\/uploads\/2024\/04\/GONZALES.jpg","datePublished":"2024-04-21T10:00:04+00:00","breadcrumb":{"@id":"https:\/\/www.eldiario.net\/portal\/2024\/04\/21\/oposicion-venezolana-proclama-a-gonzalez-urrutia-como-candidato\/#breadcrumb"},"inLanguage":"es","potentialAction":[{"@type":"ReadAction","target":["https:\/\/www.eldiario.net\/portal\/2024\/04\/21\/oposicion-venezolana-proclama-a-gonzalez-urrutia-como-candidato\/"]}]},{"@type":"ImageObject","inLanguage":"es","@id":"https:\/\/www.eldiario.net\/portal\/2024\/04\/21\/oposicion-venezolana-proclama-a-gonzalez-urrutia-como-candidato\/#primaryimage","url":"https:\/\/www.eldiario.net\/portal\/wp-content\/uploads\/2024\/04\/GONZALES.jpg","contentUrl":"https:\/\/www.eldiario.net\/portal\/wp-content\/uploads\/2024\/04\/GONZALES.jpg","width":1920,"height":1406,"caption":"VARIOS PARTIDOS POL\u00cdTICOS DE OPOSICI\u00d3N ASEGURARON SU APOYO al candidato Edmundo Gons\u00e1lez. Diario la Hora"},{"@type":"BreadcrumbList","@id":"https:\/\/www.eldiario.net\/portal\/2024\/04\/21\/oposicion-venezolana-proclama-a-gonzalez-urrutia-como-candidato\/#breadcrumb","itemListElement":[{"@type":"ListItem","position":1,"name":"Portada","item":"https:\/\/www.eldiario.net\/portal\/"},{"@type":"ListItem","position":2,"name":"Oposici\u00f3n venezolana proclama a Gonz\u00e1lez Urrutia como candidato"}]},{"@type":"WebSite","@id":"https:\/\/www.eldiario.net\/portal\/#website","url":"https:\/\/www.eldiario.net\/portal\/","name":"El Diario - Decano de la prensa nacional","description":"El Diario - Decano de la prensa nacional","publisher":{"@id":"https:\/\/www.eldiario.net\/portal\/#organization"},"potentialAction":[{"@type":"SearchAction","target":{"@type":"EntryPoint","urlTemplate":"https:\/\/www.eldiario.net\/portal\/?s={search_term_string}"},"query-input":{"@type":"PropertyValueSpecification","valueRequired":true,"valueName":"search_term_string"}}],"inLanguage":"es"},{"@type":"Organization","@id":"https:\/\/www.eldiario.net\/portal\/#organization","name":"El Diario - Decano de la prensa nacional","url":"https:\/\/www.eldiario.net\/portal\/","logo":{"@type":"ImageObject","inLanguage":"es","@id":"https:\/\/www.eldiario.net\/portal\/#\/schema\/logo\/image\/","url":"https:\/\/www.eldiario.net\/portal\/wp-content\/uploads\/2023\/07\/logo_ED.jpg","contentUrl":"https:\/\/www.eldiario.net\/portal\/wp-content\/uploads\/2023\/07\/logo_ED.jpg","width":272,"height":52,"caption":"El Diario - Decano de la prensa nacional"},"image":{"@id":"https:\/\/www.eldiario.net\/portal\/#\/schema\/logo\/image\/"},"sameAs":["https:\/\/www.facebook.com\/eldiario.bolivia\/","https:\/\/x.com\/eldiario_net"]},{"@type":"Person","@id":"https:\/\/www.eldiario.net\/portal\/#\/schema\/person\/f46445640444750d7d753ccd04ae01b7","name":"Jeanette","image":{"@type":"ImageObject","inLanguage":"es","@id":"https:\/\/secure.gravatar.com\/avatar\/3ea2118a5f7dad2b7138b1187a6b7ee55f160b9968b66013c3a3ef39dd7e5798?s=96&d=mm&r=g","url":"https:\/\/secure.gravatar.com\/avatar\/3ea2118a5f7dad2b7138b1187a6b7ee55f160b9968b66013c3a3ef39dd7e5798?s=96&d=mm&r=g","contentUrl":"https:\/\/secure.gravatar.com\/avatar\/3ea2118a5f7dad2b7138b1187a6b7ee55f160b9968b66013c3a3ef39dd7e5798?s=96&d=mm&r=g","caption":"Jeanette"},"sameAs":["https:\/\/www.eldiario.net\/portal"],"url":"https:\/\/www.eldiario.net\/portal\/author\/jeanette\/"}]}},"_links":{"self":[{"href":"https:\/\/www.eldiario.net\/portal\/wp-json\/wp\/v2\/posts\/215642","targetHints":{"allow":["GET"]}}],"collection":[{"href":"https:\/\/www.eldiario.net\/portal\/wp-json\/wp\/v2\/posts"}],"about":[{"href":"https:\/\/www.eldiario.net\/portal\/wp-json\/wp\/v2\/types\/post"}],"author":[{"embeddable":true,"href":"https:\/\/www.eldiario.net\/portal\/wp-json\/wp\/v2\/users\/1"}],"replies":[{"embeddable":true,"href":"https:\/\/www.eldiario.net\/portal\/wp-json\/wp\/v2\/comments?post=215642"}],"version-history":[{"count":1,"href":"https:\/\/www.eldiario.net\/portal\/wp-json\/wp\/v2\/posts\/215642\/revisions"}],"predecessor-version":[{"id":215644,"href":"https:\/\/www.eldiario.net\/portal\/wp-json\/wp\/v2\/posts\/215642\/revisions\/215644"}],"wp:featuredmedia":[{"embeddable":true,"href":"https:\/\/www.eldiario.net\/portal\/wp-json\/wp\/v2\/media\/215643"}],"wp:attachment":[{"href":"https:\/\/www.eldiario.net\/portal\/wp-json\/wp\/v2\/media?parent=215642"}],"wp:term":[{"taxonomy":"category","embeddable":true,"href":"https:\/\/www.eldiario.net\/portal\/wp-json\/wp\/v2\/categories?post=215642"},{"taxonomy":"post_tag","embeddable":true,"href":"https:\/\/www.eldiario.net\/portal\/wp-json\/wp\/v2\/tags?post=215642"}],"curies":[{"name":"wp","href":"https:\/\/api.w.org\/{rel}","templated":true}]}}