{"id":215639,"date":"2024-04-21T05:59:09","date_gmt":"2024-04-21T09:59:09","guid":{"rendered":"https:\/\/www.eldiario.net\/portal\/?p=215639"},"modified":"2024-04-21T05:59:09","modified_gmt":"2024-04-21T09:59:09","slug":"el-mas-decidido-a-aprobar-nuevos-contratos-mineros","status":"publish","type":"post","link":"https:\/\/www.eldiario.net\/portal\/2024\/04\/21\/el-mas-decidido-a-aprobar-nuevos-contratos-mineros\/","title":{"rendered":"El MAS decidido a aprobar  nuevos contratos mineros"},"content":{"rendered":"<p>Cuestionando que instancias legislativas cedan a las presiones de sectores mineros interesados en incrementar su actividad en distintos puntos del pa\u00eds, la senadora por Comunidad Ciudadana (CC), Cecilia Requena, denunci\u00f3 que el \u201cevismo\u201d y el \u201carcismo\u201d en la Asamblea Legislativa Plurinacional (ALP) est\u00e1n decididos a aprobar nuevos contratos mineros carentes de estudios ambientales.<br \/>\nDesde sus redes sociales, la asamble\u00edsta representante del departamento de La Paz, reproch\u00f3 que las dos alas enfrentadas en el oficialismo hayan demostrado tener inter\u00e9s en aprobar contratos mineros sin los debidos estudios ambientales, teniendo en cuenta que estas solicitudes ya fueron rechazadas en 2023 por las mismas observaciones.<br \/>\nAsimismo, calific\u00f3 como \u201cinjustificable\u201d que el propio titular del Senado, Andr\u00f3nico Rodr\u00edguez, adem\u00e1s del presidente de la Comisi\u00f3n de Econom\u00eda, Miguel P\u00e9rez, cedan a las presiones del sector minero, priorizando intereses privados, ilegales y devastadores que sacrifican el bien com\u00fan en temas indispensables como agua, salud y alimentaci\u00f3n.<br \/>\nSe\u00f1alando que la aprobaci\u00f3n de estos contratos ser\u00eda una acci\u00f3n nefasta para la salud, los ecosistemas y el agua, en plena crisis clim\u00e1tica, Requena lament\u00f3 que se insista en promover la actividad minera en \u201czonas sensibles\u201d sin contar con estudios establecidos por norma.<br \/>\n\u201cEsta es una alerta sobre los intentos de aprobar 19 contratos mineros que, lamentablemente, incumplen normas fundamentales para el futuro de este pa\u00eds y para la vida misma. La Ley Minera indica que si se solicita un derecho minero en \u00e1reas sensibles como cabeceras de cuenca, cursos de agua, r\u00edos, lagos, lagunas y vertientes, tiene que haber un estudio ambiental con enfoque multisectorial\u201d, puntualiz\u00f3.<br \/>\nEn ese sentido, afirm\u00f3 que las solicitudes en cuesti\u00f3n no solo carecen de estudios ambientales especializados, sino que incumplen plazos y hacen referencia a zonas cercanas a fuentes de agua, por lo que causa preocupaci\u00f3n que se argumente una supuesta \u201cfalta de reglamentaci\u00f3n\u201d para acceder a derechos mineros.<br \/>\n\u201cEso nos ha dicho un minero en la sesi\u00f3n de la Comisi\u00f3n de Econom\u00eda Plural que aprob\u00f3 estas solicitudes sin hacer ning\u00fan an\u00e1lisis serio sobre la validez de los contratos en cuesti\u00f3n\u201d, cuestion\u00f3 Requena.<br \/>\nAgreg\u00f3 que, desde la Comisi\u00f3n de Medio Ambiente se elaborar\u00e1 un informe alternativo para denunciar todas las irregularidades en las gestiones para la aprobaci\u00f3n de estos contratos, para as\u00ed contar con un sustento fuerte en rechazo a estas concesiones mineras.<br \/>\nPara Requena, todas las faltas e ilegalidades en las que incurren los sectores interesados en ampliar la actividad minera en zonas sensibles, son suficientes para rechazar las solicitudes planteadas, sin embargo, es preocupante que constantemente el oficialismo demuestre estar de acuerdo en aprobar toda normativa relacionada a este tema.<br \/>\n\u201cEl \u2018evismo\u2019 y el \u2018arcismo\u2019 est\u00e1n decididos a aprobar estos contratos mineros porque ya nos han amenazado, nos han dicho que son apenas el inicio de hasta tres mil solicitudes de contratos mineros que pretenden ser aprobados con esta terrible y devastadora l\u00f3gica\u201d, sostuvo.<br \/>\nEn ese contexto, tambi\u00e9n cuestion\u00f3 que la Autoridad Jurisdiccional Administrativa Minera (AJAM) demore desde 2014 en aprobar reglamentos cr\u00edticos y contratos. \u201cAl pa\u00eds le urge tener miner\u00eda legal, obviamente enmarcada en la normativa correspondiente. Legalizar lo ilegal y devastador, como est\u00e1n haciendo, es nefasto para Bolivia\u201d, concluy\u00f3.<br \/>\nEsta semana, la asamble\u00edsta de oposici\u00f3n advirti\u00f3 a la poblaci\u00f3n que, sin tomar en cuenta la Ley Minera, la Comisi\u00f3n de Econom\u00eda Plural de la C\u00e1mara de Senadores, aprob\u00f3 el proyecto de ley 036 que autoriza 19 contratos mineros en el norte de La Paz, pese a que las solicitudes de \u201cderecho minero\u201d incumplen normas.<br \/>\nDesde dicha Comisi\u00f3n se inform\u00f3 que se dio curso al informe del proyecto de ley 036, quedando pendiente su tratamiento en el pleno del Senado.<br \/>\nAprobado por la C\u00e1mara de Diputados el 4 de abril, el proyecto de ley fue observado en un inicio por el pleno del Senado, porque se interpret\u00f3 que el plazo de 90 d\u00edas para su debate, fijado por la Ley Minera, fue rebasado, por lo que fue devuelto a Diputados.<br \/>\nNo obstante, la C\u00e1mara de Diputados precis\u00f3, en una nota, que el plazo de 90 d\u00edas se computa desde el tratamiento en la Comisi\u00f3n, que empez\u00f3 el 25 de enero de este a\u00f1o. Los contratos abarcan 358 cuadr\u00edculas en las provincias de Loayza, Larecaja e Inquisivi del departamento de La Paz.<\/p>\n","protected":false},"excerpt":{"rendered":"<p>Cuestionando que instancias legislativas cedan a las presiones de sectores mineros interesados en incrementar su actividad en distintos puntos del pa\u00eds, la senadora por Comunidad Ciudadana (CC), Cecilia Requena, denunci\u00f3 que el \u201cevismo\u201d y el \u201carcismo\u201d en la Asamblea Legislativa Plurinacional (ALP) est\u00e1n decididos a aprobar nuevos contratos mineros carentes de estudios ambientales. Desde sus [&hellip;]<\/p>\n","protected":false},"author":1,"featured_media":215640,"comment_status":"open","ping_status":"open","sticky":false,"template":"","format":"standard","meta":{"_acf_changed":false,"footnotes":""},"categories":[14],"tags":[],"class_list":["post-215639","post","type-post","status-publish","format-standard","has-post-thumbnail","category-politica"],"acf":{"antetitulo":"Senadora Cecilia Requena"},"yoast_head":"<!-- This site is optimized with the Yoast SEO plugin v28.4 - https:\/\/yoast.com\/product\/yoast-seo-wordpress\/ -->\n<title>El MAS decidido a aprobar nuevos contratos mineros - El Diario - Bolivia<\/title>\n<meta name=\"robots\" content=\"index, follow, max-snippet:-1, max-image-preview:large, max-video-preview:-1\" \/>\n<link rel=\"canonical\" href=\"https:\/\/www.eldiario.net\/portal\/2024\/04\/21\/el-mas-decidido-a-aprobar-nuevos-contratos-mineros\/\" \/>\n<meta property=\"og:locale\" content=\"es_ES\" \/>\n<meta property=\"og:type\" content=\"article\" \/>\n<meta property=\"og:title\" content=\"El MAS decidido a aprobar nuevos contratos mineros - El Diario - Bolivia\" \/>\n<meta property=\"og:description\" content=\"Cuestionando que instancias legislativas cedan a las presiones de sectores mineros interesados en incrementar su actividad en distintos puntos del pa\u00eds, la senadora por Comunidad Ciudadana (CC), Cecilia Requena, denunci\u00f3 que el \u201cevismo\u201d y el \u201carcismo\u201d en la Asamblea Legislativa Plurinacional (ALP) est\u00e1n decididos a aprobar nuevos contratos mineros carentes de estudios ambientales. Desde sus [&hellip;]\" \/>\n<meta property=\"og:url\" content=\"https:\/\/www.eldiario.net\/portal\/2024\/04\/21\/el-mas-decidido-a-aprobar-nuevos-contratos-mineros\/\" \/>\n<meta property=\"og:site_name\" content=\"El Diario - Bolivia\" \/>\n<meta property=\"article:publisher\" content=\"https:\/\/www.facebook.com\/eldiario.bolivia\/\" \/>\n<meta property=\"article:published_time\" content=\"2024-04-21T09:59:09+00:00\" \/>\n<meta property=\"og:image\" content=\"https:\/\/www.eldiario.net\/portal\/wp-content\/uploads\/2024\/04\/40-POL-10.jpg\" \/>\n\t<meta property=\"og:image:width\" content=\"1600\" \/>\n\t<meta property=\"og:image:height\" content=\"1202\" \/>\n\t<meta property=\"og:image:type\" content=\"image\/jpeg\" \/>\n<meta name=\"author\" content=\"Jeanette\" \/>\n<meta name=\"twitter:card\" content=\"summary_large_image\" \/>\n<meta name=\"twitter:creator\" content=\"@eldiario_net\" \/>\n<meta name=\"twitter:site\" content=\"@eldiario_net\" \/>\n<meta name=\"twitter:label1\" content=\"Escrito por\" \/>\n\t<meta name=\"twitter:data1\" content=\"Jeanette\" \/>\n\t<meta name=\"twitter:label2\" content=\"Tiempo de lectura\" \/>\n\t<meta name=\"twitter:data2\" content=\"4 minutos\" \/>\n<script type=\"application\/ld+json\" class=\"yoast-schema-graph\">{\"@context\":\"https:\\\/\\\/schema.org\",\"@graph\":[{\"@type\":\"Article\",\"@id\":\"https:\\\/\\\/www.eldiario.net\\\/portal\\\/2024\\\/04\\\/21\\\/el-mas-decidido-a-aprobar-nuevos-contratos-mineros\\\/#article\",\"isPartOf\":{\"@id\":\"https:\\\/\\\/www.eldiario.net\\\/portal\\\/2024\\\/04\\\/21\\\/el-mas-decidido-a-aprobar-nuevos-contratos-mineros\\\/\"},\"author\":{\"name\":\"Jeanette\",\"@id\":\"https:\\\/\\\/www.eldiario.net\\\/portal\\\/#\\\/schema\\\/person\\\/f46445640444750d7d753ccd04ae01b7\"},\"headline\":\"El MAS decidido a aprobar nuevos contratos mineros\",\"datePublished\":\"2024-04-21T09:59:09+00:00\",\"mainEntityOfPage\":{\"@id\":\"https:\\\/\\\/www.eldiario.net\\\/portal\\\/2024\\\/04\\\/21\\\/el-mas-decidido-a-aprobar-nuevos-contratos-mineros\\\/\"},\"wordCount\":748,\"commentCount\":0,\"publisher\":{\"@id\":\"https:\\\/\\\/www.eldiario.net\\\/portal\\\/#organization\"},\"image\":{\"@id\":\"https:\\\/\\\/www.eldiario.net\\\/portal\\\/2024\\\/04\\\/21\\\/el-mas-decidido-a-aprobar-nuevos-contratos-mineros\\\/#primaryimage\"},\"thumbnailUrl\":\"https:\\\/\\\/www.eldiario.net\\\/portal\\\/wp-content\\\/uploads\\\/2024\\\/04\\\/40-POL-10.jpg\",\"articleSection\":[\"Pol\u00edtica\"],\"inLanguage\":\"es\",\"potentialAction\":[{\"@type\":\"CommentAction\",\"name\":\"Comment\",\"target\":[\"https:\\\/\\\/www.eldiario.net\\\/portal\\\/2024\\\/04\\\/21\\\/el-mas-decidido-a-aprobar-nuevos-contratos-mineros\\\/#respond\"]}]},{\"@type\":\"WebPage\",\"@id\":\"https:\\\/\\\/www.eldiario.net\\\/portal\\\/2024\\\/04\\\/21\\\/el-mas-decidido-a-aprobar-nuevos-contratos-mineros\\\/\",\"url\":\"https:\\\/\\\/www.eldiario.net\\\/portal\\\/2024\\\/04\\\/21\\\/el-mas-decidido-a-aprobar-nuevos-contratos-mineros\\\/\",\"name\":\"El MAS decidido a aprobar nuevos contratos mineros - El Diario - Bolivia\",\"isPartOf\":{\"@id\":\"https:\\\/\\\/www.eldiario.net\\\/portal\\\/#website\"},\"primaryImageOfPage\":{\"@id\":\"https:\\\/\\\/www.eldiario.net\\\/portal\\\/2024\\\/04\\\/21\\\/el-mas-decidido-a-aprobar-nuevos-contratos-mineros\\\/#primaryimage\"},\"image\":{\"@id\":\"https:\\\/\\\/www.eldiario.net\\\/portal\\\/2024\\\/04\\\/21\\\/el-mas-decidido-a-aprobar-nuevos-contratos-mineros\\\/#primaryimage\"},\"thumbnailUrl\":\"https:\\\/\\\/www.eldiario.net\\\/portal\\\/wp-content\\\/uploads\\\/2024\\\/04\\\/40-POL-10.jpg\",\"datePublished\":\"2024-04-21T09:59:09+00:00\",\"breadcrumb\":{\"@id\":\"https:\\\/\\\/www.eldiario.net\\\/portal\\\/2024\\\/04\\\/21\\\/el-mas-decidido-a-aprobar-nuevos-contratos-mineros\\\/#breadcrumb\"},\"inLanguage\":\"es\",\"potentialAction\":[{\"@type\":\"ReadAction\",\"target\":[\"https:\\\/\\\/www.eldiario.net\\\/portal\\\/2024\\\/04\\\/21\\\/el-mas-decidido-a-aprobar-nuevos-contratos-mineros\\\/\"]}]},{\"@type\":\"ImageObject\",\"inLanguage\":\"es\",\"@id\":\"https:\\\/\\\/www.eldiario.net\\\/portal\\\/2024\\\/04\\\/21\\\/el-mas-decidido-a-aprobar-nuevos-contratos-mineros\\\/#primaryimage\",\"url\":\"https:\\\/\\\/www.eldiario.net\\\/portal\\\/wp-content\\\/uploads\\\/2024\\\/04\\\/40-POL-10.jpg\",\"contentUrl\":\"https:\\\/\\\/www.eldiario.net\\\/portal\\\/wp-content\\\/uploads\\\/2024\\\/04\\\/40-POL-10.jpg\",\"width\":1600,\"height\":1202,\"caption\":\"Senadora Cecilia Requena (CC).\"},{\"@type\":\"BreadcrumbList\",\"@id\":\"https:\\\/\\\/www.eldiario.net\\\/portal\\\/2024\\\/04\\\/21\\\/el-mas-decidido-a-aprobar-nuevos-contratos-mineros\\\/#breadcrumb\",\"itemListElement\":[{\"@type\":\"ListItem\",\"position\":1,\"name\":\"Portada\",\"item\":\"https:\\\/\\\/www.eldiario.net\\\/portal\\\/\"},{\"@type\":\"ListItem\",\"position\":2,\"name\":\"El MAS decidido a aprobar nuevos contratos mineros\"}]},{\"@type\":\"WebSite\",\"@id\":\"https:\\\/\\\/www.eldiario.net\\\/portal\\\/#website\",\"url\":\"https:\\\/\\\/www.eldiario.net\\\/portal\\\/\",\"name\":\"El Diario - Decano de la prensa nacional\",\"description\":\"El Diario - Decano de la prensa nacional\",\"publisher\":{\"@id\":\"https:\\\/\\\/www.eldiario.net\\\/portal\\\/#organization\"},\"potentialAction\":[{\"@type\":\"SearchAction\",\"target\":{\"@type\":\"EntryPoint\",\"urlTemplate\":\"https:\\\/\\\/www.eldiario.net\\\/portal\\\/?s={search_term_string}\"},\"query-input\":{\"@type\":\"PropertyValueSpecification\",\"valueRequired\":true,\"valueName\":\"search_term_string\"}}],\"inLanguage\":\"es\"},{\"@type\":\"Organization\",\"@id\":\"https:\\\/\\\/www.eldiario.net\\\/portal\\\/#organization\",\"name\":\"El Diario - Decano de la prensa nacional\",\"url\":\"https:\\\/\\\/www.eldiario.net\\\/portal\\\/\",\"logo\":{\"@type\":\"ImageObject\",\"inLanguage\":\"es\",\"@id\":\"https:\\\/\\\/www.eldiario.net\\\/portal\\\/#\\\/schema\\\/logo\\\/image\\\/\",\"url\":\"https:\\\/\\\/www.eldiario.net\\\/portal\\\/wp-content\\\/uploads\\\/2023\\\/07\\\/logo_ED.jpg\",\"contentUrl\":\"https:\\\/\\\/www.eldiario.net\\\/portal\\\/wp-content\\\/uploads\\\/2023\\\/07\\\/logo_ED.jpg\",\"width\":272,\"height\":52,\"caption\":\"El Diario - Decano de la prensa nacional\"},\"image\":{\"@id\":\"https:\\\/\\\/www.eldiario.net\\\/portal\\\/#\\\/schema\\\/logo\\\/image\\\/\"},\"sameAs\":[\"https:\\\/\\\/www.facebook.com\\\/eldiario.bolivia\\\/\",\"https:\\\/\\\/x.com\\\/eldiario_net\"]},{\"@type\":\"Person\",\"@id\":\"https:\\\/\\\/www.eldiario.net\\\/portal\\\/#\\\/schema\\\/person\\\/f46445640444750d7d753ccd04ae01b7\",\"name\":\"Jeanette\",\"image\":{\"@type\":\"ImageObject\",\"inLanguage\":\"es\",\"@id\":\"https:\\\/\\\/secure.gravatar.com\\\/avatar\\\/3ea2118a5f7dad2b7138b1187a6b7ee55f160b9968b66013c3a3ef39dd7e5798?s=96&d=mm&r=g\",\"url\":\"https:\\\/\\\/secure.gravatar.com\\\/avatar\\\/3ea2118a5f7dad2b7138b1187a6b7ee55f160b9968b66013c3a3ef39dd7e5798?s=96&d=mm&r=g\",\"contentUrl\":\"https:\\\/\\\/secure.gravatar.com\\\/avatar\\\/3ea2118a5f7dad2b7138b1187a6b7ee55f160b9968b66013c3a3ef39dd7e5798?s=96&d=mm&r=g\",\"caption\":\"Jeanette\"},\"sameAs\":[\"https:\\\/\\\/www.eldiario.net\\\/portal\"],\"url\":\"https:\\\/\\\/www.eldiario.net\\\/portal\\\/author\\\/jeanette\\\/\"}]}<\/script>\n<!-- \/ Yoast SEO plugin. -->","yoast_head_json":{"title":"El MAS decidido a aprobar nuevos contratos mineros - El Diario - Bolivia","robots":{"index":"index","follow":"follow","max-snippet":"max-snippet:-1","max-image-preview":"max-image-preview:large","max-video-preview":"max-video-preview:-1"},"canonical":"https:\/\/www.eldiario.net\/portal\/2024\/04\/21\/el-mas-decidido-a-aprobar-nuevos-contratos-mineros\/","og_locale":"es_ES","og_type":"article","og_title":"El MAS decidido a aprobar nuevos contratos mineros - El Diario - Bolivia","og_description":"Cuestionando que instancias legislativas cedan a las presiones de sectores mineros interesados en incrementar su actividad en distintos puntos del pa\u00eds, la senadora por Comunidad Ciudadana (CC), Cecilia Requena, denunci\u00f3 que el \u201cevismo\u201d y el \u201carcismo\u201d en la Asamblea Legislativa Plurinacional (ALP) est\u00e1n decididos a aprobar nuevos contratos mineros carentes de estudios ambientales. Desde sus [&hellip;]","og_url":"https:\/\/www.eldiario.net\/portal\/2024\/04\/21\/el-mas-decidido-a-aprobar-nuevos-contratos-mineros\/","og_site_name":"El Diario - Bolivia","article_publisher":"https:\/\/www.facebook.com\/eldiario.bolivia\/","article_published_time":"2024-04-21T09:59:09+00:00","og_image":[{"width":1600,"height":1202,"url":"https:\/\/www.eldiario.net\/portal\/wp-content\/uploads\/2024\/04\/40-POL-10.jpg","type":"image\/jpeg"}],"author":"Jeanette","twitter_card":"summary_large_image","twitter_creator":"@eldiario_net","twitter_site":"@eldiario_net","twitter_misc":{"Escrito por":"Jeanette","Tiempo de lectura":"4 minutos"},"schema":{"@context":"https:\/\/schema.org","@graph":[{"@type":"Article","@id":"https:\/\/www.eldiario.net\/portal\/2024\/04\/21\/el-mas-decidido-a-aprobar-nuevos-contratos-mineros\/#article","isPartOf":{"@id":"https:\/\/www.eldiario.net\/portal\/2024\/04\/21\/el-mas-decidido-a-aprobar-nuevos-contratos-mineros\/"},"author":{"name":"Jeanette","@id":"https:\/\/www.eldiario.net\/portal\/#\/schema\/person\/f46445640444750d7d753ccd04ae01b7"},"headline":"El MAS decidido a aprobar nuevos contratos mineros","datePublished":"2024-04-21T09:59:09+00:00","mainEntityOfPage":{"@id":"https:\/\/www.eldiario.net\/portal\/2024\/04\/21\/el-mas-decidido-a-aprobar-nuevos-contratos-mineros\/"},"wordCount":748,"commentCount":0,"publisher":{"@id":"https:\/\/www.eldiario.net\/portal\/#organization"},"image":{"@id":"https:\/\/www.eldiario.net\/portal\/2024\/04\/21\/el-mas-decidido-a-aprobar-nuevos-contratos-mineros\/#primaryimage"},"thumbnailUrl":"https:\/\/www.eldiario.net\/portal\/wp-content\/uploads\/2024\/04\/40-POL-10.jpg","articleSection":["Pol\u00edtica"],"inLanguage":"es","potentialAction":[{"@type":"CommentAction","name":"Comment","target":["https:\/\/www.eldiario.net\/portal\/2024\/04\/21\/el-mas-decidido-a-aprobar-nuevos-contratos-mineros\/#respond"]}]},{"@type":"WebPage","@id":"https:\/\/www.eldiario.net\/portal\/2024\/04\/21\/el-mas-decidido-a-aprobar-nuevos-contratos-mineros\/","url":"https:\/\/www.eldiario.net\/portal\/2024\/04\/21\/el-mas-decidido-a-aprobar-nuevos-contratos-mineros\/","name":"El MAS decidido a aprobar nuevos contratos mineros - El Diario - Bolivia","isPartOf":{"@id":"https:\/\/www.eldiario.net\/portal\/#website"},"primaryImageOfPage":{"@id":"https:\/\/www.eldiario.net\/portal\/2024\/04\/21\/el-mas-decidido-a-aprobar-nuevos-contratos-mineros\/#primaryimage"},"image":{"@id":"https:\/\/www.eldiario.net\/portal\/2024\/04\/21\/el-mas-decidido-a-aprobar-nuevos-contratos-mineros\/#primaryimage"},"thumbnailUrl":"https:\/\/www.eldiario.net\/portal\/wp-content\/uploads\/2024\/04\/40-POL-10.jpg","datePublished":"2024-04-21T09:59:09+00:00","breadcrumb":{"@id":"https:\/\/www.eldiario.net\/portal\/2024\/04\/21\/el-mas-decidido-a-aprobar-nuevos-contratos-mineros\/#breadcrumb"},"inLanguage":"es","potentialAction":[{"@type":"ReadAction","target":["https:\/\/www.eldiario.net\/portal\/2024\/04\/21\/el-mas-decidido-a-aprobar-nuevos-contratos-mineros\/"]}]},{"@type":"ImageObject","inLanguage":"es","@id":"https:\/\/www.eldiario.net\/portal\/2024\/04\/21\/el-mas-decidido-a-aprobar-nuevos-contratos-mineros\/#primaryimage","url":"https:\/\/www.eldiario.net\/portal\/wp-content\/uploads\/2024\/04\/40-POL-10.jpg","contentUrl":"https:\/\/www.eldiario.net\/portal\/wp-content\/uploads\/2024\/04\/40-POL-10.jpg","width":1600,"height":1202,"caption":"Senadora Cecilia Requena (CC)."},{"@type":"BreadcrumbList","@id":"https:\/\/www.eldiario.net\/portal\/2024\/04\/21\/el-mas-decidido-a-aprobar-nuevos-contratos-mineros\/#breadcrumb","itemListElement":[{"@type":"ListItem","position":1,"name":"Portada","item":"https:\/\/www.eldiario.net\/portal\/"},{"@type":"ListItem","position":2,"name":"El MAS decidido a aprobar nuevos contratos mineros"}]},{"@type":"WebSite","@id":"https:\/\/www.eldiario.net\/portal\/#website","url":"https:\/\/www.eldiario.net\/portal\/","name":"El Diario - Decano de la prensa nacional","description":"El Diario - Decano de la prensa nacional","publisher":{"@id":"https:\/\/www.eldiario.net\/portal\/#organization"},"potentialAction":[{"@type":"SearchAction","target":{"@type":"EntryPoint","urlTemplate":"https:\/\/www.eldiario.net\/portal\/?s={search_term_string}"},"query-input":{"@type":"PropertyValueSpecification","valueRequired":true,"valueName":"search_term_string"}}],"inLanguage":"es"},{"@type":"Organization","@id":"https:\/\/www.eldiario.net\/portal\/#organization","name":"El Diario - Decano de la prensa nacional","url":"https:\/\/www.eldiario.net\/portal\/","logo":{"@type":"ImageObject","inLanguage":"es","@id":"https:\/\/www.eldiario.net\/portal\/#\/schema\/logo\/image\/","url":"https:\/\/www.eldiario.net\/portal\/wp-content\/uploads\/2023\/07\/logo_ED.jpg","contentUrl":"https:\/\/www.eldiario.net\/portal\/wp-content\/uploads\/2023\/07\/logo_ED.jpg","width":272,"height":52,"caption":"El Diario - Decano de la prensa nacional"},"image":{"@id":"https:\/\/www.eldiario.net\/portal\/#\/schema\/logo\/image\/"},"sameAs":["https:\/\/www.facebook.com\/eldiario.bolivia\/","https:\/\/x.com\/eldiario_net"]},{"@type":"Person","@id":"https:\/\/www.eldiario.net\/portal\/#\/schema\/person\/f46445640444750d7d753ccd04ae01b7","name":"Jeanette","image":{"@type":"ImageObject","inLanguage":"es","@id":"https:\/\/secure.gravatar.com\/avatar\/3ea2118a5f7dad2b7138b1187a6b7ee55f160b9968b66013c3a3ef39dd7e5798?s=96&d=mm&r=g","url":"https:\/\/secure.gravatar.com\/avatar\/3ea2118a5f7dad2b7138b1187a6b7ee55f160b9968b66013c3a3ef39dd7e5798?s=96&d=mm&r=g","contentUrl":"https:\/\/secure.gravatar.com\/avatar\/3ea2118a5f7dad2b7138b1187a6b7ee55f160b9968b66013c3a3ef39dd7e5798?s=96&d=mm&r=g","caption":"Jeanette"},"sameAs":["https:\/\/www.eldiario.net\/portal"],"url":"https:\/\/www.eldiario.net\/portal\/author\/jeanette\/"}]}},"_links":{"self":[{"href":"https:\/\/www.eldiario.net\/portal\/wp-json\/wp\/v2\/posts\/215639","targetHints":{"allow":["GET"]}}],"collection":[{"href":"https:\/\/www.eldiario.net\/portal\/wp-json\/wp\/v2\/posts"}],"about":[{"href":"https:\/\/www.eldiario.net\/portal\/wp-json\/wp\/v2\/types\/post"}],"author":[{"embeddable":true,"href":"https:\/\/www.eldiario.net\/portal\/wp-json\/wp\/v2\/users\/1"}],"replies":[{"embeddable":true,"href":"https:\/\/www.eldiario.net\/portal\/wp-json\/wp\/v2\/comments?post=215639"}],"version-history":[{"count":1,"href":"https:\/\/www.eldiario.net\/portal\/wp-json\/wp\/v2\/posts\/215639\/revisions"}],"predecessor-version":[{"id":215641,"href":"https:\/\/www.eldiario.net\/portal\/wp-json\/wp\/v2\/posts\/215639\/revisions\/215641"}],"wp:featuredmedia":[{"embeddable":true,"href":"https:\/\/www.eldiario.net\/portal\/wp-json\/wp\/v2\/media\/215640"}],"wp:attachment":[{"href":"https:\/\/www.eldiario.net\/portal\/wp-json\/wp\/v2\/media?parent=215639"}],"wp:term":[{"taxonomy":"category","embeddable":true,"href":"https:\/\/www.eldiario.net\/portal\/wp-json\/wp\/v2\/categories?post=215639"},{"taxonomy":"post_tag","embeddable":true,"href":"https:\/\/www.eldiario.net\/portal\/wp-json\/wp\/v2\/tags?post=215639"}],"curies":[{"name":"wp","href":"https:\/\/api.w.org\/{rel}","templated":true}]}}