{"id":215637,"date":"2024-04-21T05:58:29","date_gmt":"2024-04-21T09:58:29","guid":{"rendered":"https:\/\/www.eldiario.net\/portal\/?p=215637"},"modified":"2024-04-21T05:58:29","modified_gmt":"2024-04-21T09:58:29","slug":"diputados-no-tratara-proyecto-de-ley-035-sin-acuerdos-previos","status":"publish","type":"post","link":"https:\/\/www.eldiario.net\/portal\/2024\/04\/21\/diputados-no-tratara-proyecto-de-ley-035-sin-acuerdos-previos\/","title":{"rendered":"Diputados no tratar\u00e1 Proyecto  de Ley 035 sin acuerdos previos"},"content":{"rendered":"<p>Ante el conflicto con sectores movilizados en rechazo al Proyecto de Ley 035 de modificaciones a la Ley de Pensiones, que incluye una disposici\u00f3n para la jubilaci\u00f3n forzosa a partir de los 65 a\u00f1os, desde la C\u00e1mara de Diputados se inform\u00f3 que esta instancia no proceder\u00e1 con el tratamiento de dicha norma, en tanto la Comisi\u00f3n de Planificaci\u00f3n sostenga reuniones para garantizar los derechos de los ciudadanos que rechazan la normativa.<br \/>\n\u201cLa C\u00e1mara de Diputados no abordar\u00e1 el tratamiento legislativo del Proyecto de Ley N\u00b0035\/2023-2024 de Modificaci\u00f3n a la Ley de Pensiones en tanto y en cuanto el Presidente de la Comisi\u00f3n de Planificaci\u00f3n de la C\u00e1mara de Diputados, Omar Yujra Santos, sostenga reuniones con los sectores movilizados, en aras de consensuar una norma que garantice la estricta observancia de los derechos fundamentales de las personas en nuestro Estado Plurinacional\u201d, se\u00f1ala un comunicado emitido por la C\u00e1mara Baja.<br \/>\nEl viernes, tras anunciar un paro de cuatro d\u00edas en contra del denominado proyecto de ley de jubilaci\u00f3n \u201cforzosa\u201d, el sindicato del ramo aclar\u00f3 que la medida de presi\u00f3n se suspender\u00eda con una \u201csimple firma\u201d del presidente de la C\u00e1mara de Diputados, suspendiendo temporalmente el tratamiento del proyecto de ley 035.<br \/>\nEl plazo para recibir la nota fenec\u00eda el jueves 18 de abril, pero el ejecutivo de la Federaci\u00f3n de Sindicatos de Ramas M\u00e9dicas de Salud P\u00fablica (Fesirmes), Daniel Cazas, se\u00f1al\u00f3 que continuar\u00e1n esperando el documento en los pr\u00f3ximos d\u00edas. \u201cEstamos dando cinco d\u00edas para que hagan una simple firma. Entonces la responsabilidad es del Gobierno y la C\u00e1mara Legislativa. Si ellos tuvieran la voluntad, no se tarda ni un minuto en realizar una firma\u201d, dijo.<br \/>\nEl dirigente aclar\u00f3 que s\u00f3lo se est\u00e1 pidiendo la suspensi\u00f3n temporal del tratamiento del proyecto de ley, para darles tiempo de explicar sus objeciones.<\/p>\n","protected":false},"excerpt":{"rendered":"<p>Ante el conflicto con sectores movilizados en rechazo al Proyecto de Ley 035 de modificaciones a la Ley de Pensiones, que incluye una disposici\u00f3n para la jubilaci\u00f3n forzosa a partir de los 65 a\u00f1os, desde la C\u00e1mara de Diputados se inform\u00f3 que esta instancia no proceder\u00e1 con el tratamiento de dicha norma, en tanto la [&hellip;]<\/p>\n","protected":false},"author":1,"featured_media":194754,"comment_status":"open","ping_status":"open","sticky":false,"template":"","format":"standard","meta":{"_acf_changed":false,"footnotes":""},"categories":[14],"tags":[],"class_list":["post-215637","post","type-post","status-publish","format-standard","has-post-thumbnail","category-politica"],"acf":{"antetitulo":"Esperan consensos"},"yoast_head":"<!-- This site is optimized with the Yoast SEO plugin v28.4 - https:\/\/yoast.com\/product\/yoast-seo-wordpress\/ -->\n<title>Diputados no tratar\u00e1 Proyecto de Ley 035 sin acuerdos previos - El Diario - Bolivia<\/title>\n<meta name=\"robots\" content=\"index, follow, max-snippet:-1, max-image-preview:large, max-video-preview:-1\" \/>\n<link rel=\"canonical\" href=\"https:\/\/www.eldiario.net\/portal\/2024\/04\/21\/diputados-no-tratara-proyecto-de-ley-035-sin-acuerdos-previos\/\" \/>\n<meta property=\"og:locale\" content=\"es_ES\" \/>\n<meta property=\"og:type\" content=\"article\" \/>\n<meta property=\"og:title\" content=\"Diputados no tratar\u00e1 Proyecto de Ley 035 sin acuerdos previos - El Diario - Bolivia\" \/>\n<meta property=\"og:description\" content=\"Ante el conflicto con sectores movilizados en rechazo al Proyecto de Ley 035 de modificaciones a la Ley de Pensiones, que incluye una disposici\u00f3n para la jubilaci\u00f3n forzosa a partir de los 65 a\u00f1os, desde la C\u00e1mara de Diputados se inform\u00f3 que esta instancia no proceder\u00e1 con el tratamiento de dicha norma, en tanto la [&hellip;]\" \/>\n<meta property=\"og:url\" content=\"https:\/\/www.eldiario.net\/portal\/2024\/04\/21\/diputados-no-tratara-proyecto-de-ley-035-sin-acuerdos-previos\/\" \/>\n<meta property=\"og:site_name\" content=\"El Diario - Bolivia\" \/>\n<meta property=\"article:publisher\" content=\"https:\/\/www.facebook.com\/eldiario.bolivia\/\" \/>\n<meta property=\"article:published_time\" content=\"2024-04-21T09:58:29+00:00\" \/>\n<meta property=\"og:image\" content=\"https:\/\/www.eldiario.net\/portal\/wp-content\/uploads\/2023\/12\/Politica.jpg\" \/>\n\t<meta property=\"og:image:width\" content=\"800\" \/>\n\t<meta property=\"og:image:height\" content=\"500\" \/>\n\t<meta property=\"og:image:type\" content=\"image\/jpeg\" \/>\n<meta name=\"author\" content=\"Jeanette\" \/>\n<meta name=\"twitter:card\" content=\"summary_large_image\" \/>\n<meta name=\"twitter:creator\" content=\"@eldiario_net\" \/>\n<meta name=\"twitter:site\" content=\"@eldiario_net\" \/>\n<meta name=\"twitter:label1\" content=\"Escrito por\" \/>\n\t<meta name=\"twitter:data1\" content=\"Jeanette\" \/>\n\t<meta name=\"twitter:label2\" content=\"Tiempo de lectura\" \/>\n\t<meta name=\"twitter:data2\" content=\"2 minutos\" \/>\n<script type=\"application\/ld+json\" class=\"yoast-schema-graph\">{\"@context\":\"https:\\\/\\\/schema.org\",\"@graph\":[{\"@type\":\"Article\",\"@id\":\"https:\\\/\\\/www.eldiario.net\\\/portal\\\/2024\\\/04\\\/21\\\/diputados-no-tratara-proyecto-de-ley-035-sin-acuerdos-previos\\\/#article\",\"isPartOf\":{\"@id\":\"https:\\\/\\\/www.eldiario.net\\\/portal\\\/2024\\\/04\\\/21\\\/diputados-no-tratara-proyecto-de-ley-035-sin-acuerdos-previos\\\/\"},\"author\":{\"name\":\"Jeanette\",\"@id\":\"https:\\\/\\\/www.eldiario.net\\\/portal\\\/#\\\/schema\\\/person\\\/f46445640444750d7d753ccd04ae01b7\"},\"headline\":\"Diputados no tratar\u00e1 Proyecto de Ley 035 sin acuerdos previos\",\"datePublished\":\"2024-04-21T09:58:29+00:00\",\"mainEntityOfPage\":{\"@id\":\"https:\\\/\\\/www.eldiario.net\\\/portal\\\/2024\\\/04\\\/21\\\/diputados-no-tratara-proyecto-de-ley-035-sin-acuerdos-previos\\\/\"},\"wordCount\":334,\"commentCount\":0,\"publisher\":{\"@id\":\"https:\\\/\\\/www.eldiario.net\\\/portal\\\/#organization\"},\"image\":{\"@id\":\"https:\\\/\\\/www.eldiario.net\\\/portal\\\/2024\\\/04\\\/21\\\/diputados-no-tratara-proyecto-de-ley-035-sin-acuerdos-previos\\\/#primaryimage\"},\"thumbnailUrl\":\"https:\\\/\\\/www.eldiario.net\\\/portal\\\/wp-content\\\/uploads\\\/2023\\\/12\\\/Politica.jpg\",\"articleSection\":[\"Pol\u00edtica\"],\"inLanguage\":\"es\",\"potentialAction\":[{\"@type\":\"CommentAction\",\"name\":\"Comment\",\"target\":[\"https:\\\/\\\/www.eldiario.net\\\/portal\\\/2024\\\/04\\\/21\\\/diputados-no-tratara-proyecto-de-ley-035-sin-acuerdos-previos\\\/#respond\"]}]},{\"@type\":\"WebPage\",\"@id\":\"https:\\\/\\\/www.eldiario.net\\\/portal\\\/2024\\\/04\\\/21\\\/diputados-no-tratara-proyecto-de-ley-035-sin-acuerdos-previos\\\/\",\"url\":\"https:\\\/\\\/www.eldiario.net\\\/portal\\\/2024\\\/04\\\/21\\\/diputados-no-tratara-proyecto-de-ley-035-sin-acuerdos-previos\\\/\",\"name\":\"Diputados no tratar\u00e1 Proyecto de Ley 035 sin acuerdos previos - El Diario - Bolivia\",\"isPartOf\":{\"@id\":\"https:\\\/\\\/www.eldiario.net\\\/portal\\\/#website\"},\"primaryImageOfPage\":{\"@id\":\"https:\\\/\\\/www.eldiario.net\\\/portal\\\/2024\\\/04\\\/21\\\/diputados-no-tratara-proyecto-de-ley-035-sin-acuerdos-previos\\\/#primaryimage\"},\"image\":{\"@id\":\"https:\\\/\\\/www.eldiario.net\\\/portal\\\/2024\\\/04\\\/21\\\/diputados-no-tratara-proyecto-de-ley-035-sin-acuerdos-previos\\\/#primaryimage\"},\"thumbnailUrl\":\"https:\\\/\\\/www.eldiario.net\\\/portal\\\/wp-content\\\/uploads\\\/2023\\\/12\\\/Politica.jpg\",\"datePublished\":\"2024-04-21T09:58:29+00:00\",\"breadcrumb\":{\"@id\":\"https:\\\/\\\/www.eldiario.net\\\/portal\\\/2024\\\/04\\\/21\\\/diputados-no-tratara-proyecto-de-ley-035-sin-acuerdos-previos\\\/#breadcrumb\"},\"inLanguage\":\"es\",\"potentialAction\":[{\"@type\":\"ReadAction\",\"target\":[\"https:\\\/\\\/www.eldiario.net\\\/portal\\\/2024\\\/04\\\/21\\\/diputados-no-tratara-proyecto-de-ley-035-sin-acuerdos-previos\\\/\"]}]},{\"@type\":\"ImageObject\",\"inLanguage\":\"es\",\"@id\":\"https:\\\/\\\/www.eldiario.net\\\/portal\\\/2024\\\/04\\\/21\\\/diputados-no-tratara-proyecto-de-ley-035-sin-acuerdos-previos\\\/#primaryimage\",\"url\":\"https:\\\/\\\/www.eldiario.net\\\/portal\\\/wp-content\\\/uploads\\\/2023\\\/12\\\/Politica.jpg\",\"contentUrl\":\"https:\\\/\\\/www.eldiario.net\\\/portal\\\/wp-content\\\/uploads\\\/2023\\\/12\\\/Politica.jpg\",\"width\":800,\"height\":500},{\"@type\":\"BreadcrumbList\",\"@id\":\"https:\\\/\\\/www.eldiario.net\\\/portal\\\/2024\\\/04\\\/21\\\/diputados-no-tratara-proyecto-de-ley-035-sin-acuerdos-previos\\\/#breadcrumb\",\"itemListElement\":[{\"@type\":\"ListItem\",\"position\":1,\"name\":\"Portada\",\"item\":\"https:\\\/\\\/www.eldiario.net\\\/portal\\\/\"},{\"@type\":\"ListItem\",\"position\":2,\"name\":\"Diputados no tratar\u00e1 Proyecto de Ley 035 sin acuerdos previos\"}]},{\"@type\":\"WebSite\",\"@id\":\"https:\\\/\\\/www.eldiario.net\\\/portal\\\/#website\",\"url\":\"https:\\\/\\\/www.eldiario.net\\\/portal\\\/\",\"name\":\"El Diario - Decano de la prensa nacional\",\"description\":\"El Diario - Decano de la prensa nacional\",\"publisher\":{\"@id\":\"https:\\\/\\\/www.eldiario.net\\\/portal\\\/#organization\"},\"potentialAction\":[{\"@type\":\"SearchAction\",\"target\":{\"@type\":\"EntryPoint\",\"urlTemplate\":\"https:\\\/\\\/www.eldiario.net\\\/portal\\\/?s={search_term_string}\"},\"query-input\":{\"@type\":\"PropertyValueSpecification\",\"valueRequired\":true,\"valueName\":\"search_term_string\"}}],\"inLanguage\":\"es\"},{\"@type\":\"Organization\",\"@id\":\"https:\\\/\\\/www.eldiario.net\\\/portal\\\/#organization\",\"name\":\"El Diario - Decano de la prensa nacional\",\"url\":\"https:\\\/\\\/www.eldiario.net\\\/portal\\\/\",\"logo\":{\"@type\":\"ImageObject\",\"inLanguage\":\"es\",\"@id\":\"https:\\\/\\\/www.eldiario.net\\\/portal\\\/#\\\/schema\\\/logo\\\/image\\\/\",\"url\":\"https:\\\/\\\/www.eldiario.net\\\/portal\\\/wp-content\\\/uploads\\\/2023\\\/07\\\/logo_ED.jpg\",\"contentUrl\":\"https:\\\/\\\/www.eldiario.net\\\/portal\\\/wp-content\\\/uploads\\\/2023\\\/07\\\/logo_ED.jpg\",\"width\":272,\"height\":52,\"caption\":\"El Diario - Decano de la prensa nacional\"},\"image\":{\"@id\":\"https:\\\/\\\/www.eldiario.net\\\/portal\\\/#\\\/schema\\\/logo\\\/image\\\/\"},\"sameAs\":[\"https:\\\/\\\/www.facebook.com\\\/eldiario.bolivia\\\/\",\"https:\\\/\\\/x.com\\\/eldiario_net\"]},{\"@type\":\"Person\",\"@id\":\"https:\\\/\\\/www.eldiario.net\\\/portal\\\/#\\\/schema\\\/person\\\/f46445640444750d7d753ccd04ae01b7\",\"name\":\"Jeanette\",\"image\":{\"@type\":\"ImageObject\",\"inLanguage\":\"es\",\"@id\":\"https:\\\/\\\/secure.gravatar.com\\\/avatar\\\/3ea2118a5f7dad2b7138b1187a6b7ee55f160b9968b66013c3a3ef39dd7e5798?s=96&d=mm&r=g\",\"url\":\"https:\\\/\\\/secure.gravatar.com\\\/avatar\\\/3ea2118a5f7dad2b7138b1187a6b7ee55f160b9968b66013c3a3ef39dd7e5798?s=96&d=mm&r=g\",\"contentUrl\":\"https:\\\/\\\/secure.gravatar.com\\\/avatar\\\/3ea2118a5f7dad2b7138b1187a6b7ee55f160b9968b66013c3a3ef39dd7e5798?s=96&d=mm&r=g\",\"caption\":\"Jeanette\"},\"sameAs\":[\"https:\\\/\\\/www.eldiario.net\\\/portal\"],\"url\":\"https:\\\/\\\/www.eldiario.net\\\/portal\\\/author\\\/jeanette\\\/\"}]}<\/script>\n<!-- \/ Yoast SEO plugin. -->","yoast_head_json":{"title":"Diputados no tratar\u00e1 Proyecto de Ley 035 sin acuerdos previos - El Diario - Bolivia","robots":{"index":"index","follow":"follow","max-snippet":"max-snippet:-1","max-image-preview":"max-image-preview:large","max-video-preview":"max-video-preview:-1"},"canonical":"https:\/\/www.eldiario.net\/portal\/2024\/04\/21\/diputados-no-tratara-proyecto-de-ley-035-sin-acuerdos-previos\/","og_locale":"es_ES","og_type":"article","og_title":"Diputados no tratar\u00e1 Proyecto de Ley 035 sin acuerdos previos - El Diario - Bolivia","og_description":"Ante el conflicto con sectores movilizados en rechazo al Proyecto de Ley 035 de modificaciones a la Ley de Pensiones, que incluye una disposici\u00f3n para la jubilaci\u00f3n forzosa a partir de los 65 a\u00f1os, desde la C\u00e1mara de Diputados se inform\u00f3 que esta instancia no proceder\u00e1 con el tratamiento de dicha norma, en tanto la [&hellip;]","og_url":"https:\/\/www.eldiario.net\/portal\/2024\/04\/21\/diputados-no-tratara-proyecto-de-ley-035-sin-acuerdos-previos\/","og_site_name":"El Diario - Bolivia","article_publisher":"https:\/\/www.facebook.com\/eldiario.bolivia\/","article_published_time":"2024-04-21T09:58:29+00:00","og_image":[{"width":800,"height":500,"url":"https:\/\/www.eldiario.net\/portal\/wp-content\/uploads\/2023\/12\/Politica.jpg","type":"image\/jpeg"}],"author":"Jeanette","twitter_card":"summary_large_image","twitter_creator":"@eldiario_net","twitter_site":"@eldiario_net","twitter_misc":{"Escrito por":"Jeanette","Tiempo de lectura":"2 minutos"},"schema":{"@context":"https:\/\/schema.org","@graph":[{"@type":"Article","@id":"https:\/\/www.eldiario.net\/portal\/2024\/04\/21\/diputados-no-tratara-proyecto-de-ley-035-sin-acuerdos-previos\/#article","isPartOf":{"@id":"https:\/\/www.eldiario.net\/portal\/2024\/04\/21\/diputados-no-tratara-proyecto-de-ley-035-sin-acuerdos-previos\/"},"author":{"name":"Jeanette","@id":"https:\/\/www.eldiario.net\/portal\/#\/schema\/person\/f46445640444750d7d753ccd04ae01b7"},"headline":"Diputados no tratar\u00e1 Proyecto de Ley 035 sin acuerdos previos","datePublished":"2024-04-21T09:58:29+00:00","mainEntityOfPage":{"@id":"https:\/\/www.eldiario.net\/portal\/2024\/04\/21\/diputados-no-tratara-proyecto-de-ley-035-sin-acuerdos-previos\/"},"wordCount":334,"commentCount":0,"publisher":{"@id":"https:\/\/www.eldiario.net\/portal\/#organization"},"image":{"@id":"https:\/\/www.eldiario.net\/portal\/2024\/04\/21\/diputados-no-tratara-proyecto-de-ley-035-sin-acuerdos-previos\/#primaryimage"},"thumbnailUrl":"https:\/\/www.eldiario.net\/portal\/wp-content\/uploads\/2023\/12\/Politica.jpg","articleSection":["Pol\u00edtica"],"inLanguage":"es","potentialAction":[{"@type":"CommentAction","name":"Comment","target":["https:\/\/www.eldiario.net\/portal\/2024\/04\/21\/diputados-no-tratara-proyecto-de-ley-035-sin-acuerdos-previos\/#respond"]}]},{"@type":"WebPage","@id":"https:\/\/www.eldiario.net\/portal\/2024\/04\/21\/diputados-no-tratara-proyecto-de-ley-035-sin-acuerdos-previos\/","url":"https:\/\/www.eldiario.net\/portal\/2024\/04\/21\/diputados-no-tratara-proyecto-de-ley-035-sin-acuerdos-previos\/","name":"Diputados no tratar\u00e1 Proyecto de Ley 035 sin acuerdos previos - El Diario - Bolivia","isPartOf":{"@id":"https:\/\/www.eldiario.net\/portal\/#website"},"primaryImageOfPage":{"@id":"https:\/\/www.eldiario.net\/portal\/2024\/04\/21\/diputados-no-tratara-proyecto-de-ley-035-sin-acuerdos-previos\/#primaryimage"},"image":{"@id":"https:\/\/www.eldiario.net\/portal\/2024\/04\/21\/diputados-no-tratara-proyecto-de-ley-035-sin-acuerdos-previos\/#primaryimage"},"thumbnailUrl":"https:\/\/www.eldiario.net\/portal\/wp-content\/uploads\/2023\/12\/Politica.jpg","datePublished":"2024-04-21T09:58:29+00:00","breadcrumb":{"@id":"https:\/\/www.eldiario.net\/portal\/2024\/04\/21\/diputados-no-tratara-proyecto-de-ley-035-sin-acuerdos-previos\/#breadcrumb"},"inLanguage":"es","potentialAction":[{"@type":"ReadAction","target":["https:\/\/www.eldiario.net\/portal\/2024\/04\/21\/diputados-no-tratara-proyecto-de-ley-035-sin-acuerdos-previos\/"]}]},{"@type":"ImageObject","inLanguage":"es","@id":"https:\/\/www.eldiario.net\/portal\/2024\/04\/21\/diputados-no-tratara-proyecto-de-ley-035-sin-acuerdos-previos\/#primaryimage","url":"https:\/\/www.eldiario.net\/portal\/wp-content\/uploads\/2023\/12\/Politica.jpg","contentUrl":"https:\/\/www.eldiario.net\/portal\/wp-content\/uploads\/2023\/12\/Politica.jpg","width":800,"height":500},{"@type":"BreadcrumbList","@id":"https:\/\/www.eldiario.net\/portal\/2024\/04\/21\/diputados-no-tratara-proyecto-de-ley-035-sin-acuerdos-previos\/#breadcrumb","itemListElement":[{"@type":"ListItem","position":1,"name":"Portada","item":"https:\/\/www.eldiario.net\/portal\/"},{"@type":"ListItem","position":2,"name":"Diputados no tratar\u00e1 Proyecto de Ley 035 sin acuerdos previos"}]},{"@type":"WebSite","@id":"https:\/\/www.eldiario.net\/portal\/#website","url":"https:\/\/www.eldiario.net\/portal\/","name":"El Diario - Decano de la prensa nacional","description":"El Diario - Decano de la prensa nacional","publisher":{"@id":"https:\/\/www.eldiario.net\/portal\/#organization"},"potentialAction":[{"@type":"SearchAction","target":{"@type":"EntryPoint","urlTemplate":"https:\/\/www.eldiario.net\/portal\/?s={search_term_string}"},"query-input":{"@type":"PropertyValueSpecification","valueRequired":true,"valueName":"search_term_string"}}],"inLanguage":"es"},{"@type":"Organization","@id":"https:\/\/www.eldiario.net\/portal\/#organization","name":"El Diario - Decano de la prensa nacional","url":"https:\/\/www.eldiario.net\/portal\/","logo":{"@type":"ImageObject","inLanguage":"es","@id":"https:\/\/www.eldiario.net\/portal\/#\/schema\/logo\/image\/","url":"https:\/\/www.eldiario.net\/portal\/wp-content\/uploads\/2023\/07\/logo_ED.jpg","contentUrl":"https:\/\/www.eldiario.net\/portal\/wp-content\/uploads\/2023\/07\/logo_ED.jpg","width":272,"height":52,"caption":"El Diario - Decano de la prensa nacional"},"image":{"@id":"https:\/\/www.eldiario.net\/portal\/#\/schema\/logo\/image\/"},"sameAs":["https:\/\/www.facebook.com\/eldiario.bolivia\/","https:\/\/x.com\/eldiario_net"]},{"@type":"Person","@id":"https:\/\/www.eldiario.net\/portal\/#\/schema\/person\/f46445640444750d7d753ccd04ae01b7","name":"Jeanette","image":{"@type":"ImageObject","inLanguage":"es","@id":"https:\/\/secure.gravatar.com\/avatar\/3ea2118a5f7dad2b7138b1187a6b7ee55f160b9968b66013c3a3ef39dd7e5798?s=96&d=mm&r=g","url":"https:\/\/secure.gravatar.com\/avatar\/3ea2118a5f7dad2b7138b1187a6b7ee55f160b9968b66013c3a3ef39dd7e5798?s=96&d=mm&r=g","contentUrl":"https:\/\/secure.gravatar.com\/avatar\/3ea2118a5f7dad2b7138b1187a6b7ee55f160b9968b66013c3a3ef39dd7e5798?s=96&d=mm&r=g","caption":"Jeanette"},"sameAs":["https:\/\/www.eldiario.net\/portal"],"url":"https:\/\/www.eldiario.net\/portal\/author\/jeanette\/"}]}},"_links":{"self":[{"href":"https:\/\/www.eldiario.net\/portal\/wp-json\/wp\/v2\/posts\/215637","targetHints":{"allow":["GET"]}}],"collection":[{"href":"https:\/\/www.eldiario.net\/portal\/wp-json\/wp\/v2\/posts"}],"about":[{"href":"https:\/\/www.eldiario.net\/portal\/wp-json\/wp\/v2\/types\/post"}],"author":[{"embeddable":true,"href":"https:\/\/www.eldiario.net\/portal\/wp-json\/wp\/v2\/users\/1"}],"replies":[{"embeddable":true,"href":"https:\/\/www.eldiario.net\/portal\/wp-json\/wp\/v2\/comments?post=215637"}],"version-history":[{"count":1,"href":"https:\/\/www.eldiario.net\/portal\/wp-json\/wp\/v2\/posts\/215637\/revisions"}],"predecessor-version":[{"id":215638,"href":"https:\/\/www.eldiario.net\/portal\/wp-json\/wp\/v2\/posts\/215637\/revisions\/215638"}],"wp:featuredmedia":[{"embeddable":true,"href":"https:\/\/www.eldiario.net\/portal\/wp-json\/wp\/v2\/media\/194754"}],"wp:attachment":[{"href":"https:\/\/www.eldiario.net\/portal\/wp-json\/wp\/v2\/media?parent=215637"}],"wp:term":[{"taxonomy":"category","embeddable":true,"href":"https:\/\/www.eldiario.net\/portal\/wp-json\/wp\/v2\/categories?post=215637"},{"taxonomy":"post_tag","embeddable":true,"href":"https:\/\/www.eldiario.net\/portal\/wp-json\/wp\/v2\/tags?post=215637"}],"curies":[{"name":"wp","href":"https:\/\/api.w.org\/{rel}","templated":true}]}}