{"id":215629,"date":"2024-04-21T05:55:32","date_gmt":"2024-04-21T09:55:32","guid":{"rendered":"https:\/\/www.eldiario.net\/portal\/?p=215629"},"modified":"2024-04-21T05:55:32","modified_gmt":"2024-04-21T09:55:32","slug":"oms-preocupada-por-la-gripe-aviar-que-empieza-a-extenderse","status":"publish","type":"post","link":"https:\/\/www.eldiario.net\/portal\/2024\/04\/21\/oms-preocupada-por-la-gripe-aviar-que-empieza-a-extenderse\/","title":{"rendered":"OMS preocupada por la gripe  aviar que empieza a extenderse"},"content":{"rendered":"<p>El cient\u00edfico l\u00edder de la Organizaci\u00f3n Mundial de la Salud (OMS), el doctor Jeremy Farrar, alerta de la gran preocupaci\u00f3n que supone que la gripe aviar pueda evolucionar y empezar a extenderse de persona a persona.<br \/>\nEl H5N1 es una infecci\u00f3n gripal, que se inici\u00f3 predominantemente en aves de corral y patos. Hasta la fecha, no se registraron ninguna transmisi\u00f3n del H5N1 de persona a persona. El virus tuvo una tasa de mortalidad extremadamente alta entre los varios centenares de personas que se sabe fueron infectadas por \u00e9l hasta la fecha.<br \/>\nEn relaci\u00f3n con un brote de virus H5N1 entre vacas lecheras en Estados Unidos, el jefe de la OMS inst\u00f3 a las autoridades de salud p\u00fablica a seguir vigilando de cerca e investigando, porque puede evolucionar y transmitirse de diferentes maneras.<br \/>\n\u00ab\u00bfLas estructuras de orde\u00f1o de las vacas crean aerosoles? \u00bfEs el entorno en el que viven? \u00bfEs el sistema de transporte el que lo est\u00e1 propagando por todo el pa\u00eds? Se trata de una gran preocupaci\u00f3n y creo que tenemos que asegurarnos de que, si el virus H5N1 se transmite de persona a persona, estemos en condiciones de responder inmediatamente con un acceso equitativo a las vacunas, los tratamientos y los diagn\u00f3sticos\u00bb, explic\u00f3.<br \/>\nLa noticia llega en un momento en que la OMS anunci\u00f3 la actualizaci\u00f3n del lenguaje para describir los pat\u00f3genos transmitidos por el aire, en un intento de aumentar la cooperaci\u00f3n internacional en caso de una nueva y esperada pandemia.<br \/>\nSeg\u00fan explica el doctor Farrar, la iniciativa surgi\u00f3 a ra\u00edz de la emergencia provocada por el covid-19 y el reconocimiento de que faltaban t\u00e9rminos com\u00fanmente acordados entre m\u00e9dicos y cient\u00edficos para describir c\u00f3mo se transmit\u00eda el coronavirus, lo que aumentaba el reto de superarla.<br \/>\nPara contrarrestarlo, la OMS dirigi\u00f3 consultas con cuatro importantes organismos de salud p\u00fablica de \u00c1frica, China, Europa y Estados Unidos, antes de anunciar el acuerdo sobre una serie de nuevos t\u00e9rminos consensuados. Entre ellos se incluyen las part\u00edculas respiratorias infecciosas o \u00abIRP\u00bb, que deben utilizarse en lugar de aerosoles y gotitas, para evitar cualquier confusi\u00f3n sobre el tama\u00f1o de las part\u00edculas en cuesti\u00f3n.<br \/>\nM\u00e1s all\u00e1 de la nueva terminolog\u00eda, la iniciativa consolida el compromiso de la comunidad internacional para hacer frente a \u00abepidemias y pandemias cada vez m\u00e1s complejas y frecuentes\u00bb, declar\u00f3 el doctor Farrar a los periodistas en Ginebra.<br \/>\n\u00abEs un primer paso muy importante. Pero lo siguiente es mantener unidas las disciplinas y expertos, porque estamos utilizando la misma terminolog\u00eda, el mismo lenguaje, y ahora tenemos que hacer la ciencia que proporcione las pruebas sobre la tuberculosis, el covid-19 y otros pat\u00f3genos respiratorios, para que sepamos c\u00f3mo controlar esas infecciones mejor de lo que lo hemos hecho en el pasado\u00bb, se\u00f1al\u00f3.<br \/>\nEn cuanto al posible riesgo para la salud p\u00fablica del HN51, el cient\u00edfico jefe de la OMS, advirti\u00f3 de que el desarrollo de vacunas no est\u00e1 \u00abdonde tiene que estar\u00bb. \u00abTampoco las oficinas regionales y nacionales y las autoridades de salud p\u00fablica de todo el mundo tienen capacidad para diagnosticar el H5N1\u00bb, indic\u00f3. (Europa Press)<\/p>\n","protected":false},"excerpt":{"rendered":"<p>El cient\u00edfico l\u00edder de la Organizaci\u00f3n Mundial de la Salud (OMS), el doctor Jeremy Farrar, alerta de la gran preocupaci\u00f3n que supone que la gripe aviar pueda evolucionar y empezar a extenderse de persona a persona. El H5N1 es una infecci\u00f3n gripal, que se inici\u00f3 predominantemente en aves de corral y patos. Hasta la fecha, [&hellip;]<\/p>\n","protected":false},"author":1,"featured_media":215630,"comment_status":"open","ping_status":"open","sticky":false,"template":"","format":"standard","meta":{"_acf_changed":false,"footnotes":""},"categories":[3],"tags":[],"class_list":["post-215629","post","type-post","status-publish","format-standard","has-post-thumbnail","category-internacional"],"acf":{"antetitulo":"De persona a persona"},"yoast_head":"<!-- This site is optimized with the Yoast SEO plugin v28.3 - https:\/\/yoast.com\/product\/yoast-seo-wordpress\/ -->\n<title>OMS preocupada por la gripe aviar que empieza a extenderse - El Diario - Bolivia<\/title>\n<meta name=\"robots\" content=\"index, follow, max-snippet:-1, max-image-preview:large, max-video-preview:-1\" \/>\n<link rel=\"canonical\" href=\"https:\/\/www.eldiario.net\/portal\/2024\/04\/21\/oms-preocupada-por-la-gripe-aviar-que-empieza-a-extenderse\/\" \/>\n<meta property=\"og:locale\" content=\"es_ES\" \/>\n<meta property=\"og:type\" content=\"article\" \/>\n<meta property=\"og:title\" content=\"OMS preocupada por la gripe aviar que empieza a extenderse - El Diario - Bolivia\" \/>\n<meta property=\"og:description\" content=\"El cient\u00edfico l\u00edder de la Organizaci\u00f3n Mundial de la Salud (OMS), el doctor Jeremy Farrar, alerta de la gran preocupaci\u00f3n que supone que la gripe aviar pueda evolucionar y empezar a extenderse de persona a persona. El H5N1 es una infecci\u00f3n gripal, que se inici\u00f3 predominantemente en aves de corral y patos. Hasta la fecha, [&hellip;]\" \/>\n<meta property=\"og:url\" content=\"https:\/\/www.eldiario.net\/portal\/2024\/04\/21\/oms-preocupada-por-la-gripe-aviar-que-empieza-a-extenderse\/\" \/>\n<meta property=\"og:site_name\" content=\"El Diario - Bolivia\" \/>\n<meta property=\"article:publisher\" content=\"https:\/\/www.facebook.com\/eldiario.bolivia\/\" \/>\n<meta property=\"article:published_time\" content=\"2024-04-21T09:55:32+00:00\" \/>\n<meta property=\"og:image\" content=\"https:\/\/www.eldiario.net\/portal\/wp-content\/uploads\/2024\/04\/AVE.jpg\" \/>\n\t<meta property=\"og:image:width\" content=\"1200\" \/>\n\t<meta property=\"og:image:height\" content=\"675\" \/>\n\t<meta property=\"og:image:type\" content=\"image\/jpeg\" \/>\n<meta name=\"author\" content=\"Jeanette\" \/>\n<meta name=\"twitter:card\" content=\"summary_large_image\" \/>\n<meta name=\"twitter:creator\" content=\"@eldiario_net\" \/>\n<meta name=\"twitter:site\" content=\"@eldiario_net\" \/>\n<meta name=\"twitter:label1\" content=\"Escrito por\" \/>\n\t<meta name=\"twitter:data1\" content=\"Jeanette\" \/>\n\t<meta name=\"twitter:label2\" content=\"Tiempo de lectura\" \/>\n\t<meta name=\"twitter:data2\" content=\"3 minutos\" \/>\n<script type=\"application\/ld+json\" class=\"yoast-schema-graph\">{\"@context\":\"https:\\\/\\\/schema.org\",\"@graph\":[{\"@type\":\"Article\",\"@id\":\"https:\\\/\\\/www.eldiario.net\\\/portal\\\/2024\\\/04\\\/21\\\/oms-preocupada-por-la-gripe-aviar-que-empieza-a-extenderse\\\/#article\",\"isPartOf\":{\"@id\":\"https:\\\/\\\/www.eldiario.net\\\/portal\\\/2024\\\/04\\\/21\\\/oms-preocupada-por-la-gripe-aviar-que-empieza-a-extenderse\\\/\"},\"author\":{\"name\":\"Jeanette\",\"@id\":\"https:\\\/\\\/www.eldiario.net\\\/portal\\\/#\\\/schema\\\/person\\\/f46445640444750d7d753ccd04ae01b7\"},\"headline\":\"OMS preocupada por la gripe aviar que empieza a extenderse\",\"datePublished\":\"2024-04-21T09:55:32+00:00\",\"mainEntityOfPage\":{\"@id\":\"https:\\\/\\\/www.eldiario.net\\\/portal\\\/2024\\\/04\\\/21\\\/oms-preocupada-por-la-gripe-aviar-que-empieza-a-extenderse\\\/\"},\"wordCount\":561,\"commentCount\":0,\"publisher\":{\"@id\":\"https:\\\/\\\/www.eldiario.net\\\/portal\\\/#organization\"},\"image\":{\"@id\":\"https:\\\/\\\/www.eldiario.net\\\/portal\\\/2024\\\/04\\\/21\\\/oms-preocupada-por-la-gripe-aviar-que-empieza-a-extenderse\\\/#primaryimage\"},\"thumbnailUrl\":\"https:\\\/\\\/www.eldiario.net\\\/portal\\\/wp-content\\\/uploads\\\/2024\\\/04\\\/AVE.jpg\",\"articleSection\":[\"Internacional\"],\"inLanguage\":\"es\",\"potentialAction\":[{\"@type\":\"CommentAction\",\"name\":\"Comment\",\"target\":[\"https:\\\/\\\/www.eldiario.net\\\/portal\\\/2024\\\/04\\\/21\\\/oms-preocupada-por-la-gripe-aviar-que-empieza-a-extenderse\\\/#respond\"]}]},{\"@type\":\"WebPage\",\"@id\":\"https:\\\/\\\/www.eldiario.net\\\/portal\\\/2024\\\/04\\\/21\\\/oms-preocupada-por-la-gripe-aviar-que-empieza-a-extenderse\\\/\",\"url\":\"https:\\\/\\\/www.eldiario.net\\\/portal\\\/2024\\\/04\\\/21\\\/oms-preocupada-por-la-gripe-aviar-que-empieza-a-extenderse\\\/\",\"name\":\"OMS preocupada por la gripe aviar que empieza a extenderse - El Diario - Bolivia\",\"isPartOf\":{\"@id\":\"https:\\\/\\\/www.eldiario.net\\\/portal\\\/#website\"},\"primaryImageOfPage\":{\"@id\":\"https:\\\/\\\/www.eldiario.net\\\/portal\\\/2024\\\/04\\\/21\\\/oms-preocupada-por-la-gripe-aviar-que-empieza-a-extenderse\\\/#primaryimage\"},\"image\":{\"@id\":\"https:\\\/\\\/www.eldiario.net\\\/portal\\\/2024\\\/04\\\/21\\\/oms-preocupada-por-la-gripe-aviar-que-empieza-a-extenderse\\\/#primaryimage\"},\"thumbnailUrl\":\"https:\\\/\\\/www.eldiario.net\\\/portal\\\/wp-content\\\/uploads\\\/2024\\\/04\\\/AVE.jpg\",\"datePublished\":\"2024-04-21T09:55:32+00:00\",\"breadcrumb\":{\"@id\":\"https:\\\/\\\/www.eldiario.net\\\/portal\\\/2024\\\/04\\\/21\\\/oms-preocupada-por-la-gripe-aviar-que-empieza-a-extenderse\\\/#breadcrumb\"},\"inLanguage\":\"es\",\"potentialAction\":[{\"@type\":\"ReadAction\",\"target\":[\"https:\\\/\\\/www.eldiario.net\\\/portal\\\/2024\\\/04\\\/21\\\/oms-preocupada-por-la-gripe-aviar-que-empieza-a-extenderse\\\/\"]}]},{\"@type\":\"ImageObject\",\"inLanguage\":\"es\",\"@id\":\"https:\\\/\\\/www.eldiario.net\\\/portal\\\/2024\\\/04\\\/21\\\/oms-preocupada-por-la-gripe-aviar-que-empieza-a-extenderse\\\/#primaryimage\",\"url\":\"https:\\\/\\\/www.eldiario.net\\\/portal\\\/wp-content\\\/uploads\\\/2024\\\/04\\\/AVE.jpg\",\"contentUrl\":\"https:\\\/\\\/www.eldiario.net\\\/portal\\\/wp-content\\\/uploads\\\/2024\\\/04\\\/AVE.jpg\",\"width\":1200,\"height\":675,\"caption\":\"HASTA LA FECHA NO SE REGISTRARON NINGUNA TRANSMISI\u00d3N DEL H5N1. El Peri\u00f3dico\"},{\"@type\":\"BreadcrumbList\",\"@id\":\"https:\\\/\\\/www.eldiario.net\\\/portal\\\/2024\\\/04\\\/21\\\/oms-preocupada-por-la-gripe-aviar-que-empieza-a-extenderse\\\/#breadcrumb\",\"itemListElement\":[{\"@type\":\"ListItem\",\"position\":1,\"name\":\"Portada\",\"item\":\"https:\\\/\\\/www.eldiario.net\\\/portal\\\/\"},{\"@type\":\"ListItem\",\"position\":2,\"name\":\"OMS preocupada por la gripe aviar que empieza a extenderse\"}]},{\"@type\":\"WebSite\",\"@id\":\"https:\\\/\\\/www.eldiario.net\\\/portal\\\/#website\",\"url\":\"https:\\\/\\\/www.eldiario.net\\\/portal\\\/\",\"name\":\"El Diario - Decano de la prensa nacional\",\"description\":\"El Diario - Decano de la prensa nacional\",\"publisher\":{\"@id\":\"https:\\\/\\\/www.eldiario.net\\\/portal\\\/#organization\"},\"potentialAction\":[{\"@type\":\"SearchAction\",\"target\":{\"@type\":\"EntryPoint\",\"urlTemplate\":\"https:\\\/\\\/www.eldiario.net\\\/portal\\\/?s={search_term_string}\"},\"query-input\":{\"@type\":\"PropertyValueSpecification\",\"valueRequired\":true,\"valueName\":\"search_term_string\"}}],\"inLanguage\":\"es\"},{\"@type\":\"Organization\",\"@id\":\"https:\\\/\\\/www.eldiario.net\\\/portal\\\/#organization\",\"name\":\"El Diario - Decano de la prensa nacional\",\"url\":\"https:\\\/\\\/www.eldiario.net\\\/portal\\\/\",\"logo\":{\"@type\":\"ImageObject\",\"inLanguage\":\"es\",\"@id\":\"https:\\\/\\\/www.eldiario.net\\\/portal\\\/#\\\/schema\\\/logo\\\/image\\\/\",\"url\":\"https:\\\/\\\/www.eldiario.net\\\/portal\\\/wp-content\\\/uploads\\\/2023\\\/07\\\/logo_ED.jpg\",\"contentUrl\":\"https:\\\/\\\/www.eldiario.net\\\/portal\\\/wp-content\\\/uploads\\\/2023\\\/07\\\/logo_ED.jpg\",\"width\":272,\"height\":52,\"caption\":\"El Diario - Decano de la prensa nacional\"},\"image\":{\"@id\":\"https:\\\/\\\/www.eldiario.net\\\/portal\\\/#\\\/schema\\\/logo\\\/image\\\/\"},\"sameAs\":[\"https:\\\/\\\/www.facebook.com\\\/eldiario.bolivia\\\/\",\"https:\\\/\\\/x.com\\\/eldiario_net\"]},{\"@type\":\"Person\",\"@id\":\"https:\\\/\\\/www.eldiario.net\\\/portal\\\/#\\\/schema\\\/person\\\/f46445640444750d7d753ccd04ae01b7\",\"name\":\"Jeanette\",\"image\":{\"@type\":\"ImageObject\",\"inLanguage\":\"es\",\"@id\":\"https:\\\/\\\/secure.gravatar.com\\\/avatar\\\/3ea2118a5f7dad2b7138b1187a6b7ee55f160b9968b66013c3a3ef39dd7e5798?s=96&d=mm&r=g\",\"url\":\"https:\\\/\\\/secure.gravatar.com\\\/avatar\\\/3ea2118a5f7dad2b7138b1187a6b7ee55f160b9968b66013c3a3ef39dd7e5798?s=96&d=mm&r=g\",\"contentUrl\":\"https:\\\/\\\/secure.gravatar.com\\\/avatar\\\/3ea2118a5f7dad2b7138b1187a6b7ee55f160b9968b66013c3a3ef39dd7e5798?s=96&d=mm&r=g\",\"caption\":\"Jeanette\"},\"sameAs\":[\"https:\\\/\\\/www.eldiario.net\\\/portal\"],\"url\":\"https:\\\/\\\/www.eldiario.net\\\/portal\\\/author\\\/jeanette\\\/\"}]}<\/script>\n<!-- \/ Yoast SEO plugin. -->","yoast_head_json":{"title":"OMS preocupada por la gripe aviar que empieza a extenderse - El Diario - Bolivia","robots":{"index":"index","follow":"follow","max-snippet":"max-snippet:-1","max-image-preview":"max-image-preview:large","max-video-preview":"max-video-preview:-1"},"canonical":"https:\/\/www.eldiario.net\/portal\/2024\/04\/21\/oms-preocupada-por-la-gripe-aviar-que-empieza-a-extenderse\/","og_locale":"es_ES","og_type":"article","og_title":"OMS preocupada por la gripe aviar que empieza a extenderse - El Diario - Bolivia","og_description":"El cient\u00edfico l\u00edder de la Organizaci\u00f3n Mundial de la Salud (OMS), el doctor Jeremy Farrar, alerta de la gran preocupaci\u00f3n que supone que la gripe aviar pueda evolucionar y empezar a extenderse de persona a persona. El H5N1 es una infecci\u00f3n gripal, que se inici\u00f3 predominantemente en aves de corral y patos. Hasta la fecha, [&hellip;]","og_url":"https:\/\/www.eldiario.net\/portal\/2024\/04\/21\/oms-preocupada-por-la-gripe-aviar-que-empieza-a-extenderse\/","og_site_name":"El Diario - Bolivia","article_publisher":"https:\/\/www.facebook.com\/eldiario.bolivia\/","article_published_time":"2024-04-21T09:55:32+00:00","og_image":[{"width":1200,"height":675,"url":"https:\/\/www.eldiario.net\/portal\/wp-content\/uploads\/2024\/04\/AVE.jpg","type":"image\/jpeg"}],"author":"Jeanette","twitter_card":"summary_large_image","twitter_creator":"@eldiario_net","twitter_site":"@eldiario_net","twitter_misc":{"Escrito por":"Jeanette","Tiempo de lectura":"3 minutos"},"schema":{"@context":"https:\/\/schema.org","@graph":[{"@type":"Article","@id":"https:\/\/www.eldiario.net\/portal\/2024\/04\/21\/oms-preocupada-por-la-gripe-aviar-que-empieza-a-extenderse\/#article","isPartOf":{"@id":"https:\/\/www.eldiario.net\/portal\/2024\/04\/21\/oms-preocupada-por-la-gripe-aviar-que-empieza-a-extenderse\/"},"author":{"name":"Jeanette","@id":"https:\/\/www.eldiario.net\/portal\/#\/schema\/person\/f46445640444750d7d753ccd04ae01b7"},"headline":"OMS preocupada por la gripe aviar que empieza a extenderse","datePublished":"2024-04-21T09:55:32+00:00","mainEntityOfPage":{"@id":"https:\/\/www.eldiario.net\/portal\/2024\/04\/21\/oms-preocupada-por-la-gripe-aviar-que-empieza-a-extenderse\/"},"wordCount":561,"commentCount":0,"publisher":{"@id":"https:\/\/www.eldiario.net\/portal\/#organization"},"image":{"@id":"https:\/\/www.eldiario.net\/portal\/2024\/04\/21\/oms-preocupada-por-la-gripe-aviar-que-empieza-a-extenderse\/#primaryimage"},"thumbnailUrl":"https:\/\/www.eldiario.net\/portal\/wp-content\/uploads\/2024\/04\/AVE.jpg","articleSection":["Internacional"],"inLanguage":"es","potentialAction":[{"@type":"CommentAction","name":"Comment","target":["https:\/\/www.eldiario.net\/portal\/2024\/04\/21\/oms-preocupada-por-la-gripe-aviar-que-empieza-a-extenderse\/#respond"]}]},{"@type":"WebPage","@id":"https:\/\/www.eldiario.net\/portal\/2024\/04\/21\/oms-preocupada-por-la-gripe-aviar-que-empieza-a-extenderse\/","url":"https:\/\/www.eldiario.net\/portal\/2024\/04\/21\/oms-preocupada-por-la-gripe-aviar-que-empieza-a-extenderse\/","name":"OMS preocupada por la gripe aviar que empieza a extenderse - El Diario - Bolivia","isPartOf":{"@id":"https:\/\/www.eldiario.net\/portal\/#website"},"primaryImageOfPage":{"@id":"https:\/\/www.eldiario.net\/portal\/2024\/04\/21\/oms-preocupada-por-la-gripe-aviar-que-empieza-a-extenderse\/#primaryimage"},"image":{"@id":"https:\/\/www.eldiario.net\/portal\/2024\/04\/21\/oms-preocupada-por-la-gripe-aviar-que-empieza-a-extenderse\/#primaryimage"},"thumbnailUrl":"https:\/\/www.eldiario.net\/portal\/wp-content\/uploads\/2024\/04\/AVE.jpg","datePublished":"2024-04-21T09:55:32+00:00","breadcrumb":{"@id":"https:\/\/www.eldiario.net\/portal\/2024\/04\/21\/oms-preocupada-por-la-gripe-aviar-que-empieza-a-extenderse\/#breadcrumb"},"inLanguage":"es","potentialAction":[{"@type":"ReadAction","target":["https:\/\/www.eldiario.net\/portal\/2024\/04\/21\/oms-preocupada-por-la-gripe-aviar-que-empieza-a-extenderse\/"]}]},{"@type":"ImageObject","inLanguage":"es","@id":"https:\/\/www.eldiario.net\/portal\/2024\/04\/21\/oms-preocupada-por-la-gripe-aviar-que-empieza-a-extenderse\/#primaryimage","url":"https:\/\/www.eldiario.net\/portal\/wp-content\/uploads\/2024\/04\/AVE.jpg","contentUrl":"https:\/\/www.eldiario.net\/portal\/wp-content\/uploads\/2024\/04\/AVE.jpg","width":1200,"height":675,"caption":"HASTA LA FECHA NO SE REGISTRARON NINGUNA TRANSMISI\u00d3N DEL H5N1. El Peri\u00f3dico"},{"@type":"BreadcrumbList","@id":"https:\/\/www.eldiario.net\/portal\/2024\/04\/21\/oms-preocupada-por-la-gripe-aviar-que-empieza-a-extenderse\/#breadcrumb","itemListElement":[{"@type":"ListItem","position":1,"name":"Portada","item":"https:\/\/www.eldiario.net\/portal\/"},{"@type":"ListItem","position":2,"name":"OMS preocupada por la gripe aviar que empieza a extenderse"}]},{"@type":"WebSite","@id":"https:\/\/www.eldiario.net\/portal\/#website","url":"https:\/\/www.eldiario.net\/portal\/","name":"El Diario - Decano de la prensa nacional","description":"El Diario - Decano de la prensa nacional","publisher":{"@id":"https:\/\/www.eldiario.net\/portal\/#organization"},"potentialAction":[{"@type":"SearchAction","target":{"@type":"EntryPoint","urlTemplate":"https:\/\/www.eldiario.net\/portal\/?s={search_term_string}"},"query-input":{"@type":"PropertyValueSpecification","valueRequired":true,"valueName":"search_term_string"}}],"inLanguage":"es"},{"@type":"Organization","@id":"https:\/\/www.eldiario.net\/portal\/#organization","name":"El Diario - Decano de la prensa nacional","url":"https:\/\/www.eldiario.net\/portal\/","logo":{"@type":"ImageObject","inLanguage":"es","@id":"https:\/\/www.eldiario.net\/portal\/#\/schema\/logo\/image\/","url":"https:\/\/www.eldiario.net\/portal\/wp-content\/uploads\/2023\/07\/logo_ED.jpg","contentUrl":"https:\/\/www.eldiario.net\/portal\/wp-content\/uploads\/2023\/07\/logo_ED.jpg","width":272,"height":52,"caption":"El Diario - Decano de la prensa nacional"},"image":{"@id":"https:\/\/www.eldiario.net\/portal\/#\/schema\/logo\/image\/"},"sameAs":["https:\/\/www.facebook.com\/eldiario.bolivia\/","https:\/\/x.com\/eldiario_net"]},{"@type":"Person","@id":"https:\/\/www.eldiario.net\/portal\/#\/schema\/person\/f46445640444750d7d753ccd04ae01b7","name":"Jeanette","image":{"@type":"ImageObject","inLanguage":"es","@id":"https:\/\/secure.gravatar.com\/avatar\/3ea2118a5f7dad2b7138b1187a6b7ee55f160b9968b66013c3a3ef39dd7e5798?s=96&d=mm&r=g","url":"https:\/\/secure.gravatar.com\/avatar\/3ea2118a5f7dad2b7138b1187a6b7ee55f160b9968b66013c3a3ef39dd7e5798?s=96&d=mm&r=g","contentUrl":"https:\/\/secure.gravatar.com\/avatar\/3ea2118a5f7dad2b7138b1187a6b7ee55f160b9968b66013c3a3ef39dd7e5798?s=96&d=mm&r=g","caption":"Jeanette"},"sameAs":["https:\/\/www.eldiario.net\/portal"],"url":"https:\/\/www.eldiario.net\/portal\/author\/jeanette\/"}]}},"_links":{"self":[{"href":"https:\/\/www.eldiario.net\/portal\/wp-json\/wp\/v2\/posts\/215629","targetHints":{"allow":["GET"]}}],"collection":[{"href":"https:\/\/www.eldiario.net\/portal\/wp-json\/wp\/v2\/posts"}],"about":[{"href":"https:\/\/www.eldiario.net\/portal\/wp-json\/wp\/v2\/types\/post"}],"author":[{"embeddable":true,"href":"https:\/\/www.eldiario.net\/portal\/wp-json\/wp\/v2\/users\/1"}],"replies":[{"embeddable":true,"href":"https:\/\/www.eldiario.net\/portal\/wp-json\/wp\/v2\/comments?post=215629"}],"version-history":[{"count":1,"href":"https:\/\/www.eldiario.net\/portal\/wp-json\/wp\/v2\/posts\/215629\/revisions"}],"predecessor-version":[{"id":215631,"href":"https:\/\/www.eldiario.net\/portal\/wp-json\/wp\/v2\/posts\/215629\/revisions\/215631"}],"wp:featuredmedia":[{"embeddable":true,"href":"https:\/\/www.eldiario.net\/portal\/wp-json\/wp\/v2\/media\/215630"}],"wp:attachment":[{"href":"https:\/\/www.eldiario.net\/portal\/wp-json\/wp\/v2\/media?parent=215629"}],"wp:term":[{"taxonomy":"category","embeddable":true,"href":"https:\/\/www.eldiario.net\/portal\/wp-json\/wp\/v2\/categories?post=215629"},{"taxonomy":"post_tag","embeddable":true,"href":"https:\/\/www.eldiario.net\/portal\/wp-json\/wp\/v2\/tags?post=215629"}],"curies":[{"name":"wp","href":"https:\/\/api.w.org\/{rel}","templated":true}]}}