{"id":215624,"date":"2024-04-21T05:54:03","date_gmt":"2024-04-21T09:54:03","guid":{"rendered":"https:\/\/www.eldiario.net\/portal\/?p=215624"},"modified":"2024-04-21T05:54:03","modified_gmt":"2024-04-21T09:54:03","slug":"alimentos-con-vitamina-c-alivian-reacciones-alergicas","status":"publish","type":"post","link":"https:\/\/www.eldiario.net\/portal\/2024\/04\/21\/alimentos-con-vitamina-c-alivian-reacciones-alergicas\/","title":{"rendered":"Alimentos con vitamina C alivian reacciones al\u00e9rgicas"},"content":{"rendered":"<p>Los alimentos con vitamina C, \u00e1cido f\u00f3lico y nutrientes con propiedades antiinflamatorias ayudan a aliviar las reacciones al\u00e9rgicas, seg\u00fan explica la experta en Medicina General del centro m\u00e9dico MGC Mutua, la doctora Nuria Paredes, con motivo de la llegada de la primavera, y consigo, las etapas de mayor polinizaci\u00f3n.<br \/>\nSeg\u00fan la doctora Paredes, las alergias ocurren cuando el sistema inmunitario reacciona de manera exagerada ante una sustancia extra\u00f1a, como puede ser el polvo, el polen, el veneno de las abejas o el pelo de las mascotas, as\u00ed como al ingerir ciertos alimentos, como los cacahuetes, el melocot\u00f3n, el huevo, etc.<br \/>\nEn concreto, la manzana (con quercetina, un flavonoide que ayuda a fortalecer el sistema inmunol\u00f3gico), el ajo y la cebolla (con propiedades antioxidantes, antiinflamatorias y vitaminas que ayudan a prevenir el envejecimiento celular), o el jengibre, son algunos de los alimentos aconsejables para la prevenci\u00f3n de alergias.<br \/>\nPREVENCI\u00d3N PRIMARIA,<br \/>\nSECUNDARIA Y TERCIARIA<br \/>\nLa experta en Medicina General determina, en primer lugar, la prevenci\u00f3n primaria, recomendada a personas sin s\u00edntomas al\u00e9rgicos, pero con riesgo para desarrollar alergias, entre los que se encuentran familiares de pacientes con antecedentes de alergia, ni\u00f1os con alguna enfermedad cong\u00e9nita o adquirida, u otros que tienen s\u00edntomas de dermatitis at\u00f3pica, asma y rinoconjuntivitis con estudio de alergia negativo.<br \/>\nLa prevenci\u00f3n secundaria, por otro lado, se lleva a cabo en personas con pruebas de alergia positivas, pero que no han experimentado s\u00edntomas. Se realiza para evitar que los s\u00edntomas se desarrollen y, en el caso de alergia a ciertos alimentos, por ejemplo, es habitual recomendar que el paciente, a pesar de la sensibilizaci\u00f3n, consuma el alimento si lo est\u00e1 tolerando bien y no le genera ning\u00fan s\u00edntoma o malestar.<br \/>\nSin embargo, en materiales como el l\u00e1tex, a pesar de que el paciente lo tolere, no se recomienda exponerse a este material, puesto que es probable que termine desarrollando s\u00edntomas.<br \/>\nPor \u00faltimo, la prevenci\u00f3n terciaria se realiza en aquellas personas que ya tuvieron s\u00edntomas al\u00e9rgicos para evitar que vuelvan a tenerlos o para intentar que sean m\u00e1s leves. Este grupo es el m\u00e1s f\u00e1cilmente identificable y puede llevarse a cabo evitando el al\u00e9rgeno y, cuando sea necesario, con un tratamiento farmacol\u00f3gico (medicaci\u00f3n preventiva y\/o inmunoterapia). (Europa Press)<\/p>\n","protected":false},"excerpt":{"rendered":"<p>Los alimentos con vitamina C, \u00e1cido f\u00f3lico y nutrientes con propiedades antiinflamatorias ayudan a aliviar las reacciones al\u00e9rgicas, seg\u00fan explica la experta en Medicina General del centro m\u00e9dico MGC Mutua, la doctora Nuria Paredes, con motivo de la llegada de la primavera, y consigo, las etapas de mayor polinizaci\u00f3n. Seg\u00fan la doctora Paredes, las alergias [&hellip;]<\/p>\n","protected":false},"author":1,"featured_media":194703,"comment_status":"open","ping_status":"open","sticky":false,"template":"","format":"standard","meta":{"_acf_changed":false,"footnotes":""},"categories":[3],"tags":[],"class_list":["post-215624","post","type-post","status-publish","format-standard","has-post-thumbnail","category-internacional"],"acf":{"antetitulo":"Seg\u00fan experta en medicina general"},"yoast_head":"<!-- This site is optimized with the Yoast SEO plugin v28.3 - https:\/\/yoast.com\/product\/yoast-seo-wordpress\/ -->\n<title>Alimentos con vitamina C alivian reacciones al\u00e9rgicas - El Diario - Bolivia<\/title>\n<meta name=\"robots\" content=\"index, follow, max-snippet:-1, max-image-preview:large, max-video-preview:-1\" \/>\n<link rel=\"canonical\" href=\"https:\/\/www.eldiario.net\/portal\/2024\/04\/21\/alimentos-con-vitamina-c-alivian-reacciones-alergicas\/\" \/>\n<meta property=\"og:locale\" content=\"es_ES\" \/>\n<meta property=\"og:type\" content=\"article\" \/>\n<meta property=\"og:title\" content=\"Alimentos con vitamina C alivian reacciones al\u00e9rgicas - El Diario - Bolivia\" \/>\n<meta property=\"og:description\" content=\"Los alimentos con vitamina C, \u00e1cido f\u00f3lico y nutrientes con propiedades antiinflamatorias ayudan a aliviar las reacciones al\u00e9rgicas, seg\u00fan explica la experta en Medicina General del centro m\u00e9dico MGC Mutua, la doctora Nuria Paredes, con motivo de la llegada de la primavera, y consigo, las etapas de mayor polinizaci\u00f3n. Seg\u00fan la doctora Paredes, las alergias [&hellip;]\" \/>\n<meta property=\"og:url\" content=\"https:\/\/www.eldiario.net\/portal\/2024\/04\/21\/alimentos-con-vitamina-c-alivian-reacciones-alergicas\/\" \/>\n<meta property=\"og:site_name\" content=\"El Diario - Bolivia\" \/>\n<meta property=\"article:publisher\" content=\"https:\/\/www.facebook.com\/eldiario.bolivia\/\" \/>\n<meta property=\"article:published_time\" content=\"2024-04-21T09:54:03+00:00\" \/>\n<meta property=\"og:image\" content=\"https:\/\/www.eldiario.net\/portal\/wp-content\/uploads\/2023\/12\/Internacional.jpg\" \/>\n\t<meta property=\"og:image:width\" content=\"800\" \/>\n\t<meta property=\"og:image:height\" content=\"500\" \/>\n\t<meta property=\"og:image:type\" content=\"image\/jpeg\" \/>\n<meta name=\"author\" content=\"Jeanette\" \/>\n<meta name=\"twitter:card\" content=\"summary_large_image\" \/>\n<meta name=\"twitter:creator\" content=\"@eldiario_net\" \/>\n<meta name=\"twitter:site\" content=\"@eldiario_net\" \/>\n<meta name=\"twitter:label1\" content=\"Escrito por\" \/>\n\t<meta name=\"twitter:data1\" content=\"Jeanette\" \/>\n\t<meta name=\"twitter:label2\" content=\"Tiempo de lectura\" \/>\n\t<meta name=\"twitter:data2\" content=\"2 minutos\" \/>\n<script type=\"application\/ld+json\" class=\"yoast-schema-graph\">{\"@context\":\"https:\\\/\\\/schema.org\",\"@graph\":[{\"@type\":\"Article\",\"@id\":\"https:\\\/\\\/www.eldiario.net\\\/portal\\\/2024\\\/04\\\/21\\\/alimentos-con-vitamina-c-alivian-reacciones-alergicas\\\/#article\",\"isPartOf\":{\"@id\":\"https:\\\/\\\/www.eldiario.net\\\/portal\\\/2024\\\/04\\\/21\\\/alimentos-con-vitamina-c-alivian-reacciones-alergicas\\\/\"},\"author\":{\"name\":\"Jeanette\",\"@id\":\"https:\\\/\\\/www.eldiario.net\\\/portal\\\/#\\\/schema\\\/person\\\/f46445640444750d7d753ccd04ae01b7\"},\"headline\":\"Alimentos con vitamina C alivian reacciones al\u00e9rgicas\",\"datePublished\":\"2024-04-21T09:54:03+00:00\",\"mainEntityOfPage\":{\"@id\":\"https:\\\/\\\/www.eldiario.net\\\/portal\\\/2024\\\/04\\\/21\\\/alimentos-con-vitamina-c-alivian-reacciones-alergicas\\\/\"},\"wordCount\":412,\"commentCount\":0,\"publisher\":{\"@id\":\"https:\\\/\\\/www.eldiario.net\\\/portal\\\/#organization\"},\"image\":{\"@id\":\"https:\\\/\\\/www.eldiario.net\\\/portal\\\/2024\\\/04\\\/21\\\/alimentos-con-vitamina-c-alivian-reacciones-alergicas\\\/#primaryimage\"},\"thumbnailUrl\":\"https:\\\/\\\/www.eldiario.net\\\/portal\\\/wp-content\\\/uploads\\\/2023\\\/12\\\/Internacional.jpg\",\"articleSection\":[\"Internacional\"],\"inLanguage\":\"es\",\"potentialAction\":[{\"@type\":\"CommentAction\",\"name\":\"Comment\",\"target\":[\"https:\\\/\\\/www.eldiario.net\\\/portal\\\/2024\\\/04\\\/21\\\/alimentos-con-vitamina-c-alivian-reacciones-alergicas\\\/#respond\"]}]},{\"@type\":\"WebPage\",\"@id\":\"https:\\\/\\\/www.eldiario.net\\\/portal\\\/2024\\\/04\\\/21\\\/alimentos-con-vitamina-c-alivian-reacciones-alergicas\\\/\",\"url\":\"https:\\\/\\\/www.eldiario.net\\\/portal\\\/2024\\\/04\\\/21\\\/alimentos-con-vitamina-c-alivian-reacciones-alergicas\\\/\",\"name\":\"Alimentos con vitamina C alivian reacciones al\u00e9rgicas - El Diario - Bolivia\",\"isPartOf\":{\"@id\":\"https:\\\/\\\/www.eldiario.net\\\/portal\\\/#website\"},\"primaryImageOfPage\":{\"@id\":\"https:\\\/\\\/www.eldiario.net\\\/portal\\\/2024\\\/04\\\/21\\\/alimentos-con-vitamina-c-alivian-reacciones-alergicas\\\/#primaryimage\"},\"image\":{\"@id\":\"https:\\\/\\\/www.eldiario.net\\\/portal\\\/2024\\\/04\\\/21\\\/alimentos-con-vitamina-c-alivian-reacciones-alergicas\\\/#primaryimage\"},\"thumbnailUrl\":\"https:\\\/\\\/www.eldiario.net\\\/portal\\\/wp-content\\\/uploads\\\/2023\\\/12\\\/Internacional.jpg\",\"datePublished\":\"2024-04-21T09:54:03+00:00\",\"breadcrumb\":{\"@id\":\"https:\\\/\\\/www.eldiario.net\\\/portal\\\/2024\\\/04\\\/21\\\/alimentos-con-vitamina-c-alivian-reacciones-alergicas\\\/#breadcrumb\"},\"inLanguage\":\"es\",\"potentialAction\":[{\"@type\":\"ReadAction\",\"target\":[\"https:\\\/\\\/www.eldiario.net\\\/portal\\\/2024\\\/04\\\/21\\\/alimentos-con-vitamina-c-alivian-reacciones-alergicas\\\/\"]}]},{\"@type\":\"ImageObject\",\"inLanguage\":\"es\",\"@id\":\"https:\\\/\\\/www.eldiario.net\\\/portal\\\/2024\\\/04\\\/21\\\/alimentos-con-vitamina-c-alivian-reacciones-alergicas\\\/#primaryimage\",\"url\":\"https:\\\/\\\/www.eldiario.net\\\/portal\\\/wp-content\\\/uploads\\\/2023\\\/12\\\/Internacional.jpg\",\"contentUrl\":\"https:\\\/\\\/www.eldiario.net\\\/portal\\\/wp-content\\\/uploads\\\/2023\\\/12\\\/Internacional.jpg\",\"width\":800,\"height\":500},{\"@type\":\"BreadcrumbList\",\"@id\":\"https:\\\/\\\/www.eldiario.net\\\/portal\\\/2024\\\/04\\\/21\\\/alimentos-con-vitamina-c-alivian-reacciones-alergicas\\\/#breadcrumb\",\"itemListElement\":[{\"@type\":\"ListItem\",\"position\":1,\"name\":\"Portada\",\"item\":\"https:\\\/\\\/www.eldiario.net\\\/portal\\\/\"},{\"@type\":\"ListItem\",\"position\":2,\"name\":\"Alimentos con vitamina C alivian reacciones al\u00e9rgicas\"}]},{\"@type\":\"WebSite\",\"@id\":\"https:\\\/\\\/www.eldiario.net\\\/portal\\\/#website\",\"url\":\"https:\\\/\\\/www.eldiario.net\\\/portal\\\/\",\"name\":\"El Diario - Decano de la prensa nacional\",\"description\":\"El Diario - Decano de la prensa nacional\",\"publisher\":{\"@id\":\"https:\\\/\\\/www.eldiario.net\\\/portal\\\/#organization\"},\"potentialAction\":[{\"@type\":\"SearchAction\",\"target\":{\"@type\":\"EntryPoint\",\"urlTemplate\":\"https:\\\/\\\/www.eldiario.net\\\/portal\\\/?s={search_term_string}\"},\"query-input\":{\"@type\":\"PropertyValueSpecification\",\"valueRequired\":true,\"valueName\":\"search_term_string\"}}],\"inLanguage\":\"es\"},{\"@type\":\"Organization\",\"@id\":\"https:\\\/\\\/www.eldiario.net\\\/portal\\\/#organization\",\"name\":\"El Diario - Decano de la prensa nacional\",\"url\":\"https:\\\/\\\/www.eldiario.net\\\/portal\\\/\",\"logo\":{\"@type\":\"ImageObject\",\"inLanguage\":\"es\",\"@id\":\"https:\\\/\\\/www.eldiario.net\\\/portal\\\/#\\\/schema\\\/logo\\\/image\\\/\",\"url\":\"https:\\\/\\\/www.eldiario.net\\\/portal\\\/wp-content\\\/uploads\\\/2023\\\/07\\\/logo_ED.jpg\",\"contentUrl\":\"https:\\\/\\\/www.eldiario.net\\\/portal\\\/wp-content\\\/uploads\\\/2023\\\/07\\\/logo_ED.jpg\",\"width\":272,\"height\":52,\"caption\":\"El Diario - Decano de la prensa nacional\"},\"image\":{\"@id\":\"https:\\\/\\\/www.eldiario.net\\\/portal\\\/#\\\/schema\\\/logo\\\/image\\\/\"},\"sameAs\":[\"https:\\\/\\\/www.facebook.com\\\/eldiario.bolivia\\\/\",\"https:\\\/\\\/x.com\\\/eldiario_net\"]},{\"@type\":\"Person\",\"@id\":\"https:\\\/\\\/www.eldiario.net\\\/portal\\\/#\\\/schema\\\/person\\\/f46445640444750d7d753ccd04ae01b7\",\"name\":\"Jeanette\",\"image\":{\"@type\":\"ImageObject\",\"inLanguage\":\"es\",\"@id\":\"https:\\\/\\\/secure.gravatar.com\\\/avatar\\\/3ea2118a5f7dad2b7138b1187a6b7ee55f160b9968b66013c3a3ef39dd7e5798?s=96&d=mm&r=g\",\"url\":\"https:\\\/\\\/secure.gravatar.com\\\/avatar\\\/3ea2118a5f7dad2b7138b1187a6b7ee55f160b9968b66013c3a3ef39dd7e5798?s=96&d=mm&r=g\",\"contentUrl\":\"https:\\\/\\\/secure.gravatar.com\\\/avatar\\\/3ea2118a5f7dad2b7138b1187a6b7ee55f160b9968b66013c3a3ef39dd7e5798?s=96&d=mm&r=g\",\"caption\":\"Jeanette\"},\"sameAs\":[\"https:\\\/\\\/www.eldiario.net\\\/portal\"],\"url\":\"https:\\\/\\\/www.eldiario.net\\\/portal\\\/author\\\/jeanette\\\/\"}]}<\/script>\n<!-- \/ Yoast SEO plugin. -->","yoast_head_json":{"title":"Alimentos con vitamina C alivian reacciones al\u00e9rgicas - El Diario - Bolivia","robots":{"index":"index","follow":"follow","max-snippet":"max-snippet:-1","max-image-preview":"max-image-preview:large","max-video-preview":"max-video-preview:-1"},"canonical":"https:\/\/www.eldiario.net\/portal\/2024\/04\/21\/alimentos-con-vitamina-c-alivian-reacciones-alergicas\/","og_locale":"es_ES","og_type":"article","og_title":"Alimentos con vitamina C alivian reacciones al\u00e9rgicas - El Diario - Bolivia","og_description":"Los alimentos con vitamina C, \u00e1cido f\u00f3lico y nutrientes con propiedades antiinflamatorias ayudan a aliviar las reacciones al\u00e9rgicas, seg\u00fan explica la experta en Medicina General del centro m\u00e9dico MGC Mutua, la doctora Nuria Paredes, con motivo de la llegada de la primavera, y consigo, las etapas de mayor polinizaci\u00f3n. Seg\u00fan la doctora Paredes, las alergias [&hellip;]","og_url":"https:\/\/www.eldiario.net\/portal\/2024\/04\/21\/alimentos-con-vitamina-c-alivian-reacciones-alergicas\/","og_site_name":"El Diario - Bolivia","article_publisher":"https:\/\/www.facebook.com\/eldiario.bolivia\/","article_published_time":"2024-04-21T09:54:03+00:00","og_image":[{"width":800,"height":500,"url":"https:\/\/www.eldiario.net\/portal\/wp-content\/uploads\/2023\/12\/Internacional.jpg","type":"image\/jpeg"}],"author":"Jeanette","twitter_card":"summary_large_image","twitter_creator":"@eldiario_net","twitter_site":"@eldiario_net","twitter_misc":{"Escrito por":"Jeanette","Tiempo de lectura":"2 minutos"},"schema":{"@context":"https:\/\/schema.org","@graph":[{"@type":"Article","@id":"https:\/\/www.eldiario.net\/portal\/2024\/04\/21\/alimentos-con-vitamina-c-alivian-reacciones-alergicas\/#article","isPartOf":{"@id":"https:\/\/www.eldiario.net\/portal\/2024\/04\/21\/alimentos-con-vitamina-c-alivian-reacciones-alergicas\/"},"author":{"name":"Jeanette","@id":"https:\/\/www.eldiario.net\/portal\/#\/schema\/person\/f46445640444750d7d753ccd04ae01b7"},"headline":"Alimentos con vitamina C alivian reacciones al\u00e9rgicas","datePublished":"2024-04-21T09:54:03+00:00","mainEntityOfPage":{"@id":"https:\/\/www.eldiario.net\/portal\/2024\/04\/21\/alimentos-con-vitamina-c-alivian-reacciones-alergicas\/"},"wordCount":412,"commentCount":0,"publisher":{"@id":"https:\/\/www.eldiario.net\/portal\/#organization"},"image":{"@id":"https:\/\/www.eldiario.net\/portal\/2024\/04\/21\/alimentos-con-vitamina-c-alivian-reacciones-alergicas\/#primaryimage"},"thumbnailUrl":"https:\/\/www.eldiario.net\/portal\/wp-content\/uploads\/2023\/12\/Internacional.jpg","articleSection":["Internacional"],"inLanguage":"es","potentialAction":[{"@type":"CommentAction","name":"Comment","target":["https:\/\/www.eldiario.net\/portal\/2024\/04\/21\/alimentos-con-vitamina-c-alivian-reacciones-alergicas\/#respond"]}]},{"@type":"WebPage","@id":"https:\/\/www.eldiario.net\/portal\/2024\/04\/21\/alimentos-con-vitamina-c-alivian-reacciones-alergicas\/","url":"https:\/\/www.eldiario.net\/portal\/2024\/04\/21\/alimentos-con-vitamina-c-alivian-reacciones-alergicas\/","name":"Alimentos con vitamina C alivian reacciones al\u00e9rgicas - El Diario - Bolivia","isPartOf":{"@id":"https:\/\/www.eldiario.net\/portal\/#website"},"primaryImageOfPage":{"@id":"https:\/\/www.eldiario.net\/portal\/2024\/04\/21\/alimentos-con-vitamina-c-alivian-reacciones-alergicas\/#primaryimage"},"image":{"@id":"https:\/\/www.eldiario.net\/portal\/2024\/04\/21\/alimentos-con-vitamina-c-alivian-reacciones-alergicas\/#primaryimage"},"thumbnailUrl":"https:\/\/www.eldiario.net\/portal\/wp-content\/uploads\/2023\/12\/Internacional.jpg","datePublished":"2024-04-21T09:54:03+00:00","breadcrumb":{"@id":"https:\/\/www.eldiario.net\/portal\/2024\/04\/21\/alimentos-con-vitamina-c-alivian-reacciones-alergicas\/#breadcrumb"},"inLanguage":"es","potentialAction":[{"@type":"ReadAction","target":["https:\/\/www.eldiario.net\/portal\/2024\/04\/21\/alimentos-con-vitamina-c-alivian-reacciones-alergicas\/"]}]},{"@type":"ImageObject","inLanguage":"es","@id":"https:\/\/www.eldiario.net\/portal\/2024\/04\/21\/alimentos-con-vitamina-c-alivian-reacciones-alergicas\/#primaryimage","url":"https:\/\/www.eldiario.net\/portal\/wp-content\/uploads\/2023\/12\/Internacional.jpg","contentUrl":"https:\/\/www.eldiario.net\/portal\/wp-content\/uploads\/2023\/12\/Internacional.jpg","width":800,"height":500},{"@type":"BreadcrumbList","@id":"https:\/\/www.eldiario.net\/portal\/2024\/04\/21\/alimentos-con-vitamina-c-alivian-reacciones-alergicas\/#breadcrumb","itemListElement":[{"@type":"ListItem","position":1,"name":"Portada","item":"https:\/\/www.eldiario.net\/portal\/"},{"@type":"ListItem","position":2,"name":"Alimentos con vitamina C alivian reacciones al\u00e9rgicas"}]},{"@type":"WebSite","@id":"https:\/\/www.eldiario.net\/portal\/#website","url":"https:\/\/www.eldiario.net\/portal\/","name":"El Diario - Decano de la prensa nacional","description":"El Diario - Decano de la prensa nacional","publisher":{"@id":"https:\/\/www.eldiario.net\/portal\/#organization"},"potentialAction":[{"@type":"SearchAction","target":{"@type":"EntryPoint","urlTemplate":"https:\/\/www.eldiario.net\/portal\/?s={search_term_string}"},"query-input":{"@type":"PropertyValueSpecification","valueRequired":true,"valueName":"search_term_string"}}],"inLanguage":"es"},{"@type":"Organization","@id":"https:\/\/www.eldiario.net\/portal\/#organization","name":"El Diario - Decano de la prensa nacional","url":"https:\/\/www.eldiario.net\/portal\/","logo":{"@type":"ImageObject","inLanguage":"es","@id":"https:\/\/www.eldiario.net\/portal\/#\/schema\/logo\/image\/","url":"https:\/\/www.eldiario.net\/portal\/wp-content\/uploads\/2023\/07\/logo_ED.jpg","contentUrl":"https:\/\/www.eldiario.net\/portal\/wp-content\/uploads\/2023\/07\/logo_ED.jpg","width":272,"height":52,"caption":"El Diario - Decano de la prensa nacional"},"image":{"@id":"https:\/\/www.eldiario.net\/portal\/#\/schema\/logo\/image\/"},"sameAs":["https:\/\/www.facebook.com\/eldiario.bolivia\/","https:\/\/x.com\/eldiario_net"]},{"@type":"Person","@id":"https:\/\/www.eldiario.net\/portal\/#\/schema\/person\/f46445640444750d7d753ccd04ae01b7","name":"Jeanette","image":{"@type":"ImageObject","inLanguage":"es","@id":"https:\/\/secure.gravatar.com\/avatar\/3ea2118a5f7dad2b7138b1187a6b7ee55f160b9968b66013c3a3ef39dd7e5798?s=96&d=mm&r=g","url":"https:\/\/secure.gravatar.com\/avatar\/3ea2118a5f7dad2b7138b1187a6b7ee55f160b9968b66013c3a3ef39dd7e5798?s=96&d=mm&r=g","contentUrl":"https:\/\/secure.gravatar.com\/avatar\/3ea2118a5f7dad2b7138b1187a6b7ee55f160b9968b66013c3a3ef39dd7e5798?s=96&d=mm&r=g","caption":"Jeanette"},"sameAs":["https:\/\/www.eldiario.net\/portal"],"url":"https:\/\/www.eldiario.net\/portal\/author\/jeanette\/"}]}},"_links":{"self":[{"href":"https:\/\/www.eldiario.net\/portal\/wp-json\/wp\/v2\/posts\/215624","targetHints":{"allow":["GET"]}}],"collection":[{"href":"https:\/\/www.eldiario.net\/portal\/wp-json\/wp\/v2\/posts"}],"about":[{"href":"https:\/\/www.eldiario.net\/portal\/wp-json\/wp\/v2\/types\/post"}],"author":[{"embeddable":true,"href":"https:\/\/www.eldiario.net\/portal\/wp-json\/wp\/v2\/users\/1"}],"replies":[{"embeddable":true,"href":"https:\/\/www.eldiario.net\/portal\/wp-json\/wp\/v2\/comments?post=215624"}],"version-history":[{"count":1,"href":"https:\/\/www.eldiario.net\/portal\/wp-json\/wp\/v2\/posts\/215624\/revisions"}],"predecessor-version":[{"id":215625,"href":"https:\/\/www.eldiario.net\/portal\/wp-json\/wp\/v2\/posts\/215624\/revisions\/215625"}],"wp:featuredmedia":[{"embeddable":true,"href":"https:\/\/www.eldiario.net\/portal\/wp-json\/wp\/v2\/media\/194703"}],"wp:attachment":[{"href":"https:\/\/www.eldiario.net\/portal\/wp-json\/wp\/v2\/media?parent=215624"}],"wp:term":[{"taxonomy":"category","embeddable":true,"href":"https:\/\/www.eldiario.net\/portal\/wp-json\/wp\/v2\/categories?post=215624"},{"taxonomy":"post_tag","embeddable":true,"href":"https:\/\/www.eldiario.net\/portal\/wp-json\/wp\/v2\/tags?post=215624"}],"curies":[{"name":"wp","href":"https:\/\/api.w.org\/{rel}","templated":true}]}}