{"id":215621,"date":"2024-04-21T05:53:19","date_gmt":"2024-04-21T09:53:19","guid":{"rendered":"https:\/\/www.eldiario.net\/portal\/?p=215621"},"modified":"2024-04-21T05:53:19","modified_gmt":"2024-04-21T09:53:19","slug":"caseras-se-unen-a-practica-de-reciclaje","status":"publish","type":"post","link":"https:\/\/www.eldiario.net\/portal\/2024\/04\/21\/caseras-se-unen-a-practica-de-reciclaje\/","title":{"rendered":"Caseras se unen a  pr\u00e1ctica de reciclaje"},"content":{"rendered":"<p>Luego de participar de charlas de concienciaci\u00f3n respecto a la importancia del reciclaje, comerciantes de diferentes mercados alte\u00f1os aprendieron a separar los residuos org\u00e1nicos de otro tipo de deshecho. Con ese material, la comuna de El Alto elabora compost que despu\u00e9s utiliza en las \u00e1reas verdes de la urbe.<br \/>\n\u201cEs bueno hacer educaci\u00f3n ambiental para darles mayores metodolog\u00edas a las caseritas del mercado y puedan hacer una buena disposici\u00f3n diferenciada, con el fin de recuperar todo el material org\u00e1nico que se genere en los mercados\u201d, mencion\u00f3 el jefe de la Unidad de Prevenci\u00f3n y Calidad Ambiental de la comuna alte\u00f1a, Jorge Llanque.<br \/>\nEl funcionario municipal explic\u00f3 que los residuos org\u00e1nicos de frutas y verduras son los que m\u00e1s abundan en los mercados, por lo que es importante darles un uso que ayudar\u00e1 a cultivar nuevos productos y plantas.<br \/>\n\u201cLo importante es darles mayores metodolog\u00edas a las caseritas de los mercados para que puedan hacer una buena disposici\u00f3n diferenciada, esto con el fin de recuperar todo el material org\u00e1nico que genera en los mercados que es mucho m\u00e1s abundante que en otras actividades\u201d, refiri\u00f3 el servidor p\u00fablico.<br \/>\nPara cumplir esa iniciativa, definieron un programa municipal mediante el cual capacitaron a las caseras para que separen residuos org\u00e1nicos de pl\u00e1stico, papel u otro material que perjudique al momento de realizar la preparaci\u00f3n y el proceso del compostaje. Ese acumulado, es recogido y trasladado hasta un lugar donde la comuna prepara el compost.<br \/>\n\u201cEn los mercados es m\u00e1s f\u00e1cil de reciclar y recuperar todo lo que es materia org\u00e1nica esto para generar compost. Hay un servicio que tenemos a trav\u00e9s de la empresa operadora Trebol, la cual lo lleva (los residuos de frutas y verduras) al relleno sanitario, que igual est\u00e1 bajo nuestra supervisi\u00f3n, en la cual elaboramos compost. Esto no solamente para disponerlo en el relleno sanitario sino tambi\u00e9n en nuestras \u00e1reas verdes\u201d, se\u00f1al\u00f3.<br \/>\nUno de los mercados en los que se inici\u00f3 con esta pr\u00e1ctica es la feria de Villa Dolores, donde las vendedoras ya est\u00e1n acostumbradas a separar la materia org\u00e1nica que es recolectada en un carro recolector de la Empresa de Aseo Urbano Trebol.<br \/>\nLos residuos org\u00e1nicos, al ser biodegradables, tienen la propiedad de desintegrarse o degradarse r\u00e1pidamente, transform\u00e1ndose en otra materia org\u00e1nica que puede utilizarse para el abono de las plantas, sea en casa o en el \u00e1rea verde del mercado.<br \/>\nCONSEJOS<br \/>\nDe acuerdo con Llanque, otro residuo que se genera en estos espacios de abastecimiento y en gran cantidad son las bolsas de nylon, art\u00edculo que en cierto grado es perjudicial para el medioambiente debido al tiempo que toma para su degradaci\u00f3n. Por ello, recomend\u00f3 a los consumidores evitar o reducir el uso de ese tipo de material y sustituirlo por una bolsa de tela o yute.<br \/>\nAsimismo, las botellas PET tambi\u00e9n se generan en estos espacios de comercio y se debe separar el dep\u00f3sito en residuos diferenciados.<br \/>\n\u201cAs\u00ed como una instituci\u00f3n o una unidad educativa, el mercado es como una instituci\u00f3n el cual recibe constantemente a la poblaci\u00f3n, entonces, es una manera de educar, no solamente a las caseritas o administradores de mercado, sino a toda la poblaci\u00f3n en general\u201d, manifest\u00f3 el funcionario edil.<\/p>\n","protected":false},"excerpt":{"rendered":"<p>Luego de participar de charlas de concienciaci\u00f3n respecto a la importancia del reciclaje, comerciantes de diferentes mercados alte\u00f1os aprendieron a separar los residuos org\u00e1nicos de otro tipo de deshecho. Con ese material, la comuna de El Alto elabora compost que despu\u00e9s utiliza en las \u00e1reas verdes de la urbe. \u201cEs bueno hacer educaci\u00f3n ambiental para [&hellip;]<\/p>\n","protected":false},"author":1,"featured_media":215622,"comment_status":"open","ping_status":"open","sticky":false,"template":"","format":"standard","meta":{"_acf_changed":false,"footnotes":""},"categories":[12],"tags":[],"class_list":["post-215621","post","type-post","status-publish","format-standard","has-post-thumbnail","category-nacional"],"acf":{"antetitulo":"El Alto"},"yoast_head":"<!-- This site is optimized with the Yoast SEO plugin v28.3 - https:\/\/yoast.com\/product\/yoast-seo-wordpress\/ -->\n<title>Caseras se unen a pr\u00e1ctica de reciclaje - El Diario - Bolivia<\/title>\n<meta name=\"robots\" content=\"index, follow, max-snippet:-1, max-image-preview:large, max-video-preview:-1\" \/>\n<link rel=\"canonical\" href=\"https:\/\/www.eldiario.net\/portal\/2024\/04\/21\/caseras-se-unen-a-practica-de-reciclaje\/\" \/>\n<meta property=\"og:locale\" content=\"es_ES\" \/>\n<meta property=\"og:type\" content=\"article\" \/>\n<meta property=\"og:title\" content=\"Caseras se unen a pr\u00e1ctica de reciclaje - El Diario - Bolivia\" \/>\n<meta property=\"og:description\" content=\"Luego de participar de charlas de concienciaci\u00f3n respecto a la importancia del reciclaje, comerciantes de diferentes mercados alte\u00f1os aprendieron a separar los residuos org\u00e1nicos de otro tipo de deshecho. Con ese material, la comuna de El Alto elabora compost que despu\u00e9s utiliza en las \u00e1reas verdes de la urbe. \u201cEs bueno hacer educaci\u00f3n ambiental para [&hellip;]\" \/>\n<meta property=\"og:url\" content=\"https:\/\/www.eldiario.net\/portal\/2024\/04\/21\/caseras-se-unen-a-practica-de-reciclaje\/\" \/>\n<meta property=\"og:site_name\" content=\"El Diario - Bolivia\" \/>\n<meta property=\"article:publisher\" content=\"https:\/\/www.facebook.com\/eldiario.bolivia\/\" \/>\n<meta property=\"article:published_time\" content=\"2024-04-21T09:53:19+00:00\" \/>\n<meta property=\"og:image\" content=\"https:\/\/www.eldiario.net\/portal\/wp-content\/uploads\/2024\/04\/F-1-caseras.jpg\" \/>\n\t<meta property=\"og:image:width\" content=\"1600\" \/>\n\t<meta property=\"og:image:height\" content=\"1200\" \/>\n\t<meta property=\"og:image:type\" content=\"image\/jpeg\" \/>\n<meta name=\"author\" content=\"Jeanette\" \/>\n<meta name=\"twitter:card\" content=\"summary_large_image\" \/>\n<meta name=\"twitter:creator\" content=\"@eldiario_net\" \/>\n<meta name=\"twitter:site\" content=\"@eldiario_net\" \/>\n<meta name=\"twitter:label1\" content=\"Escrito por\" \/>\n\t<meta name=\"twitter:data1\" content=\"Jeanette\" \/>\n\t<meta name=\"twitter:label2\" content=\"Tiempo de lectura\" \/>\n\t<meta name=\"twitter:data2\" content=\"3 minutos\" \/>\n<script type=\"application\/ld+json\" class=\"yoast-schema-graph\">{\"@context\":\"https:\\\/\\\/schema.org\",\"@graph\":[{\"@type\":\"Article\",\"@id\":\"https:\\\/\\\/www.eldiario.net\\\/portal\\\/2024\\\/04\\\/21\\\/caseras-se-unen-a-practica-de-reciclaje\\\/#article\",\"isPartOf\":{\"@id\":\"https:\\\/\\\/www.eldiario.net\\\/portal\\\/2024\\\/04\\\/21\\\/caseras-se-unen-a-practica-de-reciclaje\\\/\"},\"author\":{\"name\":\"Jeanette\",\"@id\":\"https:\\\/\\\/www.eldiario.net\\\/portal\\\/#\\\/schema\\\/person\\\/f46445640444750d7d753ccd04ae01b7\"},\"headline\":\"Caseras se unen a pr\u00e1ctica de reciclaje\",\"datePublished\":\"2024-04-21T09:53:19+00:00\",\"mainEntityOfPage\":{\"@id\":\"https:\\\/\\\/www.eldiario.net\\\/portal\\\/2024\\\/04\\\/21\\\/caseras-se-unen-a-practica-de-reciclaje\\\/\"},\"wordCount\":578,\"commentCount\":0,\"publisher\":{\"@id\":\"https:\\\/\\\/www.eldiario.net\\\/portal\\\/#organization\"},\"image\":{\"@id\":\"https:\\\/\\\/www.eldiario.net\\\/portal\\\/2024\\\/04\\\/21\\\/caseras-se-unen-a-practica-de-reciclaje\\\/#primaryimage\"},\"thumbnailUrl\":\"https:\\\/\\\/www.eldiario.net\\\/portal\\\/wp-content\\\/uploads\\\/2024\\\/04\\\/F-1-caseras.jpg\",\"articleSection\":[\"Nacional\"],\"inLanguage\":\"es\",\"potentialAction\":[{\"@type\":\"CommentAction\",\"name\":\"Comment\",\"target\":[\"https:\\\/\\\/www.eldiario.net\\\/portal\\\/2024\\\/04\\\/21\\\/caseras-se-unen-a-practica-de-reciclaje\\\/#respond\"]}]},{\"@type\":\"WebPage\",\"@id\":\"https:\\\/\\\/www.eldiario.net\\\/portal\\\/2024\\\/04\\\/21\\\/caseras-se-unen-a-practica-de-reciclaje\\\/\",\"url\":\"https:\\\/\\\/www.eldiario.net\\\/portal\\\/2024\\\/04\\\/21\\\/caseras-se-unen-a-practica-de-reciclaje\\\/\",\"name\":\"Caseras se unen a pr\u00e1ctica de reciclaje - El Diario - Bolivia\",\"isPartOf\":{\"@id\":\"https:\\\/\\\/www.eldiario.net\\\/portal\\\/#website\"},\"primaryImageOfPage\":{\"@id\":\"https:\\\/\\\/www.eldiario.net\\\/portal\\\/2024\\\/04\\\/21\\\/caseras-se-unen-a-practica-de-reciclaje\\\/#primaryimage\"},\"image\":{\"@id\":\"https:\\\/\\\/www.eldiario.net\\\/portal\\\/2024\\\/04\\\/21\\\/caseras-se-unen-a-practica-de-reciclaje\\\/#primaryimage\"},\"thumbnailUrl\":\"https:\\\/\\\/www.eldiario.net\\\/portal\\\/wp-content\\\/uploads\\\/2024\\\/04\\\/F-1-caseras.jpg\",\"datePublished\":\"2024-04-21T09:53:19+00:00\",\"breadcrumb\":{\"@id\":\"https:\\\/\\\/www.eldiario.net\\\/portal\\\/2024\\\/04\\\/21\\\/caseras-se-unen-a-practica-de-reciclaje\\\/#breadcrumb\"},\"inLanguage\":\"es\",\"potentialAction\":[{\"@type\":\"ReadAction\",\"target\":[\"https:\\\/\\\/www.eldiario.net\\\/portal\\\/2024\\\/04\\\/21\\\/caseras-se-unen-a-practica-de-reciclaje\\\/\"]}]},{\"@type\":\"ImageObject\",\"inLanguage\":\"es\",\"@id\":\"https:\\\/\\\/www.eldiario.net\\\/portal\\\/2024\\\/04\\\/21\\\/caseras-se-unen-a-practica-de-reciclaje\\\/#primaryimage\",\"url\":\"https:\\\/\\\/www.eldiario.net\\\/portal\\\/wp-content\\\/uploads\\\/2024\\\/04\\\/F-1-caseras.jpg\",\"contentUrl\":\"https:\\\/\\\/www.eldiario.net\\\/portal\\\/wp-content\\\/uploads\\\/2024\\\/04\\\/F-1-caseras.jpg\",\"width\":1600,\"height\":1200,\"caption\":\"Las comerciantes separan deshechos de frutas y verduras.\"},{\"@type\":\"BreadcrumbList\",\"@id\":\"https:\\\/\\\/www.eldiario.net\\\/portal\\\/2024\\\/04\\\/21\\\/caseras-se-unen-a-practica-de-reciclaje\\\/#breadcrumb\",\"itemListElement\":[{\"@type\":\"ListItem\",\"position\":1,\"name\":\"Portada\",\"item\":\"https:\\\/\\\/www.eldiario.net\\\/portal\\\/\"},{\"@type\":\"ListItem\",\"position\":2,\"name\":\"Caseras se unen a pr\u00e1ctica de reciclaje\"}]},{\"@type\":\"WebSite\",\"@id\":\"https:\\\/\\\/www.eldiario.net\\\/portal\\\/#website\",\"url\":\"https:\\\/\\\/www.eldiario.net\\\/portal\\\/\",\"name\":\"El Diario - Decano de la prensa nacional\",\"description\":\"El Diario - Decano de la prensa nacional\",\"publisher\":{\"@id\":\"https:\\\/\\\/www.eldiario.net\\\/portal\\\/#organization\"},\"potentialAction\":[{\"@type\":\"SearchAction\",\"target\":{\"@type\":\"EntryPoint\",\"urlTemplate\":\"https:\\\/\\\/www.eldiario.net\\\/portal\\\/?s={search_term_string}\"},\"query-input\":{\"@type\":\"PropertyValueSpecification\",\"valueRequired\":true,\"valueName\":\"search_term_string\"}}],\"inLanguage\":\"es\"},{\"@type\":\"Organization\",\"@id\":\"https:\\\/\\\/www.eldiario.net\\\/portal\\\/#organization\",\"name\":\"El Diario - Decano de la prensa nacional\",\"url\":\"https:\\\/\\\/www.eldiario.net\\\/portal\\\/\",\"logo\":{\"@type\":\"ImageObject\",\"inLanguage\":\"es\",\"@id\":\"https:\\\/\\\/www.eldiario.net\\\/portal\\\/#\\\/schema\\\/logo\\\/image\\\/\",\"url\":\"https:\\\/\\\/www.eldiario.net\\\/portal\\\/wp-content\\\/uploads\\\/2023\\\/07\\\/logo_ED.jpg\",\"contentUrl\":\"https:\\\/\\\/www.eldiario.net\\\/portal\\\/wp-content\\\/uploads\\\/2023\\\/07\\\/logo_ED.jpg\",\"width\":272,\"height\":52,\"caption\":\"El Diario - Decano de la prensa nacional\"},\"image\":{\"@id\":\"https:\\\/\\\/www.eldiario.net\\\/portal\\\/#\\\/schema\\\/logo\\\/image\\\/\"},\"sameAs\":[\"https:\\\/\\\/www.facebook.com\\\/eldiario.bolivia\\\/\",\"https:\\\/\\\/x.com\\\/eldiario_net\"]},{\"@type\":\"Person\",\"@id\":\"https:\\\/\\\/www.eldiario.net\\\/portal\\\/#\\\/schema\\\/person\\\/f46445640444750d7d753ccd04ae01b7\",\"name\":\"Jeanette\",\"image\":{\"@type\":\"ImageObject\",\"inLanguage\":\"es\",\"@id\":\"https:\\\/\\\/secure.gravatar.com\\\/avatar\\\/3ea2118a5f7dad2b7138b1187a6b7ee55f160b9968b66013c3a3ef39dd7e5798?s=96&d=mm&r=g\",\"url\":\"https:\\\/\\\/secure.gravatar.com\\\/avatar\\\/3ea2118a5f7dad2b7138b1187a6b7ee55f160b9968b66013c3a3ef39dd7e5798?s=96&d=mm&r=g\",\"contentUrl\":\"https:\\\/\\\/secure.gravatar.com\\\/avatar\\\/3ea2118a5f7dad2b7138b1187a6b7ee55f160b9968b66013c3a3ef39dd7e5798?s=96&d=mm&r=g\",\"caption\":\"Jeanette\"},\"sameAs\":[\"https:\\\/\\\/www.eldiario.net\\\/portal\"],\"url\":\"https:\\\/\\\/www.eldiario.net\\\/portal\\\/author\\\/jeanette\\\/\"}]}<\/script>\n<!-- \/ Yoast SEO plugin. -->","yoast_head_json":{"title":"Caseras se unen a pr\u00e1ctica de reciclaje - El Diario - Bolivia","robots":{"index":"index","follow":"follow","max-snippet":"max-snippet:-1","max-image-preview":"max-image-preview:large","max-video-preview":"max-video-preview:-1"},"canonical":"https:\/\/www.eldiario.net\/portal\/2024\/04\/21\/caseras-se-unen-a-practica-de-reciclaje\/","og_locale":"es_ES","og_type":"article","og_title":"Caseras se unen a pr\u00e1ctica de reciclaje - El Diario - Bolivia","og_description":"Luego de participar de charlas de concienciaci\u00f3n respecto a la importancia del reciclaje, comerciantes de diferentes mercados alte\u00f1os aprendieron a separar los residuos org\u00e1nicos de otro tipo de deshecho. Con ese material, la comuna de El Alto elabora compost que despu\u00e9s utiliza en las \u00e1reas verdes de la urbe. \u201cEs bueno hacer educaci\u00f3n ambiental para [&hellip;]","og_url":"https:\/\/www.eldiario.net\/portal\/2024\/04\/21\/caseras-se-unen-a-practica-de-reciclaje\/","og_site_name":"El Diario - Bolivia","article_publisher":"https:\/\/www.facebook.com\/eldiario.bolivia\/","article_published_time":"2024-04-21T09:53:19+00:00","og_image":[{"width":1600,"height":1200,"url":"https:\/\/www.eldiario.net\/portal\/wp-content\/uploads\/2024\/04\/F-1-caseras.jpg","type":"image\/jpeg"}],"author":"Jeanette","twitter_card":"summary_large_image","twitter_creator":"@eldiario_net","twitter_site":"@eldiario_net","twitter_misc":{"Escrito por":"Jeanette","Tiempo de lectura":"3 minutos"},"schema":{"@context":"https:\/\/schema.org","@graph":[{"@type":"Article","@id":"https:\/\/www.eldiario.net\/portal\/2024\/04\/21\/caseras-se-unen-a-practica-de-reciclaje\/#article","isPartOf":{"@id":"https:\/\/www.eldiario.net\/portal\/2024\/04\/21\/caseras-se-unen-a-practica-de-reciclaje\/"},"author":{"name":"Jeanette","@id":"https:\/\/www.eldiario.net\/portal\/#\/schema\/person\/f46445640444750d7d753ccd04ae01b7"},"headline":"Caseras se unen a pr\u00e1ctica de reciclaje","datePublished":"2024-04-21T09:53:19+00:00","mainEntityOfPage":{"@id":"https:\/\/www.eldiario.net\/portal\/2024\/04\/21\/caseras-se-unen-a-practica-de-reciclaje\/"},"wordCount":578,"commentCount":0,"publisher":{"@id":"https:\/\/www.eldiario.net\/portal\/#organization"},"image":{"@id":"https:\/\/www.eldiario.net\/portal\/2024\/04\/21\/caseras-se-unen-a-practica-de-reciclaje\/#primaryimage"},"thumbnailUrl":"https:\/\/www.eldiario.net\/portal\/wp-content\/uploads\/2024\/04\/F-1-caseras.jpg","articleSection":["Nacional"],"inLanguage":"es","potentialAction":[{"@type":"CommentAction","name":"Comment","target":["https:\/\/www.eldiario.net\/portal\/2024\/04\/21\/caseras-se-unen-a-practica-de-reciclaje\/#respond"]}]},{"@type":"WebPage","@id":"https:\/\/www.eldiario.net\/portal\/2024\/04\/21\/caseras-se-unen-a-practica-de-reciclaje\/","url":"https:\/\/www.eldiario.net\/portal\/2024\/04\/21\/caseras-se-unen-a-practica-de-reciclaje\/","name":"Caseras se unen a pr\u00e1ctica de reciclaje - El Diario - Bolivia","isPartOf":{"@id":"https:\/\/www.eldiario.net\/portal\/#website"},"primaryImageOfPage":{"@id":"https:\/\/www.eldiario.net\/portal\/2024\/04\/21\/caseras-se-unen-a-practica-de-reciclaje\/#primaryimage"},"image":{"@id":"https:\/\/www.eldiario.net\/portal\/2024\/04\/21\/caseras-se-unen-a-practica-de-reciclaje\/#primaryimage"},"thumbnailUrl":"https:\/\/www.eldiario.net\/portal\/wp-content\/uploads\/2024\/04\/F-1-caseras.jpg","datePublished":"2024-04-21T09:53:19+00:00","breadcrumb":{"@id":"https:\/\/www.eldiario.net\/portal\/2024\/04\/21\/caseras-se-unen-a-practica-de-reciclaje\/#breadcrumb"},"inLanguage":"es","potentialAction":[{"@type":"ReadAction","target":["https:\/\/www.eldiario.net\/portal\/2024\/04\/21\/caseras-se-unen-a-practica-de-reciclaje\/"]}]},{"@type":"ImageObject","inLanguage":"es","@id":"https:\/\/www.eldiario.net\/portal\/2024\/04\/21\/caseras-se-unen-a-practica-de-reciclaje\/#primaryimage","url":"https:\/\/www.eldiario.net\/portal\/wp-content\/uploads\/2024\/04\/F-1-caseras.jpg","contentUrl":"https:\/\/www.eldiario.net\/portal\/wp-content\/uploads\/2024\/04\/F-1-caseras.jpg","width":1600,"height":1200,"caption":"Las comerciantes separan deshechos de frutas y verduras."},{"@type":"BreadcrumbList","@id":"https:\/\/www.eldiario.net\/portal\/2024\/04\/21\/caseras-se-unen-a-practica-de-reciclaje\/#breadcrumb","itemListElement":[{"@type":"ListItem","position":1,"name":"Portada","item":"https:\/\/www.eldiario.net\/portal\/"},{"@type":"ListItem","position":2,"name":"Caseras se unen a pr\u00e1ctica de reciclaje"}]},{"@type":"WebSite","@id":"https:\/\/www.eldiario.net\/portal\/#website","url":"https:\/\/www.eldiario.net\/portal\/","name":"El Diario - Decano de la prensa nacional","description":"El Diario - Decano de la prensa nacional","publisher":{"@id":"https:\/\/www.eldiario.net\/portal\/#organization"},"potentialAction":[{"@type":"SearchAction","target":{"@type":"EntryPoint","urlTemplate":"https:\/\/www.eldiario.net\/portal\/?s={search_term_string}"},"query-input":{"@type":"PropertyValueSpecification","valueRequired":true,"valueName":"search_term_string"}}],"inLanguage":"es"},{"@type":"Organization","@id":"https:\/\/www.eldiario.net\/portal\/#organization","name":"El Diario - Decano de la prensa nacional","url":"https:\/\/www.eldiario.net\/portal\/","logo":{"@type":"ImageObject","inLanguage":"es","@id":"https:\/\/www.eldiario.net\/portal\/#\/schema\/logo\/image\/","url":"https:\/\/www.eldiario.net\/portal\/wp-content\/uploads\/2023\/07\/logo_ED.jpg","contentUrl":"https:\/\/www.eldiario.net\/portal\/wp-content\/uploads\/2023\/07\/logo_ED.jpg","width":272,"height":52,"caption":"El Diario - Decano de la prensa nacional"},"image":{"@id":"https:\/\/www.eldiario.net\/portal\/#\/schema\/logo\/image\/"},"sameAs":["https:\/\/www.facebook.com\/eldiario.bolivia\/","https:\/\/x.com\/eldiario_net"]},{"@type":"Person","@id":"https:\/\/www.eldiario.net\/portal\/#\/schema\/person\/f46445640444750d7d753ccd04ae01b7","name":"Jeanette","image":{"@type":"ImageObject","inLanguage":"es","@id":"https:\/\/secure.gravatar.com\/avatar\/3ea2118a5f7dad2b7138b1187a6b7ee55f160b9968b66013c3a3ef39dd7e5798?s=96&d=mm&r=g","url":"https:\/\/secure.gravatar.com\/avatar\/3ea2118a5f7dad2b7138b1187a6b7ee55f160b9968b66013c3a3ef39dd7e5798?s=96&d=mm&r=g","contentUrl":"https:\/\/secure.gravatar.com\/avatar\/3ea2118a5f7dad2b7138b1187a6b7ee55f160b9968b66013c3a3ef39dd7e5798?s=96&d=mm&r=g","caption":"Jeanette"},"sameAs":["https:\/\/www.eldiario.net\/portal"],"url":"https:\/\/www.eldiario.net\/portal\/author\/jeanette\/"}]}},"_links":{"self":[{"href":"https:\/\/www.eldiario.net\/portal\/wp-json\/wp\/v2\/posts\/215621","targetHints":{"allow":["GET"]}}],"collection":[{"href":"https:\/\/www.eldiario.net\/portal\/wp-json\/wp\/v2\/posts"}],"about":[{"href":"https:\/\/www.eldiario.net\/portal\/wp-json\/wp\/v2\/types\/post"}],"author":[{"embeddable":true,"href":"https:\/\/www.eldiario.net\/portal\/wp-json\/wp\/v2\/users\/1"}],"replies":[{"embeddable":true,"href":"https:\/\/www.eldiario.net\/portal\/wp-json\/wp\/v2\/comments?post=215621"}],"version-history":[{"count":1,"href":"https:\/\/www.eldiario.net\/portal\/wp-json\/wp\/v2\/posts\/215621\/revisions"}],"predecessor-version":[{"id":215623,"href":"https:\/\/www.eldiario.net\/portal\/wp-json\/wp\/v2\/posts\/215621\/revisions\/215623"}],"wp:featuredmedia":[{"embeddable":true,"href":"https:\/\/www.eldiario.net\/portal\/wp-json\/wp\/v2\/media\/215622"}],"wp:attachment":[{"href":"https:\/\/www.eldiario.net\/portal\/wp-json\/wp\/v2\/media?parent=215621"}],"wp:term":[{"taxonomy":"category","embeddable":true,"href":"https:\/\/www.eldiario.net\/portal\/wp-json\/wp\/v2\/categories?post=215621"},{"taxonomy":"post_tag","embeddable":true,"href":"https:\/\/www.eldiario.net\/portal\/wp-json\/wp\/v2\/tags?post=215621"}],"curies":[{"name":"wp","href":"https:\/\/api.w.org\/{rel}","templated":true}]}}