{"id":215585,"date":"2024-04-21T05:37:51","date_gmt":"2024-04-21T09:37:51","guid":{"rendered":"https:\/\/www.eldiario.net\/portal\/?p=215585"},"modified":"2024-04-21T05:37:51","modified_gmt":"2024-04-21T09:37:51","slug":"desaciertos-marcan-proceso-de-industrializacion-del-litio","status":"publish","type":"post","link":"https:\/\/www.eldiario.net\/portal\/2024\/04\/21\/desaciertos-marcan-proceso-de-industrializacion-del-litio\/","title":{"rendered":"Desaciertos marcan proceso  de industrializaci\u00f3n del litio"},"content":{"rendered":"<p>El proceso de la industrializaci\u00f3n del litio genera incertidumbre debido a los desaciertos que registra el proyecto en el pa\u00eds, seg\u00fan analistas. La \u00faltima denuncia de ejecutivos de Yacimientos de Litio Bolivianos (YLB) por da\u00f1o econ\u00f3mico al Estado de Bs 425 millones en la construcci\u00f3n y mantenimiento de las piscinas evapor\u00edticas en el salar de Uyuni, sembr\u00f3 muchas dudas sobre el futuro de la extracci\u00f3n y producci\u00f3n del mineral.<br \/>\nSeg\u00fan el investigador del Centro de Estudios para el Desarrollo Laboral y Agrario (Cedla), Alfredo Zaconeta, al mal momento tambi\u00e9n se suman otros dilemas en cuanto a la provisi\u00f3n de materia prima, agua y gas natural para los posibles complejos industriales; al funcionamiento de la tecnolog\u00eda seleccionada; a su marco legal; a la subordinaci\u00f3n tecnol\u00f3gica a empresas extranjeras; y a sus impactos ambientales.<br \/>\nAsimismo, sostuvo que las reservas de litio en Bolivia anunciadas por el Gobierno no cuentan con una certificaci\u00f3n internacional de un tercero validado. Las autoridades nacionales anunciaron que una certificaci\u00f3n internacional reci\u00e9n ser\u00e1 posible en el segundo semestre de este a\u00f1o.<br \/>\nEl investigador Carlos Arze Vargas dijo que los proyectos gubernamentales para la industrializaci\u00f3n del litio, promovidos en los dos gobiernos del MAS, con sus \u201cgiros y retrocesos\u201d, dejan en evidencia las limitaciones del pa\u00eds para enfrentar el proceso de transici\u00f3n energ\u00e9tica.<br \/>\nPor otro lado, seg\u00fan YLB debido a las irregularidades en la construcci\u00f3n de las piscinas de evaporaci\u00f3n en el complejo industrial de Uyuni, en \u201clas condiciones actuales (la planta) va a poder llegar a operar y est\u00e1 operando solamente al 30%\u201d.<\/p>\n","protected":false},"excerpt":{"rendered":"<p>El proceso de la industrializaci\u00f3n del litio genera incertidumbre debido a los desaciertos que registra el proyecto en el pa\u00eds, seg\u00fan analistas. La \u00faltima denuncia de ejecutivos de Yacimientos de Litio Bolivianos (YLB) por da\u00f1o econ\u00f3mico al Estado de Bs 425 millones en la construcci\u00f3n y mantenimiento de las piscinas evapor\u00edticas en el salar de [&hellip;]<\/p>\n","protected":false},"author":1,"featured_media":215586,"comment_status":"open","ping_status":"open","sticky":false,"template":"","format":"standard","meta":{"_acf_changed":false,"footnotes":""},"categories":[17],"tags":[],"class_list":["post-215585","post","type-post","status-publish","format-standard","has-post-thumbnail","category-principal"],"acf":{"antetitulo":"Entre giros y retrocesos "},"yoast_head":"<!-- This site is optimized with the Yoast SEO plugin v28.3 - https:\/\/yoast.com\/product\/yoast-seo-wordpress\/ -->\n<title>Desaciertos marcan proceso de industrializaci\u00f3n del litio - El Diario - Bolivia<\/title>\n<meta name=\"robots\" content=\"index, follow, max-snippet:-1, max-image-preview:large, max-video-preview:-1\" \/>\n<link rel=\"canonical\" href=\"https:\/\/www.eldiario.net\/portal\/2024\/04\/21\/desaciertos-marcan-proceso-de-industrializacion-del-litio\/\" \/>\n<meta property=\"og:locale\" content=\"es_ES\" \/>\n<meta property=\"og:type\" content=\"article\" \/>\n<meta property=\"og:title\" content=\"Desaciertos marcan proceso de industrializaci\u00f3n del litio - El Diario - Bolivia\" \/>\n<meta property=\"og:description\" content=\"El proceso de la industrializaci\u00f3n del litio genera incertidumbre debido a los desaciertos que registra el proyecto en el pa\u00eds, seg\u00fan analistas. La \u00faltima denuncia de ejecutivos de Yacimientos de Litio Bolivianos (YLB) por da\u00f1o econ\u00f3mico al Estado de Bs 425 millones en la construcci\u00f3n y mantenimiento de las piscinas evapor\u00edticas en el salar de [&hellip;]\" \/>\n<meta property=\"og:url\" content=\"https:\/\/www.eldiario.net\/portal\/2024\/04\/21\/desaciertos-marcan-proceso-de-industrializacion-del-litio\/\" \/>\n<meta property=\"og:site_name\" content=\"El Diario - Bolivia\" \/>\n<meta property=\"article:publisher\" content=\"https:\/\/www.facebook.com\/eldiario.bolivia\/\" \/>\n<meta property=\"article:published_time\" content=\"2024-04-21T09:37:51+00:00\" \/>\n<meta property=\"og:image\" content=\"https:\/\/www.eldiario.net\/portal\/wp-content\/uploads\/2024\/04\/P-1-20-cm-x-11-2.jpg\" \/>\n\t<meta property=\"og:image:width\" content=\"1024\" \/>\n\t<meta property=\"og:image:height\" content=\"675\" \/>\n\t<meta property=\"og:image:type\" content=\"image\/jpeg\" \/>\n<meta name=\"author\" content=\"Jeanette\" \/>\n<meta name=\"twitter:card\" content=\"summary_large_image\" \/>\n<meta name=\"twitter:creator\" content=\"@eldiario_net\" \/>\n<meta name=\"twitter:site\" content=\"@eldiario_net\" \/>\n<meta name=\"twitter:label1\" content=\"Escrito por\" \/>\n\t<meta name=\"twitter:data1\" content=\"Jeanette\" \/>\n\t<meta name=\"twitter:label2\" content=\"Tiempo de lectura\" \/>\n\t<meta name=\"twitter:data2\" content=\"2 minutos\" \/>\n<script type=\"application\/ld+json\" class=\"yoast-schema-graph\">{\"@context\":\"https:\\\/\\\/schema.org\",\"@graph\":[{\"@type\":\"Article\",\"@id\":\"https:\\\/\\\/www.eldiario.net\\\/portal\\\/2024\\\/04\\\/21\\\/desaciertos-marcan-proceso-de-industrializacion-del-litio\\\/#article\",\"isPartOf\":{\"@id\":\"https:\\\/\\\/www.eldiario.net\\\/portal\\\/2024\\\/04\\\/21\\\/desaciertos-marcan-proceso-de-industrializacion-del-litio\\\/\"},\"author\":{\"name\":\"Jeanette\",\"@id\":\"https:\\\/\\\/www.eldiario.net\\\/portal\\\/#\\\/schema\\\/person\\\/f46445640444750d7d753ccd04ae01b7\"},\"headline\":\"Desaciertos marcan proceso de industrializaci\u00f3n del litio\",\"datePublished\":\"2024-04-21T09:37:51+00:00\",\"mainEntityOfPage\":{\"@id\":\"https:\\\/\\\/www.eldiario.net\\\/portal\\\/2024\\\/04\\\/21\\\/desaciertos-marcan-proceso-de-industrializacion-del-litio\\\/\"},\"wordCount\":287,\"commentCount\":0,\"publisher\":{\"@id\":\"https:\\\/\\\/www.eldiario.net\\\/portal\\\/#organization\"},\"image\":{\"@id\":\"https:\\\/\\\/www.eldiario.net\\\/portal\\\/2024\\\/04\\\/21\\\/desaciertos-marcan-proceso-de-industrializacion-del-litio\\\/#primaryimage\"},\"thumbnailUrl\":\"https:\\\/\\\/www.eldiario.net\\\/portal\\\/wp-content\\\/uploads\\\/2024\\\/04\\\/P-1-20-cm-x-11-2.jpg\",\"articleSection\":[\"Principal\"],\"inLanguage\":\"es\",\"potentialAction\":[{\"@type\":\"CommentAction\",\"name\":\"Comment\",\"target\":[\"https:\\\/\\\/www.eldiario.net\\\/portal\\\/2024\\\/04\\\/21\\\/desaciertos-marcan-proceso-de-industrializacion-del-litio\\\/#respond\"]}]},{\"@type\":\"WebPage\",\"@id\":\"https:\\\/\\\/www.eldiario.net\\\/portal\\\/2024\\\/04\\\/21\\\/desaciertos-marcan-proceso-de-industrializacion-del-litio\\\/\",\"url\":\"https:\\\/\\\/www.eldiario.net\\\/portal\\\/2024\\\/04\\\/21\\\/desaciertos-marcan-proceso-de-industrializacion-del-litio\\\/\",\"name\":\"Desaciertos marcan proceso de industrializaci\u00f3n del litio - El Diario - Bolivia\",\"isPartOf\":{\"@id\":\"https:\\\/\\\/www.eldiario.net\\\/portal\\\/#website\"},\"primaryImageOfPage\":{\"@id\":\"https:\\\/\\\/www.eldiario.net\\\/portal\\\/2024\\\/04\\\/21\\\/desaciertos-marcan-proceso-de-industrializacion-del-litio\\\/#primaryimage\"},\"image\":{\"@id\":\"https:\\\/\\\/www.eldiario.net\\\/portal\\\/2024\\\/04\\\/21\\\/desaciertos-marcan-proceso-de-industrializacion-del-litio\\\/#primaryimage\"},\"thumbnailUrl\":\"https:\\\/\\\/www.eldiario.net\\\/portal\\\/wp-content\\\/uploads\\\/2024\\\/04\\\/P-1-20-cm-x-11-2.jpg\",\"datePublished\":\"2024-04-21T09:37:51+00:00\",\"breadcrumb\":{\"@id\":\"https:\\\/\\\/www.eldiario.net\\\/portal\\\/2024\\\/04\\\/21\\\/desaciertos-marcan-proceso-de-industrializacion-del-litio\\\/#breadcrumb\"},\"inLanguage\":\"es\",\"potentialAction\":[{\"@type\":\"ReadAction\",\"target\":[\"https:\\\/\\\/www.eldiario.net\\\/portal\\\/2024\\\/04\\\/21\\\/desaciertos-marcan-proceso-de-industrializacion-del-litio\\\/\"]}]},{\"@type\":\"ImageObject\",\"inLanguage\":\"es\",\"@id\":\"https:\\\/\\\/www.eldiario.net\\\/portal\\\/2024\\\/04\\\/21\\\/desaciertos-marcan-proceso-de-industrializacion-del-litio\\\/#primaryimage\",\"url\":\"https:\\\/\\\/www.eldiario.net\\\/portal\\\/wp-content\\\/uploads\\\/2024\\\/04\\\/P-1-20-cm-x-11-2.jpg\",\"contentUrl\":\"https:\\\/\\\/www.eldiario.net\\\/portal\\\/wp-content\\\/uploads\\\/2024\\\/04\\\/P-1-20-cm-x-11-2.jpg\",\"width\":1024,\"height\":675,\"caption\":\"El proyecto del litio fue iniciado por el gobierno de Evo Morales en 2010 y hoy es parte de la pol\u00edtica de industrializaci\u00f3n de la administraci\u00f3n de Luis Arce.\"},{\"@type\":\"BreadcrumbList\",\"@id\":\"https:\\\/\\\/www.eldiario.net\\\/portal\\\/2024\\\/04\\\/21\\\/desaciertos-marcan-proceso-de-industrializacion-del-litio\\\/#breadcrumb\",\"itemListElement\":[{\"@type\":\"ListItem\",\"position\":1,\"name\":\"Portada\",\"item\":\"https:\\\/\\\/www.eldiario.net\\\/portal\\\/\"},{\"@type\":\"ListItem\",\"position\":2,\"name\":\"Desaciertos marcan proceso de industrializaci\u00f3n del litio\"}]},{\"@type\":\"WebSite\",\"@id\":\"https:\\\/\\\/www.eldiario.net\\\/portal\\\/#website\",\"url\":\"https:\\\/\\\/www.eldiario.net\\\/portal\\\/\",\"name\":\"El Diario - Decano de la prensa nacional\",\"description\":\"El Diario - Decano de la prensa nacional\",\"publisher\":{\"@id\":\"https:\\\/\\\/www.eldiario.net\\\/portal\\\/#organization\"},\"potentialAction\":[{\"@type\":\"SearchAction\",\"target\":{\"@type\":\"EntryPoint\",\"urlTemplate\":\"https:\\\/\\\/www.eldiario.net\\\/portal\\\/?s={search_term_string}\"},\"query-input\":{\"@type\":\"PropertyValueSpecification\",\"valueRequired\":true,\"valueName\":\"search_term_string\"}}],\"inLanguage\":\"es\"},{\"@type\":\"Organization\",\"@id\":\"https:\\\/\\\/www.eldiario.net\\\/portal\\\/#organization\",\"name\":\"El Diario - Decano de la prensa nacional\",\"url\":\"https:\\\/\\\/www.eldiario.net\\\/portal\\\/\",\"logo\":{\"@type\":\"ImageObject\",\"inLanguage\":\"es\",\"@id\":\"https:\\\/\\\/www.eldiario.net\\\/portal\\\/#\\\/schema\\\/logo\\\/image\\\/\",\"url\":\"https:\\\/\\\/www.eldiario.net\\\/portal\\\/wp-content\\\/uploads\\\/2023\\\/07\\\/logo_ED.jpg\",\"contentUrl\":\"https:\\\/\\\/www.eldiario.net\\\/portal\\\/wp-content\\\/uploads\\\/2023\\\/07\\\/logo_ED.jpg\",\"width\":272,\"height\":52,\"caption\":\"El Diario - Decano de la prensa nacional\"},\"image\":{\"@id\":\"https:\\\/\\\/www.eldiario.net\\\/portal\\\/#\\\/schema\\\/logo\\\/image\\\/\"},\"sameAs\":[\"https:\\\/\\\/www.facebook.com\\\/eldiario.bolivia\\\/\",\"https:\\\/\\\/x.com\\\/eldiario_net\"]},{\"@type\":\"Person\",\"@id\":\"https:\\\/\\\/www.eldiario.net\\\/portal\\\/#\\\/schema\\\/person\\\/f46445640444750d7d753ccd04ae01b7\",\"name\":\"Jeanette\",\"image\":{\"@type\":\"ImageObject\",\"inLanguage\":\"es\",\"@id\":\"https:\\\/\\\/secure.gravatar.com\\\/avatar\\\/3ea2118a5f7dad2b7138b1187a6b7ee55f160b9968b66013c3a3ef39dd7e5798?s=96&d=mm&r=g\",\"url\":\"https:\\\/\\\/secure.gravatar.com\\\/avatar\\\/3ea2118a5f7dad2b7138b1187a6b7ee55f160b9968b66013c3a3ef39dd7e5798?s=96&d=mm&r=g\",\"contentUrl\":\"https:\\\/\\\/secure.gravatar.com\\\/avatar\\\/3ea2118a5f7dad2b7138b1187a6b7ee55f160b9968b66013c3a3ef39dd7e5798?s=96&d=mm&r=g\",\"caption\":\"Jeanette\"},\"sameAs\":[\"https:\\\/\\\/www.eldiario.net\\\/portal\"],\"url\":\"https:\\\/\\\/www.eldiario.net\\\/portal\\\/author\\\/jeanette\\\/\"}]}<\/script>\n<!-- \/ Yoast SEO plugin. -->","yoast_head_json":{"title":"Desaciertos marcan proceso de industrializaci\u00f3n del litio - El Diario - Bolivia","robots":{"index":"index","follow":"follow","max-snippet":"max-snippet:-1","max-image-preview":"max-image-preview:large","max-video-preview":"max-video-preview:-1"},"canonical":"https:\/\/www.eldiario.net\/portal\/2024\/04\/21\/desaciertos-marcan-proceso-de-industrializacion-del-litio\/","og_locale":"es_ES","og_type":"article","og_title":"Desaciertos marcan proceso de industrializaci\u00f3n del litio - El Diario - Bolivia","og_description":"El proceso de la industrializaci\u00f3n del litio genera incertidumbre debido a los desaciertos que registra el proyecto en el pa\u00eds, seg\u00fan analistas. La \u00faltima denuncia de ejecutivos de Yacimientos de Litio Bolivianos (YLB) por da\u00f1o econ\u00f3mico al Estado de Bs 425 millones en la construcci\u00f3n y mantenimiento de las piscinas evapor\u00edticas en el salar de [&hellip;]","og_url":"https:\/\/www.eldiario.net\/portal\/2024\/04\/21\/desaciertos-marcan-proceso-de-industrializacion-del-litio\/","og_site_name":"El Diario - Bolivia","article_publisher":"https:\/\/www.facebook.com\/eldiario.bolivia\/","article_published_time":"2024-04-21T09:37:51+00:00","og_image":[{"width":1024,"height":675,"url":"https:\/\/www.eldiario.net\/portal\/wp-content\/uploads\/2024\/04\/P-1-20-cm-x-11-2.jpg","type":"image\/jpeg"}],"author":"Jeanette","twitter_card":"summary_large_image","twitter_creator":"@eldiario_net","twitter_site":"@eldiario_net","twitter_misc":{"Escrito por":"Jeanette","Tiempo de lectura":"2 minutos"},"schema":{"@context":"https:\/\/schema.org","@graph":[{"@type":"Article","@id":"https:\/\/www.eldiario.net\/portal\/2024\/04\/21\/desaciertos-marcan-proceso-de-industrializacion-del-litio\/#article","isPartOf":{"@id":"https:\/\/www.eldiario.net\/portal\/2024\/04\/21\/desaciertos-marcan-proceso-de-industrializacion-del-litio\/"},"author":{"name":"Jeanette","@id":"https:\/\/www.eldiario.net\/portal\/#\/schema\/person\/f46445640444750d7d753ccd04ae01b7"},"headline":"Desaciertos marcan proceso de industrializaci\u00f3n del litio","datePublished":"2024-04-21T09:37:51+00:00","mainEntityOfPage":{"@id":"https:\/\/www.eldiario.net\/portal\/2024\/04\/21\/desaciertos-marcan-proceso-de-industrializacion-del-litio\/"},"wordCount":287,"commentCount":0,"publisher":{"@id":"https:\/\/www.eldiario.net\/portal\/#organization"},"image":{"@id":"https:\/\/www.eldiario.net\/portal\/2024\/04\/21\/desaciertos-marcan-proceso-de-industrializacion-del-litio\/#primaryimage"},"thumbnailUrl":"https:\/\/www.eldiario.net\/portal\/wp-content\/uploads\/2024\/04\/P-1-20-cm-x-11-2.jpg","articleSection":["Principal"],"inLanguage":"es","potentialAction":[{"@type":"CommentAction","name":"Comment","target":["https:\/\/www.eldiario.net\/portal\/2024\/04\/21\/desaciertos-marcan-proceso-de-industrializacion-del-litio\/#respond"]}]},{"@type":"WebPage","@id":"https:\/\/www.eldiario.net\/portal\/2024\/04\/21\/desaciertos-marcan-proceso-de-industrializacion-del-litio\/","url":"https:\/\/www.eldiario.net\/portal\/2024\/04\/21\/desaciertos-marcan-proceso-de-industrializacion-del-litio\/","name":"Desaciertos marcan proceso de industrializaci\u00f3n del litio - El Diario - Bolivia","isPartOf":{"@id":"https:\/\/www.eldiario.net\/portal\/#website"},"primaryImageOfPage":{"@id":"https:\/\/www.eldiario.net\/portal\/2024\/04\/21\/desaciertos-marcan-proceso-de-industrializacion-del-litio\/#primaryimage"},"image":{"@id":"https:\/\/www.eldiario.net\/portal\/2024\/04\/21\/desaciertos-marcan-proceso-de-industrializacion-del-litio\/#primaryimage"},"thumbnailUrl":"https:\/\/www.eldiario.net\/portal\/wp-content\/uploads\/2024\/04\/P-1-20-cm-x-11-2.jpg","datePublished":"2024-04-21T09:37:51+00:00","breadcrumb":{"@id":"https:\/\/www.eldiario.net\/portal\/2024\/04\/21\/desaciertos-marcan-proceso-de-industrializacion-del-litio\/#breadcrumb"},"inLanguage":"es","potentialAction":[{"@type":"ReadAction","target":["https:\/\/www.eldiario.net\/portal\/2024\/04\/21\/desaciertos-marcan-proceso-de-industrializacion-del-litio\/"]}]},{"@type":"ImageObject","inLanguage":"es","@id":"https:\/\/www.eldiario.net\/portal\/2024\/04\/21\/desaciertos-marcan-proceso-de-industrializacion-del-litio\/#primaryimage","url":"https:\/\/www.eldiario.net\/portal\/wp-content\/uploads\/2024\/04\/P-1-20-cm-x-11-2.jpg","contentUrl":"https:\/\/www.eldiario.net\/portal\/wp-content\/uploads\/2024\/04\/P-1-20-cm-x-11-2.jpg","width":1024,"height":675,"caption":"El proyecto del litio fue iniciado por el gobierno de Evo Morales en 2010 y hoy es parte de la pol\u00edtica de industrializaci\u00f3n de la administraci\u00f3n de Luis Arce."},{"@type":"BreadcrumbList","@id":"https:\/\/www.eldiario.net\/portal\/2024\/04\/21\/desaciertos-marcan-proceso-de-industrializacion-del-litio\/#breadcrumb","itemListElement":[{"@type":"ListItem","position":1,"name":"Portada","item":"https:\/\/www.eldiario.net\/portal\/"},{"@type":"ListItem","position":2,"name":"Desaciertos marcan proceso de industrializaci\u00f3n del litio"}]},{"@type":"WebSite","@id":"https:\/\/www.eldiario.net\/portal\/#website","url":"https:\/\/www.eldiario.net\/portal\/","name":"El Diario - Decano de la prensa nacional","description":"El Diario - Decano de la prensa nacional","publisher":{"@id":"https:\/\/www.eldiario.net\/portal\/#organization"},"potentialAction":[{"@type":"SearchAction","target":{"@type":"EntryPoint","urlTemplate":"https:\/\/www.eldiario.net\/portal\/?s={search_term_string}"},"query-input":{"@type":"PropertyValueSpecification","valueRequired":true,"valueName":"search_term_string"}}],"inLanguage":"es"},{"@type":"Organization","@id":"https:\/\/www.eldiario.net\/portal\/#organization","name":"El Diario - Decano de la prensa nacional","url":"https:\/\/www.eldiario.net\/portal\/","logo":{"@type":"ImageObject","inLanguage":"es","@id":"https:\/\/www.eldiario.net\/portal\/#\/schema\/logo\/image\/","url":"https:\/\/www.eldiario.net\/portal\/wp-content\/uploads\/2023\/07\/logo_ED.jpg","contentUrl":"https:\/\/www.eldiario.net\/portal\/wp-content\/uploads\/2023\/07\/logo_ED.jpg","width":272,"height":52,"caption":"El Diario - Decano de la prensa nacional"},"image":{"@id":"https:\/\/www.eldiario.net\/portal\/#\/schema\/logo\/image\/"},"sameAs":["https:\/\/www.facebook.com\/eldiario.bolivia\/","https:\/\/x.com\/eldiario_net"]},{"@type":"Person","@id":"https:\/\/www.eldiario.net\/portal\/#\/schema\/person\/f46445640444750d7d753ccd04ae01b7","name":"Jeanette","image":{"@type":"ImageObject","inLanguage":"es","@id":"https:\/\/secure.gravatar.com\/avatar\/3ea2118a5f7dad2b7138b1187a6b7ee55f160b9968b66013c3a3ef39dd7e5798?s=96&d=mm&r=g","url":"https:\/\/secure.gravatar.com\/avatar\/3ea2118a5f7dad2b7138b1187a6b7ee55f160b9968b66013c3a3ef39dd7e5798?s=96&d=mm&r=g","contentUrl":"https:\/\/secure.gravatar.com\/avatar\/3ea2118a5f7dad2b7138b1187a6b7ee55f160b9968b66013c3a3ef39dd7e5798?s=96&d=mm&r=g","caption":"Jeanette"},"sameAs":["https:\/\/www.eldiario.net\/portal"],"url":"https:\/\/www.eldiario.net\/portal\/author\/jeanette\/"}]}},"_links":{"self":[{"href":"https:\/\/www.eldiario.net\/portal\/wp-json\/wp\/v2\/posts\/215585","targetHints":{"allow":["GET"]}}],"collection":[{"href":"https:\/\/www.eldiario.net\/portal\/wp-json\/wp\/v2\/posts"}],"about":[{"href":"https:\/\/www.eldiario.net\/portal\/wp-json\/wp\/v2\/types\/post"}],"author":[{"embeddable":true,"href":"https:\/\/www.eldiario.net\/portal\/wp-json\/wp\/v2\/users\/1"}],"replies":[{"embeddable":true,"href":"https:\/\/www.eldiario.net\/portal\/wp-json\/wp\/v2\/comments?post=215585"}],"version-history":[{"count":1,"href":"https:\/\/www.eldiario.net\/portal\/wp-json\/wp\/v2\/posts\/215585\/revisions"}],"predecessor-version":[{"id":215587,"href":"https:\/\/www.eldiario.net\/portal\/wp-json\/wp\/v2\/posts\/215585\/revisions\/215587"}],"wp:featuredmedia":[{"embeddable":true,"href":"https:\/\/www.eldiario.net\/portal\/wp-json\/wp\/v2\/media\/215586"}],"wp:attachment":[{"href":"https:\/\/www.eldiario.net\/portal\/wp-json\/wp\/v2\/media?parent=215585"}],"wp:term":[{"taxonomy":"category","embeddable":true,"href":"https:\/\/www.eldiario.net\/portal\/wp-json\/wp\/v2\/categories?post=215585"},{"taxonomy":"post_tag","embeddable":true,"href":"https:\/\/www.eldiario.net\/portal\/wp-json\/wp\/v2\/tags?post=215585"}],"curies":[{"name":"wp","href":"https:\/\/api.w.org\/{rel}","templated":true}]}}