{"id":215582,"date":"2024-04-21T05:36:49","date_gmt":"2024-04-21T09:36:49","guid":{"rendered":"https:\/\/www.eldiario.net\/portal\/?p=215582"},"modified":"2024-04-21T05:36:49","modified_gmt":"2024-04-21T09:36:49","slug":"seria-ideal-tener-una-politica-sin-morales","status":"publish","type":"post","link":"https:\/\/www.eldiario.net\/portal\/2024\/04\/21\/seria-ideal-tener-una-politica-sin-morales\/","title":{"rendered":"\u00abSer\u00eda ideal tener una  pol\u00edtica sin Morales\u00bb"},"content":{"rendered":"<p class=\"v1MsoNormal\">Carlos Mesa, expresidente de Bolivia y dirigente de Comunidad Ciudadana (CC), reflexion\u00f3 sobre el panorama pol\u00edtico boliviano sin la figura dominante de Evo Morales, se\u00f1alando \u00abque s\u00ed, ser\u00eda ideal tener una pol\u00edtica sin \u00e9l, para proyectar un futuro posible de tolerancia, pluralismo pol\u00edtico, discurso plural y convicci\u00f3n en el respeto mutuo, alejado del discurso \u00fanico y hegem\u00f3nico\u00bb.<\/p>\n<p class=\"v1MsoNormal\">Para Mesa, es imperativo trabajar en la construcci\u00f3n de un espacio pol\u00edtico que promueva la integraci\u00f3n y rompa con la polarizaci\u00f3n que ha marcado la escena pol\u00edtica reciente. Sobre la persistencia de Morales en el poder, Mesa expres\u00f3: \u00abEvo quiere ser presidente hasta que se muera\u00bb, indicando as\u00ed su percepci\u00f3n sobre la arraigada ambici\u00f3n de poder del expresidente boliviano.<\/p>\n<p class=\"v1MsoNormal\">El l\u00edder de Comunidad Ciudadana tambi\u00e9n analiz\u00f3 la interpretaci\u00f3n del ejercicio del poder por parte de Morales, se\u00f1alando que este lo entiende \u00abcomo el derecho absoluto a decidir sobre la vida y los bienes de los ciudadanos\u00bb. Mesa record\u00f3 la decisi\u00f3n del \u00abTribunal Constitucional que impide a Morales postularse nuevamente, destacando que esta se tom\u00f3 cuando a\u00fan era legal hacerlo\u00bb.<\/p>\n<p class=\"v1MsoNormal\">En cuanto a las pr\u00f3ximas elecciones, Mesa advirti\u00f3 sobre el prop\u00f3sito de Morales de anticipar la campa\u00f1a electoral y lament\u00f3 la polarizaci\u00f3n que caracteriza al panorama pol\u00edtico boliviano. Critic\u00f3 la divisi\u00f3n existente en el Tribunal Supremo Electoral (TSE) entre \u00abarcistas\u00bb y \u00abevistas\u00bb, describi\u00e9ndola como una \u00abruleta rusa\u00bb que puede afectar al Movimiento Al Socialismo.<\/p>\n<p class=\"v1MsoNormal\">Mesa tambi\u00e9n se refiri\u00f3 a los \u00faltimos resultados electorales, donde el presidente Luis Arce obtuvo el 55% de los votos, mientras que la oposici\u00f3n, representada por CC, alcanz\u00f3 cerca del 30%. Ante esto, Mesa destac\u00f3 la importancia de respetar las minor\u00edas en la Asamblea y demand\u00f3 una convivencia democr\u00e1tica que reconozca los derechos de todas las facciones pol\u00edticas.<\/p>\n<p class=\"v1MsoNormal\">Finalmente, Mesa abord\u00f3 el significado del Bicentenario de Bolivia, destacando la necesidad de reflexionar sobre el pasado y el presente del pa\u00eds para proyectar un futuro sereno y unificado. Propuso hacer una pausa en las disputas pol\u00edticas en los d\u00edas cercanos al 6 de agosto, fecha de conmemoraci\u00f3n, para promover un di\u00e1logo nacional sobre el destino de la naci\u00f3n. (Erbol)<\/p>\n<p class=\"v1MsoNormal\">\n","protected":false},"excerpt":{"rendered":"<p>Carlos Mesa, expresidente de Bolivia y dirigente de Comunidad Ciudadana (CC), reflexion\u00f3 sobre el panorama pol\u00edtico boliviano sin la figura dominante de Evo Morales, se\u00f1alando \u00abque s\u00ed, ser\u00eda ideal tener una pol\u00edtica sin \u00e9l, para proyectar un futuro posible de tolerancia, pluralismo pol\u00edtico, discurso plural y convicci\u00f3n en el respeto mutuo, alejado del discurso \u00fanico [&hellip;]<\/p>\n","protected":false},"author":1,"featured_media":215583,"comment_status":"open","ping_status":"open","sticky":false,"template":"","format":"standard","meta":{"_acf_changed":false,"footnotes":""},"categories":[15],"tags":[],"class_list":["post-215582","post","type-post","status-publish","format-standard","has-post-thumbnail","category-portada"],"acf":{"antetitulo":"Carlos Mesa:"},"yoast_head":"<!-- This site is optimized with the Yoast SEO plugin v28.3 - https:\/\/yoast.com\/product\/yoast-seo-wordpress\/ -->\n<title>&quot;Ser\u00eda ideal tener una pol\u00edtica sin Morales&quot; - El Diario - Bolivia<\/title>\n<meta name=\"robots\" content=\"index, follow, max-snippet:-1, max-image-preview:large, max-video-preview:-1\" \/>\n<link rel=\"canonical\" href=\"https:\/\/www.eldiario.net\/portal\/2024\/04\/21\/seria-ideal-tener-una-politica-sin-morales\/\" \/>\n<meta property=\"og:locale\" content=\"es_ES\" \/>\n<meta property=\"og:type\" content=\"article\" \/>\n<meta property=\"og:title\" content=\"&quot;Ser\u00eda ideal tener una pol\u00edtica sin Morales&quot; - El Diario - Bolivia\" \/>\n<meta property=\"og:description\" content=\"Carlos Mesa, expresidente de Bolivia y dirigente de Comunidad Ciudadana (CC), reflexion\u00f3 sobre el panorama pol\u00edtico boliviano sin la figura dominante de Evo Morales, se\u00f1alando \u00abque s\u00ed, ser\u00eda ideal tener una pol\u00edtica sin \u00e9l, para proyectar un futuro posible de tolerancia, pluralismo pol\u00edtico, discurso plural y convicci\u00f3n en el respeto mutuo, alejado del discurso \u00fanico [&hellip;]\" \/>\n<meta property=\"og:url\" content=\"https:\/\/www.eldiario.net\/portal\/2024\/04\/21\/seria-ideal-tener-una-politica-sin-morales\/\" \/>\n<meta property=\"og:site_name\" content=\"El Diario - Bolivia\" \/>\n<meta property=\"article:publisher\" content=\"https:\/\/www.facebook.com\/eldiario.bolivia\/\" \/>\n<meta property=\"article:published_time\" content=\"2024-04-21T09:36:49+00:00\" \/>\n<meta property=\"og:image\" content=\"https:\/\/www.eldiario.net\/portal\/wp-content\/uploads\/2024\/04\/P-2-10-cm-x-7-6.jpg\" \/>\n\t<meta property=\"og:image:width\" content=\"276\" \/>\n\t<meta property=\"og:image:height\" content=\"183\" \/>\n\t<meta property=\"og:image:type\" content=\"image\/jpeg\" \/>\n<meta name=\"author\" content=\"Jeanette\" \/>\n<meta name=\"twitter:card\" content=\"summary_large_image\" \/>\n<meta name=\"twitter:creator\" content=\"@eldiario_net\" \/>\n<meta name=\"twitter:site\" content=\"@eldiario_net\" \/>\n<meta name=\"twitter:label1\" content=\"Escrito por\" \/>\n\t<meta name=\"twitter:data1\" content=\"Jeanette\" \/>\n\t<meta name=\"twitter:label2\" content=\"Tiempo de lectura\" \/>\n\t<meta name=\"twitter:data2\" content=\"2 minutos\" \/>\n<script type=\"application\/ld+json\" class=\"yoast-schema-graph\">{\"@context\":\"https:\\\/\\\/schema.org\",\"@graph\":[{\"@type\":\"Article\",\"@id\":\"https:\\\/\\\/www.eldiario.net\\\/portal\\\/2024\\\/04\\\/21\\\/seria-ideal-tener-una-politica-sin-morales\\\/#article\",\"isPartOf\":{\"@id\":\"https:\\\/\\\/www.eldiario.net\\\/portal\\\/2024\\\/04\\\/21\\\/seria-ideal-tener-una-politica-sin-morales\\\/\"},\"author\":{\"name\":\"Jeanette\",\"@id\":\"https:\\\/\\\/www.eldiario.net\\\/portal\\\/#\\\/schema\\\/person\\\/f46445640444750d7d753ccd04ae01b7\"},\"headline\":\"\u00abSer\u00eda ideal tener una pol\u00edtica sin Morales\u00bb\",\"datePublished\":\"2024-04-21T09:36:49+00:00\",\"mainEntityOfPage\":{\"@id\":\"https:\\\/\\\/www.eldiario.net\\\/portal\\\/2024\\\/04\\\/21\\\/seria-ideal-tener-una-politica-sin-morales\\\/\"},\"wordCount\":392,\"commentCount\":0,\"publisher\":{\"@id\":\"https:\\\/\\\/www.eldiario.net\\\/portal\\\/#organization\"},\"image\":{\"@id\":\"https:\\\/\\\/www.eldiario.net\\\/portal\\\/2024\\\/04\\\/21\\\/seria-ideal-tener-una-politica-sin-morales\\\/#primaryimage\"},\"thumbnailUrl\":\"https:\\\/\\\/www.eldiario.net\\\/portal\\\/wp-content\\\/uploads\\\/2024\\\/04\\\/P-2-10-cm-x-7-6.jpg\",\"articleSection\":[\"Portada\"],\"inLanguage\":\"es\",\"potentialAction\":[{\"@type\":\"CommentAction\",\"name\":\"Comment\",\"target\":[\"https:\\\/\\\/www.eldiario.net\\\/portal\\\/2024\\\/04\\\/21\\\/seria-ideal-tener-una-politica-sin-morales\\\/#respond\"]}]},{\"@type\":\"WebPage\",\"@id\":\"https:\\\/\\\/www.eldiario.net\\\/portal\\\/2024\\\/04\\\/21\\\/seria-ideal-tener-una-politica-sin-morales\\\/\",\"url\":\"https:\\\/\\\/www.eldiario.net\\\/portal\\\/2024\\\/04\\\/21\\\/seria-ideal-tener-una-politica-sin-morales\\\/\",\"name\":\"\\\"Ser\u00eda ideal tener una pol\u00edtica sin Morales\\\" - El Diario - Bolivia\",\"isPartOf\":{\"@id\":\"https:\\\/\\\/www.eldiario.net\\\/portal\\\/#website\"},\"primaryImageOfPage\":{\"@id\":\"https:\\\/\\\/www.eldiario.net\\\/portal\\\/2024\\\/04\\\/21\\\/seria-ideal-tener-una-politica-sin-morales\\\/#primaryimage\"},\"image\":{\"@id\":\"https:\\\/\\\/www.eldiario.net\\\/portal\\\/2024\\\/04\\\/21\\\/seria-ideal-tener-una-politica-sin-morales\\\/#primaryimage\"},\"thumbnailUrl\":\"https:\\\/\\\/www.eldiario.net\\\/portal\\\/wp-content\\\/uploads\\\/2024\\\/04\\\/P-2-10-cm-x-7-6.jpg\",\"datePublished\":\"2024-04-21T09:36:49+00:00\",\"breadcrumb\":{\"@id\":\"https:\\\/\\\/www.eldiario.net\\\/portal\\\/2024\\\/04\\\/21\\\/seria-ideal-tener-una-politica-sin-morales\\\/#breadcrumb\"},\"inLanguage\":\"es\",\"potentialAction\":[{\"@type\":\"ReadAction\",\"target\":[\"https:\\\/\\\/www.eldiario.net\\\/portal\\\/2024\\\/04\\\/21\\\/seria-ideal-tener-una-politica-sin-morales\\\/\"]}]},{\"@type\":\"ImageObject\",\"inLanguage\":\"es\",\"@id\":\"https:\\\/\\\/www.eldiario.net\\\/portal\\\/2024\\\/04\\\/21\\\/seria-ideal-tener-una-politica-sin-morales\\\/#primaryimage\",\"url\":\"https:\\\/\\\/www.eldiario.net\\\/portal\\\/wp-content\\\/uploads\\\/2024\\\/04\\\/P-2-10-cm-x-7-6.jpg\",\"contentUrl\":\"https:\\\/\\\/www.eldiario.net\\\/portal\\\/wp-content\\\/uploads\\\/2024\\\/04\\\/P-2-10-cm-x-7-6.jpg\",\"width\":276,\"height\":183,\"caption\":\"Carlos Mesa, l\u00edder de Comunidad Ciudadana. CR\u00c9DITO: CDMG\"},{\"@type\":\"BreadcrumbList\",\"@id\":\"https:\\\/\\\/www.eldiario.net\\\/portal\\\/2024\\\/04\\\/21\\\/seria-ideal-tener-una-politica-sin-morales\\\/#breadcrumb\",\"itemListElement\":[{\"@type\":\"ListItem\",\"position\":1,\"name\":\"Portada\",\"item\":\"https:\\\/\\\/www.eldiario.net\\\/portal\\\/\"},{\"@type\":\"ListItem\",\"position\":2,\"name\":\"\u00abSer\u00eda ideal tener una pol\u00edtica sin Morales\u00bb\"}]},{\"@type\":\"WebSite\",\"@id\":\"https:\\\/\\\/www.eldiario.net\\\/portal\\\/#website\",\"url\":\"https:\\\/\\\/www.eldiario.net\\\/portal\\\/\",\"name\":\"El Diario - Decano de la prensa nacional\",\"description\":\"El Diario - Decano de la prensa nacional\",\"publisher\":{\"@id\":\"https:\\\/\\\/www.eldiario.net\\\/portal\\\/#organization\"},\"potentialAction\":[{\"@type\":\"SearchAction\",\"target\":{\"@type\":\"EntryPoint\",\"urlTemplate\":\"https:\\\/\\\/www.eldiario.net\\\/portal\\\/?s={search_term_string}\"},\"query-input\":{\"@type\":\"PropertyValueSpecification\",\"valueRequired\":true,\"valueName\":\"search_term_string\"}}],\"inLanguage\":\"es\"},{\"@type\":\"Organization\",\"@id\":\"https:\\\/\\\/www.eldiario.net\\\/portal\\\/#organization\",\"name\":\"El Diario - Decano de la prensa nacional\",\"url\":\"https:\\\/\\\/www.eldiario.net\\\/portal\\\/\",\"logo\":{\"@type\":\"ImageObject\",\"inLanguage\":\"es\",\"@id\":\"https:\\\/\\\/www.eldiario.net\\\/portal\\\/#\\\/schema\\\/logo\\\/image\\\/\",\"url\":\"https:\\\/\\\/www.eldiario.net\\\/portal\\\/wp-content\\\/uploads\\\/2023\\\/07\\\/logo_ED.jpg\",\"contentUrl\":\"https:\\\/\\\/www.eldiario.net\\\/portal\\\/wp-content\\\/uploads\\\/2023\\\/07\\\/logo_ED.jpg\",\"width\":272,\"height\":52,\"caption\":\"El Diario - Decano de la prensa nacional\"},\"image\":{\"@id\":\"https:\\\/\\\/www.eldiario.net\\\/portal\\\/#\\\/schema\\\/logo\\\/image\\\/\"},\"sameAs\":[\"https:\\\/\\\/www.facebook.com\\\/eldiario.bolivia\\\/\",\"https:\\\/\\\/x.com\\\/eldiario_net\"]},{\"@type\":\"Person\",\"@id\":\"https:\\\/\\\/www.eldiario.net\\\/portal\\\/#\\\/schema\\\/person\\\/f46445640444750d7d753ccd04ae01b7\",\"name\":\"Jeanette\",\"image\":{\"@type\":\"ImageObject\",\"inLanguage\":\"es\",\"@id\":\"https:\\\/\\\/secure.gravatar.com\\\/avatar\\\/3ea2118a5f7dad2b7138b1187a6b7ee55f160b9968b66013c3a3ef39dd7e5798?s=96&d=mm&r=g\",\"url\":\"https:\\\/\\\/secure.gravatar.com\\\/avatar\\\/3ea2118a5f7dad2b7138b1187a6b7ee55f160b9968b66013c3a3ef39dd7e5798?s=96&d=mm&r=g\",\"contentUrl\":\"https:\\\/\\\/secure.gravatar.com\\\/avatar\\\/3ea2118a5f7dad2b7138b1187a6b7ee55f160b9968b66013c3a3ef39dd7e5798?s=96&d=mm&r=g\",\"caption\":\"Jeanette\"},\"sameAs\":[\"https:\\\/\\\/www.eldiario.net\\\/portal\"],\"url\":\"https:\\\/\\\/www.eldiario.net\\\/portal\\\/author\\\/jeanette\\\/\"}]}<\/script>\n<!-- \/ Yoast SEO plugin. -->","yoast_head_json":{"title":"\"Ser\u00eda ideal tener una pol\u00edtica sin Morales\" - El Diario - Bolivia","robots":{"index":"index","follow":"follow","max-snippet":"max-snippet:-1","max-image-preview":"max-image-preview:large","max-video-preview":"max-video-preview:-1"},"canonical":"https:\/\/www.eldiario.net\/portal\/2024\/04\/21\/seria-ideal-tener-una-politica-sin-morales\/","og_locale":"es_ES","og_type":"article","og_title":"\"Ser\u00eda ideal tener una pol\u00edtica sin Morales\" - El Diario - Bolivia","og_description":"Carlos Mesa, expresidente de Bolivia y dirigente de Comunidad Ciudadana (CC), reflexion\u00f3 sobre el panorama pol\u00edtico boliviano sin la figura dominante de Evo Morales, se\u00f1alando \u00abque s\u00ed, ser\u00eda ideal tener una pol\u00edtica sin \u00e9l, para proyectar un futuro posible de tolerancia, pluralismo pol\u00edtico, discurso plural y convicci\u00f3n en el respeto mutuo, alejado del discurso \u00fanico [&hellip;]","og_url":"https:\/\/www.eldiario.net\/portal\/2024\/04\/21\/seria-ideal-tener-una-politica-sin-morales\/","og_site_name":"El Diario - Bolivia","article_publisher":"https:\/\/www.facebook.com\/eldiario.bolivia\/","article_published_time":"2024-04-21T09:36:49+00:00","og_image":[{"width":276,"height":183,"url":"https:\/\/www.eldiario.net\/portal\/wp-content\/uploads\/2024\/04\/P-2-10-cm-x-7-6.jpg","type":"image\/jpeg"}],"author":"Jeanette","twitter_card":"summary_large_image","twitter_creator":"@eldiario_net","twitter_site":"@eldiario_net","twitter_misc":{"Escrito por":"Jeanette","Tiempo de lectura":"2 minutos"},"schema":{"@context":"https:\/\/schema.org","@graph":[{"@type":"Article","@id":"https:\/\/www.eldiario.net\/portal\/2024\/04\/21\/seria-ideal-tener-una-politica-sin-morales\/#article","isPartOf":{"@id":"https:\/\/www.eldiario.net\/portal\/2024\/04\/21\/seria-ideal-tener-una-politica-sin-morales\/"},"author":{"name":"Jeanette","@id":"https:\/\/www.eldiario.net\/portal\/#\/schema\/person\/f46445640444750d7d753ccd04ae01b7"},"headline":"\u00abSer\u00eda ideal tener una pol\u00edtica sin Morales\u00bb","datePublished":"2024-04-21T09:36:49+00:00","mainEntityOfPage":{"@id":"https:\/\/www.eldiario.net\/portal\/2024\/04\/21\/seria-ideal-tener-una-politica-sin-morales\/"},"wordCount":392,"commentCount":0,"publisher":{"@id":"https:\/\/www.eldiario.net\/portal\/#organization"},"image":{"@id":"https:\/\/www.eldiario.net\/portal\/2024\/04\/21\/seria-ideal-tener-una-politica-sin-morales\/#primaryimage"},"thumbnailUrl":"https:\/\/www.eldiario.net\/portal\/wp-content\/uploads\/2024\/04\/P-2-10-cm-x-7-6.jpg","articleSection":["Portada"],"inLanguage":"es","potentialAction":[{"@type":"CommentAction","name":"Comment","target":["https:\/\/www.eldiario.net\/portal\/2024\/04\/21\/seria-ideal-tener-una-politica-sin-morales\/#respond"]}]},{"@type":"WebPage","@id":"https:\/\/www.eldiario.net\/portal\/2024\/04\/21\/seria-ideal-tener-una-politica-sin-morales\/","url":"https:\/\/www.eldiario.net\/portal\/2024\/04\/21\/seria-ideal-tener-una-politica-sin-morales\/","name":"\"Ser\u00eda ideal tener una pol\u00edtica sin Morales\" - El Diario - Bolivia","isPartOf":{"@id":"https:\/\/www.eldiario.net\/portal\/#website"},"primaryImageOfPage":{"@id":"https:\/\/www.eldiario.net\/portal\/2024\/04\/21\/seria-ideal-tener-una-politica-sin-morales\/#primaryimage"},"image":{"@id":"https:\/\/www.eldiario.net\/portal\/2024\/04\/21\/seria-ideal-tener-una-politica-sin-morales\/#primaryimage"},"thumbnailUrl":"https:\/\/www.eldiario.net\/portal\/wp-content\/uploads\/2024\/04\/P-2-10-cm-x-7-6.jpg","datePublished":"2024-04-21T09:36:49+00:00","breadcrumb":{"@id":"https:\/\/www.eldiario.net\/portal\/2024\/04\/21\/seria-ideal-tener-una-politica-sin-morales\/#breadcrumb"},"inLanguage":"es","potentialAction":[{"@type":"ReadAction","target":["https:\/\/www.eldiario.net\/portal\/2024\/04\/21\/seria-ideal-tener-una-politica-sin-morales\/"]}]},{"@type":"ImageObject","inLanguage":"es","@id":"https:\/\/www.eldiario.net\/portal\/2024\/04\/21\/seria-ideal-tener-una-politica-sin-morales\/#primaryimage","url":"https:\/\/www.eldiario.net\/portal\/wp-content\/uploads\/2024\/04\/P-2-10-cm-x-7-6.jpg","contentUrl":"https:\/\/www.eldiario.net\/portal\/wp-content\/uploads\/2024\/04\/P-2-10-cm-x-7-6.jpg","width":276,"height":183,"caption":"Carlos Mesa, l\u00edder de Comunidad Ciudadana. CR\u00c9DITO: CDMG"},{"@type":"BreadcrumbList","@id":"https:\/\/www.eldiario.net\/portal\/2024\/04\/21\/seria-ideal-tener-una-politica-sin-morales\/#breadcrumb","itemListElement":[{"@type":"ListItem","position":1,"name":"Portada","item":"https:\/\/www.eldiario.net\/portal\/"},{"@type":"ListItem","position":2,"name":"\u00abSer\u00eda ideal tener una pol\u00edtica sin Morales\u00bb"}]},{"@type":"WebSite","@id":"https:\/\/www.eldiario.net\/portal\/#website","url":"https:\/\/www.eldiario.net\/portal\/","name":"El Diario - Decano de la prensa nacional","description":"El Diario - Decano de la prensa nacional","publisher":{"@id":"https:\/\/www.eldiario.net\/portal\/#organization"},"potentialAction":[{"@type":"SearchAction","target":{"@type":"EntryPoint","urlTemplate":"https:\/\/www.eldiario.net\/portal\/?s={search_term_string}"},"query-input":{"@type":"PropertyValueSpecification","valueRequired":true,"valueName":"search_term_string"}}],"inLanguage":"es"},{"@type":"Organization","@id":"https:\/\/www.eldiario.net\/portal\/#organization","name":"El Diario - Decano de la prensa nacional","url":"https:\/\/www.eldiario.net\/portal\/","logo":{"@type":"ImageObject","inLanguage":"es","@id":"https:\/\/www.eldiario.net\/portal\/#\/schema\/logo\/image\/","url":"https:\/\/www.eldiario.net\/portal\/wp-content\/uploads\/2023\/07\/logo_ED.jpg","contentUrl":"https:\/\/www.eldiario.net\/portal\/wp-content\/uploads\/2023\/07\/logo_ED.jpg","width":272,"height":52,"caption":"El Diario - Decano de la prensa nacional"},"image":{"@id":"https:\/\/www.eldiario.net\/portal\/#\/schema\/logo\/image\/"},"sameAs":["https:\/\/www.facebook.com\/eldiario.bolivia\/","https:\/\/x.com\/eldiario_net"]},{"@type":"Person","@id":"https:\/\/www.eldiario.net\/portal\/#\/schema\/person\/f46445640444750d7d753ccd04ae01b7","name":"Jeanette","image":{"@type":"ImageObject","inLanguage":"es","@id":"https:\/\/secure.gravatar.com\/avatar\/3ea2118a5f7dad2b7138b1187a6b7ee55f160b9968b66013c3a3ef39dd7e5798?s=96&d=mm&r=g","url":"https:\/\/secure.gravatar.com\/avatar\/3ea2118a5f7dad2b7138b1187a6b7ee55f160b9968b66013c3a3ef39dd7e5798?s=96&d=mm&r=g","contentUrl":"https:\/\/secure.gravatar.com\/avatar\/3ea2118a5f7dad2b7138b1187a6b7ee55f160b9968b66013c3a3ef39dd7e5798?s=96&d=mm&r=g","caption":"Jeanette"},"sameAs":["https:\/\/www.eldiario.net\/portal"],"url":"https:\/\/www.eldiario.net\/portal\/author\/jeanette\/"}]}},"_links":{"self":[{"href":"https:\/\/www.eldiario.net\/portal\/wp-json\/wp\/v2\/posts\/215582","targetHints":{"allow":["GET"]}}],"collection":[{"href":"https:\/\/www.eldiario.net\/portal\/wp-json\/wp\/v2\/posts"}],"about":[{"href":"https:\/\/www.eldiario.net\/portal\/wp-json\/wp\/v2\/types\/post"}],"author":[{"embeddable":true,"href":"https:\/\/www.eldiario.net\/portal\/wp-json\/wp\/v2\/users\/1"}],"replies":[{"embeddable":true,"href":"https:\/\/www.eldiario.net\/portal\/wp-json\/wp\/v2\/comments?post=215582"}],"version-history":[{"count":1,"href":"https:\/\/www.eldiario.net\/portal\/wp-json\/wp\/v2\/posts\/215582\/revisions"}],"predecessor-version":[{"id":215584,"href":"https:\/\/www.eldiario.net\/portal\/wp-json\/wp\/v2\/posts\/215582\/revisions\/215584"}],"wp:featuredmedia":[{"embeddable":true,"href":"https:\/\/www.eldiario.net\/portal\/wp-json\/wp\/v2\/media\/215583"}],"wp:attachment":[{"href":"https:\/\/www.eldiario.net\/portal\/wp-json\/wp\/v2\/media?parent=215582"}],"wp:term":[{"taxonomy":"category","embeddable":true,"href":"https:\/\/www.eldiario.net\/portal\/wp-json\/wp\/v2\/categories?post=215582"},{"taxonomy":"post_tag","embeddable":true,"href":"https:\/\/www.eldiario.net\/portal\/wp-json\/wp\/v2\/tags?post=215582"}],"curies":[{"name":"wp","href":"https:\/\/api.w.org\/{rel}","templated":true}]}}