{"id":215570,"date":"2024-04-21T05:33:25","date_gmt":"2024-04-21T09:33:25","guid":{"rendered":"https:\/\/www.eldiario.net\/portal\/?p=215570"},"modified":"2024-04-21T05:33:25","modified_gmt":"2024-04-21T09:33:25","slug":"noboa-declaro-nuevo-estado-de-excepcion-por-60-dias","status":"publish","type":"post","link":"https:\/\/www.eldiario.net\/portal\/2024\/04\/21\/noboa-declaro-nuevo-estado-de-excepcion-por-60-dias\/","title":{"rendered":"Noboa declar\u00f3 nuevo Estado de Excepci\u00f3n por 60 d\u00edas"},"content":{"rendered":"<p class=\"v1MsoNormal\">El presidente de Ecuador, Daniel Noboa, dispuso un nuevo estado de excepci\u00f3n ante el grave momento que atraviesa el pa\u00eds sudamericano por la emergencia en el sector el\u00e9ctrico.<\/p>\n<p class=\"v1MsoNormal\">El decreto 299 detalla que la medida tendr\u00e1 una duraci\u00f3n de 60 d\u00edas, con la finalidad de \u00abgarantizar la seguridad de las instalaciones cr\u00edticas de infraestructura energ\u00e9tica, para prevenir sabotajes, ataque terroristas u otras amenazas que puedan afectar su funcionamiento\u00bb, indica el documento.<\/p>\n<p class=\"v1MsoNormal\">Cabe resaltar que la nueva declaratoria de estado de excepci\u00f3n por parte de Noboa lleg\u00f3 tres d\u00edas despu\u00e9s de que el Ministerio de Energ\u00eda pusiera en emergencia al sector el\u00e9ctrico.<\/p>\n<p class=\"v1MsoNormal\">El presidente Daniel Noboa inform\u00f3 el martes que pidi\u00f3 la renuncia de la hasta entonces ministra de Energ\u00eda y Minas, Andrea Arrobo, quien est\u00e1 bajo investigaci\u00f3n por posibles irregularidades en la conducci\u00f3n de esa \u00e1rea.<\/p>\n<p class=\"v1MsoNormal\">CNN ha buscado a Arrobo para obtener comentarios sobre esos se\u00f1alamientos, sin haber obtenido respuesta hasta ahora.<\/p>\n<p class=\"v1MsoNormal\">Roberto Luque, ministro de Transporte y Obras P\u00fablicas, fue designado como encargado del ramo energ\u00e9tico.<\/p>\n<p class=\"v1MsoNormal\">Esta no es la primera declaratoria de estado de excepci\u00f3n emitida por Noboa para afrontar situaciones que considera cr\u00edticas para Ecuador, donde asumi\u00f3 el poder el 23 de noviembre. En enero, el presidente declar\u00f3 estado de excepci\u00f3n por la inseguridad p\u00fablica. (LR\/CNN)<\/p>\n<p class=\"v1MsoNormal\">\n","protected":false},"excerpt":{"rendered":"<p>El presidente de Ecuador, Daniel Noboa, dispuso un nuevo estado de excepci\u00f3n ante el grave momento que atraviesa el pa\u00eds sudamericano por la emergencia en el sector el\u00e9ctrico. El decreto 299 detalla que la medida tendr\u00e1 una duraci\u00f3n de 60 d\u00edas, con la finalidad de \u00abgarantizar la seguridad de las instalaciones cr\u00edticas de infraestructura energ\u00e9tica, [&hellip;]<\/p>\n","protected":false},"author":1,"featured_media":215571,"comment_status":"open","ping_status":"open","sticky":false,"template":"","format":"standard","meta":{"_acf_changed":false,"footnotes":""},"categories":[15],"tags":[],"class_list":["post-215570","post","type-post","status-publish","format-standard","has-post-thumbnail","category-portada"],"acf":{"antetitulo":"Crisis energ\u00e9tica en Ecuador"},"yoast_head":"<!-- This site is optimized with the Yoast SEO plugin v28.3 - https:\/\/yoast.com\/product\/yoast-seo-wordpress\/ -->\n<title>Noboa declar\u00f3 nuevo Estado de Excepci\u00f3n por 60 d\u00edas - El Diario - Bolivia<\/title>\n<meta name=\"robots\" content=\"index, follow, max-snippet:-1, max-image-preview:large, max-video-preview:-1\" \/>\n<link rel=\"canonical\" href=\"https:\/\/www.eldiario.net\/portal\/2024\/04\/21\/noboa-declaro-nuevo-estado-de-excepcion-por-60-dias\/\" \/>\n<meta property=\"og:locale\" content=\"es_ES\" \/>\n<meta property=\"og:type\" content=\"article\" \/>\n<meta property=\"og:title\" content=\"Noboa declar\u00f3 nuevo Estado de Excepci\u00f3n por 60 d\u00edas - El Diario - Bolivia\" \/>\n<meta property=\"og:description\" content=\"El presidente de Ecuador, Daniel Noboa, dispuso un nuevo estado de excepci\u00f3n ante el grave momento que atraviesa el pa\u00eds sudamericano por la emergencia en el sector el\u00e9ctrico. El decreto 299 detalla que la medida tendr\u00e1 una duraci\u00f3n de 60 d\u00edas, con la finalidad de \u00abgarantizar la seguridad de las instalaciones cr\u00edticas de infraestructura energ\u00e9tica, [&hellip;]\" \/>\n<meta property=\"og:url\" content=\"https:\/\/www.eldiario.net\/portal\/2024\/04\/21\/noboa-declaro-nuevo-estado-de-excepcion-por-60-dias\/\" \/>\n<meta property=\"og:site_name\" content=\"El Diario - Bolivia\" \/>\n<meta property=\"article:publisher\" content=\"https:\/\/www.facebook.com\/eldiario.bolivia\/\" \/>\n<meta property=\"article:published_time\" content=\"2024-04-21T09:33:25+00:00\" \/>\n<meta property=\"og:image\" content=\"https:\/\/www.eldiario.net\/portal\/wp-content\/uploads\/2024\/04\/P-5-10-cm-x-7.png\" \/>\n\t<meta property=\"og:image:width\" content=\"640\" \/>\n\t<meta property=\"og:image:height\" content=\"371\" \/>\n\t<meta property=\"og:image:type\" content=\"image\/png\" \/>\n<meta name=\"author\" content=\"Jeanette\" \/>\n<meta name=\"twitter:card\" content=\"summary_large_image\" \/>\n<meta name=\"twitter:creator\" content=\"@eldiario_net\" \/>\n<meta name=\"twitter:site\" content=\"@eldiario_net\" \/>\n<meta name=\"twitter:label1\" content=\"Escrito por\" \/>\n\t<meta name=\"twitter:data1\" content=\"Jeanette\" \/>\n\t<meta name=\"twitter:label2\" content=\"Tiempo de lectura\" \/>\n\t<meta name=\"twitter:data2\" content=\"2 minutos\" \/>\n<script type=\"application\/ld+json\" class=\"yoast-schema-graph\">{\"@context\":\"https:\\\/\\\/schema.org\",\"@graph\":[{\"@type\":\"Article\",\"@id\":\"https:\\\/\\\/www.eldiario.net\\\/portal\\\/2024\\\/04\\\/21\\\/noboa-declaro-nuevo-estado-de-excepcion-por-60-dias\\\/#article\",\"isPartOf\":{\"@id\":\"https:\\\/\\\/www.eldiario.net\\\/portal\\\/2024\\\/04\\\/21\\\/noboa-declaro-nuevo-estado-de-excepcion-por-60-dias\\\/\"},\"author\":{\"name\":\"Jeanette\",\"@id\":\"https:\\\/\\\/www.eldiario.net\\\/portal\\\/#\\\/schema\\\/person\\\/f46445640444750d7d753ccd04ae01b7\"},\"headline\":\"Noboa declar\u00f3 nuevo Estado de Excepci\u00f3n por 60 d\u00edas\",\"datePublished\":\"2024-04-21T09:33:25+00:00\",\"mainEntityOfPage\":{\"@id\":\"https:\\\/\\\/www.eldiario.net\\\/portal\\\/2024\\\/04\\\/21\\\/noboa-declaro-nuevo-estado-de-excepcion-por-60-dias\\\/\"},\"wordCount\":240,\"commentCount\":0,\"publisher\":{\"@id\":\"https:\\\/\\\/www.eldiario.net\\\/portal\\\/#organization\"},\"image\":{\"@id\":\"https:\\\/\\\/www.eldiario.net\\\/portal\\\/2024\\\/04\\\/21\\\/noboa-declaro-nuevo-estado-de-excepcion-por-60-dias\\\/#primaryimage\"},\"thumbnailUrl\":\"https:\\\/\\\/www.eldiario.net\\\/portal\\\/wp-content\\\/uploads\\\/2024\\\/04\\\/P-5-10-cm-x-7.png\",\"articleSection\":[\"Portada\"],\"inLanguage\":\"es\",\"potentialAction\":[{\"@type\":\"CommentAction\",\"name\":\"Comment\",\"target\":[\"https:\\\/\\\/www.eldiario.net\\\/portal\\\/2024\\\/04\\\/21\\\/noboa-declaro-nuevo-estado-de-excepcion-por-60-dias\\\/#respond\"]}]},{\"@type\":\"WebPage\",\"@id\":\"https:\\\/\\\/www.eldiario.net\\\/portal\\\/2024\\\/04\\\/21\\\/noboa-declaro-nuevo-estado-de-excepcion-por-60-dias\\\/\",\"url\":\"https:\\\/\\\/www.eldiario.net\\\/portal\\\/2024\\\/04\\\/21\\\/noboa-declaro-nuevo-estado-de-excepcion-por-60-dias\\\/\",\"name\":\"Noboa declar\u00f3 nuevo Estado de Excepci\u00f3n por 60 d\u00edas - El Diario - Bolivia\",\"isPartOf\":{\"@id\":\"https:\\\/\\\/www.eldiario.net\\\/portal\\\/#website\"},\"primaryImageOfPage\":{\"@id\":\"https:\\\/\\\/www.eldiario.net\\\/portal\\\/2024\\\/04\\\/21\\\/noboa-declaro-nuevo-estado-de-excepcion-por-60-dias\\\/#primaryimage\"},\"image\":{\"@id\":\"https:\\\/\\\/www.eldiario.net\\\/portal\\\/2024\\\/04\\\/21\\\/noboa-declaro-nuevo-estado-de-excepcion-por-60-dias\\\/#primaryimage\"},\"thumbnailUrl\":\"https:\\\/\\\/www.eldiario.net\\\/portal\\\/wp-content\\\/uploads\\\/2024\\\/04\\\/P-5-10-cm-x-7.png\",\"datePublished\":\"2024-04-21T09:33:25+00:00\",\"breadcrumb\":{\"@id\":\"https:\\\/\\\/www.eldiario.net\\\/portal\\\/2024\\\/04\\\/21\\\/noboa-declaro-nuevo-estado-de-excepcion-por-60-dias\\\/#breadcrumb\"},\"inLanguage\":\"es\",\"potentialAction\":[{\"@type\":\"ReadAction\",\"target\":[\"https:\\\/\\\/www.eldiario.net\\\/portal\\\/2024\\\/04\\\/21\\\/noboa-declaro-nuevo-estado-de-excepcion-por-60-dias\\\/\"]}]},{\"@type\":\"ImageObject\",\"inLanguage\":\"es\",\"@id\":\"https:\\\/\\\/www.eldiario.net\\\/portal\\\/2024\\\/04\\\/21\\\/noboa-declaro-nuevo-estado-de-excepcion-por-60-dias\\\/#primaryimage\",\"url\":\"https:\\\/\\\/www.eldiario.net\\\/portal\\\/wp-content\\\/uploads\\\/2024\\\/04\\\/P-5-10-cm-x-7.png\",\"contentUrl\":\"https:\\\/\\\/www.eldiario.net\\\/portal\\\/wp-content\\\/uploads\\\/2024\\\/04\\\/P-5-10-cm-x-7.png\",\"width\":640,\"height\":371,\"caption\":\"Presidente Daniel Noboa ante emergencia energ\u00e9tica. CR\u00c9DITO: LR\\\/AFP\"},{\"@type\":\"BreadcrumbList\",\"@id\":\"https:\\\/\\\/www.eldiario.net\\\/portal\\\/2024\\\/04\\\/21\\\/noboa-declaro-nuevo-estado-de-excepcion-por-60-dias\\\/#breadcrumb\",\"itemListElement\":[{\"@type\":\"ListItem\",\"position\":1,\"name\":\"Portada\",\"item\":\"https:\\\/\\\/www.eldiario.net\\\/portal\\\/\"},{\"@type\":\"ListItem\",\"position\":2,\"name\":\"Noboa declar\u00f3 nuevo Estado de Excepci\u00f3n por 60 d\u00edas\"}]},{\"@type\":\"WebSite\",\"@id\":\"https:\\\/\\\/www.eldiario.net\\\/portal\\\/#website\",\"url\":\"https:\\\/\\\/www.eldiario.net\\\/portal\\\/\",\"name\":\"El Diario - Decano de la prensa nacional\",\"description\":\"El Diario - Decano de la prensa nacional\",\"publisher\":{\"@id\":\"https:\\\/\\\/www.eldiario.net\\\/portal\\\/#organization\"},\"potentialAction\":[{\"@type\":\"SearchAction\",\"target\":{\"@type\":\"EntryPoint\",\"urlTemplate\":\"https:\\\/\\\/www.eldiario.net\\\/portal\\\/?s={search_term_string}\"},\"query-input\":{\"@type\":\"PropertyValueSpecification\",\"valueRequired\":true,\"valueName\":\"search_term_string\"}}],\"inLanguage\":\"es\"},{\"@type\":\"Organization\",\"@id\":\"https:\\\/\\\/www.eldiario.net\\\/portal\\\/#organization\",\"name\":\"El Diario - Decano de la prensa nacional\",\"url\":\"https:\\\/\\\/www.eldiario.net\\\/portal\\\/\",\"logo\":{\"@type\":\"ImageObject\",\"inLanguage\":\"es\",\"@id\":\"https:\\\/\\\/www.eldiario.net\\\/portal\\\/#\\\/schema\\\/logo\\\/image\\\/\",\"url\":\"https:\\\/\\\/www.eldiario.net\\\/portal\\\/wp-content\\\/uploads\\\/2023\\\/07\\\/logo_ED.jpg\",\"contentUrl\":\"https:\\\/\\\/www.eldiario.net\\\/portal\\\/wp-content\\\/uploads\\\/2023\\\/07\\\/logo_ED.jpg\",\"width\":272,\"height\":52,\"caption\":\"El Diario - Decano de la prensa nacional\"},\"image\":{\"@id\":\"https:\\\/\\\/www.eldiario.net\\\/portal\\\/#\\\/schema\\\/logo\\\/image\\\/\"},\"sameAs\":[\"https:\\\/\\\/www.facebook.com\\\/eldiario.bolivia\\\/\",\"https:\\\/\\\/x.com\\\/eldiario_net\"]},{\"@type\":\"Person\",\"@id\":\"https:\\\/\\\/www.eldiario.net\\\/portal\\\/#\\\/schema\\\/person\\\/f46445640444750d7d753ccd04ae01b7\",\"name\":\"Jeanette\",\"image\":{\"@type\":\"ImageObject\",\"inLanguage\":\"es\",\"@id\":\"https:\\\/\\\/secure.gravatar.com\\\/avatar\\\/3ea2118a5f7dad2b7138b1187a6b7ee55f160b9968b66013c3a3ef39dd7e5798?s=96&d=mm&r=g\",\"url\":\"https:\\\/\\\/secure.gravatar.com\\\/avatar\\\/3ea2118a5f7dad2b7138b1187a6b7ee55f160b9968b66013c3a3ef39dd7e5798?s=96&d=mm&r=g\",\"contentUrl\":\"https:\\\/\\\/secure.gravatar.com\\\/avatar\\\/3ea2118a5f7dad2b7138b1187a6b7ee55f160b9968b66013c3a3ef39dd7e5798?s=96&d=mm&r=g\",\"caption\":\"Jeanette\"},\"sameAs\":[\"https:\\\/\\\/www.eldiario.net\\\/portal\"],\"url\":\"https:\\\/\\\/www.eldiario.net\\\/portal\\\/author\\\/jeanette\\\/\"}]}<\/script>\n<!-- \/ Yoast SEO plugin. -->","yoast_head_json":{"title":"Noboa declar\u00f3 nuevo Estado de Excepci\u00f3n por 60 d\u00edas - El Diario - Bolivia","robots":{"index":"index","follow":"follow","max-snippet":"max-snippet:-1","max-image-preview":"max-image-preview:large","max-video-preview":"max-video-preview:-1"},"canonical":"https:\/\/www.eldiario.net\/portal\/2024\/04\/21\/noboa-declaro-nuevo-estado-de-excepcion-por-60-dias\/","og_locale":"es_ES","og_type":"article","og_title":"Noboa declar\u00f3 nuevo Estado de Excepci\u00f3n por 60 d\u00edas - El Diario - Bolivia","og_description":"El presidente de Ecuador, Daniel Noboa, dispuso un nuevo estado de excepci\u00f3n ante el grave momento que atraviesa el pa\u00eds sudamericano por la emergencia en el sector el\u00e9ctrico. El decreto 299 detalla que la medida tendr\u00e1 una duraci\u00f3n de 60 d\u00edas, con la finalidad de \u00abgarantizar la seguridad de las instalaciones cr\u00edticas de infraestructura energ\u00e9tica, [&hellip;]","og_url":"https:\/\/www.eldiario.net\/portal\/2024\/04\/21\/noboa-declaro-nuevo-estado-de-excepcion-por-60-dias\/","og_site_name":"El Diario - Bolivia","article_publisher":"https:\/\/www.facebook.com\/eldiario.bolivia\/","article_published_time":"2024-04-21T09:33:25+00:00","og_image":[{"width":640,"height":371,"url":"https:\/\/www.eldiario.net\/portal\/wp-content\/uploads\/2024\/04\/P-5-10-cm-x-7.png","type":"image\/png"}],"author":"Jeanette","twitter_card":"summary_large_image","twitter_creator":"@eldiario_net","twitter_site":"@eldiario_net","twitter_misc":{"Escrito por":"Jeanette","Tiempo de lectura":"2 minutos"},"schema":{"@context":"https:\/\/schema.org","@graph":[{"@type":"Article","@id":"https:\/\/www.eldiario.net\/portal\/2024\/04\/21\/noboa-declaro-nuevo-estado-de-excepcion-por-60-dias\/#article","isPartOf":{"@id":"https:\/\/www.eldiario.net\/portal\/2024\/04\/21\/noboa-declaro-nuevo-estado-de-excepcion-por-60-dias\/"},"author":{"name":"Jeanette","@id":"https:\/\/www.eldiario.net\/portal\/#\/schema\/person\/f46445640444750d7d753ccd04ae01b7"},"headline":"Noboa declar\u00f3 nuevo Estado de Excepci\u00f3n por 60 d\u00edas","datePublished":"2024-04-21T09:33:25+00:00","mainEntityOfPage":{"@id":"https:\/\/www.eldiario.net\/portal\/2024\/04\/21\/noboa-declaro-nuevo-estado-de-excepcion-por-60-dias\/"},"wordCount":240,"commentCount":0,"publisher":{"@id":"https:\/\/www.eldiario.net\/portal\/#organization"},"image":{"@id":"https:\/\/www.eldiario.net\/portal\/2024\/04\/21\/noboa-declaro-nuevo-estado-de-excepcion-por-60-dias\/#primaryimage"},"thumbnailUrl":"https:\/\/www.eldiario.net\/portal\/wp-content\/uploads\/2024\/04\/P-5-10-cm-x-7.png","articleSection":["Portada"],"inLanguage":"es","potentialAction":[{"@type":"CommentAction","name":"Comment","target":["https:\/\/www.eldiario.net\/portal\/2024\/04\/21\/noboa-declaro-nuevo-estado-de-excepcion-por-60-dias\/#respond"]}]},{"@type":"WebPage","@id":"https:\/\/www.eldiario.net\/portal\/2024\/04\/21\/noboa-declaro-nuevo-estado-de-excepcion-por-60-dias\/","url":"https:\/\/www.eldiario.net\/portal\/2024\/04\/21\/noboa-declaro-nuevo-estado-de-excepcion-por-60-dias\/","name":"Noboa declar\u00f3 nuevo Estado de Excepci\u00f3n por 60 d\u00edas - El Diario - Bolivia","isPartOf":{"@id":"https:\/\/www.eldiario.net\/portal\/#website"},"primaryImageOfPage":{"@id":"https:\/\/www.eldiario.net\/portal\/2024\/04\/21\/noboa-declaro-nuevo-estado-de-excepcion-por-60-dias\/#primaryimage"},"image":{"@id":"https:\/\/www.eldiario.net\/portal\/2024\/04\/21\/noboa-declaro-nuevo-estado-de-excepcion-por-60-dias\/#primaryimage"},"thumbnailUrl":"https:\/\/www.eldiario.net\/portal\/wp-content\/uploads\/2024\/04\/P-5-10-cm-x-7.png","datePublished":"2024-04-21T09:33:25+00:00","breadcrumb":{"@id":"https:\/\/www.eldiario.net\/portal\/2024\/04\/21\/noboa-declaro-nuevo-estado-de-excepcion-por-60-dias\/#breadcrumb"},"inLanguage":"es","potentialAction":[{"@type":"ReadAction","target":["https:\/\/www.eldiario.net\/portal\/2024\/04\/21\/noboa-declaro-nuevo-estado-de-excepcion-por-60-dias\/"]}]},{"@type":"ImageObject","inLanguage":"es","@id":"https:\/\/www.eldiario.net\/portal\/2024\/04\/21\/noboa-declaro-nuevo-estado-de-excepcion-por-60-dias\/#primaryimage","url":"https:\/\/www.eldiario.net\/portal\/wp-content\/uploads\/2024\/04\/P-5-10-cm-x-7.png","contentUrl":"https:\/\/www.eldiario.net\/portal\/wp-content\/uploads\/2024\/04\/P-5-10-cm-x-7.png","width":640,"height":371,"caption":"Presidente Daniel Noboa ante emergencia energ\u00e9tica. CR\u00c9DITO: LR\/AFP"},{"@type":"BreadcrumbList","@id":"https:\/\/www.eldiario.net\/portal\/2024\/04\/21\/noboa-declaro-nuevo-estado-de-excepcion-por-60-dias\/#breadcrumb","itemListElement":[{"@type":"ListItem","position":1,"name":"Portada","item":"https:\/\/www.eldiario.net\/portal\/"},{"@type":"ListItem","position":2,"name":"Noboa declar\u00f3 nuevo Estado de Excepci\u00f3n por 60 d\u00edas"}]},{"@type":"WebSite","@id":"https:\/\/www.eldiario.net\/portal\/#website","url":"https:\/\/www.eldiario.net\/portal\/","name":"El Diario - Decano de la prensa nacional","description":"El Diario - Decano de la prensa nacional","publisher":{"@id":"https:\/\/www.eldiario.net\/portal\/#organization"},"potentialAction":[{"@type":"SearchAction","target":{"@type":"EntryPoint","urlTemplate":"https:\/\/www.eldiario.net\/portal\/?s={search_term_string}"},"query-input":{"@type":"PropertyValueSpecification","valueRequired":true,"valueName":"search_term_string"}}],"inLanguage":"es"},{"@type":"Organization","@id":"https:\/\/www.eldiario.net\/portal\/#organization","name":"El Diario - Decano de la prensa nacional","url":"https:\/\/www.eldiario.net\/portal\/","logo":{"@type":"ImageObject","inLanguage":"es","@id":"https:\/\/www.eldiario.net\/portal\/#\/schema\/logo\/image\/","url":"https:\/\/www.eldiario.net\/portal\/wp-content\/uploads\/2023\/07\/logo_ED.jpg","contentUrl":"https:\/\/www.eldiario.net\/portal\/wp-content\/uploads\/2023\/07\/logo_ED.jpg","width":272,"height":52,"caption":"El Diario - Decano de la prensa nacional"},"image":{"@id":"https:\/\/www.eldiario.net\/portal\/#\/schema\/logo\/image\/"},"sameAs":["https:\/\/www.facebook.com\/eldiario.bolivia\/","https:\/\/x.com\/eldiario_net"]},{"@type":"Person","@id":"https:\/\/www.eldiario.net\/portal\/#\/schema\/person\/f46445640444750d7d753ccd04ae01b7","name":"Jeanette","image":{"@type":"ImageObject","inLanguage":"es","@id":"https:\/\/secure.gravatar.com\/avatar\/3ea2118a5f7dad2b7138b1187a6b7ee55f160b9968b66013c3a3ef39dd7e5798?s=96&d=mm&r=g","url":"https:\/\/secure.gravatar.com\/avatar\/3ea2118a5f7dad2b7138b1187a6b7ee55f160b9968b66013c3a3ef39dd7e5798?s=96&d=mm&r=g","contentUrl":"https:\/\/secure.gravatar.com\/avatar\/3ea2118a5f7dad2b7138b1187a6b7ee55f160b9968b66013c3a3ef39dd7e5798?s=96&d=mm&r=g","caption":"Jeanette"},"sameAs":["https:\/\/www.eldiario.net\/portal"],"url":"https:\/\/www.eldiario.net\/portal\/author\/jeanette\/"}]}},"_links":{"self":[{"href":"https:\/\/www.eldiario.net\/portal\/wp-json\/wp\/v2\/posts\/215570","targetHints":{"allow":["GET"]}}],"collection":[{"href":"https:\/\/www.eldiario.net\/portal\/wp-json\/wp\/v2\/posts"}],"about":[{"href":"https:\/\/www.eldiario.net\/portal\/wp-json\/wp\/v2\/types\/post"}],"author":[{"embeddable":true,"href":"https:\/\/www.eldiario.net\/portal\/wp-json\/wp\/v2\/users\/1"}],"replies":[{"embeddable":true,"href":"https:\/\/www.eldiario.net\/portal\/wp-json\/wp\/v2\/comments?post=215570"}],"version-history":[{"count":1,"href":"https:\/\/www.eldiario.net\/portal\/wp-json\/wp\/v2\/posts\/215570\/revisions"}],"predecessor-version":[{"id":215572,"href":"https:\/\/www.eldiario.net\/portal\/wp-json\/wp\/v2\/posts\/215570\/revisions\/215572"}],"wp:featuredmedia":[{"embeddable":true,"href":"https:\/\/www.eldiario.net\/portal\/wp-json\/wp\/v2\/media\/215571"}],"wp:attachment":[{"href":"https:\/\/www.eldiario.net\/portal\/wp-json\/wp\/v2\/media?parent=215570"}],"wp:term":[{"taxonomy":"category","embeddable":true,"href":"https:\/\/www.eldiario.net\/portal\/wp-json\/wp\/v2\/categories?post=215570"},{"taxonomy":"post_tag","embeddable":true,"href":"https:\/\/www.eldiario.net\/portal\/wp-json\/wp\/v2\/tags?post=215570"}],"curies":[{"name":"wp","href":"https:\/\/api.w.org\/{rel}","templated":true}]}}