{"id":215564,"date":"2024-04-21T05:30:49","date_gmt":"2024-04-21T09:30:49","guid":{"rendered":"https:\/\/www.eldiario.net\/portal\/?p=215564"},"modified":"2024-04-21T05:30:49","modified_gmt":"2024-04-21T09:30:49","slug":"se-juega-el-superclasico-argentino","status":"publish","type":"post","link":"https:\/\/www.eldiario.net\/portal\/2024\/04\/21\/se-juega-el-superclasico-argentino\/","title":{"rendered":"Se juega el Supercl\u00e1sico  argentino"},"content":{"rendered":"<p>Boca Juniors y River Plate, los clubes m\u00e1s populares de Argentina, volver\u00e1n a enfrentarse este domingo en un supercl\u00e1sico a todo o nada por los cuartos de final de la Copa de la Liga con la novedad de que ambas hinchadas volver\u00e1n a compartir estadio despu\u00e9s de seis a\u00f1os.<br \/>\nDos meses despu\u00e9s de igualar 1-1 en el Monumental en duelo por la etapa regular de la Copa de la Liga, los archirrivales vuelven a encontrarse, despu\u00e9s de que ambos lograron avanzar a las instancias eliminatorias en la \u00faltima fecha, en cotejo a resolverse en 90 minutos, o por penales en caso de igualdad.<br \/>\nPara llegar a cuartos ambos pasaron por apuros, pues River estaba eliminado en alg\u00fan pasaje del partido que finalmente le gan\u00f3 a Instituto (3-1), y con esa victoria termin\u00f3 como l\u00edder de la zona A.<br \/>\nLo mismo sucedi\u00f3 con Boca, que venci\u00f3 a Godoy Cruz (1-0) tras estar con un pie fuera de todo por varios minutos, y as\u00ed concluy\u00f3 en el cuarto puesto en la zona B.<br \/>\nEn este contexto, el que asoma en buena forma es River, que ha ganado cinco de sus \u00faltimos seis partidos entre el torneo local y la Copa Libertadores, y s\u00f3lo ha perdido un duelo en lo que va del a\u00f1o, frente a Hurac\u00e1n (1-0).<br \/>\nPero tambi\u00e9n ha mejorado Boca, que ha ido de menos a m\u00e1s, y despu\u00e9s de rondar la mitad de la tabla por varias fechas, pis\u00f3 el acelerador a tiempo para llegar a los cuartos de final.<br \/>\nEl supercl\u00e1sico tambi\u00e9n incluir\u00e1 un duelo particular entre los dos delanteros extranjeros de cada equipo, ya que el colombiano Miguel Borja llega como goleador del campeonato con 12 goles, mientras que el uruguayo Edinson Cavani levant\u00f3 su producci\u00f3n y fue decisivo para la clasificaci\u00f3n de Boca con 6 tantos en las fechas m\u00e1s recientes.<br \/>\n\u00abEs el cl\u00e1sico m\u00e1s importante que me ha tocado jugar a lo largo de de mi carrera. He jugado Argentina-Brasil y el de Manchester (entre United y City), pero \u00e9ste no tiene comparaci\u00f3n. Nos encuentra en un muy buen momento. Cada vez nos sentimos mejor como grupo y como equipo\u00bb, destac\u00f3 el defensor Marcos Rojo, capit\u00e1n de Boca, en rueda de prensa previa.<br \/>\nDel lado de River, Nacho Fern\u00e1ndez se mostr\u00f3 entusiasmado con el que a su criterio \u00abes el mejor cl\u00e1sico del mundo\u00bb.<br \/>\n\u00abEs muy lindo jugar un cl\u00e1sico. Para m\u00ed, es de los mejores del mundo. Tenemos que estar orgullosos de eso. En los \u00faltimos partidos fuimos encontrando el funcionamiento, ojal\u00e1 siga as\u00ed y consigamos un buen resultado\u00bb, dijo.<br \/>\nEl encuentro se jugar\u00e1 en el mundialista Mario Kempes, en C\u00f3rdoba, desde las 15H30 locales (14:30HB), con arbitraje a cargo de Yael Falc\u00f3n P\u00e9rez y con capacidad completa con 50.000 espectadores, 25.000 de cada hinchada, en el primer partido que comparten espectadores desde la final de la Copa Libertadores-2018, que se disput\u00f3 en Madrid.<\/p>\n","protected":false},"excerpt":{"rendered":"<p>Boca Juniors y River Plate, los clubes m\u00e1s populares de Argentina, volver\u00e1n a enfrentarse este domingo en un supercl\u00e1sico a todo o nada por los cuartos de final de la Copa de la Liga con la novedad de que ambas hinchadas volver\u00e1n a compartir estadio despu\u00e9s de seis a\u00f1os. Dos meses despu\u00e9s de igualar 1-1 [&hellip;]<\/p>\n","protected":false},"author":1,"featured_media":215565,"comment_status":"open","ping_status":"open","sticky":false,"template":"","format":"standard","meta":{"_acf_changed":false,"footnotes":""},"categories":[6],"tags":[],"class_list":["post-215564","post","type-post","status-publish","format-standard","has-post-thumbnail","category-deportes"],"acf":{"antetitulo":""},"yoast_head":"<!-- This site is optimized with the Yoast SEO plugin v28.3 - https:\/\/yoast.com\/product\/yoast-seo-wordpress\/ -->\n<title>Se juega el Supercl\u00e1sico argentino - El Diario - Bolivia<\/title>\n<meta name=\"robots\" content=\"index, follow, max-snippet:-1, max-image-preview:large, max-video-preview:-1\" \/>\n<link rel=\"canonical\" href=\"https:\/\/www.eldiario.net\/portal\/2024\/04\/21\/se-juega-el-superclasico-argentino\/\" \/>\n<meta property=\"og:locale\" content=\"es_ES\" \/>\n<meta property=\"og:type\" content=\"article\" \/>\n<meta property=\"og:title\" content=\"Se juega el Supercl\u00e1sico argentino - El Diario - Bolivia\" \/>\n<meta property=\"og:description\" content=\"Boca Juniors y River Plate, los clubes m\u00e1s populares de Argentina, volver\u00e1n a enfrentarse este domingo en un supercl\u00e1sico a todo o nada por los cuartos de final de la Copa de la Liga con la novedad de que ambas hinchadas volver\u00e1n a compartir estadio despu\u00e9s de seis a\u00f1os. Dos meses despu\u00e9s de igualar 1-1 [&hellip;]\" \/>\n<meta property=\"og:url\" content=\"https:\/\/www.eldiario.net\/portal\/2024\/04\/21\/se-juega-el-superclasico-argentino\/\" \/>\n<meta property=\"og:site_name\" content=\"El Diario - Bolivia\" \/>\n<meta property=\"article:publisher\" content=\"https:\/\/www.facebook.com\/eldiario.bolivia\/\" \/>\n<meta property=\"article:published_time\" content=\"2024-04-21T09:30:49+00:00\" \/>\n<meta property=\"og:image\" content=\"https:\/\/www.eldiario.net\/portal\/wp-content\/uploads\/2024\/04\/clasico-argentino.jpg\" \/>\n\t<meta property=\"og:image:width\" content=\"827\" \/>\n\t<meta property=\"og:image:height\" content=\"543\" \/>\n\t<meta property=\"og:image:type\" content=\"image\/jpeg\" \/>\n<meta name=\"author\" content=\"Jeanette\" \/>\n<meta name=\"twitter:card\" content=\"summary_large_image\" \/>\n<meta name=\"twitter:creator\" content=\"@eldiario_net\" \/>\n<meta name=\"twitter:site\" content=\"@eldiario_net\" \/>\n<meta name=\"twitter:label1\" content=\"Escrito por\" \/>\n\t<meta name=\"twitter:data1\" content=\"Jeanette\" \/>\n\t<meta name=\"twitter:label2\" content=\"Tiempo de lectura\" \/>\n\t<meta name=\"twitter:data2\" content=\"3 minutos\" \/>\n<script type=\"application\/ld+json\" class=\"yoast-schema-graph\">{\"@context\":\"https:\\\/\\\/schema.org\",\"@graph\":[{\"@type\":\"Article\",\"@id\":\"https:\\\/\\\/www.eldiario.net\\\/portal\\\/2024\\\/04\\\/21\\\/se-juega-el-superclasico-argentino\\\/#article\",\"isPartOf\":{\"@id\":\"https:\\\/\\\/www.eldiario.net\\\/portal\\\/2024\\\/04\\\/21\\\/se-juega-el-superclasico-argentino\\\/\"},\"author\":{\"name\":\"Jeanette\",\"@id\":\"https:\\\/\\\/www.eldiario.net\\\/portal\\\/#\\\/schema\\\/person\\\/f46445640444750d7d753ccd04ae01b7\"},\"headline\":\"Se juega el Supercl\u00e1sico argentino\",\"datePublished\":\"2024-04-21T09:30:49+00:00\",\"mainEntityOfPage\":{\"@id\":\"https:\\\/\\\/www.eldiario.net\\\/portal\\\/2024\\\/04\\\/21\\\/se-juega-el-superclasico-argentino\\\/\"},\"wordCount\":512,\"commentCount\":0,\"publisher\":{\"@id\":\"https:\\\/\\\/www.eldiario.net\\\/portal\\\/#organization\"},\"image\":{\"@id\":\"https:\\\/\\\/www.eldiario.net\\\/portal\\\/2024\\\/04\\\/21\\\/se-juega-el-superclasico-argentino\\\/#primaryimage\"},\"thumbnailUrl\":\"https:\\\/\\\/www.eldiario.net\\\/portal\\\/wp-content\\\/uploads\\\/2024\\\/04\\\/clasico-argentino.jpg\",\"articleSection\":[\"Deportes\"],\"inLanguage\":\"es\",\"potentialAction\":[{\"@type\":\"CommentAction\",\"name\":\"Comment\",\"target\":[\"https:\\\/\\\/www.eldiario.net\\\/portal\\\/2024\\\/04\\\/21\\\/se-juega-el-superclasico-argentino\\\/#respond\"]}]},{\"@type\":\"WebPage\",\"@id\":\"https:\\\/\\\/www.eldiario.net\\\/portal\\\/2024\\\/04\\\/21\\\/se-juega-el-superclasico-argentino\\\/\",\"url\":\"https:\\\/\\\/www.eldiario.net\\\/portal\\\/2024\\\/04\\\/21\\\/se-juega-el-superclasico-argentino\\\/\",\"name\":\"Se juega el Supercl\u00e1sico argentino - El Diario - Bolivia\",\"isPartOf\":{\"@id\":\"https:\\\/\\\/www.eldiario.net\\\/portal\\\/#website\"},\"primaryImageOfPage\":{\"@id\":\"https:\\\/\\\/www.eldiario.net\\\/portal\\\/2024\\\/04\\\/21\\\/se-juega-el-superclasico-argentino\\\/#primaryimage\"},\"image\":{\"@id\":\"https:\\\/\\\/www.eldiario.net\\\/portal\\\/2024\\\/04\\\/21\\\/se-juega-el-superclasico-argentino\\\/#primaryimage\"},\"thumbnailUrl\":\"https:\\\/\\\/www.eldiario.net\\\/portal\\\/wp-content\\\/uploads\\\/2024\\\/04\\\/clasico-argentino.jpg\",\"datePublished\":\"2024-04-21T09:30:49+00:00\",\"breadcrumb\":{\"@id\":\"https:\\\/\\\/www.eldiario.net\\\/portal\\\/2024\\\/04\\\/21\\\/se-juega-el-superclasico-argentino\\\/#breadcrumb\"},\"inLanguage\":\"es\",\"potentialAction\":[{\"@type\":\"ReadAction\",\"target\":[\"https:\\\/\\\/www.eldiario.net\\\/portal\\\/2024\\\/04\\\/21\\\/se-juega-el-superclasico-argentino\\\/\"]}]},{\"@type\":\"ImageObject\",\"inLanguage\":\"es\",\"@id\":\"https:\\\/\\\/www.eldiario.net\\\/portal\\\/2024\\\/04\\\/21\\\/se-juega-el-superclasico-argentino\\\/#primaryimage\",\"url\":\"https:\\\/\\\/www.eldiario.net\\\/portal\\\/wp-content\\\/uploads\\\/2024\\\/04\\\/clasico-argentino.jpg\",\"contentUrl\":\"https:\\\/\\\/www.eldiario.net\\\/portal\\\/wp-content\\\/uploads\\\/2024\\\/04\\\/clasico-argentino.jpg\",\"width\":827,\"height\":543},{\"@type\":\"BreadcrumbList\",\"@id\":\"https:\\\/\\\/www.eldiario.net\\\/portal\\\/2024\\\/04\\\/21\\\/se-juega-el-superclasico-argentino\\\/#breadcrumb\",\"itemListElement\":[{\"@type\":\"ListItem\",\"position\":1,\"name\":\"Portada\",\"item\":\"https:\\\/\\\/www.eldiario.net\\\/portal\\\/\"},{\"@type\":\"ListItem\",\"position\":2,\"name\":\"Se juega el Supercl\u00e1sico argentino\"}]},{\"@type\":\"WebSite\",\"@id\":\"https:\\\/\\\/www.eldiario.net\\\/portal\\\/#website\",\"url\":\"https:\\\/\\\/www.eldiario.net\\\/portal\\\/\",\"name\":\"El Diario - Decano de la prensa nacional\",\"description\":\"El Diario - Decano de la prensa nacional\",\"publisher\":{\"@id\":\"https:\\\/\\\/www.eldiario.net\\\/portal\\\/#organization\"},\"potentialAction\":[{\"@type\":\"SearchAction\",\"target\":{\"@type\":\"EntryPoint\",\"urlTemplate\":\"https:\\\/\\\/www.eldiario.net\\\/portal\\\/?s={search_term_string}\"},\"query-input\":{\"@type\":\"PropertyValueSpecification\",\"valueRequired\":true,\"valueName\":\"search_term_string\"}}],\"inLanguage\":\"es\"},{\"@type\":\"Organization\",\"@id\":\"https:\\\/\\\/www.eldiario.net\\\/portal\\\/#organization\",\"name\":\"El Diario - Decano de la prensa nacional\",\"url\":\"https:\\\/\\\/www.eldiario.net\\\/portal\\\/\",\"logo\":{\"@type\":\"ImageObject\",\"inLanguage\":\"es\",\"@id\":\"https:\\\/\\\/www.eldiario.net\\\/portal\\\/#\\\/schema\\\/logo\\\/image\\\/\",\"url\":\"https:\\\/\\\/www.eldiario.net\\\/portal\\\/wp-content\\\/uploads\\\/2023\\\/07\\\/logo_ED.jpg\",\"contentUrl\":\"https:\\\/\\\/www.eldiario.net\\\/portal\\\/wp-content\\\/uploads\\\/2023\\\/07\\\/logo_ED.jpg\",\"width\":272,\"height\":52,\"caption\":\"El Diario - Decano de la prensa nacional\"},\"image\":{\"@id\":\"https:\\\/\\\/www.eldiario.net\\\/portal\\\/#\\\/schema\\\/logo\\\/image\\\/\"},\"sameAs\":[\"https:\\\/\\\/www.facebook.com\\\/eldiario.bolivia\\\/\",\"https:\\\/\\\/x.com\\\/eldiario_net\"]},{\"@type\":\"Person\",\"@id\":\"https:\\\/\\\/www.eldiario.net\\\/portal\\\/#\\\/schema\\\/person\\\/f46445640444750d7d753ccd04ae01b7\",\"name\":\"Jeanette\",\"image\":{\"@type\":\"ImageObject\",\"inLanguage\":\"es\",\"@id\":\"https:\\\/\\\/secure.gravatar.com\\\/avatar\\\/3ea2118a5f7dad2b7138b1187a6b7ee55f160b9968b66013c3a3ef39dd7e5798?s=96&d=mm&r=g\",\"url\":\"https:\\\/\\\/secure.gravatar.com\\\/avatar\\\/3ea2118a5f7dad2b7138b1187a6b7ee55f160b9968b66013c3a3ef39dd7e5798?s=96&d=mm&r=g\",\"contentUrl\":\"https:\\\/\\\/secure.gravatar.com\\\/avatar\\\/3ea2118a5f7dad2b7138b1187a6b7ee55f160b9968b66013c3a3ef39dd7e5798?s=96&d=mm&r=g\",\"caption\":\"Jeanette\"},\"sameAs\":[\"https:\\\/\\\/www.eldiario.net\\\/portal\"],\"url\":\"https:\\\/\\\/www.eldiario.net\\\/portal\\\/author\\\/jeanette\\\/\"}]}<\/script>\n<!-- \/ Yoast SEO plugin. -->","yoast_head_json":{"title":"Se juega el Supercl\u00e1sico argentino - El Diario - Bolivia","robots":{"index":"index","follow":"follow","max-snippet":"max-snippet:-1","max-image-preview":"max-image-preview:large","max-video-preview":"max-video-preview:-1"},"canonical":"https:\/\/www.eldiario.net\/portal\/2024\/04\/21\/se-juega-el-superclasico-argentino\/","og_locale":"es_ES","og_type":"article","og_title":"Se juega el Supercl\u00e1sico argentino - El Diario - Bolivia","og_description":"Boca Juniors y River Plate, los clubes m\u00e1s populares de Argentina, volver\u00e1n a enfrentarse este domingo en un supercl\u00e1sico a todo o nada por los cuartos de final de la Copa de la Liga con la novedad de que ambas hinchadas volver\u00e1n a compartir estadio despu\u00e9s de seis a\u00f1os. Dos meses despu\u00e9s de igualar 1-1 [&hellip;]","og_url":"https:\/\/www.eldiario.net\/portal\/2024\/04\/21\/se-juega-el-superclasico-argentino\/","og_site_name":"El Diario - Bolivia","article_publisher":"https:\/\/www.facebook.com\/eldiario.bolivia\/","article_published_time":"2024-04-21T09:30:49+00:00","og_image":[{"width":827,"height":543,"url":"https:\/\/www.eldiario.net\/portal\/wp-content\/uploads\/2024\/04\/clasico-argentino.jpg","type":"image\/jpeg"}],"author":"Jeanette","twitter_card":"summary_large_image","twitter_creator":"@eldiario_net","twitter_site":"@eldiario_net","twitter_misc":{"Escrito por":"Jeanette","Tiempo de lectura":"3 minutos"},"schema":{"@context":"https:\/\/schema.org","@graph":[{"@type":"Article","@id":"https:\/\/www.eldiario.net\/portal\/2024\/04\/21\/se-juega-el-superclasico-argentino\/#article","isPartOf":{"@id":"https:\/\/www.eldiario.net\/portal\/2024\/04\/21\/se-juega-el-superclasico-argentino\/"},"author":{"name":"Jeanette","@id":"https:\/\/www.eldiario.net\/portal\/#\/schema\/person\/f46445640444750d7d753ccd04ae01b7"},"headline":"Se juega el Supercl\u00e1sico argentino","datePublished":"2024-04-21T09:30:49+00:00","mainEntityOfPage":{"@id":"https:\/\/www.eldiario.net\/portal\/2024\/04\/21\/se-juega-el-superclasico-argentino\/"},"wordCount":512,"commentCount":0,"publisher":{"@id":"https:\/\/www.eldiario.net\/portal\/#organization"},"image":{"@id":"https:\/\/www.eldiario.net\/portal\/2024\/04\/21\/se-juega-el-superclasico-argentino\/#primaryimage"},"thumbnailUrl":"https:\/\/www.eldiario.net\/portal\/wp-content\/uploads\/2024\/04\/clasico-argentino.jpg","articleSection":["Deportes"],"inLanguage":"es","potentialAction":[{"@type":"CommentAction","name":"Comment","target":["https:\/\/www.eldiario.net\/portal\/2024\/04\/21\/se-juega-el-superclasico-argentino\/#respond"]}]},{"@type":"WebPage","@id":"https:\/\/www.eldiario.net\/portal\/2024\/04\/21\/se-juega-el-superclasico-argentino\/","url":"https:\/\/www.eldiario.net\/portal\/2024\/04\/21\/se-juega-el-superclasico-argentino\/","name":"Se juega el Supercl\u00e1sico argentino - El Diario - Bolivia","isPartOf":{"@id":"https:\/\/www.eldiario.net\/portal\/#website"},"primaryImageOfPage":{"@id":"https:\/\/www.eldiario.net\/portal\/2024\/04\/21\/se-juega-el-superclasico-argentino\/#primaryimage"},"image":{"@id":"https:\/\/www.eldiario.net\/portal\/2024\/04\/21\/se-juega-el-superclasico-argentino\/#primaryimage"},"thumbnailUrl":"https:\/\/www.eldiario.net\/portal\/wp-content\/uploads\/2024\/04\/clasico-argentino.jpg","datePublished":"2024-04-21T09:30:49+00:00","breadcrumb":{"@id":"https:\/\/www.eldiario.net\/portal\/2024\/04\/21\/se-juega-el-superclasico-argentino\/#breadcrumb"},"inLanguage":"es","potentialAction":[{"@type":"ReadAction","target":["https:\/\/www.eldiario.net\/portal\/2024\/04\/21\/se-juega-el-superclasico-argentino\/"]}]},{"@type":"ImageObject","inLanguage":"es","@id":"https:\/\/www.eldiario.net\/portal\/2024\/04\/21\/se-juega-el-superclasico-argentino\/#primaryimage","url":"https:\/\/www.eldiario.net\/portal\/wp-content\/uploads\/2024\/04\/clasico-argentino.jpg","contentUrl":"https:\/\/www.eldiario.net\/portal\/wp-content\/uploads\/2024\/04\/clasico-argentino.jpg","width":827,"height":543},{"@type":"BreadcrumbList","@id":"https:\/\/www.eldiario.net\/portal\/2024\/04\/21\/se-juega-el-superclasico-argentino\/#breadcrumb","itemListElement":[{"@type":"ListItem","position":1,"name":"Portada","item":"https:\/\/www.eldiario.net\/portal\/"},{"@type":"ListItem","position":2,"name":"Se juega el Supercl\u00e1sico argentino"}]},{"@type":"WebSite","@id":"https:\/\/www.eldiario.net\/portal\/#website","url":"https:\/\/www.eldiario.net\/portal\/","name":"El Diario - Decano de la prensa nacional","description":"El Diario - Decano de la prensa nacional","publisher":{"@id":"https:\/\/www.eldiario.net\/portal\/#organization"},"potentialAction":[{"@type":"SearchAction","target":{"@type":"EntryPoint","urlTemplate":"https:\/\/www.eldiario.net\/portal\/?s={search_term_string}"},"query-input":{"@type":"PropertyValueSpecification","valueRequired":true,"valueName":"search_term_string"}}],"inLanguage":"es"},{"@type":"Organization","@id":"https:\/\/www.eldiario.net\/portal\/#organization","name":"El Diario - Decano de la prensa nacional","url":"https:\/\/www.eldiario.net\/portal\/","logo":{"@type":"ImageObject","inLanguage":"es","@id":"https:\/\/www.eldiario.net\/portal\/#\/schema\/logo\/image\/","url":"https:\/\/www.eldiario.net\/portal\/wp-content\/uploads\/2023\/07\/logo_ED.jpg","contentUrl":"https:\/\/www.eldiario.net\/portal\/wp-content\/uploads\/2023\/07\/logo_ED.jpg","width":272,"height":52,"caption":"El Diario - Decano de la prensa nacional"},"image":{"@id":"https:\/\/www.eldiario.net\/portal\/#\/schema\/logo\/image\/"},"sameAs":["https:\/\/www.facebook.com\/eldiario.bolivia\/","https:\/\/x.com\/eldiario_net"]},{"@type":"Person","@id":"https:\/\/www.eldiario.net\/portal\/#\/schema\/person\/f46445640444750d7d753ccd04ae01b7","name":"Jeanette","image":{"@type":"ImageObject","inLanguage":"es","@id":"https:\/\/secure.gravatar.com\/avatar\/3ea2118a5f7dad2b7138b1187a6b7ee55f160b9968b66013c3a3ef39dd7e5798?s=96&d=mm&r=g","url":"https:\/\/secure.gravatar.com\/avatar\/3ea2118a5f7dad2b7138b1187a6b7ee55f160b9968b66013c3a3ef39dd7e5798?s=96&d=mm&r=g","contentUrl":"https:\/\/secure.gravatar.com\/avatar\/3ea2118a5f7dad2b7138b1187a6b7ee55f160b9968b66013c3a3ef39dd7e5798?s=96&d=mm&r=g","caption":"Jeanette"},"sameAs":["https:\/\/www.eldiario.net\/portal"],"url":"https:\/\/www.eldiario.net\/portal\/author\/jeanette\/"}]}},"_links":{"self":[{"href":"https:\/\/www.eldiario.net\/portal\/wp-json\/wp\/v2\/posts\/215564","targetHints":{"allow":["GET"]}}],"collection":[{"href":"https:\/\/www.eldiario.net\/portal\/wp-json\/wp\/v2\/posts"}],"about":[{"href":"https:\/\/www.eldiario.net\/portal\/wp-json\/wp\/v2\/types\/post"}],"author":[{"embeddable":true,"href":"https:\/\/www.eldiario.net\/portal\/wp-json\/wp\/v2\/users\/1"}],"replies":[{"embeddable":true,"href":"https:\/\/www.eldiario.net\/portal\/wp-json\/wp\/v2\/comments?post=215564"}],"version-history":[{"count":1,"href":"https:\/\/www.eldiario.net\/portal\/wp-json\/wp\/v2\/posts\/215564\/revisions"}],"predecessor-version":[{"id":215566,"href":"https:\/\/www.eldiario.net\/portal\/wp-json\/wp\/v2\/posts\/215564\/revisions\/215566"}],"wp:featuredmedia":[{"embeddable":true,"href":"https:\/\/www.eldiario.net\/portal\/wp-json\/wp\/v2\/media\/215565"}],"wp:attachment":[{"href":"https:\/\/www.eldiario.net\/portal\/wp-json\/wp\/v2\/media?parent=215564"}],"wp:term":[{"taxonomy":"category","embeddable":true,"href":"https:\/\/www.eldiario.net\/portal\/wp-json\/wp\/v2\/categories?post=215564"},{"taxonomy":"post_tag","embeddable":true,"href":"https:\/\/www.eldiario.net\/portal\/wp-json\/wp\/v2\/tags?post=215564"}],"curies":[{"name":"wp","href":"https:\/\/api.w.org\/{rel}","templated":true}]}}