{"id":215558,"date":"2024-04-21T05:29:58","date_gmt":"2024-04-21T09:29:58","guid":{"rendered":"https:\/\/www.eldiario.net\/portal\/?p=215558"},"modified":"2024-04-21T05:29:58","modified_gmt":"2024-04-21T09:29:58","slug":"nacional-potosi-toma-la-punta-de-la-libobasquet","status":"publish","type":"post","link":"https:\/\/www.eldiario.net\/portal\/2024\/04\/21\/nacional-potosi-toma-la-punta-de-la-libobasquet\/","title":{"rendered":"Nacional Potos\u00ed toma la punta de la Libobasquet"},"content":{"rendered":"<p>Nacional Potos\u00ed sum\u00f3 un triunfo categ\u00f3rico sobre Kinwa de La Paz por la cuenta de 91-72, en el coliseo Ciudad de Potos\u00ed, desde donde alcanz\u00f3 el liderato en la Liga Boliviana de B\u00e1squetbol (Libob\u00e1squet), de la rama masculina, con una remontada que comenz\u00f3 en el segundo per\u00edodo de este juego.<br \/>\nLa quinta fecha continu\u00f3 con este encuentro que tuvo a Kinwa como el favorito a la conclusi\u00f3n del primer cuarto con un 23-20; sin embargo, en la siguiente etapa apareci\u00f3 la fuerza de Nacional Potos\u00ed para cambiar el marcador por intermedio de Adriano Barrera.<br \/>\nEl camino de Nacional Potos\u00ed hacia el triunfo tuvo estas paradas: 43-39, 63-59 y cerr\u00f3 con un 91-72. De este total de puntaje, Barrera anot\u00f3 34 puntos en los 35 minutos en los cuales estuvo en el terreno de juego. El trabajo de definici\u00f3n de la banda roja, dirigida por el entrenador David Pardo, estir\u00f3 la diferencia en la cuenta, sin olvidar la labor de defensa y recuperaci\u00f3n de la pelota. Ren\u00e9 Calvo (14) estuvo bastante activo junto a Jos\u00e9 P\u00e9rez (15) en una labor de desdoblamiento que coloc\u00f3 en problemas al representativo de La Paz.<br \/>\nEl juego de Kinwa result\u00f3 obsoleto, sacando la cabeza con Samuel Su\u00e1rez y Desmond Holloway, cada uno subi\u00f3 15 puntos en la cuenta del elenco del entrenador Fabricio N\u00fa\u00f1ez de Arco Vallet. Fue dif\u00edcil repetir la figura de los primeros diez minutos.<br \/>\nA falta de un partido para cerrar esta fecha, Nacional Potos\u00ed es el l\u00edder con diez puntos, seguido por Tarija B\u00e1squetbol con nueve, Leones con ocho, Pichincha, CAN, Saracho, Kinwa y Universitario con siete. Mientras, CARL A-Z y B\u00e1squetbol est\u00e1n en el fondo con cinco unidades.<\/p>\n","protected":false},"excerpt":{"rendered":"<p>Nacional Potos\u00ed sum\u00f3 un triunfo categ\u00f3rico sobre Kinwa de La Paz por la cuenta de 91-72, en el coliseo Ciudad de Potos\u00ed, desde donde alcanz\u00f3 el liderato en la Liga Boliviana de B\u00e1squetbol (Libob\u00e1squet), de la rama masculina, con una remontada que comenz\u00f3 en el segundo per\u00edodo de este juego. La quinta fecha continu\u00f3 con [&hellip;]<\/p>\n","protected":false},"author":1,"featured_media":215559,"comment_status":"open","ping_status":"open","sticky":false,"template":"","format":"standard","meta":{"_acf_changed":false,"footnotes":""},"categories":[6],"tags":[],"class_list":["post-215558","post","type-post","status-publish","format-standard","has-post-thumbnail","category-deportes"],"acf":{"antetitulo":""},"yoast_head":"<!-- This site is optimized with the Yoast SEO plugin v28.3 - https:\/\/yoast.com\/product\/yoast-seo-wordpress\/ -->\n<title>Nacional Potos\u00ed toma la punta de la Libobasquet - El Diario - Bolivia<\/title>\n<meta name=\"robots\" content=\"index, follow, max-snippet:-1, max-image-preview:large, max-video-preview:-1\" \/>\n<link rel=\"canonical\" href=\"https:\/\/www.eldiario.net\/portal\/2024\/04\/21\/nacional-potosi-toma-la-punta-de-la-libobasquet\/\" \/>\n<meta property=\"og:locale\" content=\"es_ES\" \/>\n<meta property=\"og:type\" content=\"article\" \/>\n<meta property=\"og:title\" content=\"Nacional Potos\u00ed toma la punta de la Libobasquet - El Diario - Bolivia\" \/>\n<meta property=\"og:description\" content=\"Nacional Potos\u00ed sum\u00f3 un triunfo categ\u00f3rico sobre Kinwa de La Paz por la cuenta de 91-72, en el coliseo Ciudad de Potos\u00ed, desde donde alcanz\u00f3 el liderato en la Liga Boliviana de B\u00e1squetbol (Libob\u00e1squet), de la rama masculina, con una remontada que comenz\u00f3 en el segundo per\u00edodo de este juego. La quinta fecha continu\u00f3 con [&hellip;]\" \/>\n<meta property=\"og:url\" content=\"https:\/\/www.eldiario.net\/portal\/2024\/04\/21\/nacional-potosi-toma-la-punta-de-la-libobasquet\/\" \/>\n<meta property=\"og:site_name\" content=\"El Diario - Bolivia\" \/>\n<meta property=\"article:publisher\" content=\"https:\/\/www.facebook.com\/eldiario.bolivia\/\" \/>\n<meta property=\"article:published_time\" content=\"2024-04-21T09:29:58+00:00\" \/>\n<meta property=\"og:image\" content=\"https:\/\/www.eldiario.net\/portal\/wp-content\/uploads\/2024\/04\/NACIONAL-POTOSI-scaled.jpg\" \/>\n\t<meta property=\"og:image:width\" content=\"2560\" \/>\n\t<meta property=\"og:image:height\" content=\"1824\" \/>\n\t<meta property=\"og:image:type\" content=\"image\/jpeg\" \/>\n<meta name=\"author\" content=\"Jeanette\" \/>\n<meta name=\"twitter:card\" content=\"summary_large_image\" \/>\n<meta name=\"twitter:creator\" content=\"@eldiario_net\" \/>\n<meta name=\"twitter:site\" content=\"@eldiario_net\" \/>\n<meta name=\"twitter:label1\" content=\"Escrito por\" \/>\n\t<meta name=\"twitter:data1\" content=\"Jeanette\" \/>\n\t<meta name=\"twitter:label2\" content=\"Tiempo de lectura\" \/>\n\t<meta name=\"twitter:data2\" content=\"2 minutos\" \/>\n<script type=\"application\/ld+json\" class=\"yoast-schema-graph\">{\"@context\":\"https:\\\/\\\/schema.org\",\"@graph\":[{\"@type\":\"Article\",\"@id\":\"https:\\\/\\\/www.eldiario.net\\\/portal\\\/2024\\\/04\\\/21\\\/nacional-potosi-toma-la-punta-de-la-libobasquet\\\/#article\",\"isPartOf\":{\"@id\":\"https:\\\/\\\/www.eldiario.net\\\/portal\\\/2024\\\/04\\\/21\\\/nacional-potosi-toma-la-punta-de-la-libobasquet\\\/\"},\"author\":{\"name\":\"Jeanette\",\"@id\":\"https:\\\/\\\/www.eldiario.net\\\/portal\\\/#\\\/schema\\\/person\\\/f46445640444750d7d753ccd04ae01b7\"},\"headline\":\"Nacional Potos\u00ed toma la punta de la Libobasquet\",\"datePublished\":\"2024-04-21T09:29:58+00:00\",\"mainEntityOfPage\":{\"@id\":\"https:\\\/\\\/www.eldiario.net\\\/portal\\\/2024\\\/04\\\/21\\\/nacional-potosi-toma-la-punta-de-la-libobasquet\\\/\"},\"wordCount\":296,\"commentCount\":0,\"publisher\":{\"@id\":\"https:\\\/\\\/www.eldiario.net\\\/portal\\\/#organization\"},\"image\":{\"@id\":\"https:\\\/\\\/www.eldiario.net\\\/portal\\\/2024\\\/04\\\/21\\\/nacional-potosi-toma-la-punta-de-la-libobasquet\\\/#primaryimage\"},\"thumbnailUrl\":\"https:\\\/\\\/www.eldiario.net\\\/portal\\\/wp-content\\\/uploads\\\/2024\\\/04\\\/NACIONAL-POTOSI-scaled.jpg\",\"articleSection\":[\"Deportes\"],\"inLanguage\":\"es\",\"potentialAction\":[{\"@type\":\"CommentAction\",\"name\":\"Comment\",\"target\":[\"https:\\\/\\\/www.eldiario.net\\\/portal\\\/2024\\\/04\\\/21\\\/nacional-potosi-toma-la-punta-de-la-libobasquet\\\/#respond\"]}]},{\"@type\":\"WebPage\",\"@id\":\"https:\\\/\\\/www.eldiario.net\\\/portal\\\/2024\\\/04\\\/21\\\/nacional-potosi-toma-la-punta-de-la-libobasquet\\\/\",\"url\":\"https:\\\/\\\/www.eldiario.net\\\/portal\\\/2024\\\/04\\\/21\\\/nacional-potosi-toma-la-punta-de-la-libobasquet\\\/\",\"name\":\"Nacional Potos\u00ed toma la punta de la Libobasquet - El Diario - Bolivia\",\"isPartOf\":{\"@id\":\"https:\\\/\\\/www.eldiario.net\\\/portal\\\/#website\"},\"primaryImageOfPage\":{\"@id\":\"https:\\\/\\\/www.eldiario.net\\\/portal\\\/2024\\\/04\\\/21\\\/nacional-potosi-toma-la-punta-de-la-libobasquet\\\/#primaryimage\"},\"image\":{\"@id\":\"https:\\\/\\\/www.eldiario.net\\\/portal\\\/2024\\\/04\\\/21\\\/nacional-potosi-toma-la-punta-de-la-libobasquet\\\/#primaryimage\"},\"thumbnailUrl\":\"https:\\\/\\\/www.eldiario.net\\\/portal\\\/wp-content\\\/uploads\\\/2024\\\/04\\\/NACIONAL-POTOSI-scaled.jpg\",\"datePublished\":\"2024-04-21T09:29:58+00:00\",\"breadcrumb\":{\"@id\":\"https:\\\/\\\/www.eldiario.net\\\/portal\\\/2024\\\/04\\\/21\\\/nacional-potosi-toma-la-punta-de-la-libobasquet\\\/#breadcrumb\"},\"inLanguage\":\"es\",\"potentialAction\":[{\"@type\":\"ReadAction\",\"target\":[\"https:\\\/\\\/www.eldiario.net\\\/portal\\\/2024\\\/04\\\/21\\\/nacional-potosi-toma-la-punta-de-la-libobasquet\\\/\"]}]},{\"@type\":\"ImageObject\",\"inLanguage\":\"es\",\"@id\":\"https:\\\/\\\/www.eldiario.net\\\/portal\\\/2024\\\/04\\\/21\\\/nacional-potosi-toma-la-punta-de-la-libobasquet\\\/#primaryimage\",\"url\":\"https:\\\/\\\/www.eldiario.net\\\/portal\\\/wp-content\\\/uploads\\\/2024\\\/04\\\/NACIONAL-POTOSI-scaled.jpg\",\"contentUrl\":\"https:\\\/\\\/www.eldiario.net\\\/portal\\\/wp-content\\\/uploads\\\/2024\\\/04\\\/NACIONAL-POTOSI-scaled.jpg\",\"width\":2560,\"height\":1824},{\"@type\":\"BreadcrumbList\",\"@id\":\"https:\\\/\\\/www.eldiario.net\\\/portal\\\/2024\\\/04\\\/21\\\/nacional-potosi-toma-la-punta-de-la-libobasquet\\\/#breadcrumb\",\"itemListElement\":[{\"@type\":\"ListItem\",\"position\":1,\"name\":\"Portada\",\"item\":\"https:\\\/\\\/www.eldiario.net\\\/portal\\\/\"},{\"@type\":\"ListItem\",\"position\":2,\"name\":\"Nacional Potos\u00ed toma la punta de la Libobasquet\"}]},{\"@type\":\"WebSite\",\"@id\":\"https:\\\/\\\/www.eldiario.net\\\/portal\\\/#website\",\"url\":\"https:\\\/\\\/www.eldiario.net\\\/portal\\\/\",\"name\":\"El Diario - Decano de la prensa nacional\",\"description\":\"El Diario - Decano de la prensa nacional\",\"publisher\":{\"@id\":\"https:\\\/\\\/www.eldiario.net\\\/portal\\\/#organization\"},\"potentialAction\":[{\"@type\":\"SearchAction\",\"target\":{\"@type\":\"EntryPoint\",\"urlTemplate\":\"https:\\\/\\\/www.eldiario.net\\\/portal\\\/?s={search_term_string}\"},\"query-input\":{\"@type\":\"PropertyValueSpecification\",\"valueRequired\":true,\"valueName\":\"search_term_string\"}}],\"inLanguage\":\"es\"},{\"@type\":\"Organization\",\"@id\":\"https:\\\/\\\/www.eldiario.net\\\/portal\\\/#organization\",\"name\":\"El Diario - Decano de la prensa nacional\",\"url\":\"https:\\\/\\\/www.eldiario.net\\\/portal\\\/\",\"logo\":{\"@type\":\"ImageObject\",\"inLanguage\":\"es\",\"@id\":\"https:\\\/\\\/www.eldiario.net\\\/portal\\\/#\\\/schema\\\/logo\\\/image\\\/\",\"url\":\"https:\\\/\\\/www.eldiario.net\\\/portal\\\/wp-content\\\/uploads\\\/2023\\\/07\\\/logo_ED.jpg\",\"contentUrl\":\"https:\\\/\\\/www.eldiario.net\\\/portal\\\/wp-content\\\/uploads\\\/2023\\\/07\\\/logo_ED.jpg\",\"width\":272,\"height\":52,\"caption\":\"El Diario - Decano de la prensa nacional\"},\"image\":{\"@id\":\"https:\\\/\\\/www.eldiario.net\\\/portal\\\/#\\\/schema\\\/logo\\\/image\\\/\"},\"sameAs\":[\"https:\\\/\\\/www.facebook.com\\\/eldiario.bolivia\\\/\",\"https:\\\/\\\/x.com\\\/eldiario_net\"]},{\"@type\":\"Person\",\"@id\":\"https:\\\/\\\/www.eldiario.net\\\/portal\\\/#\\\/schema\\\/person\\\/f46445640444750d7d753ccd04ae01b7\",\"name\":\"Jeanette\",\"image\":{\"@type\":\"ImageObject\",\"inLanguage\":\"es\",\"@id\":\"https:\\\/\\\/secure.gravatar.com\\\/avatar\\\/3ea2118a5f7dad2b7138b1187a6b7ee55f160b9968b66013c3a3ef39dd7e5798?s=96&d=mm&r=g\",\"url\":\"https:\\\/\\\/secure.gravatar.com\\\/avatar\\\/3ea2118a5f7dad2b7138b1187a6b7ee55f160b9968b66013c3a3ef39dd7e5798?s=96&d=mm&r=g\",\"contentUrl\":\"https:\\\/\\\/secure.gravatar.com\\\/avatar\\\/3ea2118a5f7dad2b7138b1187a6b7ee55f160b9968b66013c3a3ef39dd7e5798?s=96&d=mm&r=g\",\"caption\":\"Jeanette\"},\"sameAs\":[\"https:\\\/\\\/www.eldiario.net\\\/portal\"],\"url\":\"https:\\\/\\\/www.eldiario.net\\\/portal\\\/author\\\/jeanette\\\/\"}]}<\/script>\n<!-- \/ Yoast SEO plugin. -->","yoast_head_json":{"title":"Nacional Potos\u00ed toma la punta de la Libobasquet - El Diario - Bolivia","robots":{"index":"index","follow":"follow","max-snippet":"max-snippet:-1","max-image-preview":"max-image-preview:large","max-video-preview":"max-video-preview:-1"},"canonical":"https:\/\/www.eldiario.net\/portal\/2024\/04\/21\/nacional-potosi-toma-la-punta-de-la-libobasquet\/","og_locale":"es_ES","og_type":"article","og_title":"Nacional Potos\u00ed toma la punta de la Libobasquet - El Diario - Bolivia","og_description":"Nacional Potos\u00ed sum\u00f3 un triunfo categ\u00f3rico sobre Kinwa de La Paz por la cuenta de 91-72, en el coliseo Ciudad de Potos\u00ed, desde donde alcanz\u00f3 el liderato en la Liga Boliviana de B\u00e1squetbol (Libob\u00e1squet), de la rama masculina, con una remontada que comenz\u00f3 en el segundo per\u00edodo de este juego. La quinta fecha continu\u00f3 con [&hellip;]","og_url":"https:\/\/www.eldiario.net\/portal\/2024\/04\/21\/nacional-potosi-toma-la-punta-de-la-libobasquet\/","og_site_name":"El Diario - Bolivia","article_publisher":"https:\/\/www.facebook.com\/eldiario.bolivia\/","article_published_time":"2024-04-21T09:29:58+00:00","og_image":[{"width":2560,"height":1824,"url":"https:\/\/www.eldiario.net\/portal\/wp-content\/uploads\/2024\/04\/NACIONAL-POTOSI-scaled.jpg","type":"image\/jpeg"}],"author":"Jeanette","twitter_card":"summary_large_image","twitter_creator":"@eldiario_net","twitter_site":"@eldiario_net","twitter_misc":{"Escrito por":"Jeanette","Tiempo de lectura":"2 minutos"},"schema":{"@context":"https:\/\/schema.org","@graph":[{"@type":"Article","@id":"https:\/\/www.eldiario.net\/portal\/2024\/04\/21\/nacional-potosi-toma-la-punta-de-la-libobasquet\/#article","isPartOf":{"@id":"https:\/\/www.eldiario.net\/portal\/2024\/04\/21\/nacional-potosi-toma-la-punta-de-la-libobasquet\/"},"author":{"name":"Jeanette","@id":"https:\/\/www.eldiario.net\/portal\/#\/schema\/person\/f46445640444750d7d753ccd04ae01b7"},"headline":"Nacional Potos\u00ed toma la punta de la Libobasquet","datePublished":"2024-04-21T09:29:58+00:00","mainEntityOfPage":{"@id":"https:\/\/www.eldiario.net\/portal\/2024\/04\/21\/nacional-potosi-toma-la-punta-de-la-libobasquet\/"},"wordCount":296,"commentCount":0,"publisher":{"@id":"https:\/\/www.eldiario.net\/portal\/#organization"},"image":{"@id":"https:\/\/www.eldiario.net\/portal\/2024\/04\/21\/nacional-potosi-toma-la-punta-de-la-libobasquet\/#primaryimage"},"thumbnailUrl":"https:\/\/www.eldiario.net\/portal\/wp-content\/uploads\/2024\/04\/NACIONAL-POTOSI-scaled.jpg","articleSection":["Deportes"],"inLanguage":"es","potentialAction":[{"@type":"CommentAction","name":"Comment","target":["https:\/\/www.eldiario.net\/portal\/2024\/04\/21\/nacional-potosi-toma-la-punta-de-la-libobasquet\/#respond"]}]},{"@type":"WebPage","@id":"https:\/\/www.eldiario.net\/portal\/2024\/04\/21\/nacional-potosi-toma-la-punta-de-la-libobasquet\/","url":"https:\/\/www.eldiario.net\/portal\/2024\/04\/21\/nacional-potosi-toma-la-punta-de-la-libobasquet\/","name":"Nacional Potos\u00ed toma la punta de la Libobasquet - El Diario - Bolivia","isPartOf":{"@id":"https:\/\/www.eldiario.net\/portal\/#website"},"primaryImageOfPage":{"@id":"https:\/\/www.eldiario.net\/portal\/2024\/04\/21\/nacional-potosi-toma-la-punta-de-la-libobasquet\/#primaryimage"},"image":{"@id":"https:\/\/www.eldiario.net\/portal\/2024\/04\/21\/nacional-potosi-toma-la-punta-de-la-libobasquet\/#primaryimage"},"thumbnailUrl":"https:\/\/www.eldiario.net\/portal\/wp-content\/uploads\/2024\/04\/NACIONAL-POTOSI-scaled.jpg","datePublished":"2024-04-21T09:29:58+00:00","breadcrumb":{"@id":"https:\/\/www.eldiario.net\/portal\/2024\/04\/21\/nacional-potosi-toma-la-punta-de-la-libobasquet\/#breadcrumb"},"inLanguage":"es","potentialAction":[{"@type":"ReadAction","target":["https:\/\/www.eldiario.net\/portal\/2024\/04\/21\/nacional-potosi-toma-la-punta-de-la-libobasquet\/"]}]},{"@type":"ImageObject","inLanguage":"es","@id":"https:\/\/www.eldiario.net\/portal\/2024\/04\/21\/nacional-potosi-toma-la-punta-de-la-libobasquet\/#primaryimage","url":"https:\/\/www.eldiario.net\/portal\/wp-content\/uploads\/2024\/04\/NACIONAL-POTOSI-scaled.jpg","contentUrl":"https:\/\/www.eldiario.net\/portal\/wp-content\/uploads\/2024\/04\/NACIONAL-POTOSI-scaled.jpg","width":2560,"height":1824},{"@type":"BreadcrumbList","@id":"https:\/\/www.eldiario.net\/portal\/2024\/04\/21\/nacional-potosi-toma-la-punta-de-la-libobasquet\/#breadcrumb","itemListElement":[{"@type":"ListItem","position":1,"name":"Portada","item":"https:\/\/www.eldiario.net\/portal\/"},{"@type":"ListItem","position":2,"name":"Nacional Potos\u00ed toma la punta de la Libobasquet"}]},{"@type":"WebSite","@id":"https:\/\/www.eldiario.net\/portal\/#website","url":"https:\/\/www.eldiario.net\/portal\/","name":"El Diario - Decano de la prensa nacional","description":"El Diario - Decano de la prensa nacional","publisher":{"@id":"https:\/\/www.eldiario.net\/portal\/#organization"},"potentialAction":[{"@type":"SearchAction","target":{"@type":"EntryPoint","urlTemplate":"https:\/\/www.eldiario.net\/portal\/?s={search_term_string}"},"query-input":{"@type":"PropertyValueSpecification","valueRequired":true,"valueName":"search_term_string"}}],"inLanguage":"es"},{"@type":"Organization","@id":"https:\/\/www.eldiario.net\/portal\/#organization","name":"El Diario - Decano de la prensa nacional","url":"https:\/\/www.eldiario.net\/portal\/","logo":{"@type":"ImageObject","inLanguage":"es","@id":"https:\/\/www.eldiario.net\/portal\/#\/schema\/logo\/image\/","url":"https:\/\/www.eldiario.net\/portal\/wp-content\/uploads\/2023\/07\/logo_ED.jpg","contentUrl":"https:\/\/www.eldiario.net\/portal\/wp-content\/uploads\/2023\/07\/logo_ED.jpg","width":272,"height":52,"caption":"El Diario - Decano de la prensa nacional"},"image":{"@id":"https:\/\/www.eldiario.net\/portal\/#\/schema\/logo\/image\/"},"sameAs":["https:\/\/www.facebook.com\/eldiario.bolivia\/","https:\/\/x.com\/eldiario_net"]},{"@type":"Person","@id":"https:\/\/www.eldiario.net\/portal\/#\/schema\/person\/f46445640444750d7d753ccd04ae01b7","name":"Jeanette","image":{"@type":"ImageObject","inLanguage":"es","@id":"https:\/\/secure.gravatar.com\/avatar\/3ea2118a5f7dad2b7138b1187a6b7ee55f160b9968b66013c3a3ef39dd7e5798?s=96&d=mm&r=g","url":"https:\/\/secure.gravatar.com\/avatar\/3ea2118a5f7dad2b7138b1187a6b7ee55f160b9968b66013c3a3ef39dd7e5798?s=96&d=mm&r=g","contentUrl":"https:\/\/secure.gravatar.com\/avatar\/3ea2118a5f7dad2b7138b1187a6b7ee55f160b9968b66013c3a3ef39dd7e5798?s=96&d=mm&r=g","caption":"Jeanette"},"sameAs":["https:\/\/www.eldiario.net\/portal"],"url":"https:\/\/www.eldiario.net\/portal\/author\/jeanette\/"}]}},"_links":{"self":[{"href":"https:\/\/www.eldiario.net\/portal\/wp-json\/wp\/v2\/posts\/215558","targetHints":{"allow":["GET"]}}],"collection":[{"href":"https:\/\/www.eldiario.net\/portal\/wp-json\/wp\/v2\/posts"}],"about":[{"href":"https:\/\/www.eldiario.net\/portal\/wp-json\/wp\/v2\/types\/post"}],"author":[{"embeddable":true,"href":"https:\/\/www.eldiario.net\/portal\/wp-json\/wp\/v2\/users\/1"}],"replies":[{"embeddable":true,"href":"https:\/\/www.eldiario.net\/portal\/wp-json\/wp\/v2\/comments?post=215558"}],"version-history":[{"count":1,"href":"https:\/\/www.eldiario.net\/portal\/wp-json\/wp\/v2\/posts\/215558\/revisions"}],"predecessor-version":[{"id":215560,"href":"https:\/\/www.eldiario.net\/portal\/wp-json\/wp\/v2\/posts\/215558\/revisions\/215560"}],"wp:featuredmedia":[{"embeddable":true,"href":"https:\/\/www.eldiario.net\/portal\/wp-json\/wp\/v2\/media\/215559"}],"wp:attachment":[{"href":"https:\/\/www.eldiario.net\/portal\/wp-json\/wp\/v2\/media?parent=215558"}],"wp:term":[{"taxonomy":"category","embeddable":true,"href":"https:\/\/www.eldiario.net\/portal\/wp-json\/wp\/v2\/categories?post=215558"},{"taxonomy":"post_tag","embeddable":true,"href":"https:\/\/www.eldiario.net\/portal\/wp-json\/wp\/v2\/tags?post=215558"}],"curies":[{"name":"wp","href":"https:\/\/api.w.org\/{rel}","templated":true}]}}