{"id":215176,"date":"2024-04-19T05:47:10","date_gmt":"2024-04-19T09:47:10","guid":{"rendered":"https:\/\/www.eldiario.net\/portal\/?p=215176"},"modified":"2024-04-19T05:47:10","modified_gmt":"2024-04-19T09:47:10","slug":"a-sus-58-anos-romario-anuncia-que-vuelve-a-jugar","status":"publish","type":"post","link":"https:\/\/www.eldiario.net\/portal\/2024\/04\/19\/a-sus-58-anos-romario-anuncia-que-vuelve-a-jugar\/","title":{"rendered":"A sus 58 a\u00f1os, Romario anuncia que vuelve a jugar"},"content":{"rendered":"<p>Todav\u00eda tiene hilo en el carretel: Romario Far\u00eda, emblem\u00e1tico futbolista de la selecci\u00f3n brasile\u00f1a que se consagr\u00f3 campe\u00f3n del mundo en Estados Unidos 1994, confirm\u00f3 que volver\u00e1 a jugar profesionalmente al f\u00fatbol en su pa\u00eds.<br \/>\nAcaba de firmar con el club que preside: Am\u00e9rica de R\u00edo de Janeiro, que sum\u00f3 como refuerzo en este mercado de pases a su hijo Romarinho.<br \/>\n\u00ab\u00a1Oficialmente inscrito para la lucha! Es la hora. Estoy listo para intentar darle a mi querido Am\u00e9rica un poco de ayuda en algunos juegos y tambi\u00e9n, por supuesto, cumplir el sue\u00f1o de compartir el campo de juego con mi hijo, Romarinho . \u00a1Gracias Padre Celestial por el privilegio! \u00a1Gracias a todos por vuestro apoyo y \u00e1nimo! \u00a1Vamos con ello, Mecao!\u00bb, fue el mensaje del Chapul\u00edn en las redes sociales.<br \/>\nEn otro posteo, el exdelantero del Scratch y el Barcelona de Espa\u00f1a, entre otros equipos, advirti\u00f3 cu\u00e1l ser\u00e1 la participaci\u00f3n en el equipo que dirige Marcus Alexandre: \u00abTienen que estar al tanto de la posibilidad de que vuelva al c\u00e9sped. Dejando en claro que no es competir por el campeonato, sino jugar algunos partidos para el equipo de mi coraz\u00f3n, el Mecao. Adem\u00e1s, voy a cumplir un sue\u00f1o m\u00e1s: jugar con mi hijo\u201d.<br \/>\nAunque O Baixinho mostr\u00f3 en m\u00e1s de una oportunidad su vigencia y dotes futbol\u00edsticos en videos virales en los que convierte alg\u00fan gol o ensaya alguna gambeta en partidos con otros veteranos, se prepara f\u00edsicamente pero actuar\u00e1 siempre y cuando el cuerpo t\u00e9cnico lo crea conveniente. Adem\u00e1s, se supo que firm\u00f3 por el contrato m\u00ednimo y a su t\u00e9rmino ser\u00e1 donado para las arcas de Am\u00e9rica RJ.<br \/>\nSu hijo Romarinho, luego de rubricar su contrato, comparti\u00f3 un mensaje en las redes :\u00bbMuy feliz de anunciar que ahora soy jugador de del Am\u00e9rica RJ\u00bb. (INFOBAE)<\/p>\n","protected":false},"excerpt":{"rendered":"<p>Todav\u00eda tiene hilo en el carretel: Romario Far\u00eda, emblem\u00e1tico futbolista de la selecci\u00f3n brasile\u00f1a que se consagr\u00f3 campe\u00f3n del mundo en Estados Unidos 1994, confirm\u00f3 que volver\u00e1 a jugar profesionalmente al f\u00fatbol en su pa\u00eds. Acaba de firmar con el club que preside: Am\u00e9rica de R\u00edo de Janeiro, que sum\u00f3 como refuerzo en este mercado [&hellip;]<\/p>\n","protected":false},"author":1,"featured_media":215177,"comment_status":"open","ping_status":"open","sticky":false,"template":"","format":"standard","meta":{"_acf_changed":false,"footnotes":""},"categories":[6],"tags":[],"class_list":["post-215176","post","type-post","status-publish","format-standard","has-post-thumbnail","category-deportes"],"acf":{"antetitulo":""},"yoast_head":"<!-- This site is optimized with the Yoast SEO plugin v28.3 - https:\/\/yoast.com\/product\/yoast-seo-wordpress\/ -->\n<title>A sus 58 a\u00f1os, Romario anuncia que vuelve a jugar - El Diario - Bolivia<\/title>\n<meta name=\"robots\" content=\"index, follow, max-snippet:-1, max-image-preview:large, max-video-preview:-1\" \/>\n<link rel=\"canonical\" href=\"https:\/\/www.eldiario.net\/portal\/2024\/04\/19\/a-sus-58-anos-romario-anuncia-que-vuelve-a-jugar\/\" \/>\n<meta property=\"og:locale\" content=\"es_ES\" \/>\n<meta property=\"og:type\" content=\"article\" \/>\n<meta property=\"og:title\" content=\"A sus 58 a\u00f1os, Romario anuncia que vuelve a jugar - El Diario - Bolivia\" \/>\n<meta property=\"og:description\" content=\"Todav\u00eda tiene hilo en el carretel: Romario Far\u00eda, emblem\u00e1tico futbolista de la selecci\u00f3n brasile\u00f1a que se consagr\u00f3 campe\u00f3n del mundo en Estados Unidos 1994, confirm\u00f3 que volver\u00e1 a jugar profesionalmente al f\u00fatbol en su pa\u00eds. Acaba de firmar con el club que preside: Am\u00e9rica de R\u00edo de Janeiro, que sum\u00f3 como refuerzo en este mercado [&hellip;]\" \/>\n<meta property=\"og:url\" content=\"https:\/\/www.eldiario.net\/portal\/2024\/04\/19\/a-sus-58-anos-romario-anuncia-que-vuelve-a-jugar\/\" \/>\n<meta property=\"og:site_name\" content=\"El Diario - Bolivia\" \/>\n<meta property=\"article:publisher\" content=\"https:\/\/www.facebook.com\/eldiario.bolivia\/\" \/>\n<meta property=\"article:published_time\" content=\"2024-04-19T09:47:10+00:00\" \/>\n<meta property=\"og:image\" content=\"https:\/\/www.eldiario.net\/portal\/wp-content\/uploads\/2024\/04\/FOTO-73-6.jpg\" \/>\n\t<meta property=\"og:image:width\" content=\"720\" \/>\n\t<meta property=\"og:image:height\" content=\"520\" \/>\n\t<meta property=\"og:image:type\" content=\"image\/jpeg\" \/>\n<meta name=\"author\" content=\"Jeanette\" \/>\n<meta name=\"twitter:card\" content=\"summary_large_image\" \/>\n<meta name=\"twitter:creator\" content=\"@eldiario_net\" \/>\n<meta name=\"twitter:site\" content=\"@eldiario_net\" \/>\n<meta name=\"twitter:label1\" content=\"Escrito por\" \/>\n\t<meta name=\"twitter:data1\" content=\"Jeanette\" \/>\n\t<meta name=\"twitter:label2\" content=\"Tiempo de lectura\" \/>\n\t<meta name=\"twitter:data2\" content=\"2 minutos\" \/>\n<script type=\"application\/ld+json\" class=\"yoast-schema-graph\">{\"@context\":\"https:\\\/\\\/schema.org\",\"@graph\":[{\"@type\":\"Article\",\"@id\":\"https:\\\/\\\/www.eldiario.net\\\/portal\\\/2024\\\/04\\\/19\\\/a-sus-58-anos-romario-anuncia-que-vuelve-a-jugar\\\/#article\",\"isPartOf\":{\"@id\":\"https:\\\/\\\/www.eldiario.net\\\/portal\\\/2024\\\/04\\\/19\\\/a-sus-58-anos-romario-anuncia-que-vuelve-a-jugar\\\/\"},\"author\":{\"name\":\"Jeanette\",\"@id\":\"https:\\\/\\\/www.eldiario.net\\\/portal\\\/#\\\/schema\\\/person\\\/f46445640444750d7d753ccd04ae01b7\"},\"headline\":\"A sus 58 a\u00f1os, Romario anuncia que vuelve a jugar\",\"datePublished\":\"2024-04-19T09:47:10+00:00\",\"mainEntityOfPage\":{\"@id\":\"https:\\\/\\\/www.eldiario.net\\\/portal\\\/2024\\\/04\\\/19\\\/a-sus-58-anos-romario-anuncia-que-vuelve-a-jugar\\\/\"},\"wordCount\":337,\"commentCount\":0,\"publisher\":{\"@id\":\"https:\\\/\\\/www.eldiario.net\\\/portal\\\/#organization\"},\"image\":{\"@id\":\"https:\\\/\\\/www.eldiario.net\\\/portal\\\/2024\\\/04\\\/19\\\/a-sus-58-anos-romario-anuncia-que-vuelve-a-jugar\\\/#primaryimage\"},\"thumbnailUrl\":\"https:\\\/\\\/www.eldiario.net\\\/portal\\\/wp-content\\\/uploads\\\/2024\\\/04\\\/FOTO-73-6.jpg\",\"articleSection\":[\"Deportes\"],\"inLanguage\":\"es\",\"potentialAction\":[{\"@type\":\"CommentAction\",\"name\":\"Comment\",\"target\":[\"https:\\\/\\\/www.eldiario.net\\\/portal\\\/2024\\\/04\\\/19\\\/a-sus-58-anos-romario-anuncia-que-vuelve-a-jugar\\\/#respond\"]}]},{\"@type\":\"WebPage\",\"@id\":\"https:\\\/\\\/www.eldiario.net\\\/portal\\\/2024\\\/04\\\/19\\\/a-sus-58-anos-romario-anuncia-que-vuelve-a-jugar\\\/\",\"url\":\"https:\\\/\\\/www.eldiario.net\\\/portal\\\/2024\\\/04\\\/19\\\/a-sus-58-anos-romario-anuncia-que-vuelve-a-jugar\\\/\",\"name\":\"A sus 58 a\u00f1os, Romario anuncia que vuelve a jugar - El Diario - Bolivia\",\"isPartOf\":{\"@id\":\"https:\\\/\\\/www.eldiario.net\\\/portal\\\/#website\"},\"primaryImageOfPage\":{\"@id\":\"https:\\\/\\\/www.eldiario.net\\\/portal\\\/2024\\\/04\\\/19\\\/a-sus-58-anos-romario-anuncia-que-vuelve-a-jugar\\\/#primaryimage\"},\"image\":{\"@id\":\"https:\\\/\\\/www.eldiario.net\\\/portal\\\/2024\\\/04\\\/19\\\/a-sus-58-anos-romario-anuncia-que-vuelve-a-jugar\\\/#primaryimage\"},\"thumbnailUrl\":\"https:\\\/\\\/www.eldiario.net\\\/portal\\\/wp-content\\\/uploads\\\/2024\\\/04\\\/FOTO-73-6.jpg\",\"datePublished\":\"2024-04-19T09:47:10+00:00\",\"breadcrumb\":{\"@id\":\"https:\\\/\\\/www.eldiario.net\\\/portal\\\/2024\\\/04\\\/19\\\/a-sus-58-anos-romario-anuncia-que-vuelve-a-jugar\\\/#breadcrumb\"},\"inLanguage\":\"es\",\"potentialAction\":[{\"@type\":\"ReadAction\",\"target\":[\"https:\\\/\\\/www.eldiario.net\\\/portal\\\/2024\\\/04\\\/19\\\/a-sus-58-anos-romario-anuncia-que-vuelve-a-jugar\\\/\"]}]},{\"@type\":\"ImageObject\",\"inLanguage\":\"es\",\"@id\":\"https:\\\/\\\/www.eldiario.net\\\/portal\\\/2024\\\/04\\\/19\\\/a-sus-58-anos-romario-anuncia-que-vuelve-a-jugar\\\/#primaryimage\",\"url\":\"https:\\\/\\\/www.eldiario.net\\\/portal\\\/wp-content\\\/uploads\\\/2024\\\/04\\\/FOTO-73-6.jpg\",\"contentUrl\":\"https:\\\/\\\/www.eldiario.net\\\/portal\\\/wp-content\\\/uploads\\\/2024\\\/04\\\/FOTO-73-6.jpg\",\"width\":720,\"height\":520},{\"@type\":\"BreadcrumbList\",\"@id\":\"https:\\\/\\\/www.eldiario.net\\\/portal\\\/2024\\\/04\\\/19\\\/a-sus-58-anos-romario-anuncia-que-vuelve-a-jugar\\\/#breadcrumb\",\"itemListElement\":[{\"@type\":\"ListItem\",\"position\":1,\"name\":\"Portada\",\"item\":\"https:\\\/\\\/www.eldiario.net\\\/portal\\\/\"},{\"@type\":\"ListItem\",\"position\":2,\"name\":\"A sus 58 a\u00f1os, Romario anuncia que vuelve a jugar\"}]},{\"@type\":\"WebSite\",\"@id\":\"https:\\\/\\\/www.eldiario.net\\\/portal\\\/#website\",\"url\":\"https:\\\/\\\/www.eldiario.net\\\/portal\\\/\",\"name\":\"El Diario - Decano de la prensa nacional\",\"description\":\"El Diario - Decano de la prensa nacional\",\"publisher\":{\"@id\":\"https:\\\/\\\/www.eldiario.net\\\/portal\\\/#organization\"},\"potentialAction\":[{\"@type\":\"SearchAction\",\"target\":{\"@type\":\"EntryPoint\",\"urlTemplate\":\"https:\\\/\\\/www.eldiario.net\\\/portal\\\/?s={search_term_string}\"},\"query-input\":{\"@type\":\"PropertyValueSpecification\",\"valueRequired\":true,\"valueName\":\"search_term_string\"}}],\"inLanguage\":\"es\"},{\"@type\":\"Organization\",\"@id\":\"https:\\\/\\\/www.eldiario.net\\\/portal\\\/#organization\",\"name\":\"El Diario - Decano de la prensa nacional\",\"url\":\"https:\\\/\\\/www.eldiario.net\\\/portal\\\/\",\"logo\":{\"@type\":\"ImageObject\",\"inLanguage\":\"es\",\"@id\":\"https:\\\/\\\/www.eldiario.net\\\/portal\\\/#\\\/schema\\\/logo\\\/image\\\/\",\"url\":\"https:\\\/\\\/www.eldiario.net\\\/portal\\\/wp-content\\\/uploads\\\/2023\\\/07\\\/logo_ED.jpg\",\"contentUrl\":\"https:\\\/\\\/www.eldiario.net\\\/portal\\\/wp-content\\\/uploads\\\/2023\\\/07\\\/logo_ED.jpg\",\"width\":272,\"height\":52,\"caption\":\"El Diario - Decano de la prensa nacional\"},\"image\":{\"@id\":\"https:\\\/\\\/www.eldiario.net\\\/portal\\\/#\\\/schema\\\/logo\\\/image\\\/\"},\"sameAs\":[\"https:\\\/\\\/www.facebook.com\\\/eldiario.bolivia\\\/\",\"https:\\\/\\\/x.com\\\/eldiario_net\"]},{\"@type\":\"Person\",\"@id\":\"https:\\\/\\\/www.eldiario.net\\\/portal\\\/#\\\/schema\\\/person\\\/f46445640444750d7d753ccd04ae01b7\",\"name\":\"Jeanette\",\"image\":{\"@type\":\"ImageObject\",\"inLanguage\":\"es\",\"@id\":\"https:\\\/\\\/secure.gravatar.com\\\/avatar\\\/3ea2118a5f7dad2b7138b1187a6b7ee55f160b9968b66013c3a3ef39dd7e5798?s=96&d=mm&r=g\",\"url\":\"https:\\\/\\\/secure.gravatar.com\\\/avatar\\\/3ea2118a5f7dad2b7138b1187a6b7ee55f160b9968b66013c3a3ef39dd7e5798?s=96&d=mm&r=g\",\"contentUrl\":\"https:\\\/\\\/secure.gravatar.com\\\/avatar\\\/3ea2118a5f7dad2b7138b1187a6b7ee55f160b9968b66013c3a3ef39dd7e5798?s=96&d=mm&r=g\",\"caption\":\"Jeanette\"},\"sameAs\":[\"https:\\\/\\\/www.eldiario.net\\\/portal\"],\"url\":\"https:\\\/\\\/www.eldiario.net\\\/portal\\\/author\\\/jeanette\\\/\"}]}<\/script>\n<!-- \/ Yoast SEO plugin. -->","yoast_head_json":{"title":"A sus 58 a\u00f1os, Romario anuncia que vuelve a jugar - El Diario - Bolivia","robots":{"index":"index","follow":"follow","max-snippet":"max-snippet:-1","max-image-preview":"max-image-preview:large","max-video-preview":"max-video-preview:-1"},"canonical":"https:\/\/www.eldiario.net\/portal\/2024\/04\/19\/a-sus-58-anos-romario-anuncia-que-vuelve-a-jugar\/","og_locale":"es_ES","og_type":"article","og_title":"A sus 58 a\u00f1os, Romario anuncia que vuelve a jugar - El Diario - Bolivia","og_description":"Todav\u00eda tiene hilo en el carretel: Romario Far\u00eda, emblem\u00e1tico futbolista de la selecci\u00f3n brasile\u00f1a que se consagr\u00f3 campe\u00f3n del mundo en Estados Unidos 1994, confirm\u00f3 que volver\u00e1 a jugar profesionalmente al f\u00fatbol en su pa\u00eds. Acaba de firmar con el club que preside: Am\u00e9rica de R\u00edo de Janeiro, que sum\u00f3 como refuerzo en este mercado [&hellip;]","og_url":"https:\/\/www.eldiario.net\/portal\/2024\/04\/19\/a-sus-58-anos-romario-anuncia-que-vuelve-a-jugar\/","og_site_name":"El Diario - Bolivia","article_publisher":"https:\/\/www.facebook.com\/eldiario.bolivia\/","article_published_time":"2024-04-19T09:47:10+00:00","og_image":[{"width":720,"height":520,"url":"https:\/\/www.eldiario.net\/portal\/wp-content\/uploads\/2024\/04\/FOTO-73-6.jpg","type":"image\/jpeg"}],"author":"Jeanette","twitter_card":"summary_large_image","twitter_creator":"@eldiario_net","twitter_site":"@eldiario_net","twitter_misc":{"Escrito por":"Jeanette","Tiempo de lectura":"2 minutos"},"schema":{"@context":"https:\/\/schema.org","@graph":[{"@type":"Article","@id":"https:\/\/www.eldiario.net\/portal\/2024\/04\/19\/a-sus-58-anos-romario-anuncia-que-vuelve-a-jugar\/#article","isPartOf":{"@id":"https:\/\/www.eldiario.net\/portal\/2024\/04\/19\/a-sus-58-anos-romario-anuncia-que-vuelve-a-jugar\/"},"author":{"name":"Jeanette","@id":"https:\/\/www.eldiario.net\/portal\/#\/schema\/person\/f46445640444750d7d753ccd04ae01b7"},"headline":"A sus 58 a\u00f1os, Romario anuncia que vuelve a jugar","datePublished":"2024-04-19T09:47:10+00:00","mainEntityOfPage":{"@id":"https:\/\/www.eldiario.net\/portal\/2024\/04\/19\/a-sus-58-anos-romario-anuncia-que-vuelve-a-jugar\/"},"wordCount":337,"commentCount":0,"publisher":{"@id":"https:\/\/www.eldiario.net\/portal\/#organization"},"image":{"@id":"https:\/\/www.eldiario.net\/portal\/2024\/04\/19\/a-sus-58-anos-romario-anuncia-que-vuelve-a-jugar\/#primaryimage"},"thumbnailUrl":"https:\/\/www.eldiario.net\/portal\/wp-content\/uploads\/2024\/04\/FOTO-73-6.jpg","articleSection":["Deportes"],"inLanguage":"es","potentialAction":[{"@type":"CommentAction","name":"Comment","target":["https:\/\/www.eldiario.net\/portal\/2024\/04\/19\/a-sus-58-anos-romario-anuncia-que-vuelve-a-jugar\/#respond"]}]},{"@type":"WebPage","@id":"https:\/\/www.eldiario.net\/portal\/2024\/04\/19\/a-sus-58-anos-romario-anuncia-que-vuelve-a-jugar\/","url":"https:\/\/www.eldiario.net\/portal\/2024\/04\/19\/a-sus-58-anos-romario-anuncia-que-vuelve-a-jugar\/","name":"A sus 58 a\u00f1os, Romario anuncia que vuelve a jugar - El Diario - Bolivia","isPartOf":{"@id":"https:\/\/www.eldiario.net\/portal\/#website"},"primaryImageOfPage":{"@id":"https:\/\/www.eldiario.net\/portal\/2024\/04\/19\/a-sus-58-anos-romario-anuncia-que-vuelve-a-jugar\/#primaryimage"},"image":{"@id":"https:\/\/www.eldiario.net\/portal\/2024\/04\/19\/a-sus-58-anos-romario-anuncia-que-vuelve-a-jugar\/#primaryimage"},"thumbnailUrl":"https:\/\/www.eldiario.net\/portal\/wp-content\/uploads\/2024\/04\/FOTO-73-6.jpg","datePublished":"2024-04-19T09:47:10+00:00","breadcrumb":{"@id":"https:\/\/www.eldiario.net\/portal\/2024\/04\/19\/a-sus-58-anos-romario-anuncia-que-vuelve-a-jugar\/#breadcrumb"},"inLanguage":"es","potentialAction":[{"@type":"ReadAction","target":["https:\/\/www.eldiario.net\/portal\/2024\/04\/19\/a-sus-58-anos-romario-anuncia-que-vuelve-a-jugar\/"]}]},{"@type":"ImageObject","inLanguage":"es","@id":"https:\/\/www.eldiario.net\/portal\/2024\/04\/19\/a-sus-58-anos-romario-anuncia-que-vuelve-a-jugar\/#primaryimage","url":"https:\/\/www.eldiario.net\/portal\/wp-content\/uploads\/2024\/04\/FOTO-73-6.jpg","contentUrl":"https:\/\/www.eldiario.net\/portal\/wp-content\/uploads\/2024\/04\/FOTO-73-6.jpg","width":720,"height":520},{"@type":"BreadcrumbList","@id":"https:\/\/www.eldiario.net\/portal\/2024\/04\/19\/a-sus-58-anos-romario-anuncia-que-vuelve-a-jugar\/#breadcrumb","itemListElement":[{"@type":"ListItem","position":1,"name":"Portada","item":"https:\/\/www.eldiario.net\/portal\/"},{"@type":"ListItem","position":2,"name":"A sus 58 a\u00f1os, Romario anuncia que vuelve a jugar"}]},{"@type":"WebSite","@id":"https:\/\/www.eldiario.net\/portal\/#website","url":"https:\/\/www.eldiario.net\/portal\/","name":"El Diario - Decano de la prensa nacional","description":"El Diario - Decano de la prensa nacional","publisher":{"@id":"https:\/\/www.eldiario.net\/portal\/#organization"},"potentialAction":[{"@type":"SearchAction","target":{"@type":"EntryPoint","urlTemplate":"https:\/\/www.eldiario.net\/portal\/?s={search_term_string}"},"query-input":{"@type":"PropertyValueSpecification","valueRequired":true,"valueName":"search_term_string"}}],"inLanguage":"es"},{"@type":"Organization","@id":"https:\/\/www.eldiario.net\/portal\/#organization","name":"El Diario - Decano de la prensa nacional","url":"https:\/\/www.eldiario.net\/portal\/","logo":{"@type":"ImageObject","inLanguage":"es","@id":"https:\/\/www.eldiario.net\/portal\/#\/schema\/logo\/image\/","url":"https:\/\/www.eldiario.net\/portal\/wp-content\/uploads\/2023\/07\/logo_ED.jpg","contentUrl":"https:\/\/www.eldiario.net\/portal\/wp-content\/uploads\/2023\/07\/logo_ED.jpg","width":272,"height":52,"caption":"El Diario - Decano de la prensa nacional"},"image":{"@id":"https:\/\/www.eldiario.net\/portal\/#\/schema\/logo\/image\/"},"sameAs":["https:\/\/www.facebook.com\/eldiario.bolivia\/","https:\/\/x.com\/eldiario_net"]},{"@type":"Person","@id":"https:\/\/www.eldiario.net\/portal\/#\/schema\/person\/f46445640444750d7d753ccd04ae01b7","name":"Jeanette","image":{"@type":"ImageObject","inLanguage":"es","@id":"https:\/\/secure.gravatar.com\/avatar\/3ea2118a5f7dad2b7138b1187a6b7ee55f160b9968b66013c3a3ef39dd7e5798?s=96&d=mm&r=g","url":"https:\/\/secure.gravatar.com\/avatar\/3ea2118a5f7dad2b7138b1187a6b7ee55f160b9968b66013c3a3ef39dd7e5798?s=96&d=mm&r=g","contentUrl":"https:\/\/secure.gravatar.com\/avatar\/3ea2118a5f7dad2b7138b1187a6b7ee55f160b9968b66013c3a3ef39dd7e5798?s=96&d=mm&r=g","caption":"Jeanette"},"sameAs":["https:\/\/www.eldiario.net\/portal"],"url":"https:\/\/www.eldiario.net\/portal\/author\/jeanette\/"}]}},"_links":{"self":[{"href":"https:\/\/www.eldiario.net\/portal\/wp-json\/wp\/v2\/posts\/215176","targetHints":{"allow":["GET"]}}],"collection":[{"href":"https:\/\/www.eldiario.net\/portal\/wp-json\/wp\/v2\/posts"}],"about":[{"href":"https:\/\/www.eldiario.net\/portal\/wp-json\/wp\/v2\/types\/post"}],"author":[{"embeddable":true,"href":"https:\/\/www.eldiario.net\/portal\/wp-json\/wp\/v2\/users\/1"}],"replies":[{"embeddable":true,"href":"https:\/\/www.eldiario.net\/portal\/wp-json\/wp\/v2\/comments?post=215176"}],"version-history":[{"count":1,"href":"https:\/\/www.eldiario.net\/portal\/wp-json\/wp\/v2\/posts\/215176\/revisions"}],"predecessor-version":[{"id":215178,"href":"https:\/\/www.eldiario.net\/portal\/wp-json\/wp\/v2\/posts\/215176\/revisions\/215178"}],"wp:featuredmedia":[{"embeddable":true,"href":"https:\/\/www.eldiario.net\/portal\/wp-json\/wp\/v2\/media\/215177"}],"wp:attachment":[{"href":"https:\/\/www.eldiario.net\/portal\/wp-json\/wp\/v2\/media?parent=215176"}],"wp:term":[{"taxonomy":"category","embeddable":true,"href":"https:\/\/www.eldiario.net\/portal\/wp-json\/wp\/v2\/categories?post=215176"},{"taxonomy":"post_tag","embeddable":true,"href":"https:\/\/www.eldiario.net\/portal\/wp-json\/wp\/v2\/tags?post=215176"}],"curies":[{"name":"wp","href":"https:\/\/api.w.org\/{rel}","templated":true}]}}