{"id":214992,"date":"2024-04-18T06:20:07","date_gmt":"2024-04-18T10:20:07","guid":{"rendered":"https:\/\/www.eldiario.net\/portal\/?p=214992"},"modified":"2024-04-18T06:20:07","modified_gmt":"2024-04-18T10:20:07","slug":"antonio-guterres-exige-a-iran-desescalada-urgente","status":"publish","type":"post","link":"https:\/\/www.eldiario.net\/portal\/2024\/04\/18\/antonio-guterres-exige-a-iran-desescalada-urgente\/","title":{"rendered":"Antonio Guterres exige a Ir\u00e1n desescalada urgente"},"content":{"rendered":"<p>El secretario general de las Naciones Unidas, Ant\u00f3nio Guterres, inst\u00f3 al ministro de Exteriores del r\u00e9gimen de Ir\u00e1n, Hosein Amirabdolahian, a una desescalada urgente de las tensiones, seg\u00fan inform\u00f3 el portavoz de la ONU, St\u00e9phane Dujarric, en conferencia de prensa.<\/p>\n<p>\u201c(El secretario general) reiter\u00f3 al ministro de Exteriores (iran\u00ed) los puntos que hab\u00eda se\u00f1alado en sus propias observaciones ante el Consejo de Seguridad en relaci\u00f3n con la serie de ataques contra objetivos militares israel\u00edes y los ataques armados contra los edificios diplom\u00e1ticos iran\u00edes en Damasco. (Guterres) hizo un llamado para que se desescalara urgentemente la situaci\u00f3n y se volviera a centrar la atenci\u00f3n en llevar la paz a Oriente Pr\u00f3ximo\u201d, indic\u00f3 el portavoz de Guterres.<\/p>\n<p>Consultado por la \u00faltima vez en que Guterres habl\u00f3 con alg\u00fan representante oficial israel\u00ed, Dujarric eludi\u00f3 responder y dijo que tuvo varias formas de comunicaci\u00f3n con el presidente (Isaac) Herzog y otros colegas de la ONU en el terreno est\u00e1n en contacto regular con funcionarios israel\u00edes.<\/p>\n<p>Por su parte, Amirabdolahian hab\u00eda adelantado detalles de la llamada a trav\u00e9s de la red social X, donde afirm\u00f3 que el ataque iran\u00ed del s\u00e1bado contra Israel se alineaba con la Carta de las Naciones Unidas y constitu\u00eda una respuesta leg\u00edtima al bombardeo del Consulado iran\u00ed en Damasco.<\/p>\n<p>\u201cHe se\u00f1alado la tendencia progresiva de los cr\u00edmenes del r\u00e9gimen sionista en la regi\u00f3n y el derecho leg\u00edtimo de nuestro pa\u00eds a responder al ataque terrorista del r\u00e9gimen israel\u00ed contra el Consulado iran\u00ed en Damasco conforme al art\u00edculo 51 de la Carta de la ONU\u201d, escribi\u00f3 el ministro iran\u00ed en su publicaci\u00f3n.<\/p>\n<p>NUEVAS SANCIONES<\/p>\n<p>Estados Unidos anunci\u00f3 que impondr\u00e1 nuevas sanciones al programa de misiles y drones de Ir\u00e1n tras su ataque del fin de semana contra Israel y asegur\u00f3 que espera medidas similares de sus socios y aliados.<\/p>\n<p>En los pr\u00f3ximos d\u00edas, Estados Unidos impondr\u00e1 nuevas sanciones dirigidas contra Ir\u00e1n, incluido su programa de misiles y drones, as\u00ed como contra la Guardia Revolucionaria y el ministerio de Defensa iran\u00ed, precis\u00f3 en un comunicado el asesor de Seguridad Nacional de la Casa Blanca, Jake Sullivan.<\/p>\n<p>\u201cAnticipamos que nuestros aliados y socios pronto nos seguir\u00e1n y aplicar\u00e1n sus propias sanciones\u201d, a\u00f1adi\u00f3.<\/p>\n<p>\u201cEstas nuevas sanciones y otras medidas continuar\u00e1n con un ritmo constante de presi\u00f3n para contener y degradar la capacidad y eficacia militar de Ir\u00e1n y hacer frente a todos sus comportamientos nocivos\u201d, explic\u00f3 el funcionario.<\/p>\n<p>Ir\u00e1n lanz\u00f3 m\u00e1s de 300 misiles y aeronaves no tripuladas contra territorio israel\u00ed la noche del s\u00e1bado al domingo, en lo que calific\u00f3 de represalia por una ofensiva que destruy\u00f3 su consulado en Damasco y que atribuye a Israel.<\/p>\n<p>La mayor\u00eda de los proyectiles fueron interceptados y apenas hubo da\u00f1os.<\/p>\n<p>Washington recurri\u00f3 a sanciones econ\u00f3micas para contrarrestar las actividades de Teher\u00e1n, apuntando a sus programas de drones y misiles, as\u00ed como a su financiaci\u00f3n de grupos proiran\u00edes como el grupo terrorista Hamas, que lanz\u00f3 su propio ataque contra Israel el 7 de octubre.<\/p>\n<p>Sullivan record\u00f3 que Washington sancion\u00f3 a m\u00e1s de 600 personas y entidades vinculadas al r\u00e9gimen pers relacionadas con el terrorismo, la financiaci\u00f3n del terrorismo y otras formas de comercio il\u00edcito, terribles abusos de los derechos humanos y apoyo a grupos terroristas interpuestos.<\/p>\n<p>El anuncio del asesor estadounidense Sullivan ocurre despu\u00e9s de que la secretaria del Tesoro, Janet Yellen, advirtiera m\u00e1s temprano que Washington intensificar\u00e1 las sanciones contra Ir\u00e1n por su ataque sin precedentes a Israel.<\/p>\n<p>Estados Unidos tambi\u00e9n intenta trabajar con el G7 y con pa\u00edses como China para limitar la capacidad de Teher\u00e1n para acceder a los recursos necesarios para la fabricaci\u00f3n de armas, dijo a la prensa un alto funcionario del Departamento del Tesoro.<\/p>\n<p>En Bruselas, el jefe de la diplomacia de la Uni\u00f3n Europea, Josep Borrell, asegur\u00f3 tambi\u00e9n que algunos Estados miembros hab\u00edan propuesto la adopci\u00f3n de medidas restrictivas ampliadas contra Ir\u00e1n y que su oficina iniciar\u00eda los trabajos preparatorios.<\/p>\n<p>\u201cTenemos que alejarnos del borde del abismo\u201d, dijo Borrell. (Infobae\/Efe\/Afp\/Europa Press)<\/p>\n","protected":false},"excerpt":{"rendered":"<p>El secretario general de las Naciones Unidas, Ant\u00f3nio Guterres, inst\u00f3 al ministro de Exteriores del r\u00e9gimen de Ir\u00e1n, Hosein Amirabdolahian, a una desescalada urgente de las tensiones, seg\u00fan inform\u00f3 el portavoz de la ONU, St\u00e9phane Dujarric, en conferencia de prensa. \u201c(El secretario general) reiter\u00f3 al ministro de Exteriores (iran\u00ed) los puntos que hab\u00eda se\u00f1alado en [&hellip;]<\/p>\n","protected":false},"author":1,"featured_media":214993,"comment_status":"open","ping_status":"open","sticky":false,"template":"","format":"standard","meta":{"_acf_changed":false,"footnotes":""},"categories":[15],"tags":[],"class_list":["post-214992","post","type-post","status-publish","format-standard","has-post-thumbnail","category-portada"],"acf":{"antetitulo":"En las tensiones con Israel"},"yoast_head":"<!-- This site is optimized with the Yoast SEO plugin v28.3 - https:\/\/yoast.com\/product\/yoast-seo-wordpress\/ -->\n<title>Antonio Guterres exige a Ir\u00e1n desescalada urgente - El Diario - Bolivia<\/title>\n<meta name=\"robots\" content=\"index, follow, max-snippet:-1, max-image-preview:large, max-video-preview:-1\" \/>\n<link rel=\"canonical\" href=\"https:\/\/www.eldiario.net\/portal\/2024\/04\/18\/antonio-guterres-exige-a-iran-desescalada-urgente\/\" \/>\n<meta property=\"og:locale\" content=\"es_ES\" \/>\n<meta property=\"og:type\" content=\"article\" \/>\n<meta property=\"og:title\" content=\"Antonio Guterres exige a Ir\u00e1n desescalada urgente - El Diario - Bolivia\" \/>\n<meta property=\"og:description\" content=\"El secretario general de las Naciones Unidas, Ant\u00f3nio Guterres, inst\u00f3 al ministro de Exteriores del r\u00e9gimen de Ir\u00e1n, Hosein Amirabdolahian, a una desescalada urgente de las tensiones, seg\u00fan inform\u00f3 el portavoz de la ONU, St\u00e9phane Dujarric, en conferencia de prensa. \u201c(El secretario general) reiter\u00f3 al ministro de Exteriores (iran\u00ed) los puntos que hab\u00eda se\u00f1alado en [&hellip;]\" \/>\n<meta property=\"og:url\" content=\"https:\/\/www.eldiario.net\/portal\/2024\/04\/18\/antonio-guterres-exige-a-iran-desescalada-urgente\/\" \/>\n<meta property=\"og:site_name\" content=\"El Diario - Bolivia\" \/>\n<meta property=\"article:publisher\" content=\"https:\/\/www.facebook.com\/eldiario.bolivia\/\" \/>\n<meta property=\"article:published_time\" content=\"2024-04-18T10:20:07+00:00\" \/>\n<meta property=\"og:image\" content=\"https:\/\/www.eldiario.net\/portal\/wp-content\/uploads\/2024\/04\/ULTIMA-FOTO-2.jpg\" \/>\n\t<meta property=\"og:image:width\" content=\"1200\" \/>\n\t<meta property=\"og:image:height\" content=\"800\" \/>\n\t<meta property=\"og:image:type\" content=\"image\/jpeg\" \/>\n<meta name=\"author\" content=\"Jeanette\" \/>\n<meta name=\"twitter:card\" content=\"summary_large_image\" \/>\n<meta name=\"twitter:creator\" content=\"@eldiario_net\" \/>\n<meta name=\"twitter:site\" content=\"@eldiario_net\" \/>\n<meta name=\"twitter:label1\" content=\"Escrito por\" \/>\n\t<meta name=\"twitter:data1\" content=\"Jeanette\" \/>\n\t<meta name=\"twitter:label2\" content=\"Tiempo de lectura\" \/>\n\t<meta name=\"twitter:data2\" content=\"4 minutos\" \/>\n<script type=\"application\/ld+json\" class=\"yoast-schema-graph\">{\"@context\":\"https:\\\/\\\/schema.org\",\"@graph\":[{\"@type\":\"Article\",\"@id\":\"https:\\\/\\\/www.eldiario.net\\\/portal\\\/2024\\\/04\\\/18\\\/antonio-guterres-exige-a-iran-desescalada-urgente\\\/#article\",\"isPartOf\":{\"@id\":\"https:\\\/\\\/www.eldiario.net\\\/portal\\\/2024\\\/04\\\/18\\\/antonio-guterres-exige-a-iran-desescalada-urgente\\\/\"},\"author\":{\"name\":\"Jeanette\",\"@id\":\"https:\\\/\\\/www.eldiario.net\\\/portal\\\/#\\\/schema\\\/person\\\/f46445640444750d7d753ccd04ae01b7\"},\"headline\":\"Antonio Guterres exige a Ir\u00e1n desescalada urgente\",\"datePublished\":\"2024-04-18T10:20:07+00:00\",\"mainEntityOfPage\":{\"@id\":\"https:\\\/\\\/www.eldiario.net\\\/portal\\\/2024\\\/04\\\/18\\\/antonio-guterres-exige-a-iran-desescalada-urgente\\\/\"},\"wordCount\":726,\"commentCount\":0,\"publisher\":{\"@id\":\"https:\\\/\\\/www.eldiario.net\\\/portal\\\/#organization\"},\"image\":{\"@id\":\"https:\\\/\\\/www.eldiario.net\\\/portal\\\/2024\\\/04\\\/18\\\/antonio-guterres-exige-a-iran-desescalada-urgente\\\/#primaryimage\"},\"thumbnailUrl\":\"https:\\\/\\\/www.eldiario.net\\\/portal\\\/wp-content\\\/uploads\\\/2024\\\/04\\\/ULTIMA-FOTO-2.jpg\",\"articleSection\":[\"Portada\"],\"inLanguage\":\"es\",\"potentialAction\":[{\"@type\":\"CommentAction\",\"name\":\"Comment\",\"target\":[\"https:\\\/\\\/www.eldiario.net\\\/portal\\\/2024\\\/04\\\/18\\\/antonio-guterres-exige-a-iran-desescalada-urgente\\\/#respond\"]}]},{\"@type\":\"WebPage\",\"@id\":\"https:\\\/\\\/www.eldiario.net\\\/portal\\\/2024\\\/04\\\/18\\\/antonio-guterres-exige-a-iran-desescalada-urgente\\\/\",\"url\":\"https:\\\/\\\/www.eldiario.net\\\/portal\\\/2024\\\/04\\\/18\\\/antonio-guterres-exige-a-iran-desescalada-urgente\\\/\",\"name\":\"Antonio Guterres exige a Ir\u00e1n desescalada urgente - El Diario - Bolivia\",\"isPartOf\":{\"@id\":\"https:\\\/\\\/www.eldiario.net\\\/portal\\\/#website\"},\"primaryImageOfPage\":{\"@id\":\"https:\\\/\\\/www.eldiario.net\\\/portal\\\/2024\\\/04\\\/18\\\/antonio-guterres-exige-a-iran-desescalada-urgente\\\/#primaryimage\"},\"image\":{\"@id\":\"https:\\\/\\\/www.eldiario.net\\\/portal\\\/2024\\\/04\\\/18\\\/antonio-guterres-exige-a-iran-desescalada-urgente\\\/#primaryimage\"},\"thumbnailUrl\":\"https:\\\/\\\/www.eldiario.net\\\/portal\\\/wp-content\\\/uploads\\\/2024\\\/04\\\/ULTIMA-FOTO-2.jpg\",\"datePublished\":\"2024-04-18T10:20:07+00:00\",\"breadcrumb\":{\"@id\":\"https:\\\/\\\/www.eldiario.net\\\/portal\\\/2024\\\/04\\\/18\\\/antonio-guterres-exige-a-iran-desescalada-urgente\\\/#breadcrumb\"},\"inLanguage\":\"es\",\"potentialAction\":[{\"@type\":\"ReadAction\",\"target\":[\"https:\\\/\\\/www.eldiario.net\\\/portal\\\/2024\\\/04\\\/18\\\/antonio-guterres-exige-a-iran-desescalada-urgente\\\/\"]}]},{\"@type\":\"ImageObject\",\"inLanguage\":\"es\",\"@id\":\"https:\\\/\\\/www.eldiario.net\\\/portal\\\/2024\\\/04\\\/18\\\/antonio-guterres-exige-a-iran-desescalada-urgente\\\/#primaryimage\",\"url\":\"https:\\\/\\\/www.eldiario.net\\\/portal\\\/wp-content\\\/uploads\\\/2024\\\/04\\\/ULTIMA-FOTO-2.jpg\",\"contentUrl\":\"https:\\\/\\\/www.eldiario.net\\\/portal\\\/wp-content\\\/uploads\\\/2024\\\/04\\\/ULTIMA-FOTO-2.jpg\",\"width\":1200,\"height\":800,\"caption\":\"ANTONIO GUTERRES DIJO QUE EL PRINCIPAL OBJETIVO ES LLEVAR A LA PAZ AL ORIENTE PR\u00d3XIMO. FOTO: San Diego Uni\u00f3n Tribune\"},{\"@type\":\"BreadcrumbList\",\"@id\":\"https:\\\/\\\/www.eldiario.net\\\/portal\\\/2024\\\/04\\\/18\\\/antonio-guterres-exige-a-iran-desescalada-urgente\\\/#breadcrumb\",\"itemListElement\":[{\"@type\":\"ListItem\",\"position\":1,\"name\":\"Portada\",\"item\":\"https:\\\/\\\/www.eldiario.net\\\/portal\\\/\"},{\"@type\":\"ListItem\",\"position\":2,\"name\":\"Antonio Guterres exige a Ir\u00e1n desescalada urgente\"}]},{\"@type\":\"WebSite\",\"@id\":\"https:\\\/\\\/www.eldiario.net\\\/portal\\\/#website\",\"url\":\"https:\\\/\\\/www.eldiario.net\\\/portal\\\/\",\"name\":\"El Diario - Decano de la prensa nacional\",\"description\":\"El Diario - Decano de la prensa nacional\",\"publisher\":{\"@id\":\"https:\\\/\\\/www.eldiario.net\\\/portal\\\/#organization\"},\"potentialAction\":[{\"@type\":\"SearchAction\",\"target\":{\"@type\":\"EntryPoint\",\"urlTemplate\":\"https:\\\/\\\/www.eldiario.net\\\/portal\\\/?s={search_term_string}\"},\"query-input\":{\"@type\":\"PropertyValueSpecification\",\"valueRequired\":true,\"valueName\":\"search_term_string\"}}],\"inLanguage\":\"es\"},{\"@type\":\"Organization\",\"@id\":\"https:\\\/\\\/www.eldiario.net\\\/portal\\\/#organization\",\"name\":\"El Diario - Decano de la prensa nacional\",\"url\":\"https:\\\/\\\/www.eldiario.net\\\/portal\\\/\",\"logo\":{\"@type\":\"ImageObject\",\"inLanguage\":\"es\",\"@id\":\"https:\\\/\\\/www.eldiario.net\\\/portal\\\/#\\\/schema\\\/logo\\\/image\\\/\",\"url\":\"https:\\\/\\\/www.eldiario.net\\\/portal\\\/wp-content\\\/uploads\\\/2023\\\/07\\\/logo_ED.jpg\",\"contentUrl\":\"https:\\\/\\\/www.eldiario.net\\\/portal\\\/wp-content\\\/uploads\\\/2023\\\/07\\\/logo_ED.jpg\",\"width\":272,\"height\":52,\"caption\":\"El Diario - Decano de la prensa nacional\"},\"image\":{\"@id\":\"https:\\\/\\\/www.eldiario.net\\\/portal\\\/#\\\/schema\\\/logo\\\/image\\\/\"},\"sameAs\":[\"https:\\\/\\\/www.facebook.com\\\/eldiario.bolivia\\\/\",\"https:\\\/\\\/x.com\\\/eldiario_net\"]},{\"@type\":\"Person\",\"@id\":\"https:\\\/\\\/www.eldiario.net\\\/portal\\\/#\\\/schema\\\/person\\\/f46445640444750d7d753ccd04ae01b7\",\"name\":\"Jeanette\",\"image\":{\"@type\":\"ImageObject\",\"inLanguage\":\"es\",\"@id\":\"https:\\\/\\\/secure.gravatar.com\\\/avatar\\\/3ea2118a5f7dad2b7138b1187a6b7ee55f160b9968b66013c3a3ef39dd7e5798?s=96&d=mm&r=g\",\"url\":\"https:\\\/\\\/secure.gravatar.com\\\/avatar\\\/3ea2118a5f7dad2b7138b1187a6b7ee55f160b9968b66013c3a3ef39dd7e5798?s=96&d=mm&r=g\",\"contentUrl\":\"https:\\\/\\\/secure.gravatar.com\\\/avatar\\\/3ea2118a5f7dad2b7138b1187a6b7ee55f160b9968b66013c3a3ef39dd7e5798?s=96&d=mm&r=g\",\"caption\":\"Jeanette\"},\"sameAs\":[\"https:\\\/\\\/www.eldiario.net\\\/portal\"],\"url\":\"https:\\\/\\\/www.eldiario.net\\\/portal\\\/author\\\/jeanette\\\/\"}]}<\/script>\n<!-- \/ Yoast SEO plugin. -->","yoast_head_json":{"title":"Antonio Guterres exige a Ir\u00e1n desescalada urgente - El Diario - Bolivia","robots":{"index":"index","follow":"follow","max-snippet":"max-snippet:-1","max-image-preview":"max-image-preview:large","max-video-preview":"max-video-preview:-1"},"canonical":"https:\/\/www.eldiario.net\/portal\/2024\/04\/18\/antonio-guterres-exige-a-iran-desescalada-urgente\/","og_locale":"es_ES","og_type":"article","og_title":"Antonio Guterres exige a Ir\u00e1n desescalada urgente - El Diario - Bolivia","og_description":"El secretario general de las Naciones Unidas, Ant\u00f3nio Guterres, inst\u00f3 al ministro de Exteriores del r\u00e9gimen de Ir\u00e1n, Hosein Amirabdolahian, a una desescalada urgente de las tensiones, seg\u00fan inform\u00f3 el portavoz de la ONU, St\u00e9phane Dujarric, en conferencia de prensa. \u201c(El secretario general) reiter\u00f3 al ministro de Exteriores (iran\u00ed) los puntos que hab\u00eda se\u00f1alado en [&hellip;]","og_url":"https:\/\/www.eldiario.net\/portal\/2024\/04\/18\/antonio-guterres-exige-a-iran-desescalada-urgente\/","og_site_name":"El Diario - Bolivia","article_publisher":"https:\/\/www.facebook.com\/eldiario.bolivia\/","article_published_time":"2024-04-18T10:20:07+00:00","og_image":[{"width":1200,"height":800,"url":"https:\/\/www.eldiario.net\/portal\/wp-content\/uploads\/2024\/04\/ULTIMA-FOTO-2.jpg","type":"image\/jpeg"}],"author":"Jeanette","twitter_card":"summary_large_image","twitter_creator":"@eldiario_net","twitter_site":"@eldiario_net","twitter_misc":{"Escrito por":"Jeanette","Tiempo de lectura":"4 minutos"},"schema":{"@context":"https:\/\/schema.org","@graph":[{"@type":"Article","@id":"https:\/\/www.eldiario.net\/portal\/2024\/04\/18\/antonio-guterres-exige-a-iran-desescalada-urgente\/#article","isPartOf":{"@id":"https:\/\/www.eldiario.net\/portal\/2024\/04\/18\/antonio-guterres-exige-a-iran-desescalada-urgente\/"},"author":{"name":"Jeanette","@id":"https:\/\/www.eldiario.net\/portal\/#\/schema\/person\/f46445640444750d7d753ccd04ae01b7"},"headline":"Antonio Guterres exige a Ir\u00e1n desescalada urgente","datePublished":"2024-04-18T10:20:07+00:00","mainEntityOfPage":{"@id":"https:\/\/www.eldiario.net\/portal\/2024\/04\/18\/antonio-guterres-exige-a-iran-desescalada-urgente\/"},"wordCount":726,"commentCount":0,"publisher":{"@id":"https:\/\/www.eldiario.net\/portal\/#organization"},"image":{"@id":"https:\/\/www.eldiario.net\/portal\/2024\/04\/18\/antonio-guterres-exige-a-iran-desescalada-urgente\/#primaryimage"},"thumbnailUrl":"https:\/\/www.eldiario.net\/portal\/wp-content\/uploads\/2024\/04\/ULTIMA-FOTO-2.jpg","articleSection":["Portada"],"inLanguage":"es","potentialAction":[{"@type":"CommentAction","name":"Comment","target":["https:\/\/www.eldiario.net\/portal\/2024\/04\/18\/antonio-guterres-exige-a-iran-desescalada-urgente\/#respond"]}]},{"@type":"WebPage","@id":"https:\/\/www.eldiario.net\/portal\/2024\/04\/18\/antonio-guterres-exige-a-iran-desescalada-urgente\/","url":"https:\/\/www.eldiario.net\/portal\/2024\/04\/18\/antonio-guterres-exige-a-iran-desescalada-urgente\/","name":"Antonio Guterres exige a Ir\u00e1n desescalada urgente - El Diario - Bolivia","isPartOf":{"@id":"https:\/\/www.eldiario.net\/portal\/#website"},"primaryImageOfPage":{"@id":"https:\/\/www.eldiario.net\/portal\/2024\/04\/18\/antonio-guterres-exige-a-iran-desescalada-urgente\/#primaryimage"},"image":{"@id":"https:\/\/www.eldiario.net\/portal\/2024\/04\/18\/antonio-guterres-exige-a-iran-desescalada-urgente\/#primaryimage"},"thumbnailUrl":"https:\/\/www.eldiario.net\/portal\/wp-content\/uploads\/2024\/04\/ULTIMA-FOTO-2.jpg","datePublished":"2024-04-18T10:20:07+00:00","breadcrumb":{"@id":"https:\/\/www.eldiario.net\/portal\/2024\/04\/18\/antonio-guterres-exige-a-iran-desescalada-urgente\/#breadcrumb"},"inLanguage":"es","potentialAction":[{"@type":"ReadAction","target":["https:\/\/www.eldiario.net\/portal\/2024\/04\/18\/antonio-guterres-exige-a-iran-desescalada-urgente\/"]}]},{"@type":"ImageObject","inLanguage":"es","@id":"https:\/\/www.eldiario.net\/portal\/2024\/04\/18\/antonio-guterres-exige-a-iran-desescalada-urgente\/#primaryimage","url":"https:\/\/www.eldiario.net\/portal\/wp-content\/uploads\/2024\/04\/ULTIMA-FOTO-2.jpg","contentUrl":"https:\/\/www.eldiario.net\/portal\/wp-content\/uploads\/2024\/04\/ULTIMA-FOTO-2.jpg","width":1200,"height":800,"caption":"ANTONIO GUTERRES DIJO QUE EL PRINCIPAL OBJETIVO ES LLEVAR A LA PAZ AL ORIENTE PR\u00d3XIMO. FOTO: San Diego Uni\u00f3n Tribune"},{"@type":"BreadcrumbList","@id":"https:\/\/www.eldiario.net\/portal\/2024\/04\/18\/antonio-guterres-exige-a-iran-desescalada-urgente\/#breadcrumb","itemListElement":[{"@type":"ListItem","position":1,"name":"Portada","item":"https:\/\/www.eldiario.net\/portal\/"},{"@type":"ListItem","position":2,"name":"Antonio Guterres exige a Ir\u00e1n desescalada urgente"}]},{"@type":"WebSite","@id":"https:\/\/www.eldiario.net\/portal\/#website","url":"https:\/\/www.eldiario.net\/portal\/","name":"El Diario - Decano de la prensa nacional","description":"El Diario - Decano de la prensa nacional","publisher":{"@id":"https:\/\/www.eldiario.net\/portal\/#organization"},"potentialAction":[{"@type":"SearchAction","target":{"@type":"EntryPoint","urlTemplate":"https:\/\/www.eldiario.net\/portal\/?s={search_term_string}"},"query-input":{"@type":"PropertyValueSpecification","valueRequired":true,"valueName":"search_term_string"}}],"inLanguage":"es"},{"@type":"Organization","@id":"https:\/\/www.eldiario.net\/portal\/#organization","name":"El Diario - Decano de la prensa nacional","url":"https:\/\/www.eldiario.net\/portal\/","logo":{"@type":"ImageObject","inLanguage":"es","@id":"https:\/\/www.eldiario.net\/portal\/#\/schema\/logo\/image\/","url":"https:\/\/www.eldiario.net\/portal\/wp-content\/uploads\/2023\/07\/logo_ED.jpg","contentUrl":"https:\/\/www.eldiario.net\/portal\/wp-content\/uploads\/2023\/07\/logo_ED.jpg","width":272,"height":52,"caption":"El Diario - Decano de la prensa nacional"},"image":{"@id":"https:\/\/www.eldiario.net\/portal\/#\/schema\/logo\/image\/"},"sameAs":["https:\/\/www.facebook.com\/eldiario.bolivia\/","https:\/\/x.com\/eldiario_net"]},{"@type":"Person","@id":"https:\/\/www.eldiario.net\/portal\/#\/schema\/person\/f46445640444750d7d753ccd04ae01b7","name":"Jeanette","image":{"@type":"ImageObject","inLanguage":"es","@id":"https:\/\/secure.gravatar.com\/avatar\/3ea2118a5f7dad2b7138b1187a6b7ee55f160b9968b66013c3a3ef39dd7e5798?s=96&d=mm&r=g","url":"https:\/\/secure.gravatar.com\/avatar\/3ea2118a5f7dad2b7138b1187a6b7ee55f160b9968b66013c3a3ef39dd7e5798?s=96&d=mm&r=g","contentUrl":"https:\/\/secure.gravatar.com\/avatar\/3ea2118a5f7dad2b7138b1187a6b7ee55f160b9968b66013c3a3ef39dd7e5798?s=96&d=mm&r=g","caption":"Jeanette"},"sameAs":["https:\/\/www.eldiario.net\/portal"],"url":"https:\/\/www.eldiario.net\/portal\/author\/jeanette\/"}]}},"_links":{"self":[{"href":"https:\/\/www.eldiario.net\/portal\/wp-json\/wp\/v2\/posts\/214992","targetHints":{"allow":["GET"]}}],"collection":[{"href":"https:\/\/www.eldiario.net\/portal\/wp-json\/wp\/v2\/posts"}],"about":[{"href":"https:\/\/www.eldiario.net\/portal\/wp-json\/wp\/v2\/types\/post"}],"author":[{"embeddable":true,"href":"https:\/\/www.eldiario.net\/portal\/wp-json\/wp\/v2\/users\/1"}],"replies":[{"embeddable":true,"href":"https:\/\/www.eldiario.net\/portal\/wp-json\/wp\/v2\/comments?post=214992"}],"version-history":[{"count":1,"href":"https:\/\/www.eldiario.net\/portal\/wp-json\/wp\/v2\/posts\/214992\/revisions"}],"predecessor-version":[{"id":214994,"href":"https:\/\/www.eldiario.net\/portal\/wp-json\/wp\/v2\/posts\/214992\/revisions\/214994"}],"wp:featuredmedia":[{"embeddable":true,"href":"https:\/\/www.eldiario.net\/portal\/wp-json\/wp\/v2\/media\/214993"}],"wp:attachment":[{"href":"https:\/\/www.eldiario.net\/portal\/wp-json\/wp\/v2\/media?parent=214992"}],"wp:term":[{"taxonomy":"category","embeddable":true,"href":"https:\/\/www.eldiario.net\/portal\/wp-json\/wp\/v2\/categories?post=214992"},{"taxonomy":"post_tag","embeddable":true,"href":"https:\/\/www.eldiario.net\/portal\/wp-json\/wp\/v2\/tags?post=214992"}],"curies":[{"name":"wp","href":"https:\/\/api.w.org\/{rel}","templated":true}]}}