{"id":214893,"date":"2024-04-17T07:27:09","date_gmt":"2024-04-17T11:27:09","guid":{"rendered":"https:\/\/www.eldiario.net\/portal\/?p=214893"},"modified":"2024-04-17T07:27:09","modified_gmt":"2024-04-17T11:27:09","slug":"rafcar-se-expande-al-noreste-de-santa-cruz","status":"publish","type":"post","link":"https:\/\/www.eldiario.net\/portal\/2024\/04\/17\/rafcar-se-expande-al-noreste-de-santa-cruz\/","title":{"rendered":"Rafcar se expande al noreste de Santa Cruz"},"content":{"rendered":"<p>Rafcar Motors, el primer concesionario de Imcruz Center en Santa Cruz, se expande hacia la zona noreste de la capital cruce\u00f1a e inaugura su tercer sal\u00f3n de exposici\u00f3n ubicado sobre el segundo anillo, casi esquina Av. Paragu\u00e1.<br \/>\nEl emprendimiento del empresario Andr\u00e9s Guti\u00e9rrez Mansilla, requiri\u00f3 una inversi\u00f3n superior a los $us. 500.000 en el equipamiento y la infraestructura del \u201cSal\u00f3n Paragu\u00e1\u201d, como lo denominaron, el que est\u00e1 construido sobre una superficie de 1.300 metros cuadrados, distribuidos en cinco ambientes: Exposici\u00f3n de veh\u00edculos, venta y oficinas con \u00e1rea de juego para ni\u00f1os, servicio t\u00e9cnico expr\u00e9s.<br \/>\nEl \u201cSal\u00f3n Paragu\u00e1\u201d tiene un estilo industrial, con un tinglado alto y l\u00edneas limpias, obra del arquitecto Miguel Guerra, a su vez, el director de obra fue el ingeniero Luis Fernando Guti\u00e9rrez, de la empresa TSG S.R.L.<br \/>\n\u201cUna de nuestras mayores fortalezas es por supuesto contar con el respaldo y la garant\u00eda de Imcruz Center, mientras que nuestro punto diferenciador como empresa es y ser\u00e1 siempre el servicio al cliente. Nosotros hacemos mucho \u00e9nfasis en ayudar a nuestros clientes a obtener su cr\u00e9dito, tenemos todas las alternativas posibles, porque sabemos que cada persona es diferente y as\u00ed pensamos, diferente a los dem\u00e1s para dar la mejor atenci\u00f3n\u201d, coment\u00f3 Guti\u00e9rrez, al a\u00f1adir que el nuevo \u201cSal\u00f3n Paragu\u00e1\u201d, como la oficina central, ubicada en el segundo anillo, entre las avenidas San Aurelio y Tres Pasos al Frente, y el \u201cSal\u00f3n Montero\u201d, atienden en horario continuo.<\/p>\n\r\n                <style type=\"text\/css\">\r\n                    \r\n                    #tdi_1  .td-doubleSlider-2 .td-item1 {\r\n                        background: url(https:\/\/www.eldiario.net\/portal\/wp-content\/uploads\/2024\/04\/Alex-Bohrt-Matias-Andreani-gerente-general-Imcruz-Center-y-Esteban-Soruco-80x60.jpg) 0 0 no-repeat;\r\n                    }\r\n                    #tdi_1  .td-doubleSlider-2 .td-item2 {\r\n                        background: url(https:\/\/www.eldiario.net\/portal\/wp-content\/uploads\/2024\/04\/Alexia-Viruez-80x60.jpg) 0 0 no-repeat;\r\n                    }\r\n                    #tdi_1  .td-doubleSlider-2 .td-item3 {\r\n                        background: url(https:\/\/www.eldiario.net\/portal\/wp-content\/uploads\/2024\/04\/Ana-Fabia-Cassis-y-Maria-Fernanda-Galarza-80x60.jpg) 0 0 no-repeat;\r\n                    }\r\n                    #tdi_1  .td-doubleSlider-2 .td-item4 {\r\n                        background: url(https:\/\/www.eldiario.net\/portal\/wp-content\/uploads\/2024\/04\/Ana-Fabia-Cassis-Alexia-Viruez-Andres-Gutierrez-gerente-general-Rafcar-Motors-Matias-Andreani-gerente-general-Imcruz-Center-y-Fernanda-Gala-80x60.jpg) 0 0 no-repeat;\r\n                    }\r\n                    #tdi_1  .td-doubleSlider-2 .td-item5 {\r\n                        background: url(https:\/\/www.eldiario.net\/portal\/wp-content\/uploads\/2024\/04\/Andres-Gutierrez-gerente-general-Rafcar-Motors-80x60.jpg) 0 0 no-repeat;\r\n                    }\r\n                    #tdi_1  .td-doubleSlider-2 .td-item6 {\r\n                        background: url(https:\/\/www.eldiario.net\/portal\/wp-content\/uploads\/2024\/04\/Diego-Roca-Monica-Argandona-y-Ariel-Del-Granado-80x60.jpg) 0 0 no-repeat;\r\n                    }\r\n                    #tdi_1  .td-doubleSlider-2 .td-item7 {\r\n                        background: url(https:\/\/www.eldiario.net\/portal\/wp-content\/uploads\/2024\/04\/Familia-Gutierrez-Mansilla-80x60.jpg) 0 0 no-repeat;\r\n                    }\r\n                    #tdi_1  .td-doubleSlider-2 .td-item8 {\r\n                        background: url(https:\/\/www.eldiario.net\/portal\/wp-content\/uploads\/2024\/04\/Mireya-Mendez-Isabel-Mendez-y-Maria-Jose-Mendez-80x60.jpg) 0 0 no-repeat;\r\n                    }\r\n                    #tdi_1  .td-doubleSlider-2 .td-item9 {\r\n                        background: url(https:\/\/www.eldiario.net\/portal\/wp-content\/uploads\/2024\/04\/Rafcar-Motors-Salon-Paragua-80x60.jpg) 0 0 no-repeat;\r\n                    }\r\n                    #tdi_1  .td-doubleSlider-2 .td-item10 {\r\n                        background: url(https:\/\/www.eldiario.net\/portal\/wp-content\/uploads\/2024\/04\/Ramiro-Macagno-Luis-Yanez-Stephen-De-Castro-gerente-regional-Imcruz-Center-Jose-Rodriguez-Javier-Jimenez-y-Julio-Seguel-80x60.jpg) 0 0 no-repeat;\r\n                    }\r\n                    #tdi_1  .td-doubleSlider-2 .td-item11 {\r\n                        background: url(https:\/\/www.eldiario.net\/portal\/wp-content\/uploads\/2024\/04\/Silvia-Antezana-Veronica-Schutt-Andres-Gutierrez-Maria-Ines-Carrasco-y-Michelle-Noriega-80x60.jpg) 0 0 no-repeat;\r\n                    }\r\n                <\/style>\r\n\r\n                <div id=\"tdi_1\" class=\"td-gallery td-slide-on-2-columns\">\r\n                    <div class=\"post_td_gallery\">\r\n                        <div class=\"td-gallery-slide-top\">\r\n                           <div class=\"td-gallery-title\"><\/div>\r\n\r\n                            <div class=\"td-gallery-controls-wrapper\">\r\n                                <div class=\"td-gallery-slide-count\"><span class=\"td-gallery-slide-item-focus\">1<\/span> de 11<\/div>\r\n                                <div class=\"td-gallery-slide-prev-next-but\">\r\n                                    <i class = \"td-icon-left doubleSliderPrevButton\"><\/i>\r\n                                    <i class = \"td-icon-right doubleSliderNextButton\"><\/i>\r\n                                <\/div>\r\n                            <\/div>\r\n                        <\/div>\r\n\r\n                        <div class = \"td-doubleSlider-1 \">\r\n                            <div class = \"td-slider\">\r\n                                \r\n                    <div class = \"td-slide-item td-item1\">\r\n                        <figure class=\"td-slide-galery-figure td-slide-popup-gallery\">\r\n                            <a class=\"slide-gallery-image-link\" href=\"https:\/\/www.eldiario.net\/portal\/wp-content\/uploads\/2024\/04\/Alex-Bohrt-Matias-Andreani-gerente-general-Imcruz-Center-y-Esteban-Soruco-scaled.jpg\" title=\"Alex-Bohrt,-Matias-Andreani,-gerente-general-Imcruz-Center-y-Esteban-Soruco\"  data-caption=\"Alex Bohrt, Matias Andreani, gerente general Imcruz Center, y Est\u00c9ban Soruco.\"  data-description=\"\">\r\n                                <img decoding=\"async\" src=\"https:\/\/www.eldiario.net\/portal\/wp-content\/uploads\/2024\/04\/Alex-Bohrt-Matias-Andreani-gerente-general-Imcruz-Center-y-Esteban-Soruco-588x420.jpg\" srcset=\"https:\/\/www.eldiario.net\/portal\/wp-content\/uploads\/2024\/04\/Alex-Bohrt-Matias-Andreani-gerente-general-Imcruz-Center-y-Esteban-Soruco-588x420.jpg 588w, https:\/\/www.eldiario.net\/portal\/wp-content\/uploads\/2024\/04\/Alex-Bohrt-Matias-Andreani-gerente-general-Imcruz-Center-y-Esteban-Soruco-300x214.jpg 300w, https:\/\/www.eldiario.net\/portal\/wp-content\/uploads\/2024\/04\/Alex-Bohrt-Matias-Andreani-gerente-general-Imcruz-Center-y-Esteban-Soruco-1024x731.jpg 1024w, https:\/\/www.eldiario.net\/portal\/wp-content\/uploads\/2024\/04\/Alex-Bohrt-Matias-Andreani-gerente-general-Imcruz-Center-y-Esteban-Soruco-768x548.jpg 768w, https:\/\/www.eldiario.net\/portal\/wp-content\/uploads\/2024\/04\/Alex-Bohrt-Matias-Andreani-gerente-general-Imcruz-Center-y-Esteban-Soruco-1536x1097.jpg 1536w, https:\/\/www.eldiario.net\/portal\/wp-content\/uploads\/2024\/04\/Alex-Bohrt-Matias-Andreani-gerente-general-Imcruz-Center-y-Esteban-Soruco-2048x1463.jpg 2048w, https:\/\/www.eldiario.net\/portal\/wp-content\/uploads\/2024\/04\/Alex-Bohrt-Matias-Andreani-gerente-general-Imcruz-Center-y-Esteban-Soruco-696x497.jpg 696w, https:\/\/www.eldiario.net\/portal\/wp-content\/uploads\/2024\/04\/Alex-Bohrt-Matias-Andreani-gerente-general-Imcruz-Center-y-Esteban-Soruco-1068x763.jpg 1068w, https:\/\/www.eldiario.net\/portal\/wp-content\/uploads\/2024\/04\/Alex-Bohrt-Matias-Andreani-gerente-general-Imcruz-Center-y-Esteban-Soruco-1920x1371.jpg 1920w\" sizes=\"(max-width: 588px) 100vw, 588px\" alt=\"\">\r\n                            <\/a>\r\n                            <figcaption class = \"td-slide-caption td-gallery-slide-content\"><div class = \"td-gallery-slide-copywrite\">Alex Bohrt, Matias Andreani, gerente general Imcruz Center, y Est\u00c9ban Soruco.<\/div><\/figcaption>\r\n                        <\/figure>\r\n                    <\/div>\r\n                    <div class = \"td-slide-item td-item2\">\r\n                        <figure class=\"td-slide-galery-figure td-slide-popup-gallery\">\r\n                            <a class=\"slide-gallery-image-link\" href=\"https:\/\/www.eldiario.net\/portal\/wp-content\/uploads\/2024\/04\/Alexia-Viruez-scaled.jpg\" title=\"Alexia-Viruez\"  data-caption=\"       ALEXIA VIRUEZ.\"  data-description=\"\">\r\n                                <img decoding=\"async\" src=\"https:\/\/www.eldiario.net\/portal\/wp-content\/uploads\/2024\/04\/Alexia-Viruez-588x420.jpg\" srcset=\"https:\/\/www.eldiario.net\/portal\/wp-content\/uploads\/2024\/04\/Alexia-Viruez-588x420.jpg 588w, https:\/\/www.eldiario.net\/portal\/wp-content\/uploads\/2024\/04\/Alexia-Viruez-300x214.jpg 300w, https:\/\/www.eldiario.net\/portal\/wp-content\/uploads\/2024\/04\/Alexia-Viruez-1024x731.jpg 1024w, https:\/\/www.eldiario.net\/portal\/wp-content\/uploads\/2024\/04\/Alexia-Viruez-768x549.jpg 768w, https:\/\/www.eldiario.net\/portal\/wp-content\/uploads\/2024\/04\/Alexia-Viruez-1536x1097.jpg 1536w, https:\/\/www.eldiario.net\/portal\/wp-content\/uploads\/2024\/04\/Alexia-Viruez-2048x1463.jpg 2048w, https:\/\/www.eldiario.net\/portal\/wp-content\/uploads\/2024\/04\/Alexia-Viruez-696x497.jpg 696w, https:\/\/www.eldiario.net\/portal\/wp-content\/uploads\/2024\/04\/Alexia-Viruez-1068x763.jpg 1068w, https:\/\/www.eldiario.net\/portal\/wp-content\/uploads\/2024\/04\/Alexia-Viruez-1920x1371.jpg 1920w\" sizes=\"(max-width: 588px) 100vw, 588px\" alt=\"\">\r\n                            <\/a>\r\n                            <figcaption class = \"td-slide-caption td-gallery-slide-content\"><div class = \"td-gallery-slide-copywrite\">       ALEXIA VIRUEZ.<\/div><\/figcaption>\r\n                        <\/figure>\r\n                    <\/div>\r\n                    <div class = \"td-slide-item td-item3\">\r\n                        <figure class=\"td-slide-galery-figure td-slide-popup-gallery\">\r\n                            <a class=\"slide-gallery-image-link\" href=\"https:\/\/www.eldiario.net\/portal\/wp-content\/uploads\/2024\/04\/Ana-Fabia-Cassis-y-Maria-Fernanda-Galarza-scaled.jpg\" title=\"Ana-Fabia-Cassis-y-Mar\u00eda-Fernanda-Galarza\"  data-caption=\"ANA FABIA CASSIS Y MAR\u00cdA FERNANDA GALARZA.\"  data-description=\"\">\r\n                                <img decoding=\"async\" src=\"https:\/\/www.eldiario.net\/portal\/wp-content\/uploads\/2024\/04\/Ana-Fabia-Cassis-y-Maria-Fernanda-Galarza-588x420.jpg\" srcset=\"https:\/\/www.eldiario.net\/portal\/wp-content\/uploads\/2024\/04\/Ana-Fabia-Cassis-y-Maria-Fernanda-Galarza-588x420.jpg 588w, https:\/\/www.eldiario.net\/portal\/wp-content\/uploads\/2024\/04\/Ana-Fabia-Cassis-y-Maria-Fernanda-Galarza-300x214.jpg 300w, https:\/\/www.eldiario.net\/portal\/wp-content\/uploads\/2024\/04\/Ana-Fabia-Cassis-y-Maria-Fernanda-Galarza-1024x731.jpg 1024w, https:\/\/www.eldiario.net\/portal\/wp-content\/uploads\/2024\/04\/Ana-Fabia-Cassis-y-Maria-Fernanda-Galarza-768x549.jpg 768w, https:\/\/www.eldiario.net\/portal\/wp-content\/uploads\/2024\/04\/Ana-Fabia-Cassis-y-Maria-Fernanda-Galarza-1536x1097.jpg 1536w, https:\/\/www.eldiario.net\/portal\/wp-content\/uploads\/2024\/04\/Ana-Fabia-Cassis-y-Maria-Fernanda-Galarza-2048x1463.jpg 2048w, https:\/\/www.eldiario.net\/portal\/wp-content\/uploads\/2024\/04\/Ana-Fabia-Cassis-y-Maria-Fernanda-Galarza-696x497.jpg 696w, https:\/\/www.eldiario.net\/portal\/wp-content\/uploads\/2024\/04\/Ana-Fabia-Cassis-y-Maria-Fernanda-Galarza-1068x763.jpg 1068w, https:\/\/www.eldiario.net\/portal\/wp-content\/uploads\/2024\/04\/Ana-Fabia-Cassis-y-Maria-Fernanda-Galarza-1920x1371.jpg 1920w\" sizes=\"(max-width: 588px) 100vw, 588px\" alt=\"\">\r\n                            <\/a>\r\n                            <figcaption class = \"td-slide-caption td-gallery-slide-content\"><div class = \"td-gallery-slide-copywrite\">ANA FABIA CASSIS Y MAR\u00cdA FERNANDA GALARZA.<\/div><\/figcaption>\r\n                        <\/figure>\r\n                    <\/div>\r\n                    <div class = \"td-slide-item td-item4\">\r\n                        <figure class=\"td-slide-galery-figure td-slide-popup-gallery\">\r\n                            <a class=\"slide-gallery-image-link\" href=\"https:\/\/www.eldiario.net\/portal\/wp-content\/uploads\/2024\/04\/Ana-Fabia-Cassis-Alexia-Viruez-Andres-Gutierrez-gerente-general-Rafcar-Motors-Matias-Andreani-gerente-general-Imcruz-Center-y-Fernanda-Gala.jpg\" title=\"Ana-Fabia-Cassis,-Alexia-Viruez,-Andr\u00e9s-Guti\u00e9rrez,-gerente-general-Rafcar-Motors,-Mat\u00edas-Andreani,-gerente-general-Imcruz-Center-y-Fernanda-Gala\"  data-caption=\"ANA FABIA CASSIS, ALEXIA VIRUEZ, ANDR\u00c9S GUTI\u00c9RREZ, GERENTE GENERAL RAFCAR MOTORS; MAT\u00cdAS ANDREANI, GERENTE GENERAL IMCRUZ CENTER, Y FERNANDA GALA.\"  data-description=\"\">\r\n                                <img decoding=\"async\" src=\"https:\/\/www.eldiario.net\/portal\/wp-content\/uploads\/2024\/04\/Ana-Fabia-Cassis-Alexia-Viruez-Andres-Gutierrez-gerente-general-Rafcar-Motors-Matias-Andreani-gerente-general-Imcruz-Center-y-Fernanda-Gala-588x420.jpg\" srcset=\"https:\/\/www.eldiario.net\/portal\/wp-content\/uploads\/2024\/04\/Ana-Fabia-Cassis-Alexia-Viruez-Andres-Gutierrez-gerente-general-Rafcar-Motors-Matias-Andreani-gerente-general-Imcruz-Center-y-Fernanda-Gala-588x420.jpg 588w, https:\/\/www.eldiario.net\/portal\/wp-content\/uploads\/2024\/04\/Ana-Fabia-Cassis-Alexia-Viruez-Andres-Gutierrez-gerente-general-Rafcar-Motors-Matias-Andreani-gerente-general-Imcruz-Center-y-Fernanda-Gala-300x214.jpg 300w, https:\/\/www.eldiario.net\/portal\/wp-content\/uploads\/2024\/04\/Ana-Fabia-Cassis-Alexia-Viruez-Andres-Gutierrez-gerente-general-Rafcar-Motors-Matias-Andreani-gerente-general-Imcruz-Center-y-Fernanda-Gala-1024x731.jpg 1024w, https:\/\/www.eldiario.net\/portal\/wp-content\/uploads\/2024\/04\/Ana-Fabia-Cassis-Alexia-Viruez-Andres-Gutierrez-gerente-general-Rafcar-Motors-Matias-Andreani-gerente-general-Imcruz-Center-y-Fernanda-Gala-768x548.jpg 768w, https:\/\/www.eldiario.net\/portal\/wp-content\/uploads\/2024\/04\/Ana-Fabia-Cassis-Alexia-Viruez-Andres-Gutierrez-gerente-general-Rafcar-Motors-Matias-Andreani-gerente-general-Imcruz-Center-y-Fernanda-Gala-1536x1097.jpg 1536w, https:\/\/www.eldiario.net\/portal\/wp-content\/uploads\/2024\/04\/Ana-Fabia-Cassis-Alexia-Viruez-Andres-Gutierrez-gerente-general-Rafcar-Motors-Matias-Andreani-gerente-general-Imcruz-Center-y-Fernanda-Gala-2048x1462.jpg 2048w, https:\/\/www.eldiario.net\/portal\/wp-content\/uploads\/2024\/04\/Ana-Fabia-Cassis-Alexia-Viruez-Andres-Gutierrez-gerente-general-Rafcar-Motors-Matias-Andreani-gerente-general-Imcruz-Center-y-Fernanda-Gala-696x497.jpg 696w, https:\/\/www.eldiario.net\/portal\/wp-content\/uploads\/2024\/04\/Ana-Fabia-Cassis-Alexia-Viruez-Andres-Gutierrez-gerente-general-Rafcar-Motors-Matias-Andreani-gerente-general-Imcruz-Center-y-Fernanda-Gala-1068x763.jpg 1068w, https:\/\/www.eldiario.net\/portal\/wp-content\/uploads\/2024\/04\/Ana-Fabia-Cassis-Alexia-Viruez-Andres-Gutierrez-gerente-general-Rafcar-Motors-Matias-Andreani-gerente-general-Imcruz-Center-y-Fernanda-Gala-1920x1371.jpg 1920w\" sizes=\"(max-width: 588px) 100vw, 588px\" alt=\"\">\r\n                            <\/a>\r\n                            <figcaption class = \"td-slide-caption td-gallery-slide-content\"><div class = \"td-gallery-slide-copywrite\">ANA FABIA CASSIS, ALEXIA VIRUEZ, ANDR\u00c9S GUTI\u00c9RREZ, GERENTE GENERAL RAFCAR MOTORS; MAT\u00cdAS ANDREANI, GERENTE GENERAL IMCRUZ CENTER, Y FERNANDA GALA.<\/div><\/figcaption>\r\n                        <\/figure>\r\n                    <\/div>\r\n                    <div class = \"td-slide-item td-item5\">\r\n                        <figure class=\"td-slide-galery-figure td-slide-popup-gallery\">\r\n                            <a class=\"slide-gallery-image-link\" href=\"https:\/\/www.eldiario.net\/portal\/wp-content\/uploads\/2024\/04\/Andres-Gutierrez-gerente-general-Rafcar-Motors.jpg\" title=\"Andr\u00e9s-Guti\u00e9rrez,-gerente-general-Rafcar-Motors\"  data-caption=\" Andr\u00e9s Guti\u00e9rrez, gerente general Rafcar Motors.\"  data-description=\"\">\r\n                                <img decoding=\"async\" src=\"https:\/\/www.eldiario.net\/portal\/wp-content\/uploads\/2024\/04\/Andres-Gutierrez-gerente-general-Rafcar-Motors-588x420.jpg\" srcset=\"https:\/\/www.eldiario.net\/portal\/wp-content\/uploads\/2024\/04\/Andres-Gutierrez-gerente-general-Rafcar-Motors-588x420.jpg 588w, https:\/\/www.eldiario.net\/portal\/wp-content\/uploads\/2024\/04\/Andres-Gutierrez-gerente-general-Rafcar-Motors-300x214.jpg 300w, https:\/\/www.eldiario.net\/portal\/wp-content\/uploads\/2024\/04\/Andres-Gutierrez-gerente-general-Rafcar-Motors-1024x731.jpg 1024w, https:\/\/www.eldiario.net\/portal\/wp-content\/uploads\/2024\/04\/Andres-Gutierrez-gerente-general-Rafcar-Motors-768x549.jpg 768w, https:\/\/www.eldiario.net\/portal\/wp-content\/uploads\/2024\/04\/Andres-Gutierrez-gerente-general-Rafcar-Motors-1536x1097.jpg 1536w, https:\/\/www.eldiario.net\/portal\/wp-content\/uploads\/2024\/04\/Andres-Gutierrez-gerente-general-Rafcar-Motors-2048x1463.jpg 2048w, https:\/\/www.eldiario.net\/portal\/wp-content\/uploads\/2024\/04\/Andres-Gutierrez-gerente-general-Rafcar-Motors-696x497.jpg 696w, https:\/\/www.eldiario.net\/portal\/wp-content\/uploads\/2024\/04\/Andres-Gutierrez-gerente-general-Rafcar-Motors-1068x763.jpg 1068w, https:\/\/www.eldiario.net\/portal\/wp-content\/uploads\/2024\/04\/Andres-Gutierrez-gerente-general-Rafcar-Motors-1920x1372.jpg 1920w\" sizes=\"(max-width: 588px) 100vw, 588px\" alt=\"\">\r\n                            <\/a>\r\n                            <figcaption class = \"td-slide-caption td-gallery-slide-content\"><div class = \"td-gallery-slide-copywrite\"> Andr\u00e9s Guti\u00e9rrez, gerente general Rafcar Motors.<\/div><\/figcaption>\r\n                        <\/figure>\r\n                    <\/div>\r\n                    <div class = \"td-slide-item td-item6\">\r\n                        <figure class=\"td-slide-galery-figure td-slide-popup-gallery\">\r\n                            <a class=\"slide-gallery-image-link\" href=\"https:\/\/www.eldiario.net\/portal\/wp-content\/uploads\/2024\/04\/Diego-Roca-Monica-Argandona-y-Ariel-Del-Granado.jpg\" title=\"Diego-Roca,-M\u00f3nica-Argando\u00f1a-y-Ariel-Del-Granado\"  data-caption=\"DIEGO ROCA, M\u00d3NICA ARGANDO\u00d1A Y ARIEL DEL GRANADO.\"  data-description=\"\">\r\n                                <img decoding=\"async\" src=\"https:\/\/www.eldiario.net\/portal\/wp-content\/uploads\/2024\/04\/Diego-Roca-Monica-Argandona-y-Ariel-Del-Granado-588x420.jpg\" srcset=\"https:\/\/www.eldiario.net\/portal\/wp-content\/uploads\/2024\/04\/Diego-Roca-Monica-Argandona-y-Ariel-Del-Granado-588x420.jpg 588w, https:\/\/www.eldiario.net\/portal\/wp-content\/uploads\/2024\/04\/Diego-Roca-Monica-Argandona-y-Ariel-Del-Granado-300x214.jpg 300w, https:\/\/www.eldiario.net\/portal\/wp-content\/uploads\/2024\/04\/Diego-Roca-Monica-Argandona-y-Ariel-Del-Granado-1024x732.jpg 1024w, https:\/\/www.eldiario.net\/portal\/wp-content\/uploads\/2024\/04\/Diego-Roca-Monica-Argandona-y-Ariel-Del-Granado-768x549.jpg 768w, https:\/\/www.eldiario.net\/portal\/wp-content\/uploads\/2024\/04\/Diego-Roca-Monica-Argandona-y-Ariel-Del-Granado-1536x1097.jpg 1536w, https:\/\/www.eldiario.net\/portal\/wp-content\/uploads\/2024\/04\/Diego-Roca-Monica-Argandona-y-Ariel-Del-Granado-696x497.jpg 696w, https:\/\/www.eldiario.net\/portal\/wp-content\/uploads\/2024\/04\/Diego-Roca-Monica-Argandona-y-Ariel-Del-Granado-1068x763.jpg 1068w, https:\/\/www.eldiario.net\/portal\/wp-content\/uploads\/2024\/04\/Diego-Roca-Monica-Argandona-y-Ariel-Del-Granado-1920x1372.jpg 1920w, https:\/\/www.eldiario.net\/portal\/wp-content\/uploads\/2024\/04\/Diego-Roca-Monica-Argandona-y-Ariel-Del-Granado.jpg 2048w\" sizes=\"(max-width: 588px) 100vw, 588px\" alt=\"\">\r\n                            <\/a>\r\n                            <figcaption class = \"td-slide-caption td-gallery-slide-content\"><div class = \"td-gallery-slide-copywrite\">DIEGO ROCA, M\u00d3NICA ARGANDO\u00d1A Y ARIEL DEL GRANADO.<\/div><\/figcaption>\r\n                        <\/figure>\r\n                    <\/div>\r\n                    <div class = \"td-slide-item td-item7\">\r\n                        <figure class=\"td-slide-galery-figure td-slide-popup-gallery\">\r\n                            <a class=\"slide-gallery-image-link\" href=\"https:\/\/www.eldiario.net\/portal\/wp-content\/uploads\/2024\/04\/Familia-Gutierrez-Mansilla-scaled.jpg\" title=\"Familia-Guti\u00e9rrez-Mansilla\"  data-caption=\"Familia Guti\u00e9rrez Mansilla.\"  data-description=\"\">\r\n                                <img decoding=\"async\" src=\"https:\/\/www.eldiario.net\/portal\/wp-content\/uploads\/2024\/04\/Familia-Gutierrez-Mansilla-588x420.jpg\" srcset=\"https:\/\/www.eldiario.net\/portal\/wp-content\/uploads\/2024\/04\/Familia-Gutierrez-Mansilla-588x420.jpg 588w, https:\/\/www.eldiario.net\/portal\/wp-content\/uploads\/2024\/04\/Familia-Gutierrez-Mansilla-300x214.jpg 300w, https:\/\/www.eldiario.net\/portal\/wp-content\/uploads\/2024\/04\/Familia-Gutierrez-Mansilla-1024x731.jpg 1024w, https:\/\/www.eldiario.net\/portal\/wp-content\/uploads\/2024\/04\/Familia-Gutierrez-Mansilla-768x549.jpg 768w, https:\/\/www.eldiario.net\/portal\/wp-content\/uploads\/2024\/04\/Familia-Gutierrez-Mansilla-1536x1097.jpg 1536w, https:\/\/www.eldiario.net\/portal\/wp-content\/uploads\/2024\/04\/Familia-Gutierrez-Mansilla-2048x1463.jpg 2048w, https:\/\/www.eldiario.net\/portal\/wp-content\/uploads\/2024\/04\/Familia-Gutierrez-Mansilla-696x497.jpg 696w, https:\/\/www.eldiario.net\/portal\/wp-content\/uploads\/2024\/04\/Familia-Gutierrez-Mansilla-1068x763.jpg 1068w, https:\/\/www.eldiario.net\/portal\/wp-content\/uploads\/2024\/04\/Familia-Gutierrez-Mansilla-1920x1371.jpg 1920w\" sizes=\"(max-width: 588px) 100vw, 588px\" alt=\"\">\r\n                            <\/a>\r\n                            <figcaption class = \"td-slide-caption td-gallery-slide-content\"><div class = \"td-gallery-slide-copywrite\">Familia Guti\u00e9rrez Mansilla.<\/div><\/figcaption>\r\n                        <\/figure>\r\n                    <\/div>\r\n                    <div class = \"td-slide-item td-item8\">\r\n                        <figure class=\"td-slide-galery-figure td-slide-popup-gallery\">\r\n                            <a class=\"slide-gallery-image-link\" href=\"https:\/\/www.eldiario.net\/portal\/wp-content\/uploads\/2024\/04\/Mireya-Mendez-Isabel-Mendez-y-Maria-Jose-Mendez-scaled.jpg\" title=\"Mireya-M\u00e9ndez,-Isabel-M\u00e9ndez-y-Mar\u00eda-Jos\u00e9-M\u00e9ndez\"  data-caption=\"MIREYA M\u00c9NDEZ, ISABEL M\u00c9NDEZ Y MAR\u00cdA JOS\u00c9 M\u00c9NDEZ.\"  data-description=\"\">\r\n                                <img decoding=\"async\" src=\"https:\/\/www.eldiario.net\/portal\/wp-content\/uploads\/2024\/04\/Mireya-Mendez-Isabel-Mendez-y-Maria-Jose-Mendez-588x420.jpg\" srcset=\"https:\/\/www.eldiario.net\/portal\/wp-content\/uploads\/2024\/04\/Mireya-Mendez-Isabel-Mendez-y-Maria-Jose-Mendez-588x420.jpg 588w, https:\/\/www.eldiario.net\/portal\/wp-content\/uploads\/2024\/04\/Mireya-Mendez-Isabel-Mendez-y-Maria-Jose-Mendez-300x214.jpg 300w, https:\/\/www.eldiario.net\/portal\/wp-content\/uploads\/2024\/04\/Mireya-Mendez-Isabel-Mendez-y-Maria-Jose-Mendez-1024x732.jpg 1024w, https:\/\/www.eldiario.net\/portal\/wp-content\/uploads\/2024\/04\/Mireya-Mendez-Isabel-Mendez-y-Maria-Jose-Mendez-768x549.jpg 768w, https:\/\/www.eldiario.net\/portal\/wp-content\/uploads\/2024\/04\/Mireya-Mendez-Isabel-Mendez-y-Maria-Jose-Mendez-1536x1097.jpg 1536w, https:\/\/www.eldiario.net\/portal\/wp-content\/uploads\/2024\/04\/Mireya-Mendez-Isabel-Mendez-y-Maria-Jose-Mendez-2048x1463.jpg 2048w, https:\/\/www.eldiario.net\/portal\/wp-content\/uploads\/2024\/04\/Mireya-Mendez-Isabel-Mendez-y-Maria-Jose-Mendez-696x497.jpg 696w, https:\/\/www.eldiario.net\/portal\/wp-content\/uploads\/2024\/04\/Mireya-Mendez-Isabel-Mendez-y-Maria-Jose-Mendez-1068x763.jpg 1068w, https:\/\/www.eldiario.net\/portal\/wp-content\/uploads\/2024\/04\/Mireya-Mendez-Isabel-Mendez-y-Maria-Jose-Mendez-1920x1372.jpg 1920w\" sizes=\"(max-width: 588px) 100vw, 588px\" alt=\"\">\r\n                            <\/a>\r\n                            <figcaption class = \"td-slide-caption td-gallery-slide-content\"><div class = \"td-gallery-slide-copywrite\">MIREYA M\u00c9NDEZ, ISABEL M\u00c9NDEZ Y MAR\u00cdA JOS\u00c9 M\u00c9NDEZ.<\/div><\/figcaption>\r\n                        <\/figure>\r\n                    <\/div>\r\n                    <div class = \"td-slide-item td-item9\">\r\n                        <figure class=\"td-slide-galery-figure td-slide-popup-gallery\">\r\n                            <a class=\"slide-gallery-image-link\" href=\"https:\/\/www.eldiario.net\/portal\/wp-content\/uploads\/2024\/04\/Rafcar-Motors-Salon-Paragua-scaled.jpg\" title=\"Rafcar-Motors-Sal\u00f3n-Paragu\u00e1\"  data-caption=\"RAFCAR MOTORS SAL\u00d3N PARAGU\u00c1.\"  data-description=\"\">\r\n                                <img decoding=\"async\" src=\"https:\/\/www.eldiario.net\/portal\/wp-content\/uploads\/2024\/04\/Rafcar-Motors-Salon-Paragua-588x420.jpg\" srcset=\"https:\/\/www.eldiario.net\/portal\/wp-content\/uploads\/2024\/04\/Rafcar-Motors-Salon-Paragua-588x420.jpg 588w, https:\/\/www.eldiario.net\/portal\/wp-content\/uploads\/2024\/04\/Rafcar-Motors-Salon-Paragua-300x214.jpg 300w, https:\/\/www.eldiario.net\/portal\/wp-content\/uploads\/2024\/04\/Rafcar-Motors-Salon-Paragua-1024x732.jpg 1024w, https:\/\/www.eldiario.net\/portal\/wp-content\/uploads\/2024\/04\/Rafcar-Motors-Salon-Paragua-768x549.jpg 768w, https:\/\/www.eldiario.net\/portal\/wp-content\/uploads\/2024\/04\/Rafcar-Motors-Salon-Paragua-1536x1097.jpg 1536w, https:\/\/www.eldiario.net\/portal\/wp-content\/uploads\/2024\/04\/Rafcar-Motors-Salon-Paragua-2048x1463.jpg 2048w, https:\/\/www.eldiario.net\/portal\/wp-content\/uploads\/2024\/04\/Rafcar-Motors-Salon-Paragua-696x497.jpg 696w, https:\/\/www.eldiario.net\/portal\/wp-content\/uploads\/2024\/04\/Rafcar-Motors-Salon-Paragua-1068x763.jpg 1068w, https:\/\/www.eldiario.net\/portal\/wp-content\/uploads\/2024\/04\/Rafcar-Motors-Salon-Paragua-1920x1372.jpg 1920w\" sizes=\"(max-width: 588px) 100vw, 588px\" alt=\"\">\r\n                            <\/a>\r\n                            <figcaption class = \"td-slide-caption td-gallery-slide-content\"><div class = \"td-gallery-slide-copywrite\">RAFCAR MOTORS SAL\u00d3N PARAGU\u00c1.<\/div><\/figcaption>\r\n                        <\/figure>\r\n                    <\/div>\r\n                    <div class = \"td-slide-item td-item10\">\r\n                        <figure class=\"td-slide-galery-figure td-slide-popup-gallery\">\r\n                            <a class=\"slide-gallery-image-link\" href=\"https:\/\/www.eldiario.net\/portal\/wp-content\/uploads\/2024\/04\/Ramiro-Macagno-Luis-Yanez-Stephen-De-Castro-gerente-regional-Imcruz-Center-Jose-Rodriguez-Javier-Jimenez-y-Julio-Seguel-scaled.jpg\" title=\"Ramiro-Macagno,-Luis-Ya\u00f1ez,-Stephen-De-Castro,-gerente-regional-Imcruz-Center,-Jos\u00e9-Rodr\u00edguez,-Javier-Jim\u00e9nez-y-Julio--Seguel\"  data-caption=\"RAMIRO MACAGNO, LUIS YA\u00d1EZ, STEPHEN DE CASTRO, GERENTE REGIONAL IMCRUZ CENTER; JOS\u00c9 RODR\u00cdGUEZ, JAVIER JIM\u00c9NEZ Y JULIO  SEGUEL.\"  data-description=\"\">\r\n                                <img decoding=\"async\" src=\"https:\/\/www.eldiario.net\/portal\/wp-content\/uploads\/2024\/04\/Ramiro-Macagno-Luis-Yanez-Stephen-De-Castro-gerente-regional-Imcruz-Center-Jose-Rodriguez-Javier-Jimenez-y-Julio-Seguel-588x420.jpg\" srcset=\"https:\/\/www.eldiario.net\/portal\/wp-content\/uploads\/2024\/04\/Ramiro-Macagno-Luis-Yanez-Stephen-De-Castro-gerente-regional-Imcruz-Center-Jose-Rodriguez-Javier-Jimenez-y-Julio-Seguel-588x420.jpg 588w, https:\/\/www.eldiario.net\/portal\/wp-content\/uploads\/2024\/04\/Ramiro-Macagno-Luis-Yanez-Stephen-De-Castro-gerente-regional-Imcruz-Center-Jose-Rodriguez-Javier-Jimenez-y-Julio-Seguel-300x214.jpg 300w, https:\/\/www.eldiario.net\/portal\/wp-content\/uploads\/2024\/04\/Ramiro-Macagno-Luis-Yanez-Stephen-De-Castro-gerente-regional-Imcruz-Center-Jose-Rodriguez-Javier-Jimenez-y-Julio-Seguel-1024x732.jpg 1024w, https:\/\/www.eldiario.net\/portal\/wp-content\/uploads\/2024\/04\/Ramiro-Macagno-Luis-Yanez-Stephen-De-Castro-gerente-regional-Imcruz-Center-Jose-Rodriguez-Javier-Jimenez-y-Julio-Seguel-768x549.jpg 768w, https:\/\/www.eldiario.net\/portal\/wp-content\/uploads\/2024\/04\/Ramiro-Macagno-Luis-Yanez-Stephen-De-Castro-gerente-regional-Imcruz-Center-Jose-Rodriguez-Javier-Jimenez-y-Julio-Seguel-1536x1098.jpg 1536w, https:\/\/www.eldiario.net\/portal\/wp-content\/uploads\/2024\/04\/Ramiro-Macagno-Luis-Yanez-Stephen-De-Castro-gerente-regional-Imcruz-Center-Jose-Rodriguez-Javier-Jimenez-y-Julio-Seguel-2048x1464.jpg 2048w, https:\/\/www.eldiario.net\/portal\/wp-content\/uploads\/2024\/04\/Ramiro-Macagno-Luis-Yanez-Stephen-De-Castro-gerente-regional-Imcruz-Center-Jose-Rodriguez-Javier-Jimenez-y-Julio-Seguel-696x497.jpg 696w, https:\/\/www.eldiario.net\/portal\/wp-content\/uploads\/2024\/04\/Ramiro-Macagno-Luis-Yanez-Stephen-De-Castro-gerente-regional-Imcruz-Center-Jose-Rodriguez-Javier-Jimenez-y-Julio-Seguel-1068x763.jpg 1068w, https:\/\/www.eldiario.net\/portal\/wp-content\/uploads\/2024\/04\/Ramiro-Macagno-Luis-Yanez-Stephen-De-Castro-gerente-regional-Imcruz-Center-Jose-Rodriguez-Javier-Jimenez-y-Julio-Seguel-1920x1372.jpg 1920w\" sizes=\"(max-width: 588px) 100vw, 588px\" alt=\"\">\r\n                            <\/a>\r\n                            <figcaption class = \"td-slide-caption td-gallery-slide-content\"><div class = \"td-gallery-slide-copywrite\">RAMIRO MACAGNO, LUIS YA\u00d1EZ, STEPHEN DE CASTRO, GERENTE REGIONAL IMCRUZ CENTER; JOS\u00c9 RODR\u00cdGUEZ, JAVIER JIM\u00c9NEZ Y JULIO  SEGUEL.<\/div><\/figcaption>\r\n                        <\/figure>\r\n                    <\/div>\r\n                    <div class = \"td-slide-item td-item11\">\r\n                        <figure class=\"td-slide-galery-figure td-slide-popup-gallery\">\r\n                            <a class=\"slide-gallery-image-link\" href=\"https:\/\/www.eldiario.net\/portal\/wp-content\/uploads\/2024\/04\/Silvia-Antezana-Veronica-Schutt-Andres-Gutierrez-Maria-Ines-Carrasco-y-Michelle-Noriega-scaled.jpg\" title=\"Silvia-Antezana,-Ver\u00f3nica-Sch\u00fctt,-Andr\u00e9s-Guti\u00e9rrez,-Mar\u00eda-In\u00e9s-Carrasco-y-Michelle-Noriega\"  data-caption=\"SILVIA ANTEZANA, VER\u00d3NICA SCH\u00dcTT, ANDR\u00c9S GUTI\u00c9RREZ, MAR\u00cdA IN\u00c9S CARRASCO Y MICHELLE NORIEGA.\"  data-description=\"\">\r\n                                <img decoding=\"async\" src=\"https:\/\/www.eldiario.net\/portal\/wp-content\/uploads\/2024\/04\/Silvia-Antezana-Veronica-Schutt-Andres-Gutierrez-Maria-Ines-Carrasco-y-Michelle-Noriega-588x420.jpg\" srcset=\"https:\/\/www.eldiario.net\/portal\/wp-content\/uploads\/2024\/04\/Silvia-Antezana-Veronica-Schutt-Andres-Gutierrez-Maria-Ines-Carrasco-y-Michelle-Noriega-588x420.jpg 588w, https:\/\/www.eldiario.net\/portal\/wp-content\/uploads\/2024\/04\/Silvia-Antezana-Veronica-Schutt-Andres-Gutierrez-Maria-Ines-Carrasco-y-Michelle-Noriega-300x214.jpg 300w, https:\/\/www.eldiario.net\/portal\/wp-content\/uploads\/2024\/04\/Silvia-Antezana-Veronica-Schutt-Andres-Gutierrez-Maria-Ines-Carrasco-y-Michelle-Noriega-1024x732.jpg 1024w, https:\/\/www.eldiario.net\/portal\/wp-content\/uploads\/2024\/04\/Silvia-Antezana-Veronica-Schutt-Andres-Gutierrez-Maria-Ines-Carrasco-y-Michelle-Noriega-768x549.jpg 768w, https:\/\/www.eldiario.net\/portal\/wp-content\/uploads\/2024\/04\/Silvia-Antezana-Veronica-Schutt-Andres-Gutierrez-Maria-Ines-Carrasco-y-Michelle-Noriega-1536x1097.jpg 1536w, https:\/\/www.eldiario.net\/portal\/wp-content\/uploads\/2024\/04\/Silvia-Antezana-Veronica-Schutt-Andres-Gutierrez-Maria-Ines-Carrasco-y-Michelle-Noriega-2048x1463.jpg 2048w, https:\/\/www.eldiario.net\/portal\/wp-content\/uploads\/2024\/04\/Silvia-Antezana-Veronica-Schutt-Andres-Gutierrez-Maria-Ines-Carrasco-y-Michelle-Noriega-696x497.jpg 696w, https:\/\/www.eldiario.net\/portal\/wp-content\/uploads\/2024\/04\/Silvia-Antezana-Veronica-Schutt-Andres-Gutierrez-Maria-Ines-Carrasco-y-Michelle-Noriega-1068x763.jpg 1068w, https:\/\/www.eldiario.net\/portal\/wp-content\/uploads\/2024\/04\/Silvia-Antezana-Veronica-Schutt-Andres-Gutierrez-Maria-Ines-Carrasco-y-Michelle-Noriega-1920x1372.jpg 1920w\" sizes=\"(max-width: 588px) 100vw, 588px\" alt=\"\">\r\n                            <\/a>\r\n                            <figcaption class = \"td-slide-caption td-gallery-slide-content\"><div class = \"td-gallery-slide-copywrite\">SILVIA ANTEZANA, VER\u00d3NICA SCH\u00dcTT, ANDR\u00c9S GUTI\u00c9RREZ, MAR\u00cdA IN\u00c9S CARRASCO Y MICHELLE NORIEGA.<\/div><\/figcaption>\r\n                        <\/figure>\r\n                    <\/div>\r\n                            <\/div>\r\n                        <\/div>\r\n\r\n                        <div class = \"td-doubleSlider-2\">\r\n                            <div class = \"td-slider\">\r\n                                \r\n                    <div class = \"td-button td-item1\">\r\n                        <div class = \"td-border\"><\/div>\r\n                    <\/div>\r\n                    <div class = \"td-button td-item2\">\r\n                        <div class = \"td-border\"><\/div>\r\n                    <\/div>\r\n                    <div class = \"td-button td-item3\">\r\n                        <div class = \"td-border\"><\/div>\r\n                    <\/div>\r\n                    <div class = \"td-button td-item4\">\r\n                        <div class = \"td-border\"><\/div>\r\n                    <\/div>\r\n                    <div class = \"td-button td-item5\">\r\n                        <div class = \"td-border\"><\/div>\r\n                    <\/div>\r\n                    <div class = \"td-button td-item6\">\r\n                        <div class = \"td-border\"><\/div>\r\n                    <\/div>\r\n                    <div class = \"td-button td-item7\">\r\n                        <div class = \"td-border\"><\/div>\r\n                    <\/div>\r\n                    <div class = \"td-button td-item8\">\r\n                        <div class = \"td-border\"><\/div>\r\n                    <\/div>\r\n                    <div class = \"td-button td-item9\">\r\n                        <div class = \"td-border\"><\/div>\r\n                    <\/div>\r\n                    <div class = \"td-button td-item10\">\r\n                        <div class = \"td-border\"><\/div>\r\n                    <\/div>\r\n                    <div class = \"td-button td-item11\">\r\n                        <div class = \"td-border\"><\/div>\r\n                    <\/div>\r\n                            <\/div>\r\n                        <\/div>\r\n\r\n                    <\/div>\r\n\r\n                <\/div>\r\n                \n","protected":false},"excerpt":{"rendered":"<p>Rafcar Motors, el primer concesionario de Imcruz Center en Santa Cruz, se expande hacia la zona noreste de la capital cruce\u00f1a e inaugura su tercer sal\u00f3n de exposici\u00f3n ubicado sobre el segundo anillo, casi esquina Av. Paragu\u00e1. El emprendimiento del empresario Andr\u00e9s Guti\u00e9rrez Mansilla, requiri\u00f3 una inversi\u00f3n superior a los $us. 500.000 en el equipamiento [&hellip;]<\/p>\n","protected":false},"author":1,"featured_media":214897,"comment_status":"open","ping_status":"open","sticky":false,"template":"","format":"standard","meta":{"_acf_changed":false,"footnotes":""},"categories":[40],"tags":[],"class_list":["post-214893","post","type-post","status-publish","format-standard","has-post-thumbnail","category-sociales"],"acf":{"antetitulo":""},"yoast_head":"<!-- This site is optimized with the Yoast SEO plugin v28.3 - https:\/\/yoast.com\/product\/yoast-seo-wordpress\/ -->\n<title>Rafcar se expande al noreste de Santa Cruz - El Diario - Bolivia<\/title>\n<meta name=\"robots\" content=\"index, follow, max-snippet:-1, max-image-preview:large, max-video-preview:-1\" \/>\n<link rel=\"canonical\" href=\"https:\/\/www.eldiario.net\/portal\/2024\/04\/17\/rafcar-se-expande-al-noreste-de-santa-cruz\/\" \/>\n<meta property=\"og:locale\" content=\"es_ES\" \/>\n<meta property=\"og:type\" content=\"article\" \/>\n<meta property=\"og:title\" content=\"Rafcar se expande al noreste de Santa Cruz - El Diario - Bolivia\" \/>\n<meta property=\"og:description\" content=\"Rafcar Motors, el primer concesionario de Imcruz Center en Santa Cruz, se expande hacia la zona noreste de la capital cruce\u00f1a e inaugura su tercer sal\u00f3n de exposici\u00f3n ubicado sobre el segundo anillo, casi esquina Av. Paragu\u00e1. El emprendimiento del empresario Andr\u00e9s Guti\u00e9rrez Mansilla, requiri\u00f3 una inversi\u00f3n superior a los $us. 500.000 en el equipamiento [&hellip;]\" \/>\n<meta property=\"og:url\" content=\"https:\/\/www.eldiario.net\/portal\/2024\/04\/17\/rafcar-se-expande-al-noreste-de-santa-cruz\/\" \/>\n<meta property=\"og:site_name\" content=\"El Diario - Bolivia\" \/>\n<meta property=\"article:publisher\" content=\"https:\/\/www.facebook.com\/eldiario.bolivia\/\" \/>\n<meta property=\"article:published_time\" content=\"2024-04-17T11:27:09+00:00\" \/>\n<meta property=\"og:image\" content=\"https:\/\/www.eldiario.net\/portal\/wp-content\/uploads\/2024\/04\/Ana-Fabia-Cassis-Alexia-Viruez-Andres-Gutierrez-gerente-general-Rafcar-Motors-Matias-Andreani-gerente-general-Imcruz-Center-y-Fernanda-Gala.jpg\" \/>\n\t<meta property=\"og:image:width\" content=\"2227\" \/>\n\t<meta property=\"og:image:height\" content=\"1590\" \/>\n\t<meta property=\"og:image:type\" content=\"image\/jpeg\" \/>\n<meta name=\"author\" content=\"Jeanette\" \/>\n<meta name=\"twitter:card\" content=\"summary_large_image\" \/>\n<meta name=\"twitter:creator\" content=\"@eldiario_net\" \/>\n<meta name=\"twitter:site\" content=\"@eldiario_net\" \/>\n<meta name=\"twitter:label1\" content=\"Escrito por\" \/>\n\t<meta name=\"twitter:data1\" content=\"Jeanette\" \/>\n\t<meta name=\"twitter:label2\" content=\"Tiempo de lectura\" \/>\n\t<meta name=\"twitter:data2\" content=\"2 minutos\" \/>\n<script type=\"application\/ld+json\" class=\"yoast-schema-graph\">{\"@context\":\"https:\\\/\\\/schema.org\",\"@graph\":[{\"@type\":\"Article\",\"@id\":\"https:\\\/\\\/www.eldiario.net\\\/portal\\\/2024\\\/04\\\/17\\\/rafcar-se-expande-al-noreste-de-santa-cruz\\\/#article\",\"isPartOf\":{\"@id\":\"https:\\\/\\\/www.eldiario.net\\\/portal\\\/2024\\\/04\\\/17\\\/rafcar-se-expande-al-noreste-de-santa-cruz\\\/\"},\"author\":{\"name\":\"Jeanette\",\"@id\":\"https:\\\/\\\/www.eldiario.net\\\/portal\\\/#\\\/schema\\\/person\\\/f46445640444750d7d753ccd04ae01b7\"},\"headline\":\"Rafcar se expande al noreste de Santa Cruz\",\"datePublished\":\"2024-04-17T11:27:09+00:00\",\"mainEntityOfPage\":{\"@id\":\"https:\\\/\\\/www.eldiario.net\\\/portal\\\/2024\\\/04\\\/17\\\/rafcar-se-expande-al-noreste-de-santa-cruz\\\/\"},\"wordCount\":277,\"commentCount\":0,\"publisher\":{\"@id\":\"https:\\\/\\\/www.eldiario.net\\\/portal\\\/#organization\"},\"image\":{\"@id\":\"https:\\\/\\\/www.eldiario.net\\\/portal\\\/2024\\\/04\\\/17\\\/rafcar-se-expande-al-noreste-de-santa-cruz\\\/#primaryimage\"},\"thumbnailUrl\":\"https:\\\/\\\/www.eldiario.net\\\/portal\\\/wp-content\\\/uploads\\\/2024\\\/04\\\/Ana-Fabia-Cassis-Alexia-Viruez-Andres-Gutierrez-gerente-general-Rafcar-Motors-Matias-Andreani-gerente-general-Imcruz-Center-y-Fernanda-Gala.jpg\",\"articleSection\":[\"Sociales\"],\"inLanguage\":\"es\",\"potentialAction\":[{\"@type\":\"CommentAction\",\"name\":\"Comment\",\"target\":[\"https:\\\/\\\/www.eldiario.net\\\/portal\\\/2024\\\/04\\\/17\\\/rafcar-se-expande-al-noreste-de-santa-cruz\\\/#respond\"]}]},{\"@type\":\"WebPage\",\"@id\":\"https:\\\/\\\/www.eldiario.net\\\/portal\\\/2024\\\/04\\\/17\\\/rafcar-se-expande-al-noreste-de-santa-cruz\\\/\",\"url\":\"https:\\\/\\\/www.eldiario.net\\\/portal\\\/2024\\\/04\\\/17\\\/rafcar-se-expande-al-noreste-de-santa-cruz\\\/\",\"name\":\"Rafcar se expande al noreste de Santa Cruz - El Diario - Bolivia\",\"isPartOf\":{\"@id\":\"https:\\\/\\\/www.eldiario.net\\\/portal\\\/#website\"},\"primaryImageOfPage\":{\"@id\":\"https:\\\/\\\/www.eldiario.net\\\/portal\\\/2024\\\/04\\\/17\\\/rafcar-se-expande-al-noreste-de-santa-cruz\\\/#primaryimage\"},\"image\":{\"@id\":\"https:\\\/\\\/www.eldiario.net\\\/portal\\\/2024\\\/04\\\/17\\\/rafcar-se-expande-al-noreste-de-santa-cruz\\\/#primaryimage\"},\"thumbnailUrl\":\"https:\\\/\\\/www.eldiario.net\\\/portal\\\/wp-content\\\/uploads\\\/2024\\\/04\\\/Ana-Fabia-Cassis-Alexia-Viruez-Andres-Gutierrez-gerente-general-Rafcar-Motors-Matias-Andreani-gerente-general-Imcruz-Center-y-Fernanda-Gala.jpg\",\"datePublished\":\"2024-04-17T11:27:09+00:00\",\"breadcrumb\":{\"@id\":\"https:\\\/\\\/www.eldiario.net\\\/portal\\\/2024\\\/04\\\/17\\\/rafcar-se-expande-al-noreste-de-santa-cruz\\\/#breadcrumb\"},\"inLanguage\":\"es\",\"potentialAction\":[{\"@type\":\"ReadAction\",\"target\":[\"https:\\\/\\\/www.eldiario.net\\\/portal\\\/2024\\\/04\\\/17\\\/rafcar-se-expande-al-noreste-de-santa-cruz\\\/\"]}]},{\"@type\":\"ImageObject\",\"inLanguage\":\"es\",\"@id\":\"https:\\\/\\\/www.eldiario.net\\\/portal\\\/2024\\\/04\\\/17\\\/rafcar-se-expande-al-noreste-de-santa-cruz\\\/#primaryimage\",\"url\":\"https:\\\/\\\/www.eldiario.net\\\/portal\\\/wp-content\\\/uploads\\\/2024\\\/04\\\/Ana-Fabia-Cassis-Alexia-Viruez-Andres-Gutierrez-gerente-general-Rafcar-Motors-Matias-Andreani-gerente-general-Imcruz-Center-y-Fernanda-Gala.jpg\",\"contentUrl\":\"https:\\\/\\\/www.eldiario.net\\\/portal\\\/wp-content\\\/uploads\\\/2024\\\/04\\\/Ana-Fabia-Cassis-Alexia-Viruez-Andres-Gutierrez-gerente-general-Rafcar-Motors-Matias-Andreani-gerente-general-Imcruz-Center-y-Fernanda-Gala.jpg\",\"width\":2227,\"height\":1590,\"caption\":\"ANA FABIA CASSIS, ALEXIA VIRUEZ, ANDR\u00c9S GUTI\u00c9RREZ, GERENTE GENERAL RAFCAR MOTORS; MAT\u00cdAS ANDREANI, GERENTE GENERAL IMCRUZ CENTER, Y FERNANDA GALA.\"},{\"@type\":\"BreadcrumbList\",\"@id\":\"https:\\\/\\\/www.eldiario.net\\\/portal\\\/2024\\\/04\\\/17\\\/rafcar-se-expande-al-noreste-de-santa-cruz\\\/#breadcrumb\",\"itemListElement\":[{\"@type\":\"ListItem\",\"position\":1,\"name\":\"Portada\",\"item\":\"https:\\\/\\\/www.eldiario.net\\\/portal\\\/\"},{\"@type\":\"ListItem\",\"position\":2,\"name\":\"Rafcar se expande al noreste de Santa Cruz\"}]},{\"@type\":\"WebSite\",\"@id\":\"https:\\\/\\\/www.eldiario.net\\\/portal\\\/#website\",\"url\":\"https:\\\/\\\/www.eldiario.net\\\/portal\\\/\",\"name\":\"El Diario - Decano de la prensa nacional\",\"description\":\"El Diario - Decano de la prensa nacional\",\"publisher\":{\"@id\":\"https:\\\/\\\/www.eldiario.net\\\/portal\\\/#organization\"},\"potentialAction\":[{\"@type\":\"SearchAction\",\"target\":{\"@type\":\"EntryPoint\",\"urlTemplate\":\"https:\\\/\\\/www.eldiario.net\\\/portal\\\/?s={search_term_string}\"},\"query-input\":{\"@type\":\"PropertyValueSpecification\",\"valueRequired\":true,\"valueName\":\"search_term_string\"}}],\"inLanguage\":\"es\"},{\"@type\":\"Organization\",\"@id\":\"https:\\\/\\\/www.eldiario.net\\\/portal\\\/#organization\",\"name\":\"El Diario - Decano de la prensa nacional\",\"url\":\"https:\\\/\\\/www.eldiario.net\\\/portal\\\/\",\"logo\":{\"@type\":\"ImageObject\",\"inLanguage\":\"es\",\"@id\":\"https:\\\/\\\/www.eldiario.net\\\/portal\\\/#\\\/schema\\\/logo\\\/image\\\/\",\"url\":\"https:\\\/\\\/www.eldiario.net\\\/portal\\\/wp-content\\\/uploads\\\/2023\\\/07\\\/logo_ED.jpg\",\"contentUrl\":\"https:\\\/\\\/www.eldiario.net\\\/portal\\\/wp-content\\\/uploads\\\/2023\\\/07\\\/logo_ED.jpg\",\"width\":272,\"height\":52,\"caption\":\"El Diario - Decano de la prensa nacional\"},\"image\":{\"@id\":\"https:\\\/\\\/www.eldiario.net\\\/portal\\\/#\\\/schema\\\/logo\\\/image\\\/\"},\"sameAs\":[\"https:\\\/\\\/www.facebook.com\\\/eldiario.bolivia\\\/\",\"https:\\\/\\\/x.com\\\/eldiario_net\"]},{\"@type\":\"Person\",\"@id\":\"https:\\\/\\\/www.eldiario.net\\\/portal\\\/#\\\/schema\\\/person\\\/f46445640444750d7d753ccd04ae01b7\",\"name\":\"Jeanette\",\"image\":{\"@type\":\"ImageObject\",\"inLanguage\":\"es\",\"@id\":\"https:\\\/\\\/secure.gravatar.com\\\/avatar\\\/3ea2118a5f7dad2b7138b1187a6b7ee55f160b9968b66013c3a3ef39dd7e5798?s=96&d=mm&r=g\",\"url\":\"https:\\\/\\\/secure.gravatar.com\\\/avatar\\\/3ea2118a5f7dad2b7138b1187a6b7ee55f160b9968b66013c3a3ef39dd7e5798?s=96&d=mm&r=g\",\"contentUrl\":\"https:\\\/\\\/secure.gravatar.com\\\/avatar\\\/3ea2118a5f7dad2b7138b1187a6b7ee55f160b9968b66013c3a3ef39dd7e5798?s=96&d=mm&r=g\",\"caption\":\"Jeanette\"},\"sameAs\":[\"https:\\\/\\\/www.eldiario.net\\\/portal\"],\"url\":\"https:\\\/\\\/www.eldiario.net\\\/portal\\\/author\\\/jeanette\\\/\"}]}<\/script>\n<!-- \/ Yoast SEO plugin. -->","yoast_head_json":{"title":"Rafcar se expande al noreste de Santa Cruz - El Diario - Bolivia","robots":{"index":"index","follow":"follow","max-snippet":"max-snippet:-1","max-image-preview":"max-image-preview:large","max-video-preview":"max-video-preview:-1"},"canonical":"https:\/\/www.eldiario.net\/portal\/2024\/04\/17\/rafcar-se-expande-al-noreste-de-santa-cruz\/","og_locale":"es_ES","og_type":"article","og_title":"Rafcar se expande al noreste de Santa Cruz - El Diario - Bolivia","og_description":"Rafcar Motors, el primer concesionario de Imcruz Center en Santa Cruz, se expande hacia la zona noreste de la capital cruce\u00f1a e inaugura su tercer sal\u00f3n de exposici\u00f3n ubicado sobre el segundo anillo, casi esquina Av. Paragu\u00e1. El emprendimiento del empresario Andr\u00e9s Guti\u00e9rrez Mansilla, requiri\u00f3 una inversi\u00f3n superior a los $us. 500.000 en el equipamiento [&hellip;]","og_url":"https:\/\/www.eldiario.net\/portal\/2024\/04\/17\/rafcar-se-expande-al-noreste-de-santa-cruz\/","og_site_name":"El Diario - Bolivia","article_publisher":"https:\/\/www.facebook.com\/eldiario.bolivia\/","article_published_time":"2024-04-17T11:27:09+00:00","og_image":[{"width":2227,"height":1590,"url":"https:\/\/www.eldiario.net\/portal\/wp-content\/uploads\/2024\/04\/Ana-Fabia-Cassis-Alexia-Viruez-Andres-Gutierrez-gerente-general-Rafcar-Motors-Matias-Andreani-gerente-general-Imcruz-Center-y-Fernanda-Gala.jpg","type":"image\/jpeg"}],"author":"Jeanette","twitter_card":"summary_large_image","twitter_creator":"@eldiario_net","twitter_site":"@eldiario_net","twitter_misc":{"Escrito por":"Jeanette","Tiempo de lectura":"2 minutos"},"schema":{"@context":"https:\/\/schema.org","@graph":[{"@type":"Article","@id":"https:\/\/www.eldiario.net\/portal\/2024\/04\/17\/rafcar-se-expande-al-noreste-de-santa-cruz\/#article","isPartOf":{"@id":"https:\/\/www.eldiario.net\/portal\/2024\/04\/17\/rafcar-se-expande-al-noreste-de-santa-cruz\/"},"author":{"name":"Jeanette","@id":"https:\/\/www.eldiario.net\/portal\/#\/schema\/person\/f46445640444750d7d753ccd04ae01b7"},"headline":"Rafcar se expande al noreste de Santa Cruz","datePublished":"2024-04-17T11:27:09+00:00","mainEntityOfPage":{"@id":"https:\/\/www.eldiario.net\/portal\/2024\/04\/17\/rafcar-se-expande-al-noreste-de-santa-cruz\/"},"wordCount":277,"commentCount":0,"publisher":{"@id":"https:\/\/www.eldiario.net\/portal\/#organization"},"image":{"@id":"https:\/\/www.eldiario.net\/portal\/2024\/04\/17\/rafcar-se-expande-al-noreste-de-santa-cruz\/#primaryimage"},"thumbnailUrl":"https:\/\/www.eldiario.net\/portal\/wp-content\/uploads\/2024\/04\/Ana-Fabia-Cassis-Alexia-Viruez-Andres-Gutierrez-gerente-general-Rafcar-Motors-Matias-Andreani-gerente-general-Imcruz-Center-y-Fernanda-Gala.jpg","articleSection":["Sociales"],"inLanguage":"es","potentialAction":[{"@type":"CommentAction","name":"Comment","target":["https:\/\/www.eldiario.net\/portal\/2024\/04\/17\/rafcar-se-expande-al-noreste-de-santa-cruz\/#respond"]}]},{"@type":"WebPage","@id":"https:\/\/www.eldiario.net\/portal\/2024\/04\/17\/rafcar-se-expande-al-noreste-de-santa-cruz\/","url":"https:\/\/www.eldiario.net\/portal\/2024\/04\/17\/rafcar-se-expande-al-noreste-de-santa-cruz\/","name":"Rafcar se expande al noreste de Santa Cruz - El Diario - Bolivia","isPartOf":{"@id":"https:\/\/www.eldiario.net\/portal\/#website"},"primaryImageOfPage":{"@id":"https:\/\/www.eldiario.net\/portal\/2024\/04\/17\/rafcar-se-expande-al-noreste-de-santa-cruz\/#primaryimage"},"image":{"@id":"https:\/\/www.eldiario.net\/portal\/2024\/04\/17\/rafcar-se-expande-al-noreste-de-santa-cruz\/#primaryimage"},"thumbnailUrl":"https:\/\/www.eldiario.net\/portal\/wp-content\/uploads\/2024\/04\/Ana-Fabia-Cassis-Alexia-Viruez-Andres-Gutierrez-gerente-general-Rafcar-Motors-Matias-Andreani-gerente-general-Imcruz-Center-y-Fernanda-Gala.jpg","datePublished":"2024-04-17T11:27:09+00:00","breadcrumb":{"@id":"https:\/\/www.eldiario.net\/portal\/2024\/04\/17\/rafcar-se-expande-al-noreste-de-santa-cruz\/#breadcrumb"},"inLanguage":"es","potentialAction":[{"@type":"ReadAction","target":["https:\/\/www.eldiario.net\/portal\/2024\/04\/17\/rafcar-se-expande-al-noreste-de-santa-cruz\/"]}]},{"@type":"ImageObject","inLanguage":"es","@id":"https:\/\/www.eldiario.net\/portal\/2024\/04\/17\/rafcar-se-expande-al-noreste-de-santa-cruz\/#primaryimage","url":"https:\/\/www.eldiario.net\/portal\/wp-content\/uploads\/2024\/04\/Ana-Fabia-Cassis-Alexia-Viruez-Andres-Gutierrez-gerente-general-Rafcar-Motors-Matias-Andreani-gerente-general-Imcruz-Center-y-Fernanda-Gala.jpg","contentUrl":"https:\/\/www.eldiario.net\/portal\/wp-content\/uploads\/2024\/04\/Ana-Fabia-Cassis-Alexia-Viruez-Andres-Gutierrez-gerente-general-Rafcar-Motors-Matias-Andreani-gerente-general-Imcruz-Center-y-Fernanda-Gala.jpg","width":2227,"height":1590,"caption":"ANA FABIA CASSIS, ALEXIA VIRUEZ, ANDR\u00c9S GUTI\u00c9RREZ, GERENTE GENERAL RAFCAR MOTORS; MAT\u00cdAS ANDREANI, GERENTE GENERAL IMCRUZ CENTER, Y FERNANDA GALA."},{"@type":"BreadcrumbList","@id":"https:\/\/www.eldiario.net\/portal\/2024\/04\/17\/rafcar-se-expande-al-noreste-de-santa-cruz\/#breadcrumb","itemListElement":[{"@type":"ListItem","position":1,"name":"Portada","item":"https:\/\/www.eldiario.net\/portal\/"},{"@type":"ListItem","position":2,"name":"Rafcar se expande al noreste de Santa Cruz"}]},{"@type":"WebSite","@id":"https:\/\/www.eldiario.net\/portal\/#website","url":"https:\/\/www.eldiario.net\/portal\/","name":"El Diario - Decano de la prensa nacional","description":"El Diario - Decano de la prensa nacional","publisher":{"@id":"https:\/\/www.eldiario.net\/portal\/#organization"},"potentialAction":[{"@type":"SearchAction","target":{"@type":"EntryPoint","urlTemplate":"https:\/\/www.eldiario.net\/portal\/?s={search_term_string}"},"query-input":{"@type":"PropertyValueSpecification","valueRequired":true,"valueName":"search_term_string"}}],"inLanguage":"es"},{"@type":"Organization","@id":"https:\/\/www.eldiario.net\/portal\/#organization","name":"El Diario - Decano de la prensa nacional","url":"https:\/\/www.eldiario.net\/portal\/","logo":{"@type":"ImageObject","inLanguage":"es","@id":"https:\/\/www.eldiario.net\/portal\/#\/schema\/logo\/image\/","url":"https:\/\/www.eldiario.net\/portal\/wp-content\/uploads\/2023\/07\/logo_ED.jpg","contentUrl":"https:\/\/www.eldiario.net\/portal\/wp-content\/uploads\/2023\/07\/logo_ED.jpg","width":272,"height":52,"caption":"El Diario - Decano de la prensa nacional"},"image":{"@id":"https:\/\/www.eldiario.net\/portal\/#\/schema\/logo\/image\/"},"sameAs":["https:\/\/www.facebook.com\/eldiario.bolivia\/","https:\/\/x.com\/eldiario_net"]},{"@type":"Person","@id":"https:\/\/www.eldiario.net\/portal\/#\/schema\/person\/f46445640444750d7d753ccd04ae01b7","name":"Jeanette","image":{"@type":"ImageObject","inLanguage":"es","@id":"https:\/\/secure.gravatar.com\/avatar\/3ea2118a5f7dad2b7138b1187a6b7ee55f160b9968b66013c3a3ef39dd7e5798?s=96&d=mm&r=g","url":"https:\/\/secure.gravatar.com\/avatar\/3ea2118a5f7dad2b7138b1187a6b7ee55f160b9968b66013c3a3ef39dd7e5798?s=96&d=mm&r=g","contentUrl":"https:\/\/secure.gravatar.com\/avatar\/3ea2118a5f7dad2b7138b1187a6b7ee55f160b9968b66013c3a3ef39dd7e5798?s=96&d=mm&r=g","caption":"Jeanette"},"sameAs":["https:\/\/www.eldiario.net\/portal"],"url":"https:\/\/www.eldiario.net\/portal\/author\/jeanette\/"}]}},"_links":{"self":[{"href":"https:\/\/www.eldiario.net\/portal\/wp-json\/wp\/v2\/posts\/214893","targetHints":{"allow":["GET"]}}],"collection":[{"href":"https:\/\/www.eldiario.net\/portal\/wp-json\/wp\/v2\/posts"}],"about":[{"href":"https:\/\/www.eldiario.net\/portal\/wp-json\/wp\/v2\/types\/post"}],"author":[{"embeddable":true,"href":"https:\/\/www.eldiario.net\/portal\/wp-json\/wp\/v2\/users\/1"}],"replies":[{"embeddable":true,"href":"https:\/\/www.eldiario.net\/portal\/wp-json\/wp\/v2\/comments?post=214893"}],"version-history":[{"count":1,"href":"https:\/\/www.eldiario.net\/portal\/wp-json\/wp\/v2\/posts\/214893\/revisions"}],"predecessor-version":[{"id":214905,"href":"https:\/\/www.eldiario.net\/portal\/wp-json\/wp\/v2\/posts\/214893\/revisions\/214905"}],"wp:featuredmedia":[{"embeddable":true,"href":"https:\/\/www.eldiario.net\/portal\/wp-json\/wp\/v2\/media\/214897"}],"wp:attachment":[{"href":"https:\/\/www.eldiario.net\/portal\/wp-json\/wp\/v2\/media?parent=214893"}],"wp:term":[{"taxonomy":"category","embeddable":true,"href":"https:\/\/www.eldiario.net\/portal\/wp-json\/wp\/v2\/categories?post=214893"},{"taxonomy":"post_tag","embeddable":true,"href":"https:\/\/www.eldiario.net\/portal\/wp-json\/wp\/v2\/tags?post=214893"}],"curies":[{"name":"wp","href":"https:\/\/api.w.org\/{rel}","templated":true}]}}