{"id":214887,"date":"2024-04-17T07:21:27","date_gmt":"2024-04-17T11:21:27","guid":{"rendered":"https:\/\/www.eldiario.net\/portal\/?p=214887"},"modified":"2024-04-17T07:21:27","modified_gmt":"2024-04-17T11:21:27","slug":"yalo-cuellar-compartira-dos-noches-de-mucho-sentimiento-en-la-paz","status":"publish","type":"post","link":"https:\/\/www.eldiario.net\/portal\/2024\/04\/17\/yalo-cuellar-compartira-dos-noches-de-mucho-sentimiento-en-la-paz\/","title":{"rendered":"Yalo Cu\u00e9llar compartir\u00e1 dos noches  de mucho sentimiento en La Paz"},"content":{"rendered":"<p>Yalo Cu\u00e9llar llegar\u00e1 a La Paz para compartir dos noches de mucho sentimiento este 19 y 20 de abril, a partir de las 20:00 horas, en el patio del Hotel Torino, ubicado en la calle Socabaya, a media cuadra de la plaza Murillo.<\/p>\n<p>En ambas veladas, el destacado cantautor boliviano rendir\u00e1 homenaje a la tierra que lo vio nacer, Tarija, que el 15 de abril record\u00f3 uno a\u00f1o m\u00e1s de su grito libertario. Pero eso no es todo. Yalo no solo interpretar\u00e1 canciones dedicadas a la chura Tarija, sino tambi\u00e9n los temas cl\u00e1sicos de su rico repertorio. Lo dijo en la entrevista que le hizo La Gu\u00eda del peri\u00f3dico EL DIARIO.<\/p>\n<p><strong>LG: \u00bfQu\u00e9 significa para ti cantarle a la tierra que te vio nacer?<\/strong><\/p>\n<p>YC: Para m\u00ed es importante difundir las costumbres, personajes, carencias y logros de mi tierra. Hay muchas urgencias que denunciar tambi\u00e9n. Entonces, es como que sientes un escozor en las venas y ganas de cantar con felicidad y agradecimiento. Tarija me provoca siempre un buen presentimiento.<\/p>\n<p><strong>LG: \u00bfQu\u00e9 es lo que m\u00e1s destacas de Tarija?<\/strong><\/p>\n<p>YC: El sentido del humor, que logra influir en la gente. La capacidad de re\u00edrse de s\u00ed mismo, es una virtud del tarije\u00f1o que no se ve en otras sociedades. Tambi\u00e9n est\u00e1n los vinos. (Y) abordando otros temas menos esenciales, la gastronom\u00eda, en fin, hay muchos pretextos muy buenos para conocer esa tierra.<\/p>\n<p><strong>LG: \u00bfC\u00f3mo ser\u00e1n los conciertos en La Paz el viernes 19 y el s\u00e1bado 20 de abril?<\/strong><\/p>\n<p>YC: Los encuentros de este estilo son muy diferentes, porque es un pimponeo sentimental que uno agradece con canciones. Hay una parte importante dedicada a Tarija y despu\u00e9s tendremos tambi\u00e9n los temas cl\u00e1sicos de nuestro repertorio. Todo se amolda de acuerdo con el requerimiento del coraz\u00f3n.<\/p>\n<p><strong>LG: Musicalmente, \u00bfc\u00f3mo llega Yalo Cu\u00e9llar a estas presentaciones?<\/strong><\/p>\n<p>YC: Llegamos con el impulso de mucho tiempo de extra\u00f1ar. Estaremos con Matheo Cu\u00e9llar en la percusi\u00f3n, Paolo Farf\u00e1n en el viol\u00edn, \u00c1lvaro Zamora en la guitarra, Ademar Villaz\u00f3n en la guitarra, Gustavo P\u00e9rez en el bajo. Ello son mis compa\u00f1eros de escenario, ah\u00ed pongo mi voz y mi guitarra.<\/p>\n<p><strong>LG: \u00bfQu\u00e9 canciones escuchar\u00e1 el p\u00fablico pace\u00f1o?<\/strong><\/p>\n<p>YC: Puedo enumerar unas cuantas, empezando por \u201cCoplas para la pascua\u201d, \u201cChacarera pace\u00f1a\u201d, \u201cFray quebracho\u201d, \u201cMuchacha de risa loca\u201d, \u201cChacarera del pago\u201d (y) \u201cEl viol\u00edn del cuchi\u201d. Despu\u00e9s hay nuevas, como \u201cRumba lenta\u201d, \u201cEntre suspiros\u201d, \u201cEscarcha y arena\u201d, etc.<\/p>\n<p><strong>LG: \u00bfCu\u00e1ntos a\u00f1os llevas cantando?<\/strong><\/p>\n<p>YC: Este 2024 cumplo 38 a\u00f1os de actividad, interrumpida solo por la pandemia. Doy gracias a Dios por haberme puesto en las radios y que la gente pueda escuchar mi propuesta. Agradezco a toda mi gente por el aguante de estos a\u00f1os, son varias generaciones.<\/p>\n<p><strong>LG: \u00bfQu\u00e9 fue lo mejor?<\/strong><\/p>\n<p>YC: Lo mejor absolutamente es el cari\u00f1o de la gente, adem\u00e1s de conocer el pa\u00eds entero y muchos otros pa\u00edses tambi\u00e9n. Es una forma de vida que me hizo ver la esperanza y el camino hacia el destino final de una manera diferente.<\/p>\n<p><strong>LG: \u00bfQu\u00e9 qued\u00f3 pendiente?<\/strong><\/p>\n<p>YC: Seguro que algunas cosas no bien logradas, por ejemplo, grabar m\u00e1s discos. En eso estamos, tratando de subsanar esta situaci\u00f3n que, a veces, se torna compleja y el ajetreo te arrastra y distrae.<\/p>\n<p><strong>LG: \u00bfCu\u00e1les son las canciones que marcaron tu vida art\u00edstica?<\/strong><\/p>\n<p>YC: \u201cFray quebracho\u201d, \u201cL\u00e1grimas del Pilcomayo\u201d, \u201cEl viol\u00edn del cuchi\u201d y \u201cChacarera del pago\u201d. Creo que son las canciones que m\u00e1s me apoyaron. Me atrever\u00eda a decir que no son canciones de amor simple, son historias que la gente las guarda con mucho cari\u00f1o.<\/p>\n<p><strong>LG: Luego de estos conciertos en La Paz, \u00bfqu\u00e9 planes tienes?, \u00bfotras presentaciones?, \u00bfnuevo disco?<\/strong><\/p>\n<p>YC: Estamos con las presentaciones habituales en los lugares donde el pa\u00eds nos convoque. Estamos grabando tambi\u00e9n. Por ejemplo: Yo no conoc\u00eda que el pozo petrolero n\u00famero 02, ubicado en Bermejo, fue el primero que nos dio petr\u00f3leo. El 25 de junio se cumplen 100 a\u00f1os de este importante suceso. Hicimos una canci\u00f3n para este efecto y la cantaremos en el lugar mismo en junio.<\/p>\n<p><strong>LG: Ahora, \u00bfqu\u00e9 le prometes al p\u00fablico pace\u00f1o?<\/strong><\/p>\n<p>YC: Solo puedo prometer, al margen del cari\u00f1o eterno, una entrega total con el ritmo de mis canciones. (Informaciones y reservas en el n\u00famero de celular 71259595).<\/p>\n<p><strong>LG: \u00bfDeseas agregar algo? <\/strong><\/p>\n<p>YC: Quisiera ver en el pueblo boliviano un cambio de actitud, es tiempo para que nos valoremos m\u00e1s, que tengamos la posibilidad de mantener la estabilidad econ\u00f3mica, social y, por lo tanto, el equilibrio familiar.<\/p>\n<p><strong>ALGO M\u00c1S DEL ARTISTA<\/strong><\/p>\n<p>Yalo Cu\u00e9llar naci\u00f3 en Yacuiba, Tarija. Es uno de los m\u00e1s prol\u00edficos cantautores nacionales. Las fuentes de inspiraci\u00f3n de sus hermosas canciones son las historias, las ficciones y las cosas de la realidad.<\/p>\n<p>\u201cMe gusta cantar contando o contar cantando. La gente y la cotidianidad son lo que de alguna manera me dan el pretexto para tener la base de un texto y ponerle alguna m\u00fasica para completar el estado de \u00e1nimo, porque las canciones son eso, un estado de \u00e1nimo\u201d, expres\u00f3.<\/p>\n\r\n                <style type=\"text\/css\">\r\n                    \r\n                    #tdi_1  .td-doubleSlider-2 .td-item1 {\r\n                        background: url(https:\/\/www.eldiario.net\/portal\/wp-content\/uploads\/2024\/04\/yalo-1PRINCIPAL-80x60.jpg) 0 0 no-repeat;\r\n                    }\r\n                    #tdi_1  .td-doubleSlider-2 .td-item2 {\r\n                        background: url(https:\/\/www.eldiario.net\/portal\/wp-content\/uploads\/2024\/04\/yalo-2--80x60.jpg) 0 0 no-repeat;\r\n                    }\r\n                    #tdi_1  .td-doubleSlider-2 .td-item3 {\r\n                        background: url(https:\/\/www.eldiario.net\/portal\/wp-content\/uploads\/2024\/04\/yalo-3--80x60.jpg) 0 0 no-repeat;\r\n                    }\r\n                    #tdi_1  .td-doubleSlider-2 .td-item4 {\r\n                        background: url(https:\/\/www.eldiario.net\/portal\/wp-content\/uploads\/2024\/04\/yalo-4--80x60.jpg) 0 0 no-repeat;\r\n                    }\r\n                <\/style>\r\n\r\n                <div id=\"tdi_1\" class=\"td-gallery td-slide-on-2-columns\">\r\n                    <div class=\"post_td_gallery\">\r\n                        <div class=\"td-gallery-slide-top\">\r\n                           <div class=\"td-gallery-title\"><\/div>\r\n\r\n                            <div class=\"td-gallery-controls-wrapper\">\r\n                                <div class=\"td-gallery-slide-count\"><span class=\"td-gallery-slide-item-focus\">1<\/span> de 4<\/div>\r\n                                <div class=\"td-gallery-slide-prev-next-but\">\r\n                                    <i class = \"td-icon-left doubleSliderPrevButton\"><\/i>\r\n                                    <i class = \"td-icon-right doubleSliderNextButton\"><\/i>\r\n                                <\/div>\r\n                            <\/div>\r\n                        <\/div>\r\n\r\n                        <div class = \"td-doubleSlider-1 \">\r\n                            <div class = \"td-slider\">\r\n                                \r\n                    <div class = \"td-slide-item td-item1\">\r\n                        <figure class=\"td-slide-galery-figure td-slide-popup-gallery\">\r\n                            <a class=\"slide-gallery-image-link\" href=\"https:\/\/www.eldiario.net\/portal\/wp-content\/uploads\/2024\/04\/yalo-1PRINCIPAL.jpg\" title=\"yalo-1PRINCIPAL\"  data-caption=\"\"  data-description=\"\">\r\n                                <img decoding=\"async\" src=\"https:\/\/www.eldiario.net\/portal\/wp-content\/uploads\/2024\/04\/yalo-1PRINCIPAL-728x420.jpg\" srcset=\"https:\/\/www.eldiario.net\/portal\/wp-content\/uploads\/2024\/04\/yalo-1PRINCIPAL-728x420.jpg 728w, https:\/\/www.eldiario.net\/portal\/wp-content\/uploads\/2024\/04\/yalo-1PRINCIPAL-300x173.jpg 300w, https:\/\/www.eldiario.net\/portal\/wp-content\/uploads\/2024\/04\/yalo-1PRINCIPAL-1024x591.jpg 1024w, https:\/\/www.eldiario.net\/portal\/wp-content\/uploads\/2024\/04\/yalo-1PRINCIPAL-768x443.jpg 768w, https:\/\/www.eldiario.net\/portal\/wp-content\/uploads\/2024\/04\/yalo-1PRINCIPAL-696x402.jpg 696w, https:\/\/www.eldiario.net\/portal\/wp-content\/uploads\/2024\/04\/yalo-1PRINCIPAL-1068x616.jpg 1068w, https:\/\/www.eldiario.net\/portal\/wp-content\/uploads\/2024\/04\/yalo-1PRINCIPAL.jpg 1473w\" sizes=\"(max-width: 728px) 100vw, 728px\" alt=\"\">\r\n                            <\/a>\r\n                            \r\n                        <\/figure>\r\n                    <\/div>\r\n                    <div class = \"td-slide-item td-item2\">\r\n                        <figure class=\"td-slide-galery-figure td-slide-popup-gallery\">\r\n                            <a class=\"slide-gallery-image-link\" href=\"https:\/\/www.eldiario.net\/portal\/wp-content\/uploads\/2024\/04\/yalo-2-.jpg\" title=\"yalo-2-\"  data-caption=\"\"  data-description=\"\">\r\n                                <img decoding=\"async\" src=\"https:\/\/www.eldiario.net\/portal\/wp-content\/uploads\/2024\/04\/yalo-2--280x420.jpg\" srcset=\"https:\/\/www.eldiario.net\/portal\/wp-content\/uploads\/2024\/04\/yalo-2--280x420.jpg 280w, https:\/\/www.eldiario.net\/portal\/wp-content\/uploads\/2024\/04\/yalo-2--200x300.jpg 200w, https:\/\/www.eldiario.net\/portal\/wp-content\/uploads\/2024\/04\/yalo-2--683x1024.jpg 683w, https:\/\/www.eldiario.net\/portal\/wp-content\/uploads\/2024\/04\/yalo-2--768x1152.jpg 768w, https:\/\/www.eldiario.net\/portal\/wp-content\/uploads\/2024\/04\/yalo-2--1024x1536.jpg 1024w, https:\/\/www.eldiario.net\/portal\/wp-content\/uploads\/2024\/04\/yalo-2--696x1044.jpg 696w, https:\/\/www.eldiario.net\/portal\/wp-content\/uploads\/2024\/04\/yalo-2--1068x1602.jpg 1068w, https:\/\/www.eldiario.net\/portal\/wp-content\/uploads\/2024\/04\/yalo-2-.jpg 1080w\" sizes=\"(max-width: 280px) 100vw, 280px\" alt=\"\">\r\n                            <\/a>\r\n                            \r\n                        <\/figure>\r\n                    <\/div>\r\n                    <div class = \"td-slide-item td-item3\">\r\n                        <figure class=\"td-slide-galery-figure td-slide-popup-gallery\">\r\n                            <a class=\"slide-gallery-image-link\" href=\"https:\/\/www.eldiario.net\/portal\/wp-content\/uploads\/2024\/04\/yalo-3-.jpg\" title=\"yalo-3-\"  data-caption=\"\"  data-description=\"\">\r\n                                <img decoding=\"async\" src=\"https:\/\/www.eldiario.net\/portal\/wp-content\/uploads\/2024\/04\/yalo-3--747x420.jpg\" srcset=\"https:\/\/www.eldiario.net\/portal\/wp-content\/uploads\/2024\/04\/yalo-3--747x420.jpg 747w, https:\/\/www.eldiario.net\/portal\/wp-content\/uploads\/2024\/04\/yalo-3--300x169.jpg 300w, https:\/\/www.eldiario.net\/portal\/wp-content\/uploads\/2024\/04\/yalo-3--1024x576.jpg 1024w, https:\/\/www.eldiario.net\/portal\/wp-content\/uploads\/2024\/04\/yalo-3--768x432.jpg 768w, https:\/\/www.eldiario.net\/portal\/wp-content\/uploads\/2024\/04\/yalo-3--1536x864.jpg 1536w, https:\/\/www.eldiario.net\/portal\/wp-content\/uploads\/2024\/04\/yalo-3--696x392.jpg 696w, https:\/\/www.eldiario.net\/portal\/wp-content\/uploads\/2024\/04\/yalo-3--1068x601.jpg 1068w, https:\/\/www.eldiario.net\/portal\/wp-content\/uploads\/2024\/04\/yalo-3-.jpg 1600w\" sizes=\"(max-width: 747px) 100vw, 747px\" alt=\"\">\r\n                            <\/a>\r\n                            \r\n                        <\/figure>\r\n                    <\/div>\r\n                    <div class = \"td-slide-item td-item4\">\r\n                        <figure class=\"td-slide-galery-figure td-slide-popup-gallery\">\r\n                            <a class=\"slide-gallery-image-link\" href=\"https:\/\/www.eldiario.net\/portal\/wp-content\/uploads\/2024\/04\/yalo-4-.jpg\" title=\"yalo-4-\"  data-caption=\"\"  data-description=\"\">\r\n                                <img decoding=\"async\" src=\"https:\/\/www.eldiario.net\/portal\/wp-content\/uploads\/2024\/04\/yalo-4--533x420.jpg\" srcset=\"https:\/\/www.eldiario.net\/portal\/wp-content\/uploads\/2024\/04\/yalo-4--533x420.jpg 533w, https:\/\/www.eldiario.net\/portal\/wp-content\/uploads\/2024\/04\/yalo-4--300x236.jpg 300w, https:\/\/www.eldiario.net\/portal\/wp-content\/uploads\/2024\/04\/yalo-4--768x605.jpg 768w, https:\/\/www.eldiario.net\/portal\/wp-content\/uploads\/2024\/04\/yalo-4--696x548.jpg 696w, https:\/\/www.eldiario.net\/portal\/wp-content\/uploads\/2024\/04\/yalo-4-.jpg 900w\" sizes=\"(max-width: 533px) 100vw, 533px\" alt=\"\">\r\n                            <\/a>\r\n                            \r\n                        <\/figure>\r\n                    <\/div>\r\n                            <\/div>\r\n                        <\/div>\r\n\r\n                        <div class = \"td-doubleSlider-2\">\r\n                            <div class = \"td-slider\">\r\n                                \r\n                    <div class = \"td-button td-item1\">\r\n                        <div class = \"td-border\"><\/div>\r\n                    <\/div>\r\n                    <div class = \"td-button td-item2\">\r\n                        <div class = \"td-border\"><\/div>\r\n                    <\/div>\r\n                    <div class = \"td-button td-item3\">\r\n                        <div class = \"td-border\"><\/div>\r\n                    <\/div>\r\n                    <div class = \"td-button td-item4\">\r\n                        <div class = \"td-border\"><\/div>\r\n                    <\/div>\r\n                            <\/div>\r\n                        <\/div>\r\n\r\n                    <\/div>\r\n\r\n                <\/div>\r\n                \n","protected":false},"excerpt":{"rendered":"<p>Yalo Cu\u00e9llar llegar\u00e1 a La Paz para compartir dos noches de mucho sentimiento este 19 y 20 de abril, a partir de las 20:00 horas, en el patio del Hotel Torino, ubicado en la calle Socabaya, a media cuadra de la plaza Murillo. En ambas veladas, el destacado cantautor boliviano rendir\u00e1 homenaje a la tierra [&hellip;]<\/p>\n","protected":false},"author":1,"featured_media":214888,"comment_status":"open","ping_status":"open","sticky":false,"template":"","format":"standard","meta":{"_acf_changed":false,"footnotes":""},"categories":[41],"tags":[],"class_list":["post-214887","post","type-post","status-publish","format-standard","has-post-thumbnail","category-la-guia"],"acf":{"antetitulo":""},"yoast_head":"<!-- This site is optimized with the Yoast SEO plugin v28.3 - https:\/\/yoast.com\/product\/yoast-seo-wordpress\/ -->\n<title>Yalo Cu\u00e9llar compartir\u00e1 dos noches de mucho sentimiento en La Paz - El Diario - Bolivia<\/title>\n<meta name=\"robots\" content=\"index, follow, max-snippet:-1, max-image-preview:large, max-video-preview:-1\" \/>\n<link rel=\"canonical\" href=\"https:\/\/www.eldiario.net\/portal\/2024\/04\/17\/yalo-cuellar-compartira-dos-noches-de-mucho-sentimiento-en-la-paz\/\" \/>\n<meta property=\"og:locale\" content=\"es_ES\" \/>\n<meta property=\"og:type\" content=\"article\" \/>\n<meta property=\"og:title\" content=\"Yalo Cu\u00e9llar compartir\u00e1 dos noches de mucho sentimiento en La Paz - El Diario - Bolivia\" \/>\n<meta property=\"og:description\" content=\"Yalo Cu\u00e9llar llegar\u00e1 a La Paz para compartir dos noches de mucho sentimiento este 19 y 20 de abril, a partir de las 20:00 horas, en el patio del Hotel Torino, ubicado en la calle Socabaya, a media cuadra de la plaza Murillo. En ambas veladas, el destacado cantautor boliviano rendir\u00e1 homenaje a la tierra [&hellip;]\" \/>\n<meta property=\"og:url\" content=\"https:\/\/www.eldiario.net\/portal\/2024\/04\/17\/yalo-cuellar-compartira-dos-noches-de-mucho-sentimiento-en-la-paz\/\" \/>\n<meta property=\"og:site_name\" content=\"El Diario - Bolivia\" \/>\n<meta property=\"article:publisher\" content=\"https:\/\/www.facebook.com\/eldiario.bolivia\/\" \/>\n<meta property=\"article:published_time\" content=\"2024-04-17T11:21:27+00:00\" \/>\n<meta property=\"og:image\" content=\"https:\/\/www.eldiario.net\/portal\/wp-content\/uploads\/2024\/04\/yalo-1PRINCIPAL.jpg\" \/>\n\t<meta property=\"og:image:width\" content=\"1473\" \/>\n\t<meta property=\"og:image:height\" content=\"850\" \/>\n\t<meta property=\"og:image:type\" content=\"image\/jpeg\" \/>\n<meta name=\"author\" content=\"Jeanette\" \/>\n<meta name=\"twitter:card\" content=\"summary_large_image\" \/>\n<meta name=\"twitter:creator\" content=\"@eldiario_net\" \/>\n<meta name=\"twitter:site\" content=\"@eldiario_net\" \/>\n<meta name=\"twitter:label1\" content=\"Escrito por\" \/>\n\t<meta name=\"twitter:data1\" content=\"Jeanette\" \/>\n\t<meta name=\"twitter:label2\" content=\"Tiempo de lectura\" \/>\n\t<meta name=\"twitter:data2\" content=\"5 minutos\" \/>\n<script type=\"application\/ld+json\" class=\"yoast-schema-graph\">{\"@context\":\"https:\\\/\\\/schema.org\",\"@graph\":[{\"@type\":\"Article\",\"@id\":\"https:\\\/\\\/www.eldiario.net\\\/portal\\\/2024\\\/04\\\/17\\\/yalo-cuellar-compartira-dos-noches-de-mucho-sentimiento-en-la-paz\\\/#article\",\"isPartOf\":{\"@id\":\"https:\\\/\\\/www.eldiario.net\\\/portal\\\/2024\\\/04\\\/17\\\/yalo-cuellar-compartira-dos-noches-de-mucho-sentimiento-en-la-paz\\\/\"},\"author\":{\"name\":\"Jeanette\",\"@id\":\"https:\\\/\\\/www.eldiario.net\\\/portal\\\/#\\\/schema\\\/person\\\/f46445640444750d7d753ccd04ae01b7\"},\"headline\":\"Yalo Cu\u00e9llar compartir\u00e1 dos noches de mucho sentimiento en La Paz\",\"datePublished\":\"2024-04-17T11:21:27+00:00\",\"mainEntityOfPage\":{\"@id\":\"https:\\\/\\\/www.eldiario.net\\\/portal\\\/2024\\\/04\\\/17\\\/yalo-cuellar-compartira-dos-noches-de-mucho-sentimiento-en-la-paz\\\/\"},\"wordCount\":912,\"commentCount\":0,\"publisher\":{\"@id\":\"https:\\\/\\\/www.eldiario.net\\\/portal\\\/#organization\"},\"image\":{\"@id\":\"https:\\\/\\\/www.eldiario.net\\\/portal\\\/2024\\\/04\\\/17\\\/yalo-cuellar-compartira-dos-noches-de-mucho-sentimiento-en-la-paz\\\/#primaryimage\"},\"thumbnailUrl\":\"https:\\\/\\\/www.eldiario.net\\\/portal\\\/wp-content\\\/uploads\\\/2024\\\/04\\\/yalo-1PRINCIPAL.jpg\",\"articleSection\":[\"La Gu\u00eda\"],\"inLanguage\":\"es\",\"potentialAction\":[{\"@type\":\"CommentAction\",\"name\":\"Comment\",\"target\":[\"https:\\\/\\\/www.eldiario.net\\\/portal\\\/2024\\\/04\\\/17\\\/yalo-cuellar-compartira-dos-noches-de-mucho-sentimiento-en-la-paz\\\/#respond\"]}]},{\"@type\":\"WebPage\",\"@id\":\"https:\\\/\\\/www.eldiario.net\\\/portal\\\/2024\\\/04\\\/17\\\/yalo-cuellar-compartira-dos-noches-de-mucho-sentimiento-en-la-paz\\\/\",\"url\":\"https:\\\/\\\/www.eldiario.net\\\/portal\\\/2024\\\/04\\\/17\\\/yalo-cuellar-compartira-dos-noches-de-mucho-sentimiento-en-la-paz\\\/\",\"name\":\"Yalo Cu\u00e9llar compartir\u00e1 dos noches de mucho sentimiento en La Paz - El Diario - Bolivia\",\"isPartOf\":{\"@id\":\"https:\\\/\\\/www.eldiario.net\\\/portal\\\/#website\"},\"primaryImageOfPage\":{\"@id\":\"https:\\\/\\\/www.eldiario.net\\\/portal\\\/2024\\\/04\\\/17\\\/yalo-cuellar-compartira-dos-noches-de-mucho-sentimiento-en-la-paz\\\/#primaryimage\"},\"image\":{\"@id\":\"https:\\\/\\\/www.eldiario.net\\\/portal\\\/2024\\\/04\\\/17\\\/yalo-cuellar-compartira-dos-noches-de-mucho-sentimiento-en-la-paz\\\/#primaryimage\"},\"thumbnailUrl\":\"https:\\\/\\\/www.eldiario.net\\\/portal\\\/wp-content\\\/uploads\\\/2024\\\/04\\\/yalo-1PRINCIPAL.jpg\",\"datePublished\":\"2024-04-17T11:21:27+00:00\",\"breadcrumb\":{\"@id\":\"https:\\\/\\\/www.eldiario.net\\\/portal\\\/2024\\\/04\\\/17\\\/yalo-cuellar-compartira-dos-noches-de-mucho-sentimiento-en-la-paz\\\/#breadcrumb\"},\"inLanguage\":\"es\",\"potentialAction\":[{\"@type\":\"ReadAction\",\"target\":[\"https:\\\/\\\/www.eldiario.net\\\/portal\\\/2024\\\/04\\\/17\\\/yalo-cuellar-compartira-dos-noches-de-mucho-sentimiento-en-la-paz\\\/\"]}]},{\"@type\":\"ImageObject\",\"inLanguage\":\"es\",\"@id\":\"https:\\\/\\\/www.eldiario.net\\\/portal\\\/2024\\\/04\\\/17\\\/yalo-cuellar-compartira-dos-noches-de-mucho-sentimiento-en-la-paz\\\/#primaryimage\",\"url\":\"https:\\\/\\\/www.eldiario.net\\\/portal\\\/wp-content\\\/uploads\\\/2024\\\/04\\\/yalo-1PRINCIPAL.jpg\",\"contentUrl\":\"https:\\\/\\\/www.eldiario.net\\\/portal\\\/wp-content\\\/uploads\\\/2024\\\/04\\\/yalo-1PRINCIPAL.jpg\",\"width\":1473,\"height\":850},{\"@type\":\"BreadcrumbList\",\"@id\":\"https:\\\/\\\/www.eldiario.net\\\/portal\\\/2024\\\/04\\\/17\\\/yalo-cuellar-compartira-dos-noches-de-mucho-sentimiento-en-la-paz\\\/#breadcrumb\",\"itemListElement\":[{\"@type\":\"ListItem\",\"position\":1,\"name\":\"Portada\",\"item\":\"https:\\\/\\\/www.eldiario.net\\\/portal\\\/\"},{\"@type\":\"ListItem\",\"position\":2,\"name\":\"Yalo Cu\u00e9llar compartir\u00e1 dos noches de mucho sentimiento en La Paz\"}]},{\"@type\":\"WebSite\",\"@id\":\"https:\\\/\\\/www.eldiario.net\\\/portal\\\/#website\",\"url\":\"https:\\\/\\\/www.eldiario.net\\\/portal\\\/\",\"name\":\"El Diario - Decano de la prensa nacional\",\"description\":\"El Diario - Decano de la prensa nacional\",\"publisher\":{\"@id\":\"https:\\\/\\\/www.eldiario.net\\\/portal\\\/#organization\"},\"potentialAction\":[{\"@type\":\"SearchAction\",\"target\":{\"@type\":\"EntryPoint\",\"urlTemplate\":\"https:\\\/\\\/www.eldiario.net\\\/portal\\\/?s={search_term_string}\"},\"query-input\":{\"@type\":\"PropertyValueSpecification\",\"valueRequired\":true,\"valueName\":\"search_term_string\"}}],\"inLanguage\":\"es\"},{\"@type\":\"Organization\",\"@id\":\"https:\\\/\\\/www.eldiario.net\\\/portal\\\/#organization\",\"name\":\"El Diario - Decano de la prensa nacional\",\"url\":\"https:\\\/\\\/www.eldiario.net\\\/portal\\\/\",\"logo\":{\"@type\":\"ImageObject\",\"inLanguage\":\"es\",\"@id\":\"https:\\\/\\\/www.eldiario.net\\\/portal\\\/#\\\/schema\\\/logo\\\/image\\\/\",\"url\":\"https:\\\/\\\/www.eldiario.net\\\/portal\\\/wp-content\\\/uploads\\\/2023\\\/07\\\/logo_ED.jpg\",\"contentUrl\":\"https:\\\/\\\/www.eldiario.net\\\/portal\\\/wp-content\\\/uploads\\\/2023\\\/07\\\/logo_ED.jpg\",\"width\":272,\"height\":52,\"caption\":\"El Diario - Decano de la prensa nacional\"},\"image\":{\"@id\":\"https:\\\/\\\/www.eldiario.net\\\/portal\\\/#\\\/schema\\\/logo\\\/image\\\/\"},\"sameAs\":[\"https:\\\/\\\/www.facebook.com\\\/eldiario.bolivia\\\/\",\"https:\\\/\\\/x.com\\\/eldiario_net\"]},{\"@type\":\"Person\",\"@id\":\"https:\\\/\\\/www.eldiario.net\\\/portal\\\/#\\\/schema\\\/person\\\/f46445640444750d7d753ccd04ae01b7\",\"name\":\"Jeanette\",\"image\":{\"@type\":\"ImageObject\",\"inLanguage\":\"es\",\"@id\":\"https:\\\/\\\/secure.gravatar.com\\\/avatar\\\/3ea2118a5f7dad2b7138b1187a6b7ee55f160b9968b66013c3a3ef39dd7e5798?s=96&d=mm&r=g\",\"url\":\"https:\\\/\\\/secure.gravatar.com\\\/avatar\\\/3ea2118a5f7dad2b7138b1187a6b7ee55f160b9968b66013c3a3ef39dd7e5798?s=96&d=mm&r=g\",\"contentUrl\":\"https:\\\/\\\/secure.gravatar.com\\\/avatar\\\/3ea2118a5f7dad2b7138b1187a6b7ee55f160b9968b66013c3a3ef39dd7e5798?s=96&d=mm&r=g\",\"caption\":\"Jeanette\"},\"sameAs\":[\"https:\\\/\\\/www.eldiario.net\\\/portal\"],\"url\":\"https:\\\/\\\/www.eldiario.net\\\/portal\\\/author\\\/jeanette\\\/\"}]}<\/script>\n<!-- \/ Yoast SEO plugin. -->","yoast_head_json":{"title":"Yalo Cu\u00e9llar compartir\u00e1 dos noches de mucho sentimiento en La Paz - El Diario - Bolivia","robots":{"index":"index","follow":"follow","max-snippet":"max-snippet:-1","max-image-preview":"max-image-preview:large","max-video-preview":"max-video-preview:-1"},"canonical":"https:\/\/www.eldiario.net\/portal\/2024\/04\/17\/yalo-cuellar-compartira-dos-noches-de-mucho-sentimiento-en-la-paz\/","og_locale":"es_ES","og_type":"article","og_title":"Yalo Cu\u00e9llar compartir\u00e1 dos noches de mucho sentimiento en La Paz - El Diario - Bolivia","og_description":"Yalo Cu\u00e9llar llegar\u00e1 a La Paz para compartir dos noches de mucho sentimiento este 19 y 20 de abril, a partir de las 20:00 horas, en el patio del Hotel Torino, ubicado en la calle Socabaya, a media cuadra de la plaza Murillo. En ambas veladas, el destacado cantautor boliviano rendir\u00e1 homenaje a la tierra [&hellip;]","og_url":"https:\/\/www.eldiario.net\/portal\/2024\/04\/17\/yalo-cuellar-compartira-dos-noches-de-mucho-sentimiento-en-la-paz\/","og_site_name":"El Diario - Bolivia","article_publisher":"https:\/\/www.facebook.com\/eldiario.bolivia\/","article_published_time":"2024-04-17T11:21:27+00:00","og_image":[{"width":1473,"height":850,"url":"https:\/\/www.eldiario.net\/portal\/wp-content\/uploads\/2024\/04\/yalo-1PRINCIPAL.jpg","type":"image\/jpeg"}],"author":"Jeanette","twitter_card":"summary_large_image","twitter_creator":"@eldiario_net","twitter_site":"@eldiario_net","twitter_misc":{"Escrito por":"Jeanette","Tiempo de lectura":"5 minutos"},"schema":{"@context":"https:\/\/schema.org","@graph":[{"@type":"Article","@id":"https:\/\/www.eldiario.net\/portal\/2024\/04\/17\/yalo-cuellar-compartira-dos-noches-de-mucho-sentimiento-en-la-paz\/#article","isPartOf":{"@id":"https:\/\/www.eldiario.net\/portal\/2024\/04\/17\/yalo-cuellar-compartira-dos-noches-de-mucho-sentimiento-en-la-paz\/"},"author":{"name":"Jeanette","@id":"https:\/\/www.eldiario.net\/portal\/#\/schema\/person\/f46445640444750d7d753ccd04ae01b7"},"headline":"Yalo Cu\u00e9llar compartir\u00e1 dos noches de mucho sentimiento en La Paz","datePublished":"2024-04-17T11:21:27+00:00","mainEntityOfPage":{"@id":"https:\/\/www.eldiario.net\/portal\/2024\/04\/17\/yalo-cuellar-compartira-dos-noches-de-mucho-sentimiento-en-la-paz\/"},"wordCount":912,"commentCount":0,"publisher":{"@id":"https:\/\/www.eldiario.net\/portal\/#organization"},"image":{"@id":"https:\/\/www.eldiario.net\/portal\/2024\/04\/17\/yalo-cuellar-compartira-dos-noches-de-mucho-sentimiento-en-la-paz\/#primaryimage"},"thumbnailUrl":"https:\/\/www.eldiario.net\/portal\/wp-content\/uploads\/2024\/04\/yalo-1PRINCIPAL.jpg","articleSection":["La Gu\u00eda"],"inLanguage":"es","potentialAction":[{"@type":"CommentAction","name":"Comment","target":["https:\/\/www.eldiario.net\/portal\/2024\/04\/17\/yalo-cuellar-compartira-dos-noches-de-mucho-sentimiento-en-la-paz\/#respond"]}]},{"@type":"WebPage","@id":"https:\/\/www.eldiario.net\/portal\/2024\/04\/17\/yalo-cuellar-compartira-dos-noches-de-mucho-sentimiento-en-la-paz\/","url":"https:\/\/www.eldiario.net\/portal\/2024\/04\/17\/yalo-cuellar-compartira-dos-noches-de-mucho-sentimiento-en-la-paz\/","name":"Yalo Cu\u00e9llar compartir\u00e1 dos noches de mucho sentimiento en La Paz - El Diario - Bolivia","isPartOf":{"@id":"https:\/\/www.eldiario.net\/portal\/#website"},"primaryImageOfPage":{"@id":"https:\/\/www.eldiario.net\/portal\/2024\/04\/17\/yalo-cuellar-compartira-dos-noches-de-mucho-sentimiento-en-la-paz\/#primaryimage"},"image":{"@id":"https:\/\/www.eldiario.net\/portal\/2024\/04\/17\/yalo-cuellar-compartira-dos-noches-de-mucho-sentimiento-en-la-paz\/#primaryimage"},"thumbnailUrl":"https:\/\/www.eldiario.net\/portal\/wp-content\/uploads\/2024\/04\/yalo-1PRINCIPAL.jpg","datePublished":"2024-04-17T11:21:27+00:00","breadcrumb":{"@id":"https:\/\/www.eldiario.net\/portal\/2024\/04\/17\/yalo-cuellar-compartira-dos-noches-de-mucho-sentimiento-en-la-paz\/#breadcrumb"},"inLanguage":"es","potentialAction":[{"@type":"ReadAction","target":["https:\/\/www.eldiario.net\/portal\/2024\/04\/17\/yalo-cuellar-compartira-dos-noches-de-mucho-sentimiento-en-la-paz\/"]}]},{"@type":"ImageObject","inLanguage":"es","@id":"https:\/\/www.eldiario.net\/portal\/2024\/04\/17\/yalo-cuellar-compartira-dos-noches-de-mucho-sentimiento-en-la-paz\/#primaryimage","url":"https:\/\/www.eldiario.net\/portal\/wp-content\/uploads\/2024\/04\/yalo-1PRINCIPAL.jpg","contentUrl":"https:\/\/www.eldiario.net\/portal\/wp-content\/uploads\/2024\/04\/yalo-1PRINCIPAL.jpg","width":1473,"height":850},{"@type":"BreadcrumbList","@id":"https:\/\/www.eldiario.net\/portal\/2024\/04\/17\/yalo-cuellar-compartira-dos-noches-de-mucho-sentimiento-en-la-paz\/#breadcrumb","itemListElement":[{"@type":"ListItem","position":1,"name":"Portada","item":"https:\/\/www.eldiario.net\/portal\/"},{"@type":"ListItem","position":2,"name":"Yalo Cu\u00e9llar compartir\u00e1 dos noches de mucho sentimiento en La Paz"}]},{"@type":"WebSite","@id":"https:\/\/www.eldiario.net\/portal\/#website","url":"https:\/\/www.eldiario.net\/portal\/","name":"El Diario - Decano de la prensa nacional","description":"El Diario - Decano de la prensa nacional","publisher":{"@id":"https:\/\/www.eldiario.net\/portal\/#organization"},"potentialAction":[{"@type":"SearchAction","target":{"@type":"EntryPoint","urlTemplate":"https:\/\/www.eldiario.net\/portal\/?s={search_term_string}"},"query-input":{"@type":"PropertyValueSpecification","valueRequired":true,"valueName":"search_term_string"}}],"inLanguage":"es"},{"@type":"Organization","@id":"https:\/\/www.eldiario.net\/portal\/#organization","name":"El Diario - Decano de la prensa nacional","url":"https:\/\/www.eldiario.net\/portal\/","logo":{"@type":"ImageObject","inLanguage":"es","@id":"https:\/\/www.eldiario.net\/portal\/#\/schema\/logo\/image\/","url":"https:\/\/www.eldiario.net\/portal\/wp-content\/uploads\/2023\/07\/logo_ED.jpg","contentUrl":"https:\/\/www.eldiario.net\/portal\/wp-content\/uploads\/2023\/07\/logo_ED.jpg","width":272,"height":52,"caption":"El Diario - Decano de la prensa nacional"},"image":{"@id":"https:\/\/www.eldiario.net\/portal\/#\/schema\/logo\/image\/"},"sameAs":["https:\/\/www.facebook.com\/eldiario.bolivia\/","https:\/\/x.com\/eldiario_net"]},{"@type":"Person","@id":"https:\/\/www.eldiario.net\/portal\/#\/schema\/person\/f46445640444750d7d753ccd04ae01b7","name":"Jeanette","image":{"@type":"ImageObject","inLanguage":"es","@id":"https:\/\/secure.gravatar.com\/avatar\/3ea2118a5f7dad2b7138b1187a6b7ee55f160b9968b66013c3a3ef39dd7e5798?s=96&d=mm&r=g","url":"https:\/\/secure.gravatar.com\/avatar\/3ea2118a5f7dad2b7138b1187a6b7ee55f160b9968b66013c3a3ef39dd7e5798?s=96&d=mm&r=g","contentUrl":"https:\/\/secure.gravatar.com\/avatar\/3ea2118a5f7dad2b7138b1187a6b7ee55f160b9968b66013c3a3ef39dd7e5798?s=96&d=mm&r=g","caption":"Jeanette"},"sameAs":["https:\/\/www.eldiario.net\/portal"],"url":"https:\/\/www.eldiario.net\/portal\/author\/jeanette\/"}]}},"_links":{"self":[{"href":"https:\/\/www.eldiario.net\/portal\/wp-json\/wp\/v2\/posts\/214887","targetHints":{"allow":["GET"]}}],"collection":[{"href":"https:\/\/www.eldiario.net\/portal\/wp-json\/wp\/v2\/posts"}],"about":[{"href":"https:\/\/www.eldiario.net\/portal\/wp-json\/wp\/v2\/types\/post"}],"author":[{"embeddable":true,"href":"https:\/\/www.eldiario.net\/portal\/wp-json\/wp\/v2\/users\/1"}],"replies":[{"embeddable":true,"href":"https:\/\/www.eldiario.net\/portal\/wp-json\/wp\/v2\/comments?post=214887"}],"version-history":[{"count":1,"href":"https:\/\/www.eldiario.net\/portal\/wp-json\/wp\/v2\/posts\/214887\/revisions"}],"predecessor-version":[{"id":214892,"href":"https:\/\/www.eldiario.net\/portal\/wp-json\/wp\/v2\/posts\/214887\/revisions\/214892"}],"wp:featuredmedia":[{"embeddable":true,"href":"https:\/\/www.eldiario.net\/portal\/wp-json\/wp\/v2\/media\/214888"}],"wp:attachment":[{"href":"https:\/\/www.eldiario.net\/portal\/wp-json\/wp\/v2\/media?parent=214887"}],"wp:term":[{"taxonomy":"category","embeddable":true,"href":"https:\/\/www.eldiario.net\/portal\/wp-json\/wp\/v2\/categories?post=214887"},{"taxonomy":"post_tag","embeddable":true,"href":"https:\/\/www.eldiario.net\/portal\/wp-json\/wp\/v2\/tags?post=214887"}],"curies":[{"name":"wp","href":"https:\/\/api.w.org\/{rel}","templated":true}]}}