{"id":214875,"date":"2024-04-17T07:17:24","date_gmt":"2024-04-17T11:17:24","guid":{"rendered":"https:\/\/www.eldiario.net\/portal\/?p=214875"},"modified":"2024-04-17T07:17:24","modified_gmt":"2024-04-17T11:17:24","slug":"defensa-del-matador-presenta-documentacion-del-proceso-irregular-que-se-ventila-contra-mamani","status":"publish","type":"post","link":"https:\/\/www.eldiario.net\/portal\/2024\/04\/17\/defensa-del-matador-presenta-documentacion-del-proceso-irregular-que-se-ventila-contra-mamani\/","title":{"rendered":"Defensa del \u201cMatador\u201d presenta documentaci\u00f3n del proceso irregular que se ventila contra Mamani"},"content":{"rendered":"<p>La defensa legal de Franklin \u201cMatador\u201d Mamani, en un comunicado p\u00fablico, dio a conocer una serie de irregularidades que se han ventilado dentro del caso que atinge al ex boxeador mundialista, quien est\u00e1 detenido actualmente en la c\u00e1rcel de San Pedro.<br \/>\nEn el documento extenso dado a conocer por el abogado Edwin Tapia Mart\u00ednez, se menciona paso a paso lo que ha sucedido con su defendido quien fue detenido de manera injusta, seg\u00fan el documento que relata c\u00f3mo se ha llevado ventilado el caso con las irregularidades presentadas, desde el inicio del proceso.<br \/>\n\u201cEl caso se remonta a los disturbios ocurridos el 11 de noviembre de 2019, durante los conflictos a nivel nacional que lamentablemente cobraron la vida de tres personas en la zona sur de La Paz, entre las v\u00edctimas se encuentra el se\u00f1or Beltr\u00e1n Paulino Aruni, esposo de la se\u00f1ora Yola Beatriz Poma Mayta. Es en este contexto que el 20 de enero de 2020, la se\u00f1ora Poma Mayta prest\u00f3 su primera declaraci\u00f3n informativa explicando que no pudo presenciar los hechos investigados debido a que se encontraba en su hogar, recuper\u00e1ndose de una ces\u00e1rea. Sin embargo, luego de transcurrir dos a\u00f1os y cinco meses, el 15 de mayo de 2022, la se\u00f1ora Poma Mayta modific\u00f3 su declaraci\u00f3n informativa, se\u00f1alando al teniente Franklin \u201cMatador\u201d Mamani como el responsable de ciertos actos violentos contra su esposo. Este cambio repentino en su testimonio ha levantado interrogantes sobre la veracidad y la motivaci\u00f3n detr\u00e1s de dicha modificaci\u00f3n. Es importante resaltar que este cambio de declaraci\u00f3n coincidi\u00f3 con el inicio del empleo de la se\u00f1ora Yola Poma Mayta como funcionaria p\u00fablica para el Estado, concretamente en Mi Telef\u00e9rico l\u00ednea verde, lo que plantea serias dudas sobre la objetividad e imparcialidad de su testimonio\u2026\u201d, dice una parte inicial del comunicado que tambi\u00e9n menciona el caso de la se\u00f1ora Frida Conde Noguera, hermana de una de las v\u00edctimas, \u201cquien 18 d\u00edas despu\u00e9s de la segunda declaraci\u00f3n de la se\u00f1ora Yola Beatriz Poma Mahyta presenta una ampliaci\u00f3n por el delito de homicidio contra el teniente Franklin Mamani, a\u00f1adiendo nuevos elementos, como la supuesta observaci\u00f3n del disparo que acab\u00f3 con la vida del esposo de la se\u00f1ora Poma Mayta. Es relevante subrayar que, tras la solicitud de ampliaci\u00f3n por el delito de homicidio contra el teniente Franklin Mamani, la se\u00f1ora Conde Noguera tambi\u00e9n ha comenzaod a trabajar en una Instituci\u00f3n P\u00fablica para el Estado, espec\u00edficamente en la Procurador\u00eda General\u2026\u201d.<br \/>\nEl comunicado, en fojas 96, adjunta un acta de declaraci\u00f3n, registro del lugar del hecho, una acta de declaraci\u00f3n informativa, as\u00ed como el documento de ampliaci\u00f3n de la denuncia por el delito de homicidio, el contenido de la Querella, entre otros documentos presentados en su momento, lo que refleja, seg\u00fan la defensa legal de Mamani la serie de irregularidades planteadas a la fecha.<\/p>\n<p><em><strong>EL DIARIO<\/strong><\/em><\/p>\n","protected":false},"excerpt":{"rendered":"<p>La defensa legal de Franklin \u201cMatador\u201d Mamani, en un comunicado p\u00fablico, dio a conocer una serie de irregularidades que se han ventilado dentro del caso que atinge al ex boxeador mundialista, quien est\u00e1 detenido actualmente en la c\u00e1rcel de San Pedro. En el documento extenso dado a conocer por el abogado Edwin Tapia Mart\u00ednez, se [&hellip;]<\/p>\n","protected":false},"author":1,"featured_media":214876,"comment_status":"open","ping_status":"open","sticky":false,"template":"","format":"standard","meta":{"_acf_changed":false,"footnotes":""},"categories":[6],"tags":[],"class_list":["post-214875","post","type-post","status-publish","format-standard","has-post-thumbnail","category-deportes"],"acf":{"antetitulo":""},"yoast_head":"<!-- This site is optimized with the Yoast SEO plugin v28.4 - https:\/\/yoast.com\/product\/yoast-seo-wordpress\/ -->\n<title>Defensa del \u201cMatador\u201d presenta documentaci\u00f3n del proceso irregular que se ventila contra Mamani - El Diario - Bolivia<\/title>\n<meta name=\"robots\" content=\"index, follow, max-snippet:-1, max-image-preview:large, max-video-preview:-1\" \/>\n<link rel=\"canonical\" href=\"https:\/\/www.eldiario.net\/portal\/2024\/04\/17\/defensa-del-matador-presenta-documentacion-del-proceso-irregular-que-se-ventila-contra-mamani\/\" \/>\n<meta property=\"og:locale\" content=\"es_ES\" \/>\n<meta property=\"og:type\" content=\"article\" \/>\n<meta property=\"og:title\" content=\"Defensa del \u201cMatador\u201d presenta documentaci\u00f3n del proceso irregular que se ventila contra Mamani - El Diario - Bolivia\" \/>\n<meta property=\"og:description\" content=\"La defensa legal de Franklin \u201cMatador\u201d Mamani, en un comunicado p\u00fablico, dio a conocer una serie de irregularidades que se han ventilado dentro del caso que atinge al ex boxeador mundialista, quien est\u00e1 detenido actualmente en la c\u00e1rcel de San Pedro. En el documento extenso dado a conocer por el abogado Edwin Tapia Mart\u00ednez, se [&hellip;]\" \/>\n<meta property=\"og:url\" content=\"https:\/\/www.eldiario.net\/portal\/2024\/04\/17\/defensa-del-matador-presenta-documentacion-del-proceso-irregular-que-se-ventila-contra-mamani\/\" \/>\n<meta property=\"og:site_name\" content=\"El Diario - Bolivia\" \/>\n<meta property=\"article:publisher\" content=\"https:\/\/www.facebook.com\/eldiario.bolivia\/\" \/>\n<meta property=\"article:published_time\" content=\"2024-04-17T11:17:24+00:00\" \/>\n<meta property=\"og:image\" content=\"https:\/\/www.eldiario.net\/portal\/wp-content\/uploads\/2024\/04\/WhatsApp-Image-2024-04-16-at-21.51.jpg\" \/>\n\t<meta property=\"og:image:width\" content=\"250\" \/>\n\t<meta property=\"og:image:height\" content=\"207\" \/>\n\t<meta property=\"og:image:type\" content=\"image\/jpeg\" \/>\n<meta name=\"author\" content=\"Jeanette\" \/>\n<meta name=\"twitter:card\" content=\"summary_large_image\" \/>\n<meta name=\"twitter:creator\" content=\"@eldiario_net\" \/>\n<meta name=\"twitter:site\" content=\"@eldiario_net\" \/>\n<meta name=\"twitter:label1\" content=\"Escrito por\" \/>\n\t<meta name=\"twitter:data1\" content=\"Jeanette\" \/>\n\t<meta name=\"twitter:label2\" content=\"Tiempo de lectura\" \/>\n\t<meta name=\"twitter:data2\" content=\"3 minutos\" \/>\n<script type=\"application\/ld+json\" class=\"yoast-schema-graph\">{\"@context\":\"https:\\\/\\\/schema.org\",\"@graph\":[{\"@type\":\"Article\",\"@id\":\"https:\\\/\\\/www.eldiario.net\\\/portal\\\/2024\\\/04\\\/17\\\/defensa-del-matador-presenta-documentacion-del-proceso-irregular-que-se-ventila-contra-mamani\\\/#article\",\"isPartOf\":{\"@id\":\"https:\\\/\\\/www.eldiario.net\\\/portal\\\/2024\\\/04\\\/17\\\/defensa-del-matador-presenta-documentacion-del-proceso-irregular-que-se-ventila-contra-mamani\\\/\"},\"author\":{\"name\":\"Jeanette\",\"@id\":\"https:\\\/\\\/www.eldiario.net\\\/portal\\\/#\\\/schema\\\/person\\\/f46445640444750d7d753ccd04ae01b7\"},\"headline\":\"Defensa del \u201cMatador\u201d presenta documentaci\u00f3n del proceso irregular que se ventila contra Mamani\",\"datePublished\":\"2024-04-17T11:17:24+00:00\",\"mainEntityOfPage\":{\"@id\":\"https:\\\/\\\/www.eldiario.net\\\/portal\\\/2024\\\/04\\\/17\\\/defensa-del-matador-presenta-documentacion-del-proceso-irregular-que-se-ventila-contra-mamani\\\/\"},\"wordCount\":520,\"commentCount\":0,\"publisher\":{\"@id\":\"https:\\\/\\\/www.eldiario.net\\\/portal\\\/#organization\"},\"image\":{\"@id\":\"https:\\\/\\\/www.eldiario.net\\\/portal\\\/2024\\\/04\\\/17\\\/defensa-del-matador-presenta-documentacion-del-proceso-irregular-que-se-ventila-contra-mamani\\\/#primaryimage\"},\"thumbnailUrl\":\"https:\\\/\\\/www.eldiario.net\\\/portal\\\/wp-content\\\/uploads\\\/2024\\\/04\\\/WhatsApp-Image-2024-04-16-at-21.51.jpg\",\"articleSection\":[\"Deportes\"],\"inLanguage\":\"es\",\"potentialAction\":[{\"@type\":\"CommentAction\",\"name\":\"Comment\",\"target\":[\"https:\\\/\\\/www.eldiario.net\\\/portal\\\/2024\\\/04\\\/17\\\/defensa-del-matador-presenta-documentacion-del-proceso-irregular-que-se-ventila-contra-mamani\\\/#respond\"]}]},{\"@type\":\"WebPage\",\"@id\":\"https:\\\/\\\/www.eldiario.net\\\/portal\\\/2024\\\/04\\\/17\\\/defensa-del-matador-presenta-documentacion-del-proceso-irregular-que-se-ventila-contra-mamani\\\/\",\"url\":\"https:\\\/\\\/www.eldiario.net\\\/portal\\\/2024\\\/04\\\/17\\\/defensa-del-matador-presenta-documentacion-del-proceso-irregular-que-se-ventila-contra-mamani\\\/\",\"name\":\"Defensa del \u201cMatador\u201d presenta documentaci\u00f3n del proceso irregular que se ventila contra Mamani - El Diario - Bolivia\",\"isPartOf\":{\"@id\":\"https:\\\/\\\/www.eldiario.net\\\/portal\\\/#website\"},\"primaryImageOfPage\":{\"@id\":\"https:\\\/\\\/www.eldiario.net\\\/portal\\\/2024\\\/04\\\/17\\\/defensa-del-matador-presenta-documentacion-del-proceso-irregular-que-se-ventila-contra-mamani\\\/#primaryimage\"},\"image\":{\"@id\":\"https:\\\/\\\/www.eldiario.net\\\/portal\\\/2024\\\/04\\\/17\\\/defensa-del-matador-presenta-documentacion-del-proceso-irregular-que-se-ventila-contra-mamani\\\/#primaryimage\"},\"thumbnailUrl\":\"https:\\\/\\\/www.eldiario.net\\\/portal\\\/wp-content\\\/uploads\\\/2024\\\/04\\\/WhatsApp-Image-2024-04-16-at-21.51.jpg\",\"datePublished\":\"2024-04-17T11:17:24+00:00\",\"breadcrumb\":{\"@id\":\"https:\\\/\\\/www.eldiario.net\\\/portal\\\/2024\\\/04\\\/17\\\/defensa-del-matador-presenta-documentacion-del-proceso-irregular-que-se-ventila-contra-mamani\\\/#breadcrumb\"},\"inLanguage\":\"es\",\"potentialAction\":[{\"@type\":\"ReadAction\",\"target\":[\"https:\\\/\\\/www.eldiario.net\\\/portal\\\/2024\\\/04\\\/17\\\/defensa-del-matador-presenta-documentacion-del-proceso-irregular-que-se-ventila-contra-mamani\\\/\"]}]},{\"@type\":\"ImageObject\",\"inLanguage\":\"es\",\"@id\":\"https:\\\/\\\/www.eldiario.net\\\/portal\\\/2024\\\/04\\\/17\\\/defensa-del-matador-presenta-documentacion-del-proceso-irregular-que-se-ventila-contra-mamani\\\/#primaryimage\",\"url\":\"https:\\\/\\\/www.eldiario.net\\\/portal\\\/wp-content\\\/uploads\\\/2024\\\/04\\\/WhatsApp-Image-2024-04-16-at-21.51.jpg\",\"contentUrl\":\"https:\\\/\\\/www.eldiario.net\\\/portal\\\/wp-content\\\/uploads\\\/2024\\\/04\\\/WhatsApp-Image-2024-04-16-at-21.51.jpg\",\"width\":250,\"height\":207},{\"@type\":\"BreadcrumbList\",\"@id\":\"https:\\\/\\\/www.eldiario.net\\\/portal\\\/2024\\\/04\\\/17\\\/defensa-del-matador-presenta-documentacion-del-proceso-irregular-que-se-ventila-contra-mamani\\\/#breadcrumb\",\"itemListElement\":[{\"@type\":\"ListItem\",\"position\":1,\"name\":\"Portada\",\"item\":\"https:\\\/\\\/www.eldiario.net\\\/portal\\\/\"},{\"@type\":\"ListItem\",\"position\":2,\"name\":\"Defensa del \u201cMatador\u201d presenta documentaci\u00f3n del proceso irregular que se ventila contra Mamani\"}]},{\"@type\":\"WebSite\",\"@id\":\"https:\\\/\\\/www.eldiario.net\\\/portal\\\/#website\",\"url\":\"https:\\\/\\\/www.eldiario.net\\\/portal\\\/\",\"name\":\"El Diario - Decano de la prensa nacional\",\"description\":\"El Diario - Decano de la prensa nacional\",\"publisher\":{\"@id\":\"https:\\\/\\\/www.eldiario.net\\\/portal\\\/#organization\"},\"potentialAction\":[{\"@type\":\"SearchAction\",\"target\":{\"@type\":\"EntryPoint\",\"urlTemplate\":\"https:\\\/\\\/www.eldiario.net\\\/portal\\\/?s={search_term_string}\"},\"query-input\":{\"@type\":\"PropertyValueSpecification\",\"valueRequired\":true,\"valueName\":\"search_term_string\"}}],\"inLanguage\":\"es\"},{\"@type\":\"Organization\",\"@id\":\"https:\\\/\\\/www.eldiario.net\\\/portal\\\/#organization\",\"name\":\"El Diario - Decano de la prensa nacional\",\"url\":\"https:\\\/\\\/www.eldiario.net\\\/portal\\\/\",\"logo\":{\"@type\":\"ImageObject\",\"inLanguage\":\"es\",\"@id\":\"https:\\\/\\\/www.eldiario.net\\\/portal\\\/#\\\/schema\\\/logo\\\/image\\\/\",\"url\":\"https:\\\/\\\/www.eldiario.net\\\/portal\\\/wp-content\\\/uploads\\\/2023\\\/07\\\/logo_ED.jpg\",\"contentUrl\":\"https:\\\/\\\/www.eldiario.net\\\/portal\\\/wp-content\\\/uploads\\\/2023\\\/07\\\/logo_ED.jpg\",\"width\":272,\"height\":52,\"caption\":\"El Diario - Decano de la prensa nacional\"},\"image\":{\"@id\":\"https:\\\/\\\/www.eldiario.net\\\/portal\\\/#\\\/schema\\\/logo\\\/image\\\/\"},\"sameAs\":[\"https:\\\/\\\/www.facebook.com\\\/eldiario.bolivia\\\/\",\"https:\\\/\\\/x.com\\\/eldiario_net\"]},{\"@type\":\"Person\",\"@id\":\"https:\\\/\\\/www.eldiario.net\\\/portal\\\/#\\\/schema\\\/person\\\/f46445640444750d7d753ccd04ae01b7\",\"name\":\"Jeanette\",\"image\":{\"@type\":\"ImageObject\",\"inLanguage\":\"es\",\"@id\":\"https:\\\/\\\/secure.gravatar.com\\\/avatar\\\/3ea2118a5f7dad2b7138b1187a6b7ee55f160b9968b66013c3a3ef39dd7e5798?s=96&d=mm&r=g\",\"url\":\"https:\\\/\\\/secure.gravatar.com\\\/avatar\\\/3ea2118a5f7dad2b7138b1187a6b7ee55f160b9968b66013c3a3ef39dd7e5798?s=96&d=mm&r=g\",\"contentUrl\":\"https:\\\/\\\/secure.gravatar.com\\\/avatar\\\/3ea2118a5f7dad2b7138b1187a6b7ee55f160b9968b66013c3a3ef39dd7e5798?s=96&d=mm&r=g\",\"caption\":\"Jeanette\"},\"sameAs\":[\"https:\\\/\\\/www.eldiario.net\\\/portal\"],\"url\":\"https:\\\/\\\/www.eldiario.net\\\/portal\\\/author\\\/jeanette\\\/\"}]}<\/script>\n<!-- \/ Yoast SEO plugin. -->","yoast_head_json":{"title":"Defensa del \u201cMatador\u201d presenta documentaci\u00f3n del proceso irregular que se ventila contra Mamani - El Diario - Bolivia","robots":{"index":"index","follow":"follow","max-snippet":"max-snippet:-1","max-image-preview":"max-image-preview:large","max-video-preview":"max-video-preview:-1"},"canonical":"https:\/\/www.eldiario.net\/portal\/2024\/04\/17\/defensa-del-matador-presenta-documentacion-del-proceso-irregular-que-se-ventila-contra-mamani\/","og_locale":"es_ES","og_type":"article","og_title":"Defensa del \u201cMatador\u201d presenta documentaci\u00f3n del proceso irregular que se ventila contra Mamani - El Diario - Bolivia","og_description":"La defensa legal de Franklin \u201cMatador\u201d Mamani, en un comunicado p\u00fablico, dio a conocer una serie de irregularidades que se han ventilado dentro del caso que atinge al ex boxeador mundialista, quien est\u00e1 detenido actualmente en la c\u00e1rcel de San Pedro. En el documento extenso dado a conocer por el abogado Edwin Tapia Mart\u00ednez, se [&hellip;]","og_url":"https:\/\/www.eldiario.net\/portal\/2024\/04\/17\/defensa-del-matador-presenta-documentacion-del-proceso-irregular-que-se-ventila-contra-mamani\/","og_site_name":"El Diario - Bolivia","article_publisher":"https:\/\/www.facebook.com\/eldiario.bolivia\/","article_published_time":"2024-04-17T11:17:24+00:00","og_image":[{"width":250,"height":207,"url":"https:\/\/www.eldiario.net\/portal\/wp-content\/uploads\/2024\/04\/WhatsApp-Image-2024-04-16-at-21.51.jpg","type":"image\/jpeg"}],"author":"Jeanette","twitter_card":"summary_large_image","twitter_creator":"@eldiario_net","twitter_site":"@eldiario_net","twitter_misc":{"Escrito por":"Jeanette","Tiempo de lectura":"3 minutos"},"schema":{"@context":"https:\/\/schema.org","@graph":[{"@type":"Article","@id":"https:\/\/www.eldiario.net\/portal\/2024\/04\/17\/defensa-del-matador-presenta-documentacion-del-proceso-irregular-que-se-ventila-contra-mamani\/#article","isPartOf":{"@id":"https:\/\/www.eldiario.net\/portal\/2024\/04\/17\/defensa-del-matador-presenta-documentacion-del-proceso-irregular-que-se-ventila-contra-mamani\/"},"author":{"name":"Jeanette","@id":"https:\/\/www.eldiario.net\/portal\/#\/schema\/person\/f46445640444750d7d753ccd04ae01b7"},"headline":"Defensa del \u201cMatador\u201d presenta documentaci\u00f3n del proceso irregular que se ventila contra Mamani","datePublished":"2024-04-17T11:17:24+00:00","mainEntityOfPage":{"@id":"https:\/\/www.eldiario.net\/portal\/2024\/04\/17\/defensa-del-matador-presenta-documentacion-del-proceso-irregular-que-se-ventila-contra-mamani\/"},"wordCount":520,"commentCount":0,"publisher":{"@id":"https:\/\/www.eldiario.net\/portal\/#organization"},"image":{"@id":"https:\/\/www.eldiario.net\/portal\/2024\/04\/17\/defensa-del-matador-presenta-documentacion-del-proceso-irregular-que-se-ventila-contra-mamani\/#primaryimage"},"thumbnailUrl":"https:\/\/www.eldiario.net\/portal\/wp-content\/uploads\/2024\/04\/WhatsApp-Image-2024-04-16-at-21.51.jpg","articleSection":["Deportes"],"inLanguage":"es","potentialAction":[{"@type":"CommentAction","name":"Comment","target":["https:\/\/www.eldiario.net\/portal\/2024\/04\/17\/defensa-del-matador-presenta-documentacion-del-proceso-irregular-que-se-ventila-contra-mamani\/#respond"]}]},{"@type":"WebPage","@id":"https:\/\/www.eldiario.net\/portal\/2024\/04\/17\/defensa-del-matador-presenta-documentacion-del-proceso-irregular-que-se-ventila-contra-mamani\/","url":"https:\/\/www.eldiario.net\/portal\/2024\/04\/17\/defensa-del-matador-presenta-documentacion-del-proceso-irregular-que-se-ventila-contra-mamani\/","name":"Defensa del \u201cMatador\u201d presenta documentaci\u00f3n del proceso irregular que se ventila contra Mamani - El Diario - Bolivia","isPartOf":{"@id":"https:\/\/www.eldiario.net\/portal\/#website"},"primaryImageOfPage":{"@id":"https:\/\/www.eldiario.net\/portal\/2024\/04\/17\/defensa-del-matador-presenta-documentacion-del-proceso-irregular-que-se-ventila-contra-mamani\/#primaryimage"},"image":{"@id":"https:\/\/www.eldiario.net\/portal\/2024\/04\/17\/defensa-del-matador-presenta-documentacion-del-proceso-irregular-que-se-ventila-contra-mamani\/#primaryimage"},"thumbnailUrl":"https:\/\/www.eldiario.net\/portal\/wp-content\/uploads\/2024\/04\/WhatsApp-Image-2024-04-16-at-21.51.jpg","datePublished":"2024-04-17T11:17:24+00:00","breadcrumb":{"@id":"https:\/\/www.eldiario.net\/portal\/2024\/04\/17\/defensa-del-matador-presenta-documentacion-del-proceso-irregular-que-se-ventila-contra-mamani\/#breadcrumb"},"inLanguage":"es","potentialAction":[{"@type":"ReadAction","target":["https:\/\/www.eldiario.net\/portal\/2024\/04\/17\/defensa-del-matador-presenta-documentacion-del-proceso-irregular-que-se-ventila-contra-mamani\/"]}]},{"@type":"ImageObject","inLanguage":"es","@id":"https:\/\/www.eldiario.net\/portal\/2024\/04\/17\/defensa-del-matador-presenta-documentacion-del-proceso-irregular-que-se-ventila-contra-mamani\/#primaryimage","url":"https:\/\/www.eldiario.net\/portal\/wp-content\/uploads\/2024\/04\/WhatsApp-Image-2024-04-16-at-21.51.jpg","contentUrl":"https:\/\/www.eldiario.net\/portal\/wp-content\/uploads\/2024\/04\/WhatsApp-Image-2024-04-16-at-21.51.jpg","width":250,"height":207},{"@type":"BreadcrumbList","@id":"https:\/\/www.eldiario.net\/portal\/2024\/04\/17\/defensa-del-matador-presenta-documentacion-del-proceso-irregular-que-se-ventila-contra-mamani\/#breadcrumb","itemListElement":[{"@type":"ListItem","position":1,"name":"Portada","item":"https:\/\/www.eldiario.net\/portal\/"},{"@type":"ListItem","position":2,"name":"Defensa del \u201cMatador\u201d presenta documentaci\u00f3n del proceso irregular que se ventila contra Mamani"}]},{"@type":"WebSite","@id":"https:\/\/www.eldiario.net\/portal\/#website","url":"https:\/\/www.eldiario.net\/portal\/","name":"El Diario - Decano de la prensa nacional","description":"El Diario - Decano de la prensa nacional","publisher":{"@id":"https:\/\/www.eldiario.net\/portal\/#organization"},"potentialAction":[{"@type":"SearchAction","target":{"@type":"EntryPoint","urlTemplate":"https:\/\/www.eldiario.net\/portal\/?s={search_term_string}"},"query-input":{"@type":"PropertyValueSpecification","valueRequired":true,"valueName":"search_term_string"}}],"inLanguage":"es"},{"@type":"Organization","@id":"https:\/\/www.eldiario.net\/portal\/#organization","name":"El Diario - Decano de la prensa nacional","url":"https:\/\/www.eldiario.net\/portal\/","logo":{"@type":"ImageObject","inLanguage":"es","@id":"https:\/\/www.eldiario.net\/portal\/#\/schema\/logo\/image\/","url":"https:\/\/www.eldiario.net\/portal\/wp-content\/uploads\/2023\/07\/logo_ED.jpg","contentUrl":"https:\/\/www.eldiario.net\/portal\/wp-content\/uploads\/2023\/07\/logo_ED.jpg","width":272,"height":52,"caption":"El Diario - Decano de la prensa nacional"},"image":{"@id":"https:\/\/www.eldiario.net\/portal\/#\/schema\/logo\/image\/"},"sameAs":["https:\/\/www.facebook.com\/eldiario.bolivia\/","https:\/\/x.com\/eldiario_net"]},{"@type":"Person","@id":"https:\/\/www.eldiario.net\/portal\/#\/schema\/person\/f46445640444750d7d753ccd04ae01b7","name":"Jeanette","image":{"@type":"ImageObject","inLanguage":"es","@id":"https:\/\/secure.gravatar.com\/avatar\/3ea2118a5f7dad2b7138b1187a6b7ee55f160b9968b66013c3a3ef39dd7e5798?s=96&d=mm&r=g","url":"https:\/\/secure.gravatar.com\/avatar\/3ea2118a5f7dad2b7138b1187a6b7ee55f160b9968b66013c3a3ef39dd7e5798?s=96&d=mm&r=g","contentUrl":"https:\/\/secure.gravatar.com\/avatar\/3ea2118a5f7dad2b7138b1187a6b7ee55f160b9968b66013c3a3ef39dd7e5798?s=96&d=mm&r=g","caption":"Jeanette"},"sameAs":["https:\/\/www.eldiario.net\/portal"],"url":"https:\/\/www.eldiario.net\/portal\/author\/jeanette\/"}]}},"_links":{"self":[{"href":"https:\/\/www.eldiario.net\/portal\/wp-json\/wp\/v2\/posts\/214875","targetHints":{"allow":["GET"]}}],"collection":[{"href":"https:\/\/www.eldiario.net\/portal\/wp-json\/wp\/v2\/posts"}],"about":[{"href":"https:\/\/www.eldiario.net\/portal\/wp-json\/wp\/v2\/types\/post"}],"author":[{"embeddable":true,"href":"https:\/\/www.eldiario.net\/portal\/wp-json\/wp\/v2\/users\/1"}],"replies":[{"embeddable":true,"href":"https:\/\/www.eldiario.net\/portal\/wp-json\/wp\/v2\/comments?post=214875"}],"version-history":[{"count":1,"href":"https:\/\/www.eldiario.net\/portal\/wp-json\/wp\/v2\/posts\/214875\/revisions"}],"predecessor-version":[{"id":214877,"href":"https:\/\/www.eldiario.net\/portal\/wp-json\/wp\/v2\/posts\/214875\/revisions\/214877"}],"wp:featuredmedia":[{"embeddable":true,"href":"https:\/\/www.eldiario.net\/portal\/wp-json\/wp\/v2\/media\/214876"}],"wp:attachment":[{"href":"https:\/\/www.eldiario.net\/portal\/wp-json\/wp\/v2\/media?parent=214875"}],"wp:term":[{"taxonomy":"category","embeddable":true,"href":"https:\/\/www.eldiario.net\/portal\/wp-json\/wp\/v2\/categories?post=214875"},{"taxonomy":"post_tag","embeddable":true,"href":"https:\/\/www.eldiario.net\/portal\/wp-json\/wp\/v2\/tags?post=214875"}],"curies":[{"name":"wp","href":"https:\/\/api.w.org\/{rel}","templated":true}]}}