{"id":214867,"date":"2024-04-17T07:14:33","date_gmt":"2024-04-17T11:14:33","guid":{"rendered":"https:\/\/www.eldiario.net\/portal\/?p=214867"},"modified":"2024-04-17T07:14:33","modified_gmt":"2024-04-17T11:14:33","slug":"hacia-una-transicion-energetica-sostenible","status":"publish","type":"post","link":"https:\/\/www.eldiario.net\/portal\/2024\/04\/17\/hacia-una-transicion-energetica-sostenible\/","title":{"rendered":"Hacia una transici\u00f3n energ\u00e9tica sostenible"},"content":{"rendered":"<p>El pasado 10 de abril, el Gobierno nacional emiti\u00f3 el Decreto Supremo 5.142 que busca \u201cincentivar el uso de aditivos de origen vegetal a trav\u00e9s de la importaci\u00f3n de veh\u00edculos con tecnolog\u00eda flex fuel\u201d, es decir autom\u00f3viles capaces de operar con una mezcla variable de gasolina y hasta el 85% de etanol. La norma se publicit\u00f3 ampliamente como un gran paso hacia la industrializaci\u00f3n, e incluso cr\u00edticos y analistas la apoyaron, aseguraron que impulsar\u00e1 las inversiones, disminuir\u00e1 la importaci\u00f3n de di\u00e9sel y gasolina y ayudar\u00e1 a la preservaci\u00f3n del medio ambiente.<br \/>\nLa tecnolog\u00eda de carburantes flexibles, como alternativa a los combustibles f\u00f3siles, est\u00e1 ganado terreno en casi todo el mundo, compitiendo incluso con los autos el\u00e9ctricos. Su uso se ha extendido ampliamente en Brasil, donde el 83% de los veh\u00edculos nuevos tiene motor flex, y est\u00e1 creciendo en Colombia, Per\u00fa y Paraguay. En Estados Unidos (el mayor productor mundial de etanol), Canad\u00e1, algunos pa\u00edses europeos y recientemente en la India, los avances son importantes principalmente porque marcas mundiales como Renault, Volkswagen, Hyundai y Toyota ya fabrican y venden motorizados que funcionan con casi cualquier proporci\u00f3n de alcohol y gasolina.<br \/>\nEl uso del flex fuel ha demostrado tener ventajas importantes, como la reducci\u00f3n de emisiones de gases de efecto invernadero, mayor seguridad energ\u00e9tica, ahorro en las importaciones de combustible e impulso a la agricultura local. Sin embargo, tambi\u00e9n tiene algunas desventajas, como un rendimiento ligeramente inferior cuando se aplica mayor proporci\u00f3n de etanol, impacto en el precio y menor cantidad de estaciones de servicio que ofertan el producto.<br \/>\nEn Bolivia, la decisi\u00f3n de incursionar en esta tecnolog\u00eda forma parte del esfuerzo gubernamental para disminuir el enorme gasto provocado por el incremento de la importaci\u00f3n de gasolina y di\u00e9sel que, en 2023, alcanz\u00f3 los 3 mil millones de d\u00f3lares. Con el incentivo, el costo de importaci\u00f3n de este tipo de veh\u00edculos disminuir\u00eda en 15% y, con el ingreso de 10.000 unidades, se disminuir\u00eda en 100 millones de Bs la subvenci\u00f3n de carburantes.<br \/>\nSin embargo, y aunque la intenci\u00f3n es destacable, es necesario reflexionar sobre la sostenibilidad y viabilidad de un plan de esas dimensiones. Inicialmente, recordemos que no es la primera iniciativa que asume el Estado para disminuir la dependencia de la importaci\u00f3n de gasolina. Entre 2014 y 2019 se implement\u00f3 una pol\u00edtica agresiva de transformaci\u00f3n de motores a Gas Natural Vehicular que logr\u00f3 aplicarse a 400.000 veh\u00edculos, es decir casi el 20% del parque actual. Debido a la aparente debacle del ciclo gas\u00edfero y la necesidad de cubrir el mercado de exportaciones, ese plan se encuentra hoy en la incertidumbre.<br \/>\nPor otro lado, el gobierno actual, a trav\u00e9s del DS 4.539, ya dispuso una serie de incentivos para la importaci\u00f3n de veh\u00edculos h\u00edbridos o el\u00e9ctricos que empezaron a ser adquiridos e incluso ensamblados en Bolivia, sin embargo, la falta de una pol\u00edtica integral ha impedido su implementaci\u00f3n sostenida, y los resultados son poco significativos.<br \/>\nLa m\u00e1s importante barrera que debe enfrentar este plan tiene que ver con la provisi\u00f3n de etanol, que se obtiene fundamentalmente de la ca\u00f1a de az\u00facar, aunque tambi\u00e9n de otros productos como el ma\u00edz o el sorgo. La producci\u00f3n actual de estos vegetales para su uso como carburante es limitada y no permite cubrir una alta demanda, por eso mismo es necesaria su ampliaci\u00f3n a trav\u00e9s del uso de biotecnolog\u00eda.<br \/>\nLamentablemente hasta ahora el gobierno es reacio a aprobarla, quiz\u00e1 por la barrera impuesta por el Art. 24 de la Ley Marco de la Madre Tierra, que ordena \u201cProhibir la producci\u00f3n de agrocombustibles y la comercializaci\u00f3n de productos agr\u00edcolas para la producci\u00f3n de los mismos\u201d. Mientras este escollo no se solucione, iniciativas como el Decreto Supremo 5.142 no podr\u00e1n implementarse adecuadamente porque se enfrentar\u00e1n al riesgo de la insuficiente provisi\u00f3n de etanol, sea por los da\u00f1os a las plantaciones, sea por la necesidad de cubrir los cupos de exportaci\u00f3n o sea porque se debe priorizar el mercado alimenticio.<br \/>\nTodos estamos de acuerdo con la disminuci\u00f3n del d\u00e9ficit y la autosuficiencia energ\u00e9tica, y el uso de los veh\u00edculos flex fuel es una de las varias opciones exitosas que se aplican en el mundo para transitar hacia formas de energ\u00eda limpia. Precisamente por eso, es necesario garantizar que su implementaci\u00f3n sea sostenible m\u00e1s all\u00e1 de las urgencias coyunturales. La soluci\u00f3n al problema de fondo, que es la aprobaci\u00f3n de la biotecnolog\u00eda, no solo es el primer paso sino el m\u00e1s importante para asegurar que esta iniciativa cumpla el objetivo por el que fue creado.<\/p>\n<p>El autor es Industrial y ex presidente de la Confederaci\u00f3n de Empresarios Privados de Bolivia.<\/p>\n","protected":false},"excerpt":{"rendered":"<p>El pasado 10 de abril, el Gobierno nacional emiti\u00f3 el Decreto Supremo 5.142 que busca \u201cincentivar el uso de aditivos de origen vegetal a trav\u00e9s de la importaci\u00f3n de veh\u00edculos con tecnolog\u00eda flex fuel\u201d, es decir autom\u00f3viles capaces de operar con una mezcla variable de gasolina y hasta el 85% de etanol. La norma se [&hellip;]<\/p>\n","protected":false},"author":1,"featured_media":188324,"comment_status":"open","ping_status":"open","sticky":false,"template":"","format":"standard","meta":{"_acf_changed":false,"footnotes":""},"categories":[9],"tags":[],"class_list":["post-214867","post","type-post","status-publish","format-standard","has-post-thumbnail","category-opinion"],"acf":{"antetitulo":""},"yoast_head":"<!-- This site is optimized with the Yoast SEO plugin v28.4 - https:\/\/yoast.com\/product\/yoast-seo-wordpress\/ -->\n<title>Hacia una transici\u00f3n energ\u00e9tica sostenible - El Diario - Bolivia<\/title>\n<meta name=\"robots\" content=\"index, follow, max-snippet:-1, max-image-preview:large, max-video-preview:-1\" \/>\n<link rel=\"canonical\" href=\"https:\/\/www.eldiario.net\/portal\/2024\/04\/17\/hacia-una-transicion-energetica-sostenible\/\" \/>\n<meta property=\"og:locale\" content=\"es_ES\" \/>\n<meta property=\"og:type\" content=\"article\" \/>\n<meta property=\"og:title\" content=\"Hacia una transici\u00f3n energ\u00e9tica sostenible - El Diario - Bolivia\" \/>\n<meta property=\"og:description\" content=\"El pasado 10 de abril, el Gobierno nacional emiti\u00f3 el Decreto Supremo 5.142 que busca \u201cincentivar el uso de aditivos de origen vegetal a trav\u00e9s de la importaci\u00f3n de veh\u00edculos con tecnolog\u00eda flex fuel\u201d, es decir autom\u00f3viles capaces de operar con una mezcla variable de gasolina y hasta el 85% de etanol. La norma se [&hellip;]\" \/>\n<meta property=\"og:url\" content=\"https:\/\/www.eldiario.net\/portal\/2024\/04\/17\/hacia-una-transicion-energetica-sostenible\/\" \/>\n<meta property=\"og:site_name\" content=\"El Diario - Bolivia\" \/>\n<meta property=\"article:publisher\" content=\"https:\/\/www.facebook.com\/eldiario.bolivia\/\" \/>\n<meta property=\"article:published_time\" content=\"2024-04-17T11:14:33+00:00\" \/>\n<meta property=\"og:image\" content=\"https:\/\/www.eldiario.net\/portal\/wp-content\/uploads\/2023\/11\/Ronald-Nostas-Ardaya.jpg\" \/>\n\t<meta property=\"og:image:width\" content=\"1200\" \/>\n\t<meta property=\"og:image:height\" content=\"628\" \/>\n\t<meta property=\"og:image:type\" content=\"image\/jpeg\" \/>\n<meta name=\"author\" content=\"Jeanette\" \/>\n<meta name=\"twitter:card\" content=\"summary_large_image\" \/>\n<meta name=\"twitter:creator\" content=\"@eldiario_net\" \/>\n<meta name=\"twitter:site\" content=\"@eldiario_net\" \/>\n<meta name=\"twitter:label1\" content=\"Escrito por\" \/>\n\t<meta name=\"twitter:data1\" content=\"Jeanette\" \/>\n\t<meta name=\"twitter:label2\" content=\"Tiempo de lectura\" \/>\n\t<meta name=\"twitter:data2\" content=\"4 minutos\" \/>\n<script type=\"application\/ld+json\" class=\"yoast-schema-graph\">{\"@context\":\"https:\\\/\\\/schema.org\",\"@graph\":[{\"@type\":\"Article\",\"@id\":\"https:\\\/\\\/www.eldiario.net\\\/portal\\\/2024\\\/04\\\/17\\\/hacia-una-transicion-energetica-sostenible\\\/#article\",\"isPartOf\":{\"@id\":\"https:\\\/\\\/www.eldiario.net\\\/portal\\\/2024\\\/04\\\/17\\\/hacia-una-transicion-energetica-sostenible\\\/\"},\"author\":{\"name\":\"Jeanette\",\"@id\":\"https:\\\/\\\/www.eldiario.net\\\/portal\\\/#\\\/schema\\\/person\\\/f46445640444750d7d753ccd04ae01b7\"},\"headline\":\"Hacia una transici\u00f3n energ\u00e9tica sostenible\",\"datePublished\":\"2024-04-17T11:14:33+00:00\",\"mainEntityOfPage\":{\"@id\":\"https:\\\/\\\/www.eldiario.net\\\/portal\\\/2024\\\/04\\\/17\\\/hacia-una-transicion-energetica-sostenible\\\/\"},\"wordCount\":825,\"commentCount\":0,\"publisher\":{\"@id\":\"https:\\\/\\\/www.eldiario.net\\\/portal\\\/#organization\"},\"image\":{\"@id\":\"https:\\\/\\\/www.eldiario.net\\\/portal\\\/2024\\\/04\\\/17\\\/hacia-una-transicion-energetica-sostenible\\\/#primaryimage\"},\"thumbnailUrl\":\"https:\\\/\\\/www.eldiario.net\\\/portal\\\/wp-content\\\/uploads\\\/2023\\\/11\\\/Ronald-Nostas-Ardaya.jpg\",\"articleSection\":[\"Opini\u00f3n\"],\"inLanguage\":\"es\",\"potentialAction\":[{\"@type\":\"CommentAction\",\"name\":\"Comment\",\"target\":[\"https:\\\/\\\/www.eldiario.net\\\/portal\\\/2024\\\/04\\\/17\\\/hacia-una-transicion-energetica-sostenible\\\/#respond\"]}]},{\"@type\":\"WebPage\",\"@id\":\"https:\\\/\\\/www.eldiario.net\\\/portal\\\/2024\\\/04\\\/17\\\/hacia-una-transicion-energetica-sostenible\\\/\",\"url\":\"https:\\\/\\\/www.eldiario.net\\\/portal\\\/2024\\\/04\\\/17\\\/hacia-una-transicion-energetica-sostenible\\\/\",\"name\":\"Hacia una transici\u00f3n energ\u00e9tica sostenible - El Diario - Bolivia\",\"isPartOf\":{\"@id\":\"https:\\\/\\\/www.eldiario.net\\\/portal\\\/#website\"},\"primaryImageOfPage\":{\"@id\":\"https:\\\/\\\/www.eldiario.net\\\/portal\\\/2024\\\/04\\\/17\\\/hacia-una-transicion-energetica-sostenible\\\/#primaryimage\"},\"image\":{\"@id\":\"https:\\\/\\\/www.eldiario.net\\\/portal\\\/2024\\\/04\\\/17\\\/hacia-una-transicion-energetica-sostenible\\\/#primaryimage\"},\"thumbnailUrl\":\"https:\\\/\\\/www.eldiario.net\\\/portal\\\/wp-content\\\/uploads\\\/2023\\\/11\\\/Ronald-Nostas-Ardaya.jpg\",\"datePublished\":\"2024-04-17T11:14:33+00:00\",\"breadcrumb\":{\"@id\":\"https:\\\/\\\/www.eldiario.net\\\/portal\\\/2024\\\/04\\\/17\\\/hacia-una-transicion-energetica-sostenible\\\/#breadcrumb\"},\"inLanguage\":\"es\",\"potentialAction\":[{\"@type\":\"ReadAction\",\"target\":[\"https:\\\/\\\/www.eldiario.net\\\/portal\\\/2024\\\/04\\\/17\\\/hacia-una-transicion-energetica-sostenible\\\/\"]}]},{\"@type\":\"ImageObject\",\"inLanguage\":\"es\",\"@id\":\"https:\\\/\\\/www.eldiario.net\\\/portal\\\/2024\\\/04\\\/17\\\/hacia-una-transicion-energetica-sostenible\\\/#primaryimage\",\"url\":\"https:\\\/\\\/www.eldiario.net\\\/portal\\\/wp-content\\\/uploads\\\/2023\\\/11\\\/Ronald-Nostas-Ardaya.jpg\",\"contentUrl\":\"https:\\\/\\\/www.eldiario.net\\\/portal\\\/wp-content\\\/uploads\\\/2023\\\/11\\\/Ronald-Nostas-Ardaya.jpg\",\"width\":1200,\"height\":628,\"caption\":\"Ronald Nostas Ardaya\"},{\"@type\":\"BreadcrumbList\",\"@id\":\"https:\\\/\\\/www.eldiario.net\\\/portal\\\/2024\\\/04\\\/17\\\/hacia-una-transicion-energetica-sostenible\\\/#breadcrumb\",\"itemListElement\":[{\"@type\":\"ListItem\",\"position\":1,\"name\":\"Portada\",\"item\":\"https:\\\/\\\/www.eldiario.net\\\/portal\\\/\"},{\"@type\":\"ListItem\",\"position\":2,\"name\":\"Hacia una transici\u00f3n energ\u00e9tica sostenible\"}]},{\"@type\":\"WebSite\",\"@id\":\"https:\\\/\\\/www.eldiario.net\\\/portal\\\/#website\",\"url\":\"https:\\\/\\\/www.eldiario.net\\\/portal\\\/\",\"name\":\"El Diario - Decano de la prensa nacional\",\"description\":\"El Diario - Decano de la prensa nacional\",\"publisher\":{\"@id\":\"https:\\\/\\\/www.eldiario.net\\\/portal\\\/#organization\"},\"potentialAction\":[{\"@type\":\"SearchAction\",\"target\":{\"@type\":\"EntryPoint\",\"urlTemplate\":\"https:\\\/\\\/www.eldiario.net\\\/portal\\\/?s={search_term_string}\"},\"query-input\":{\"@type\":\"PropertyValueSpecification\",\"valueRequired\":true,\"valueName\":\"search_term_string\"}}],\"inLanguage\":\"es\"},{\"@type\":\"Organization\",\"@id\":\"https:\\\/\\\/www.eldiario.net\\\/portal\\\/#organization\",\"name\":\"El Diario - Decano de la prensa nacional\",\"url\":\"https:\\\/\\\/www.eldiario.net\\\/portal\\\/\",\"logo\":{\"@type\":\"ImageObject\",\"inLanguage\":\"es\",\"@id\":\"https:\\\/\\\/www.eldiario.net\\\/portal\\\/#\\\/schema\\\/logo\\\/image\\\/\",\"url\":\"https:\\\/\\\/www.eldiario.net\\\/portal\\\/wp-content\\\/uploads\\\/2023\\\/07\\\/logo_ED.jpg\",\"contentUrl\":\"https:\\\/\\\/www.eldiario.net\\\/portal\\\/wp-content\\\/uploads\\\/2023\\\/07\\\/logo_ED.jpg\",\"width\":272,\"height\":52,\"caption\":\"El Diario - Decano de la prensa nacional\"},\"image\":{\"@id\":\"https:\\\/\\\/www.eldiario.net\\\/portal\\\/#\\\/schema\\\/logo\\\/image\\\/\"},\"sameAs\":[\"https:\\\/\\\/www.facebook.com\\\/eldiario.bolivia\\\/\",\"https:\\\/\\\/x.com\\\/eldiario_net\"]},{\"@type\":\"Person\",\"@id\":\"https:\\\/\\\/www.eldiario.net\\\/portal\\\/#\\\/schema\\\/person\\\/f46445640444750d7d753ccd04ae01b7\",\"name\":\"Jeanette\",\"image\":{\"@type\":\"ImageObject\",\"inLanguage\":\"es\",\"@id\":\"https:\\\/\\\/secure.gravatar.com\\\/avatar\\\/3ea2118a5f7dad2b7138b1187a6b7ee55f160b9968b66013c3a3ef39dd7e5798?s=96&d=mm&r=g\",\"url\":\"https:\\\/\\\/secure.gravatar.com\\\/avatar\\\/3ea2118a5f7dad2b7138b1187a6b7ee55f160b9968b66013c3a3ef39dd7e5798?s=96&d=mm&r=g\",\"contentUrl\":\"https:\\\/\\\/secure.gravatar.com\\\/avatar\\\/3ea2118a5f7dad2b7138b1187a6b7ee55f160b9968b66013c3a3ef39dd7e5798?s=96&d=mm&r=g\",\"caption\":\"Jeanette\"},\"sameAs\":[\"https:\\\/\\\/www.eldiario.net\\\/portal\"],\"url\":\"https:\\\/\\\/www.eldiario.net\\\/portal\\\/author\\\/jeanette\\\/\"}]}<\/script>\n<!-- \/ Yoast SEO plugin. -->","yoast_head_json":{"title":"Hacia una transici\u00f3n energ\u00e9tica sostenible - El Diario - Bolivia","robots":{"index":"index","follow":"follow","max-snippet":"max-snippet:-1","max-image-preview":"max-image-preview:large","max-video-preview":"max-video-preview:-1"},"canonical":"https:\/\/www.eldiario.net\/portal\/2024\/04\/17\/hacia-una-transicion-energetica-sostenible\/","og_locale":"es_ES","og_type":"article","og_title":"Hacia una transici\u00f3n energ\u00e9tica sostenible - El Diario - Bolivia","og_description":"El pasado 10 de abril, el Gobierno nacional emiti\u00f3 el Decreto Supremo 5.142 que busca \u201cincentivar el uso de aditivos de origen vegetal a trav\u00e9s de la importaci\u00f3n de veh\u00edculos con tecnolog\u00eda flex fuel\u201d, es decir autom\u00f3viles capaces de operar con una mezcla variable de gasolina y hasta el 85% de etanol. La norma se [&hellip;]","og_url":"https:\/\/www.eldiario.net\/portal\/2024\/04\/17\/hacia-una-transicion-energetica-sostenible\/","og_site_name":"El Diario - Bolivia","article_publisher":"https:\/\/www.facebook.com\/eldiario.bolivia\/","article_published_time":"2024-04-17T11:14:33+00:00","og_image":[{"width":1200,"height":628,"url":"https:\/\/www.eldiario.net\/portal\/wp-content\/uploads\/2023\/11\/Ronald-Nostas-Ardaya.jpg","type":"image\/jpeg"}],"author":"Jeanette","twitter_card":"summary_large_image","twitter_creator":"@eldiario_net","twitter_site":"@eldiario_net","twitter_misc":{"Escrito por":"Jeanette","Tiempo de lectura":"4 minutos"},"schema":{"@context":"https:\/\/schema.org","@graph":[{"@type":"Article","@id":"https:\/\/www.eldiario.net\/portal\/2024\/04\/17\/hacia-una-transicion-energetica-sostenible\/#article","isPartOf":{"@id":"https:\/\/www.eldiario.net\/portal\/2024\/04\/17\/hacia-una-transicion-energetica-sostenible\/"},"author":{"name":"Jeanette","@id":"https:\/\/www.eldiario.net\/portal\/#\/schema\/person\/f46445640444750d7d753ccd04ae01b7"},"headline":"Hacia una transici\u00f3n energ\u00e9tica sostenible","datePublished":"2024-04-17T11:14:33+00:00","mainEntityOfPage":{"@id":"https:\/\/www.eldiario.net\/portal\/2024\/04\/17\/hacia-una-transicion-energetica-sostenible\/"},"wordCount":825,"commentCount":0,"publisher":{"@id":"https:\/\/www.eldiario.net\/portal\/#organization"},"image":{"@id":"https:\/\/www.eldiario.net\/portal\/2024\/04\/17\/hacia-una-transicion-energetica-sostenible\/#primaryimage"},"thumbnailUrl":"https:\/\/www.eldiario.net\/portal\/wp-content\/uploads\/2023\/11\/Ronald-Nostas-Ardaya.jpg","articleSection":["Opini\u00f3n"],"inLanguage":"es","potentialAction":[{"@type":"CommentAction","name":"Comment","target":["https:\/\/www.eldiario.net\/portal\/2024\/04\/17\/hacia-una-transicion-energetica-sostenible\/#respond"]}]},{"@type":"WebPage","@id":"https:\/\/www.eldiario.net\/portal\/2024\/04\/17\/hacia-una-transicion-energetica-sostenible\/","url":"https:\/\/www.eldiario.net\/portal\/2024\/04\/17\/hacia-una-transicion-energetica-sostenible\/","name":"Hacia una transici\u00f3n energ\u00e9tica sostenible - El Diario - Bolivia","isPartOf":{"@id":"https:\/\/www.eldiario.net\/portal\/#website"},"primaryImageOfPage":{"@id":"https:\/\/www.eldiario.net\/portal\/2024\/04\/17\/hacia-una-transicion-energetica-sostenible\/#primaryimage"},"image":{"@id":"https:\/\/www.eldiario.net\/portal\/2024\/04\/17\/hacia-una-transicion-energetica-sostenible\/#primaryimage"},"thumbnailUrl":"https:\/\/www.eldiario.net\/portal\/wp-content\/uploads\/2023\/11\/Ronald-Nostas-Ardaya.jpg","datePublished":"2024-04-17T11:14:33+00:00","breadcrumb":{"@id":"https:\/\/www.eldiario.net\/portal\/2024\/04\/17\/hacia-una-transicion-energetica-sostenible\/#breadcrumb"},"inLanguage":"es","potentialAction":[{"@type":"ReadAction","target":["https:\/\/www.eldiario.net\/portal\/2024\/04\/17\/hacia-una-transicion-energetica-sostenible\/"]}]},{"@type":"ImageObject","inLanguage":"es","@id":"https:\/\/www.eldiario.net\/portal\/2024\/04\/17\/hacia-una-transicion-energetica-sostenible\/#primaryimage","url":"https:\/\/www.eldiario.net\/portal\/wp-content\/uploads\/2023\/11\/Ronald-Nostas-Ardaya.jpg","contentUrl":"https:\/\/www.eldiario.net\/portal\/wp-content\/uploads\/2023\/11\/Ronald-Nostas-Ardaya.jpg","width":1200,"height":628,"caption":"Ronald Nostas Ardaya"},{"@type":"BreadcrumbList","@id":"https:\/\/www.eldiario.net\/portal\/2024\/04\/17\/hacia-una-transicion-energetica-sostenible\/#breadcrumb","itemListElement":[{"@type":"ListItem","position":1,"name":"Portada","item":"https:\/\/www.eldiario.net\/portal\/"},{"@type":"ListItem","position":2,"name":"Hacia una transici\u00f3n energ\u00e9tica sostenible"}]},{"@type":"WebSite","@id":"https:\/\/www.eldiario.net\/portal\/#website","url":"https:\/\/www.eldiario.net\/portal\/","name":"El Diario - Decano de la prensa nacional","description":"El Diario - Decano de la prensa nacional","publisher":{"@id":"https:\/\/www.eldiario.net\/portal\/#organization"},"potentialAction":[{"@type":"SearchAction","target":{"@type":"EntryPoint","urlTemplate":"https:\/\/www.eldiario.net\/portal\/?s={search_term_string}"},"query-input":{"@type":"PropertyValueSpecification","valueRequired":true,"valueName":"search_term_string"}}],"inLanguage":"es"},{"@type":"Organization","@id":"https:\/\/www.eldiario.net\/portal\/#organization","name":"El Diario - Decano de la prensa nacional","url":"https:\/\/www.eldiario.net\/portal\/","logo":{"@type":"ImageObject","inLanguage":"es","@id":"https:\/\/www.eldiario.net\/portal\/#\/schema\/logo\/image\/","url":"https:\/\/www.eldiario.net\/portal\/wp-content\/uploads\/2023\/07\/logo_ED.jpg","contentUrl":"https:\/\/www.eldiario.net\/portal\/wp-content\/uploads\/2023\/07\/logo_ED.jpg","width":272,"height":52,"caption":"El Diario - Decano de la prensa nacional"},"image":{"@id":"https:\/\/www.eldiario.net\/portal\/#\/schema\/logo\/image\/"},"sameAs":["https:\/\/www.facebook.com\/eldiario.bolivia\/","https:\/\/x.com\/eldiario_net"]},{"@type":"Person","@id":"https:\/\/www.eldiario.net\/portal\/#\/schema\/person\/f46445640444750d7d753ccd04ae01b7","name":"Jeanette","image":{"@type":"ImageObject","inLanguage":"es","@id":"https:\/\/secure.gravatar.com\/avatar\/3ea2118a5f7dad2b7138b1187a6b7ee55f160b9968b66013c3a3ef39dd7e5798?s=96&d=mm&r=g","url":"https:\/\/secure.gravatar.com\/avatar\/3ea2118a5f7dad2b7138b1187a6b7ee55f160b9968b66013c3a3ef39dd7e5798?s=96&d=mm&r=g","contentUrl":"https:\/\/secure.gravatar.com\/avatar\/3ea2118a5f7dad2b7138b1187a6b7ee55f160b9968b66013c3a3ef39dd7e5798?s=96&d=mm&r=g","caption":"Jeanette"},"sameAs":["https:\/\/www.eldiario.net\/portal"],"url":"https:\/\/www.eldiario.net\/portal\/author\/jeanette\/"}]}},"_links":{"self":[{"href":"https:\/\/www.eldiario.net\/portal\/wp-json\/wp\/v2\/posts\/214867","targetHints":{"allow":["GET"]}}],"collection":[{"href":"https:\/\/www.eldiario.net\/portal\/wp-json\/wp\/v2\/posts"}],"about":[{"href":"https:\/\/www.eldiario.net\/portal\/wp-json\/wp\/v2\/types\/post"}],"author":[{"embeddable":true,"href":"https:\/\/www.eldiario.net\/portal\/wp-json\/wp\/v2\/users\/1"}],"replies":[{"embeddable":true,"href":"https:\/\/www.eldiario.net\/portal\/wp-json\/wp\/v2\/comments?post=214867"}],"version-history":[{"count":1,"href":"https:\/\/www.eldiario.net\/portal\/wp-json\/wp\/v2\/posts\/214867\/revisions"}],"predecessor-version":[{"id":214868,"href":"https:\/\/www.eldiario.net\/portal\/wp-json\/wp\/v2\/posts\/214867\/revisions\/214868"}],"wp:featuredmedia":[{"embeddable":true,"href":"https:\/\/www.eldiario.net\/portal\/wp-json\/wp\/v2\/media\/188324"}],"wp:attachment":[{"href":"https:\/\/www.eldiario.net\/portal\/wp-json\/wp\/v2\/media?parent=214867"}],"wp:term":[{"taxonomy":"category","embeddable":true,"href":"https:\/\/www.eldiario.net\/portal\/wp-json\/wp\/v2\/categories?post=214867"},{"taxonomy":"post_tag","embeddable":true,"href":"https:\/\/www.eldiario.net\/portal\/wp-json\/wp\/v2\/tags?post=214867"}],"curies":[{"name":"wp","href":"https:\/\/api.w.org\/{rel}","templated":true}]}}