{"id":214865,"date":"2024-04-17T07:13:58","date_gmt":"2024-04-17T11:13:58","guid":{"rendered":"https:\/\/www.eldiario.net\/portal\/?p=214865"},"modified":"2024-04-17T07:13:58","modified_gmt":"2024-04-17T11:13:58","slug":"hasta-ahora-no-aprendemos-a-pescar","status":"publish","type":"post","link":"https:\/\/www.eldiario.net\/portal\/2024\/04\/17\/hasta-ahora-no-aprendemos-a-pescar\/","title":{"rendered":"Hasta ahora no aprendemos a pescar"},"content":{"rendered":"<p>Que los ricos se hagan pobres, as\u00ed comenz\u00f3 su gesti\u00f3n el gobierno del MAS; ten\u00eda los ejemplos de Cuba y Venezuela, su motivaci\u00f3n pol\u00edtica fue combatir a quienes daban trabajo al mismo tiempo que acumulaban fortuna; por cierto, en desmedro de la mano de obra, porque de los desocupados apenas se acordaban. La idea fija era extinguir a la \u201coligarqu\u00eda vende patria\u201d. La ley sobre reconducci\u00f3n agraria, fue el inicio del asedio al sector agropecuario, las tierras revertidas pasaron al dominio originario de la naci\u00f3n; decir \u201clatifundista\u201d ten\u00eda acento de agresi\u00f3n.<br \/>\nEl sector agroindustrial estaba atemorizado, se anunci\u00f3 que las f\u00e1bricas formar\u00edan parte del Estado; duros ataques contra la miner\u00eda que en gran parte se apropi\u00f3 el gobierno. La explotaci\u00f3n gas\u00edfera y petrolera fue \u201cnacionalizada\u201d. Si bien los bancos recibieron amenazas, m\u00e1s tarde se enriquecieron, pues la tasa pasiva qued\u00f3 baja, mientras que la activa subi\u00f3 hasta ocho puntos. El d\u00f3lar fue perjudicado y se impuso la \u201cbolivianizaci\u00f3n\u201d. El comercio exterior privado fue sometido a cuotas de exportaci\u00f3n restrictivas y tr\u00e1mites dilatorios, se debilit\u00f3 ante el comercio internacional.<br \/>\nPor ese tiempo se habl\u00f3 mucho y fuerte sobre los campesinos pobres y se fortalecieron los movimientos sociales, ser empresario era malo, sin\u00f3nimo de rico neoliberal y de haberse \u201cenriquecido con el hambre del pueblo\u201d. El discurso confrontativo entre occidente y oriente se contamin\u00f3, ser colla y camba era denigrante, seg\u00fan de donde mire. Aunque no par\u00f3 la migraci\u00f3n, \u201ccollita\u201d para disimular el poco aprecio, \u201ccolla\u201d como desafecto discriminador, lo mismo que al otro lado decir \u201ccamba\u201d ten\u00eda fuerte connotaci\u00f3n.<br \/>\nLa oposici\u00f3n partidaria fue doblegada y acab\u00f3 por desaparecer, el opositor era enemigo de la patria y del \u201cproceso de cambio\u201d, por tanto, hab\u00eda que castigar; al exilio por cientos, perseguidos, presos y encarcelados; se instal\u00f3 la discriminaci\u00f3n racista: los aymaras creyeron ser m\u00e1s que los quechuas, denigraron a los blancos, y teniendo apellidos extranjeros peor. Transformaron una cultura sencilla y sumisa, en otra inculcada en el odio: lleg\u00f3 la hora de cobrar por los quinientos a\u00f1os, no hab\u00eda raz\u00f3n para el perd\u00f3n.<br \/>\nPor ese af\u00e1n de acabar con los ricos, se olvidaron de los verdaderamente pobres, o consideraron que el mejor modo de ayudarles era construyendo canchas de f\u00fatbol y coliseos; nacieron los subsidios a los alimentos. En el a\u00f1o 2009 reapareci\u00f3 el inter\u00e9s para ocuparse de los humildes desfavorecidos, reactivaron el fondo de desarrollo con 500 millones de d\u00f3lares; m\u00e1s de un millar de proyectos rurales incorporados al plan, decenas de poblaciones del campo ser\u00edan beneficiadas. Se nombr\u00f3 nueva Ministra de Desarrollo y Tierras, en el a\u00f1o 2010. Se trataba del Fondo de desarrollo para los pueblos ind\u00edgenas originarios y comunidades campesinas (Fondioc). Entregaron semillas, abonos, ganado y maquinaria agr\u00edcola, todo parec\u00eda andar bien, los rurales recib\u00edan apoyo, estaban aprendiendo a pescar. No tard\u00f3 un a\u00f1o para descubrirse malos manejos, varios coautores, sindic\u00e1ndose unos a otros, terminaron encarcelados, pero del dinero, nada; los n\u00fameros nunca fueron claros.<br \/>\nEn buenas cuentas, el dinero se esfum\u00f3. De tal manera que cuanto pretend\u00edan no se hizo, y qued\u00f3 pendiente, por hacer (a\u00fan no saben pescar). Entre ineptos e incapaces todo parece dif\u00edcil. Se trata de que los pobres tengan m\u00e1s dinero y patrimonio, alcanzando mejores niveles de bienestar (vivir bien); que los pobres de hoy (rurales y urbanos), tengan opciones con fondos de fomento y los caminos abiertos para que, trabajando como todos, su riqueza aumente (no es con bonos, tampoco con discursos), y comprueben que cada vez son m\u00e1s iguales, sin estar pendientes esperando la repartija que llegue como producto de haber empobrecido a los ricos, porque nunca lleg\u00f3 la hora de redistribuir riqueza, menos la que ten\u00eda el gobierno en sus arcas, que en buenos tiempos lleg\u00f3 a 15 mil millones.<br \/>\nMil millones como capital de trabajo, capacitaci\u00f3n y supervisi\u00f3n, hubieran logrado mucho, Eso tambi\u00e9n implica una transformaci\u00f3n cultural: el deseo de no querer ser pobres, salvo que, el Socialismo del Siglo XXI, tenga por intenci\u00f3n mantener la pobreza y empobrecer al pueblo; pues por lo que se ve, no est\u00e1n quedando dudas.<\/p>\n<p>El autor es periodista.<\/p>\n","protected":false},"excerpt":{"rendered":"<p>Que los ricos se hagan pobres, as\u00ed comenz\u00f3 su gesti\u00f3n el gobierno del MAS; ten\u00eda los ejemplos de Cuba y Venezuela, su motivaci\u00f3n pol\u00edtica fue combatir a quienes daban trabajo al mismo tiempo que acumulaban fortuna; por cierto, en desmedro de la mano de obra, porque de los desocupados apenas se acordaban. La idea fija [&hellip;]<\/p>\n","protected":false},"author":1,"featured_media":166360,"comment_status":"open","ping_status":"open","sticky":false,"template":"","format":"standard","meta":{"_acf_changed":false,"footnotes":""},"categories":[9],"tags":[],"class_list":["post-214865","post","type-post","status-publish","format-standard","has-post-thumbnail","category-opinion"],"acf":{"antetitulo":""},"yoast_head":"<!-- This site is optimized with the Yoast SEO plugin v28.4 - https:\/\/yoast.com\/product\/yoast-seo-wordpress\/ -->\n<title>Hasta ahora no aprendemos a pescar - El Diario - Bolivia<\/title>\n<meta name=\"robots\" content=\"index, follow, max-snippet:-1, max-image-preview:large, max-video-preview:-1\" \/>\n<link rel=\"canonical\" href=\"https:\/\/www.eldiario.net\/portal\/2024\/04\/17\/hasta-ahora-no-aprendemos-a-pescar\/\" \/>\n<meta property=\"og:locale\" content=\"es_ES\" \/>\n<meta property=\"og:type\" content=\"article\" \/>\n<meta property=\"og:title\" content=\"Hasta ahora no aprendemos a pescar - El Diario - Bolivia\" \/>\n<meta property=\"og:description\" content=\"Que los ricos se hagan pobres, as\u00ed comenz\u00f3 su gesti\u00f3n el gobierno del MAS; ten\u00eda los ejemplos de Cuba y Venezuela, su motivaci\u00f3n pol\u00edtica fue combatir a quienes daban trabajo al mismo tiempo que acumulaban fortuna; por cierto, en desmedro de la mano de obra, porque de los desocupados apenas se acordaban. La idea fija [&hellip;]\" \/>\n<meta property=\"og:url\" content=\"https:\/\/www.eldiario.net\/portal\/2024\/04\/17\/hasta-ahora-no-aprendemos-a-pescar\/\" \/>\n<meta property=\"og:site_name\" content=\"El Diario - Bolivia\" \/>\n<meta property=\"article:publisher\" content=\"https:\/\/www.facebook.com\/eldiario.bolivia\/\" \/>\n<meta property=\"article:published_time\" content=\"2024-04-17T11:13:58+00:00\" \/>\n<meta property=\"og:image\" content=\"https:\/\/www.eldiario.net\/portal\/wp-content\/uploads\/2023\/07\/Mario-Malpartida.jpg\" \/>\n\t<meta property=\"og:image:width\" content=\"1200\" \/>\n\t<meta property=\"og:image:height\" content=\"628\" \/>\n\t<meta property=\"og:image:type\" content=\"image\/jpeg\" \/>\n<meta name=\"author\" content=\"Jeanette\" \/>\n<meta name=\"twitter:card\" content=\"summary_large_image\" \/>\n<meta name=\"twitter:creator\" content=\"@eldiario_net\" \/>\n<meta name=\"twitter:site\" content=\"@eldiario_net\" \/>\n<meta name=\"twitter:label1\" content=\"Escrito por\" \/>\n\t<meta name=\"twitter:data1\" content=\"Jeanette\" \/>\n\t<meta name=\"twitter:label2\" content=\"Tiempo de lectura\" \/>\n\t<meta name=\"twitter:data2\" content=\"4 minutos\" \/>\n<script type=\"application\/ld+json\" class=\"yoast-schema-graph\">{\"@context\":\"https:\\\/\\\/schema.org\",\"@graph\":[{\"@type\":\"Article\",\"@id\":\"https:\\\/\\\/www.eldiario.net\\\/portal\\\/2024\\\/04\\\/17\\\/hasta-ahora-no-aprendemos-a-pescar\\\/#article\",\"isPartOf\":{\"@id\":\"https:\\\/\\\/www.eldiario.net\\\/portal\\\/2024\\\/04\\\/17\\\/hasta-ahora-no-aprendemos-a-pescar\\\/\"},\"author\":{\"name\":\"Jeanette\",\"@id\":\"https:\\\/\\\/www.eldiario.net\\\/portal\\\/#\\\/schema\\\/person\\\/f46445640444750d7d753ccd04ae01b7\"},\"headline\":\"Hasta ahora no aprendemos a pescar\",\"datePublished\":\"2024-04-17T11:13:58+00:00\",\"mainEntityOfPage\":{\"@id\":\"https:\\\/\\\/www.eldiario.net\\\/portal\\\/2024\\\/04\\\/17\\\/hasta-ahora-no-aprendemos-a-pescar\\\/\"},\"wordCount\":737,\"commentCount\":0,\"publisher\":{\"@id\":\"https:\\\/\\\/www.eldiario.net\\\/portal\\\/#organization\"},\"image\":{\"@id\":\"https:\\\/\\\/www.eldiario.net\\\/portal\\\/2024\\\/04\\\/17\\\/hasta-ahora-no-aprendemos-a-pescar\\\/#primaryimage\"},\"thumbnailUrl\":\"https:\\\/\\\/www.eldiario.net\\\/portal\\\/wp-content\\\/uploads\\\/2023\\\/07\\\/Mario-Malpartida.jpg\",\"articleSection\":[\"Opini\u00f3n\"],\"inLanguage\":\"es\",\"potentialAction\":[{\"@type\":\"CommentAction\",\"name\":\"Comment\",\"target\":[\"https:\\\/\\\/www.eldiario.net\\\/portal\\\/2024\\\/04\\\/17\\\/hasta-ahora-no-aprendemos-a-pescar\\\/#respond\"]}]},{\"@type\":\"WebPage\",\"@id\":\"https:\\\/\\\/www.eldiario.net\\\/portal\\\/2024\\\/04\\\/17\\\/hasta-ahora-no-aprendemos-a-pescar\\\/\",\"url\":\"https:\\\/\\\/www.eldiario.net\\\/portal\\\/2024\\\/04\\\/17\\\/hasta-ahora-no-aprendemos-a-pescar\\\/\",\"name\":\"Hasta ahora no aprendemos a pescar - El Diario - Bolivia\",\"isPartOf\":{\"@id\":\"https:\\\/\\\/www.eldiario.net\\\/portal\\\/#website\"},\"primaryImageOfPage\":{\"@id\":\"https:\\\/\\\/www.eldiario.net\\\/portal\\\/2024\\\/04\\\/17\\\/hasta-ahora-no-aprendemos-a-pescar\\\/#primaryimage\"},\"image\":{\"@id\":\"https:\\\/\\\/www.eldiario.net\\\/portal\\\/2024\\\/04\\\/17\\\/hasta-ahora-no-aprendemos-a-pescar\\\/#primaryimage\"},\"thumbnailUrl\":\"https:\\\/\\\/www.eldiario.net\\\/portal\\\/wp-content\\\/uploads\\\/2023\\\/07\\\/Mario-Malpartida.jpg\",\"datePublished\":\"2024-04-17T11:13:58+00:00\",\"breadcrumb\":{\"@id\":\"https:\\\/\\\/www.eldiario.net\\\/portal\\\/2024\\\/04\\\/17\\\/hasta-ahora-no-aprendemos-a-pescar\\\/#breadcrumb\"},\"inLanguage\":\"es\",\"potentialAction\":[{\"@type\":\"ReadAction\",\"target\":[\"https:\\\/\\\/www.eldiario.net\\\/portal\\\/2024\\\/04\\\/17\\\/hasta-ahora-no-aprendemos-a-pescar\\\/\"]}]},{\"@type\":\"ImageObject\",\"inLanguage\":\"es\",\"@id\":\"https:\\\/\\\/www.eldiario.net\\\/portal\\\/2024\\\/04\\\/17\\\/hasta-ahora-no-aprendemos-a-pescar\\\/#primaryimage\",\"url\":\"https:\\\/\\\/www.eldiario.net\\\/portal\\\/wp-content\\\/uploads\\\/2023\\\/07\\\/Mario-Malpartida.jpg\",\"contentUrl\":\"https:\\\/\\\/www.eldiario.net\\\/portal\\\/wp-content\\\/uploads\\\/2023\\\/07\\\/Mario-Malpartida.jpg\",\"width\":1200,\"height\":628,\"caption\":\"Mario Malpartida\"},{\"@type\":\"BreadcrumbList\",\"@id\":\"https:\\\/\\\/www.eldiario.net\\\/portal\\\/2024\\\/04\\\/17\\\/hasta-ahora-no-aprendemos-a-pescar\\\/#breadcrumb\",\"itemListElement\":[{\"@type\":\"ListItem\",\"position\":1,\"name\":\"Portada\",\"item\":\"https:\\\/\\\/www.eldiario.net\\\/portal\\\/\"},{\"@type\":\"ListItem\",\"position\":2,\"name\":\"Hasta ahora no aprendemos a pescar\"}]},{\"@type\":\"WebSite\",\"@id\":\"https:\\\/\\\/www.eldiario.net\\\/portal\\\/#website\",\"url\":\"https:\\\/\\\/www.eldiario.net\\\/portal\\\/\",\"name\":\"El Diario - Decano de la prensa nacional\",\"description\":\"El Diario - Decano de la prensa nacional\",\"publisher\":{\"@id\":\"https:\\\/\\\/www.eldiario.net\\\/portal\\\/#organization\"},\"potentialAction\":[{\"@type\":\"SearchAction\",\"target\":{\"@type\":\"EntryPoint\",\"urlTemplate\":\"https:\\\/\\\/www.eldiario.net\\\/portal\\\/?s={search_term_string}\"},\"query-input\":{\"@type\":\"PropertyValueSpecification\",\"valueRequired\":true,\"valueName\":\"search_term_string\"}}],\"inLanguage\":\"es\"},{\"@type\":\"Organization\",\"@id\":\"https:\\\/\\\/www.eldiario.net\\\/portal\\\/#organization\",\"name\":\"El Diario - Decano de la prensa nacional\",\"url\":\"https:\\\/\\\/www.eldiario.net\\\/portal\\\/\",\"logo\":{\"@type\":\"ImageObject\",\"inLanguage\":\"es\",\"@id\":\"https:\\\/\\\/www.eldiario.net\\\/portal\\\/#\\\/schema\\\/logo\\\/image\\\/\",\"url\":\"https:\\\/\\\/www.eldiario.net\\\/portal\\\/wp-content\\\/uploads\\\/2023\\\/07\\\/logo_ED.jpg\",\"contentUrl\":\"https:\\\/\\\/www.eldiario.net\\\/portal\\\/wp-content\\\/uploads\\\/2023\\\/07\\\/logo_ED.jpg\",\"width\":272,\"height\":52,\"caption\":\"El Diario - Decano de la prensa nacional\"},\"image\":{\"@id\":\"https:\\\/\\\/www.eldiario.net\\\/portal\\\/#\\\/schema\\\/logo\\\/image\\\/\"},\"sameAs\":[\"https:\\\/\\\/www.facebook.com\\\/eldiario.bolivia\\\/\",\"https:\\\/\\\/x.com\\\/eldiario_net\"]},{\"@type\":\"Person\",\"@id\":\"https:\\\/\\\/www.eldiario.net\\\/portal\\\/#\\\/schema\\\/person\\\/f46445640444750d7d753ccd04ae01b7\",\"name\":\"Jeanette\",\"image\":{\"@type\":\"ImageObject\",\"inLanguage\":\"es\",\"@id\":\"https:\\\/\\\/secure.gravatar.com\\\/avatar\\\/3ea2118a5f7dad2b7138b1187a6b7ee55f160b9968b66013c3a3ef39dd7e5798?s=96&d=mm&r=g\",\"url\":\"https:\\\/\\\/secure.gravatar.com\\\/avatar\\\/3ea2118a5f7dad2b7138b1187a6b7ee55f160b9968b66013c3a3ef39dd7e5798?s=96&d=mm&r=g\",\"contentUrl\":\"https:\\\/\\\/secure.gravatar.com\\\/avatar\\\/3ea2118a5f7dad2b7138b1187a6b7ee55f160b9968b66013c3a3ef39dd7e5798?s=96&d=mm&r=g\",\"caption\":\"Jeanette\"},\"sameAs\":[\"https:\\\/\\\/www.eldiario.net\\\/portal\"],\"url\":\"https:\\\/\\\/www.eldiario.net\\\/portal\\\/author\\\/jeanette\\\/\"}]}<\/script>\n<!-- \/ Yoast SEO plugin. -->","yoast_head_json":{"title":"Hasta ahora no aprendemos a pescar - El Diario - Bolivia","robots":{"index":"index","follow":"follow","max-snippet":"max-snippet:-1","max-image-preview":"max-image-preview:large","max-video-preview":"max-video-preview:-1"},"canonical":"https:\/\/www.eldiario.net\/portal\/2024\/04\/17\/hasta-ahora-no-aprendemos-a-pescar\/","og_locale":"es_ES","og_type":"article","og_title":"Hasta ahora no aprendemos a pescar - El Diario - Bolivia","og_description":"Que los ricos se hagan pobres, as\u00ed comenz\u00f3 su gesti\u00f3n el gobierno del MAS; ten\u00eda los ejemplos de Cuba y Venezuela, su motivaci\u00f3n pol\u00edtica fue combatir a quienes daban trabajo al mismo tiempo que acumulaban fortuna; por cierto, en desmedro de la mano de obra, porque de los desocupados apenas se acordaban. La idea fija [&hellip;]","og_url":"https:\/\/www.eldiario.net\/portal\/2024\/04\/17\/hasta-ahora-no-aprendemos-a-pescar\/","og_site_name":"El Diario - Bolivia","article_publisher":"https:\/\/www.facebook.com\/eldiario.bolivia\/","article_published_time":"2024-04-17T11:13:58+00:00","og_image":[{"width":1200,"height":628,"url":"https:\/\/www.eldiario.net\/portal\/wp-content\/uploads\/2023\/07\/Mario-Malpartida.jpg","type":"image\/jpeg"}],"author":"Jeanette","twitter_card":"summary_large_image","twitter_creator":"@eldiario_net","twitter_site":"@eldiario_net","twitter_misc":{"Escrito por":"Jeanette","Tiempo de lectura":"4 minutos"},"schema":{"@context":"https:\/\/schema.org","@graph":[{"@type":"Article","@id":"https:\/\/www.eldiario.net\/portal\/2024\/04\/17\/hasta-ahora-no-aprendemos-a-pescar\/#article","isPartOf":{"@id":"https:\/\/www.eldiario.net\/portal\/2024\/04\/17\/hasta-ahora-no-aprendemos-a-pescar\/"},"author":{"name":"Jeanette","@id":"https:\/\/www.eldiario.net\/portal\/#\/schema\/person\/f46445640444750d7d753ccd04ae01b7"},"headline":"Hasta ahora no aprendemos a pescar","datePublished":"2024-04-17T11:13:58+00:00","mainEntityOfPage":{"@id":"https:\/\/www.eldiario.net\/portal\/2024\/04\/17\/hasta-ahora-no-aprendemos-a-pescar\/"},"wordCount":737,"commentCount":0,"publisher":{"@id":"https:\/\/www.eldiario.net\/portal\/#organization"},"image":{"@id":"https:\/\/www.eldiario.net\/portal\/2024\/04\/17\/hasta-ahora-no-aprendemos-a-pescar\/#primaryimage"},"thumbnailUrl":"https:\/\/www.eldiario.net\/portal\/wp-content\/uploads\/2023\/07\/Mario-Malpartida.jpg","articleSection":["Opini\u00f3n"],"inLanguage":"es","potentialAction":[{"@type":"CommentAction","name":"Comment","target":["https:\/\/www.eldiario.net\/portal\/2024\/04\/17\/hasta-ahora-no-aprendemos-a-pescar\/#respond"]}]},{"@type":"WebPage","@id":"https:\/\/www.eldiario.net\/portal\/2024\/04\/17\/hasta-ahora-no-aprendemos-a-pescar\/","url":"https:\/\/www.eldiario.net\/portal\/2024\/04\/17\/hasta-ahora-no-aprendemos-a-pescar\/","name":"Hasta ahora no aprendemos a pescar - El Diario - Bolivia","isPartOf":{"@id":"https:\/\/www.eldiario.net\/portal\/#website"},"primaryImageOfPage":{"@id":"https:\/\/www.eldiario.net\/portal\/2024\/04\/17\/hasta-ahora-no-aprendemos-a-pescar\/#primaryimage"},"image":{"@id":"https:\/\/www.eldiario.net\/portal\/2024\/04\/17\/hasta-ahora-no-aprendemos-a-pescar\/#primaryimage"},"thumbnailUrl":"https:\/\/www.eldiario.net\/portal\/wp-content\/uploads\/2023\/07\/Mario-Malpartida.jpg","datePublished":"2024-04-17T11:13:58+00:00","breadcrumb":{"@id":"https:\/\/www.eldiario.net\/portal\/2024\/04\/17\/hasta-ahora-no-aprendemos-a-pescar\/#breadcrumb"},"inLanguage":"es","potentialAction":[{"@type":"ReadAction","target":["https:\/\/www.eldiario.net\/portal\/2024\/04\/17\/hasta-ahora-no-aprendemos-a-pescar\/"]}]},{"@type":"ImageObject","inLanguage":"es","@id":"https:\/\/www.eldiario.net\/portal\/2024\/04\/17\/hasta-ahora-no-aprendemos-a-pescar\/#primaryimage","url":"https:\/\/www.eldiario.net\/portal\/wp-content\/uploads\/2023\/07\/Mario-Malpartida.jpg","contentUrl":"https:\/\/www.eldiario.net\/portal\/wp-content\/uploads\/2023\/07\/Mario-Malpartida.jpg","width":1200,"height":628,"caption":"Mario Malpartida"},{"@type":"BreadcrumbList","@id":"https:\/\/www.eldiario.net\/portal\/2024\/04\/17\/hasta-ahora-no-aprendemos-a-pescar\/#breadcrumb","itemListElement":[{"@type":"ListItem","position":1,"name":"Portada","item":"https:\/\/www.eldiario.net\/portal\/"},{"@type":"ListItem","position":2,"name":"Hasta ahora no aprendemos a pescar"}]},{"@type":"WebSite","@id":"https:\/\/www.eldiario.net\/portal\/#website","url":"https:\/\/www.eldiario.net\/portal\/","name":"El Diario - Decano de la prensa nacional","description":"El Diario - Decano de la prensa nacional","publisher":{"@id":"https:\/\/www.eldiario.net\/portal\/#organization"},"potentialAction":[{"@type":"SearchAction","target":{"@type":"EntryPoint","urlTemplate":"https:\/\/www.eldiario.net\/portal\/?s={search_term_string}"},"query-input":{"@type":"PropertyValueSpecification","valueRequired":true,"valueName":"search_term_string"}}],"inLanguage":"es"},{"@type":"Organization","@id":"https:\/\/www.eldiario.net\/portal\/#organization","name":"El Diario - Decano de la prensa nacional","url":"https:\/\/www.eldiario.net\/portal\/","logo":{"@type":"ImageObject","inLanguage":"es","@id":"https:\/\/www.eldiario.net\/portal\/#\/schema\/logo\/image\/","url":"https:\/\/www.eldiario.net\/portal\/wp-content\/uploads\/2023\/07\/logo_ED.jpg","contentUrl":"https:\/\/www.eldiario.net\/portal\/wp-content\/uploads\/2023\/07\/logo_ED.jpg","width":272,"height":52,"caption":"El Diario - Decano de la prensa nacional"},"image":{"@id":"https:\/\/www.eldiario.net\/portal\/#\/schema\/logo\/image\/"},"sameAs":["https:\/\/www.facebook.com\/eldiario.bolivia\/","https:\/\/x.com\/eldiario_net"]},{"@type":"Person","@id":"https:\/\/www.eldiario.net\/portal\/#\/schema\/person\/f46445640444750d7d753ccd04ae01b7","name":"Jeanette","image":{"@type":"ImageObject","inLanguage":"es","@id":"https:\/\/secure.gravatar.com\/avatar\/3ea2118a5f7dad2b7138b1187a6b7ee55f160b9968b66013c3a3ef39dd7e5798?s=96&d=mm&r=g","url":"https:\/\/secure.gravatar.com\/avatar\/3ea2118a5f7dad2b7138b1187a6b7ee55f160b9968b66013c3a3ef39dd7e5798?s=96&d=mm&r=g","contentUrl":"https:\/\/secure.gravatar.com\/avatar\/3ea2118a5f7dad2b7138b1187a6b7ee55f160b9968b66013c3a3ef39dd7e5798?s=96&d=mm&r=g","caption":"Jeanette"},"sameAs":["https:\/\/www.eldiario.net\/portal"],"url":"https:\/\/www.eldiario.net\/portal\/author\/jeanette\/"}]}},"_links":{"self":[{"href":"https:\/\/www.eldiario.net\/portal\/wp-json\/wp\/v2\/posts\/214865","targetHints":{"allow":["GET"]}}],"collection":[{"href":"https:\/\/www.eldiario.net\/portal\/wp-json\/wp\/v2\/posts"}],"about":[{"href":"https:\/\/www.eldiario.net\/portal\/wp-json\/wp\/v2\/types\/post"}],"author":[{"embeddable":true,"href":"https:\/\/www.eldiario.net\/portal\/wp-json\/wp\/v2\/users\/1"}],"replies":[{"embeddable":true,"href":"https:\/\/www.eldiario.net\/portal\/wp-json\/wp\/v2\/comments?post=214865"}],"version-history":[{"count":1,"href":"https:\/\/www.eldiario.net\/portal\/wp-json\/wp\/v2\/posts\/214865\/revisions"}],"predecessor-version":[{"id":214866,"href":"https:\/\/www.eldiario.net\/portal\/wp-json\/wp\/v2\/posts\/214865\/revisions\/214866"}],"wp:featuredmedia":[{"embeddable":true,"href":"https:\/\/www.eldiario.net\/portal\/wp-json\/wp\/v2\/media\/166360"}],"wp:attachment":[{"href":"https:\/\/www.eldiario.net\/portal\/wp-json\/wp\/v2\/media?parent=214865"}],"wp:term":[{"taxonomy":"category","embeddable":true,"href":"https:\/\/www.eldiario.net\/portal\/wp-json\/wp\/v2\/categories?post=214865"},{"taxonomy":"post_tag","embeddable":true,"href":"https:\/\/www.eldiario.net\/portal\/wp-json\/wp\/v2\/tags?post=214865"}],"curies":[{"name":"wp","href":"https:\/\/api.w.org\/{rel}","templated":true}]}}