{"id":214858,"date":"2024-04-17T07:11:28","date_gmt":"2024-04-17T11:11:28","guid":{"rendered":"https:\/\/www.eldiario.net\/portal\/?p=214858"},"modified":"2024-04-17T07:11:28","modified_gmt":"2024-04-17T11:11:28","slug":"bajas-temperaturas-seguiran-afectando-a-valles-y-altiplano","status":"publish","type":"post","link":"https:\/\/www.eldiario.net\/portal\/2024\/04\/17\/bajas-temperaturas-seguiran-afectando-a-valles-y-altiplano\/","title":{"rendered":"Bajas temperaturas seguir\u00e1n  afectando a valles y altiplano"},"content":{"rendered":"<p>Desde Navegaci\u00f3n A\u00e9rea y Aeropuertos Bolivianos (Naabol) se confirm\u00f3 que el pa\u00eds se encuentra atravesando un frente fr\u00edo el cual ingres\u00f3 por el lado sur, lo que generar\u00e1 que las bajas temperaturas sigan afectando a los valles y altiplano.<br \/>\nEl pronosticador, Jos\u00e9 Maldonado, indic\u00f3 que las bajas temperaturas han afectado principalmente al lado sur de Bolivia, en regiones como el chaco, los llanos y el oriente.<br \/>\n\u201cSe han ido registrando lluvias y tambi\u00e9n ha afectado a la regi\u00f3n de los llanos orientales, como el departamento de Santa Cruz, Beni y Pando donde ha habido lluvias acompa\u00f1adas de tormentas el\u00e9ctricas\u201d, manifest\u00f3.<br \/>\nSin embargo, el pronosticador explic\u00f3 que se prev\u00e9 que las temperaturas han tenido una baja considerable en varios departamentos, como en el chaco donde la temperatura ha estado entre los 16 y 18 grados, mientras que en Santa Cruz la m\u00ednima fue de 21 grados.<br \/>\nPor otra parte, en la regi\u00f3n del altiplano las temperaturas han tenido un mayor descenso, sobre todo las m\u00ednimas, como en la pasada jornada de lunes donde Uyuni ha registrado una temperatura de cinco grados bajo cero.<br \/>\nDe la misma manera, Cochabamba tuvo una m\u00ednima de 10 grados el lunes y se prev\u00e9 que llegue a bajar hasta los 8 en los pr\u00f3ximos d\u00edas.<br \/>\nSEGUIR\u00c1 LLOVIENDO<br \/>\nSeg\u00fan el pron\u00f3stico de Naabol, las temperaturas bajas seguir\u00e1n en los pr\u00f3ximos d\u00edas y afectar\u00e1n principalmente a la zona de los valles y el altiplano.<br \/>\nSin embargo, se estima que al menos hasta hoy se presenten precipitaciones pluviales que llegar\u00e1n principalmente en el norte del pa\u00eds en departamentos como Beni, el norte de La Paz y Pando debido a que la l\u00ednea estacionaria genera inestabilidad.<br \/>\nETAPA DE TRANSICI\u00d3N<br \/>\n\u201cEstamos en una etapa de transici\u00f3n, estamos saliendo de la temporada h\u00fameda para ingresar a la temporada seca, a partir del mes de mayo para adelante las temperaturas tienden a descender mucho m\u00e1s, los meses m\u00e1s fr\u00edos que se tienen en el a\u00f1o son junio y julio\u201d, agreg\u00f3. (Agencias)<\/p>\n","protected":false},"excerpt":{"rendered":"<p>Desde Navegaci\u00f3n A\u00e9rea y Aeropuertos Bolivianos (Naabol) se confirm\u00f3 que el pa\u00eds se encuentra atravesando un frente fr\u00edo el cual ingres\u00f3 por el lado sur, lo que generar\u00e1 que las bajas temperaturas sigan afectando a los valles y altiplano. El pronosticador, Jos\u00e9 Maldonado, indic\u00f3 que las bajas temperaturas han afectado principalmente al lado sur de [&hellip;]<\/p>\n","protected":false},"author":1,"featured_media":214859,"comment_status":"open","ping_status":"open","sticky":false,"template":"","format":"standard","meta":{"_acf_changed":false,"footnotes":""},"categories":[12],"tags":[],"class_list":["post-214858","post","type-post","status-publish","format-standard","has-post-thumbnail","category-nacional"],"acf":{"antetitulo":""},"yoast_head":"<!-- This site is optimized with the Yoast SEO plugin v28.4 - https:\/\/yoast.com\/product\/yoast-seo-wordpress\/ -->\n<title>Bajas temperaturas seguir\u00e1n afectando a valles y altiplano - El Diario - Bolivia<\/title>\n<meta name=\"robots\" content=\"index, follow, max-snippet:-1, max-image-preview:large, max-video-preview:-1\" \/>\n<link rel=\"canonical\" href=\"https:\/\/www.eldiario.net\/portal\/2024\/04\/17\/bajas-temperaturas-seguiran-afectando-a-valles-y-altiplano\/\" \/>\n<meta property=\"og:locale\" content=\"es_ES\" \/>\n<meta property=\"og:type\" content=\"article\" \/>\n<meta property=\"og:title\" content=\"Bajas temperaturas seguir\u00e1n afectando a valles y altiplano - El Diario - Bolivia\" \/>\n<meta property=\"og:description\" content=\"Desde Navegaci\u00f3n A\u00e9rea y Aeropuertos Bolivianos (Naabol) se confirm\u00f3 que el pa\u00eds se encuentra atravesando un frente fr\u00edo el cual ingres\u00f3 por el lado sur, lo que generar\u00e1 que las bajas temperaturas sigan afectando a los valles y altiplano. El pronosticador, Jos\u00e9 Maldonado, indic\u00f3 que las bajas temperaturas han afectado principalmente al lado sur de [&hellip;]\" \/>\n<meta property=\"og:url\" content=\"https:\/\/www.eldiario.net\/portal\/2024\/04\/17\/bajas-temperaturas-seguiran-afectando-a-valles-y-altiplano\/\" \/>\n<meta property=\"og:site_name\" content=\"El Diario - Bolivia\" \/>\n<meta property=\"article:publisher\" content=\"https:\/\/www.facebook.com\/eldiario.bolivia\/\" \/>\n<meta property=\"article:published_time\" content=\"2024-04-17T11:11:28+00:00\" \/>\n<meta property=\"og:image\" content=\"https:\/\/www.eldiario.net\/portal\/wp-content\/uploads\/2024\/04\/10-NAL-1.jpg\" \/>\n\t<meta property=\"og:image:width\" content=\"1024\" \/>\n\t<meta property=\"og:image:height\" content=\"512\" \/>\n\t<meta property=\"og:image:type\" content=\"image\/jpeg\" \/>\n<meta name=\"author\" content=\"Jeanette\" \/>\n<meta name=\"twitter:card\" content=\"summary_large_image\" \/>\n<meta name=\"twitter:creator\" content=\"@eldiario_net\" \/>\n<meta name=\"twitter:site\" content=\"@eldiario_net\" \/>\n<meta name=\"twitter:label1\" content=\"Escrito por\" \/>\n\t<meta name=\"twitter:data1\" content=\"Jeanette\" \/>\n\t<meta name=\"twitter:label2\" content=\"Tiempo de lectura\" \/>\n\t<meta name=\"twitter:data2\" content=\"2 minutos\" \/>\n<script type=\"application\/ld+json\" class=\"yoast-schema-graph\">{\"@context\":\"https:\\\/\\\/schema.org\",\"@graph\":[{\"@type\":\"Article\",\"@id\":\"https:\\\/\\\/www.eldiario.net\\\/portal\\\/2024\\\/04\\\/17\\\/bajas-temperaturas-seguiran-afectando-a-valles-y-altiplano\\\/#article\",\"isPartOf\":{\"@id\":\"https:\\\/\\\/www.eldiario.net\\\/portal\\\/2024\\\/04\\\/17\\\/bajas-temperaturas-seguiran-afectando-a-valles-y-altiplano\\\/\"},\"author\":{\"name\":\"Jeanette\",\"@id\":\"https:\\\/\\\/www.eldiario.net\\\/portal\\\/#\\\/schema\\\/person\\\/f46445640444750d7d753ccd04ae01b7\"},\"headline\":\"Bajas temperaturas seguir\u00e1n afectando a valles y altiplano\",\"datePublished\":\"2024-04-17T11:11:28+00:00\",\"mainEntityOfPage\":{\"@id\":\"https:\\\/\\\/www.eldiario.net\\\/portal\\\/2024\\\/04\\\/17\\\/bajas-temperaturas-seguiran-afectando-a-valles-y-altiplano\\\/\"},\"wordCount\":362,\"commentCount\":0,\"publisher\":{\"@id\":\"https:\\\/\\\/www.eldiario.net\\\/portal\\\/#organization\"},\"image\":{\"@id\":\"https:\\\/\\\/www.eldiario.net\\\/portal\\\/2024\\\/04\\\/17\\\/bajas-temperaturas-seguiran-afectando-a-valles-y-altiplano\\\/#primaryimage\"},\"thumbnailUrl\":\"https:\\\/\\\/www.eldiario.net\\\/portal\\\/wp-content\\\/uploads\\\/2024\\\/04\\\/10-NAL-1.jpg\",\"articleSection\":[\"Nacional\"],\"inLanguage\":\"es\",\"potentialAction\":[{\"@type\":\"CommentAction\",\"name\":\"Comment\",\"target\":[\"https:\\\/\\\/www.eldiario.net\\\/portal\\\/2024\\\/04\\\/17\\\/bajas-temperaturas-seguiran-afectando-a-valles-y-altiplano\\\/#respond\"]}]},{\"@type\":\"WebPage\",\"@id\":\"https:\\\/\\\/www.eldiario.net\\\/portal\\\/2024\\\/04\\\/17\\\/bajas-temperaturas-seguiran-afectando-a-valles-y-altiplano\\\/\",\"url\":\"https:\\\/\\\/www.eldiario.net\\\/portal\\\/2024\\\/04\\\/17\\\/bajas-temperaturas-seguiran-afectando-a-valles-y-altiplano\\\/\",\"name\":\"Bajas temperaturas seguir\u00e1n afectando a valles y altiplano - El Diario - Bolivia\",\"isPartOf\":{\"@id\":\"https:\\\/\\\/www.eldiario.net\\\/portal\\\/#website\"},\"primaryImageOfPage\":{\"@id\":\"https:\\\/\\\/www.eldiario.net\\\/portal\\\/2024\\\/04\\\/17\\\/bajas-temperaturas-seguiran-afectando-a-valles-y-altiplano\\\/#primaryimage\"},\"image\":{\"@id\":\"https:\\\/\\\/www.eldiario.net\\\/portal\\\/2024\\\/04\\\/17\\\/bajas-temperaturas-seguiran-afectando-a-valles-y-altiplano\\\/#primaryimage\"},\"thumbnailUrl\":\"https:\\\/\\\/www.eldiario.net\\\/portal\\\/wp-content\\\/uploads\\\/2024\\\/04\\\/10-NAL-1.jpg\",\"datePublished\":\"2024-04-17T11:11:28+00:00\",\"breadcrumb\":{\"@id\":\"https:\\\/\\\/www.eldiario.net\\\/portal\\\/2024\\\/04\\\/17\\\/bajas-temperaturas-seguiran-afectando-a-valles-y-altiplano\\\/#breadcrumb\"},\"inLanguage\":\"es\",\"potentialAction\":[{\"@type\":\"ReadAction\",\"target\":[\"https:\\\/\\\/www.eldiario.net\\\/portal\\\/2024\\\/04\\\/17\\\/bajas-temperaturas-seguiran-afectando-a-valles-y-altiplano\\\/\"]}]},{\"@type\":\"ImageObject\",\"inLanguage\":\"es\",\"@id\":\"https:\\\/\\\/www.eldiario.net\\\/portal\\\/2024\\\/04\\\/17\\\/bajas-temperaturas-seguiran-afectando-a-valles-y-altiplano\\\/#primaryimage\",\"url\":\"https:\\\/\\\/www.eldiario.net\\\/portal\\\/wp-content\\\/uploads\\\/2024\\\/04\\\/10-NAL-1.jpg\",\"contentUrl\":\"https:\\\/\\\/www.eldiario.net\\\/portal\\\/wp-content\\\/uploads\\\/2024\\\/04\\\/10-NAL-1.jpg\",\"width\":1024,\"height\":512,\"caption\":\"SE ESPERA QUE LA TEMPORADA DE LLUVIAS CONCLUYA DESPU\u00c9S DEL FRENTE FR\u00cdO QUE AFECTA ESPECIALMENTE A LOS VALLES.\"},{\"@type\":\"BreadcrumbList\",\"@id\":\"https:\\\/\\\/www.eldiario.net\\\/portal\\\/2024\\\/04\\\/17\\\/bajas-temperaturas-seguiran-afectando-a-valles-y-altiplano\\\/#breadcrumb\",\"itemListElement\":[{\"@type\":\"ListItem\",\"position\":1,\"name\":\"Portada\",\"item\":\"https:\\\/\\\/www.eldiario.net\\\/portal\\\/\"},{\"@type\":\"ListItem\",\"position\":2,\"name\":\"Bajas temperaturas seguir\u00e1n afectando a valles y altiplano\"}]},{\"@type\":\"WebSite\",\"@id\":\"https:\\\/\\\/www.eldiario.net\\\/portal\\\/#website\",\"url\":\"https:\\\/\\\/www.eldiario.net\\\/portal\\\/\",\"name\":\"El Diario - Decano de la prensa nacional\",\"description\":\"El Diario - Decano de la prensa nacional\",\"publisher\":{\"@id\":\"https:\\\/\\\/www.eldiario.net\\\/portal\\\/#organization\"},\"potentialAction\":[{\"@type\":\"SearchAction\",\"target\":{\"@type\":\"EntryPoint\",\"urlTemplate\":\"https:\\\/\\\/www.eldiario.net\\\/portal\\\/?s={search_term_string}\"},\"query-input\":{\"@type\":\"PropertyValueSpecification\",\"valueRequired\":true,\"valueName\":\"search_term_string\"}}],\"inLanguage\":\"es\"},{\"@type\":\"Organization\",\"@id\":\"https:\\\/\\\/www.eldiario.net\\\/portal\\\/#organization\",\"name\":\"El Diario - Decano de la prensa nacional\",\"url\":\"https:\\\/\\\/www.eldiario.net\\\/portal\\\/\",\"logo\":{\"@type\":\"ImageObject\",\"inLanguage\":\"es\",\"@id\":\"https:\\\/\\\/www.eldiario.net\\\/portal\\\/#\\\/schema\\\/logo\\\/image\\\/\",\"url\":\"https:\\\/\\\/www.eldiario.net\\\/portal\\\/wp-content\\\/uploads\\\/2023\\\/07\\\/logo_ED.jpg\",\"contentUrl\":\"https:\\\/\\\/www.eldiario.net\\\/portal\\\/wp-content\\\/uploads\\\/2023\\\/07\\\/logo_ED.jpg\",\"width\":272,\"height\":52,\"caption\":\"El Diario - Decano de la prensa nacional\"},\"image\":{\"@id\":\"https:\\\/\\\/www.eldiario.net\\\/portal\\\/#\\\/schema\\\/logo\\\/image\\\/\"},\"sameAs\":[\"https:\\\/\\\/www.facebook.com\\\/eldiario.bolivia\\\/\",\"https:\\\/\\\/x.com\\\/eldiario_net\"]},{\"@type\":\"Person\",\"@id\":\"https:\\\/\\\/www.eldiario.net\\\/portal\\\/#\\\/schema\\\/person\\\/f46445640444750d7d753ccd04ae01b7\",\"name\":\"Jeanette\",\"image\":{\"@type\":\"ImageObject\",\"inLanguage\":\"es\",\"@id\":\"https:\\\/\\\/secure.gravatar.com\\\/avatar\\\/3ea2118a5f7dad2b7138b1187a6b7ee55f160b9968b66013c3a3ef39dd7e5798?s=96&d=mm&r=g\",\"url\":\"https:\\\/\\\/secure.gravatar.com\\\/avatar\\\/3ea2118a5f7dad2b7138b1187a6b7ee55f160b9968b66013c3a3ef39dd7e5798?s=96&d=mm&r=g\",\"contentUrl\":\"https:\\\/\\\/secure.gravatar.com\\\/avatar\\\/3ea2118a5f7dad2b7138b1187a6b7ee55f160b9968b66013c3a3ef39dd7e5798?s=96&d=mm&r=g\",\"caption\":\"Jeanette\"},\"sameAs\":[\"https:\\\/\\\/www.eldiario.net\\\/portal\"],\"url\":\"https:\\\/\\\/www.eldiario.net\\\/portal\\\/author\\\/jeanette\\\/\"}]}<\/script>\n<!-- \/ Yoast SEO plugin. -->","yoast_head_json":{"title":"Bajas temperaturas seguir\u00e1n afectando a valles y altiplano - El Diario - Bolivia","robots":{"index":"index","follow":"follow","max-snippet":"max-snippet:-1","max-image-preview":"max-image-preview:large","max-video-preview":"max-video-preview:-1"},"canonical":"https:\/\/www.eldiario.net\/portal\/2024\/04\/17\/bajas-temperaturas-seguiran-afectando-a-valles-y-altiplano\/","og_locale":"es_ES","og_type":"article","og_title":"Bajas temperaturas seguir\u00e1n afectando a valles y altiplano - El Diario - Bolivia","og_description":"Desde Navegaci\u00f3n A\u00e9rea y Aeropuertos Bolivianos (Naabol) se confirm\u00f3 que el pa\u00eds se encuentra atravesando un frente fr\u00edo el cual ingres\u00f3 por el lado sur, lo que generar\u00e1 que las bajas temperaturas sigan afectando a los valles y altiplano. El pronosticador, Jos\u00e9 Maldonado, indic\u00f3 que las bajas temperaturas han afectado principalmente al lado sur de [&hellip;]","og_url":"https:\/\/www.eldiario.net\/portal\/2024\/04\/17\/bajas-temperaturas-seguiran-afectando-a-valles-y-altiplano\/","og_site_name":"El Diario - Bolivia","article_publisher":"https:\/\/www.facebook.com\/eldiario.bolivia\/","article_published_time":"2024-04-17T11:11:28+00:00","og_image":[{"width":1024,"height":512,"url":"https:\/\/www.eldiario.net\/portal\/wp-content\/uploads\/2024\/04\/10-NAL-1.jpg","type":"image\/jpeg"}],"author":"Jeanette","twitter_card":"summary_large_image","twitter_creator":"@eldiario_net","twitter_site":"@eldiario_net","twitter_misc":{"Escrito por":"Jeanette","Tiempo de lectura":"2 minutos"},"schema":{"@context":"https:\/\/schema.org","@graph":[{"@type":"Article","@id":"https:\/\/www.eldiario.net\/portal\/2024\/04\/17\/bajas-temperaturas-seguiran-afectando-a-valles-y-altiplano\/#article","isPartOf":{"@id":"https:\/\/www.eldiario.net\/portal\/2024\/04\/17\/bajas-temperaturas-seguiran-afectando-a-valles-y-altiplano\/"},"author":{"name":"Jeanette","@id":"https:\/\/www.eldiario.net\/portal\/#\/schema\/person\/f46445640444750d7d753ccd04ae01b7"},"headline":"Bajas temperaturas seguir\u00e1n afectando a valles y altiplano","datePublished":"2024-04-17T11:11:28+00:00","mainEntityOfPage":{"@id":"https:\/\/www.eldiario.net\/portal\/2024\/04\/17\/bajas-temperaturas-seguiran-afectando-a-valles-y-altiplano\/"},"wordCount":362,"commentCount":0,"publisher":{"@id":"https:\/\/www.eldiario.net\/portal\/#organization"},"image":{"@id":"https:\/\/www.eldiario.net\/portal\/2024\/04\/17\/bajas-temperaturas-seguiran-afectando-a-valles-y-altiplano\/#primaryimage"},"thumbnailUrl":"https:\/\/www.eldiario.net\/portal\/wp-content\/uploads\/2024\/04\/10-NAL-1.jpg","articleSection":["Nacional"],"inLanguage":"es","potentialAction":[{"@type":"CommentAction","name":"Comment","target":["https:\/\/www.eldiario.net\/portal\/2024\/04\/17\/bajas-temperaturas-seguiran-afectando-a-valles-y-altiplano\/#respond"]}]},{"@type":"WebPage","@id":"https:\/\/www.eldiario.net\/portal\/2024\/04\/17\/bajas-temperaturas-seguiran-afectando-a-valles-y-altiplano\/","url":"https:\/\/www.eldiario.net\/portal\/2024\/04\/17\/bajas-temperaturas-seguiran-afectando-a-valles-y-altiplano\/","name":"Bajas temperaturas seguir\u00e1n afectando a valles y altiplano - El Diario - Bolivia","isPartOf":{"@id":"https:\/\/www.eldiario.net\/portal\/#website"},"primaryImageOfPage":{"@id":"https:\/\/www.eldiario.net\/portal\/2024\/04\/17\/bajas-temperaturas-seguiran-afectando-a-valles-y-altiplano\/#primaryimage"},"image":{"@id":"https:\/\/www.eldiario.net\/portal\/2024\/04\/17\/bajas-temperaturas-seguiran-afectando-a-valles-y-altiplano\/#primaryimage"},"thumbnailUrl":"https:\/\/www.eldiario.net\/portal\/wp-content\/uploads\/2024\/04\/10-NAL-1.jpg","datePublished":"2024-04-17T11:11:28+00:00","breadcrumb":{"@id":"https:\/\/www.eldiario.net\/portal\/2024\/04\/17\/bajas-temperaturas-seguiran-afectando-a-valles-y-altiplano\/#breadcrumb"},"inLanguage":"es","potentialAction":[{"@type":"ReadAction","target":["https:\/\/www.eldiario.net\/portal\/2024\/04\/17\/bajas-temperaturas-seguiran-afectando-a-valles-y-altiplano\/"]}]},{"@type":"ImageObject","inLanguage":"es","@id":"https:\/\/www.eldiario.net\/portal\/2024\/04\/17\/bajas-temperaturas-seguiran-afectando-a-valles-y-altiplano\/#primaryimage","url":"https:\/\/www.eldiario.net\/portal\/wp-content\/uploads\/2024\/04\/10-NAL-1.jpg","contentUrl":"https:\/\/www.eldiario.net\/portal\/wp-content\/uploads\/2024\/04\/10-NAL-1.jpg","width":1024,"height":512,"caption":"SE ESPERA QUE LA TEMPORADA DE LLUVIAS CONCLUYA DESPU\u00c9S DEL FRENTE FR\u00cdO QUE AFECTA ESPECIALMENTE A LOS VALLES."},{"@type":"BreadcrumbList","@id":"https:\/\/www.eldiario.net\/portal\/2024\/04\/17\/bajas-temperaturas-seguiran-afectando-a-valles-y-altiplano\/#breadcrumb","itemListElement":[{"@type":"ListItem","position":1,"name":"Portada","item":"https:\/\/www.eldiario.net\/portal\/"},{"@type":"ListItem","position":2,"name":"Bajas temperaturas seguir\u00e1n afectando a valles y altiplano"}]},{"@type":"WebSite","@id":"https:\/\/www.eldiario.net\/portal\/#website","url":"https:\/\/www.eldiario.net\/portal\/","name":"El Diario - Decano de la prensa nacional","description":"El Diario - Decano de la prensa nacional","publisher":{"@id":"https:\/\/www.eldiario.net\/portal\/#organization"},"potentialAction":[{"@type":"SearchAction","target":{"@type":"EntryPoint","urlTemplate":"https:\/\/www.eldiario.net\/portal\/?s={search_term_string}"},"query-input":{"@type":"PropertyValueSpecification","valueRequired":true,"valueName":"search_term_string"}}],"inLanguage":"es"},{"@type":"Organization","@id":"https:\/\/www.eldiario.net\/portal\/#organization","name":"El Diario - Decano de la prensa nacional","url":"https:\/\/www.eldiario.net\/portal\/","logo":{"@type":"ImageObject","inLanguage":"es","@id":"https:\/\/www.eldiario.net\/portal\/#\/schema\/logo\/image\/","url":"https:\/\/www.eldiario.net\/portal\/wp-content\/uploads\/2023\/07\/logo_ED.jpg","contentUrl":"https:\/\/www.eldiario.net\/portal\/wp-content\/uploads\/2023\/07\/logo_ED.jpg","width":272,"height":52,"caption":"El Diario - Decano de la prensa nacional"},"image":{"@id":"https:\/\/www.eldiario.net\/portal\/#\/schema\/logo\/image\/"},"sameAs":["https:\/\/www.facebook.com\/eldiario.bolivia\/","https:\/\/x.com\/eldiario_net"]},{"@type":"Person","@id":"https:\/\/www.eldiario.net\/portal\/#\/schema\/person\/f46445640444750d7d753ccd04ae01b7","name":"Jeanette","image":{"@type":"ImageObject","inLanguage":"es","@id":"https:\/\/secure.gravatar.com\/avatar\/3ea2118a5f7dad2b7138b1187a6b7ee55f160b9968b66013c3a3ef39dd7e5798?s=96&d=mm&r=g","url":"https:\/\/secure.gravatar.com\/avatar\/3ea2118a5f7dad2b7138b1187a6b7ee55f160b9968b66013c3a3ef39dd7e5798?s=96&d=mm&r=g","contentUrl":"https:\/\/secure.gravatar.com\/avatar\/3ea2118a5f7dad2b7138b1187a6b7ee55f160b9968b66013c3a3ef39dd7e5798?s=96&d=mm&r=g","caption":"Jeanette"},"sameAs":["https:\/\/www.eldiario.net\/portal"],"url":"https:\/\/www.eldiario.net\/portal\/author\/jeanette\/"}]}},"_links":{"self":[{"href":"https:\/\/www.eldiario.net\/portal\/wp-json\/wp\/v2\/posts\/214858","targetHints":{"allow":["GET"]}}],"collection":[{"href":"https:\/\/www.eldiario.net\/portal\/wp-json\/wp\/v2\/posts"}],"about":[{"href":"https:\/\/www.eldiario.net\/portal\/wp-json\/wp\/v2\/types\/post"}],"author":[{"embeddable":true,"href":"https:\/\/www.eldiario.net\/portal\/wp-json\/wp\/v2\/users\/1"}],"replies":[{"embeddable":true,"href":"https:\/\/www.eldiario.net\/portal\/wp-json\/wp\/v2\/comments?post=214858"}],"version-history":[{"count":1,"href":"https:\/\/www.eldiario.net\/portal\/wp-json\/wp\/v2\/posts\/214858\/revisions"}],"predecessor-version":[{"id":214860,"href":"https:\/\/www.eldiario.net\/portal\/wp-json\/wp\/v2\/posts\/214858\/revisions\/214860"}],"wp:featuredmedia":[{"embeddable":true,"href":"https:\/\/www.eldiario.net\/portal\/wp-json\/wp\/v2\/media\/214859"}],"wp:attachment":[{"href":"https:\/\/www.eldiario.net\/portal\/wp-json\/wp\/v2\/media?parent=214858"}],"wp:term":[{"taxonomy":"category","embeddable":true,"href":"https:\/\/www.eldiario.net\/portal\/wp-json\/wp\/v2\/categories?post=214858"},{"taxonomy":"post_tag","embeddable":true,"href":"https:\/\/www.eldiario.net\/portal\/wp-json\/wp\/v2\/tags?post=214858"}],"curies":[{"name":"wp","href":"https:\/\/api.w.org\/{rel}","templated":true}]}}