{"id":214854,"date":"2024-04-17T07:10:18","date_gmt":"2024-04-17T11:10:18","guid":{"rendered":"https:\/\/www.eldiario.net\/portal\/?p=214854"},"modified":"2024-04-17T07:10:18","modified_gmt":"2024-04-17T11:10:18","slug":"convocan-a-proyecto-santa-cruz-resiliente","status":"publish","type":"post","link":"https:\/\/www.eldiario.net\/portal\/2024\/04\/17\/convocan-a-proyecto-santa-cruz-resiliente\/","title":{"rendered":"Convocan a proyecto  \u201cSanta Cruz Resiliente\u201d"},"content":{"rendered":"<p>La Secretar\u00eda de Desarrollo Sostenible y Medio Ambiente (SDSyMA) de la Gobernaci\u00f3n de Santa Cruz, aun\u00f3 esfuerzos con la organizaci\u00f3n Save The Children y la Direcci\u00f3n de Juventud, para implementar acciones en el marco de la Pol\u00edtica Departamental de Cambio Clim\u00e1tico y convocaron a la juventud a participar del proyecto \u201cSanta Cruz Resiliente &#8211; Laboratorio de Innovaci\u00f3n\u201d.<br \/>\nEn este contexto, Ana Patricia Su\u00e1rez, secretaria de Desarrollo Sostenible y Medio Ambiente del ente departamental, hizo el lanzamiento oficial del proyecto \u201cSanta Cruz Resiliente &#8211; Laboratorio de Innovaci\u00f3n\u201d, que tiene como objetivo, motivar a los ni\u00f1os, adolescentes y j\u00f3venes, involucrarse en la creaci\u00f3n de estrategias innovadoras en temas socio ambientales, que logren un cambio real y duradero en sus comunidades, municipios, el departamento y el pa\u00eds.<br \/>\n\u201cBuscamos que los adolescentes formen parte de este proyecto y se empoderen en temas socioambientales, especialmente cambio clim\u00e1tico, para que, en base a sus perspectivas, elaboren estrategias creativas que ser\u00e1n evaluadas y aprobadas, a fin de que puedan obtener financiamiento para su ejecuci\u00f3n\u201d, remarc\u00f3 la autoridad. (Santa Cruz, agencias)<\/p>\n<p>Asimismo, inform\u00f3 que en este marco, a finales de mayo se realizar\u00e1 el Segundo Encuentro Juvenil Departamental por el Clima, evento donde se conformar\u00e1 la Red Departamental de J\u00f3venes por el Clima, espacio que tambi\u00e9n ser\u00e1, aprovechado para que toda la juventud que trabaja en pro del medio ambiente, puedan tomar acciones ante esta situaci\u00f3n.<br \/>\nPor su parte, el representante de Save the Children, Nelson Ampuero, detall\u00f3 que los requisitos para formar parte del proyecto \u201cSanta Cruz Resiliente-Laboratorio de Innovaci\u00f3n\u201d son: Grupos de adolescentes conformados entre 10 a 15 personas; edad entre 13 y 18 a\u00f1os y participar en una primera fase de capacitaci\u00f3n, donde se brindar\u00e1 conocimientos y herramientas s\u00f3lidas que fortalezcan las habilidades del p\u00fablico meta, en temas de empoderamiento econ\u00f3mico, salud integral, medio ambiente, cambio clim\u00e1tico y WASH (Agua y saneamiento). Posteriormente los habilitados pasar\u00e1n a una segunda fase de elaboraci\u00f3n de proyecto socio ambientales, seguido de la fase 3 de seguimiento y conexi\u00f3n y la fase 4, capital semilla (Implementaci\u00f3n de proyectos), donde los seleccionados podr\u00e1n beneficiarse de un fondo que les permitir\u00e1 implementar sus proyectos. Estos fondos podr\u00e1n ser utilizados para la compra insumos, herramientas, materiales, entre otros.<br \/>\nLos grupos de adolescentes interesados en participar en el proyecto deber\u00e1n rellenar el formulario de inscripci\u00f3n que se encuentra en el siguiente link: https:\/\/forms.gle\/T7VYnaFakxKVy8ZZ7, hasta el 25 de abril de 2024.<\/p>\n","protected":false},"excerpt":{"rendered":"<p>La Secretar\u00eda de Desarrollo Sostenible y Medio Ambiente (SDSyMA) de la Gobernaci\u00f3n de Santa Cruz, aun\u00f3 esfuerzos con la organizaci\u00f3n Save The Children y la Direcci\u00f3n de Juventud, para implementar acciones en el marco de la Pol\u00edtica Departamental de Cambio Clim\u00e1tico y convocaron a la juventud a participar del proyecto \u201cSanta Cruz Resiliente &#8211; Laboratorio [&hellip;]<\/p>\n","protected":false},"author":1,"featured_media":194726,"comment_status":"open","ping_status":"open","sticky":false,"template":"","format":"standard","meta":{"_acf_changed":false,"footnotes":""},"categories":[12],"tags":[],"class_list":["post-214854","post","type-post","status-publish","format-standard","has-post-thumbnail","category-nacional"],"acf":{"antetitulo":""},"yoast_head":"<!-- This site is optimized with the Yoast SEO plugin v28.4 - https:\/\/yoast.com\/product\/yoast-seo-wordpress\/ -->\n<title>Convocan a proyecto \u201cSanta Cruz Resiliente\u201d - El Diario - Bolivia<\/title>\n<meta name=\"robots\" content=\"index, follow, max-snippet:-1, max-image-preview:large, max-video-preview:-1\" \/>\n<link rel=\"canonical\" href=\"https:\/\/www.eldiario.net\/portal\/2024\/04\/17\/convocan-a-proyecto-santa-cruz-resiliente\/\" \/>\n<meta property=\"og:locale\" content=\"es_ES\" \/>\n<meta property=\"og:type\" content=\"article\" \/>\n<meta property=\"og:title\" content=\"Convocan a proyecto \u201cSanta Cruz Resiliente\u201d - El Diario - Bolivia\" \/>\n<meta property=\"og:description\" content=\"La Secretar\u00eda de Desarrollo Sostenible y Medio Ambiente (SDSyMA) de la Gobernaci\u00f3n de Santa Cruz, aun\u00f3 esfuerzos con la organizaci\u00f3n Save The Children y la Direcci\u00f3n de Juventud, para implementar acciones en el marco de la Pol\u00edtica Departamental de Cambio Clim\u00e1tico y convocaron a la juventud a participar del proyecto \u201cSanta Cruz Resiliente &#8211; Laboratorio [&hellip;]\" \/>\n<meta property=\"og:url\" content=\"https:\/\/www.eldiario.net\/portal\/2024\/04\/17\/convocan-a-proyecto-santa-cruz-resiliente\/\" \/>\n<meta property=\"og:site_name\" content=\"El Diario - Bolivia\" \/>\n<meta property=\"article:publisher\" content=\"https:\/\/www.facebook.com\/eldiario.bolivia\/\" \/>\n<meta property=\"article:published_time\" content=\"2024-04-17T11:10:18+00:00\" \/>\n<meta property=\"og:image\" content=\"https:\/\/www.eldiario.net\/portal\/wp-content\/uploads\/2023\/12\/Nacional.jpg\" \/>\n\t<meta property=\"og:image:width\" content=\"800\" \/>\n\t<meta property=\"og:image:height\" content=\"500\" \/>\n\t<meta property=\"og:image:type\" content=\"image\/jpeg\" \/>\n<meta name=\"author\" content=\"Jeanette\" \/>\n<meta name=\"twitter:card\" content=\"summary_large_image\" \/>\n<meta name=\"twitter:creator\" content=\"@eldiario_net\" \/>\n<meta name=\"twitter:site\" content=\"@eldiario_net\" \/>\n<meta name=\"twitter:label1\" content=\"Escrito por\" \/>\n\t<meta name=\"twitter:data1\" content=\"Jeanette\" \/>\n\t<meta name=\"twitter:label2\" content=\"Tiempo de lectura\" \/>\n\t<meta name=\"twitter:data2\" content=\"3 minutos\" \/>\n<script type=\"application\/ld+json\" class=\"yoast-schema-graph\">{\"@context\":\"https:\\\/\\\/schema.org\",\"@graph\":[{\"@type\":\"Article\",\"@id\":\"https:\\\/\\\/www.eldiario.net\\\/portal\\\/2024\\\/04\\\/17\\\/convocan-a-proyecto-santa-cruz-resiliente\\\/#article\",\"isPartOf\":{\"@id\":\"https:\\\/\\\/www.eldiario.net\\\/portal\\\/2024\\\/04\\\/17\\\/convocan-a-proyecto-santa-cruz-resiliente\\\/\"},\"author\":{\"name\":\"Jeanette\",\"@id\":\"https:\\\/\\\/www.eldiario.net\\\/portal\\\/#\\\/schema\\\/person\\\/f46445640444750d7d753ccd04ae01b7\"},\"headline\":\"Convocan a proyecto \u201cSanta Cruz Resiliente\u201d\",\"datePublished\":\"2024-04-17T11:10:18+00:00\",\"mainEntityOfPage\":{\"@id\":\"https:\\\/\\\/www.eldiario.net\\\/portal\\\/2024\\\/04\\\/17\\\/convocan-a-proyecto-santa-cruz-resiliente\\\/\"},\"wordCount\":434,\"commentCount\":0,\"publisher\":{\"@id\":\"https:\\\/\\\/www.eldiario.net\\\/portal\\\/#organization\"},\"image\":{\"@id\":\"https:\\\/\\\/www.eldiario.net\\\/portal\\\/2024\\\/04\\\/17\\\/convocan-a-proyecto-santa-cruz-resiliente\\\/#primaryimage\"},\"thumbnailUrl\":\"https:\\\/\\\/www.eldiario.net\\\/portal\\\/wp-content\\\/uploads\\\/2023\\\/12\\\/Nacional.jpg\",\"articleSection\":[\"Nacional\"],\"inLanguage\":\"es\",\"potentialAction\":[{\"@type\":\"CommentAction\",\"name\":\"Comment\",\"target\":[\"https:\\\/\\\/www.eldiario.net\\\/portal\\\/2024\\\/04\\\/17\\\/convocan-a-proyecto-santa-cruz-resiliente\\\/#respond\"]}]},{\"@type\":\"WebPage\",\"@id\":\"https:\\\/\\\/www.eldiario.net\\\/portal\\\/2024\\\/04\\\/17\\\/convocan-a-proyecto-santa-cruz-resiliente\\\/\",\"url\":\"https:\\\/\\\/www.eldiario.net\\\/portal\\\/2024\\\/04\\\/17\\\/convocan-a-proyecto-santa-cruz-resiliente\\\/\",\"name\":\"Convocan a proyecto \u201cSanta Cruz Resiliente\u201d - El Diario - Bolivia\",\"isPartOf\":{\"@id\":\"https:\\\/\\\/www.eldiario.net\\\/portal\\\/#website\"},\"primaryImageOfPage\":{\"@id\":\"https:\\\/\\\/www.eldiario.net\\\/portal\\\/2024\\\/04\\\/17\\\/convocan-a-proyecto-santa-cruz-resiliente\\\/#primaryimage\"},\"image\":{\"@id\":\"https:\\\/\\\/www.eldiario.net\\\/portal\\\/2024\\\/04\\\/17\\\/convocan-a-proyecto-santa-cruz-resiliente\\\/#primaryimage\"},\"thumbnailUrl\":\"https:\\\/\\\/www.eldiario.net\\\/portal\\\/wp-content\\\/uploads\\\/2023\\\/12\\\/Nacional.jpg\",\"datePublished\":\"2024-04-17T11:10:18+00:00\",\"breadcrumb\":{\"@id\":\"https:\\\/\\\/www.eldiario.net\\\/portal\\\/2024\\\/04\\\/17\\\/convocan-a-proyecto-santa-cruz-resiliente\\\/#breadcrumb\"},\"inLanguage\":\"es\",\"potentialAction\":[{\"@type\":\"ReadAction\",\"target\":[\"https:\\\/\\\/www.eldiario.net\\\/portal\\\/2024\\\/04\\\/17\\\/convocan-a-proyecto-santa-cruz-resiliente\\\/\"]}]},{\"@type\":\"ImageObject\",\"inLanguage\":\"es\",\"@id\":\"https:\\\/\\\/www.eldiario.net\\\/portal\\\/2024\\\/04\\\/17\\\/convocan-a-proyecto-santa-cruz-resiliente\\\/#primaryimage\",\"url\":\"https:\\\/\\\/www.eldiario.net\\\/portal\\\/wp-content\\\/uploads\\\/2023\\\/12\\\/Nacional.jpg\",\"contentUrl\":\"https:\\\/\\\/www.eldiario.net\\\/portal\\\/wp-content\\\/uploads\\\/2023\\\/12\\\/Nacional.jpg\",\"width\":800,\"height\":500},{\"@type\":\"BreadcrumbList\",\"@id\":\"https:\\\/\\\/www.eldiario.net\\\/portal\\\/2024\\\/04\\\/17\\\/convocan-a-proyecto-santa-cruz-resiliente\\\/#breadcrumb\",\"itemListElement\":[{\"@type\":\"ListItem\",\"position\":1,\"name\":\"Portada\",\"item\":\"https:\\\/\\\/www.eldiario.net\\\/portal\\\/\"},{\"@type\":\"ListItem\",\"position\":2,\"name\":\"Convocan a proyecto \u201cSanta Cruz Resiliente\u201d\"}]},{\"@type\":\"WebSite\",\"@id\":\"https:\\\/\\\/www.eldiario.net\\\/portal\\\/#website\",\"url\":\"https:\\\/\\\/www.eldiario.net\\\/portal\\\/\",\"name\":\"El Diario - Decano de la prensa nacional\",\"description\":\"El Diario - Decano de la prensa nacional\",\"publisher\":{\"@id\":\"https:\\\/\\\/www.eldiario.net\\\/portal\\\/#organization\"},\"potentialAction\":[{\"@type\":\"SearchAction\",\"target\":{\"@type\":\"EntryPoint\",\"urlTemplate\":\"https:\\\/\\\/www.eldiario.net\\\/portal\\\/?s={search_term_string}\"},\"query-input\":{\"@type\":\"PropertyValueSpecification\",\"valueRequired\":true,\"valueName\":\"search_term_string\"}}],\"inLanguage\":\"es\"},{\"@type\":\"Organization\",\"@id\":\"https:\\\/\\\/www.eldiario.net\\\/portal\\\/#organization\",\"name\":\"El Diario - Decano de la prensa nacional\",\"url\":\"https:\\\/\\\/www.eldiario.net\\\/portal\\\/\",\"logo\":{\"@type\":\"ImageObject\",\"inLanguage\":\"es\",\"@id\":\"https:\\\/\\\/www.eldiario.net\\\/portal\\\/#\\\/schema\\\/logo\\\/image\\\/\",\"url\":\"https:\\\/\\\/www.eldiario.net\\\/portal\\\/wp-content\\\/uploads\\\/2023\\\/07\\\/logo_ED.jpg\",\"contentUrl\":\"https:\\\/\\\/www.eldiario.net\\\/portal\\\/wp-content\\\/uploads\\\/2023\\\/07\\\/logo_ED.jpg\",\"width\":272,\"height\":52,\"caption\":\"El Diario - Decano de la prensa nacional\"},\"image\":{\"@id\":\"https:\\\/\\\/www.eldiario.net\\\/portal\\\/#\\\/schema\\\/logo\\\/image\\\/\"},\"sameAs\":[\"https:\\\/\\\/www.facebook.com\\\/eldiario.bolivia\\\/\",\"https:\\\/\\\/x.com\\\/eldiario_net\"]},{\"@type\":\"Person\",\"@id\":\"https:\\\/\\\/www.eldiario.net\\\/portal\\\/#\\\/schema\\\/person\\\/f46445640444750d7d753ccd04ae01b7\",\"name\":\"Jeanette\",\"image\":{\"@type\":\"ImageObject\",\"inLanguage\":\"es\",\"@id\":\"https:\\\/\\\/secure.gravatar.com\\\/avatar\\\/3ea2118a5f7dad2b7138b1187a6b7ee55f160b9968b66013c3a3ef39dd7e5798?s=96&d=mm&r=g\",\"url\":\"https:\\\/\\\/secure.gravatar.com\\\/avatar\\\/3ea2118a5f7dad2b7138b1187a6b7ee55f160b9968b66013c3a3ef39dd7e5798?s=96&d=mm&r=g\",\"contentUrl\":\"https:\\\/\\\/secure.gravatar.com\\\/avatar\\\/3ea2118a5f7dad2b7138b1187a6b7ee55f160b9968b66013c3a3ef39dd7e5798?s=96&d=mm&r=g\",\"caption\":\"Jeanette\"},\"sameAs\":[\"https:\\\/\\\/www.eldiario.net\\\/portal\"],\"url\":\"https:\\\/\\\/www.eldiario.net\\\/portal\\\/author\\\/jeanette\\\/\"}]}<\/script>\n<!-- \/ Yoast SEO plugin. -->","yoast_head_json":{"title":"Convocan a proyecto \u201cSanta Cruz Resiliente\u201d - El Diario - Bolivia","robots":{"index":"index","follow":"follow","max-snippet":"max-snippet:-1","max-image-preview":"max-image-preview:large","max-video-preview":"max-video-preview:-1"},"canonical":"https:\/\/www.eldiario.net\/portal\/2024\/04\/17\/convocan-a-proyecto-santa-cruz-resiliente\/","og_locale":"es_ES","og_type":"article","og_title":"Convocan a proyecto \u201cSanta Cruz Resiliente\u201d - El Diario - Bolivia","og_description":"La Secretar\u00eda de Desarrollo Sostenible y Medio Ambiente (SDSyMA) de la Gobernaci\u00f3n de Santa Cruz, aun\u00f3 esfuerzos con la organizaci\u00f3n Save The Children y la Direcci\u00f3n de Juventud, para implementar acciones en el marco de la Pol\u00edtica Departamental de Cambio Clim\u00e1tico y convocaron a la juventud a participar del proyecto \u201cSanta Cruz Resiliente &#8211; Laboratorio [&hellip;]","og_url":"https:\/\/www.eldiario.net\/portal\/2024\/04\/17\/convocan-a-proyecto-santa-cruz-resiliente\/","og_site_name":"El Diario - Bolivia","article_publisher":"https:\/\/www.facebook.com\/eldiario.bolivia\/","article_published_time":"2024-04-17T11:10:18+00:00","og_image":[{"width":800,"height":500,"url":"https:\/\/www.eldiario.net\/portal\/wp-content\/uploads\/2023\/12\/Nacional.jpg","type":"image\/jpeg"}],"author":"Jeanette","twitter_card":"summary_large_image","twitter_creator":"@eldiario_net","twitter_site":"@eldiario_net","twitter_misc":{"Escrito por":"Jeanette","Tiempo de lectura":"3 minutos"},"schema":{"@context":"https:\/\/schema.org","@graph":[{"@type":"Article","@id":"https:\/\/www.eldiario.net\/portal\/2024\/04\/17\/convocan-a-proyecto-santa-cruz-resiliente\/#article","isPartOf":{"@id":"https:\/\/www.eldiario.net\/portal\/2024\/04\/17\/convocan-a-proyecto-santa-cruz-resiliente\/"},"author":{"name":"Jeanette","@id":"https:\/\/www.eldiario.net\/portal\/#\/schema\/person\/f46445640444750d7d753ccd04ae01b7"},"headline":"Convocan a proyecto \u201cSanta Cruz Resiliente\u201d","datePublished":"2024-04-17T11:10:18+00:00","mainEntityOfPage":{"@id":"https:\/\/www.eldiario.net\/portal\/2024\/04\/17\/convocan-a-proyecto-santa-cruz-resiliente\/"},"wordCount":434,"commentCount":0,"publisher":{"@id":"https:\/\/www.eldiario.net\/portal\/#organization"},"image":{"@id":"https:\/\/www.eldiario.net\/portal\/2024\/04\/17\/convocan-a-proyecto-santa-cruz-resiliente\/#primaryimage"},"thumbnailUrl":"https:\/\/www.eldiario.net\/portal\/wp-content\/uploads\/2023\/12\/Nacional.jpg","articleSection":["Nacional"],"inLanguage":"es","potentialAction":[{"@type":"CommentAction","name":"Comment","target":["https:\/\/www.eldiario.net\/portal\/2024\/04\/17\/convocan-a-proyecto-santa-cruz-resiliente\/#respond"]}]},{"@type":"WebPage","@id":"https:\/\/www.eldiario.net\/portal\/2024\/04\/17\/convocan-a-proyecto-santa-cruz-resiliente\/","url":"https:\/\/www.eldiario.net\/portal\/2024\/04\/17\/convocan-a-proyecto-santa-cruz-resiliente\/","name":"Convocan a proyecto \u201cSanta Cruz Resiliente\u201d - El Diario - Bolivia","isPartOf":{"@id":"https:\/\/www.eldiario.net\/portal\/#website"},"primaryImageOfPage":{"@id":"https:\/\/www.eldiario.net\/portal\/2024\/04\/17\/convocan-a-proyecto-santa-cruz-resiliente\/#primaryimage"},"image":{"@id":"https:\/\/www.eldiario.net\/portal\/2024\/04\/17\/convocan-a-proyecto-santa-cruz-resiliente\/#primaryimage"},"thumbnailUrl":"https:\/\/www.eldiario.net\/portal\/wp-content\/uploads\/2023\/12\/Nacional.jpg","datePublished":"2024-04-17T11:10:18+00:00","breadcrumb":{"@id":"https:\/\/www.eldiario.net\/portal\/2024\/04\/17\/convocan-a-proyecto-santa-cruz-resiliente\/#breadcrumb"},"inLanguage":"es","potentialAction":[{"@type":"ReadAction","target":["https:\/\/www.eldiario.net\/portal\/2024\/04\/17\/convocan-a-proyecto-santa-cruz-resiliente\/"]}]},{"@type":"ImageObject","inLanguage":"es","@id":"https:\/\/www.eldiario.net\/portal\/2024\/04\/17\/convocan-a-proyecto-santa-cruz-resiliente\/#primaryimage","url":"https:\/\/www.eldiario.net\/portal\/wp-content\/uploads\/2023\/12\/Nacional.jpg","contentUrl":"https:\/\/www.eldiario.net\/portal\/wp-content\/uploads\/2023\/12\/Nacional.jpg","width":800,"height":500},{"@type":"BreadcrumbList","@id":"https:\/\/www.eldiario.net\/portal\/2024\/04\/17\/convocan-a-proyecto-santa-cruz-resiliente\/#breadcrumb","itemListElement":[{"@type":"ListItem","position":1,"name":"Portada","item":"https:\/\/www.eldiario.net\/portal\/"},{"@type":"ListItem","position":2,"name":"Convocan a proyecto \u201cSanta Cruz Resiliente\u201d"}]},{"@type":"WebSite","@id":"https:\/\/www.eldiario.net\/portal\/#website","url":"https:\/\/www.eldiario.net\/portal\/","name":"El Diario - Decano de la prensa nacional","description":"El Diario - Decano de la prensa nacional","publisher":{"@id":"https:\/\/www.eldiario.net\/portal\/#organization"},"potentialAction":[{"@type":"SearchAction","target":{"@type":"EntryPoint","urlTemplate":"https:\/\/www.eldiario.net\/portal\/?s={search_term_string}"},"query-input":{"@type":"PropertyValueSpecification","valueRequired":true,"valueName":"search_term_string"}}],"inLanguage":"es"},{"@type":"Organization","@id":"https:\/\/www.eldiario.net\/portal\/#organization","name":"El Diario - Decano de la prensa nacional","url":"https:\/\/www.eldiario.net\/portal\/","logo":{"@type":"ImageObject","inLanguage":"es","@id":"https:\/\/www.eldiario.net\/portal\/#\/schema\/logo\/image\/","url":"https:\/\/www.eldiario.net\/portal\/wp-content\/uploads\/2023\/07\/logo_ED.jpg","contentUrl":"https:\/\/www.eldiario.net\/portal\/wp-content\/uploads\/2023\/07\/logo_ED.jpg","width":272,"height":52,"caption":"El Diario - Decano de la prensa nacional"},"image":{"@id":"https:\/\/www.eldiario.net\/portal\/#\/schema\/logo\/image\/"},"sameAs":["https:\/\/www.facebook.com\/eldiario.bolivia\/","https:\/\/x.com\/eldiario_net"]},{"@type":"Person","@id":"https:\/\/www.eldiario.net\/portal\/#\/schema\/person\/f46445640444750d7d753ccd04ae01b7","name":"Jeanette","image":{"@type":"ImageObject","inLanguage":"es","@id":"https:\/\/secure.gravatar.com\/avatar\/3ea2118a5f7dad2b7138b1187a6b7ee55f160b9968b66013c3a3ef39dd7e5798?s=96&d=mm&r=g","url":"https:\/\/secure.gravatar.com\/avatar\/3ea2118a5f7dad2b7138b1187a6b7ee55f160b9968b66013c3a3ef39dd7e5798?s=96&d=mm&r=g","contentUrl":"https:\/\/secure.gravatar.com\/avatar\/3ea2118a5f7dad2b7138b1187a6b7ee55f160b9968b66013c3a3ef39dd7e5798?s=96&d=mm&r=g","caption":"Jeanette"},"sameAs":["https:\/\/www.eldiario.net\/portal"],"url":"https:\/\/www.eldiario.net\/portal\/author\/jeanette\/"}]}},"_links":{"self":[{"href":"https:\/\/www.eldiario.net\/portal\/wp-json\/wp\/v2\/posts\/214854","targetHints":{"allow":["GET"]}}],"collection":[{"href":"https:\/\/www.eldiario.net\/portal\/wp-json\/wp\/v2\/posts"}],"about":[{"href":"https:\/\/www.eldiario.net\/portal\/wp-json\/wp\/v2\/types\/post"}],"author":[{"embeddable":true,"href":"https:\/\/www.eldiario.net\/portal\/wp-json\/wp\/v2\/users\/1"}],"replies":[{"embeddable":true,"href":"https:\/\/www.eldiario.net\/portal\/wp-json\/wp\/v2\/comments?post=214854"}],"version-history":[{"count":1,"href":"https:\/\/www.eldiario.net\/portal\/wp-json\/wp\/v2\/posts\/214854\/revisions"}],"predecessor-version":[{"id":214855,"href":"https:\/\/www.eldiario.net\/portal\/wp-json\/wp\/v2\/posts\/214854\/revisions\/214855"}],"wp:featuredmedia":[{"embeddable":true,"href":"https:\/\/www.eldiario.net\/portal\/wp-json\/wp\/v2\/media\/194726"}],"wp:attachment":[{"href":"https:\/\/www.eldiario.net\/portal\/wp-json\/wp\/v2\/media?parent=214854"}],"wp:term":[{"taxonomy":"category","embeddable":true,"href":"https:\/\/www.eldiario.net\/portal\/wp-json\/wp\/v2\/categories?post=214854"},{"taxonomy":"post_tag","embeddable":true,"href":"https:\/\/www.eldiario.net\/portal\/wp-json\/wp\/v2\/tags?post=214854"}],"curies":[{"name":"wp","href":"https:\/\/api.w.org\/{rel}","templated":true}]}}